{"id":19771,"date":"2024-12-05T10:00:00","date_gmt":"2024-12-05T09:00:00","guid":{"rendered":"https:\/\/www.bandi.pl\/blog\/?p=19771"},"modified":"2024-12-04T16:25:18","modified_gmt":"2024-12-04T15:25:18","slug":"maslo-do-ciala-idealny-kosmetyk-na-zime","status":"publish","type":"post","link":"https:\/\/www.bandi.pl\/blog\/maslo-do-ciala-idealny-kosmetyk-na-zime\/","title":{"rendered":"Mas\u0142o do cia\u0142a &#8211; idealny kosmetyk na zim\u0119"},"content":{"rendered":"\n<p>Przesuszenie, szorstko\u015b\u0107, uczucie sw\u0119dzenia i \u0142uszczenie si\u0119 nask\u00f3rka to objawy, kt\u00f3re cz\u0119sto pojawiaj\u0105 si\u0119 na sk\u00f3rze w okresie jesienno-zimowym. Najbardziej nara\u017cona jest sk\u00f3ra twarzy i d\u0142onie, bezpo\u015brednio wystawione na wp\u0142yw czynnik\u00f3w zewn\u0119trznych. Jednak i sk\u00f3ra cia\u0142a cz\u0119sto bywa w nie najlepszej kondycji. Aby zredukowa\u0107 te niekorzystne objawy, jesieni\u0105 i zim\u0105 warto do piel\u0119gnacji wprowadzi\u0107 kosmetyki wspieraj\u0105ce funkcje barierowe sk\u00f3ry \u2013 regeneruj\u0105cy krem do twarzy, ochronny krem do r\u0105k i od\u017cywcze mas\u0142o do cia\u0142a.<\/p>\n\n\n\n<h2 class=\"wp-block-heading\">Co szkodzi sk\u00f3rze?<\/h2>\n\n\n\n<p>Przyczyn\u0105 problem\u00f3w z przesuszon\u0105, \u0142uszcz\u0105c\u0105 si\u0119 sk\u00f3r\u0105 jest przede wszystkim uszkodzenie jej naturalnej bariery ochronnej. Pod wp\u0142ywem niekorzystnych czynnik\u00f3w zewn\u0119trznych (niskie temperatury, suche powietrze ogrzewanych pomieszcze\u0144, gor\u0105ce k\u0105piele) zachodz\u0105 zmiany zar\u00f3wno w obr\u0119bie cementu mi\u0119dzykom\u00f3rkowego, odpowiadaj\u0105cego za sp\u00f3jno\u015b\u0107 warstwy rogowej nask\u00f3rka, jak i p\u0142aszcza hydrolipidowego. Skutkiem tego jest nadmierna transepidermalna utrata wody i wi\u0119ksza wra\u017cliwo\u015b\u0107 sk\u00f3ry na oddzia\u0142ywanie czynnik\u00f3w zewn\u0119trznych. Mog\u0105 tak\u017ce pojawi\u0107 si\u0119 podra\u017cnienia i uczucie sw\u0119dzenia.<\/p>\n\n\n\n<h2 class=\"wp-block-heading\">Od\u017cywcze mas\u0142o do cia\u0142a<\/h2>\n\n\n\n<p>Ratunkiem dla sk\u00f3ry cia\u0142a w okresie jesienno-zimowym s\u0105 preparaty od\u017cywcze, regeneruj\u0105ce, wielopoziomowo chroni\u0105ce nawil\u017cenie sk\u00f3ry, jak <a href=\"https:\/\/www.bandi.pl\/sklep\/masla\/maslo-do-ciala-silnie-regenerujace-1133\/\">Mas\u0142o do cia\u0142a z linii Body Care<\/a>. To kosmetyk, kt\u00f3ry zawiera w sk\u0142adzie liczne substancje aktywne:<\/p>\n\n\n\n<ul class=\"wp-block-list\">\n<li>wi\u0105\u017c\u0105ce wod\u0119 w nask\u00f3rku \u2013 kwas laktobionowy, mocznik,<\/li>\n\n\n\n<li>wzmacniaj\u0105ce funkcje bariery nask\u00f3rkowej \u2013 fitoceramidy, niacynamid,<\/li>\n\n\n\n<li>ochronne i poprawiaj\u0105ce stan p\u0142aszcza hydrolipidowego \u2013 olej migda\u0142owy, witamina E,<\/li>\n\n\n\n<li>\u0142agodz\u0105ce podra\u017cnienia i \u015bwi\u0105d \u2013 peptydy z ry\u017cu.<\/li>\n<\/ul>\n\n\n\n<p>Dzi\u0119ki nim mas\u0142o intensywnie regeneruje i wyg\u0142adza nask\u00f3rek, d\u0142ugotrwale nawil\u017ca, redukuje szorstko\u015b\u0107, spierzchni\u0119cie i \u0142uszczenie sk\u00f3ry, \u0142agodzi podra\u017cnienia. Ju\u017c po jednym zastosowaniu pozostawia sk\u00f3r\u0119 aksamitn\u0105 w dotyku, a przy tym jest niet\u0142uste.&nbsp;<\/p>\n\n\n\n<h2 class=\"wp-block-heading\">A mo\u017ce lekki balsam?<\/h2>\n\n\n\n<p>Je\u015bli wolimy jeszcze l\u017cejsze konsystencje stosowanych kosmetyk\u00f3w Mas\u0142o do cia\u0142a mo\u017cna zast\u0105pi\u0107 <a href=\"https:\/\/www.bandi.pl\/sklep\/balsamy\/balsam-do-ciala-silnie-nawilzajacy-1134\/\">Balsamem do cia\u0142a z linii Body Care<\/a>. To kosmetyk, kt\u00f3ry zawiera nie tylko liczne substancje o silnych w\u0142a\u015bciwo\u015bciach nawil\u017caj\u0105cych (kwas hialuronowy, mocznik, trehzloza) i od\u017cywczych (olej passiflora mas\u0142o shea), ale tak\u017ce sk\u0142adniki \u0142agodnie z\u0142uszczaj\u0105ce (azeloglicyna, keratolina), pomagaj\u0105ce regulowa\u0107 proces odnowy kom\u00f3rkowej. Balsam wyra\u017anie zmniejsza szorstko\u015b\u0107 nask\u00f3rka. D\u0142ugotrwale nawil\u017ca, pomaga redukowa\u0107 objawy <a href=\"https:\/\/www.bandi.pl\/blog\/rogowacenie-mieszkowe-obraz-kliniczny-i-wskazowki-pielegnacyjne\/\">rogowacenia mieszkowego<\/a>, kt\u00f3re cz\u0119sto w okresie jesienno-zimowym ulega nasilenia. Zw\u0142aszcza na udach i ramionach.<\/p>\n\n\n\n<h2 class=\"wp-block-heading\">O co jeszcze warto zadba\u0107?<\/h2>\n\n\n\n<p>Prawid\u0142owa piel\u0119gnacja sk\u00f3ry jest niezwykle istotna dla zachowania jej dobrej kondycji w czasie jesieni i zimy. To jednak nie wszystko co mo\u017cemy zrobi\u0107. Warto zadba\u0107 tak\u017ce o dobr\u0105 diet\u0119 i spo\u017cywanie odpowiedniej ilo\u015bci wody. Przyjmowane pokarmy powinny by\u0107 bogate w witaminy z grupy B, kt\u00f3re sprzyjaj\u0105 regeneracji kom\u00f3rek, witamin\u0119 A, kt\u00f3ra wp\u0142ywa na proces rogowacenia nask\u00f3rka i antyoksydacyjnie dzia\u0142aj\u0105ce witaminy: E i C. Warto r\u00f3wnie\u017c zadba\u0107 o&nbsp;poda\u017c niezb\u0119dnych nienasyconych kwas\u00f3w t\u0142uszczowych, kt\u00f3re wspomagaj\u0105 funkcje barierowe sk\u00f3ry i czyni\u0105 j\u0105 bardziej odporn\u0105 na wp\u0142yw czynnik\u00f3w zewn\u0119trznych.<\/p>\n\n\n\n<p>Jesie\u0144 i zima to trudny okres dla sk\u00f3ry. Dlatego w tym czasie warto po\u015bwi\u0119ci\u0107 nieco wi\u0119cej uwagi jej piel\u0119gnacji. Si\u0119gaj\u0105c regularnie po mas\u0142o do cia\u0142a i inne kosmetyki od\u017cywczo-regeneruj\u0105ce unikniemy przesuszenia sk\u00f3ry i jej podra\u017cnie\u0144.<\/p>\n\n\n\n<div class=\"wp-block-divi-layout\">[et_pb_section fb_built=&#8221;1&#8243; theme_builder_area=&#8221;post_content&#8221; _builder_version=&#8221;4.22.2&#8243; _module_preset=&#8221;default&#8221;][\/et_pb_section][et_pb_section fb_built=&#8221;1&#8243; _builder_version=&#8221;4.16&#8243; top_divider_style=&#8221;arrow&#8221; top_divider_color=&#8221;rgba(255,166,168,0.75)&#8221; top_divider_height=&#8221;1px&#8221; bottom_divider_style=&#8221;arrow&#8221; bottom_divider_color=&#8221;rgba(255,166,168,0.75)&#8221; bottom_divider_height=&#8221;1px&#8221; global_colors_info=&#8221;{}&#8221; theme_builder_area=&#8221;post_content&#8221;][et_pb_row column_structure=&#8221;1_2,1_2&#8243; _builder_version=&#8221;4.16&#8243; width=&#8221;100%&#8221; module_alignment=&#8221;left&#8221; custom_margin=&#8221;||||false|false&#8221; global_colors_info=&#8221;{}&#8221; theme_builder_area=&#8221;post_content&#8221;][et_pb_column type=&#8221;1_2&#8243; _builder_version=&#8221;4.16&#8243; global_colors_info=&#8221;{}&#8221; theme_builder_area=&#8221;post_content&#8221;][et_pb_text _builder_version=&#8221;4.22.2&#8243; text_font=&#8221;Raleway Bold||||||||&#8221; text_text_color=&#8221;rgba(255,166,168,0.75)&#8221; text_font_size=&#8221;55px&#8221; text_letter_spacing=&#8221;9px&#8221; text_line_height=&#8221;1em&#8221; header_font_size=&#8221;39px&#8221; min_height=&#8221;23px&#8221; custom_margin=&#8221;40px||||false|false&#8221; link_option_url=&#8221;https:\/\/www.bandi.pl\/sklep\/katalog\/seria\/108_body-care-professional\/&#8221; hover_enabled=&#8221;0&#8243; inline_fonts=&#8221;Raleway Bold&#8221; global_colors_info=&#8221;{}&#8221; theme_builder_area=&#8221;post_content&#8221; sticky_enabled=&#8221;0&#8243;]<p style=\"text-align: center;\"><span style=\"font-size: xx-large; font-family: inherit; font-weight: normal;\"><strong>BODY CARE PROFESSIONAL<\/strong><\/span><\/p>\n<p style=\"text-align: center;\"><span style=\"font-size: xx-large; font-family: inherit; font-weight: normal;\"><strong><\/strong><\/span><\/p>[\/et_pb_text][et_pb_text _builder_version=&#8221;4.22.2&#8243; text_font=&#8221;Raleway Regular||||||||&#8221; text_text_color=&#8221;#b8b8b8&#8243; text_font_size=&#8221;22px&#8221; text_line_height=&#8221;1.5em&#8221; link_option_url=&#8221;https:\/\/www.bandi.pl\/sklep\/katalog\/seria\/108_body-care-professional\/&#8221; hover_enabled=&#8221;0&#8243; global_colors_info=&#8221;{}&#8221; theme_builder_area=&#8221;post_content&#8221; sticky_enabled=&#8221;0&#8243;]<p style=\"text-align: center;\">Wszystko czego potrzebuje sk\u00f3ra cia\u0142a w okresie jesienno-zimowym<\/p>[\/et_pb_text][et_pb_button button_url=&#8221;https:\/\/www.bandi.pl\/sklep\/katalog\/seria\/108_body-care-professional\/&#8221; button_text=&#8221;ZOBACZ&#8221; button_alignment=&#8221;center&#8221; disabled_on=&#8221;off|off|off&#8221; _builder_version=&#8221;4.22.2&#8243; custom_button=&#8221;on&#8221; button_text_size=&#8221;20px&#8221; button_text_color=&#8221;#ffffff&#8221; button_border_radius=&#8221;25px&#8221; button_font=&#8221;Bree Serif||||||||&#8221; background_layout=&#8221;dark&#8221; custom_padding=&#8221;12px|30px|12px|30px|true|true&#8221; hover_transition_duration=&#8221;0ms&#8221; hover_enabled=&#8221;0&#8243; box_shadow_style=&#8221;preset3&#8243; global_colors_info=&#8221;{}&#8221; theme_builder_area=&#8221;post_content&#8221; sticky_enabled=&#8221;0&#8243;][\/et_pb_button][\/et_pb_column][et_pb_column type=&#8221;1_2&#8243; _builder_version=&#8221;4.16&#8243; global_colors_info=&#8221;{}&#8221; theme_builder_area=&#8221;post_content&#8221;][et_pb_image src=&#8221;https:\/\/www.bandi.pl\/blog\/wp-content\/uploads\/2024\/12\/Bandi-7069.jpg&#8221; title_text=&#8221;Bandi-7069&#8243; url=&#8221;https:\/\/www.bandi.pl\/sklep\/katalog\/seria\/108_body-care-professional\/&#8221; align=&#8221;center&#8221; _builder_version=&#8221;4.22.2&#8243; width=&#8221;100%&#8221; hover_enabled=&#8221;0&#8243; global_colors_info=&#8221;{}&#8221; theme_builder_area=&#8221;post_content&#8221; sticky_enabled=&#8221;0&#8243;][\/et_pb_image][\/et_pb_column][\/et_pb_row][\/et_pb_section]<\/div>\n\n\n\n<div class=\"wp-block-divi-layout\">[et_pb_section admin_label=&#8221;section&#8221;][et_pb_row admin_label=&#8221;row&#8221;][\/et_pb_row][\/et_pb_section]<\/div>\n","protected":false},"excerpt":{"rendered":"<p>Przesuszenie, szorstko\u015b\u0107, uczucie sw\u0119dzenia i \u0142uszczenie si\u0119 nask\u00f3rka to objawy, kt\u00f3re cz\u0119sto pojawiaj\u0105 si\u0119 na sk\u00f3rze w okresie jesienno-zimowym. Najbardziej nara\u017cona jest sk\u00f3ra twarzy i d\u0142onie, bezpo\u015brednio wystawione na wp\u0142yw czynnik\u00f3w zewn\u0119trznych. Jednak i sk\u00f3ra cia\u0142a cz\u0119sto bywa w nie najlepszej kondycji. Aby zredukowa\u0107 te niekorzystne objawy, jesieni\u0105 i zim\u0105 warto do piel\u0119gnacji wprowadzi\u0107 kosmetyki [&hellip;]<\/p>\n","protected":false},"author":13,"featured_media":19775,"comment_status":"open","ping_status":"closed","sticky":false,"template":"","format":"standard","meta":{"_et_pb_use_builder":"off","_et_pb_old_content":"","_et_gb_content_width":"","footnotes":""},"categories":[2775,1817],"tags":[8484,8549,8550,3445,5839,6698,3198,6986,4232,8545,8546,58,91,4230,8485,94],"class_list":["post-19771","post","type-post","status-publish","format-standard","has-post-thumbnail","hentry","category-ilona-kiraga","category-kategoria-pielegnacja-i-kosmetyki","tag-balsam-do-ciala","tag-balsam-nawilzajacy","tag-balsam-odzywczy","tag-bandi","tag-bariera-hydrolipidowa","tag-body","tag-ceramidy","tag-kosmetyki-do-ciala-2","tag-kosmetyki-profesjonalne","tag-krostki-na-ramionach","tag-krostki-na-udach","tag-kwas-hialuronowy","tag-mocznik","tag-pielegnacja-profesjonalna","tag-rogowacenie-okolomieszkowe","tag-sucha-skora"],"yoast_head":"<!-- This site is optimized with the Yoast SEO plugin v27.1.1 - https:\/\/yoast.com\/product\/yoast-seo-wordpress\/ -->\n<title>Mas\u0142o do cia\u0142a - idealny kosmetyk na zim\u0119 &#187; Blog BANDI<\/title>\n<meta name=\"description\" content=\"Ratunkiem dla sk\u00f3ry cia\u0142a w okresie jesienno-zimowym s\u0105 preparaty od\u017cywcze, regeneruj\u0105ce, wielopoziomowo chroni\u0105ce nawil\u017cenie sk\u00f3ry, jak Mas\u0142o do cia\u0142a z linii Body Care.\" \/>\n<meta name=\"robots\" content=\"index, follow, max-snippet:-1, max-image-preview:large, max-video-preview:-1\" \/>\n<link rel=\"canonical\" href=\"https:\/\/www.bandi.pl\/blog\/maslo-do-ciala-idealny-kosmetyk-na-zime\/\" \/>\n<meta property=\"og:locale\" content=\"pl_PL\" \/>\n<meta property=\"og:type\" content=\"article\" \/>\n<meta property=\"og:title\" content=\"Mas\u0142o do cia\u0142a - idealny kosmetyk na zim\u0119 &#187; Blog BANDI\" \/>\n<meta property=\"og:description\" content=\"Ratunkiem dla sk\u00f3ry cia\u0142a w okresie jesienno-zimowym s\u0105 preparaty od\u017cywcze, regeneruj\u0105ce, wielopoziomowo chroni\u0105ce nawil\u017cenie sk\u00f3ry, jak Mas\u0142o do cia\u0142a z linii Body Care.\" \/>\n<meta property=\"og:url\" content=\"https:\/\/www.bandi.pl\/blog\/maslo-do-ciala-idealny-kosmetyk-na-zime\/\" \/>\n<meta property=\"og:site_name\" content=\"Blog BANDI\" \/>\n<meta property=\"article:publisher\" content=\"https:\/\/web.facebook.com\/BANDIcosmetics\" \/>\n<meta property=\"article:published_time\" content=\"2024-12-05T09:00:00+00:00\" \/>\n<meta property=\"og:image\" content=\"https:\/\/www.bandi.pl\/blog\/wp-content\/uploads\/2024\/12\/Projekt-bez-nazwy-4-705x500.png\" \/>\n\t<meta property=\"og:image:width\" content=\"705\" \/>\n\t<meta property=\"og:image:height\" content=\"500\" \/>\n\t<meta property=\"og:image:type\" content=\"image\/png\" \/>\n<meta name=\"author\" content=\"Ilona Kiraga\" \/>\n<meta name=\"twitter:card\" content=\"summary_large_image\" \/>\n<meta name=\"twitter:creator\" content=\"@bandi_cosmetics\" \/>\n<meta name=\"twitter:site\" content=\"@bandi_cosmetics\" \/>\n<meta name=\"twitter:label1\" content=\"Napisane przez\" \/>\n\t<meta name=\"twitter:data1\" content=\"Ilona Kiraga\" \/>\n\t<meta name=\"twitter:label2\" content=\"Szacowany czas czytania\" \/>\n\t<meta name=\"twitter:data2\" content=\"4 minuty\" \/>\n<script type=\"application\/ld+json\" class=\"yoast-schema-graph\">{\"@context\":\"https:\/\/schema.org\",\"@graph\":[{\"@type\":\"Article\",\"@id\":\"https:\/\/www.bandi.pl\/blog\/maslo-do-ciala-idealny-kosmetyk-na-zime\/#article\",\"isPartOf\":{\"@id\":\"https:\/\/www.bandi.pl\/blog\/maslo-do-ciala-idealny-kosmetyk-na-zime\/\"},\"author\":{\"name\":\"Ilona Kiraga\",\"@id\":\"https:\/\/www.bandi.pl\/blog\/#\/schema\/person\/5ba05af1a18c58f1c31d4ae051ec9499\"},\"headline\":\"Mas\u0142o do cia\u0142a &#8211; idealny kosmetyk na zim\u0119\",\"datePublished\":\"2024-12-05T09:00:00+00:00\",\"mainEntityOfPage\":{\"@id\":\"https:\/\/www.bandi.pl\/blog\/maslo-do-ciala-idealny-kosmetyk-na-zime\/\"},\"wordCount\":1002,\"commentCount\":0,\"publisher\":{\"@id\":\"https:\/\/www.bandi.pl\/blog\/#organization\"},\"image\":{\"@id\":\"https:\/\/www.bandi.pl\/blog\/maslo-do-ciala-idealny-kosmetyk-na-zime\/#primaryimage\"},\"thumbnailUrl\":\"https:\/\/www.bandi.pl\/blog\/wp-content\/uploads\/2024\/12\/Projekt-bez-nazwy-4.png\",\"keywords\":[\"balsam do cia\u0142a\",\"balsam nawil\u017caj\u0105cy\",\"balsam od\u017cywczy\",\"Bandi\",\"bariera hydrolipidowa\",\"body\",\"ceramidy\",\"kosmetyki do cia\u0142a\",\"kosmetyki profesjonalne\",\"krostki na ramionach\",\"krostki na udach\",\"kwas hialuronowy\",\"mocznik\",\"piel\u0119gnacja profesjonalna\",\"rogowacenie oko\u0142omieszkowe\",\"sucha sk\u00f3ra\"],\"articleSection\":[\"Ilona Kiraga\",\"Piel\u0119gnacja i kosmetyki\"],\"inLanguage\":\"pl-PL\",\"potentialAction\":[{\"@type\":\"CommentAction\",\"name\":\"Comment\",\"target\":[\"https:\/\/www.bandi.pl\/blog\/maslo-do-ciala-idealny-kosmetyk-na-zime\/#respond\"]}]},{\"@type\":\"WebPage\",\"@id\":\"https:\/\/www.bandi.pl\/blog\/maslo-do-ciala-idealny-kosmetyk-na-zime\/\",\"url\":\"https:\/\/www.bandi.pl\/blog\/maslo-do-ciala-idealny-kosmetyk-na-zime\/\",\"name\":\"Mas\u0142o do cia\u0142a - idealny kosmetyk na zim\u0119 &#187; Blog BANDI\",\"isPartOf\":{\"@id\":\"https:\/\/www.bandi.pl\/blog\/#website\"},\"primaryImageOfPage\":{\"@id\":\"https:\/\/www.bandi.pl\/blog\/maslo-do-ciala-idealny-kosmetyk-na-zime\/#primaryimage\"},\"image\":{\"@id\":\"https:\/\/www.bandi.pl\/blog\/maslo-do-ciala-idealny-kosmetyk-na-zime\/#primaryimage\"},\"thumbnailUrl\":\"https:\/\/www.bandi.pl\/blog\/wp-content\/uploads\/2024\/12\/Projekt-bez-nazwy-4.png\",\"datePublished\":\"2024-12-05T09:00:00+00:00\",\"description\":\"Ratunkiem dla sk\u00f3ry cia\u0142a w okresie jesienno-zimowym s\u0105 preparaty od\u017cywcze, regeneruj\u0105ce, wielopoziomowo chroni\u0105ce nawil\u017cenie sk\u00f3ry, jak Mas\u0142o do cia\u0142a z linii Body Care.\",\"breadcrumb\":{\"@id\":\"https:\/\/www.bandi.pl\/blog\/maslo-do-ciala-idealny-kosmetyk-na-zime\/#breadcrumb\"},\"inLanguage\":\"pl-PL\",\"potentialAction\":[{\"@type\":\"ReadAction\",\"target\":[\"https:\/\/www.bandi.pl\/blog\/maslo-do-ciala-idealny-kosmetyk-na-zime\/\"]}]},{\"@type\":\"ImageObject\",\"inLanguage\":\"pl-PL\",\"@id\":\"https:\/\/www.bandi.pl\/blog\/maslo-do-ciala-idealny-kosmetyk-na-zime\/#primaryimage\",\"url\":\"https:\/\/www.bandi.pl\/blog\/wp-content\/uploads\/2024\/12\/Projekt-bez-nazwy-4.png\",\"contentUrl\":\"https:\/\/www.bandi.pl\/blog\/wp-content\/uploads\/2024\/12\/Projekt-bez-nazwy-4.png\",\"width\":1748,\"height\":1240,\"caption\":\"mas\u0142o do cia\u0142a\"},{\"@type\":\"BreadcrumbList\",\"@id\":\"https:\/\/www.bandi.pl\/blog\/maslo-do-ciala-idealny-kosmetyk-na-zime\/#breadcrumb\",\"itemListElement\":[{\"@type\":\"ListItem\",\"position\":1,\"name\":\"BANDI\",\"item\":\"https:\/\/www.bandi.pl\/blog\/\"},{\"@type\":\"ListItem\",\"position\":2,\"name\":\"Mas\u0142o do cia\u0142a &#8211; idealny kosmetyk na zim\u0119\"}]},{\"@type\":\"WebSite\",\"@id\":\"https:\/\/www.bandi.pl\/blog\/#website\",\"url\":\"https:\/\/www.bandi.pl\/blog\/\",\"name\":\"Blog BANDI\",\"description\":\"Czarno na bia\u0142ym o kosmetykach\",\"publisher\":{\"@id\":\"https:\/\/www.bandi.pl\/blog\/#organization\"},\"potentialAction\":[{\"@type\":\"SearchAction\",\"target\":{\"@type\":\"EntryPoint\",\"urlTemplate\":\"https:\/\/www.bandi.pl\/blog\/?s={search_term_string}\"},\"query-input\":{\"@type\":\"PropertyValueSpecification\",\"valueRequired\":true,\"valueName\":\"search_term_string\"}}],\"inLanguage\":\"pl-PL\"},{\"@type\":\"Organization\",\"@id\":\"https:\/\/www.bandi.pl\/blog\/#organization\",\"name\":\"BANDI\",\"url\":\"https:\/\/www.bandi.pl\/blog\/\",\"logo\":{\"@type\":\"ImageObject\",\"inLanguage\":\"pl-PL\",\"@id\":\"https:\/\/www.bandi.pl\/blog\/#\/schema\/logo\/image\/\",\"url\":\"https:\/\/www.bandi.pl\/blog\/wp-content\/uploads\/2019\/06\/bandi-logo.png\",\"contentUrl\":\"https:\/\/www.bandi.pl\/blog\/wp-content\/uploads\/2019\/06\/bandi-logo.png\",\"width\":264,\"height\":111,\"caption\":\"BANDI\"},\"image\":{\"@id\":\"https:\/\/www.bandi.pl\/blog\/#\/schema\/logo\/image\/\"},\"sameAs\":[\"https:\/\/web.facebook.com\/BANDIcosmetics\",\"https:\/\/x.com\/bandi_cosmetics\",\"https:\/\/www.instagram.com\/bandi_cosmetics\/\",\"https:\/\/www.pinterest.com\/bandicosmetics\/\",\"https:\/\/www.youtube.com\/user\/BandiCosmeticsPolska\"]},{\"@type\":\"Person\",\"@id\":\"https:\/\/www.bandi.pl\/blog\/#\/schema\/person\/5ba05af1a18c58f1c31d4ae051ec9499\",\"name\":\"Ilona Kiraga\"}]}<\/script>\n<!-- \/ Yoast SEO plugin. -->","yoast_head_json":{"title":"Mas\u0142o do cia\u0142a - idealny kosmetyk na zim\u0119 &#187; Blog BANDI","description":"Ratunkiem dla sk\u00f3ry cia\u0142a w okresie jesienno-zimowym s\u0105 preparaty od\u017cywcze, regeneruj\u0105ce, wielopoziomowo chroni\u0105ce nawil\u017cenie sk\u00f3ry, jak Mas\u0142o do cia\u0142a z linii Body Care.","robots":{"index":"index","follow":"follow","max-snippet":"max-snippet:-1","max-image-preview":"max-image-preview:large","max-video-preview":"max-video-preview:-1"},"canonical":"https:\/\/www.bandi.pl\/blog\/maslo-do-ciala-idealny-kosmetyk-na-zime\/","og_locale":"pl_PL","og_type":"article","og_title":"Mas\u0142o do cia\u0142a - idealny kosmetyk na zim\u0119 &#187; Blog BANDI","og_description":"Ratunkiem dla sk\u00f3ry cia\u0142a w okresie jesienno-zimowym s\u0105 preparaty od\u017cywcze, regeneruj\u0105ce, wielopoziomowo chroni\u0105ce nawil\u017cenie sk\u00f3ry, jak Mas\u0142o do cia\u0142a z linii Body Care.","og_url":"https:\/\/www.bandi.pl\/blog\/maslo-do-ciala-idealny-kosmetyk-na-zime\/","og_site_name":"Blog BANDI","article_publisher":"https:\/\/web.facebook.com\/BANDIcosmetics","article_published_time":"2024-12-05T09:00:00+00:00","og_image":[{"width":705,"height":500,"url":"https:\/\/www.bandi.pl\/blog\/wp-content\/uploads\/2024\/12\/Projekt-bez-nazwy-4-705x500.png","type":"image\/png"}],"author":"Ilona Kiraga","twitter_card":"summary_large_image","twitter_creator":"@bandi_cosmetics","twitter_site":"@bandi_cosmetics","twitter_misc":{"Napisane przez":"Ilona Kiraga","Szacowany czas czytania":"4 minuty"},"schema":{"@context":"https:\/\/schema.org","@graph":[{"@type":"Article","@id":"https:\/\/www.bandi.pl\/blog\/maslo-do-ciala-idealny-kosmetyk-na-zime\/#article","isPartOf":{"@id":"https:\/\/www.bandi.pl\/blog\/maslo-do-ciala-idealny-kosmetyk-na-zime\/"},"author":{"name":"Ilona Kiraga","@id":"https:\/\/www.bandi.pl\/blog\/#\/schema\/person\/5ba05af1a18c58f1c31d4ae051ec9499"},"headline":"Mas\u0142o do cia\u0142a &#8211; idealny kosmetyk na zim\u0119","datePublished":"2024-12-05T09:00:00+00:00","mainEntityOfPage":{"@id":"https:\/\/www.bandi.pl\/blog\/maslo-do-ciala-idealny-kosmetyk-na-zime\/"},"wordCount":1002,"commentCount":0,"publisher":{"@id":"https:\/\/www.bandi.pl\/blog\/#organization"},"image":{"@id":"https:\/\/www.bandi.pl\/blog\/maslo-do-ciala-idealny-kosmetyk-na-zime\/#primaryimage"},"thumbnailUrl":"https:\/\/www.bandi.pl\/blog\/wp-content\/uploads\/2024\/12\/Projekt-bez-nazwy-4.png","keywords":["balsam do cia\u0142a","balsam nawil\u017caj\u0105cy","balsam od\u017cywczy","Bandi","bariera hydrolipidowa","body","ceramidy","kosmetyki do cia\u0142a","kosmetyki profesjonalne","krostki na ramionach","krostki na udach","kwas hialuronowy","mocznik","piel\u0119gnacja profesjonalna","rogowacenie oko\u0142omieszkowe","sucha sk\u00f3ra"],"articleSection":["Ilona Kiraga","Piel\u0119gnacja i kosmetyki"],"inLanguage":"pl-PL","potentialAction":[{"@type":"CommentAction","name":"Comment","target":["https:\/\/www.bandi.pl\/blog\/maslo-do-ciala-idealny-kosmetyk-na-zime\/#respond"]}]},{"@type":"WebPage","@id":"https:\/\/www.bandi.pl\/blog\/maslo-do-ciala-idealny-kosmetyk-na-zime\/","url":"https:\/\/www.bandi.pl\/blog\/maslo-do-ciala-idealny-kosmetyk-na-zime\/","name":"Mas\u0142o do cia\u0142a - idealny kosmetyk na zim\u0119 &#187; Blog BANDI","isPartOf":{"@id":"https:\/\/www.bandi.pl\/blog\/#website"},"primaryImageOfPage":{"@id":"https:\/\/www.bandi.pl\/blog\/maslo-do-ciala-idealny-kosmetyk-na-zime\/#primaryimage"},"image":{"@id":"https:\/\/www.bandi.pl\/blog\/maslo-do-ciala-idealny-kosmetyk-na-zime\/#primaryimage"},"thumbnailUrl":"https:\/\/www.bandi.pl\/blog\/wp-content\/uploads\/2024\/12\/Projekt-bez-nazwy-4.png","datePublished":"2024-12-05T09:00:00+00:00","description":"Ratunkiem dla sk\u00f3ry cia\u0142a w okresie jesienno-zimowym s\u0105 preparaty od\u017cywcze, regeneruj\u0105ce, wielopoziomowo chroni\u0105ce nawil\u017cenie sk\u00f3ry, jak Mas\u0142o do cia\u0142a z linii Body Care.","breadcrumb":{"@id":"https:\/\/www.bandi.pl\/blog\/maslo-do-ciala-idealny-kosmetyk-na-zime\/#breadcrumb"},"inLanguage":"pl-PL","potentialAction":[{"@type":"ReadAction","target":["https:\/\/www.bandi.pl\/blog\/maslo-do-ciala-idealny-kosmetyk-na-zime\/"]}]},{"@type":"ImageObject","inLanguage":"pl-PL","@id":"https:\/\/www.bandi.pl\/blog\/maslo-do-ciala-idealny-kosmetyk-na-zime\/#primaryimage","url":"https:\/\/www.bandi.pl\/blog\/wp-content\/uploads\/2024\/12\/Projekt-bez-nazwy-4.png","contentUrl":"https:\/\/www.bandi.pl\/blog\/wp-content\/uploads\/2024\/12\/Projekt-bez-nazwy-4.png","width":1748,"height":1240,"caption":"mas\u0142o do cia\u0142a"},{"@type":"BreadcrumbList","@id":"https:\/\/www.bandi.pl\/blog\/maslo-do-ciala-idealny-kosmetyk-na-zime\/#breadcrumb","itemListElement":[{"@type":"ListItem","position":1,"name":"BANDI","item":"https:\/\/www.bandi.pl\/blog\/"},{"@type":"ListItem","position":2,"name":"Mas\u0142o do cia\u0142a &#8211; idealny kosmetyk na zim\u0119"}]},{"@type":"WebSite","@id":"https:\/\/www.bandi.pl\/blog\/#website","url":"https:\/\/www.bandi.pl\/blog\/","name":"Blog BANDI","description":"Czarno na bia\u0142ym o kosmetykach","publisher":{"@id":"https:\/\/www.bandi.pl\/blog\/#organization"},"potentialAction":[{"@type":"SearchAction","target":{"@type":"EntryPoint","urlTemplate":"https:\/\/www.bandi.pl\/blog\/?s={search_term_string}"},"query-input":{"@type":"PropertyValueSpecification","valueRequired":true,"valueName":"search_term_string"}}],"inLanguage":"pl-PL"},{"@type":"Organization","@id":"https:\/\/www.bandi.pl\/blog\/#organization","name":"BANDI","url":"https:\/\/www.bandi.pl\/blog\/","logo":{"@type":"ImageObject","inLanguage":"pl-PL","@id":"https:\/\/www.bandi.pl\/blog\/#\/schema\/logo\/image\/","url":"https:\/\/www.bandi.pl\/blog\/wp-content\/uploads\/2019\/06\/bandi-logo.png","contentUrl":"https:\/\/www.bandi.pl\/blog\/wp-content\/uploads\/2019\/06\/bandi-logo.png","width":264,"height":111,"caption":"BANDI"},"image":{"@id":"https:\/\/www.bandi.pl\/blog\/#\/schema\/logo\/image\/"},"sameAs":["https:\/\/web.facebook.com\/BANDIcosmetics","https:\/\/x.com\/bandi_cosmetics","https:\/\/www.instagram.com\/bandi_cosmetics\/","https:\/\/www.pinterest.com\/bandicosmetics\/","https:\/\/www.youtube.com\/user\/BandiCosmeticsPolska"]},{"@type":"Person","@id":"https:\/\/www.bandi.pl\/blog\/#\/schema\/person\/5ba05af1a18c58f1c31d4ae051ec9499","name":"Ilona Kiraga"}]}},"_links":{"self":[{"href":"https:\/\/www.bandi.pl\/blog\/wp-json\/wp\/v2\/posts\/19771","targetHints":{"allow":["GET"]}}],"collection":[{"href":"https:\/\/www.bandi.pl\/blog\/wp-json\/wp\/v2\/posts"}],"about":[{"href":"https:\/\/www.bandi.pl\/blog\/wp-json\/wp\/v2\/types\/post"}],"author":[{"embeddable":true,"href":"https:\/\/www.bandi.pl\/blog\/wp-json\/wp\/v2\/users\/13"}],"replies":[{"embeddable":true,"href":"https:\/\/www.bandi.pl\/blog\/wp-json\/wp\/v2\/comments?post=19771"}],"version-history":[{"count":6,"href":"https:\/\/www.bandi.pl\/blog\/wp-json\/wp\/v2\/posts\/19771\/revisions"}],"predecessor-version":[{"id":19779,"href":"https:\/\/www.bandi.pl\/blog\/wp-json\/wp\/v2\/posts\/19771\/revisions\/19779"}],"wp:featuredmedia":[{"embeddable":true,"href":"https:\/\/www.bandi.pl\/blog\/wp-json\/wp\/v2\/media\/19775"}],"wp:attachment":[{"href":"https:\/\/www.bandi.pl\/blog\/wp-json\/wp\/v2\/media?parent=19771"}],"wp:term":[{"taxonomy":"category","embeddable":true,"href":"https:\/\/www.bandi.pl\/blog\/wp-json\/wp\/v2\/categories?post=19771"},{"taxonomy":"post_tag","embeddable":true,"href":"https:\/\/www.bandi.pl\/blog\/wp-json\/wp\/v2\/tags?post=19771"}],"curies":[{"name":"wp","href":"https:\/\/api.w.org\/{rel}","templated":true}]}}