{"id":19728,"date":"2024-11-26T11:14:01","date_gmt":"2024-11-26T10:14:01","guid":{"rendered":"https:\/\/www.bandi.pl\/blog\/?p=19728"},"modified":"2024-11-26T11:16:58","modified_gmt":"2024-11-26T10:16:58","slug":"black-week-siegnij-po-bestsellery-w-najlepszych-cenach","status":"publish","type":"post","link":"https:\/\/www.bandi.pl\/blog\/black-week-siegnij-po-bestsellery-w-najlepszych-cenach\/","title":{"rendered":"Black Week &#8211; si\u0119gnij po bestsellery w najlepszych cenach"},"content":{"rendered":"\n<p>Black Week, czyli czas wyj\u0105tkowych okazji ju\u017c u nas wystartowa\u0142. W tym roku przygotowali\u015bmy promocje nawet do -50%! Dlatego odwied\u017a nasz sklep internetowy zanim ubiegn\u0105 Ci\u0119 inni kupuj\u0105cy. \ud83d\ude09 To \u015bwietny czas na uzupe\u0142nienie swojej piel\u0119gnacji i kupienie upomink\u00f3w dla najbli\u017cszych, bo Miko\u0142ajki i \u015awi\u0119ta ju\u017c za chwilk\u0119! Poni\u017cej ma\u0142a podpowied\u017a co dla kogo wybra\u0107.<\/p>\n\n\n\n<h2 class=\"wp-block-heading\">Black Week &#8211; czas na zakup prezent\u00f3w<\/h2>\n\n\n\n<h4 class=\"wp-block-heading\">Dla dziewczyny, kt\u00f3ra \u015bledzi hity kosmetyczne<\/h4>\n\n\n\n<div class=\"wp-block-media-text is-stacked-on-mobile\" style=\"grid-template-columns:25% auto\"><figure class=\"wp-block-media-text__media\"><a href=\"https:\/\/www.bandi.pl\/sklep\/balsamy\/emoliencyjne-maselko-oczyszczajace-2-w-1-demakijaz-i-mycie-twarzy!-887\/\"><img loading=\"lazy\" decoding=\"async\" width=\"500\" height=\"500\" src=\"https:\/\/www.bandi.pl\/blog\/wp-content\/uploads\/2024\/11\/bandi-blackweek-119-kw-500x500.jpg\" alt=\"\" class=\"wp-image-19731 size-full\"\/><\/a><\/figure><div class=\"wp-block-media-text__content\">\n<p>Podaruj kultowe ju\u017c <a href=\"https:\/\/www.bandi.pl\/sklep\/balsamy\/emoliencyjne-maselko-oczyszczajace-2-w-1-demakijaz-i-mycie-twarzy!-887\/\">Emoliencyjne mase\u0142ko oczyszczaj\u0105ce 2w1<\/a>. Kosmetyk dla ka\u017cdego rodzaju cery niezale\u017cnie od wieku, skutecznie oczyszcza sk\u00f3r\u0119 i chroni jej naturalne nawil\u017cenie.<\/p>\n<\/div><\/div>\n\n\n\n<p><\/p>\n\n\n\n<h4 class=\"wp-block-heading\">Zawsze trafiony prezent &#8211; niezale\u017cnie od wieku i rodzaju sk\u00f3ry!<\/h4>\n\n\n\n<div class=\"wp-block-media-text has-media-on-the-right is-stacked-on-mobile\" style=\"grid-template-columns:auto 25%\"><div class=\"wp-block-media-text__content\">\n<p><a href=\"https:\/\/www.bandi.pl\/sklep\/balsamy\/balsam-do-ciala-silnie-nawilzajacy-1134\/\">Balsam do cia\u0142a silnie nawil\u017caj\u0105cy<\/a>, kt\u00f3ry zachwyca dzia\u0142aniem i delikatnym, otulaj\u0105cym zapachem. Je\u015bli chcesz podarowa\u0107 upominek komu\u015b, kogo nie znasz na tyle dobrze, by trafnie dobra\u0107 piel\u0119gnacj\u0119 twarzy &#8211; postaw na piel\u0119gnacj\u0119 cia\u0142a. Balsam intensywnie i d\u0142ugotrwale nawil\u017ca sk\u00f3r\u0119, wyg\u0142adza, a nawet redukuje uczucie sw\u0119dzenia w przypadku sk\u00f3r silnie przesuszonych.<\/p>\n<\/div><figure class=\"wp-block-media-text__media\"><a href=\"https:\/\/www.bandi.pl\/sklep\/balsamy\/balsam-do-ciala-silnie-nawilzajacy-1134\/\"><img loading=\"lazy\" decoding=\"async\" width=\"500\" height=\"500\" src=\"https:\/\/www.bandi.pl\/blog\/wp-content\/uploads\/2024\/11\/IMG_6475-500x500.jpg\" alt=\"\" class=\"wp-image-19734 size-full\"\/><\/a><\/figure><\/div>\n\n\n\n<p><\/p>\n\n\n\n<h4 class=\"wp-block-heading\">Dla kobiety 35+, 40+ i wi\u0119cej, kt\u00f3ra uwielbia nowo\u015bci!<\/h4>\n\n\n\n<div class=\"wp-block-media-text is-stacked-on-mobile\" style=\"grid-template-columns:24% auto\"><figure class=\"wp-block-media-text__media\"><a href=\"https:\/\/www.bandi.pl\/sklep\/emulsje\/emulsja-silnie-przeciwzmarszczkowa-z-peptydem-miedziowym-1142\/\"><img loading=\"lazy\" decoding=\"async\" width=\"500\" height=\"500\" src=\"https:\/\/www.bandi.pl\/blog\/wp-content\/uploads\/2024\/11\/bandi-354-pop-500x500.jpg\" alt=\"\" class=\"wp-image-19736 size-full\"\/><\/a><\/figure><div class=\"wp-block-media-text__content\">\n<p><a href=\"https:\/\/www.bandi.pl\/sklep\/emulsje\/emulsja-silnie-przeciwzmarszczkowa-z-peptydem-miedziowym-1142\/\">Emulsja silnie przeciwzmarszczkowa z peptydem miedziowym<\/a> to wyj\u0105tkowy kosmetyk. Zawiera m.in. peptyd, o kt\u00f3rym jest g\u0142o\u015bno w kosmetologii za spraw\u0105 jego wyj\u0105tkowej skuteczno\u015bci. A efekty? Poprawa g\u0119sto\u015bci sk\u00f3ry, natychmiastowe wyg\u0142adzenie, nawil\u017cenie, kt\u00f3re czu\u0107 od pierwszego u\u017cycia i to przez wiele godzin, a dodatkowo ta wspania\u0142\u0105, aksamitna konsystencja. Dla ka\u017cdego rodzaju cery.<\/p>\n<\/div><\/div>\n\n\n\n<p><\/p>\n\n\n\n<h4 class=\"wp-block-heading\">Dla super m\u0119\u017cczyzny<\/h4>\n\n\n\n<div class=\"wp-block-media-text has-media-on-the-right is-stacked-on-mobile\" style=\"grid-template-columns:auto 26%\"><div class=\"wp-block-media-text__content\">\n<p>Podaruj krem, kt\u00f3ry zatroszczy si\u0119 o wszystkie potrzeby m\u0119skiej cery, nawet o te, kt\u00f3rych on sam czasami nie zauwa\u017ca. Nawil\u017cenie, wyg\u0142adzenie, ukojenie (tak\u017ce to po goleniu), a przy tym lekka konsystencja i pi\u0119kny zapach &#8211; taki w\u0142a\u015bnie jest <a href=\"https:\/\/www.bandi.pl\/sklep\/kremy\/krem-do-twarzy-przeciwzmarszczkowy-1082\/\">Krem do twarzy przeciwzmarszczkowy<\/a>.<\/p>\n<\/div><figure class=\"wp-block-media-text__media\"><a href=\"https:\/\/www.bandi.pl\/sklep\/kremy\/krem-do-twarzy-przeciwzmarszczkowy-1082\/\"><img loading=\"lazy\" decoding=\"async\" width=\"500\" height=\"500\" src=\"https:\/\/www.bandi.pl\/blog\/wp-content\/uploads\/2024\/11\/6-10-men-P-4402-500x500.png\" alt=\"\" class=\"wp-image-19738 size-full\"\/><\/a><\/figure><\/div>\n\n\n\n<p><\/p>\n\n\n\n<h4 class=\"wp-block-heading\">Dla Mamy, a mo\u017ce Cioci, lub samej siebie<\/h4>\n\n\n\n<div class=\"wp-block-media-text is-stacked-on-mobile\" style=\"grid-template-columns:24% auto\"><figure class=\"wp-block-media-text__media\"><a href=\"https:\/\/www.bandi.pl\/sklep\/kremy\/peptydowy-krem-odmladzajacy-do-twarzy-szyi-i-dekoltu-877\/\"><img loading=\"lazy\" decoding=\"async\" width=\"500\" height=\"500\" src=\"https:\/\/www.bandi.pl\/blog\/wp-content\/uploads\/2024\/11\/bandi-blackweek-308-500x500.jpg\" alt=\"\" class=\"wp-image-19732 size-full\"\/><\/a><\/figure><div class=\"wp-block-media-text__content\">\n<p>Krem ze z\u0142otem to idealny prezent dla kobiety 40+ (tak\u017ce 45+, 50+), kt\u00f3rej chcesz podarowa\u0107 wyj\u0105tkowo cenn\u0105 piel\u0119gnacj\u0119. <a href=\"https:\/\/www.bandi.pl\/sklep\/kremy\/peptydowy-krem-odmladzajacy-do-twarzy-szyi-i-dekoltu-877\/\">Peptydowy krem odm\u0142adzaj\u0105cy do sk\u00f3ry twarzy, szyi i dekoltu<\/a> to po\u0142\u0105czenie sk\u0142adnik\u00f3w odm\u0142adzaj\u0105cych z luksusow\u0105 konsystencj\u0105. Najlepsze peptydy, z\u0142oto, optyczny wype\u0142niacz zmarszczek to podarunek, kt\u00f3ry zachwyca.<\/p>\n<\/div><\/div>\n\n\n\n<p><\/p>\n\n\n\n<h4 class=\"wp-block-heading\">Idealny prezent w okresie jesieni i zimy &#8211; dla ka\u017cdego<\/h4>\n\n\n\n<div class=\"wp-block-media-text has-media-on-the-right is-stacked-on-mobile\" style=\"grid-template-columns:auto 26%\"><div class=\"wp-block-media-text__content\">\n<p><a href=\"https:\/\/www.bandi.pl\/sklep\/kremy\/krem-barierowy-intensywnie-regenerujacy-1123\/\">Krem barierowy intensywnie regeneruj\u0105cy<\/a>, kt\u00f3ry nie pozostawia ci\u0119\u017ckiego filmu, skutecznie ukoi, wyg\u0142adzi i nawil\u017cy ka\u017cdy rodzaj cery. Szczeg\u00f3lnie jesieni\u0105 i zim\u0105 sk\u00f3ra nara\u017cona jest na podra\u017cnienia, dlatego krem barierowy to podstawa piel\u0119gnacji. Wzmacnia barier\u0119 hydrolipidow\u0105, mikrobiomow\u0105, czyli naturalne funkcje obronne sk\u00f3ry.<\/p>\n<\/div><figure class=\"wp-block-media-text__media\"><a href=\"https:\/\/www.bandi.pl\/sklep\/kremy\/krem-barierowy-intensywnie-regenerujacy-1123\/\"><img loading=\"lazy\" decoding=\"async\" width=\"500\" height=\"500\" src=\"https:\/\/www.bandi.pl\/blog\/wp-content\/uploads\/2024\/11\/MICROBIOME-06-500x500.jpg\" alt=\"\" class=\"wp-image-19741 size-full\"\/><\/a><\/figure><\/div>\n\n\n\n<p><\/p>\n\n\n\n<h4 class=\"wp-block-heading\">Zawsze doskona\u0142y<\/h4>\n\n\n\n<div class=\"wp-block-media-text is-stacked-on-mobile\" style=\"grid-template-columns:24% auto\"><figure class=\"wp-block-media-text__media\"><a href=\"https:\/\/www.bandi.pl\/sklep\/emulsje\/emulsja-silnie-nawilzajaca-642\/\"><img loading=\"lazy\" decoding=\"async\" width=\"500\" height=\"500\" src=\"https:\/\/www.bandi.pl\/blog\/wp-content\/uploads\/2024\/11\/20230316-16-03-2105-500x500.jpg\" alt=\"\" class=\"wp-image-19742 size-full\"\/><\/a><\/figure><div class=\"wp-block-media-text__content\">\n<p>Nie jeste\u015b pewna\/pewien jaki rodzaj cery ma osoba, kt\u00f3r\u0105 chcesz obdarowa\u0107? A mo\u017ce doskonale znasz t\u0105 sytuacj\u0119, kiedy w okresie \u015bwi\u0105t odwiedza Ci\u0119 niespodziewany go\u015b\u0107 i \u017ca\u0142ujesz, \u017ce nie masz czego\u015b uniwersalnego na prezent? Miej zawsze \u201epod r\u0119k\u0105&#8221; i podaruj <a href=\"https:\/\/www.bandi.pl\/sklep\/emulsje\/emulsja-silnie-nawilzajaca-642\/\">Emulsj\u0119 silnie nawil\u017caj\u0105c\u0105<\/a>. Uznawana za jeden z najlepiej nawil\u017caj\u0105cych kosmetyk\u00f3w, od wielu lat najch\u0119tniej wybierany kosmetyk z ca\u0142ej oferty! Doskona\u0142a dla ka\u017cdego rodzaju cery.<\/p>\n<\/div><\/div>\n\n\n\n<p><\/p>\n\n\n\n<h4 class=\"wp-block-heading\">Dla kobiety, kt\u00f3ra potrzebuje wytchnienia<\/h4>\n\n\n\n<div class=\"wp-block-media-text has-media-on-the-right is-stacked-on-mobile\" style=\"grid-template-columns:auto 27%\"><div class=\"wp-block-media-text__content\">\n<p>Tej zabieganej, kt\u00f3ra zawsze ma czas dla innych a zapomina o sobie, niezale\u017cnie w jakim jest wieku podaruj <a href=\"https:\/\/www.bandi.pl\/sklep\/kremy\/intensywna-kuracja-mlodosci-1010\/\">Intensywn\u0105 kuracj\u0119 m\u0142odo\u015bci<\/a>. Bogata konsystencja doskonale nawil\u017cy i od\u017cywi ka\u017cd\u0105 cer\u0119 w okresie zimy, kiedy szczeg\u00f3lnie jest sk\u0142onna do przesuszenia, a wyj\u0105tkowa formu\u0142a zach\u0119ca do wykonywania relaksuj\u0105cego masa\u017cu w trakcie aplikacji.<\/p>\n<\/div><figure class=\"wp-block-media-text__media\"><a href=\"https:\/\/www.bandi.pl\/sklep\/kremy\/intensywna-kuracja-mlodosci-1010\/\"><img loading=\"lazy\" decoding=\"async\" width=\"500\" height=\"500\" src=\"https:\/\/www.bandi.pl\/blog\/wp-content\/uploads\/2024\/11\/1-10-Edit-500x500.jpg\" alt=\"\" class=\"wp-image-19740 size-full\"\/><\/a><\/figure><\/div>\n\n\n\n<p><\/p>\n\n\n\n<p><\/p>\n\n\n\n<p>Kt\u00f3ry z tych kosmetyk\u00f3w zainteresowa\u0142 Ci\u0119 najbardziej? A mo\u017ce masz swoich ulubie\u0144c\u00f3w?<\/p>\n\n\n\n<div class=\"wp-block-divi-layout\">[et_pb_section admin_label=&#8221;section&#8221;][et_pb_row admin_label=&#8221;row&#8221;][\/et_pb_row][\/et_pb_section]<\/div>\n\n\n\n<div class=\"wp-block-divi-layout\">[et_pb_section fb_built=&#8221;1&#8243; _builder_version=&#8221;4.22.2&#8243; _module_preset=&#8221;default&#8221; global_colors_info=&#8221;{}&#8221;][\/et_pb_section][et_pb_section fb_built=&#8221;1&#8243; _builder_version=&#8221;4.16&#8243; top_divider_style=&#8221;arrow&#8221; top_divider_color=&#8221;rgba(255,166,168,0.75)&#8221; top_divider_height=&#8221;1px&#8221; bottom_divider_style=&#8221;arrow&#8221; bottom_divider_color=&#8221;rgba(255,166,168,0.75)&#8221; bottom_divider_height=&#8221;1px&#8221; global_colors_info=&#8221;{}&#8221;][et_pb_row column_structure=&#8221;1_2,1_2&#8243; _builder_version=&#8221;4.16&#8243; width=&#8221;100%&#8221; module_alignment=&#8221;left&#8221; custom_margin=&#8221;||||false|false&#8221; global_colors_info=&#8221;{}&#8221;][et_pb_column type=&#8221;1_2&#8243; _builder_version=&#8221;4.16&#8243; global_colors_info=&#8221;{}&#8221;][et_pb_text _builder_version=&#8221;4.21.0&#8243; text_font=&#8221;Raleway Bold||||||||&#8221; text_text_color=&#8221;rgba(255,166,168,0.75)&#8221; text_font_size=&#8221;55px&#8221; text_letter_spacing=&#8221;9px&#8221; text_line_height=&#8221;1em&#8221; header_font_size=&#8221;39px&#8221; min_height=&#8221;23px&#8221; custom_margin=&#8221;40px||||false|false&#8221; link_option_url=&#8221;https:\/\/www.bandi.pl\/sklep\/lp\/wakacyjny-must-have\/&#8221; inline_fonts=&#8221;Raleway Bold&#8221; global_colors_info=&#8221;{}&#8221;]<p style=\"text-align: center\"><span style=\"font-size: xx-large;font-family: inherit;font-weight: normal\"><strong>BLACK WEEK<\/strong><\/span><\/p>\n<p style=\"text-align: center\"><span style=\"font-size: xx-large;font-family: inherit;font-weight: normal\"><strong><\/strong><\/span><\/p>[\/et_pb_text][et_pb_text _builder_version=&#8221;4.22.2&#8243; text_font=&#8221;Raleway Regular||||||||&#8221; text_text_color=&#8221;#b8b8b8&#8243; text_font_size=&#8221;22px&#8221; text_line_height=&#8221;1.5em&#8221; link_option_url=&#8221;https:\/\/www.bandi.pl\/sklep\/lp\/black-week\/&#8221; global_colors_info=&#8221;{}&#8221;]<p style=\"text-align: center;\">Twoje ulubione kosmetyki <br>w najlepszych cenach<\/p>[\/et_pb_text][et_pb_button button_url=&#8221;https:\/\/www.bandi.pl\/sklep\/lp\/black-week\/&#8221; button_text=&#8221;ZOBACZ&#8221; button_alignment=&#8221;center&#8221; disabled_on=&#8221;off|off|off&#8221; _builder_version=&#8221;4.22.2&#8243; custom_button=&#8221;on&#8221; button_text_size=&#8221;20px&#8221; button_text_color=&#8221;#ffffff&#8221; button_border_radius=&#8221;25px&#8221; button_font=&#8221;Bree Serif||||||||&#8221; background_layout=&#8221;dark&#8221; custom_padding=&#8221;12px|30px|12px|30px|true|true&#8221; hover_transition_duration=&#8221;0ms&#8221; box_shadow_style=&#8221;preset3&#8243; global_colors_info=&#8221;{}&#8221;][\/et_pb_button][\/et_pb_column][et_pb_column type=&#8221;1_2&#8243; _builder_version=&#8221;4.16&#8243; global_colors_info=&#8221;{}&#8221;][et_pb_image src=&#8221;https:\/\/www.bandi.pl\/blog\/wp-content\/uploads\/2024\/11\/bandi-blackweek-5462-scaled.jpg&#8221; title_text=&#8221;bandi-blackweek-5462&#8243; url=&#8221;https:\/\/www.bandi.pl\/sklep\/lp\/black-week\/&#8221; align=&#8221;center&#8221; _builder_version=&#8221;4.22.2&#8243; width=&#8221;100%&#8221; global_colors_info=&#8221;{}&#8221;][\/et_pb_image][\/et_pb_column][\/et_pb_row][\/et_pb_section]<\/div>\n","protected":false},"excerpt":{"rendered":"<p>Black Week, czyli czas wyj\u0105tkowych okazji ju\u017c u nas wystartowa\u0142. W tym roku przygotowali\u015bmy promocje nawet do -50%! Dlatego odwied\u017a nasz sklep internetowy zanim ubiegn\u0105 Ci\u0119 inni kupuj\u0105cy. \ud83d\ude09 To \u015bwietny czas na uzupe\u0142nienie swojej piel\u0119gnacji i kupienie upomink\u00f3w dla najbli\u017cszych, bo Miko\u0142ajki i \u015awi\u0119ta ju\u017c za chwilk\u0119! Poni\u017cej ma\u0142a podpowied\u017a co dla kogo wybra\u0107. [&hellip;]<\/p>\n","protected":false},"author":13,"featured_media":19744,"comment_status":"open","ping_status":"closed","sticky":false,"template":"","format":"standard","meta":{"_et_pb_use_builder":"off","_et_pb_old_content":"","_et_gb_content_width":"","footnotes":""},"categories":[2806,1817],"tags":[3445,7365,4232,4031,58,8620,4156,4230,5868,8149,8619,28],"class_list":["post-19728","post","type-post","status-publish","format-standard","has-post-thumbnail","hentry","category-aneta-dziecielewska","category-kategoria-pielegnacja-i-kosmetyki","tag-bandi","tag-black-friday","tag-kosmetyki-profesjonalne","tag-krem-nawilzajacy","tag-kwas-hialuronowy","tag-najlepsze-ceny","tag-najlepsze-kosmetyki","tag-pielegnacja-profesjonalna","tag-pielegnacja-twarzy","tag-promocje","tag-promocyjne-ceny","tag-witamina-c"],"yoast_head":"<!-- This site is optimized with the Yoast SEO plugin v27.1.1 - https:\/\/yoast.com\/product\/yoast-seo-wordpress\/ -->\n<title>Black Week - si\u0119gnij po bestsellery w najlepszych cenach &#187; Blog BANDI<\/title>\n<meta name=\"robots\" content=\"index, follow, max-snippet:-1, max-image-preview:large, max-video-preview:-1\" \/>\n<link rel=\"canonical\" href=\"https:\/\/www.bandi.pl\/blog\/black-week-siegnij-po-bestsellery-w-najlepszych-cenach\/\" \/>\n<meta property=\"og:locale\" content=\"pl_PL\" \/>\n<meta property=\"og:type\" content=\"article\" \/>\n<meta property=\"og:title\" content=\"Black Week - si\u0119gnij po bestsellery w najlepszych cenach &#187; Blog BANDI\" \/>\n<meta property=\"og:description\" content=\"Black Week, czyli czas wyj\u0105tkowych okazji ju\u017c u nas wystartowa\u0142. W tym roku przygotowali\u015bmy promocje nawet do -50%! Dlatego odwied\u017a nasz sklep internetowy zanim ubiegn\u0105 Ci\u0119 inni kupuj\u0105cy. \ud83d\ude09 To \u015bwietny czas na uzupe\u0142nienie swojej piel\u0119gnacji i kupienie upomink\u00f3w dla najbli\u017cszych, bo Miko\u0142ajki i \u015awi\u0119ta ju\u017c za chwilk\u0119! Poni\u017cej ma\u0142a podpowied\u017a co dla kogo wybra\u0107. [&hellip;]\" \/>\n<meta property=\"og:url\" content=\"https:\/\/www.bandi.pl\/blog\/black-week-siegnij-po-bestsellery-w-najlepszych-cenach\/\" \/>\n<meta property=\"og:site_name\" content=\"Blog BANDI\" \/>\n<meta property=\"article:publisher\" content=\"https:\/\/web.facebook.com\/BANDIcosmetics\" \/>\n<meta property=\"article:published_time\" content=\"2024-11-26T10:14:01+00:00\" \/>\n<meta property=\"article:modified_time\" content=\"2024-11-26T10:16:58+00:00\" \/>\n<meta property=\"og:image\" content=\"https:\/\/www.bandi.pl\/blog\/wp-content\/uploads\/2024\/11\/bandi-blackweek-373-1-scaled.jpg\" \/>\n\t<meta property=\"og:image:width\" content=\"2560\" \/>\n\t<meta property=\"og:image:height\" content=\"1707\" \/>\n\t<meta property=\"og:image:type\" content=\"image\/jpeg\" \/>\n<meta name=\"author\" content=\"Ilona Kiraga\" \/>\n<meta name=\"twitter:card\" content=\"summary_large_image\" \/>\n<meta name=\"twitter:creator\" content=\"@bandi_cosmetics\" \/>\n<meta name=\"twitter:site\" content=\"@bandi_cosmetics\" \/>\n<meta name=\"twitter:label1\" content=\"Napisane przez\" \/>\n\t<meta name=\"twitter:data1\" content=\"Ilona Kiraga\" \/>\n\t<meta name=\"twitter:label2\" content=\"Szacowany czas czytania\" \/>\n\t<meta name=\"twitter:data2\" content=\"6 minut\" \/>\n<script type=\"application\/ld+json\" class=\"yoast-schema-graph\">{\"@context\":\"https:\/\/schema.org\",\"@graph\":[{\"@type\":\"Article\",\"@id\":\"https:\/\/www.bandi.pl\/blog\/black-week-siegnij-po-bestsellery-w-najlepszych-cenach\/#article\",\"isPartOf\":{\"@id\":\"https:\/\/www.bandi.pl\/blog\/black-week-siegnij-po-bestsellery-w-najlepszych-cenach\/\"},\"author\":{\"name\":\"Ilona Kiraga\",\"@id\":\"https:\/\/www.bandi.pl\/blog\/#\/schema\/person\/5ba05af1a18c58f1c31d4ae051ec9499\"},\"headline\":\"Black Week &#8211; si\u0119gnij po bestsellery w najlepszych cenach\",\"datePublished\":\"2024-11-26T10:14:01+00:00\",\"dateModified\":\"2024-11-26T10:16:58+00:00\",\"mainEntityOfPage\":{\"@id\":\"https:\/\/www.bandi.pl\/blog\/black-week-siegnij-po-bestsellery-w-najlepszych-cenach\/\"},\"wordCount\":952,\"commentCount\":0,\"publisher\":{\"@id\":\"https:\/\/www.bandi.pl\/blog\/#organization\"},\"image\":{\"@id\":\"https:\/\/www.bandi.pl\/blog\/black-week-siegnij-po-bestsellery-w-najlepszych-cenach\/#primaryimage\"},\"thumbnailUrl\":\"https:\/\/www.bandi.pl\/blog\/wp-content\/uploads\/2024\/11\/bandi-blackweek-373-1-scaled.jpg\",\"keywords\":[\"Bandi\",\"black friday\",\"kosmetyki profesjonalne\",\"krem nawil\u017cajacy\",\"kwas hialuronowy\",\"najlepsze ceny\",\"najlepsze kosmetyki\",\"piel\u0119gnacja profesjonalna\",\"piel\u0119gnacja twarzy\",\"promocje\",\"promocyjne ceny\",\"witamina C\"],\"articleSection\":[\"Aneta Dzi\u0119cielewska\",\"Piel\u0119gnacja i kosmetyki\"],\"inLanguage\":\"pl-PL\",\"potentialAction\":[{\"@type\":\"CommentAction\",\"name\":\"Comment\",\"target\":[\"https:\/\/www.bandi.pl\/blog\/black-week-siegnij-po-bestsellery-w-najlepszych-cenach\/#respond\"]}]},{\"@type\":\"WebPage\",\"@id\":\"https:\/\/www.bandi.pl\/blog\/black-week-siegnij-po-bestsellery-w-najlepszych-cenach\/\",\"url\":\"https:\/\/www.bandi.pl\/blog\/black-week-siegnij-po-bestsellery-w-najlepszych-cenach\/\",\"name\":\"Black Week - si\u0119gnij po bestsellery w najlepszych cenach &#187; Blog BANDI\",\"isPartOf\":{\"@id\":\"https:\/\/www.bandi.pl\/blog\/#website\"},\"primaryImageOfPage\":{\"@id\":\"https:\/\/www.bandi.pl\/blog\/black-week-siegnij-po-bestsellery-w-najlepszych-cenach\/#primaryimage\"},\"image\":{\"@id\":\"https:\/\/www.bandi.pl\/blog\/black-week-siegnij-po-bestsellery-w-najlepszych-cenach\/#primaryimage\"},\"thumbnailUrl\":\"https:\/\/www.bandi.pl\/blog\/wp-content\/uploads\/2024\/11\/bandi-blackweek-373-1-scaled.jpg\",\"datePublished\":\"2024-11-26T10:14:01+00:00\",\"dateModified\":\"2024-11-26T10:16:58+00:00\",\"breadcrumb\":{\"@id\":\"https:\/\/www.bandi.pl\/blog\/black-week-siegnij-po-bestsellery-w-najlepszych-cenach\/#breadcrumb\"},\"inLanguage\":\"pl-PL\",\"potentialAction\":[{\"@type\":\"ReadAction\",\"target\":[\"https:\/\/www.bandi.pl\/blog\/black-week-siegnij-po-bestsellery-w-najlepszych-cenach\/\"]}]},{\"@type\":\"ImageObject\",\"inLanguage\":\"pl-PL\",\"@id\":\"https:\/\/www.bandi.pl\/blog\/black-week-siegnij-po-bestsellery-w-najlepszych-cenach\/#primaryimage\",\"url\":\"https:\/\/www.bandi.pl\/blog\/wp-content\/uploads\/2024\/11\/bandi-blackweek-373-1-scaled.jpg\",\"contentUrl\":\"https:\/\/www.bandi.pl\/blog\/wp-content\/uploads\/2024\/11\/bandi-blackweek-373-1-scaled.jpg\",\"width\":2560,\"height\":1707,\"caption\":\"black week\"},{\"@type\":\"BreadcrumbList\",\"@id\":\"https:\/\/www.bandi.pl\/blog\/black-week-siegnij-po-bestsellery-w-najlepszych-cenach\/#breadcrumb\",\"itemListElement\":[{\"@type\":\"ListItem\",\"position\":1,\"name\":\"BANDI\",\"item\":\"https:\/\/www.bandi.pl\/blog\/\"},{\"@type\":\"ListItem\",\"position\":2,\"name\":\"Black Week &#8211; si\u0119gnij po bestsellery w najlepszych cenach\"}]},{\"@type\":\"WebSite\",\"@id\":\"https:\/\/www.bandi.pl\/blog\/#website\",\"url\":\"https:\/\/www.bandi.pl\/blog\/\",\"name\":\"Blog BANDI\",\"description\":\"Czarno na bia\u0142ym o kosmetykach\",\"publisher\":{\"@id\":\"https:\/\/www.bandi.pl\/blog\/#organization\"},\"potentialAction\":[{\"@type\":\"SearchAction\",\"target\":{\"@type\":\"EntryPoint\",\"urlTemplate\":\"https:\/\/www.bandi.pl\/blog\/?s={search_term_string}\"},\"query-input\":{\"@type\":\"PropertyValueSpecification\",\"valueRequired\":true,\"valueName\":\"search_term_string\"}}],\"inLanguage\":\"pl-PL\"},{\"@type\":\"Organization\",\"@id\":\"https:\/\/www.bandi.pl\/blog\/#organization\",\"name\":\"BANDI\",\"url\":\"https:\/\/www.bandi.pl\/blog\/\",\"logo\":{\"@type\":\"ImageObject\",\"inLanguage\":\"pl-PL\",\"@id\":\"https:\/\/www.bandi.pl\/blog\/#\/schema\/logo\/image\/\",\"url\":\"https:\/\/www.bandi.pl\/blog\/wp-content\/uploads\/2019\/06\/bandi-logo.png\",\"contentUrl\":\"https:\/\/www.bandi.pl\/blog\/wp-content\/uploads\/2019\/06\/bandi-logo.png\",\"width\":264,\"height\":111,\"caption\":\"BANDI\"},\"image\":{\"@id\":\"https:\/\/www.bandi.pl\/blog\/#\/schema\/logo\/image\/\"},\"sameAs\":[\"https:\/\/web.facebook.com\/BANDIcosmetics\",\"https:\/\/x.com\/bandi_cosmetics\",\"https:\/\/www.instagram.com\/bandi_cosmetics\/\",\"https:\/\/www.pinterest.com\/bandicosmetics\/\",\"https:\/\/www.youtube.com\/user\/BandiCosmeticsPolska\"]},{\"@type\":\"Person\",\"@id\":\"https:\/\/www.bandi.pl\/blog\/#\/schema\/person\/5ba05af1a18c58f1c31d4ae051ec9499\",\"name\":\"Ilona Kiraga\"}]}<\/script>\n<!-- \/ Yoast SEO plugin. -->","yoast_head_json":{"title":"Black Week - si\u0119gnij po bestsellery w najlepszych cenach &#187; Blog BANDI","robots":{"index":"index","follow":"follow","max-snippet":"max-snippet:-1","max-image-preview":"max-image-preview:large","max-video-preview":"max-video-preview:-1"},"canonical":"https:\/\/www.bandi.pl\/blog\/black-week-siegnij-po-bestsellery-w-najlepszych-cenach\/","og_locale":"pl_PL","og_type":"article","og_title":"Black Week - si\u0119gnij po bestsellery w najlepszych cenach &#187; Blog BANDI","og_description":"Black Week, czyli czas wyj\u0105tkowych okazji ju\u017c u nas wystartowa\u0142. W tym roku przygotowali\u015bmy promocje nawet do -50%! Dlatego odwied\u017a nasz sklep internetowy zanim ubiegn\u0105 Ci\u0119 inni kupuj\u0105cy. \ud83d\ude09 To \u015bwietny czas na uzupe\u0142nienie swojej piel\u0119gnacji i kupienie upomink\u00f3w dla najbli\u017cszych, bo Miko\u0142ajki i \u015awi\u0119ta ju\u017c za chwilk\u0119! Poni\u017cej ma\u0142a podpowied\u017a co dla kogo wybra\u0107. [&hellip;]","og_url":"https:\/\/www.bandi.pl\/blog\/black-week-siegnij-po-bestsellery-w-najlepszych-cenach\/","og_site_name":"Blog BANDI","article_publisher":"https:\/\/web.facebook.com\/BANDIcosmetics","article_published_time":"2024-11-26T10:14:01+00:00","article_modified_time":"2024-11-26T10:16:58+00:00","og_image":[{"width":2560,"height":1707,"url":"https:\/\/www.bandi.pl\/blog\/wp-content\/uploads\/2024\/11\/bandi-blackweek-373-1-scaled.jpg","type":"image\/jpeg"}],"author":"Ilona Kiraga","twitter_card":"summary_large_image","twitter_creator":"@bandi_cosmetics","twitter_site":"@bandi_cosmetics","twitter_misc":{"Napisane przez":"Ilona Kiraga","Szacowany czas czytania":"6 minut"},"schema":{"@context":"https:\/\/schema.org","@graph":[{"@type":"Article","@id":"https:\/\/www.bandi.pl\/blog\/black-week-siegnij-po-bestsellery-w-najlepszych-cenach\/#article","isPartOf":{"@id":"https:\/\/www.bandi.pl\/blog\/black-week-siegnij-po-bestsellery-w-najlepszych-cenach\/"},"author":{"name":"Ilona Kiraga","@id":"https:\/\/www.bandi.pl\/blog\/#\/schema\/person\/5ba05af1a18c58f1c31d4ae051ec9499"},"headline":"Black Week &#8211; si\u0119gnij po bestsellery w najlepszych cenach","datePublished":"2024-11-26T10:14:01+00:00","dateModified":"2024-11-26T10:16:58+00:00","mainEntityOfPage":{"@id":"https:\/\/www.bandi.pl\/blog\/black-week-siegnij-po-bestsellery-w-najlepszych-cenach\/"},"wordCount":952,"commentCount":0,"publisher":{"@id":"https:\/\/www.bandi.pl\/blog\/#organization"},"image":{"@id":"https:\/\/www.bandi.pl\/blog\/black-week-siegnij-po-bestsellery-w-najlepszych-cenach\/#primaryimage"},"thumbnailUrl":"https:\/\/www.bandi.pl\/blog\/wp-content\/uploads\/2024\/11\/bandi-blackweek-373-1-scaled.jpg","keywords":["Bandi","black friday","kosmetyki profesjonalne","krem nawil\u017cajacy","kwas hialuronowy","najlepsze ceny","najlepsze kosmetyki","piel\u0119gnacja profesjonalna","piel\u0119gnacja twarzy","promocje","promocyjne ceny","witamina C"],"articleSection":["Aneta Dzi\u0119cielewska","Piel\u0119gnacja i kosmetyki"],"inLanguage":"pl-PL","potentialAction":[{"@type":"CommentAction","name":"Comment","target":["https:\/\/www.bandi.pl\/blog\/black-week-siegnij-po-bestsellery-w-najlepszych-cenach\/#respond"]}]},{"@type":"WebPage","@id":"https:\/\/www.bandi.pl\/blog\/black-week-siegnij-po-bestsellery-w-najlepszych-cenach\/","url":"https:\/\/www.bandi.pl\/blog\/black-week-siegnij-po-bestsellery-w-najlepszych-cenach\/","name":"Black Week - si\u0119gnij po bestsellery w najlepszych cenach &#187; Blog BANDI","isPartOf":{"@id":"https:\/\/www.bandi.pl\/blog\/#website"},"primaryImageOfPage":{"@id":"https:\/\/www.bandi.pl\/blog\/black-week-siegnij-po-bestsellery-w-najlepszych-cenach\/#primaryimage"},"image":{"@id":"https:\/\/www.bandi.pl\/blog\/black-week-siegnij-po-bestsellery-w-najlepszych-cenach\/#primaryimage"},"thumbnailUrl":"https:\/\/www.bandi.pl\/blog\/wp-content\/uploads\/2024\/11\/bandi-blackweek-373-1-scaled.jpg","datePublished":"2024-11-26T10:14:01+00:00","dateModified":"2024-11-26T10:16:58+00:00","breadcrumb":{"@id":"https:\/\/www.bandi.pl\/blog\/black-week-siegnij-po-bestsellery-w-najlepszych-cenach\/#breadcrumb"},"inLanguage":"pl-PL","potentialAction":[{"@type":"ReadAction","target":["https:\/\/www.bandi.pl\/blog\/black-week-siegnij-po-bestsellery-w-najlepszych-cenach\/"]}]},{"@type":"ImageObject","inLanguage":"pl-PL","@id":"https:\/\/www.bandi.pl\/blog\/black-week-siegnij-po-bestsellery-w-najlepszych-cenach\/#primaryimage","url":"https:\/\/www.bandi.pl\/blog\/wp-content\/uploads\/2024\/11\/bandi-blackweek-373-1-scaled.jpg","contentUrl":"https:\/\/www.bandi.pl\/blog\/wp-content\/uploads\/2024\/11\/bandi-blackweek-373-1-scaled.jpg","width":2560,"height":1707,"caption":"black week"},{"@type":"BreadcrumbList","@id":"https:\/\/www.bandi.pl\/blog\/black-week-siegnij-po-bestsellery-w-najlepszych-cenach\/#breadcrumb","itemListElement":[{"@type":"ListItem","position":1,"name":"BANDI","item":"https:\/\/www.bandi.pl\/blog\/"},{"@type":"ListItem","position":2,"name":"Black Week &#8211; si\u0119gnij po bestsellery w najlepszych cenach"}]},{"@type":"WebSite","@id":"https:\/\/www.bandi.pl\/blog\/#website","url":"https:\/\/www.bandi.pl\/blog\/","name":"Blog BANDI","description":"Czarno na bia\u0142ym o kosmetykach","publisher":{"@id":"https:\/\/www.bandi.pl\/blog\/#organization"},"potentialAction":[{"@type":"SearchAction","target":{"@type":"EntryPoint","urlTemplate":"https:\/\/www.bandi.pl\/blog\/?s={search_term_string}"},"query-input":{"@type":"PropertyValueSpecification","valueRequired":true,"valueName":"search_term_string"}}],"inLanguage":"pl-PL"},{"@type":"Organization","@id":"https:\/\/www.bandi.pl\/blog\/#organization","name":"BANDI","url":"https:\/\/www.bandi.pl\/blog\/","logo":{"@type":"ImageObject","inLanguage":"pl-PL","@id":"https:\/\/www.bandi.pl\/blog\/#\/schema\/logo\/image\/","url":"https:\/\/www.bandi.pl\/blog\/wp-content\/uploads\/2019\/06\/bandi-logo.png","contentUrl":"https:\/\/www.bandi.pl\/blog\/wp-content\/uploads\/2019\/06\/bandi-logo.png","width":264,"height":111,"caption":"BANDI"},"image":{"@id":"https:\/\/www.bandi.pl\/blog\/#\/schema\/logo\/image\/"},"sameAs":["https:\/\/web.facebook.com\/BANDIcosmetics","https:\/\/x.com\/bandi_cosmetics","https:\/\/www.instagram.com\/bandi_cosmetics\/","https:\/\/www.pinterest.com\/bandicosmetics\/","https:\/\/www.youtube.com\/user\/BandiCosmeticsPolska"]},{"@type":"Person","@id":"https:\/\/www.bandi.pl\/blog\/#\/schema\/person\/5ba05af1a18c58f1c31d4ae051ec9499","name":"Ilona Kiraga"}]}},"_links":{"self":[{"href":"https:\/\/www.bandi.pl\/blog\/wp-json\/wp\/v2\/posts\/19728","targetHints":{"allow":["GET"]}}],"collection":[{"href":"https:\/\/www.bandi.pl\/blog\/wp-json\/wp\/v2\/posts"}],"about":[{"href":"https:\/\/www.bandi.pl\/blog\/wp-json\/wp\/v2\/types\/post"}],"author":[{"embeddable":true,"href":"https:\/\/www.bandi.pl\/blog\/wp-json\/wp\/v2\/users\/13"}],"replies":[{"embeddable":true,"href":"https:\/\/www.bandi.pl\/blog\/wp-json\/wp\/v2\/comments?post=19728"}],"version-history":[{"count":12,"href":"https:\/\/www.bandi.pl\/blog\/wp-json\/wp\/v2\/posts\/19728\/revisions"}],"predecessor-version":[{"id":19751,"href":"https:\/\/www.bandi.pl\/blog\/wp-json\/wp\/v2\/posts\/19728\/revisions\/19751"}],"wp:featuredmedia":[{"embeddable":true,"href":"https:\/\/www.bandi.pl\/blog\/wp-json\/wp\/v2\/media\/19744"}],"wp:attachment":[{"href":"https:\/\/www.bandi.pl\/blog\/wp-json\/wp\/v2\/media?parent=19728"}],"wp:term":[{"taxonomy":"category","embeddable":true,"href":"https:\/\/www.bandi.pl\/blog\/wp-json\/wp\/v2\/categories?post=19728"},{"taxonomy":"post_tag","embeddable":true,"href":"https:\/\/www.bandi.pl\/blog\/wp-json\/wp\/v2\/tags?post=19728"}],"curies":[{"name":"wp","href":"https:\/\/api.w.org\/{rel}","templated":true}]}}