{"id":19639,"date":"2024-11-12T12:26:00","date_gmt":"2024-11-12T11:26:00","guid":{"rendered":"https:\/\/www.bandi.pl\/blog\/?p=19639"},"modified":"2024-11-12T12:26:00","modified_gmt":"2024-11-12T11:26:00","slug":"karnozyna-i-jej-zastosowanie-w-kosmetologii","status":"publish","type":"post","link":"https:\/\/www.bandi.pl\/blog\/karnozyna-i-jej-zastosowanie-w-kosmetologii\/","title":{"rendered":"Karnozyna i jej zastosowanie w kosmetologii"},"content":{"rendered":"\n<p>Karnozyna to dipeptyd sk\u0142adaj\u0105cy si\u0119 z dw\u00f3ch aminokwas\u00f3w: beta-alaniny i histydyny. W ostatnich latach zyskuje coraz wi\u0119ksz\u0105 popularno\u015b\u0107 w kosmetologii. Jej w\u0142a\u015bciwo\u015bci wykorzystywane s\u0105 g\u0142\u00f3wnie do poprawy kondycji sk\u00f3ry oraz zwalczania oznak starzenia.<\/p>\n\n\n\n<h2 class=\"wp-block-heading\">Karnozyna &#8211; jak dzia\u0142a?<\/h2>\n\n\n\n<p>Karnozyna znana jest przede wszystkim z w\u0142a\u015bciwo\u015bci antyoksydacyjnych, a tak\u017ce zdolno\u015bci do spowalniania proces\u00f3w starzenia si\u0119 kom\u00f3rek. Jej pozytywny wp\u0142yw na sk\u00f3r\u0119 jest jednak du\u017co szerszy. <\/p>\n\n\n\n<h4 class=\"wp-block-heading\">Ochrona przed starzeniem si\u0119 sk\u00f3ry<\/h4>\n\n\n\n<p>Karnozyna dzia\u0142a antyoksydacyjnie. Neutralizuje wolne rodniki, kt\u00f3re przyczyniaj\u0105 si\u0119 do uszkodze\u0144 kom\u00f3rkowych i przedwczesnego starzenia si\u0119 sk\u00f3ry. Dzi\u0119ki temu pomaga w ochronie przed stresem oksydacyjnym wywo\u0142anym promieniowaniem UV, zanieczyszczeniami \u015brodowiska i innymi czynnikami zewn\u0119trznymi. Przeciwdzia\u0142a tak\u017ce procesowi glikacji bia\u0142ek, kt\u00f3ra prowadzi do tworzenia szkodliwych zwi\u0105zk\u00f3w os\u0142abiaj\u0105cych w\u0142\u00f3kna kolagenowe i elastynowe. Dzi\u0119ki temu pomaga zachowa\u0107 j\u0119drno\u015b\u0107 i spr\u0119\u017cysto\u015b\u0107 sk\u00f3ry.<\/p>\n\n\n\n<h4 class=\"wp-block-heading\">Regeneracja i ochrona kom\u00f3rek sk\u00f3ry<\/h4>\n\n\n\n<p>Karnozyna wspiera procesy regeneracyjne. Przyspiesza odnow\u0119 kom\u00f3rkow\u0105 i zwi\u0119ksza odporno\u015b\u0107 sk\u00f3ry na uszkodzenia. Chroni fibroblasty i pomaga utrzyma\u0107 ich aktywno\u015b\u0107. <\/p>\n\n\n\n<h4 class=\"wp-block-heading\">Dzia\u0142anie przeciwzapalne<\/h4>\n\n\n\n<p>Karnozyna dzia\u0142a przeciwzapalnie, co mo\u017ce by\u0107 szczeg\u00f3lnie przydatne dla sk\u00f3ry wra\u017cliwej, sk\u0142onnej do podra\u017cnie\u0144 czy z objawami tr\u0105dziku. Kosmetyki z tym sk\u0142adnikiem pomagaj\u0105 \u0142agodzi\u0107 podra\u017cnienia i zaczerwienienia.  <\/p>\n\n\n\n<h4 class=\"wp-block-heading\">Wzmacnianie funkcji barierowych sk\u00f3ry<\/h4>\n\n\n\n<p>Karnozyna wspomaga odbudow\u0119 bariery ochronnej sk\u00f3ry, dzi\u0119ki czemu mo\u017ce lepiej chroni\u0107 przed szkodliwymi czynnikami zewn\u0119trznymi, takimi jak zanieczyszczenia i promieniowanie UV. Jest to szczeg\u00f3lnie istotne w kosmetykach do stosowania na dzie\u0144.<\/p>\n\n\n\n<h4 class=\"wp-block-heading\">Poprawa wygl\u0105du i struktury sk\u00f3ry<\/h4>\n\n\n\n<p>Karnozyna wspiera elastyczno\u015b\u0107 i napi\u0119cie sk\u00f3ry, przyczynia si\u0119 do wyg\u0142adzenia drobnych zmarszczek. Jest cz\u0119stym sk\u0142adnikiem krem\u00f3w i ampu\u0142ek przeciwstarzeniowych, kt\u00f3re maj\u0105 na celu popraw\u0119 struktury sk\u00f3ry i przywr\u00f3cenie jej j\u0119drno\u015bci.<\/p>\n\n\n\n<h4 class=\"wp-block-heading\">Ochrona przed promieniowaniem UV i \u015bwiat\u0142em niebieskim<\/h4>\n\n\n\n<p>Badania wskazuj\u0105, \u017ce ekspozycja na \u015bwiat\u0142o niebieskie, emitowane przez ekrany, mo\u017ce wp\u0142ywa\u0107 na starzenie si\u0119 sk\u00f3ry. Karnozyna chroni przed skutkami promieniowania UV i \u015bwiat\u0142a niebieskiego, co czyni j\u0105 popularnym sk\u0142adnikiem w <a href=\"https:\/\/www.bandi.pl\/sklep\/katalog.php?wyr=carnosine+spf\">kosmetykach przeznaczonych do stosowania w ci\u0105gu dnia<\/a>, szczeg\u00f3lnie w preparatach do ochrony sk\u00f3ry przed negatywnym wp\u0142ywem \u015brodowiska miejskiego.<\/p>\n\n\n\n<p>Dzi\u0119ki swoim w\u0142a\u015bciwo\u015bciom, karnozyna znalaz\u0142\u0105 zastosowanie w r\u00f3\u017cnych produktach piel\u0119gnacyjnych: kremach przeciwstarzeniowych, serach, maskach, a tak\u017ce kosmetykach ochronnych do stosowania na dzie\u0144. Cz\u0119sto \u0142\u0105czy si\u0119 j\u0105 z innymi sk\u0142adnikami aktywnymi, takimi jak: witamina C, kwas hialuronowy czy peptydy, aby wzmacnia\u0107 dzia\u0142anie antyoksydacyjne i regeneracyjne kosmetyk\u00f3w.<\/p>\n\n\n\n<div class=\"wp-block-divi-layout\">[et_pb_section admin_label=&#8221;section&#8221;][et_pb_row admin_label=&#8221;row&#8221;][\/et_pb_row][\/et_pb_section]<\/div>\n\n\n\n<div class=\"wp-block-divi-layout\">[et_pb_section fb_built=&#8221;1&#8243; _builder_version=&#8221;4.22.2&#8243; _module_preset=&#8221;default&#8221; global_colors_info=&#8221;{}&#8221;][\/et_pb_section][et_pb_section fb_built=&#8221;1&#8243; _builder_version=&#8221;4.16&#8243; top_divider_style=&#8221;arrow&#8221; top_divider_color=&#8221;rgba(255,166,168,0.75)&#8221; top_divider_height=&#8221;1px&#8221; bottom_divider_style=&#8221;arrow&#8221; bottom_divider_color=&#8221;rgba(255,166,168,0.75)&#8221; bottom_divider_height=&#8221;1px&#8221; global_colors_info=&#8221;{}&#8221;][et_pb_row column_structure=&#8221;1_2,1_2&#8243; _builder_version=&#8221;4.16&#8243; width=&#8221;100%&#8221; module_alignment=&#8221;left&#8221; custom_margin=&#8221;||||false|false&#8221; global_colors_info=&#8221;{}&#8221;][et_pb_column type=&#8221;1_2&#8243; _builder_version=&#8221;4.16&#8243; global_colors_info=&#8221;{}&#8221;][et_pb_text _builder_version=&#8221;4.22.2&#8243; text_font=&#8221;Raleway Bold||||||||&#8221; text_text_color=&#8221;rgba(255,166,168,0.75)&#8221; text_font_size=&#8221;55px&#8221; text_letter_spacing=&#8221;9px&#8221; text_line_height=&#8221;1em&#8221; header_font_size=&#8221;39px&#8221; min_height=&#8221;23px&#8221; custom_margin=&#8221;40px||||false|false&#8221; link_option_url=&#8221;https:\/\/www.bandi.pl\/sklep\/katalog.php?wyr=carnosine+&#8221; inline_fonts=&#8221;Raleway Bold&#8221; global_colors_info=&#8221;{}&#8221;]<p style=\"text-align: center\"><span style=\"font-size: xx-large;font-family: inherit;font-weight: normal\"><strong>KOSMETYKI <br \/>Z KARNOZYN\u0104<\/strong><\/span><\/p>\n<p style=\"text-align: center\"><span style=\"font-size: xx-large;font-family: inherit;font-weight: normal\"><strong><\/strong><\/span><\/p>[\/et_pb_text][et_pb_text _builder_version=&#8221;4.22.2&#8243; text_font=&#8221;Raleway Regular||||||||&#8221; text_text_color=&#8221;#b8b8b8&#8243; text_font_size=&#8221;22px&#8221; text_line_height=&#8221;1.5em&#8221; link_option_url=&#8221;https:\/\/www.bandi.pl\/sklep\/katalog.php?wyr=carnosine+&#8221; global_colors_info=&#8221;{}&#8221;]<p style=\"text-align: center\">Wzmocnienie i ochrona sk\u00f3ry przed przyspieszonym starzeniem<\/p>[\/et_pb_text][et_pb_button button_url=&#8221;https:\/\/www.bandi.pl\/sklep\/katalog.php?wyr=carnosine+&#8221; button_text=&#8221;ZOBACZ&#8221; button_alignment=&#8221;center&#8221; disabled_on=&#8221;off|off|off&#8221; _builder_version=&#8221;4.22.2&#8243; custom_button=&#8221;on&#8221; button_text_size=&#8221;20px&#8221; button_text_color=&#8221;#ffffff&#8221; button_border_radius=&#8221;25px&#8221; button_font=&#8221;Bree Serif||||||||&#8221; background_layout=&#8221;dark&#8221; custom_padding=&#8221;12px|30px|12px|30px|true|true&#8221; hover_transition_duration=&#8221;0ms&#8221; box_shadow_style=&#8221;preset3&#8243; global_colors_info=&#8221;{}&#8221;][\/et_pb_button][\/et_pb_column][et_pb_column type=&#8221;1_2&#8243; _builder_version=&#8221;4.16&#8243; global_colors_info=&#8221;{}&#8221;][et_pb_image src=&#8221;https:\/\/www.bandi.pl\/blog\/wp-content\/uploads\/2024\/11\/bandi-182-pop-scaled.jpg&#8221; title_text=&#8221;bandi-182-pop&#8221; url=&#8221;https:\/\/www.bandi.pl\/sklep\/katalog.php?wyr=carnosine+&#8221; align=&#8221;center&#8221; _builder_version=&#8221;4.22.2&#8243; width=&#8221;100%&#8221; global_colors_info=&#8221;{}&#8221;][\/et_pb_image][\/et_pb_column][\/et_pb_row][\/et_pb_section]<\/div>\n","protected":false},"excerpt":{"rendered":"<p>Karnozyna to dipeptyd sk\u0142adaj\u0105cy si\u0119 z dw\u00f3ch aminokwas\u00f3w: beta-alaniny i histydyny. W ostatnich latach zyskuje coraz wi\u0119ksz\u0105 popularno\u015b\u0107 w kosmetologii. Jej w\u0142a\u015bciwo\u015bci wykorzystywane s\u0105 g\u0142\u00f3wnie do poprawy kondycji sk\u00f3ry oraz zwalczania oznak starzenia. Karnozyna &#8211; jak dzia\u0142a? Karnozyna znana jest przede wszystkim z w\u0142a\u015bciwo\u015bci antyoksydacyjnych, a tak\u017ce zdolno\u015bci do spowalniania proces\u00f3w starzenia si\u0119 kom\u00f3rek. Jej [&hellip;]<\/p>\n","protected":false},"author":13,"featured_media":19650,"comment_status":"open","ping_status":"closed","sticky":false,"template":"","format":"standard","meta":{"_et_pb_use_builder":"off","_et_pb_old_content":"","_et_gb_content_width":"","footnotes":""},"categories":[3548,1771],"tags":[3445,8604,4232,3879,6128,4230,5868,8605,8606,3687,8602,7117,5888],"class_list":["post-19639","post","type-post","status-publish","format-standard","has-post-thumbnail","hentry","category-klaudia-zurek","category-kategoria-surowce-i-szczypta-chemii","tag-bandi","tag-dzialanie-antyoksydacyjne","tag-kosmetyki-profesjonalne","tag-krem-bb","tag-ochrona-przecisloneczna","tag-pielegnacja-profesjonalna","tag-pielegnacja-twarzy","tag-przeciwutleniacze","tag-skladnik-antyoksydacyjny","tag-spf","tag-stres-oksydacyjny","tag-swiatlo-niebieskie","tag-wolne-rodniki"],"yoast_head":"<!-- This site is optimized with the Yoast SEO plugin v27.1.1 - https:\/\/yoast.com\/product\/yoast-seo-wordpress\/ -->\n<title>Karnozyna i jej zastosowanie w kosmetologii &#187; Blog BANDI<\/title>\n<meta name=\"description\" content=\"Karnozyna znana jest przede wszystkim z w\u0142a\u015bciwo\u015bci antyoksydacyjnych, a tak\u017ce zdolno\u015bci do spowalniania proces\u00f3w starzenia si\u0119 kom\u00f3rek. Jej pozytywny wp\u0142yw na sk\u00f3r\u0119 jest jednak du\u017co szerszy.\" \/>\n<meta name=\"robots\" content=\"index, follow, max-snippet:-1, max-image-preview:large, max-video-preview:-1\" \/>\n<link rel=\"canonical\" href=\"https:\/\/www.bandi.pl\/blog\/karnozyna-i-jej-zastosowanie-w-kosmetologii\/\" \/>\n<meta property=\"og:locale\" content=\"pl_PL\" \/>\n<meta property=\"og:type\" content=\"article\" \/>\n<meta property=\"og:title\" content=\"Karnozyna i jej zastosowanie w kosmetologii &#187; Blog BANDI\" \/>\n<meta property=\"og:description\" content=\"Karnozyna znana jest przede wszystkim z w\u0142a\u015bciwo\u015bci antyoksydacyjnych, a tak\u017ce zdolno\u015bci do spowalniania proces\u00f3w starzenia si\u0119 kom\u00f3rek. Jej pozytywny wp\u0142yw na sk\u00f3r\u0119 jest jednak du\u017co szerszy.\" \/>\n<meta property=\"og:url\" content=\"https:\/\/www.bandi.pl\/blog\/karnozyna-i-jej-zastosowanie-w-kosmetologii\/\" \/>\n<meta property=\"og:site_name\" content=\"Blog BANDI\" \/>\n<meta property=\"article:publisher\" content=\"https:\/\/web.facebook.com\/BANDIcosmetics\" \/>\n<meta property=\"article:published_time\" content=\"2024-11-12T11:26:00+00:00\" \/>\n<meta property=\"og:image\" content=\"https:\/\/www.bandi.pl\/blog\/wp-content\/uploads\/2024\/11\/Projekt-bez-nazwy-4-1-705x500.png\" \/>\n\t<meta property=\"og:image:width\" content=\"705\" \/>\n\t<meta property=\"og:image:height\" content=\"500\" \/>\n\t<meta property=\"og:image:type\" content=\"image\/png\" \/>\n<meta name=\"author\" content=\"Ilona Kiraga\" \/>\n<meta name=\"twitter:card\" content=\"summary_large_image\" \/>\n<meta name=\"twitter:creator\" content=\"@bandi_cosmetics\" \/>\n<meta name=\"twitter:site\" content=\"@bandi_cosmetics\" \/>\n<meta name=\"twitter:label1\" content=\"Napisane przez\" \/>\n\t<meta name=\"twitter:data1\" content=\"Ilona Kiraga\" \/>\n\t<meta name=\"twitter:label2\" content=\"Szacowany czas czytania\" \/>\n\t<meta name=\"twitter:data2\" content=\"3 minuty\" \/>\n<script type=\"application\/ld+json\" class=\"yoast-schema-graph\">{\"@context\":\"https:\/\/schema.org\",\"@graph\":[{\"@type\":\"Article\",\"@id\":\"https:\/\/www.bandi.pl\/blog\/karnozyna-i-jej-zastosowanie-w-kosmetologii\/#article\",\"isPartOf\":{\"@id\":\"https:\/\/www.bandi.pl\/blog\/karnozyna-i-jej-zastosowanie-w-kosmetologii\/\"},\"author\":{\"name\":\"Ilona Kiraga\",\"@id\":\"https:\/\/www.bandi.pl\/blog\/#\/schema\/person\/5ba05af1a18c58f1c31d4ae051ec9499\"},\"headline\":\"Karnozyna i jej zastosowanie w kosmetologii\",\"datePublished\":\"2024-11-12T11:26:00+00:00\",\"mainEntityOfPage\":{\"@id\":\"https:\/\/www.bandi.pl\/blog\/karnozyna-i-jej-zastosowanie-w-kosmetologii\/\"},\"wordCount\":794,\"commentCount\":0,\"publisher\":{\"@id\":\"https:\/\/www.bandi.pl\/blog\/#organization\"},\"image\":{\"@id\":\"https:\/\/www.bandi.pl\/blog\/karnozyna-i-jej-zastosowanie-w-kosmetologii\/#primaryimage\"},\"thumbnailUrl\":\"https:\/\/www.bandi.pl\/blog\/wp-content\/uploads\/2024\/11\/Projekt-bez-nazwy-4-1.png\",\"keywords\":[\"Bandi\",\"dzia\u0142anie antyoksydacyjne\",\"kosmetyki profesjonalne\",\"krem BB\",\"ochrona przecis\u0142oneczna\",\"piel\u0119gnacja profesjonalna\",\"piel\u0119gnacja twarzy\",\"przeciwutleniacze\",\"sk\u0142adnik antyoksydacyjny\",\"SPF\",\"stres oksydacyjny\",\"\u015bwiat\u0142o niebieskie\",\"wolne rodniki\"],\"articleSection\":[\"Klaudia Chojnacka\",\"Surowce i szczypta chemii\"],\"inLanguage\":\"pl-PL\",\"potentialAction\":[{\"@type\":\"CommentAction\",\"name\":\"Comment\",\"target\":[\"https:\/\/www.bandi.pl\/blog\/karnozyna-i-jej-zastosowanie-w-kosmetologii\/#respond\"]}]},{\"@type\":\"WebPage\",\"@id\":\"https:\/\/www.bandi.pl\/blog\/karnozyna-i-jej-zastosowanie-w-kosmetologii\/\",\"url\":\"https:\/\/www.bandi.pl\/blog\/karnozyna-i-jej-zastosowanie-w-kosmetologii\/\",\"name\":\"Karnozyna i jej zastosowanie w kosmetologii &#187; Blog BANDI\",\"isPartOf\":{\"@id\":\"https:\/\/www.bandi.pl\/blog\/#website\"},\"primaryImageOfPage\":{\"@id\":\"https:\/\/www.bandi.pl\/blog\/karnozyna-i-jej-zastosowanie-w-kosmetologii\/#primaryimage\"},\"image\":{\"@id\":\"https:\/\/www.bandi.pl\/blog\/karnozyna-i-jej-zastosowanie-w-kosmetologii\/#primaryimage\"},\"thumbnailUrl\":\"https:\/\/www.bandi.pl\/blog\/wp-content\/uploads\/2024\/11\/Projekt-bez-nazwy-4-1.png\",\"datePublished\":\"2024-11-12T11:26:00+00:00\",\"description\":\"Karnozyna znana jest przede wszystkim z w\u0142a\u015bciwo\u015bci antyoksydacyjnych, a tak\u017ce zdolno\u015bci do spowalniania proces\u00f3w starzenia si\u0119 kom\u00f3rek. Jej pozytywny wp\u0142yw na sk\u00f3r\u0119 jest jednak du\u017co szerszy.\",\"breadcrumb\":{\"@id\":\"https:\/\/www.bandi.pl\/blog\/karnozyna-i-jej-zastosowanie-w-kosmetologii\/#breadcrumb\"},\"inLanguage\":\"pl-PL\",\"potentialAction\":[{\"@type\":\"ReadAction\",\"target\":[\"https:\/\/www.bandi.pl\/blog\/karnozyna-i-jej-zastosowanie-w-kosmetologii\/\"]}]},{\"@type\":\"ImageObject\",\"inLanguage\":\"pl-PL\",\"@id\":\"https:\/\/www.bandi.pl\/blog\/karnozyna-i-jej-zastosowanie-w-kosmetologii\/#primaryimage\",\"url\":\"https:\/\/www.bandi.pl\/blog\/wp-content\/uploads\/2024\/11\/Projekt-bez-nazwy-4-1.png\",\"contentUrl\":\"https:\/\/www.bandi.pl\/blog\/wp-content\/uploads\/2024\/11\/Projekt-bez-nazwy-4-1.png\",\"width\":5463,\"height\":3875,\"caption\":\"karnozyna\"},{\"@type\":\"BreadcrumbList\",\"@id\":\"https:\/\/www.bandi.pl\/blog\/karnozyna-i-jej-zastosowanie-w-kosmetologii\/#breadcrumb\",\"itemListElement\":[{\"@type\":\"ListItem\",\"position\":1,\"name\":\"BANDI\",\"item\":\"https:\/\/www.bandi.pl\/blog\/\"},{\"@type\":\"ListItem\",\"position\":2,\"name\":\"Karnozyna i jej zastosowanie w kosmetologii\"}]},{\"@type\":\"WebSite\",\"@id\":\"https:\/\/www.bandi.pl\/blog\/#website\",\"url\":\"https:\/\/www.bandi.pl\/blog\/\",\"name\":\"Blog BANDI\",\"description\":\"Czarno na bia\u0142ym o kosmetykach\",\"publisher\":{\"@id\":\"https:\/\/www.bandi.pl\/blog\/#organization\"},\"potentialAction\":[{\"@type\":\"SearchAction\",\"target\":{\"@type\":\"EntryPoint\",\"urlTemplate\":\"https:\/\/www.bandi.pl\/blog\/?s={search_term_string}\"},\"query-input\":{\"@type\":\"PropertyValueSpecification\",\"valueRequired\":true,\"valueName\":\"search_term_string\"}}],\"inLanguage\":\"pl-PL\"},{\"@type\":\"Organization\",\"@id\":\"https:\/\/www.bandi.pl\/blog\/#organization\",\"name\":\"BANDI\",\"url\":\"https:\/\/www.bandi.pl\/blog\/\",\"logo\":{\"@type\":\"ImageObject\",\"inLanguage\":\"pl-PL\",\"@id\":\"https:\/\/www.bandi.pl\/blog\/#\/schema\/logo\/image\/\",\"url\":\"https:\/\/www.bandi.pl\/blog\/wp-content\/uploads\/2019\/06\/bandi-logo.png\",\"contentUrl\":\"https:\/\/www.bandi.pl\/blog\/wp-content\/uploads\/2019\/06\/bandi-logo.png\",\"width\":264,\"height\":111,\"caption\":\"BANDI\"},\"image\":{\"@id\":\"https:\/\/www.bandi.pl\/blog\/#\/schema\/logo\/image\/\"},\"sameAs\":[\"https:\/\/web.facebook.com\/BANDIcosmetics\",\"https:\/\/x.com\/bandi_cosmetics\",\"https:\/\/www.instagram.com\/bandi_cosmetics\/\",\"https:\/\/www.pinterest.com\/bandicosmetics\/\",\"https:\/\/www.youtube.com\/user\/BandiCosmeticsPolska\"]},{\"@type\":\"Person\",\"@id\":\"https:\/\/www.bandi.pl\/blog\/#\/schema\/person\/5ba05af1a18c58f1c31d4ae051ec9499\",\"name\":\"Ilona Kiraga\"}]}<\/script>\n<!-- \/ Yoast SEO plugin. -->","yoast_head_json":{"title":"Karnozyna i jej zastosowanie w kosmetologii &#187; Blog BANDI","description":"Karnozyna znana jest przede wszystkim z w\u0142a\u015bciwo\u015bci antyoksydacyjnych, a tak\u017ce zdolno\u015bci do spowalniania proces\u00f3w starzenia si\u0119 kom\u00f3rek. Jej pozytywny wp\u0142yw na sk\u00f3r\u0119 jest jednak du\u017co szerszy.","robots":{"index":"index","follow":"follow","max-snippet":"max-snippet:-1","max-image-preview":"max-image-preview:large","max-video-preview":"max-video-preview:-1"},"canonical":"https:\/\/www.bandi.pl\/blog\/karnozyna-i-jej-zastosowanie-w-kosmetologii\/","og_locale":"pl_PL","og_type":"article","og_title":"Karnozyna i jej zastosowanie w kosmetologii &#187; Blog BANDI","og_description":"Karnozyna znana jest przede wszystkim z w\u0142a\u015bciwo\u015bci antyoksydacyjnych, a tak\u017ce zdolno\u015bci do spowalniania proces\u00f3w starzenia si\u0119 kom\u00f3rek. Jej pozytywny wp\u0142yw na sk\u00f3r\u0119 jest jednak du\u017co szerszy.","og_url":"https:\/\/www.bandi.pl\/blog\/karnozyna-i-jej-zastosowanie-w-kosmetologii\/","og_site_name":"Blog BANDI","article_publisher":"https:\/\/web.facebook.com\/BANDIcosmetics","article_published_time":"2024-11-12T11:26:00+00:00","og_image":[{"width":705,"height":500,"url":"https:\/\/www.bandi.pl\/blog\/wp-content\/uploads\/2024\/11\/Projekt-bez-nazwy-4-1-705x500.png","type":"image\/png"}],"author":"Ilona Kiraga","twitter_card":"summary_large_image","twitter_creator":"@bandi_cosmetics","twitter_site":"@bandi_cosmetics","twitter_misc":{"Napisane przez":"Ilona Kiraga","Szacowany czas czytania":"3 minuty"},"schema":{"@context":"https:\/\/schema.org","@graph":[{"@type":"Article","@id":"https:\/\/www.bandi.pl\/blog\/karnozyna-i-jej-zastosowanie-w-kosmetologii\/#article","isPartOf":{"@id":"https:\/\/www.bandi.pl\/blog\/karnozyna-i-jej-zastosowanie-w-kosmetologii\/"},"author":{"name":"Ilona Kiraga","@id":"https:\/\/www.bandi.pl\/blog\/#\/schema\/person\/5ba05af1a18c58f1c31d4ae051ec9499"},"headline":"Karnozyna i jej zastosowanie w kosmetologii","datePublished":"2024-11-12T11:26:00+00:00","mainEntityOfPage":{"@id":"https:\/\/www.bandi.pl\/blog\/karnozyna-i-jej-zastosowanie-w-kosmetologii\/"},"wordCount":794,"commentCount":0,"publisher":{"@id":"https:\/\/www.bandi.pl\/blog\/#organization"},"image":{"@id":"https:\/\/www.bandi.pl\/blog\/karnozyna-i-jej-zastosowanie-w-kosmetologii\/#primaryimage"},"thumbnailUrl":"https:\/\/www.bandi.pl\/blog\/wp-content\/uploads\/2024\/11\/Projekt-bez-nazwy-4-1.png","keywords":["Bandi","dzia\u0142anie antyoksydacyjne","kosmetyki profesjonalne","krem BB","ochrona przecis\u0142oneczna","piel\u0119gnacja profesjonalna","piel\u0119gnacja twarzy","przeciwutleniacze","sk\u0142adnik antyoksydacyjny","SPF","stres oksydacyjny","\u015bwiat\u0142o niebieskie","wolne rodniki"],"articleSection":["Klaudia Chojnacka","Surowce i szczypta chemii"],"inLanguage":"pl-PL","potentialAction":[{"@type":"CommentAction","name":"Comment","target":["https:\/\/www.bandi.pl\/blog\/karnozyna-i-jej-zastosowanie-w-kosmetologii\/#respond"]}]},{"@type":"WebPage","@id":"https:\/\/www.bandi.pl\/blog\/karnozyna-i-jej-zastosowanie-w-kosmetologii\/","url":"https:\/\/www.bandi.pl\/blog\/karnozyna-i-jej-zastosowanie-w-kosmetologii\/","name":"Karnozyna i jej zastosowanie w kosmetologii &#187; Blog BANDI","isPartOf":{"@id":"https:\/\/www.bandi.pl\/blog\/#website"},"primaryImageOfPage":{"@id":"https:\/\/www.bandi.pl\/blog\/karnozyna-i-jej-zastosowanie-w-kosmetologii\/#primaryimage"},"image":{"@id":"https:\/\/www.bandi.pl\/blog\/karnozyna-i-jej-zastosowanie-w-kosmetologii\/#primaryimage"},"thumbnailUrl":"https:\/\/www.bandi.pl\/blog\/wp-content\/uploads\/2024\/11\/Projekt-bez-nazwy-4-1.png","datePublished":"2024-11-12T11:26:00+00:00","description":"Karnozyna znana jest przede wszystkim z w\u0142a\u015bciwo\u015bci antyoksydacyjnych, a tak\u017ce zdolno\u015bci do spowalniania proces\u00f3w starzenia si\u0119 kom\u00f3rek. Jej pozytywny wp\u0142yw na sk\u00f3r\u0119 jest jednak du\u017co szerszy.","breadcrumb":{"@id":"https:\/\/www.bandi.pl\/blog\/karnozyna-i-jej-zastosowanie-w-kosmetologii\/#breadcrumb"},"inLanguage":"pl-PL","potentialAction":[{"@type":"ReadAction","target":["https:\/\/www.bandi.pl\/blog\/karnozyna-i-jej-zastosowanie-w-kosmetologii\/"]}]},{"@type":"ImageObject","inLanguage":"pl-PL","@id":"https:\/\/www.bandi.pl\/blog\/karnozyna-i-jej-zastosowanie-w-kosmetologii\/#primaryimage","url":"https:\/\/www.bandi.pl\/blog\/wp-content\/uploads\/2024\/11\/Projekt-bez-nazwy-4-1.png","contentUrl":"https:\/\/www.bandi.pl\/blog\/wp-content\/uploads\/2024\/11\/Projekt-bez-nazwy-4-1.png","width":5463,"height":3875,"caption":"karnozyna"},{"@type":"BreadcrumbList","@id":"https:\/\/www.bandi.pl\/blog\/karnozyna-i-jej-zastosowanie-w-kosmetologii\/#breadcrumb","itemListElement":[{"@type":"ListItem","position":1,"name":"BANDI","item":"https:\/\/www.bandi.pl\/blog\/"},{"@type":"ListItem","position":2,"name":"Karnozyna i jej zastosowanie w kosmetologii"}]},{"@type":"WebSite","@id":"https:\/\/www.bandi.pl\/blog\/#website","url":"https:\/\/www.bandi.pl\/blog\/","name":"Blog BANDI","description":"Czarno na bia\u0142ym o kosmetykach","publisher":{"@id":"https:\/\/www.bandi.pl\/blog\/#organization"},"potentialAction":[{"@type":"SearchAction","target":{"@type":"EntryPoint","urlTemplate":"https:\/\/www.bandi.pl\/blog\/?s={search_term_string}"},"query-input":{"@type":"PropertyValueSpecification","valueRequired":true,"valueName":"search_term_string"}}],"inLanguage":"pl-PL"},{"@type":"Organization","@id":"https:\/\/www.bandi.pl\/blog\/#organization","name":"BANDI","url":"https:\/\/www.bandi.pl\/blog\/","logo":{"@type":"ImageObject","inLanguage":"pl-PL","@id":"https:\/\/www.bandi.pl\/blog\/#\/schema\/logo\/image\/","url":"https:\/\/www.bandi.pl\/blog\/wp-content\/uploads\/2019\/06\/bandi-logo.png","contentUrl":"https:\/\/www.bandi.pl\/blog\/wp-content\/uploads\/2019\/06\/bandi-logo.png","width":264,"height":111,"caption":"BANDI"},"image":{"@id":"https:\/\/www.bandi.pl\/blog\/#\/schema\/logo\/image\/"},"sameAs":["https:\/\/web.facebook.com\/BANDIcosmetics","https:\/\/x.com\/bandi_cosmetics","https:\/\/www.instagram.com\/bandi_cosmetics\/","https:\/\/www.pinterest.com\/bandicosmetics\/","https:\/\/www.youtube.com\/user\/BandiCosmeticsPolska"]},{"@type":"Person","@id":"https:\/\/www.bandi.pl\/blog\/#\/schema\/person\/5ba05af1a18c58f1c31d4ae051ec9499","name":"Ilona Kiraga"}]}},"_links":{"self":[{"href":"https:\/\/www.bandi.pl\/blog\/wp-json\/wp\/v2\/posts\/19639","targetHints":{"allow":["GET"]}}],"collection":[{"href":"https:\/\/www.bandi.pl\/blog\/wp-json\/wp\/v2\/posts"}],"about":[{"href":"https:\/\/www.bandi.pl\/blog\/wp-json\/wp\/v2\/types\/post"}],"author":[{"embeddable":true,"href":"https:\/\/www.bandi.pl\/blog\/wp-json\/wp\/v2\/users\/13"}],"replies":[{"embeddable":true,"href":"https:\/\/www.bandi.pl\/blog\/wp-json\/wp\/v2\/comments?post=19639"}],"version-history":[{"count":17,"href":"https:\/\/www.bandi.pl\/blog\/wp-json\/wp\/v2\/posts\/19639\/revisions"}],"predecessor-version":[{"id":19658,"href":"https:\/\/www.bandi.pl\/blog\/wp-json\/wp\/v2\/posts\/19639\/revisions\/19658"}],"wp:featuredmedia":[{"embeddable":true,"href":"https:\/\/www.bandi.pl\/blog\/wp-json\/wp\/v2\/media\/19650"}],"wp:attachment":[{"href":"https:\/\/www.bandi.pl\/blog\/wp-json\/wp\/v2\/media?parent=19639"}],"wp:term":[{"taxonomy":"category","embeddable":true,"href":"https:\/\/www.bandi.pl\/blog\/wp-json\/wp\/v2\/categories?post=19639"},{"taxonomy":"post_tag","embeddable":true,"href":"https:\/\/www.bandi.pl\/blog\/wp-json\/wp\/v2\/tags?post=19639"}],"curies":[{"name":"wp","href":"https:\/\/api.w.org\/{rel}","templated":true}]}}