{"id":1957,"date":"2016-11-11T16:34:12","date_gmt":"2016-11-11T15:34:12","guid":{"rendered":"http:\/\/eksfoliacja.pl\/?p=1957"},"modified":"2019-11-21T16:48:51","modified_gmt":"2019-11-21T15:48:51","slug":"piekno-mimo-wszystko","status":"publish","type":"post","link":"https:\/\/www.bandi.pl\/blog\/piekno-mimo-wszystko\/","title":{"rendered":"Pi\u0119kno mimo wszystko"},"content":{"rendered":"\n<p> 29 pa\u017adziernika br. w Toruniu odby\u0142o si\u0119 ju\u017c III Sympozjum &#8222;Pi\u0119kno mimo wszystko&#8221;organizowane przez Fundacj\u0119 \u015awiat\u0142o. W tym roku pod patronatem honorowym Marsza\u0142ka Wojew\u00f3dztwa Kujawsko-Pomorskiego oraz Prezydenta Miasta Torunia.<\/p>\n\n\n\n<!--more-->\n\n\n\n<p>Omawiane by\u0142y tematy zwi\u0105zane ze stylem \u017cycia w profilaktyce nowotwor\u00f3w. Frekwencja jak zawsze dopisa\u0142a, a tematy by\u0142y \u017cywo dyskutowane, co jest dowodem na to, \u017ce jest du\u017ca potrzeba takich inicjatyw. Mo\u017cna by\u0142o dowiedzie\u0107 si\u0119 jaki jest wp\u0142yw \u017cywienia na powstawanie chor\u00f3b nowotworowych, jak dba\u0107 o siebie w trudnych chwilach walki z chorob\u0105. Dr. Artur Markowski opowiada\u0142 o problemach sk\u00f3rnych podczas chor\u00f3b nowotworowych. Cieszymy si\u0119, \u017ce mogli\u015bmy po raz kolejny wesprze\u0107 t\u0105 szczytn\u0105 akcj\u0119 i podarowa\u0107 prezenty od BANDI. <\/p>\n\n\n\n<div class=\"et_pb_slider et_pb_slider_fullwidth_off et_pb_gallery_post_type\">\n\t\t\t\t<div class=\"et_pb_slides\">\n\t\t\t\t\t<div class=\"et_pb_slide\" style=\"background: url(https:\/\/www.bandi.pl\/blog\/wp-content\/uploads\/2019\/07\/piekno2-e1482507472423.jpg);\"><\/div><div class=\"et_pb_slide\" style=\"background: url(https:\/\/www.bandi.pl\/blog\/wp-content\/uploads\/2019\/07\/piekno4-e1482507480592.jpg);\"><\/div><div class=\"et_pb_slide\" style=\"background: url(https:\/\/www.bandi.pl\/blog\/wp-content\/uploads\/2019\/07\/pipiekno31-e1482507493374.jpg);\"><\/div><div class=\"et_pb_slide\" style=\"background: url(https:\/\/www.bandi.pl\/blog\/wp-content\/uploads\/2019\/07\/piekno11-e1482507461660.jpg);\"><\/div>\n\t\t\t\t<\/div>\n\t\t\t<\/div>\n","protected":false},"excerpt":{"rendered":"<p>29 pa\u017adziernika br. w Toruniu odby\u0142o si\u0119 ju\u017c III Sympozjum &#8222;Pi\u0119kno mimo wszystko&#8221;organizowane przez Fundacj\u0119 \u015awiat\u0142o. W tym roku pod patronatem honorowym Marsza\u0142ka Wojew\u00f3dztwa Kujawsko-Pomorskiego oraz Prezydenta Miasta Torunia.<\/p>\n","protected":false},"author":3,"featured_media":4482,"comment_status":"open","ping_status":"open","sticky":false,"template":"","format":"standard","meta":{"_et_pb_use_builder":"","_et_pb_old_content":"","_et_gb_content_width":"","footnotes":""},"categories":[1],"tags":[67],"class_list":["post-1957","post","type-post","status-publish","format-standard","has-post-thumbnail","hentry","category-kategoria-bandi-wspiera","tag-charytatywnie"],"yoast_head":"<!-- This site is optimized with the Yoast SEO plugin v27.1.1 - https:\/\/yoast.com\/product\/yoast-seo-wordpress\/ -->\n<title>Pi\u0119kno mimo wszystko &#187; Blog BANDI<\/title>\n<meta name=\"robots\" content=\"index, follow, max-snippet:-1, max-image-preview:large, max-video-preview:-1\" \/>\n<link rel=\"canonical\" href=\"https:\/\/www.bandi.pl\/blog\/piekno-mimo-wszystko\/\" \/>\n<meta property=\"og:locale\" content=\"pl_PL\" \/>\n<meta property=\"og:type\" content=\"article\" \/>\n<meta property=\"og:title\" content=\"Pi\u0119kno mimo wszystko &#187; Blog BANDI\" \/>\n<meta property=\"og:description\" content=\"29 pa\u017adziernika br. w Toruniu odby\u0142o si\u0119 ju\u017c III Sympozjum &#8222;Pi\u0119kno mimo wszystko&#8221;organizowane przez Fundacj\u0119 \u015awiat\u0142o. W tym roku pod patronatem honorowym Marsza\u0142ka Wojew\u00f3dztwa Kujawsko-Pomorskiego oraz Prezydenta Miasta Torunia.\" \/>\n<meta property=\"og:url\" content=\"https:\/\/www.bandi.pl\/blog\/piekno-mimo-wszystko\/\" \/>\n<meta property=\"og:site_name\" content=\"Blog BANDI\" \/>\n<meta property=\"article:publisher\" content=\"https:\/\/web.facebook.com\/BANDIcosmetics\" \/>\n<meta property=\"article:published_time\" content=\"2016-11-11T15:34:12+00:00\" \/>\n<meta property=\"article:modified_time\" content=\"2019-11-21T15:48:51+00:00\" \/>\n<meta property=\"og:image\" content=\"https:\/\/www.bandi.pl\/blog\/wp-content\/uploads\/2016\/11\/piekno2-e1482507472423.jpg\" \/>\n\t<meta property=\"og:image:width\" content=\"599\" \/>\n\t<meta property=\"og:image:height\" content=\"400\" \/>\n\t<meta property=\"og:image:type\" content=\"image\/jpeg\" \/>\n<meta name=\"author\" content=\"BANDI\" \/>\n<meta name=\"twitter:card\" content=\"summary_large_image\" \/>\n<meta name=\"twitter:creator\" content=\"@bandi_cosmetics\" \/>\n<meta name=\"twitter:site\" content=\"@bandi_cosmetics\" \/>\n<meta name=\"twitter:label1\" content=\"Napisane przez\" \/>\n\t<meta name=\"twitter:data1\" content=\"BANDI\" \/>\n\t<meta name=\"twitter:label2\" content=\"Szacowany czas czytania\" \/>\n\t<meta name=\"twitter:data2\" content=\"1 minuta\" \/>\n<script type=\"application\/ld+json\" class=\"yoast-schema-graph\">{\"@context\":\"https:\/\/schema.org\",\"@graph\":[{\"@type\":\"Article\",\"@id\":\"https:\/\/www.bandi.pl\/blog\/piekno-mimo-wszystko\/#article\",\"isPartOf\":{\"@id\":\"https:\/\/www.bandi.pl\/blog\/piekno-mimo-wszystko\/\"},\"author\":{\"name\":\"BANDI\",\"@id\":\"https:\/\/www.bandi.pl\/blog\/#\/schema\/person\/6905a8e1379d84df843b078d275c5aea\"},\"headline\":\"Pi\u0119kno mimo wszystko\",\"datePublished\":\"2016-11-11T15:34:12+00:00\",\"dateModified\":\"2019-11-21T15:48:51+00:00\",\"mainEntityOfPage\":{\"@id\":\"https:\/\/www.bandi.pl\/blog\/piekno-mimo-wszystko\/\"},\"wordCount\":130,\"commentCount\":0,\"publisher\":{\"@id\":\"https:\/\/www.bandi.pl\/blog\/#organization\"},\"image\":{\"@id\":\"https:\/\/www.bandi.pl\/blog\/piekno-mimo-wszystko\/#primaryimage\"},\"thumbnailUrl\":\"https:\/\/www.bandi.pl\/blog\/wp-content\/uploads\/2016\/11\/piekno2-e1482507472423.jpg\",\"keywords\":[\"charytatywnie\"],\"articleSection\":[\"BANDI wspiera\"],\"inLanguage\":\"pl-PL\",\"potentialAction\":[{\"@type\":\"CommentAction\",\"name\":\"Comment\",\"target\":[\"https:\/\/www.bandi.pl\/blog\/piekno-mimo-wszystko\/#respond\"]}]},{\"@type\":\"WebPage\",\"@id\":\"https:\/\/www.bandi.pl\/blog\/piekno-mimo-wszystko\/\",\"url\":\"https:\/\/www.bandi.pl\/blog\/piekno-mimo-wszystko\/\",\"name\":\"Pi\u0119kno mimo wszystko &#187; Blog BANDI\",\"isPartOf\":{\"@id\":\"https:\/\/www.bandi.pl\/blog\/#website\"},\"primaryImageOfPage\":{\"@id\":\"https:\/\/www.bandi.pl\/blog\/piekno-mimo-wszystko\/#primaryimage\"},\"image\":{\"@id\":\"https:\/\/www.bandi.pl\/blog\/piekno-mimo-wszystko\/#primaryimage\"},\"thumbnailUrl\":\"https:\/\/www.bandi.pl\/blog\/wp-content\/uploads\/2016\/11\/piekno2-e1482507472423.jpg\",\"datePublished\":\"2016-11-11T15:34:12+00:00\",\"dateModified\":\"2019-11-21T15:48:51+00:00\",\"breadcrumb\":{\"@id\":\"https:\/\/www.bandi.pl\/blog\/piekno-mimo-wszystko\/#breadcrumb\"},\"inLanguage\":\"pl-PL\",\"potentialAction\":[{\"@type\":\"ReadAction\",\"target\":[\"https:\/\/www.bandi.pl\/blog\/piekno-mimo-wszystko\/\"]}]},{\"@type\":\"ImageObject\",\"inLanguage\":\"pl-PL\",\"@id\":\"https:\/\/www.bandi.pl\/blog\/piekno-mimo-wszystko\/#primaryimage\",\"url\":\"https:\/\/www.bandi.pl\/blog\/wp-content\/uploads\/2016\/11\/piekno2-e1482507472423.jpg\",\"contentUrl\":\"https:\/\/www.bandi.pl\/blog\/wp-content\/uploads\/2016\/11\/piekno2-e1482507472423.jpg\",\"width\":599,\"height\":400,\"caption\":\"II Sympozjum \\\"Pi\u0119kno mimo wszystko\\\"organizowane przez Fundacj\u0119 \u015awiat\u0142o\"},{\"@type\":\"BreadcrumbList\",\"@id\":\"https:\/\/www.bandi.pl\/blog\/piekno-mimo-wszystko\/#breadcrumb\",\"itemListElement\":[{\"@type\":\"ListItem\",\"position\":1,\"name\":\"BANDI\",\"item\":\"https:\/\/www.bandi.pl\/blog\/\"},{\"@type\":\"ListItem\",\"position\":2,\"name\":\"Pi\u0119kno mimo wszystko\"}]},{\"@type\":\"WebSite\",\"@id\":\"https:\/\/www.bandi.pl\/blog\/#website\",\"url\":\"https:\/\/www.bandi.pl\/blog\/\",\"name\":\"Blog BANDI\",\"description\":\"Czarno na bia\u0142ym o kosmetykach\",\"publisher\":{\"@id\":\"https:\/\/www.bandi.pl\/blog\/#organization\"},\"potentialAction\":[{\"@type\":\"SearchAction\",\"target\":{\"@type\":\"EntryPoint\",\"urlTemplate\":\"https:\/\/www.bandi.pl\/blog\/?s={search_term_string}\"},\"query-input\":{\"@type\":\"PropertyValueSpecification\",\"valueRequired\":true,\"valueName\":\"search_term_string\"}}],\"inLanguage\":\"pl-PL\"},{\"@type\":\"Organization\",\"@id\":\"https:\/\/www.bandi.pl\/blog\/#organization\",\"name\":\"BANDI\",\"url\":\"https:\/\/www.bandi.pl\/blog\/\",\"logo\":{\"@type\":\"ImageObject\",\"inLanguage\":\"pl-PL\",\"@id\":\"https:\/\/www.bandi.pl\/blog\/#\/schema\/logo\/image\/\",\"url\":\"https:\/\/www.bandi.pl\/blog\/wp-content\/uploads\/2019\/06\/bandi-logo.png\",\"contentUrl\":\"https:\/\/www.bandi.pl\/blog\/wp-content\/uploads\/2019\/06\/bandi-logo.png\",\"width\":264,\"height\":111,\"caption\":\"BANDI\"},\"image\":{\"@id\":\"https:\/\/www.bandi.pl\/blog\/#\/schema\/logo\/image\/\"},\"sameAs\":[\"https:\/\/web.facebook.com\/BANDIcosmetics\",\"https:\/\/x.com\/bandi_cosmetics\",\"https:\/\/www.instagram.com\/bandi_cosmetics\/\",\"https:\/\/www.pinterest.com\/bandicosmetics\/\",\"https:\/\/www.youtube.com\/user\/BandiCosmeticsPolska\"]},{\"@type\":\"Person\",\"@id\":\"https:\/\/www.bandi.pl\/blog\/#\/schema\/person\/6905a8e1379d84df843b078d275c5aea\",\"name\":\"BANDI\",\"sameAs\":[\"https:\/\/www.bandi.pl\/blog\"]}]}<\/script>\n<!-- \/ Yoast SEO plugin. -->","yoast_head_json":{"title":"Pi\u0119kno mimo wszystko &#187; Blog BANDI","robots":{"index":"index","follow":"follow","max-snippet":"max-snippet:-1","max-image-preview":"max-image-preview:large","max-video-preview":"max-video-preview:-1"},"canonical":"https:\/\/www.bandi.pl\/blog\/piekno-mimo-wszystko\/","og_locale":"pl_PL","og_type":"article","og_title":"Pi\u0119kno mimo wszystko &#187; Blog BANDI","og_description":"29 pa\u017adziernika br. w Toruniu odby\u0142o si\u0119 ju\u017c III Sympozjum &#8222;Pi\u0119kno mimo wszystko&#8221;organizowane przez Fundacj\u0119 \u015awiat\u0142o. W tym roku pod patronatem honorowym Marsza\u0142ka Wojew\u00f3dztwa Kujawsko-Pomorskiego oraz Prezydenta Miasta Torunia.","og_url":"https:\/\/www.bandi.pl\/blog\/piekno-mimo-wszystko\/","og_site_name":"Blog BANDI","article_publisher":"https:\/\/web.facebook.com\/BANDIcosmetics","article_published_time":"2016-11-11T15:34:12+00:00","article_modified_time":"2019-11-21T15:48:51+00:00","og_image":[{"width":599,"height":400,"url":"https:\/\/www.bandi.pl\/blog\/wp-content\/uploads\/2016\/11\/piekno2-e1482507472423.jpg","type":"image\/jpeg"}],"author":"BANDI","twitter_card":"summary_large_image","twitter_creator":"@bandi_cosmetics","twitter_site":"@bandi_cosmetics","twitter_misc":{"Napisane przez":"BANDI","Szacowany czas czytania":"1 minuta"},"schema":{"@context":"https:\/\/schema.org","@graph":[{"@type":"Article","@id":"https:\/\/www.bandi.pl\/blog\/piekno-mimo-wszystko\/#article","isPartOf":{"@id":"https:\/\/www.bandi.pl\/blog\/piekno-mimo-wszystko\/"},"author":{"name":"BANDI","@id":"https:\/\/www.bandi.pl\/blog\/#\/schema\/person\/6905a8e1379d84df843b078d275c5aea"},"headline":"Pi\u0119kno mimo wszystko","datePublished":"2016-11-11T15:34:12+00:00","dateModified":"2019-11-21T15:48:51+00:00","mainEntityOfPage":{"@id":"https:\/\/www.bandi.pl\/blog\/piekno-mimo-wszystko\/"},"wordCount":130,"commentCount":0,"publisher":{"@id":"https:\/\/www.bandi.pl\/blog\/#organization"},"image":{"@id":"https:\/\/www.bandi.pl\/blog\/piekno-mimo-wszystko\/#primaryimage"},"thumbnailUrl":"https:\/\/www.bandi.pl\/blog\/wp-content\/uploads\/2016\/11\/piekno2-e1482507472423.jpg","keywords":["charytatywnie"],"articleSection":["BANDI wspiera"],"inLanguage":"pl-PL","potentialAction":[{"@type":"CommentAction","name":"Comment","target":["https:\/\/www.bandi.pl\/blog\/piekno-mimo-wszystko\/#respond"]}]},{"@type":"WebPage","@id":"https:\/\/www.bandi.pl\/blog\/piekno-mimo-wszystko\/","url":"https:\/\/www.bandi.pl\/blog\/piekno-mimo-wszystko\/","name":"Pi\u0119kno mimo wszystko &#187; Blog BANDI","isPartOf":{"@id":"https:\/\/www.bandi.pl\/blog\/#website"},"primaryImageOfPage":{"@id":"https:\/\/www.bandi.pl\/blog\/piekno-mimo-wszystko\/#primaryimage"},"image":{"@id":"https:\/\/www.bandi.pl\/blog\/piekno-mimo-wszystko\/#primaryimage"},"thumbnailUrl":"https:\/\/www.bandi.pl\/blog\/wp-content\/uploads\/2016\/11\/piekno2-e1482507472423.jpg","datePublished":"2016-11-11T15:34:12+00:00","dateModified":"2019-11-21T15:48:51+00:00","breadcrumb":{"@id":"https:\/\/www.bandi.pl\/blog\/piekno-mimo-wszystko\/#breadcrumb"},"inLanguage":"pl-PL","potentialAction":[{"@type":"ReadAction","target":["https:\/\/www.bandi.pl\/blog\/piekno-mimo-wszystko\/"]}]},{"@type":"ImageObject","inLanguage":"pl-PL","@id":"https:\/\/www.bandi.pl\/blog\/piekno-mimo-wszystko\/#primaryimage","url":"https:\/\/www.bandi.pl\/blog\/wp-content\/uploads\/2016\/11\/piekno2-e1482507472423.jpg","contentUrl":"https:\/\/www.bandi.pl\/blog\/wp-content\/uploads\/2016\/11\/piekno2-e1482507472423.jpg","width":599,"height":400,"caption":"II Sympozjum \"Pi\u0119kno mimo wszystko\"organizowane przez Fundacj\u0119 \u015awiat\u0142o"},{"@type":"BreadcrumbList","@id":"https:\/\/www.bandi.pl\/blog\/piekno-mimo-wszystko\/#breadcrumb","itemListElement":[{"@type":"ListItem","position":1,"name":"BANDI","item":"https:\/\/www.bandi.pl\/blog\/"},{"@type":"ListItem","position":2,"name":"Pi\u0119kno mimo wszystko"}]},{"@type":"WebSite","@id":"https:\/\/www.bandi.pl\/blog\/#website","url":"https:\/\/www.bandi.pl\/blog\/","name":"Blog BANDI","description":"Czarno na bia\u0142ym o kosmetykach","publisher":{"@id":"https:\/\/www.bandi.pl\/blog\/#organization"},"potentialAction":[{"@type":"SearchAction","target":{"@type":"EntryPoint","urlTemplate":"https:\/\/www.bandi.pl\/blog\/?s={search_term_string}"},"query-input":{"@type":"PropertyValueSpecification","valueRequired":true,"valueName":"search_term_string"}}],"inLanguage":"pl-PL"},{"@type":"Organization","@id":"https:\/\/www.bandi.pl\/blog\/#organization","name":"BANDI","url":"https:\/\/www.bandi.pl\/blog\/","logo":{"@type":"ImageObject","inLanguage":"pl-PL","@id":"https:\/\/www.bandi.pl\/blog\/#\/schema\/logo\/image\/","url":"https:\/\/www.bandi.pl\/blog\/wp-content\/uploads\/2019\/06\/bandi-logo.png","contentUrl":"https:\/\/www.bandi.pl\/blog\/wp-content\/uploads\/2019\/06\/bandi-logo.png","width":264,"height":111,"caption":"BANDI"},"image":{"@id":"https:\/\/www.bandi.pl\/blog\/#\/schema\/logo\/image\/"},"sameAs":["https:\/\/web.facebook.com\/BANDIcosmetics","https:\/\/x.com\/bandi_cosmetics","https:\/\/www.instagram.com\/bandi_cosmetics\/","https:\/\/www.pinterest.com\/bandicosmetics\/","https:\/\/www.youtube.com\/user\/BandiCosmeticsPolska"]},{"@type":"Person","@id":"https:\/\/www.bandi.pl\/blog\/#\/schema\/person\/6905a8e1379d84df843b078d275c5aea","name":"BANDI","sameAs":["https:\/\/www.bandi.pl\/blog"]}]}},"_links":{"self":[{"href":"https:\/\/www.bandi.pl\/blog\/wp-json\/wp\/v2\/posts\/1957","targetHints":{"allow":["GET"]}}],"collection":[{"href":"https:\/\/www.bandi.pl\/blog\/wp-json\/wp\/v2\/posts"}],"about":[{"href":"https:\/\/www.bandi.pl\/blog\/wp-json\/wp\/v2\/types\/post"}],"author":[{"embeddable":true,"href":"https:\/\/www.bandi.pl\/blog\/wp-json\/wp\/v2\/users\/3"}],"replies":[{"embeddable":true,"href":"https:\/\/www.bandi.pl\/blog\/wp-json\/wp\/v2\/comments?post=1957"}],"version-history":[{"count":1,"href":"https:\/\/www.bandi.pl\/blog\/wp-json\/wp\/v2\/posts\/1957\/revisions"}],"predecessor-version":[{"id":4487,"href":"https:\/\/www.bandi.pl\/blog\/wp-json\/wp\/v2\/posts\/1957\/revisions\/4487"}],"wp:featuredmedia":[{"embeddable":true,"href":"https:\/\/www.bandi.pl\/blog\/wp-json\/wp\/v2\/media\/4482"}],"wp:attachment":[{"href":"https:\/\/www.bandi.pl\/blog\/wp-json\/wp\/v2\/media?parent=1957"}],"wp:term":[{"taxonomy":"category","embeddable":true,"href":"https:\/\/www.bandi.pl\/blog\/wp-json\/wp\/v2\/categories?post=1957"},{"taxonomy":"post_tag","embeddable":true,"href":"https:\/\/www.bandi.pl\/blog\/wp-json\/wp\/v2\/tags?post=1957"}],"curies":[{"name":"wp","href":"https:\/\/api.w.org\/{rel}","templated":true}]}}