{"id":18727,"date":"2024-05-16T08:53:30","date_gmt":"2024-05-16T06:53:30","guid":{"rendered":"https:\/\/www.bandi.pl\/blog\/?p=18727"},"modified":"2026-01-28T16:00:49","modified_gmt":"2026-01-28T15:00:49","slug":"kosmetyczny-prezent-dla-mamy-podpowiadamy-co-wybrac","status":"publish","type":"post","link":"https:\/\/www.bandi.pl\/blog\/kosmetyczny-prezent-dla-mamy-podpowiadamy-co-wybrac\/","title":{"rendered":"Kosmetyczny prezent dla Mamy &#8211; podpowiadamy co wybra\u0107"},"content":{"rendered":"\n<p>Dzie\u0144 Matki to \u015bwi\u0119to kosmopolityczne obchodzone na r\u00f3\u017cne sposoby w wielu krajach \u015bwiata. Wsz\u0119dzie mamy doceniane s\u0105 za trud w\u0142o\u017cony w opiek\u0119 i wychowanie dzieci, wsparcie w ci\u0119\u017ckich chwilach, za ich trosk\u0119 ciep\u0142o, pomoc i bezwarunkow\u0105 mi\u0142o\u015b\u0107.<\/p>\n\n\n\n<h2 class=\"wp-block-heading\">Historia i ciekawostki<\/h2>\n\n\n\n<p>Pocz\u0105tki tego \u015bwi\u0119ta si\u0119gaj\u0105 czas\u00f3w staro\u017cytnych Grek\u00f3w i Rzymian. Kultem otaczano wtedy matki-boginie, symbole p\u0142odno\u015bci i urodzaju. W p\u00f3\u017aniejszych czasach Cesarstwo Rzymskie przyj\u0119\u0142o chrze\u015bcija\u0144stwo i tym samym zabroniono wyznawania innych bog\u00f3w.<\/p>\n\n\n\n<p>Zwyczaj ten powr\u00f3ci\u0142 w siedemnastowiecznej Anglii pod nazw\u0105 niedziela u matki. Pocz\u0105tkowo co roku w czwart\u0105 niedziel\u0119 postu odprawiano mod\u0142y w najbli\u017cszej katedrze. Do tradycji nale\u017ca\u0142o sk\u0142adanie matce podarunk\u00f3w, g\u0142\u00f3wnie kwiat\u00f3w i s\u0142odyczy, w zamian za otrzymane b\u0142ogos\u0142awie\u0144stwo. Zwyczaj przetrwa\u0142 do XIX wieku. Ponownie zacz\u0119to go obchodzi\u0107 po zako\u0144czeniu II wojny \u015bwiatowej.<\/p>\n\n\n\n<p>Inaczej historia tego \u015bwi\u0119ta przedstawia si\u0119 w Stanach Zjednoczonych. W 1858 roku ameryka\u0144ska nauczycielka Ann Maria Reeves Jarvis og\u0142osi\u0142a Dni Matczynej Pracy, za\u015b od 1872 roku Dzie\u0144 Matek dla Pokoju promowa\u0142a Julia Ward Howe. Annie Marie Jarvis, c\u00f3rce Ann Jarvis, w 1905 roku uda\u0142o si\u0119 ustanowi\u0107 Dzie\u0144 Matki. Z czasem zwyczaj ten rozpowszechni\u0142 si\u0119 na niemal wszystkie stany. W 1914 roku Kongres Stan\u00f3w Zjednoczonych uzna\u0142 przypadaj\u0105cy na drug\u0105 niedziel\u0119 maja Dzie\u0144 Matki za \u015bwi\u0119to narodowe.<\/p>\n\n\n\n<p>Na terenach Polski Dzie\u0144 Matki obchodzono podobno pierwszy raz 26 maja ju\u017c w roku 1914 w Krakowie. Jednak wydaje si\u0119, \u017ce w przedwojennej Polsce nie by\u0142o ustalonej corocznej daty, tylko np. niedziela 13 maja 1934 roku, niedziela 7 maja 1939 roku. 26 maja zwyci\u0119\u017cy\u0142 i obecnie \u015bwi\u0119tujemy w\u0142a\u015bnie tego dnia.<\/p>\n\n\n\n<h2 class=\"wp-block-heading\">Dzie\u0144 matki na \u015bwiecie<\/h2>\n\n\n\n<p>Dzie\u0144 Matki to \u015bwi\u0119to ruchome obchodzone w r\u00f3\u017cnych terminach w r\u00f3\u017cnych krajach. I tak najwcze\u015bniej celebrowane jest w Norwegii, gdzie przypada na drug\u0105 niedziel\u0119 lutego. Gruzini \u015bwi\u0119tuj\u0105 3 marca, a pi\u0119\u0107 dni p\u00f3\u017aniej kolejne narody. 8 marca Dzie\u0144 Matki obchodzony jest m.in. Afganistanie, Armenii, Azerbejd\u017canie, Bia\u0142orusi, Kazachstanie, Laosie, Macedonii, Maroku czy Wietnamie.<\/p>\n\n\n\n<p>W Wielkiej Brytanii, Irlandii i Nigerii \u015bwi\u0119to matki przypada na czwart\u0105 niedziel\u0119 wielkiego postu. A w wi\u0119kszo\u015bci pa\u0144stw arabskich na 21 marca. Jednak w najwi\u0119kszej liczbie kraj\u00f3w \u015bwi\u0119to obchodzi si\u0119 w maju, w Belgii, Brazylii, Kanadzie, Czechach, Niemczech, we W\u0142oszech i na S\u0142owacji w drug\u0105 niedziel\u0119 miesi\u0105ca, we Francji, Algierii, Tunezji i Szwecji ostatni\u0105.<\/p>\n\n\n\n<p>W niekt\u00f3rych krajach Dzie\u0144 Matki uto\u017csamiano z Dniem Kobiet 8 marca. Tak jest np. w Rosji, Bu\u0142garii, Bia\u0142orusi czy Chinach. W innych pa\u0144stwach z kolei jest to dzie\u0144 wolny od pracy, a w USA \u015bwi\u0119to narodowe, przypadaj\u0105ce na drug\u0105 niedziel\u0119 maja. Ciekawostk\u0105 jest Tajlandia, w kt\u00f3rej kr\u00f3l ustanowi\u0142 Dzie\u0144 Matki \u015bwi\u0119tem pa\u0144stwowym 12 sierpnia, bo tego samego dnia urodzi\u0142a si\u0119 jego w\u0142asna mama.<\/p>\n\n\n\n<h2 class=\"wp-block-heading\">Prezent dla Mamy<\/h2>\n\n\n\n<p>Na ca\u0142ym \u015bwiecie w Dniu Matki, oboj\u0119tnie, kiedy obchodzonym chcemy wyrazi\u0107 mamom swoj\u0105 mi\u0142o\u015b\u0107, wdzi\u0119czno\u015b\u0107 i szacunek na r\u00f3\u017cne sposoby. Mog\u0105 to by\u0107 w\u0142asnor\u0119cznie zrobione kartki, upominki, prezenty do\u015bwiadczenia w postaci wycieczek, zwiedzania czy inaczej sp\u0119dzonego wsp\u00f3lnego czasu, kwiaty, s\u0142odko\u015bci i \u2026.kosmetyki. Z ka\u017cdego prezentu mamy si\u0119 uciesz\u0105.<\/p>\n\n\n\n<p>Je\u015bli zdecydujemy si\u0119 na prezent kosmetyczny \u015bwietnym pomys\u0142em b\u0119d\u0105 atrakcyjne zestawy kosmetyk\u00f3w dobranych do cery mamy.<\/p>\n\n\n\n<p><a href=\"https:\/\/www.bandi.pl\/sklep\/katalog\/seria\/106_biostimulate-lift-care\/\">Biostymulate Lift Care<\/a>, innowacyjne preparaty przeciwstarzeniowe, kt\u00f3re umo\u017cliwiaj\u0105 nieinwazyjn\u0105 biostymulacj\u0119 sk\u00f3ry czynnikami wzrostu kom\u00f3rkowego. Zapewniaj\u0105 skuteczn\u0105 piel\u0119gnacj\u0119 i wielopoziomowy remodeling sk\u00f3ry. Dzia\u0142aj\u0105 przeciwzmarszczkowo, poprawiaj\u0105 owal twarzy oraz poziom nawil\u017cenia i od\u017cywienia cery. Widocznie j\u0105 uj\u0119drniaj\u0105 i uelastyczniaj\u0105.<\/p>\n\n\n\n<figure class=\"wp-block-image aligncenter size-large is-resized\"><a href=\"https:\/\/www.bandi.pl\/sklep\/katalog\/seria\/106_biostimulate-lift-care\/\"><img loading=\"lazy\" decoding=\"async\" width=\"705\" height=\"500\" src=\"https:\/\/www.bandi.pl\/blog\/wp-content\/uploads\/2024\/05\/Projekt-bez-nazwy-2-3-705x500.png\" alt=\"\" class=\"wp-image-18734\" style=\"aspect-ratio:1.41;width:268px;height:auto\"\/><\/a><\/figure>\n\n\n\n<p><a href=\"https:\/\/www.bandi.pl\/sklep\/katalog\/seria\/101_well-aging\/\">Well aging<\/a>, kobiece, koj\u0105ce zmys\u0142y i pobudzaj\u0105ce umys\u0142, delikatnie aromatyczne preparaty do ka\u017cdego rodzaju ceru. Ich stosowania jest prawdziw\u0105 przyjemno\u015bci\u0105, kt\u00f3ra odpr\u0119\u017ca i relaksuje. Poza tym spowalniaj\u0105 proces starzenia, poprawiaj\u0105 poziom nawil\u017cenia, j\u0119drno\u015b\u0107 i koloryt sk\u00f3ry. A to dzi\u0119ki zastosowaniu w ich recepturze m.in. globalnie odm\u0142adzaj\u0105cego owocu d\u0142ugowieczno\u015bci, innowacyjnego heksapeptydu biomimetycznego i regeneruj\u0105cego oleju marula.<\/p>\n\n\n\n<figure class=\"wp-block-image aligncenter size-large is-resized\"><a href=\"https:\/\/www.bandi.pl\/sklep\/katalog\/seria\/101_well-aging\/\"><img loading=\"lazy\" decoding=\"async\" width=\"750\" height=\"500\" src=\"https:\/\/www.bandi.pl\/blog\/wp-content\/uploads\/2024\/05\/27-10-9386-750x500.jpg\" alt=\"\" class=\"wp-image-18731\" style=\"aspect-ratio:1.5;width:272px;height:auto\"\/><\/a><\/figure>\n\n\n\n<p><a href=\"https:\/\/www.bandi.pl\/sklep\/katalog\/seria\/35_gold-philosophy\/\">Gold Philosophy<\/a> czyli pi\u0119kne, luksusowe, koronkowe buteleczki, w kt\u00f3rych ukryto moc odm\u0142adzaj\u0105cych peptyd\u00f3w, przeciwzmarszczkowego z\u0142ota i od\u017cywczych protein ry\u017cowych. Preparaty Gold Philosophy poprawiaj\u0105 j\u0119drno\u015b\u0107, napi\u0119cie i spr\u0119\u017cysto\u015b\u0107 sk\u00f3ry, sp\u0142ycaj\u0105 zmarszczki wszelkiego rodzaju, odm\u0142adzaj\u0105 i unosz\u0105 kontur twarzy.<\/p>\n\n\n\n<figure class=\"wp-block-image aligncenter size-large is-resized\"><a href=\"https:\/\/www.bandi.pl\/sklep\/katalog\/seria\/35_gold-philosophy\/\"><img loading=\"lazy\" decoding=\"async\" width=\"750\" height=\"500\" src=\"https:\/\/www.bandi.pl\/blog\/wp-content\/uploads\/2024\/05\/untitled-4791-Edit-750x500.jpg\" alt=\"\" class=\"wp-image-18732\" style=\"aspect-ratio:1.5;width:274px;height:auto\"\/><\/a><\/figure>\n\n\n\n<p>Ka\u017cdy prezent dany od serca i z mi\u0142o\u015bci\u0105 sprawi mamie wielk\u0105 rado\u015b\u0107 i wywo\u0142a promienny u\u015bmiech na jej twarzy. <\/p>\n\n\n\n<div class=\"wp-block-divi-layout\">[et_pb_section admin_label=&#8221;section&#8221;][et_pb_row admin_label=&#8221;row&#8221;][\/et_pb_row][\/et_pb_section]<\/div>\n\n\n\n<div class=\"wp-block-divi-layout\">[et_pb_section fb_built=&#8221;1&#8243; theme_builder_area=&#8221;post_content&#8221; _builder_version=&#8221;4.22.2&#8243; _module_preset=&#8221;default&#8221;][\/et_pb_section][et_pb_section fb_built=&#8221;1&#8243; _builder_version=&#8221;4.16&#8243; top_divider_style=&#8221;arrow&#8221; top_divider_color=&#8221;rgba(255,166,168,0.75)&#8221; top_divider_height=&#8221;1px&#8221; bottom_divider_style=&#8221;arrow&#8221; bottom_divider_color=&#8221;rgba(255,166,168,0.75)&#8221; bottom_divider_height=&#8221;1px&#8221; global_colors_info=&#8221;{}&#8221; theme_builder_area=&#8221;post_content&#8221;][et_pb_row column_structure=&#8221;1_2,1_2&#8243; _builder_version=&#8221;4.16&#8243; width=&#8221;100%&#8221; module_alignment=&#8221;left&#8221; custom_margin=&#8221;||||false|false&#8221; global_colors_info=&#8221;{}&#8221; theme_builder_area=&#8221;post_content&#8221;][et_pb_column type=&#8221;1_2&#8243; _builder_version=&#8221;4.16&#8243; global_colors_info=&#8221;{}&#8221; theme_builder_area=&#8221;post_content&#8221;][et_pb_text _builder_version=&#8221;4.22.2&#8243; text_font=&#8221;Raleway Bold||||||||&#8221; text_text_color=&#8221;rgba(255,166,168,0.75)&#8221; text_font_size=&#8221;55px&#8221; text_letter_spacing=&#8221;9px&#8221; text_line_height=&#8221;1em&#8221; header_font_size=&#8221;39px&#8221; min_height=&#8221;23px&#8221; custom_margin=&#8221;40px||||false|false&#8221; link_option_url=&#8221;https:\/\/www.bandi.pl\/sklep\/lp\/dzien-mamy\/&#8221; hover_enabled=&#8221;0&#8243; inline_fonts=&#8221;Raleway Bold&#8221; global_colors_info=&#8221;{}&#8221; theme_builder_area=&#8221;post_content&#8221; sticky_enabled=&#8221;0&#8243;]<p style=\"text-align: center;\"><span style=\"font-size: xx-large; font-family: inherit; font-weight: normal;\"><strong>PREZENT DLA MAMY<\/strong><\/span><\/p>\n<p style=\"text-align: center;\"><span style=\"font-size: xx-large; font-family: inherit; font-weight: normal;\"><strong><\/strong><\/span><\/p>[\/et_pb_text][et_pb_text _builder_version=&#8221;4.22.2&#8243; text_font=&#8221;Raleway Regular||||||||&#8221; text_text_color=&#8221;#b8b8b8&#8243; text_font_size=&#8221;22px&#8221; text_line_height=&#8221;1.5em&#8221; link_option_url=&#8221;https:\/\/www.bandi.pl\/sklep\/lp\/dzien-mamy\/&#8221; hover_enabled=&#8221;0&#8243; global_colors_info=&#8221;{}&#8221; theme_builder_area=&#8221;post_content&#8221; sticky_enabled=&#8221;0&#8243;]<p style=\"text-align: center;\">Mamy co\u015b dla ka\u017cdej Mamy!<\/p>[\/et_pb_text][et_pb_button button_url=&#8221;https:\/\/www.bandi.pl\/sklep\/lp\/dzien-mamy\/&#8221; button_text=&#8221;ZOBACZ&#8221; button_alignment=&#8221;center&#8221; disabled_on=&#8221;off|off|off&#8221; _builder_version=&#8221;4.22.2&#8243; custom_button=&#8221;on&#8221; button_text_size=&#8221;20px&#8221; button_text_color=&#8221;#ffffff&#8221; button_border_radius=&#8221;25px&#8221; button_font=&#8221;Bree Serif||||||||&#8221; background_layout=&#8221;dark&#8221; custom_padding=&#8221;12px|30px|12px|30px|true|true&#8221; hover_transition_duration=&#8221;0ms&#8221; hover_enabled=&#8221;0&#8243; box_shadow_style=&#8221;preset3&#8243; global_colors_info=&#8221;{}&#8221; theme_builder_area=&#8221;post_content&#8221; sticky_enabled=&#8221;0&#8243;][\/et_pb_button][\/et_pb_column][et_pb_column type=&#8221;1_2&#8243; _builder_version=&#8221;4.16&#8243; global_colors_info=&#8221;{}&#8221; theme_builder_area=&#8221;post_content&#8221;][et_pb_image src=&#8221;https:\/\/www.bandi.pl\/blog\/wp-content\/uploads\/2024\/05\/SWIETA-zestaw-028-scaled.jpg&#8221; title_text=&#8221;SWIETA zestaw-028&#8243; url=&#8221;https:\/\/www.bandi.pl\/sklep\/lp\/dzien-mamy\/&#8221; align=&#8221;center&#8221; _builder_version=&#8221;4.22.2&#8243; width=&#8221;100%&#8221; global_colors_info=&#8221;{}&#8221; theme_builder_area=&#8221;post_content&#8221;][\/et_pb_image][\/et_pb_column][\/et_pb_row][\/et_pb_section]<\/div>\n","protected":false},"excerpt":{"rendered":"<p>Dzie\u0144 Matki to \u015bwi\u0119to kosmopolityczne obchodzone na r\u00f3\u017cne sposoby w wielu krajach \u015bwiata. Wsz\u0119dzie mamy doceniane s\u0105 za trud w\u0142o\u017cony w opiek\u0119 i wychowanie dzieci, wsparcie w ci\u0119\u017ckich chwilach, za ich trosk\u0119 ciep\u0142o, pomoc i bezwarunkow\u0105 mi\u0142o\u015b\u0107. Historia i ciekawostki Pocz\u0105tki tego \u015bwi\u0119ta si\u0119gaj\u0105 czas\u00f3w staro\u017cytnych Grek\u00f3w i Rzymian. Kultem otaczano wtedy matki-boginie, symbole p\u0142odno\u015bci [&hellip;]<\/p>\n","protected":false},"author":13,"featured_media":18736,"comment_status":"open","ping_status":"closed","sticky":false,"template":"","format":"standard","meta":{"_et_pb_use_builder":"off","_et_pb_old_content":"","_et_gb_content_width":"","footnotes":""},"categories":[2980,1817],"tags":[3445,6262,8415,5389,4152,4232,4148,7762,4031,4334,7764,5457,58,4230,5868],"class_list":["post-18727","post","type-post","status-publish","format-standard","has-post-thumbnail","hentry","category-edyta-bilobran","category-kategoria-pielegnacja-i-kosmetyki","tag-bandi","tag-dzien-matki","tag-jaki-prezent-dla-mamy","tag-kosmetyki-na-prezent","tag-kosmetyki-odmladzajace","tag-kosmetyki-profesjonalne","tag-kosmetyki-przeciwzmarszczkowe","tag-krem-dla-mamy","tag-krem-nawilzajacy","tag-krem-odmladzajacy","tag-krem-przecistarzeniowy","tag-krem-przeciw-zmarszczkom","tag-kwas-hialuronowy","tag-pielegnacja-profesjonalna","tag-pielegnacja-twarzy"],"yoast_head":"<!-- This site is optimized with the Yoast SEO plugin v27.1.1 - https:\/\/yoast.com\/product\/yoast-seo-wordpress\/ -->\n<title>Kosmetyczny prezent dla Mamy - podpowiadamy co wybra\u0107 &#187; Blog BANDI<\/title>\n<meta name=\"description\" content=\"Trafiony prezent na Dzie\u0144 Mamy to zestaw kosmetyk\u00f3w dobranych do potrzeb Jej sk\u00f3ry. Ka\u017cdy prezent dany od serca i z mi\u0142o\u015bci\u0105 sprawi Mamie wielk\u0105 rado\u015b\u0107.\" \/>\n<meta name=\"robots\" content=\"index, follow, max-snippet:-1, max-image-preview:large, max-video-preview:-1\" \/>\n<link rel=\"canonical\" href=\"https:\/\/www.bandi.pl\/blog\/kosmetyczny-prezent-dla-mamy-podpowiadamy-co-wybrac\/\" \/>\n<meta property=\"og:locale\" content=\"pl_PL\" \/>\n<meta property=\"og:type\" content=\"article\" \/>\n<meta property=\"og:title\" content=\"Kosmetyczny prezent dla Mamy - podpowiadamy co wybra\u0107 &#187; Blog BANDI\" \/>\n<meta property=\"og:description\" content=\"Trafiony prezent na Dzie\u0144 Mamy to zestaw kosmetyk\u00f3w dobranych do potrzeb Jej sk\u00f3ry. Ka\u017cdy prezent dany od serca i z mi\u0142o\u015bci\u0105 sprawi Mamie wielk\u0105 rado\u015b\u0107.\" \/>\n<meta property=\"og:url\" content=\"https:\/\/www.bandi.pl\/blog\/kosmetyczny-prezent-dla-mamy-podpowiadamy-co-wybrac\/\" \/>\n<meta property=\"og:site_name\" content=\"Blog BANDI\" \/>\n<meta property=\"article:publisher\" content=\"https:\/\/web.facebook.com\/BANDIcosmetics\" \/>\n<meta property=\"article:published_time\" content=\"2024-05-16T06:53:30+00:00\" \/>\n<meta property=\"article:modified_time\" content=\"2026-01-28T15:00:49+00:00\" \/>\n<meta property=\"og:image\" content=\"https:\/\/www.bandi.pl\/blog\/wp-content\/uploads\/2024\/05\/MG_0196-scaled.jpg\" \/>\n\t<meta property=\"og:image:width\" content=\"2560\" \/>\n\t<meta property=\"og:image:height\" content=\"1707\" \/>\n\t<meta property=\"og:image:type\" content=\"image\/jpeg\" \/>\n<meta name=\"author\" content=\"Ilona Kiraga\" \/>\n<meta name=\"twitter:card\" content=\"summary_large_image\" \/>\n<meta name=\"twitter:creator\" content=\"@bandi_cosmetics\" \/>\n<meta name=\"twitter:site\" content=\"@bandi_cosmetics\" \/>\n<meta name=\"twitter:label1\" content=\"Napisane przez\" \/>\n\t<meta name=\"twitter:data1\" content=\"Ilona Kiraga\" \/>\n\t<meta name=\"twitter:label2\" content=\"Szacowany czas czytania\" \/>\n\t<meta name=\"twitter:data2\" content=\"6 minut\" \/>\n<script type=\"application\/ld+json\" class=\"yoast-schema-graph\">{\"@context\":\"https:\/\/schema.org\",\"@graph\":[{\"@type\":\"Article\",\"@id\":\"https:\/\/www.bandi.pl\/blog\/kosmetyczny-prezent-dla-mamy-podpowiadamy-co-wybrac\/#article\",\"isPartOf\":{\"@id\":\"https:\/\/www.bandi.pl\/blog\/kosmetyczny-prezent-dla-mamy-podpowiadamy-co-wybrac\/\"},\"author\":{\"name\":\"Ilona Kiraga\",\"@id\":\"https:\/\/www.bandi.pl\/blog\/#\/schema\/person\/5ba05af1a18c58f1c31d4ae051ec9499\"},\"headline\":\"Kosmetyczny prezent dla Mamy &#8211; podpowiadamy co wybra\u0107\",\"datePublished\":\"2024-05-16T06:53:30+00:00\",\"dateModified\":\"2026-01-28T15:00:49+00:00\",\"mainEntityOfPage\":{\"@id\":\"https:\/\/www.bandi.pl\/blog\/kosmetyczny-prezent-dla-mamy-podpowiadamy-co-wybrac\/\"},\"wordCount\":1156,\"commentCount\":0,\"publisher\":{\"@id\":\"https:\/\/www.bandi.pl\/blog\/#organization\"},\"image\":{\"@id\":\"https:\/\/www.bandi.pl\/blog\/kosmetyczny-prezent-dla-mamy-podpowiadamy-co-wybrac\/#primaryimage\"},\"thumbnailUrl\":\"https:\/\/www.bandi.pl\/blog\/wp-content\/uploads\/2024\/05\/MG_0196-scaled.jpg\",\"keywords\":[\"Bandi\",\"Dzie\u0144 Matki\",\"jaki prezent dla mamy\",\"kosmetyki na prezent\",\"kosmetyki odm\u0142adzaj\u0105ce\",\"kosmetyki profesjonalne\",\"kosmetyki przeciwzmarszczkowe\",\"krem dla mamy\",\"krem nawil\u017cajacy\",\"krem odm\u0142adzaj\u0105cy\",\"krem przecistarzeniowy\",\"krem przeciw zmarszczkom\",\"kwas hialuronowy\",\"piel\u0119gnacja profesjonalna\",\"piel\u0119gnacja twarzy\"],\"articleSection\":[\"Edyta Bi\u0142obran\",\"Piel\u0119gnacja i kosmetyki\"],\"inLanguage\":\"pl-PL\",\"potentialAction\":[{\"@type\":\"CommentAction\",\"name\":\"Comment\",\"target\":[\"https:\/\/www.bandi.pl\/blog\/kosmetyczny-prezent-dla-mamy-podpowiadamy-co-wybrac\/#respond\"]}]},{\"@type\":\"WebPage\",\"@id\":\"https:\/\/www.bandi.pl\/blog\/kosmetyczny-prezent-dla-mamy-podpowiadamy-co-wybrac\/\",\"url\":\"https:\/\/www.bandi.pl\/blog\/kosmetyczny-prezent-dla-mamy-podpowiadamy-co-wybrac\/\",\"name\":\"Kosmetyczny prezent dla Mamy - podpowiadamy co wybra\u0107 &#187; Blog BANDI\",\"isPartOf\":{\"@id\":\"https:\/\/www.bandi.pl\/blog\/#website\"},\"primaryImageOfPage\":{\"@id\":\"https:\/\/www.bandi.pl\/blog\/kosmetyczny-prezent-dla-mamy-podpowiadamy-co-wybrac\/#primaryimage\"},\"image\":{\"@id\":\"https:\/\/www.bandi.pl\/blog\/kosmetyczny-prezent-dla-mamy-podpowiadamy-co-wybrac\/#primaryimage\"},\"thumbnailUrl\":\"https:\/\/www.bandi.pl\/blog\/wp-content\/uploads\/2024\/05\/MG_0196-scaled.jpg\",\"datePublished\":\"2024-05-16T06:53:30+00:00\",\"dateModified\":\"2026-01-28T15:00:49+00:00\",\"description\":\"Trafiony prezent na Dzie\u0144 Mamy to zestaw kosmetyk\u00f3w dobranych do potrzeb Jej sk\u00f3ry. Ka\u017cdy prezent dany od serca i z mi\u0142o\u015bci\u0105 sprawi Mamie wielk\u0105 rado\u015b\u0107.\",\"breadcrumb\":{\"@id\":\"https:\/\/www.bandi.pl\/blog\/kosmetyczny-prezent-dla-mamy-podpowiadamy-co-wybrac\/#breadcrumb\"},\"inLanguage\":\"pl-PL\",\"potentialAction\":[{\"@type\":\"ReadAction\",\"target\":[\"https:\/\/www.bandi.pl\/blog\/kosmetyczny-prezent-dla-mamy-podpowiadamy-co-wybrac\/\"]}]},{\"@type\":\"ImageObject\",\"inLanguage\":\"pl-PL\",\"@id\":\"https:\/\/www.bandi.pl\/blog\/kosmetyczny-prezent-dla-mamy-podpowiadamy-co-wybrac\/#primaryimage\",\"url\":\"https:\/\/www.bandi.pl\/blog\/wp-content\/uploads\/2024\/05\/MG_0196-scaled.jpg\",\"contentUrl\":\"https:\/\/www.bandi.pl\/blog\/wp-content\/uploads\/2024\/05\/MG_0196-scaled.jpg\",\"width\":2560,\"height\":1707,\"caption\":\"Prezent dla Mamy\"},{\"@type\":\"BreadcrumbList\",\"@id\":\"https:\/\/www.bandi.pl\/blog\/kosmetyczny-prezent-dla-mamy-podpowiadamy-co-wybrac\/#breadcrumb\",\"itemListElement\":[{\"@type\":\"ListItem\",\"position\":1,\"name\":\"BANDI\",\"item\":\"https:\/\/www.bandi.pl\/blog\/\"},{\"@type\":\"ListItem\",\"position\":2,\"name\":\"Kosmetyczny prezent dla Mamy &#8211; podpowiadamy co wybra\u0107\"}]},{\"@type\":\"WebSite\",\"@id\":\"https:\/\/www.bandi.pl\/blog\/#website\",\"url\":\"https:\/\/www.bandi.pl\/blog\/\",\"name\":\"Blog BANDI\",\"description\":\"Czarno na bia\u0142ym o kosmetykach\",\"publisher\":{\"@id\":\"https:\/\/www.bandi.pl\/blog\/#organization\"},\"potentialAction\":[{\"@type\":\"SearchAction\",\"target\":{\"@type\":\"EntryPoint\",\"urlTemplate\":\"https:\/\/www.bandi.pl\/blog\/?s={search_term_string}\"},\"query-input\":{\"@type\":\"PropertyValueSpecification\",\"valueRequired\":true,\"valueName\":\"search_term_string\"}}],\"inLanguage\":\"pl-PL\"},{\"@type\":\"Organization\",\"@id\":\"https:\/\/www.bandi.pl\/blog\/#organization\",\"name\":\"BANDI\",\"url\":\"https:\/\/www.bandi.pl\/blog\/\",\"logo\":{\"@type\":\"ImageObject\",\"inLanguage\":\"pl-PL\",\"@id\":\"https:\/\/www.bandi.pl\/blog\/#\/schema\/logo\/image\/\",\"url\":\"https:\/\/www.bandi.pl\/blog\/wp-content\/uploads\/2019\/06\/bandi-logo.png\",\"contentUrl\":\"https:\/\/www.bandi.pl\/blog\/wp-content\/uploads\/2019\/06\/bandi-logo.png\",\"width\":264,\"height\":111,\"caption\":\"BANDI\"},\"image\":{\"@id\":\"https:\/\/www.bandi.pl\/blog\/#\/schema\/logo\/image\/\"},\"sameAs\":[\"https:\/\/web.facebook.com\/BANDIcosmetics\",\"https:\/\/x.com\/bandi_cosmetics\",\"https:\/\/www.instagram.com\/bandi_cosmetics\/\",\"https:\/\/www.pinterest.com\/bandicosmetics\/\",\"https:\/\/www.youtube.com\/user\/BandiCosmeticsPolska\"]},{\"@type\":\"Person\",\"@id\":\"https:\/\/www.bandi.pl\/blog\/#\/schema\/person\/5ba05af1a18c58f1c31d4ae051ec9499\",\"name\":\"Ilona Kiraga\"}]}<\/script>\n<!-- \/ Yoast SEO plugin. -->","yoast_head_json":{"title":"Kosmetyczny prezent dla Mamy - podpowiadamy co wybra\u0107 &#187; Blog BANDI","description":"Trafiony prezent na Dzie\u0144 Mamy to zestaw kosmetyk\u00f3w dobranych do potrzeb Jej sk\u00f3ry. Ka\u017cdy prezent dany od serca i z mi\u0142o\u015bci\u0105 sprawi Mamie wielk\u0105 rado\u015b\u0107.","robots":{"index":"index","follow":"follow","max-snippet":"max-snippet:-1","max-image-preview":"max-image-preview:large","max-video-preview":"max-video-preview:-1"},"canonical":"https:\/\/www.bandi.pl\/blog\/kosmetyczny-prezent-dla-mamy-podpowiadamy-co-wybrac\/","og_locale":"pl_PL","og_type":"article","og_title":"Kosmetyczny prezent dla Mamy - podpowiadamy co wybra\u0107 &#187; Blog BANDI","og_description":"Trafiony prezent na Dzie\u0144 Mamy to zestaw kosmetyk\u00f3w dobranych do potrzeb Jej sk\u00f3ry. Ka\u017cdy prezent dany od serca i z mi\u0142o\u015bci\u0105 sprawi Mamie wielk\u0105 rado\u015b\u0107.","og_url":"https:\/\/www.bandi.pl\/blog\/kosmetyczny-prezent-dla-mamy-podpowiadamy-co-wybrac\/","og_site_name":"Blog BANDI","article_publisher":"https:\/\/web.facebook.com\/BANDIcosmetics","article_published_time":"2024-05-16T06:53:30+00:00","article_modified_time":"2026-01-28T15:00:49+00:00","og_image":[{"width":2560,"height":1707,"url":"https:\/\/www.bandi.pl\/blog\/wp-content\/uploads\/2024\/05\/MG_0196-scaled.jpg","type":"image\/jpeg"}],"author":"Ilona Kiraga","twitter_card":"summary_large_image","twitter_creator":"@bandi_cosmetics","twitter_site":"@bandi_cosmetics","twitter_misc":{"Napisane przez":"Ilona Kiraga","Szacowany czas czytania":"6 minut"},"schema":{"@context":"https:\/\/schema.org","@graph":[{"@type":"Article","@id":"https:\/\/www.bandi.pl\/blog\/kosmetyczny-prezent-dla-mamy-podpowiadamy-co-wybrac\/#article","isPartOf":{"@id":"https:\/\/www.bandi.pl\/blog\/kosmetyczny-prezent-dla-mamy-podpowiadamy-co-wybrac\/"},"author":{"name":"Ilona Kiraga","@id":"https:\/\/www.bandi.pl\/blog\/#\/schema\/person\/5ba05af1a18c58f1c31d4ae051ec9499"},"headline":"Kosmetyczny prezent dla Mamy &#8211; podpowiadamy co wybra\u0107","datePublished":"2024-05-16T06:53:30+00:00","dateModified":"2026-01-28T15:00:49+00:00","mainEntityOfPage":{"@id":"https:\/\/www.bandi.pl\/blog\/kosmetyczny-prezent-dla-mamy-podpowiadamy-co-wybrac\/"},"wordCount":1156,"commentCount":0,"publisher":{"@id":"https:\/\/www.bandi.pl\/blog\/#organization"},"image":{"@id":"https:\/\/www.bandi.pl\/blog\/kosmetyczny-prezent-dla-mamy-podpowiadamy-co-wybrac\/#primaryimage"},"thumbnailUrl":"https:\/\/www.bandi.pl\/blog\/wp-content\/uploads\/2024\/05\/MG_0196-scaled.jpg","keywords":["Bandi","Dzie\u0144 Matki","jaki prezent dla mamy","kosmetyki na prezent","kosmetyki odm\u0142adzaj\u0105ce","kosmetyki profesjonalne","kosmetyki przeciwzmarszczkowe","krem dla mamy","krem nawil\u017cajacy","krem odm\u0142adzaj\u0105cy","krem przecistarzeniowy","krem przeciw zmarszczkom","kwas hialuronowy","piel\u0119gnacja profesjonalna","piel\u0119gnacja twarzy"],"articleSection":["Edyta Bi\u0142obran","Piel\u0119gnacja i kosmetyki"],"inLanguage":"pl-PL","potentialAction":[{"@type":"CommentAction","name":"Comment","target":["https:\/\/www.bandi.pl\/blog\/kosmetyczny-prezent-dla-mamy-podpowiadamy-co-wybrac\/#respond"]}]},{"@type":"WebPage","@id":"https:\/\/www.bandi.pl\/blog\/kosmetyczny-prezent-dla-mamy-podpowiadamy-co-wybrac\/","url":"https:\/\/www.bandi.pl\/blog\/kosmetyczny-prezent-dla-mamy-podpowiadamy-co-wybrac\/","name":"Kosmetyczny prezent dla Mamy - podpowiadamy co wybra\u0107 &#187; Blog BANDI","isPartOf":{"@id":"https:\/\/www.bandi.pl\/blog\/#website"},"primaryImageOfPage":{"@id":"https:\/\/www.bandi.pl\/blog\/kosmetyczny-prezent-dla-mamy-podpowiadamy-co-wybrac\/#primaryimage"},"image":{"@id":"https:\/\/www.bandi.pl\/blog\/kosmetyczny-prezent-dla-mamy-podpowiadamy-co-wybrac\/#primaryimage"},"thumbnailUrl":"https:\/\/www.bandi.pl\/blog\/wp-content\/uploads\/2024\/05\/MG_0196-scaled.jpg","datePublished":"2024-05-16T06:53:30+00:00","dateModified":"2026-01-28T15:00:49+00:00","description":"Trafiony prezent na Dzie\u0144 Mamy to zestaw kosmetyk\u00f3w dobranych do potrzeb Jej sk\u00f3ry. Ka\u017cdy prezent dany od serca i z mi\u0142o\u015bci\u0105 sprawi Mamie wielk\u0105 rado\u015b\u0107.","breadcrumb":{"@id":"https:\/\/www.bandi.pl\/blog\/kosmetyczny-prezent-dla-mamy-podpowiadamy-co-wybrac\/#breadcrumb"},"inLanguage":"pl-PL","potentialAction":[{"@type":"ReadAction","target":["https:\/\/www.bandi.pl\/blog\/kosmetyczny-prezent-dla-mamy-podpowiadamy-co-wybrac\/"]}]},{"@type":"ImageObject","inLanguage":"pl-PL","@id":"https:\/\/www.bandi.pl\/blog\/kosmetyczny-prezent-dla-mamy-podpowiadamy-co-wybrac\/#primaryimage","url":"https:\/\/www.bandi.pl\/blog\/wp-content\/uploads\/2024\/05\/MG_0196-scaled.jpg","contentUrl":"https:\/\/www.bandi.pl\/blog\/wp-content\/uploads\/2024\/05\/MG_0196-scaled.jpg","width":2560,"height":1707,"caption":"Prezent dla Mamy"},{"@type":"BreadcrumbList","@id":"https:\/\/www.bandi.pl\/blog\/kosmetyczny-prezent-dla-mamy-podpowiadamy-co-wybrac\/#breadcrumb","itemListElement":[{"@type":"ListItem","position":1,"name":"BANDI","item":"https:\/\/www.bandi.pl\/blog\/"},{"@type":"ListItem","position":2,"name":"Kosmetyczny prezent dla Mamy &#8211; podpowiadamy co wybra\u0107"}]},{"@type":"WebSite","@id":"https:\/\/www.bandi.pl\/blog\/#website","url":"https:\/\/www.bandi.pl\/blog\/","name":"Blog BANDI","description":"Czarno na bia\u0142ym o kosmetykach","publisher":{"@id":"https:\/\/www.bandi.pl\/blog\/#organization"},"potentialAction":[{"@type":"SearchAction","target":{"@type":"EntryPoint","urlTemplate":"https:\/\/www.bandi.pl\/blog\/?s={search_term_string}"},"query-input":{"@type":"PropertyValueSpecification","valueRequired":true,"valueName":"search_term_string"}}],"inLanguage":"pl-PL"},{"@type":"Organization","@id":"https:\/\/www.bandi.pl\/blog\/#organization","name":"BANDI","url":"https:\/\/www.bandi.pl\/blog\/","logo":{"@type":"ImageObject","inLanguage":"pl-PL","@id":"https:\/\/www.bandi.pl\/blog\/#\/schema\/logo\/image\/","url":"https:\/\/www.bandi.pl\/blog\/wp-content\/uploads\/2019\/06\/bandi-logo.png","contentUrl":"https:\/\/www.bandi.pl\/blog\/wp-content\/uploads\/2019\/06\/bandi-logo.png","width":264,"height":111,"caption":"BANDI"},"image":{"@id":"https:\/\/www.bandi.pl\/blog\/#\/schema\/logo\/image\/"},"sameAs":["https:\/\/web.facebook.com\/BANDIcosmetics","https:\/\/x.com\/bandi_cosmetics","https:\/\/www.instagram.com\/bandi_cosmetics\/","https:\/\/www.pinterest.com\/bandicosmetics\/","https:\/\/www.youtube.com\/user\/BandiCosmeticsPolska"]},{"@type":"Person","@id":"https:\/\/www.bandi.pl\/blog\/#\/schema\/person\/5ba05af1a18c58f1c31d4ae051ec9499","name":"Ilona Kiraga"}]}},"_links":{"self":[{"href":"https:\/\/www.bandi.pl\/blog\/wp-json\/wp\/v2\/posts\/18727","targetHints":{"allow":["GET"]}}],"collection":[{"href":"https:\/\/www.bandi.pl\/blog\/wp-json\/wp\/v2\/posts"}],"about":[{"href":"https:\/\/www.bandi.pl\/blog\/wp-json\/wp\/v2\/types\/post"}],"author":[{"embeddable":true,"href":"https:\/\/www.bandi.pl\/blog\/wp-json\/wp\/v2\/users\/13"}],"replies":[{"embeddable":true,"href":"https:\/\/www.bandi.pl\/blog\/wp-json\/wp\/v2\/comments?post=18727"}],"version-history":[{"count":9,"href":"https:\/\/www.bandi.pl\/blog\/wp-json\/wp\/v2\/posts\/18727\/revisions"}],"predecessor-version":[{"id":22440,"href":"https:\/\/www.bandi.pl\/blog\/wp-json\/wp\/v2\/posts\/18727\/revisions\/22440"}],"wp:featuredmedia":[{"embeddable":true,"href":"https:\/\/www.bandi.pl\/blog\/wp-json\/wp\/v2\/media\/18736"}],"wp:attachment":[{"href":"https:\/\/www.bandi.pl\/blog\/wp-json\/wp\/v2\/media?parent=18727"}],"wp:term":[{"taxonomy":"category","embeddable":true,"href":"https:\/\/www.bandi.pl\/blog\/wp-json\/wp\/v2\/categories?post=18727"},{"taxonomy":"post_tag","embeddable":true,"href":"https:\/\/www.bandi.pl\/blog\/wp-json\/wp\/v2\/tags?post=18727"}],"curies":[{"name":"wp","href":"https:\/\/api.w.org\/{rel}","templated":true}]}}