{"id":1872,"date":"2016-10-20T16:18:47","date_gmt":"2016-10-20T14:18:47","guid":{"rendered":"http:\/\/eksfoliacja.pl\/?p=1872"},"modified":"2019-11-21T16:48:52","modified_gmt":"2019-11-21T15:48:52","slug":"najnowsze-osiagniecia-i-wyzwania-w-dziedzinie-trychologii-estetycznej-i-medycznej","status":"publish","type":"post","link":"https:\/\/www.bandi.pl\/blog\/najnowsze-osiagniecia-i-wyzwania-w-dziedzinie-trychologii-estetycznej-i-medycznej\/","title":{"rendered":"Najnowsze osi\u0105gni\u0119cia i wyzwania w dziedzinie trychologii estetycznej i medycznej"},"content":{"rendered":"\n<p>Trychologia jest dziedzin\u0105, kt\u00f3ra rozwija si\u0119 bardzo dynamicznie i cieszy si\u0119 coraz wi\u0119kszym zainteresowaniem. Dlatego warto wiedzie\u0107 co ciekawego dzieje si\u0119 w bran\u017cy oraz jakie wyzwania stawiaj\u0105 przed sob\u0105 osoby na co dzie\u0144 zajmuj\u0105ce si\u0119 trychologi\u0105.<\/p>\n\n\n\n<!--more-->\n\n\n\n<p>Wyr\u00f3\u017cniamy dwa rodzaje trychologii: medyczn\u0105 i estetyczn\u0105 i przed ka\u017cd\u0105 z nich stoj\u0105 inne wyzwania i mo\u017cliwo\u015bci.<\/p>\n\n\n\n<h2 class=\"wp-block-heading\">Trychologia medyczna<\/h2>\n\n\n\n<p>Trychologia medyczna zajmuje si\u0119 wykorzystaniem dost\u0119pnych metod leczniczych do walki z chorobami ow\u0142osionej sk\u00f3ry g\u0142owy. Opr\u00f3cz wykorzystania w tym celu odpowiednio dobranych preparat\u00f3w farmakologicznych lekarze coraz cz\u0119\u015bciej wykorzystuj\u0105 w post\u0119powaniu trychologicznym osocze bogatop\u0142ytkowe i karboksyterapi\u0119.<\/p>\n\n\n\n<p>Zabieg z wykorzystaniem <strong>osocza bogatop\u0142ytkowego<\/strong> polega na \u015br\u00f3dsk\u00f3rnym podaniu preparatu otrzymanego w procesie odwirowania pobranej wcze\u015bniej od pacjenta krwi. Mechanizm dzia\u0142ania iniekcji z osocza bogatop\u0142ytkowego polega na wykorzystaniu naturalnych zdolno\u015bci p\u0142ytek krwi znajduj\u0105cych si\u0119 w osoczu, kt\u00f3re uwalniaj\u0105 szereg niezb\u0119dnych do regeneracji sk\u00f3ry czynnik\u00f3w wzrostu. Pobudzaj\u0105 one procesy naprawy tkanek, aktywuj\u0105 kom\u00f3rki macierzyste, wspomagaj\u0105 proces tworzenia nowych naczy\u0144 krwiono\u015bnych co ma bezpo\u015bredni wp\u0142yw na zahamowanie wypadania w\u0142os\u00f3w, podbudzenie i przyspieszenie wzrostu nowych w\u0142os\u00f3w. <\/p>\n\n\n\n<div class=\"wp-block-image\"><figure class=\"alignleft\"><img loading=\"lazy\" decoding=\"async\" width=\"300\" height=\"199\" src=\"https:\/\/www.bandi.pl\/blog\/wp-content\/uploads\/2019\/07\/trychologia-medyczna.jpeg\" alt=\"Trychologia medyczna\" class=\"wp-image-4506\"\/><figcaption>Trychologia medyczna<\/figcaption><\/figure><\/div>\n\n\n\n<p>Zabieg <strong>karboskyterapii<\/strong> s\u0142u\u017cy mi\u0119dzy innymi do walki z problemem nadmiernego wypadania oraz przerzedzania si\u0119 w\u0142os\u00f3w. Polega on na \u015br\u00f3dsk\u00f3rnym podawaniu medycznego dwutlenku w\u0119gla przy u\u017cyciu specjalnego urz\u0105dzenia. Wp\u0142ywa to bezpo\u015brednio na pobudzenie procesu tworzenia nowych naczy\u0144 krwiono\u015bnych, popraw\u0119 mikro i makrokr\u0105\u017cenia oraz popraw\u0119 elastyczno\u015bci sk\u00f3ry dzi\u0119ki temu nast\u0119puje intensywne od\u017cywienie i pobudzenie mieszk\u00f3w w\u0142osowych. Konsekwencj\u0105 tego zabiegu jest zahamowaniem nadmiernego wypadania w\u0142os\u00f3w oraz przyspieszony wzrost nowych.<\/p>\n\n\n\n<h2 class=\"wp-block-heading\">Trychologia estetyczna<\/h2>\n\n\n\n<p>Trychologia estetyczna zajmuje si\u0119 wykorzystaniem dost\u0119pnych metod piel\u0119gnacyjnych do walki z zaburzeniami funkcjonowania ow\u0142osionej sk\u00f3ry g\u0142owy oraz szeroko poj\u0119t\u0105 profilaktyk\u0105.<\/p>\n\n\n\n<p>Sk\u00f3ra g\u0142owy nawet podczas leczenia dermatologicznego musi by\u0107 odpowiednio piel\u0119gnowana dlatego nie mo\u017cemy nie doceni\u0107 roli odpowiednio dobranych kosmetyk\u00f3w w terapii trychologicznej. Najnowszym osi\u0105gni\u0119ciem w tej dziedzinie na naszym rynku s\u0105 pierwsze polskie kosmetyki trychologiczne wyprodukowane przez firm\u0119 BANDI Cosmetics. Seria <strong><a href=\"https:\/\/www.bandi.pl\/sklep\/katalog\/seria\/69_tricho-esthetic\/\">Tricho-esthetic<\/a><\/strong> to zestaw preparat\u00f3w skomponowanych w taki spos\u00f3b, aby poprzez swoje synergiczne dzia\u0142anie pomaga\u0107 w piel\u0119gnacji najcz\u0119\u015bciej wyst\u0119puj\u0105cych problem\u00f3w sk\u00f3ry g\u0142owy tj. nadmierne wypadanie, \u0142ojotok, \u0142upie\u017c t\u0142usty, \u0142upie\u017c suchy, przesuszenie czy nadmierne podra\u017cnienie. Zalecane s\u0105 one zar\u00f3wno do piel\u0119gnacji domowej jak i gabinetowej.<\/p>\n\n\n\n<p>Mo\u017ce nie najnowszym, ale najcz\u0119\u015bciej wykorzystywanym w trychologii zar\u00f3wno medycznej jak i estetycznej zabiegiem jest <strong>mezoterapia<\/strong>. Firmy produkuj\u0105ce aparatur\u0119 do mezoterapii bezig\u0142owej i mikroig\u0142owej prze\u015bcigaj\u0105 si\u0119 w doskonaleniu swoich urz\u0105dze\u0144 co \u015bwiadczy o zapotrzebowaniu na tego typu zabiegi jak r\u00f3wnie\u017c o tempie rozwoju dziedziny jak\u0105 jest trychologia.<\/p>\n\n\n\n<p>Terapi\u0119 trychologiczn\u0105 dodatkowo wspom\u00f3c mo\u017ce \u015bwiat\u0142oterapia jak i laseroterapia.<\/p>\n\n\n\n<h2 class=\"wp-block-heading\">\u015awiat\u0142oterapia<\/h2>\n\n\n\n<p>\u015awiat\u0142oterapia polega na na\u015bwietlaniu sk\u00f3ry g\u0142owy najnowszej generacji lampami , kt\u00f3re emituj\u0105 zazwyczaj cztery rodzaje \u015bwiate\u0142 o \u015bci\u015ble sprecyzowanym dzia\u0142aniu: czerwone (przyspiesza wzrostu kom\u00f3rek, zalecane w terapii przeciw wypadaniu w\u0142os\u00f3w) , niebieskie (ma dzia\u0142anie bakteriob\u00f3jcze i odka\u017caj\u0105ce, zalecane w terapii \u0142uszczycy oraz atopowego zapalenia sk\u00f3ry), \u017c\u00f3\u0142te (ma dzia\u0142anie \u0142agodz\u0105ce, zalecane przy \u0142uszczeniu si\u0119 sk\u00f3ry i \u0142upie\u017cu suchym) i zielone (dzia\u0142a koj\u0105co, zalecane przy sk\u00f3rach nadwra\u017cliwych).\u00a0\u015awiat\u0142oterapia uznana jest za metod\u0119 nieinwazyjn\u0105, a do tego efektywn\u0105.<\/p>\n\n\n\n<h2 class=\"wp-block-heading\">Laseroterapia<\/h2>\n\n\n\n<p>Laseroterapia ma\u0142ej mocy znana cz\u0119sto jako: terapia czerwonym \u015bwiat\u0142em, zimny laser, mi\u0119kki laser, biostymulacja i fotobiomodulacja polega na u\u017cyciu specjalistycznych urz\u0105dze\u0144 , kt\u00f3rych \u015bwiat\u0142o o odpowiedniej d\u0142ugo\u015bci fali pobudza mikrokr\u0105\u017cenie w mieszkach w\u0142osowych powoduj\u0105c dotlenienie i do\u017cywienie cebulek w\u0142osowych. Przek\u0142ada si\u0119 to na wzmocnienie w\u0142os\u00f3w i hamowanie ich wypadania, zwi\u0119kszenie ich g\u0119sto\u015bci oraz popraw\u0119 przyswajalno\u015bci substancji od\u017cywczych. Zabieg ten jest nowoczesnym i bezpiecznym sposobem walki z wypadaniem w\u0142os\u00f3w oraz \u0142ysieniem. Pozwala r\u00f3wnie\u017c na popraw\u0119 kondycji sk\u00f3ry g\u0142owy i w\u0142os\u00f3w.<\/p>\n\n\n\n<p>Jak wida\u0107 metod walki z problemami sk\u00f3ry g\u0142owy jest wiele. Ich dob\u00f3r powinien by\u0107 uzale\u017cniony od problemu z jakim si\u0119 spotykamy . Pami\u0119ta\u0107 nale\u017cy, \u017ce jedynie odpowiednia diagnoza, a nast\u0119pnie dob\u00f3r odpowiedniego rodzaju terapii mo\u017ce przynie\u015b\u0107 zamierzone efekty. Dlatego najwi\u0119kszym wyzwaniem w dziedzinie trychologii jest k\u0142adzenie nacisku na obszern\u0105 diagnostyk\u0119, kt\u00f3ra mo\u017cliwa jest jedynie przy wsp\u00f3\u0142pracy lekarzy wielu specjalno\u015bci z odpowiednio wykszta\u0142conymi osobami zajmuj\u0105cymi si\u0119 trychologi\u0105 estetyczn\u0105.<\/p>\n","protected":false},"excerpt":{"rendered":"<p>Trychologia jest dziedzin\u0105, kt\u00f3ra rozwija si\u0119 bardzo dynamicznie i cieszy si\u0119 coraz wi\u0119kszym zainteresowaniem. Dlatego warto wiedzie\u0107 co ciekawego dzieje si\u0119 w bran\u017cy oraz jakie wyzwania stawiaj\u0105 przed sob\u0105 osoby na co dzie\u0144 zajmuj\u0105ce si\u0119 trychologi\u0105.<\/p>\n","protected":false},"author":3,"featured_media":4505,"comment_status":"open","ping_status":"open","sticky":false,"template":"","format":"standard","meta":{"_et_pb_use_builder":"","_et_pb_old_content":"","_et_gb_content_width":"","footnotes":""},"categories":[1817],"tags":[84,80,68],"class_list":["post-1872","post","type-post","status-publish","format-standard","has-post-thumbnail","hentry","category-kategoria-pielegnacja-i-kosmetyki","tag-mezoterapia","tag-tricho-esthetic","tag-trychologia"],"yoast_head":"<!-- This site is optimized with the Yoast SEO plugin v27.1.1 - https:\/\/yoast.com\/product\/yoast-seo-wordpress\/ -->\n<title>Najnowsze osi\u0105gni\u0119cia i wyzwania w dziedzinie trychologii estetycznej i medycznej &#187; Blog BANDI<\/title>\n<meta name=\"robots\" content=\"index, follow, max-snippet:-1, max-image-preview:large, max-video-preview:-1\" \/>\n<link rel=\"canonical\" href=\"https:\/\/www.bandi.pl\/blog\/najnowsze-osiagniecia-i-wyzwania-w-dziedzinie-trychologii-estetycznej-i-medycznej\/\" \/>\n<meta property=\"og:locale\" content=\"pl_PL\" \/>\n<meta property=\"og:type\" content=\"article\" \/>\n<meta property=\"og:title\" content=\"Najnowsze osi\u0105gni\u0119cia i wyzwania w dziedzinie trychologii estetycznej i medycznej &#187; Blog BANDI\" \/>\n<meta property=\"og:description\" content=\"Trychologia jest dziedzin\u0105, kt\u00f3ra rozwija si\u0119 bardzo dynamicznie i cieszy si\u0119 coraz wi\u0119kszym zainteresowaniem. Dlatego warto wiedzie\u0107 co ciekawego dzieje si\u0119 w bran\u017cy oraz jakie wyzwania stawiaj\u0105 przed sob\u0105 osoby na co dzie\u0144 zajmuj\u0105ce si\u0119 trychologi\u0105.\" \/>\n<meta property=\"og:url\" content=\"https:\/\/www.bandi.pl\/blog\/najnowsze-osiagniecia-i-wyzwania-w-dziedzinie-trychologii-estetycznej-i-medycznej\/\" \/>\n<meta property=\"og:site_name\" content=\"Blog BANDI\" \/>\n<meta property=\"article:publisher\" content=\"https:\/\/web.facebook.com\/BANDIcosmetics\" \/>\n<meta property=\"article:published_time\" content=\"2016-10-20T14:18:47+00:00\" \/>\n<meta property=\"article:modified_time\" content=\"2019-11-21T15:48:52+00:00\" \/>\n<meta property=\"og:image\" content=\"https:\/\/www.bandi.pl\/blog\/wp-content\/uploads\/2016\/10\/Najnowsze-osi\u0105gni\u0119cia-i-wyzwania-w-dziedzinie-trychologii-estetycznej-i-medycznej.jpg\" \/>\n\t<meta property=\"og:image:width\" content=\"350\" \/>\n\t<meta property=\"og:image:height\" content=\"233\" \/>\n\t<meta property=\"og:image:type\" content=\"image\/jpeg\" \/>\n<meta name=\"author\" content=\"BANDI\" \/>\n<meta name=\"twitter:card\" content=\"summary_large_image\" \/>\n<meta name=\"twitter:creator\" content=\"@bandi_cosmetics\" \/>\n<meta name=\"twitter:site\" content=\"@bandi_cosmetics\" \/>\n<meta name=\"twitter:label1\" content=\"Napisane przez\" \/>\n\t<meta name=\"twitter:data1\" content=\"BANDI\" \/>\n\t<meta name=\"twitter:label2\" content=\"Szacowany czas czytania\" \/>\n\t<meta name=\"twitter:data2\" content=\"4 minuty\" \/>\n<script type=\"application\/ld+json\" class=\"yoast-schema-graph\">{\"@context\":\"https:\/\/schema.org\",\"@graph\":[{\"@type\":\"Article\",\"@id\":\"https:\/\/www.bandi.pl\/blog\/najnowsze-osiagniecia-i-wyzwania-w-dziedzinie-trychologii-estetycznej-i-medycznej\/#article\",\"isPartOf\":{\"@id\":\"https:\/\/www.bandi.pl\/blog\/najnowsze-osiagniecia-i-wyzwania-w-dziedzinie-trychologii-estetycznej-i-medycznej\/\"},\"author\":{\"name\":\"BANDI\",\"@id\":\"https:\/\/www.bandi.pl\/blog\/#\/schema\/person\/6905a8e1379d84df843b078d275c5aea\"},\"headline\":\"Najnowsze osi\u0105gni\u0119cia i wyzwania w dziedzinie trychologii estetycznej i medycznej\",\"datePublished\":\"2016-10-20T14:18:47+00:00\",\"dateModified\":\"2019-11-21T15:48:52+00:00\",\"mainEntityOfPage\":{\"@id\":\"https:\/\/www.bandi.pl\/blog\/najnowsze-osiagniecia-i-wyzwania-w-dziedzinie-trychologii-estetycznej-i-medycznej\/\"},\"wordCount\":796,\"commentCount\":0,\"publisher\":{\"@id\":\"https:\/\/www.bandi.pl\/blog\/#organization\"},\"image\":{\"@id\":\"https:\/\/www.bandi.pl\/blog\/najnowsze-osiagniecia-i-wyzwania-w-dziedzinie-trychologii-estetycznej-i-medycznej\/#primaryimage\"},\"thumbnailUrl\":\"https:\/\/www.bandi.pl\/blog\/wp-content\/uploads\/2016\/10\/Najnowsze-osi\u0105gni\u0119cia-i-wyzwania-w-dziedzinie-trychologii-estetycznej-i-medycznej.jpg\",\"keywords\":[\"mezoterapia\",\"Tricho-esthetic\",\"trychologia\"],\"articleSection\":[\"Piel\u0119gnacja i kosmetyki\"],\"inLanguage\":\"pl-PL\",\"potentialAction\":[{\"@type\":\"CommentAction\",\"name\":\"Comment\",\"target\":[\"https:\/\/www.bandi.pl\/blog\/najnowsze-osiagniecia-i-wyzwania-w-dziedzinie-trychologii-estetycznej-i-medycznej\/#respond\"]}]},{\"@type\":\"WebPage\",\"@id\":\"https:\/\/www.bandi.pl\/blog\/najnowsze-osiagniecia-i-wyzwania-w-dziedzinie-trychologii-estetycznej-i-medycznej\/\",\"url\":\"https:\/\/www.bandi.pl\/blog\/najnowsze-osiagniecia-i-wyzwania-w-dziedzinie-trychologii-estetycznej-i-medycznej\/\",\"name\":\"Najnowsze osi\u0105gni\u0119cia i wyzwania w dziedzinie trychologii estetycznej i medycznej &#187; Blog BANDI\",\"isPartOf\":{\"@id\":\"https:\/\/www.bandi.pl\/blog\/#website\"},\"primaryImageOfPage\":{\"@id\":\"https:\/\/www.bandi.pl\/blog\/najnowsze-osiagniecia-i-wyzwania-w-dziedzinie-trychologii-estetycznej-i-medycznej\/#primaryimage\"},\"image\":{\"@id\":\"https:\/\/www.bandi.pl\/blog\/najnowsze-osiagniecia-i-wyzwania-w-dziedzinie-trychologii-estetycznej-i-medycznej\/#primaryimage\"},\"thumbnailUrl\":\"https:\/\/www.bandi.pl\/blog\/wp-content\/uploads\/2016\/10\/Najnowsze-osi\u0105gni\u0119cia-i-wyzwania-w-dziedzinie-trychologii-estetycznej-i-medycznej.jpg\",\"datePublished\":\"2016-10-20T14:18:47+00:00\",\"dateModified\":\"2019-11-21T15:48:52+00:00\",\"breadcrumb\":{\"@id\":\"https:\/\/www.bandi.pl\/blog\/najnowsze-osiagniecia-i-wyzwania-w-dziedzinie-trychologii-estetycznej-i-medycznej\/#breadcrumb\"},\"inLanguage\":\"pl-PL\",\"potentialAction\":[{\"@type\":\"ReadAction\",\"target\":[\"https:\/\/www.bandi.pl\/blog\/najnowsze-osiagniecia-i-wyzwania-w-dziedzinie-trychologii-estetycznej-i-medycznej\/\"]}]},{\"@type\":\"ImageObject\",\"inLanguage\":\"pl-PL\",\"@id\":\"https:\/\/www.bandi.pl\/blog\/najnowsze-osiagniecia-i-wyzwania-w-dziedzinie-trychologii-estetycznej-i-medycznej\/#primaryimage\",\"url\":\"https:\/\/www.bandi.pl\/blog\/wp-content\/uploads\/2016\/10\/Najnowsze-osi\u0105gni\u0119cia-i-wyzwania-w-dziedzinie-trychologii-estetycznej-i-medycznej.jpg\",\"contentUrl\":\"https:\/\/www.bandi.pl\/blog\/wp-content\/uploads\/2016\/10\/Najnowsze-osi\u0105gni\u0119cia-i-wyzwania-w-dziedzinie-trychologii-estetycznej-i-medycznej.jpg\",\"width\":350,\"height\":233,\"caption\":\"Najnowsze osi\u0105gni\u0119cia i wyzwania w dziedzinie trychologii estetycznej i medycznej\"},{\"@type\":\"BreadcrumbList\",\"@id\":\"https:\/\/www.bandi.pl\/blog\/najnowsze-osiagniecia-i-wyzwania-w-dziedzinie-trychologii-estetycznej-i-medycznej\/#breadcrumb\",\"itemListElement\":[{\"@type\":\"ListItem\",\"position\":1,\"name\":\"BANDI\",\"item\":\"https:\/\/www.bandi.pl\/blog\/\"},{\"@type\":\"ListItem\",\"position\":2,\"name\":\"Najnowsze osi\u0105gni\u0119cia i wyzwania w dziedzinie trychologii estetycznej i medycznej\"}]},{\"@type\":\"WebSite\",\"@id\":\"https:\/\/www.bandi.pl\/blog\/#website\",\"url\":\"https:\/\/www.bandi.pl\/blog\/\",\"name\":\"Blog BANDI\",\"description\":\"Czarno na bia\u0142ym o kosmetykach\",\"publisher\":{\"@id\":\"https:\/\/www.bandi.pl\/blog\/#organization\"},\"potentialAction\":[{\"@type\":\"SearchAction\",\"target\":{\"@type\":\"EntryPoint\",\"urlTemplate\":\"https:\/\/www.bandi.pl\/blog\/?s={search_term_string}\"},\"query-input\":{\"@type\":\"PropertyValueSpecification\",\"valueRequired\":true,\"valueName\":\"search_term_string\"}}],\"inLanguage\":\"pl-PL\"},{\"@type\":\"Organization\",\"@id\":\"https:\/\/www.bandi.pl\/blog\/#organization\",\"name\":\"BANDI\",\"url\":\"https:\/\/www.bandi.pl\/blog\/\",\"logo\":{\"@type\":\"ImageObject\",\"inLanguage\":\"pl-PL\",\"@id\":\"https:\/\/www.bandi.pl\/blog\/#\/schema\/logo\/image\/\",\"url\":\"https:\/\/www.bandi.pl\/blog\/wp-content\/uploads\/2019\/06\/bandi-logo.png\",\"contentUrl\":\"https:\/\/www.bandi.pl\/blog\/wp-content\/uploads\/2019\/06\/bandi-logo.png\",\"width\":264,\"height\":111,\"caption\":\"BANDI\"},\"image\":{\"@id\":\"https:\/\/www.bandi.pl\/blog\/#\/schema\/logo\/image\/\"},\"sameAs\":[\"https:\/\/web.facebook.com\/BANDIcosmetics\",\"https:\/\/x.com\/bandi_cosmetics\",\"https:\/\/www.instagram.com\/bandi_cosmetics\/\",\"https:\/\/www.pinterest.com\/bandicosmetics\/\",\"https:\/\/www.youtube.com\/user\/BandiCosmeticsPolska\"]},{\"@type\":\"Person\",\"@id\":\"https:\/\/www.bandi.pl\/blog\/#\/schema\/person\/6905a8e1379d84df843b078d275c5aea\",\"name\":\"BANDI\",\"sameAs\":[\"https:\/\/www.bandi.pl\/blog\"]}]}<\/script>\n<!-- \/ Yoast SEO plugin. -->","yoast_head_json":{"title":"Najnowsze osi\u0105gni\u0119cia i wyzwania w dziedzinie trychologii estetycznej i medycznej &#187; Blog BANDI","robots":{"index":"index","follow":"follow","max-snippet":"max-snippet:-1","max-image-preview":"max-image-preview:large","max-video-preview":"max-video-preview:-1"},"canonical":"https:\/\/www.bandi.pl\/blog\/najnowsze-osiagniecia-i-wyzwania-w-dziedzinie-trychologii-estetycznej-i-medycznej\/","og_locale":"pl_PL","og_type":"article","og_title":"Najnowsze osi\u0105gni\u0119cia i wyzwania w dziedzinie trychologii estetycznej i medycznej &#187; Blog BANDI","og_description":"Trychologia jest dziedzin\u0105, kt\u00f3ra rozwija si\u0119 bardzo dynamicznie i cieszy si\u0119 coraz wi\u0119kszym zainteresowaniem. Dlatego warto wiedzie\u0107 co ciekawego dzieje si\u0119 w bran\u017cy oraz jakie wyzwania stawiaj\u0105 przed sob\u0105 osoby na co dzie\u0144 zajmuj\u0105ce si\u0119 trychologi\u0105.","og_url":"https:\/\/www.bandi.pl\/blog\/najnowsze-osiagniecia-i-wyzwania-w-dziedzinie-trychologii-estetycznej-i-medycznej\/","og_site_name":"Blog BANDI","article_publisher":"https:\/\/web.facebook.com\/BANDIcosmetics","article_published_time":"2016-10-20T14:18:47+00:00","article_modified_time":"2019-11-21T15:48:52+00:00","og_image":[{"width":350,"height":233,"url":"https:\/\/www.bandi.pl\/blog\/wp-content\/uploads\/2016\/10\/Najnowsze-osi\u0105gni\u0119cia-i-wyzwania-w-dziedzinie-trychologii-estetycznej-i-medycznej.jpg","type":"image\/jpeg"}],"author":"BANDI","twitter_card":"summary_large_image","twitter_creator":"@bandi_cosmetics","twitter_site":"@bandi_cosmetics","twitter_misc":{"Napisane przez":"BANDI","Szacowany czas czytania":"4 minuty"},"schema":{"@context":"https:\/\/schema.org","@graph":[{"@type":"Article","@id":"https:\/\/www.bandi.pl\/blog\/najnowsze-osiagniecia-i-wyzwania-w-dziedzinie-trychologii-estetycznej-i-medycznej\/#article","isPartOf":{"@id":"https:\/\/www.bandi.pl\/blog\/najnowsze-osiagniecia-i-wyzwania-w-dziedzinie-trychologii-estetycznej-i-medycznej\/"},"author":{"name":"BANDI","@id":"https:\/\/www.bandi.pl\/blog\/#\/schema\/person\/6905a8e1379d84df843b078d275c5aea"},"headline":"Najnowsze osi\u0105gni\u0119cia i wyzwania w dziedzinie trychologii estetycznej i medycznej","datePublished":"2016-10-20T14:18:47+00:00","dateModified":"2019-11-21T15:48:52+00:00","mainEntityOfPage":{"@id":"https:\/\/www.bandi.pl\/blog\/najnowsze-osiagniecia-i-wyzwania-w-dziedzinie-trychologii-estetycznej-i-medycznej\/"},"wordCount":796,"commentCount":0,"publisher":{"@id":"https:\/\/www.bandi.pl\/blog\/#organization"},"image":{"@id":"https:\/\/www.bandi.pl\/blog\/najnowsze-osiagniecia-i-wyzwania-w-dziedzinie-trychologii-estetycznej-i-medycznej\/#primaryimage"},"thumbnailUrl":"https:\/\/www.bandi.pl\/blog\/wp-content\/uploads\/2016\/10\/Najnowsze-osi\u0105gni\u0119cia-i-wyzwania-w-dziedzinie-trychologii-estetycznej-i-medycznej.jpg","keywords":["mezoterapia","Tricho-esthetic","trychologia"],"articleSection":["Piel\u0119gnacja i kosmetyki"],"inLanguage":"pl-PL","potentialAction":[{"@type":"CommentAction","name":"Comment","target":["https:\/\/www.bandi.pl\/blog\/najnowsze-osiagniecia-i-wyzwania-w-dziedzinie-trychologii-estetycznej-i-medycznej\/#respond"]}]},{"@type":"WebPage","@id":"https:\/\/www.bandi.pl\/blog\/najnowsze-osiagniecia-i-wyzwania-w-dziedzinie-trychologii-estetycznej-i-medycznej\/","url":"https:\/\/www.bandi.pl\/blog\/najnowsze-osiagniecia-i-wyzwania-w-dziedzinie-trychologii-estetycznej-i-medycznej\/","name":"Najnowsze osi\u0105gni\u0119cia i wyzwania w dziedzinie trychologii estetycznej i medycznej &#187; Blog BANDI","isPartOf":{"@id":"https:\/\/www.bandi.pl\/blog\/#website"},"primaryImageOfPage":{"@id":"https:\/\/www.bandi.pl\/blog\/najnowsze-osiagniecia-i-wyzwania-w-dziedzinie-trychologii-estetycznej-i-medycznej\/#primaryimage"},"image":{"@id":"https:\/\/www.bandi.pl\/blog\/najnowsze-osiagniecia-i-wyzwania-w-dziedzinie-trychologii-estetycznej-i-medycznej\/#primaryimage"},"thumbnailUrl":"https:\/\/www.bandi.pl\/blog\/wp-content\/uploads\/2016\/10\/Najnowsze-osi\u0105gni\u0119cia-i-wyzwania-w-dziedzinie-trychologii-estetycznej-i-medycznej.jpg","datePublished":"2016-10-20T14:18:47+00:00","dateModified":"2019-11-21T15:48:52+00:00","breadcrumb":{"@id":"https:\/\/www.bandi.pl\/blog\/najnowsze-osiagniecia-i-wyzwania-w-dziedzinie-trychologii-estetycznej-i-medycznej\/#breadcrumb"},"inLanguage":"pl-PL","potentialAction":[{"@type":"ReadAction","target":["https:\/\/www.bandi.pl\/blog\/najnowsze-osiagniecia-i-wyzwania-w-dziedzinie-trychologii-estetycznej-i-medycznej\/"]}]},{"@type":"ImageObject","inLanguage":"pl-PL","@id":"https:\/\/www.bandi.pl\/blog\/najnowsze-osiagniecia-i-wyzwania-w-dziedzinie-trychologii-estetycznej-i-medycznej\/#primaryimage","url":"https:\/\/www.bandi.pl\/blog\/wp-content\/uploads\/2016\/10\/Najnowsze-osi\u0105gni\u0119cia-i-wyzwania-w-dziedzinie-trychologii-estetycznej-i-medycznej.jpg","contentUrl":"https:\/\/www.bandi.pl\/blog\/wp-content\/uploads\/2016\/10\/Najnowsze-osi\u0105gni\u0119cia-i-wyzwania-w-dziedzinie-trychologii-estetycznej-i-medycznej.jpg","width":350,"height":233,"caption":"Najnowsze osi\u0105gni\u0119cia i wyzwania w dziedzinie trychologii estetycznej i medycznej"},{"@type":"BreadcrumbList","@id":"https:\/\/www.bandi.pl\/blog\/najnowsze-osiagniecia-i-wyzwania-w-dziedzinie-trychologii-estetycznej-i-medycznej\/#breadcrumb","itemListElement":[{"@type":"ListItem","position":1,"name":"BANDI","item":"https:\/\/www.bandi.pl\/blog\/"},{"@type":"ListItem","position":2,"name":"Najnowsze osi\u0105gni\u0119cia i wyzwania w dziedzinie trychologii estetycznej i medycznej"}]},{"@type":"WebSite","@id":"https:\/\/www.bandi.pl\/blog\/#website","url":"https:\/\/www.bandi.pl\/blog\/","name":"Blog BANDI","description":"Czarno na bia\u0142ym o kosmetykach","publisher":{"@id":"https:\/\/www.bandi.pl\/blog\/#organization"},"potentialAction":[{"@type":"SearchAction","target":{"@type":"EntryPoint","urlTemplate":"https:\/\/www.bandi.pl\/blog\/?s={search_term_string}"},"query-input":{"@type":"PropertyValueSpecification","valueRequired":true,"valueName":"search_term_string"}}],"inLanguage":"pl-PL"},{"@type":"Organization","@id":"https:\/\/www.bandi.pl\/blog\/#organization","name":"BANDI","url":"https:\/\/www.bandi.pl\/blog\/","logo":{"@type":"ImageObject","inLanguage":"pl-PL","@id":"https:\/\/www.bandi.pl\/blog\/#\/schema\/logo\/image\/","url":"https:\/\/www.bandi.pl\/blog\/wp-content\/uploads\/2019\/06\/bandi-logo.png","contentUrl":"https:\/\/www.bandi.pl\/blog\/wp-content\/uploads\/2019\/06\/bandi-logo.png","width":264,"height":111,"caption":"BANDI"},"image":{"@id":"https:\/\/www.bandi.pl\/blog\/#\/schema\/logo\/image\/"},"sameAs":["https:\/\/web.facebook.com\/BANDIcosmetics","https:\/\/x.com\/bandi_cosmetics","https:\/\/www.instagram.com\/bandi_cosmetics\/","https:\/\/www.pinterest.com\/bandicosmetics\/","https:\/\/www.youtube.com\/user\/BandiCosmeticsPolska"]},{"@type":"Person","@id":"https:\/\/www.bandi.pl\/blog\/#\/schema\/person\/6905a8e1379d84df843b078d275c5aea","name":"BANDI","sameAs":["https:\/\/www.bandi.pl\/blog"]}]}},"_links":{"self":[{"href":"https:\/\/www.bandi.pl\/blog\/wp-json\/wp\/v2\/posts\/1872","targetHints":{"allow":["GET"]}}],"collection":[{"href":"https:\/\/www.bandi.pl\/blog\/wp-json\/wp\/v2\/posts"}],"about":[{"href":"https:\/\/www.bandi.pl\/blog\/wp-json\/wp\/v2\/types\/post"}],"author":[{"embeddable":true,"href":"https:\/\/www.bandi.pl\/blog\/wp-json\/wp\/v2\/users\/3"}],"replies":[{"embeddable":true,"href":"https:\/\/www.bandi.pl\/blog\/wp-json\/wp\/v2\/comments?post=1872"}],"version-history":[{"count":2,"href":"https:\/\/www.bandi.pl\/blog\/wp-json\/wp\/v2\/posts\/1872\/revisions"}],"predecessor-version":[{"id":4507,"href":"https:\/\/www.bandi.pl\/blog\/wp-json\/wp\/v2\/posts\/1872\/revisions\/4507"}],"wp:featuredmedia":[{"embeddable":true,"href":"https:\/\/www.bandi.pl\/blog\/wp-json\/wp\/v2\/media\/4505"}],"wp:attachment":[{"href":"https:\/\/www.bandi.pl\/blog\/wp-json\/wp\/v2\/media?parent=1872"}],"wp:term":[{"taxonomy":"category","embeddable":true,"href":"https:\/\/www.bandi.pl\/blog\/wp-json\/wp\/v2\/categories?post=1872"},{"taxonomy":"post_tag","embeddable":true,"href":"https:\/\/www.bandi.pl\/blog\/wp-json\/wp\/v2\/tags?post=1872"}],"curies":[{"name":"wp","href":"https:\/\/api.w.org\/{rel}","templated":true}]}}