{"id":18570,"date":"2024-04-09T10:00:00","date_gmt":"2024-04-09T08:00:00","guid":{"rendered":"https:\/\/www.bandi.pl\/blog\/?p=18570"},"modified":"2024-04-08T08:27:20","modified_gmt":"2024-04-08T06:27:20","slug":"top-skladniki-aktywne-w-wiosennej-pielegnacji","status":"publish","type":"post","link":"https:\/\/www.bandi.pl\/blog\/top-skladniki-aktywne-w-wiosennej-pielegnacji\/","title":{"rendered":"TOP sk\u0142adniki aktywne w wiosennej piel\u0119gnacji"},"content":{"rendered":"\n<p>W powietrzu czu\u0107 ju\u017c \u015bwie\u017cy powiew wiosny. W tym czasie zale\u017cy nam, aby sk\u00f3ra wygl\u0105da\u0142a dobrze. Jednak po zimie cz\u0119sto nie jest ona w najlepszej kondycji. Dlatego w piel\u0119gnacji warto si\u0119gn\u0105\u0107 po sprawdzone i skuteczne sk\u0142adniki aktywne, kt\u00f3re szybko poprawi\u0105 kondycj\u0119 cery.<\/p>\n\n\n\n<h2 class=\"wp-block-heading\">Sk\u0142adniki aktywne niezast\u0105pione w piosennej piel\u0119gnacji<\/h2>\n\n\n\n<h4 class=\"wp-block-heading\">Witamina C<\/h4>\n\n\n\n<p>Witamina C to niekwestionowana kr\u00f3lowa w zakresie piel\u0119gnacji sk\u00f3ry. Jej dzia\u0142anie jest wielokierunkowe: roz\u015bwietlenie cery i redukcja jej szarego koloru, walka z przebarwieniami, dzia\u0142anie przeciwwolnorodnikowe, odm\u0142adzaj\u0105ce. <\/p>\n\n\n\n<p>W kosmetyce wykorzystuje si\u0119 r\u00f3\u017cne formy witaminy C. W okresie wiosennym, kiedy na sk\u00f3r\u0119 oddzia\u0142uje mocniej promieniowanie UV, najlepszym rozwi\u0105zaniem b\u0119dzie szukanie pochodnych witaminy C, takich jak np. tetroizopalmitynian askorbylu. Jest to nowoczesna, wysoce stabilna i skuteczna w swoim dzia\u0142aniu forma witaminy C, kt\u00f3ra nie uwra\u017cliwia sk\u00f3ry na dzia\u0142anie s\u0142o\u0144ca. Ta forma witaminy C jest umieszczona w recepturze <a href=\"https:\/\/www.bandi.pl\/sklep\/koncentraty\/koncentrat-z-aktywna-witamina-c-701\/\">koncentratu Boost Care<\/a> tu\u017c obok olej\u00f3w: arganowego, migda\u0142owego i awokado. Ze wzgl\u0119du na fakt, \u017ce tetraizopalmitynian askorbylu jest form\u0105 olejow\u0105 witaminy C, doskonale wsp\u00f3\u0142gra ze sk\u0142adnikami lipidowymi, takimi jak oleje. <\/p>\n\n\n\n<figure class=\"wp-block-image aligncenter size-large is-resized\"><a href=\"https:\/\/www.bandi.pl\/sklep\/koncentraty\/koncentrat-z-aktywna-witamina-c-701\/\"><img loading=\"lazy\" decoding=\"async\" width=\"739\" height=\"500\" src=\"https:\/\/www.bandi.pl\/blog\/wp-content\/uploads\/2024\/04\/MG_0056444-739x500.jpg\" alt=\"\" class=\"wp-image-18584\" style=\"aspect-ratio:1.478;width:449px;height:auto\"\/><\/a><\/figure>\n\n\n\n<h4 class=\"wp-block-heading\">Kolagen<\/h4>\n\n\n\n<p>Kolejn\u0105 propozycj\u0105 sk\u0142adnika aktywnego idealnego na wiosn\u0119 jest kolagen ro\u015blinny, pozyskiwany z soi, kukurydzy i pszenicy. Jest to sk\u0142adnik wega\u0144ski, kt\u00f3ry posiada przewag\u0119 nad tradycyjnym kolagenem zwierz\u0119cym pod k\u0105tem zwi\u0119kszania poziomu nawil\u017cenia w sk\u00f3rze. Ca\u0142y ten proces staje si\u0119 bardziej intensywny wraz ze wzrostem wilgotno\u015bci.  W <a href=\"https:\/\/www.bandi.pl\/sklep\/koncentraty\/koncentrat-przeciwzmarszczkowy-z-kolagenem-1001\/\">koncentracie linii Booste Care<\/a> mo\u017cna go znale\u017a\u0107 w formule lekkiego mleczka. Kolagen ro\u015blinny b\u0119dzie odpowiedni dla os\u00f3b maj\u0105cych na celu dzia\u0142anie nawil\u017caj\u0105ce i przeciwzmarszczkowe. Redukuje on drobne zmarszczki i poprawia elastyczno\u015b\u0107 sk\u00f3ry. Ponadto doskonale sprawdza si\u0119 w procesie odbudowywania bariery hydrolipidowej np. w formie piel\u0119gnacji wielowarstwowej. Ca\u0142o\u015bciowo pozwala na uzyskanie efektu \u201eglow\u201d czyli sk\u00f3ry pe\u0142nej blasku.<\/p>\n\n\n\n<figure class=\"wp-block-image aligncenter size-large is-resized\"><a href=\"https:\/\/www.bandi.pl\/sklep\/koncentraty\/koncentrat-przeciwzmarszczkowy-z-kolagenem-1001\/\"><img loading=\"lazy\" decoding=\"async\" width=\"750\" height=\"500\" src=\"https:\/\/www.bandi.pl\/blog\/wp-content\/uploads\/2024\/04\/foto50-750x500.jpg\" alt=\"\" class=\"wp-image-18582\" style=\"aspect-ratio:1.5;width:468px;height:auto\"\/><\/a><\/figure>\n\n\n\n<h4 class=\"wp-block-heading\">Kwas hialuronowy<\/h4>\n\n\n\n<p>Podstaw\u0105 funkcjonowania absolutnie ka\u017cdego rodzaju sk\u00f3ry jest dobre nawil\u017cenie.&nbsp;Niekwestionowanym kr\u00f3lem takiego dzia\u0142ania jest kwas hialuronowy. Jest to substancja silnie higroskopijna, kt\u00f3ra wi\u0105\u017ce wilgo\u0107 w nask\u00f3rku. Skutecznie wype\u0142nia wolne przestrzenie mi\u0119dzykom\u00f3rkowe. Kwas hialuronowy zawarty w <a href=\"https:\/\/www.bandi.pl\/sklep\/koncentraty\/koncentrat-nawilzajacy-z-kwasem-hialuronowym-699\/\">koncentracie Boost Care<\/a> jest najwy\u017cszej jako\u015bci. Preparat posiada bezt\u0142uszczow\u0105 formu\u0142\u0119, co sprawia \u017ce jest idealny dla wszystkim typ\u00f3w sk\u00f3ry, nawet przet\u0142uszczaj\u0105cych si\u0119 i tr\u0105dzikowych. Odpowiednio nawil\u017cona sk\u00f3ra jest automatycznie atrakcyjniejsza w odbiorze. Sp\u0142ycone s\u0105 zmarszczki wynikaj\u0105ce z przesuszenia, staje si\u0119 wyg\u0142adzona i naturalnie odbija \u015bwiat\u0142o. Nawil\u017cona sk\u00f3ra to must have w wiosennej piel\u0119gnacji.<\/p>\n\n\n\n<div class=\"wp-block-divi-layout\">[et_pb_section admin_label=&#8221;section&#8221;][et_pb_row admin_label=&#8221;row&#8221;][\/et_pb_row][\/et_pb_section]<\/div>\n\n\n\n<div class=\"wp-block-divi-layout\">[et_pb_section fb_built=&#8221;1&#8243; theme_builder_area=&#8221;post_content&#8221; _builder_version=&#8221;4.22.2&#8243; _module_preset=&#8221;default&#8221;][\/et_pb_section][et_pb_section fb_built=&#8221;1&#8243; _builder_version=&#8221;4.16&#8243; top_divider_style=&#8221;arrow&#8221; top_divider_color=&#8221;rgba(255,166,168,0.75)&#8221; top_divider_height=&#8221;1px&#8221; bottom_divider_style=&#8221;arrow&#8221; bottom_divider_color=&#8221;rgba(255,166,168,0.75)&#8221; bottom_divider_height=&#8221;1px&#8221; global_colors_info=&#8221;{}&#8221; theme_builder_area=&#8221;post_content&#8221;][et_pb_row column_structure=&#8221;1_2,1_2&#8243; _builder_version=&#8221;4.16&#8243; width=&#8221;100%&#8221; module_alignment=&#8221;left&#8221; custom_margin=&#8221;||||false|false&#8221; global_colors_info=&#8221;{}&#8221; theme_builder_area=&#8221;post_content&#8221;][et_pb_column type=&#8221;1_2&#8243; _builder_version=&#8221;4.16&#8243; global_colors_info=&#8221;{}&#8221; theme_builder_area=&#8221;post_content&#8221;][et_pb_text _builder_version=&#8221;4.22.2&#8243; text_font=&#8221;Raleway Bold||||||||&#8221; text_text_color=&#8221;rgba(255,166,168,0.75)&#8221; text_font_size=&#8221;55px&#8221; text_letter_spacing=&#8221;9px&#8221; text_line_height=&#8221;1em&#8221; header_font_size=&#8221;39px&#8221; min_height=&#8221;23px&#8221; custom_margin=&#8221;40px||||false|false&#8221; link_option_url=&#8221;https:\/\/www.bandi.pl\/sklep\/katalog\/seria\/79_boost-care\/&#8221; hover_enabled=&#8221;0&#8243; inline_fonts=&#8221;Raleway Bold&#8221; global_colors_info=&#8221;{}&#8221; theme_builder_area=&#8221;post_content&#8221; sticky_enabled=&#8221;0&#8243;]<p style=\"text-align: center;\"><span style=\"font-size: xx-large; font-family: inherit; font-weight: normal;\"><strong>BOOST CARE<\/strong><\/span><\/p>\n<p style=\"text-align: center;\"><span style=\"font-size: xx-large; font-family: inherit; font-weight: normal;\"><strong><\/strong><\/span><\/p>[\/et_pb_text][et_pb_text _builder_version=&#8221;4.22.2&#8243; text_font=&#8221;Raleway Regular||||||||&#8221; text_text_color=&#8221;#b8b8b8&#8243; text_font_size=&#8221;22px&#8221; text_line_height=&#8221;1.5em&#8221; link_option_url=&#8221;https:\/\/www.bandi.pl\/sklep\/katalog\/seria\/79_boost-care\/&#8221; hover_enabled=&#8221;0&#8243; global_colors_info=&#8221;{}&#8221; theme_builder_area=&#8221;post_content&#8221; sticky_enabled=&#8221;0&#8243;]<p style=\"text-align: center;\">Idealna cera na wiosn\u0119!<\/p>[\/et_pb_text][et_pb_button button_url=&#8221;https:\/\/www.bandi.pl\/sklep\/katalog\/seria\/79_boost-care\/&#8221; button_text=&#8221;ZOBACZ&#8221; button_alignment=&#8221;center&#8221; disabled_on=&#8221;off|off|off&#8221; _builder_version=&#8221;4.22.2&#8243; custom_button=&#8221;on&#8221; button_text_size=&#8221;20px&#8221; button_text_color=&#8221;#ffffff&#8221; button_border_radius=&#8221;25px&#8221; button_font=&#8221;Bree Serif||||||||&#8221; background_layout=&#8221;dark&#8221; custom_padding=&#8221;12px|30px|12px|30px|true|true&#8221; hover_transition_duration=&#8221;0ms&#8221; hover_enabled=&#8221;0&#8243; box_shadow_style=&#8221;preset3&#8243; global_colors_info=&#8221;{}&#8221; theme_builder_area=&#8221;post_content&#8221; sticky_enabled=&#8221;0&#8243;][\/et_pb_button][\/et_pb_column][et_pb_column type=&#8221;1_2&#8243; _builder_version=&#8221;4.16&#8243; global_colors_info=&#8221;{}&#8221; theme_builder_area=&#8221;post_content&#8221;][et_pb_image src=&#8221;https:\/\/www.bandi.pl\/blog\/wp-content\/uploads\/2024\/04\/MG_0017-scaled.jpg&#8221; title_text=&#8221;_MG_0017&#8243; url=&#8221;https:\/\/www.bandi.pl\/sklep\/katalog\/seria\/79_boost-care\/&#8221; align=&#8221;center&#8221; _builder_version=&#8221;4.22.2&#8243; width=&#8221;100%&#8221; hover_enabled=&#8221;0&#8243; global_colors_info=&#8221;{}&#8221; theme_builder_area=&#8221;post_content&#8221; sticky_enabled=&#8221;0&#8243;][\/et_pb_image][\/et_pb_column][\/et_pb_row][\/et_pb_section]<\/div>\n","protected":false},"excerpt":{"rendered":"<p>W powietrzu czu\u0107 ju\u017c \u015bwie\u017cy powiew wiosny. W tym czasie zale\u017cy nam, aby sk\u00f3ra wygl\u0105da\u0142a dobrze. Jednak po zimie cz\u0119sto nie jest ona w najlepszej kondycji. Dlatego w piel\u0119gnacji warto si\u0119gn\u0105\u0107 po sprawdzone i skuteczne sk\u0142adniki aktywne, kt\u00f3re szybko poprawi\u0105 kondycj\u0119 cery. Sk\u0142adniki aktywne niezast\u0105pione w piosennej piel\u0119gnacji Witamina C Witamina C to niekwestionowana kr\u00f3lowa [&hellip;]<\/p>\n","protected":false},"author":13,"featured_media":18576,"comment_status":"open","ping_status":"closed","sticky":false,"template":"","format":"standard","meta":{"_et_pb_use_builder":"off","_et_pb_old_content":"","_et_gb_content_width":"","footnotes":""},"categories":[6800,1817],"tags":[3445,6032,8359,4712,8360,83,4232,58,5272,4230,5868,6035,5937,8361,8362,8363,6292,28],"class_list":["post-18570","post","type-post","status-publish","format-standard","has-post-thumbnail","hentry","category-agata-rybak","category-kategoria-pielegnacja-i-kosmetyki","tag-bandi","tag-booster","tag-gladka-skora","tag-glow","tag-jak-dziala-witamina-c-na-skore","tag-kolagen","tag-kosmetyki-profesjonalne","tag-kwas-hialuronowy","tag-najskuteczniejsze-skladniki-kosmetykow","tag-pielegnacja-profesjonalna","tag-pielegnacja-twarzy","tag-promienna-skora","tag-serum","tag-serum-z-kolagenem","tag-serum-z-kwasem-hialuronowym","tag-serum-z-witanina-c","tag-skoncentrowane-kosmetyki","tag-witamina-c"],"yoast_head":"<!-- This site is optimized with the Yoast SEO plugin v27.1.1 - https:\/\/yoast.com\/product\/yoast-seo-wordpress\/ -->\n<title>TOP sk\u0142adniki aktywne w wiosennej piel\u0119gnacji &#187; Blog BANDI<\/title>\n<meta name=\"description\" content=\"Witamina C, kolagen i kwas hialuronowy to skuteczne sk\u0142adniki aktywne, kt\u00f3re warto w\u0142\u0105czy\u0107 do wiosennej piel\u0119gnacji.\" \/>\n<meta name=\"robots\" content=\"index, follow, max-snippet:-1, max-image-preview:large, max-video-preview:-1\" \/>\n<link rel=\"canonical\" href=\"https:\/\/www.bandi.pl\/blog\/top-skladniki-aktywne-w-wiosennej-pielegnacji\/\" \/>\n<meta property=\"og:locale\" content=\"pl_PL\" \/>\n<meta property=\"og:type\" content=\"article\" \/>\n<meta property=\"og:title\" content=\"TOP sk\u0142adniki aktywne w wiosennej piel\u0119gnacji &#187; Blog BANDI\" \/>\n<meta property=\"og:description\" content=\"Witamina C, kolagen i kwas hialuronowy to skuteczne sk\u0142adniki aktywne, kt\u00f3re warto w\u0142\u0105czy\u0107 do wiosennej piel\u0119gnacji.\" \/>\n<meta property=\"og:url\" content=\"https:\/\/www.bandi.pl\/blog\/top-skladniki-aktywne-w-wiosennej-pielegnacji\/\" \/>\n<meta property=\"og:site_name\" content=\"Blog BANDI\" \/>\n<meta property=\"article:publisher\" content=\"https:\/\/web.facebook.com\/BANDIcosmetics\" \/>\n<meta property=\"article:published_time\" content=\"2024-04-09T08:00:00+00:00\" \/>\n<meta property=\"og:image\" content=\"https:\/\/www.bandi.pl\/blog\/wp-content\/uploads\/2024\/04\/Projekt-bez-nazwy-2-705x500.png\" \/>\n\t<meta property=\"og:image:width\" content=\"705\" \/>\n\t<meta property=\"og:image:height\" content=\"500\" \/>\n\t<meta property=\"og:image:type\" content=\"image\/png\" \/>\n<meta name=\"author\" content=\"Ilona Kiraga\" \/>\n<meta name=\"twitter:card\" content=\"summary_large_image\" \/>\n<meta name=\"twitter:creator\" content=\"@bandi_cosmetics\" \/>\n<meta name=\"twitter:site\" content=\"@bandi_cosmetics\" \/>\n<meta name=\"twitter:label1\" content=\"Napisane przez\" \/>\n\t<meta name=\"twitter:data1\" content=\"Ilona Kiraga\" \/>\n\t<meta name=\"twitter:label2\" content=\"Szacowany czas czytania\" \/>\n\t<meta name=\"twitter:data2\" content=\"4 minuty\" \/>\n<script type=\"application\/ld+json\" class=\"yoast-schema-graph\">{\"@context\":\"https:\/\/schema.org\",\"@graph\":[{\"@type\":\"Article\",\"@id\":\"https:\/\/www.bandi.pl\/blog\/top-skladniki-aktywne-w-wiosennej-pielegnacji\/#article\",\"isPartOf\":{\"@id\":\"https:\/\/www.bandi.pl\/blog\/top-skladniki-aktywne-w-wiosennej-pielegnacji\/\"},\"author\":{\"name\":\"Ilona Kiraga\",\"@id\":\"https:\/\/www.bandi.pl\/blog\/#\/schema\/person\/5ba05af1a18c58f1c31d4ae051ec9499\"},\"headline\":\"TOP sk\u0142adniki aktywne w wiosennej piel\u0119gnacji\",\"datePublished\":\"2024-04-09T08:00:00+00:00\",\"mainEntityOfPage\":{\"@id\":\"https:\/\/www.bandi.pl\/blog\/top-skladniki-aktywne-w-wiosennej-pielegnacji\/\"},\"wordCount\":843,\"commentCount\":0,\"publisher\":{\"@id\":\"https:\/\/www.bandi.pl\/blog\/#organization\"},\"image\":{\"@id\":\"https:\/\/www.bandi.pl\/blog\/top-skladniki-aktywne-w-wiosennej-pielegnacji\/#primaryimage\"},\"thumbnailUrl\":\"https:\/\/www.bandi.pl\/blog\/wp-content\/uploads\/2024\/04\/Projekt-bez-nazwy-2.png\",\"keywords\":[\"Bandi\",\"booster\",\"gladka sk\u00f3ra\",\"glow\",\"jak dzia\u0142a witamina C na sk\u00f3r\u0119\",\"kolagen\",\"kosmetyki profesjonalne\",\"kwas hialuronowy\",\"najskuteczniejsze sk\u0142adniki kosmetyk\u00f3w\",\"piel\u0119gnacja profesjonalna\",\"piel\u0119gnacja twarzy\",\"promienna sk\u00f3ra\",\"serum\",\"serum z kolagenem\",\"serum z kwasem hialuronowym\",\"serum z witanin\u0105 C\",\"skoncentrowane kosmetyki\",\"witamina C\"],\"articleSection\":[\"Agata Rybak\",\"Piel\u0119gnacja i kosmetyki\"],\"inLanguage\":\"pl-PL\",\"potentialAction\":[{\"@type\":\"CommentAction\",\"name\":\"Comment\",\"target\":[\"https:\/\/www.bandi.pl\/blog\/top-skladniki-aktywne-w-wiosennej-pielegnacji\/#respond\"]}]},{\"@type\":\"WebPage\",\"@id\":\"https:\/\/www.bandi.pl\/blog\/top-skladniki-aktywne-w-wiosennej-pielegnacji\/\",\"url\":\"https:\/\/www.bandi.pl\/blog\/top-skladniki-aktywne-w-wiosennej-pielegnacji\/\",\"name\":\"TOP sk\u0142adniki aktywne w wiosennej piel\u0119gnacji &#187; Blog BANDI\",\"isPartOf\":{\"@id\":\"https:\/\/www.bandi.pl\/blog\/#website\"},\"primaryImageOfPage\":{\"@id\":\"https:\/\/www.bandi.pl\/blog\/top-skladniki-aktywne-w-wiosennej-pielegnacji\/#primaryimage\"},\"image\":{\"@id\":\"https:\/\/www.bandi.pl\/blog\/top-skladniki-aktywne-w-wiosennej-pielegnacji\/#primaryimage\"},\"thumbnailUrl\":\"https:\/\/www.bandi.pl\/blog\/wp-content\/uploads\/2024\/04\/Projekt-bez-nazwy-2.png\",\"datePublished\":\"2024-04-09T08:00:00+00:00\",\"description\":\"Witamina C, kolagen i kwas hialuronowy to skuteczne sk\u0142adniki aktywne, kt\u00f3re warto w\u0142\u0105czy\u0107 do wiosennej piel\u0119gnacji.\",\"breadcrumb\":{\"@id\":\"https:\/\/www.bandi.pl\/blog\/top-skladniki-aktywne-w-wiosennej-pielegnacji\/#breadcrumb\"},\"inLanguage\":\"pl-PL\",\"potentialAction\":[{\"@type\":\"ReadAction\",\"target\":[\"https:\/\/www.bandi.pl\/blog\/top-skladniki-aktywne-w-wiosennej-pielegnacji\/\"]}]},{\"@type\":\"ImageObject\",\"inLanguage\":\"pl-PL\",\"@id\":\"https:\/\/www.bandi.pl\/blog\/top-skladniki-aktywne-w-wiosennej-pielegnacji\/#primaryimage\",\"url\":\"https:\/\/www.bandi.pl\/blog\/wp-content\/uploads\/2024\/04\/Projekt-bez-nazwy-2.png\",\"contentUrl\":\"https:\/\/www.bandi.pl\/blog\/wp-content\/uploads\/2024\/04\/Projekt-bez-nazwy-2.png\",\"width\":1748,\"height\":1240,\"caption\":\"sk\u0142adniki aktywne w wiosennej piel\u0119gnacji\"},{\"@type\":\"BreadcrumbList\",\"@id\":\"https:\/\/www.bandi.pl\/blog\/top-skladniki-aktywne-w-wiosennej-pielegnacji\/#breadcrumb\",\"itemListElement\":[{\"@type\":\"ListItem\",\"position\":1,\"name\":\"BANDI\",\"item\":\"https:\/\/www.bandi.pl\/blog\/\"},{\"@type\":\"ListItem\",\"position\":2,\"name\":\"TOP sk\u0142adniki aktywne w wiosennej piel\u0119gnacji\"}]},{\"@type\":\"WebSite\",\"@id\":\"https:\/\/www.bandi.pl\/blog\/#website\",\"url\":\"https:\/\/www.bandi.pl\/blog\/\",\"name\":\"Blog BANDI\",\"description\":\"Czarno na bia\u0142ym o kosmetykach\",\"publisher\":{\"@id\":\"https:\/\/www.bandi.pl\/blog\/#organization\"},\"potentialAction\":[{\"@type\":\"SearchAction\",\"target\":{\"@type\":\"EntryPoint\",\"urlTemplate\":\"https:\/\/www.bandi.pl\/blog\/?s={search_term_string}\"},\"query-input\":{\"@type\":\"PropertyValueSpecification\",\"valueRequired\":true,\"valueName\":\"search_term_string\"}}],\"inLanguage\":\"pl-PL\"},{\"@type\":\"Organization\",\"@id\":\"https:\/\/www.bandi.pl\/blog\/#organization\",\"name\":\"BANDI\",\"url\":\"https:\/\/www.bandi.pl\/blog\/\",\"logo\":{\"@type\":\"ImageObject\",\"inLanguage\":\"pl-PL\",\"@id\":\"https:\/\/www.bandi.pl\/blog\/#\/schema\/logo\/image\/\",\"url\":\"https:\/\/www.bandi.pl\/blog\/wp-content\/uploads\/2019\/06\/bandi-logo.png\",\"contentUrl\":\"https:\/\/www.bandi.pl\/blog\/wp-content\/uploads\/2019\/06\/bandi-logo.png\",\"width\":264,\"height\":111,\"caption\":\"BANDI\"},\"image\":{\"@id\":\"https:\/\/www.bandi.pl\/blog\/#\/schema\/logo\/image\/\"},\"sameAs\":[\"https:\/\/web.facebook.com\/BANDIcosmetics\",\"https:\/\/x.com\/bandi_cosmetics\",\"https:\/\/www.instagram.com\/bandi_cosmetics\/\",\"https:\/\/www.pinterest.com\/bandicosmetics\/\",\"https:\/\/www.youtube.com\/user\/BandiCosmeticsPolska\"]},{\"@type\":\"Person\",\"@id\":\"https:\/\/www.bandi.pl\/blog\/#\/schema\/person\/5ba05af1a18c58f1c31d4ae051ec9499\",\"name\":\"Ilona Kiraga\"}]}<\/script>\n<!-- \/ Yoast SEO plugin. -->","yoast_head_json":{"title":"TOP sk\u0142adniki aktywne w wiosennej piel\u0119gnacji &#187; Blog BANDI","description":"Witamina C, kolagen i kwas hialuronowy to skuteczne sk\u0142adniki aktywne, kt\u00f3re warto w\u0142\u0105czy\u0107 do wiosennej piel\u0119gnacji.","robots":{"index":"index","follow":"follow","max-snippet":"max-snippet:-1","max-image-preview":"max-image-preview:large","max-video-preview":"max-video-preview:-1"},"canonical":"https:\/\/www.bandi.pl\/blog\/top-skladniki-aktywne-w-wiosennej-pielegnacji\/","og_locale":"pl_PL","og_type":"article","og_title":"TOP sk\u0142adniki aktywne w wiosennej piel\u0119gnacji &#187; Blog BANDI","og_description":"Witamina C, kolagen i kwas hialuronowy to skuteczne sk\u0142adniki aktywne, kt\u00f3re warto w\u0142\u0105czy\u0107 do wiosennej piel\u0119gnacji.","og_url":"https:\/\/www.bandi.pl\/blog\/top-skladniki-aktywne-w-wiosennej-pielegnacji\/","og_site_name":"Blog BANDI","article_publisher":"https:\/\/web.facebook.com\/BANDIcosmetics","article_published_time":"2024-04-09T08:00:00+00:00","og_image":[{"width":705,"height":500,"url":"https:\/\/www.bandi.pl\/blog\/wp-content\/uploads\/2024\/04\/Projekt-bez-nazwy-2-705x500.png","type":"image\/png"}],"author":"Ilona Kiraga","twitter_card":"summary_large_image","twitter_creator":"@bandi_cosmetics","twitter_site":"@bandi_cosmetics","twitter_misc":{"Napisane przez":"Ilona Kiraga","Szacowany czas czytania":"4 minuty"},"schema":{"@context":"https:\/\/schema.org","@graph":[{"@type":"Article","@id":"https:\/\/www.bandi.pl\/blog\/top-skladniki-aktywne-w-wiosennej-pielegnacji\/#article","isPartOf":{"@id":"https:\/\/www.bandi.pl\/blog\/top-skladniki-aktywne-w-wiosennej-pielegnacji\/"},"author":{"name":"Ilona Kiraga","@id":"https:\/\/www.bandi.pl\/blog\/#\/schema\/person\/5ba05af1a18c58f1c31d4ae051ec9499"},"headline":"TOP sk\u0142adniki aktywne w wiosennej piel\u0119gnacji","datePublished":"2024-04-09T08:00:00+00:00","mainEntityOfPage":{"@id":"https:\/\/www.bandi.pl\/blog\/top-skladniki-aktywne-w-wiosennej-pielegnacji\/"},"wordCount":843,"commentCount":0,"publisher":{"@id":"https:\/\/www.bandi.pl\/blog\/#organization"},"image":{"@id":"https:\/\/www.bandi.pl\/blog\/top-skladniki-aktywne-w-wiosennej-pielegnacji\/#primaryimage"},"thumbnailUrl":"https:\/\/www.bandi.pl\/blog\/wp-content\/uploads\/2024\/04\/Projekt-bez-nazwy-2.png","keywords":["Bandi","booster","gladka sk\u00f3ra","glow","jak dzia\u0142a witamina C na sk\u00f3r\u0119","kolagen","kosmetyki profesjonalne","kwas hialuronowy","najskuteczniejsze sk\u0142adniki kosmetyk\u00f3w","piel\u0119gnacja profesjonalna","piel\u0119gnacja twarzy","promienna sk\u00f3ra","serum","serum z kolagenem","serum z kwasem hialuronowym","serum z witanin\u0105 C","skoncentrowane kosmetyki","witamina C"],"articleSection":["Agata Rybak","Piel\u0119gnacja i kosmetyki"],"inLanguage":"pl-PL","potentialAction":[{"@type":"CommentAction","name":"Comment","target":["https:\/\/www.bandi.pl\/blog\/top-skladniki-aktywne-w-wiosennej-pielegnacji\/#respond"]}]},{"@type":"WebPage","@id":"https:\/\/www.bandi.pl\/blog\/top-skladniki-aktywne-w-wiosennej-pielegnacji\/","url":"https:\/\/www.bandi.pl\/blog\/top-skladniki-aktywne-w-wiosennej-pielegnacji\/","name":"TOP sk\u0142adniki aktywne w wiosennej piel\u0119gnacji &#187; Blog BANDI","isPartOf":{"@id":"https:\/\/www.bandi.pl\/blog\/#website"},"primaryImageOfPage":{"@id":"https:\/\/www.bandi.pl\/blog\/top-skladniki-aktywne-w-wiosennej-pielegnacji\/#primaryimage"},"image":{"@id":"https:\/\/www.bandi.pl\/blog\/top-skladniki-aktywne-w-wiosennej-pielegnacji\/#primaryimage"},"thumbnailUrl":"https:\/\/www.bandi.pl\/blog\/wp-content\/uploads\/2024\/04\/Projekt-bez-nazwy-2.png","datePublished":"2024-04-09T08:00:00+00:00","description":"Witamina C, kolagen i kwas hialuronowy to skuteczne sk\u0142adniki aktywne, kt\u00f3re warto w\u0142\u0105czy\u0107 do wiosennej piel\u0119gnacji.","breadcrumb":{"@id":"https:\/\/www.bandi.pl\/blog\/top-skladniki-aktywne-w-wiosennej-pielegnacji\/#breadcrumb"},"inLanguage":"pl-PL","potentialAction":[{"@type":"ReadAction","target":["https:\/\/www.bandi.pl\/blog\/top-skladniki-aktywne-w-wiosennej-pielegnacji\/"]}]},{"@type":"ImageObject","inLanguage":"pl-PL","@id":"https:\/\/www.bandi.pl\/blog\/top-skladniki-aktywne-w-wiosennej-pielegnacji\/#primaryimage","url":"https:\/\/www.bandi.pl\/blog\/wp-content\/uploads\/2024\/04\/Projekt-bez-nazwy-2.png","contentUrl":"https:\/\/www.bandi.pl\/blog\/wp-content\/uploads\/2024\/04\/Projekt-bez-nazwy-2.png","width":1748,"height":1240,"caption":"sk\u0142adniki aktywne w wiosennej piel\u0119gnacji"},{"@type":"BreadcrumbList","@id":"https:\/\/www.bandi.pl\/blog\/top-skladniki-aktywne-w-wiosennej-pielegnacji\/#breadcrumb","itemListElement":[{"@type":"ListItem","position":1,"name":"BANDI","item":"https:\/\/www.bandi.pl\/blog\/"},{"@type":"ListItem","position":2,"name":"TOP sk\u0142adniki aktywne w wiosennej piel\u0119gnacji"}]},{"@type":"WebSite","@id":"https:\/\/www.bandi.pl\/blog\/#website","url":"https:\/\/www.bandi.pl\/blog\/","name":"Blog BANDI","description":"Czarno na bia\u0142ym o kosmetykach","publisher":{"@id":"https:\/\/www.bandi.pl\/blog\/#organization"},"potentialAction":[{"@type":"SearchAction","target":{"@type":"EntryPoint","urlTemplate":"https:\/\/www.bandi.pl\/blog\/?s={search_term_string}"},"query-input":{"@type":"PropertyValueSpecification","valueRequired":true,"valueName":"search_term_string"}}],"inLanguage":"pl-PL"},{"@type":"Organization","@id":"https:\/\/www.bandi.pl\/blog\/#organization","name":"BANDI","url":"https:\/\/www.bandi.pl\/blog\/","logo":{"@type":"ImageObject","inLanguage":"pl-PL","@id":"https:\/\/www.bandi.pl\/blog\/#\/schema\/logo\/image\/","url":"https:\/\/www.bandi.pl\/blog\/wp-content\/uploads\/2019\/06\/bandi-logo.png","contentUrl":"https:\/\/www.bandi.pl\/blog\/wp-content\/uploads\/2019\/06\/bandi-logo.png","width":264,"height":111,"caption":"BANDI"},"image":{"@id":"https:\/\/www.bandi.pl\/blog\/#\/schema\/logo\/image\/"},"sameAs":["https:\/\/web.facebook.com\/BANDIcosmetics","https:\/\/x.com\/bandi_cosmetics","https:\/\/www.instagram.com\/bandi_cosmetics\/","https:\/\/www.pinterest.com\/bandicosmetics\/","https:\/\/www.youtube.com\/user\/BandiCosmeticsPolska"]},{"@type":"Person","@id":"https:\/\/www.bandi.pl\/blog\/#\/schema\/person\/5ba05af1a18c58f1c31d4ae051ec9499","name":"Ilona Kiraga"}]}},"_links":{"self":[{"href":"https:\/\/www.bandi.pl\/blog\/wp-json\/wp\/v2\/posts\/18570","targetHints":{"allow":["GET"]}}],"collection":[{"href":"https:\/\/www.bandi.pl\/blog\/wp-json\/wp\/v2\/posts"}],"about":[{"href":"https:\/\/www.bandi.pl\/blog\/wp-json\/wp\/v2\/types\/post"}],"author":[{"embeddable":true,"href":"https:\/\/www.bandi.pl\/blog\/wp-json\/wp\/v2\/users\/13"}],"replies":[{"embeddable":true,"href":"https:\/\/www.bandi.pl\/blog\/wp-json\/wp\/v2\/comments?post=18570"}],"version-history":[{"count":11,"href":"https:\/\/www.bandi.pl\/blog\/wp-json\/wp\/v2\/posts\/18570\/revisions"}],"predecessor-version":[{"id":18585,"href":"https:\/\/www.bandi.pl\/blog\/wp-json\/wp\/v2\/posts\/18570\/revisions\/18585"}],"wp:featuredmedia":[{"embeddable":true,"href":"https:\/\/www.bandi.pl\/blog\/wp-json\/wp\/v2\/media\/18576"}],"wp:attachment":[{"href":"https:\/\/www.bandi.pl\/blog\/wp-json\/wp\/v2\/media?parent=18570"}],"wp:term":[{"taxonomy":"category","embeddable":true,"href":"https:\/\/www.bandi.pl\/blog\/wp-json\/wp\/v2\/categories?post=18570"},{"taxonomy":"post_tag","embeddable":true,"href":"https:\/\/www.bandi.pl\/blog\/wp-json\/wp\/v2\/tags?post=18570"}],"curies":[{"name":"wp","href":"https:\/\/api.w.org\/{rel}","templated":true}]}}