{"id":18471,"date":"2024-03-15T09:42:49","date_gmt":"2024-03-15T08:42:49","guid":{"rendered":"https:\/\/www.bandi.pl\/blog\/?p=18471"},"modified":"2024-03-15T09:42:50","modified_gmt":"2024-03-15T08:42:50","slug":"niezwykla-kobieta-to-byl-cudowny-czas","status":"publish","type":"post","link":"https:\/\/www.bandi.pl\/blog\/niezwykla-kobieta-to-byl-cudowny-czas\/","title":{"rendered":"nieZWYK\u0141A KOBIETA &#8211; to by\u0142 cudowny czas!"},"content":{"rendered":"\n<p>C\u00f3\u017c to by\u0142 za weekend z nieZWYK\u0141YMI KOBIETAMI! Kto by\u0142 z nami, ten wie! Nie spodziewali\u015bmy si\u0119, \u017ce tak du\u017co wspania\u0142ych kobiet odwiedzi nas i spotka si\u0119 z nami na \u017cywo! \u015awi\u0119towali\u015bmy KOBIECO\u015a\u0106 i to by\u0142 przepi\u0119kny czas. <\/p>\n\n\n\n<p>Na g\u0142\u00f3wnej scenie odby\u0142y si\u0119 wszystkie zaplanowane rozmowy. Go\u015b\u0107mi by\u0142y m.in.@izabelasakutova, @dorota_delag, @aleksandrakisio_official, @daria_widawska, @magdasteczkowska, @alka_positive, @kobietaipieniadze, @sylwia_pogorzelska_sp, @kulisysukcesu a rozmowy poprowadzi\u0142a @dorotagardias. Mo\u017cna by\u0142o pos\u0142ucha\u0107 m.in. jak zadba\u0107 o swoje finanse, czy zmotywowa\u0107 si\u0119 do osi\u0105gni\u0119cia sukcesu. Nauczyli\u015bmy si\u0119 jak zadba\u0107 o swoje zdrowie psychiczne, ale tez jak s\u0142ucha\u0107 swojego cia\u0142a gdy np. zbli\u017ca si\u0119 menopauza. <\/p>\n\n\n\n<p>Nasze strefy warsztatowe i konsultacyjne p\u0119ka\u0142y w szwach. Panie skorzysta\u0142y z porad naszych kosmetolog\u00f3w, mog\u0142y nauczy\u0107 si\u0119 jak dba\u0107 o konkretne typy cery lub same stworzy\u0142y swoje w\u0142asne kremy od samego pocz\u0105tku.<\/p>\n\n\n\n<p>Cieszymy si\u0119, \u017ce nasze sfrefy fun cieszy\u0142y si\u0119 licznym zainteresowaniem, a na \u015bcianie inspiracji by\u0142o tyle cudownych przes\u0142anek, motywuj\u0105cych tekst\u00f3w i \u017cycze\u0144. Czytaj\u0105c je niejednokrotnie wzruszali\u015bmy si\u0119 do \u0142ez. <\/p>\n\n\n\n<p>A wisienk\u0105 na torcie by\u0142o <a href=\"https:\/\/www.rzetelnyinfluencer.org\/\">og\u0142oszenie wynik\u00f3w Plebiscytu na Rzetelnego Influencera Roku 2023<\/a>. W kategoriach piel\u0119gnacja twarzy, w\u0142os\u00f3w i makeup. Jak zawsze mogli\u015bmy liczy\u0107 na tw\u00f3rc\u00f3w, kt\u00f3rzy docenili wyr\u00f3\u017cnienie ich ci\u0119\u017ckiej pracy. A my bardzo dzi\u0119kujemy wszystkim obserwatorom, kt\u00f3rzy si\u0119 zaanga\u017cowali i zag\u0142osowali, bo g\u0142os\u00f3w by\u0142o a\u017c 11 000! <\/p>\n\n\n\n<p>Dzi\u0119kujemy wszystkim, kt\u00f3rzy wzi\u0119li udzia\u0142 w Evencie, atmosfera by\u0142a cudowna i my\u015blimy, \u017ce przyjdzie czas na powt\u00f3rk\u0119. Podoba\u0142o si\u0119 Wam? Dajcie zna\u0107 czy byli\u015bcie z nami?<\/p>\n\n\n\n<figure class=\"wp-block-gallery has-nested-images columns-default is-cropped wp-block-gallery-1 is-layout-flex wp-block-gallery-is-layout-flex\">\n<figure class=\"wp-block-image size-large\"><img loading=\"lazy\" decoding=\"async\" width=\"500\" height=\"500\" data-id=\"18475\" src=\"https:\/\/www.bandi.pl\/blog\/wp-content\/uploads\/2024\/03\/1-1-500x500.png\" alt=\"\" class=\"wp-image-18475\"\/><\/figure>\n\n\n\n<figure class=\"wp-block-image size-large\"><img loading=\"lazy\" decoding=\"async\" width=\"500\" height=\"500\" data-id=\"18476\" src=\"https:\/\/www.bandi.pl\/blog\/wp-content\/uploads\/2024\/03\/2-1-500x500.png\" alt=\"\" class=\"wp-image-18476\"\/><\/figure>\n\n\n\n<figure class=\"wp-block-image size-large\"><img loading=\"lazy\" decoding=\"async\" width=\"500\" height=\"500\" data-id=\"18477\" src=\"https:\/\/www.bandi.pl\/blog\/wp-content\/uploads\/2024\/03\/3-500x500.png\" alt=\"nieZWYK\u0141A KOBIETA event\" class=\"wp-image-18477\"\/><\/figure>\n\n\n\n<figure class=\"wp-block-image size-large\"><img loading=\"lazy\" decoding=\"async\" width=\"500\" height=\"500\" data-id=\"18478\" src=\"https:\/\/www.bandi.pl\/blog\/wp-content\/uploads\/2024\/03\/4-500x500.png\" alt=\"\" class=\"wp-image-18478\"\/><\/figure>\n\n\n\n<figure class=\"wp-block-image size-large\"><img loading=\"lazy\" decoding=\"async\" width=\"500\" height=\"500\" data-id=\"18479\" src=\"https:\/\/www.bandi.pl\/blog\/wp-content\/uploads\/2024\/03\/5-500x500.png\" alt=\"\" class=\"wp-image-18479\"\/><\/figure>\n\n\n\n<figure class=\"wp-block-image size-large\"><img loading=\"lazy\" decoding=\"async\" width=\"500\" height=\"500\" data-id=\"18480\" src=\"https:\/\/www.bandi.pl\/blog\/wp-content\/uploads\/2024\/03\/6-500x500.png\" alt=\"\" class=\"wp-image-18480\"\/><\/figure>\n\n\n\n<figure class=\"wp-block-image size-large\"><img loading=\"lazy\" decoding=\"async\" width=\"500\" height=\"500\" data-id=\"18481\" src=\"https:\/\/www.bandi.pl\/blog\/wp-content\/uploads\/2024\/03\/7-500x500.png\" alt=\"\" class=\"wp-image-18481\"\/><\/figure>\n\n\n\n<figure class=\"wp-block-image size-large\"><img loading=\"lazy\" decoding=\"async\" width=\"500\" height=\"500\" data-id=\"18482\" src=\"https:\/\/www.bandi.pl\/blog\/wp-content\/uploads\/2024\/03\/8-500x500.png\" alt=\"\" class=\"wp-image-18482\"\/><\/figure>\n\n\n\n<figure class=\"wp-block-image size-large\"><img loading=\"lazy\" decoding=\"async\" width=\"750\" height=\"500\" data-id=\"18483\" src=\"https:\/\/www.bandi.pl\/blog\/wp-content\/uploads\/2024\/03\/fot.-PK_BindupPhoto_4O9A0044-750x500.jpg\" alt=\"\" class=\"wp-image-18483\"\/><\/figure>\n<\/figure>\n","protected":false},"excerpt":{"rendered":"<p>C\u00f3\u017c to by\u0142 za weekend z nieZWYK\u0141YMI KOBIETAMI! Kto by\u0142 z nami, ten wie! Nie spodziewali\u015bmy si\u0119, \u017ce tak du\u017co wspania\u0142ych kobiet odwiedzi nas i spotka si\u0119 z nami na \u017cywo! \u015awi\u0119towali\u015bmy KOBIECO\u015a\u0106 i to by\u0142 przepi\u0119kny czas. Na g\u0142\u00f3wnej scenie odby\u0142y si\u0119 wszystkie zaplanowane rozmowy. Go\u015b\u0107mi by\u0142y m.in.@izabelasakutova, @dorota_delag, @aleksandrakisio_official, @daria_widawska, @magdasteczkowska, @alka_positive, @kobietaipieniadze, [&hellip;]<\/p>\n","protected":false},"author":13,"featured_media":18472,"comment_status":"open","ping_status":"closed","sticky":false,"template":"","format":"standard","meta":{"_et_pb_use_builder":"off","_et_pb_old_content":"","_et_gb_content_width":"","footnotes":""},"categories":[2055,1969,1973,1741],"tags":[3445,8303,8304,8305,7252,4232,8333,4230,5868],"class_list":["post-18471","post","type-post","status-publish","format-standard","has-post-thumbnail","hentry","category-bandi","category-kategoria-co-u-nas","category-kategoria-targi-kosmetyczne-szkolenia","category-kategoria-z-zycia-firmy","tag-bandi","tag-dzien-kobiet","tag-event-arkadia","tag-event-dzien-kobiet","tag-event-kosmetyczny","tag-kosmetyki-profesjonalne","tag-niezwykla-kobieta","tag-pielegnacja-profesjonalna","tag-pielegnacja-twarzy"],"yoast_head":"<!-- This site is optimized with the Yoast SEO plugin v27.1.1 - https:\/\/yoast.com\/product\/yoast-seo-wordpress\/ -->\n<title>nieZWYK\u0141A KOBIETA - to by\u0142 cudowny czas! &#187; Blog BANDI<\/title>\n<meta name=\"description\" content=\"8-9 marzec to weekend pod has\u0142em nieZWYK\u0141A KOBIETA. \u015awi\u0119towali\u015bmy KOBIECO\u015a\u0106 i to by\u0142 przepi\u0119kny czas. A wisienk\u0105 na torcie by\u0142o og\u0142oszenie wynik\u00f3w Plebiscytu na Rzetelnego Influencera Roku 2023.\" \/>\n<meta name=\"robots\" content=\"index, follow, max-snippet:-1, max-image-preview:large, max-video-preview:-1\" \/>\n<link rel=\"canonical\" href=\"https:\/\/www.bandi.pl\/blog\/niezwykla-kobieta-to-byl-cudowny-czas\/\" \/>\n<meta property=\"og:locale\" content=\"pl_PL\" \/>\n<meta property=\"og:type\" content=\"article\" \/>\n<meta property=\"og:title\" content=\"nieZWYK\u0141A KOBIETA - to by\u0142 cudowny czas! &#187; Blog BANDI\" \/>\n<meta property=\"og:description\" content=\"8-9 marzec to weekend pod has\u0142em nieZWYK\u0141A KOBIETA. \u015awi\u0119towali\u015bmy KOBIECO\u015a\u0106 i to by\u0142 przepi\u0119kny czas. A wisienk\u0105 na torcie by\u0142o og\u0142oszenie wynik\u00f3w Plebiscytu na Rzetelnego Influencera Roku 2023.\" \/>\n<meta property=\"og:url\" content=\"https:\/\/www.bandi.pl\/blog\/niezwykla-kobieta-to-byl-cudowny-czas\/\" \/>\n<meta property=\"og:site_name\" content=\"Blog BANDI\" \/>\n<meta property=\"article:publisher\" content=\"https:\/\/web.facebook.com\/BANDIcosmetics\" \/>\n<meta property=\"article:published_time\" content=\"2024-03-15T08:42:49+00:00\" \/>\n<meta property=\"article:modified_time\" content=\"2024-03-15T08:42:50+00:00\" \/>\n<meta property=\"og:image\" content=\"https:\/\/www.bandi.pl\/blog\/wp-content\/uploads\/2024\/03\/1111.png\" \/>\n\t<meta property=\"og:image:width\" content=\"1080\" \/>\n\t<meta property=\"og:image:height\" content=\"826\" \/>\n\t<meta property=\"og:image:type\" content=\"image\/png\" \/>\n<meta name=\"author\" content=\"Ilona Kiraga\" \/>\n<meta name=\"twitter:card\" content=\"summary_large_image\" \/>\n<meta name=\"twitter:creator\" content=\"@bandi_cosmetics\" \/>\n<meta name=\"twitter:site\" content=\"@bandi_cosmetics\" \/>\n<meta name=\"twitter:label1\" content=\"Napisane przez\" \/>\n\t<meta name=\"twitter:data1\" content=\"Ilona Kiraga\" \/>\n\t<meta name=\"twitter:label2\" content=\"Szacowany czas czytania\" \/>\n\t<meta name=\"twitter:data2\" content=\"4 minuty\" \/>\n<script type=\"application\/ld+json\" class=\"yoast-schema-graph\">{\"@context\":\"https:\/\/schema.org\",\"@graph\":[{\"@type\":\"Article\",\"@id\":\"https:\/\/www.bandi.pl\/blog\/niezwykla-kobieta-to-byl-cudowny-czas\/#article\",\"isPartOf\":{\"@id\":\"https:\/\/www.bandi.pl\/blog\/niezwykla-kobieta-to-byl-cudowny-czas\/\"},\"author\":{\"name\":\"Ilona Kiraga\",\"@id\":\"https:\/\/www.bandi.pl\/blog\/#\/schema\/person\/5ba05af1a18c58f1c31d4ae051ec9499\"},\"headline\":\"nieZWYK\u0141A KOBIETA &#8211; to by\u0142 cudowny czas!\",\"datePublished\":\"2024-03-15T08:42:49+00:00\",\"dateModified\":\"2024-03-15T08:42:50+00:00\",\"mainEntityOfPage\":{\"@id\":\"https:\/\/www.bandi.pl\/blog\/niezwykla-kobieta-to-byl-cudowny-czas\/\"},\"wordCount\":308,\"commentCount\":0,\"publisher\":{\"@id\":\"https:\/\/www.bandi.pl\/blog\/#organization\"},\"image\":{\"@id\":\"https:\/\/www.bandi.pl\/blog\/niezwykla-kobieta-to-byl-cudowny-czas\/#primaryimage\"},\"thumbnailUrl\":\"https:\/\/www.bandi.pl\/blog\/wp-content\/uploads\/2024\/03\/1111.png\",\"keywords\":[\"Bandi\",\"dzie\u0144 kobiet\",\"event Arkadia\",\"event dzie\u0144 kobiet\",\"event kosmetyczny\",\"kosmetyki profesjonalne\",\"niezwyk\u0142a kobieta\",\"piel\u0119gnacja profesjonalna\",\"piel\u0119gnacja twarzy\"],\"articleSection\":[\"BANDI\",\"Co u nas?\",\"Targi kosmetyczne, szkolenia...\",\"Z \u017cycia firmy\"],\"inLanguage\":\"pl-PL\",\"potentialAction\":[{\"@type\":\"CommentAction\",\"name\":\"Comment\",\"target\":[\"https:\/\/www.bandi.pl\/blog\/niezwykla-kobieta-to-byl-cudowny-czas\/#respond\"]}]},{\"@type\":\"WebPage\",\"@id\":\"https:\/\/www.bandi.pl\/blog\/niezwykla-kobieta-to-byl-cudowny-czas\/\",\"url\":\"https:\/\/www.bandi.pl\/blog\/niezwykla-kobieta-to-byl-cudowny-czas\/\",\"name\":\"nieZWYK\u0141A KOBIETA - to by\u0142 cudowny czas! &#187; Blog BANDI\",\"isPartOf\":{\"@id\":\"https:\/\/www.bandi.pl\/blog\/#website\"},\"primaryImageOfPage\":{\"@id\":\"https:\/\/www.bandi.pl\/blog\/niezwykla-kobieta-to-byl-cudowny-czas\/#primaryimage\"},\"image\":{\"@id\":\"https:\/\/www.bandi.pl\/blog\/niezwykla-kobieta-to-byl-cudowny-czas\/#primaryimage\"},\"thumbnailUrl\":\"https:\/\/www.bandi.pl\/blog\/wp-content\/uploads\/2024\/03\/1111.png\",\"datePublished\":\"2024-03-15T08:42:49+00:00\",\"dateModified\":\"2024-03-15T08:42:50+00:00\",\"description\":\"8-9 marzec to weekend pod has\u0142em nieZWYK\u0141A KOBIETA. \u015awi\u0119towali\u015bmy KOBIECO\u015a\u0106 i to by\u0142 przepi\u0119kny czas. A wisienk\u0105 na torcie by\u0142o og\u0142oszenie wynik\u00f3w Plebiscytu na Rzetelnego Influencera Roku 2023.\",\"breadcrumb\":{\"@id\":\"https:\/\/www.bandi.pl\/blog\/niezwykla-kobieta-to-byl-cudowny-czas\/#breadcrumb\"},\"inLanguage\":\"pl-PL\",\"potentialAction\":[{\"@type\":\"ReadAction\",\"target\":[\"https:\/\/www.bandi.pl\/blog\/niezwykla-kobieta-to-byl-cudowny-czas\/\"]}]},{\"@type\":\"ImageObject\",\"inLanguage\":\"pl-PL\",\"@id\":\"https:\/\/www.bandi.pl\/blog\/niezwykla-kobieta-to-byl-cudowny-czas\/#primaryimage\",\"url\":\"https:\/\/www.bandi.pl\/blog\/wp-content\/uploads\/2024\/03\/1111.png\",\"contentUrl\":\"https:\/\/www.bandi.pl\/blog\/wp-content\/uploads\/2024\/03\/1111.png\",\"width\":1080,\"height\":826,\"caption\":\"nieZWYK\u0141A KOBIETA\"},{\"@type\":\"BreadcrumbList\",\"@id\":\"https:\/\/www.bandi.pl\/blog\/niezwykla-kobieta-to-byl-cudowny-czas\/#breadcrumb\",\"itemListElement\":[{\"@type\":\"ListItem\",\"position\":1,\"name\":\"BANDI\",\"item\":\"https:\/\/www.bandi.pl\/blog\/\"},{\"@type\":\"ListItem\",\"position\":2,\"name\":\"nieZWYK\u0141A KOBIETA &#8211; to by\u0142 cudowny czas!\"}]},{\"@type\":\"WebSite\",\"@id\":\"https:\/\/www.bandi.pl\/blog\/#website\",\"url\":\"https:\/\/www.bandi.pl\/blog\/\",\"name\":\"Blog BANDI\",\"description\":\"Czarno na bia\u0142ym o kosmetykach\",\"publisher\":{\"@id\":\"https:\/\/www.bandi.pl\/blog\/#organization\"},\"potentialAction\":[{\"@type\":\"SearchAction\",\"target\":{\"@type\":\"EntryPoint\",\"urlTemplate\":\"https:\/\/www.bandi.pl\/blog\/?s={search_term_string}\"},\"query-input\":{\"@type\":\"PropertyValueSpecification\",\"valueRequired\":true,\"valueName\":\"search_term_string\"}}],\"inLanguage\":\"pl-PL\"},{\"@type\":\"Organization\",\"@id\":\"https:\/\/www.bandi.pl\/blog\/#organization\",\"name\":\"BANDI\",\"url\":\"https:\/\/www.bandi.pl\/blog\/\",\"logo\":{\"@type\":\"ImageObject\",\"inLanguage\":\"pl-PL\",\"@id\":\"https:\/\/www.bandi.pl\/blog\/#\/schema\/logo\/image\/\",\"url\":\"https:\/\/www.bandi.pl\/blog\/wp-content\/uploads\/2019\/06\/bandi-logo.png\",\"contentUrl\":\"https:\/\/www.bandi.pl\/blog\/wp-content\/uploads\/2019\/06\/bandi-logo.png\",\"width\":264,\"height\":111,\"caption\":\"BANDI\"},\"image\":{\"@id\":\"https:\/\/www.bandi.pl\/blog\/#\/schema\/logo\/image\/\"},\"sameAs\":[\"https:\/\/web.facebook.com\/BANDIcosmetics\",\"https:\/\/x.com\/bandi_cosmetics\",\"https:\/\/www.instagram.com\/bandi_cosmetics\/\",\"https:\/\/www.pinterest.com\/bandicosmetics\/\",\"https:\/\/www.youtube.com\/user\/BandiCosmeticsPolska\"]},{\"@type\":\"Person\",\"@id\":\"https:\/\/www.bandi.pl\/blog\/#\/schema\/person\/5ba05af1a18c58f1c31d4ae051ec9499\",\"name\":\"Ilona Kiraga\"}]}<\/script>\n<!-- \/ Yoast SEO plugin. -->","yoast_head_json":{"title":"nieZWYK\u0141A KOBIETA - to by\u0142 cudowny czas! &#187; Blog BANDI","description":"8-9 marzec to weekend pod has\u0142em nieZWYK\u0141A KOBIETA. \u015awi\u0119towali\u015bmy KOBIECO\u015a\u0106 i to by\u0142 przepi\u0119kny czas. A wisienk\u0105 na torcie by\u0142o og\u0142oszenie wynik\u00f3w Plebiscytu na Rzetelnego Influencera Roku 2023.","robots":{"index":"index","follow":"follow","max-snippet":"max-snippet:-1","max-image-preview":"max-image-preview:large","max-video-preview":"max-video-preview:-1"},"canonical":"https:\/\/www.bandi.pl\/blog\/niezwykla-kobieta-to-byl-cudowny-czas\/","og_locale":"pl_PL","og_type":"article","og_title":"nieZWYK\u0141A KOBIETA - to by\u0142 cudowny czas! &#187; Blog BANDI","og_description":"8-9 marzec to weekend pod has\u0142em nieZWYK\u0141A KOBIETA. \u015awi\u0119towali\u015bmy KOBIECO\u015a\u0106 i to by\u0142 przepi\u0119kny czas. A wisienk\u0105 na torcie by\u0142o og\u0142oszenie wynik\u00f3w Plebiscytu na Rzetelnego Influencera Roku 2023.","og_url":"https:\/\/www.bandi.pl\/blog\/niezwykla-kobieta-to-byl-cudowny-czas\/","og_site_name":"Blog BANDI","article_publisher":"https:\/\/web.facebook.com\/BANDIcosmetics","article_published_time":"2024-03-15T08:42:49+00:00","article_modified_time":"2024-03-15T08:42:50+00:00","og_image":[{"width":1080,"height":826,"url":"https:\/\/www.bandi.pl\/blog\/wp-content\/uploads\/2024\/03\/1111.png","type":"image\/png"}],"author":"Ilona Kiraga","twitter_card":"summary_large_image","twitter_creator":"@bandi_cosmetics","twitter_site":"@bandi_cosmetics","twitter_misc":{"Napisane przez":"Ilona Kiraga","Szacowany czas czytania":"4 minuty"},"schema":{"@context":"https:\/\/schema.org","@graph":[{"@type":"Article","@id":"https:\/\/www.bandi.pl\/blog\/niezwykla-kobieta-to-byl-cudowny-czas\/#article","isPartOf":{"@id":"https:\/\/www.bandi.pl\/blog\/niezwykla-kobieta-to-byl-cudowny-czas\/"},"author":{"name":"Ilona Kiraga","@id":"https:\/\/www.bandi.pl\/blog\/#\/schema\/person\/5ba05af1a18c58f1c31d4ae051ec9499"},"headline":"nieZWYK\u0141A KOBIETA &#8211; to by\u0142 cudowny czas!","datePublished":"2024-03-15T08:42:49+00:00","dateModified":"2024-03-15T08:42:50+00:00","mainEntityOfPage":{"@id":"https:\/\/www.bandi.pl\/blog\/niezwykla-kobieta-to-byl-cudowny-czas\/"},"wordCount":308,"commentCount":0,"publisher":{"@id":"https:\/\/www.bandi.pl\/blog\/#organization"},"image":{"@id":"https:\/\/www.bandi.pl\/blog\/niezwykla-kobieta-to-byl-cudowny-czas\/#primaryimage"},"thumbnailUrl":"https:\/\/www.bandi.pl\/blog\/wp-content\/uploads\/2024\/03\/1111.png","keywords":["Bandi","dzie\u0144 kobiet","event Arkadia","event dzie\u0144 kobiet","event kosmetyczny","kosmetyki profesjonalne","niezwyk\u0142a kobieta","piel\u0119gnacja profesjonalna","piel\u0119gnacja twarzy"],"articleSection":["BANDI","Co u nas?","Targi kosmetyczne, szkolenia...","Z \u017cycia firmy"],"inLanguage":"pl-PL","potentialAction":[{"@type":"CommentAction","name":"Comment","target":["https:\/\/www.bandi.pl\/blog\/niezwykla-kobieta-to-byl-cudowny-czas\/#respond"]}]},{"@type":"WebPage","@id":"https:\/\/www.bandi.pl\/blog\/niezwykla-kobieta-to-byl-cudowny-czas\/","url":"https:\/\/www.bandi.pl\/blog\/niezwykla-kobieta-to-byl-cudowny-czas\/","name":"nieZWYK\u0141A KOBIETA - to by\u0142 cudowny czas! &#187; Blog BANDI","isPartOf":{"@id":"https:\/\/www.bandi.pl\/blog\/#website"},"primaryImageOfPage":{"@id":"https:\/\/www.bandi.pl\/blog\/niezwykla-kobieta-to-byl-cudowny-czas\/#primaryimage"},"image":{"@id":"https:\/\/www.bandi.pl\/blog\/niezwykla-kobieta-to-byl-cudowny-czas\/#primaryimage"},"thumbnailUrl":"https:\/\/www.bandi.pl\/blog\/wp-content\/uploads\/2024\/03\/1111.png","datePublished":"2024-03-15T08:42:49+00:00","dateModified":"2024-03-15T08:42:50+00:00","description":"8-9 marzec to weekend pod has\u0142em nieZWYK\u0141A KOBIETA. \u015awi\u0119towali\u015bmy KOBIECO\u015a\u0106 i to by\u0142 przepi\u0119kny czas. A wisienk\u0105 na torcie by\u0142o og\u0142oszenie wynik\u00f3w Plebiscytu na Rzetelnego Influencera Roku 2023.","breadcrumb":{"@id":"https:\/\/www.bandi.pl\/blog\/niezwykla-kobieta-to-byl-cudowny-czas\/#breadcrumb"},"inLanguage":"pl-PL","potentialAction":[{"@type":"ReadAction","target":["https:\/\/www.bandi.pl\/blog\/niezwykla-kobieta-to-byl-cudowny-czas\/"]}]},{"@type":"ImageObject","inLanguage":"pl-PL","@id":"https:\/\/www.bandi.pl\/blog\/niezwykla-kobieta-to-byl-cudowny-czas\/#primaryimage","url":"https:\/\/www.bandi.pl\/blog\/wp-content\/uploads\/2024\/03\/1111.png","contentUrl":"https:\/\/www.bandi.pl\/blog\/wp-content\/uploads\/2024\/03\/1111.png","width":1080,"height":826,"caption":"nieZWYK\u0141A KOBIETA"},{"@type":"BreadcrumbList","@id":"https:\/\/www.bandi.pl\/blog\/niezwykla-kobieta-to-byl-cudowny-czas\/#breadcrumb","itemListElement":[{"@type":"ListItem","position":1,"name":"BANDI","item":"https:\/\/www.bandi.pl\/blog\/"},{"@type":"ListItem","position":2,"name":"nieZWYK\u0141A KOBIETA &#8211; to by\u0142 cudowny czas!"}]},{"@type":"WebSite","@id":"https:\/\/www.bandi.pl\/blog\/#website","url":"https:\/\/www.bandi.pl\/blog\/","name":"Blog BANDI","description":"Czarno na bia\u0142ym o kosmetykach","publisher":{"@id":"https:\/\/www.bandi.pl\/blog\/#organization"},"potentialAction":[{"@type":"SearchAction","target":{"@type":"EntryPoint","urlTemplate":"https:\/\/www.bandi.pl\/blog\/?s={search_term_string}"},"query-input":{"@type":"PropertyValueSpecification","valueRequired":true,"valueName":"search_term_string"}}],"inLanguage":"pl-PL"},{"@type":"Organization","@id":"https:\/\/www.bandi.pl\/blog\/#organization","name":"BANDI","url":"https:\/\/www.bandi.pl\/blog\/","logo":{"@type":"ImageObject","inLanguage":"pl-PL","@id":"https:\/\/www.bandi.pl\/blog\/#\/schema\/logo\/image\/","url":"https:\/\/www.bandi.pl\/blog\/wp-content\/uploads\/2019\/06\/bandi-logo.png","contentUrl":"https:\/\/www.bandi.pl\/blog\/wp-content\/uploads\/2019\/06\/bandi-logo.png","width":264,"height":111,"caption":"BANDI"},"image":{"@id":"https:\/\/www.bandi.pl\/blog\/#\/schema\/logo\/image\/"},"sameAs":["https:\/\/web.facebook.com\/BANDIcosmetics","https:\/\/x.com\/bandi_cosmetics","https:\/\/www.instagram.com\/bandi_cosmetics\/","https:\/\/www.pinterest.com\/bandicosmetics\/","https:\/\/www.youtube.com\/user\/BandiCosmeticsPolska"]},{"@type":"Person","@id":"https:\/\/www.bandi.pl\/blog\/#\/schema\/person\/5ba05af1a18c58f1c31d4ae051ec9499","name":"Ilona Kiraga"}]}},"_links":{"self":[{"href":"https:\/\/www.bandi.pl\/blog\/wp-json\/wp\/v2\/posts\/18471","targetHints":{"allow":["GET"]}}],"collection":[{"href":"https:\/\/www.bandi.pl\/blog\/wp-json\/wp\/v2\/posts"}],"about":[{"href":"https:\/\/www.bandi.pl\/blog\/wp-json\/wp\/v2\/types\/post"}],"author":[{"embeddable":true,"href":"https:\/\/www.bandi.pl\/blog\/wp-json\/wp\/v2\/users\/13"}],"replies":[{"embeddable":true,"href":"https:\/\/www.bandi.pl\/blog\/wp-json\/wp\/v2\/comments?post=18471"}],"version-history":[{"count":6,"href":"https:\/\/www.bandi.pl\/blog\/wp-json\/wp\/v2\/posts\/18471\/revisions"}],"predecessor-version":[{"id":18495,"href":"https:\/\/www.bandi.pl\/blog\/wp-json\/wp\/v2\/posts\/18471\/revisions\/18495"}],"wp:featuredmedia":[{"embeddable":true,"href":"https:\/\/www.bandi.pl\/blog\/wp-json\/wp\/v2\/media\/18472"}],"wp:attachment":[{"href":"https:\/\/www.bandi.pl\/blog\/wp-json\/wp\/v2\/media?parent=18471"}],"wp:term":[{"taxonomy":"category","embeddable":true,"href":"https:\/\/www.bandi.pl\/blog\/wp-json\/wp\/v2\/categories?post=18471"},{"taxonomy":"post_tag","embeddable":true,"href":"https:\/\/www.bandi.pl\/blog\/wp-json\/wp\/v2\/tags?post=18471"}],"curies":[{"name":"wp","href":"https:\/\/api.w.org\/{rel}","templated":true}]}}