{"id":17943,"date":"2023-12-12T10:00:00","date_gmt":"2023-12-12T09:00:00","guid":{"rendered":"https:\/\/www.bandi.pl\/blog\/?p=17943"},"modified":"2023-12-11T15:51:36","modified_gmt":"2023-12-11T14:51:36","slug":"ceramidy-czym-sa-i-dlaczego-skora-ich-potrzebuje","status":"publish","type":"post","link":"https:\/\/www.bandi.pl\/blog\/ceramidy-czym-sa-i-dlaczego-skora-ich-potrzebuje\/","title":{"rendered":"Ceramidy &#8211; czym s\u0105 i dlaczego sk\u00f3ra ich potrzebuje?"},"content":{"rendered":"\n<p>Ceramidy to grupa organicznych zwi\u0105zk\u00f3w chemicznych zaliczanych do sfingolipid\u00f3w. Oznacza to, \u017ce s\u0105 to zwi\u0105zki t\u0142uszczowe, kt\u00f3re wchodz\u0105 w sk\u0142ad naturalnych lipid\u00f3w sk\u00f3ry. Wraz z cholesterolem i wolnymi kwasami t\u0142uszczowymi tworz\u0105 barier\u0119 lipidow\u0105. Znajduj\u0105 si\u0119 w warstwie rogowej nask\u00f3rka czyli najbardziej zewn\u0119trznej warstwie sk\u00f3ry, kt\u00f3ra jako pierwsza zmaga si\u0119 z niekorzystnymi czynnikami zewn\u0119trznymi. Ceramidy wraz z wy\u017cej wymienionymi sk\u0142adnikami stanowi\u0105 spoiwo mi\u0119dzykom\u00f3rkowe inaczej nazywane cementem mi\u0119dzykom\u00f3rkowym. Jego zadaniem jest ochrona sk\u00f3ry przed szkodliwymi czynnikami zewn\u0119trznymi, fizycznymi czy chemicznymi, a tak\u017ce przed nadmiern\u0105 utrat\u0105 wody.<\/p>\n\n\n\n<p>Zbadano, \u017ce w nask\u00f3rku cz\u0142owieka wyst\u0119puje dziewi\u0119\u0107 typ\u00f3w ceramid\u00f3w, r\u00f3\u017cni\u0105cych si\u0119 od siebie w\u0142a\u015bciwo\u015bciami fizykochemicznymi. R\u00f3\u017cnicuje je budowa, d\u0142ugo\u015b\u0107 \u0142a\u0144cucha czy funkcja. Ponadto sk\u0142adaj\u0105 si\u0119 z \u0142\u0105cznie z ponad 100 ro\u017cnych zwi\u0105zk\u00f3w i stanowi\u0105 40-50% wszystkich lipid\u00f3w warstwy rogowej nask\u00f3rka.<\/p>\n\n\n\n<h2 class=\"wp-block-heading\">Ceramidy i ich w\u0142a\u015bciwo\u015bci<\/h2>\n\n\n\n<p>G\u0142\u00f3wn\u0105 funkcj\u0105 ceramid\u00f3w jest utrzymywanie bariery ochronnej sk\u00f3ry w jak najlepszej kondycji. To dzi\u0119ki niej sk\u00f3ra funkcjonuje prawid\u0142owo.&nbsp;Dodatkowo ceramidy posiadaj\u0105 wiele innych w\u0142a\u015bciwo\u015bci:<\/p>\n\n\n\n<ul class=\"wp-block-list\">\n<li>wykazuj\u0105 dzia\u0142anie przeciwstarzeniowe,<\/li>\n\n\n\n<li>poprawiaj\u0105 struktur\u0119 kom\u00f3rek sk\u00f3ry, poniewa\u017c stanowi\u0105 g\u0142\u00f3wny sk\u0142adnik cementu mi\u0119dzykom\u00f3rkowego. Odpowiednia ilo\u015b\u0107 ceramid\u00f3w ma znaczenie do zachowania elastyczno\u015bci sk\u00f3ry,<\/li>\n\n\n\n<li>chroni\u0105 sk\u00f3r\u0119 przed szkodliwymi czynnikami oraz substancjami, kt\u00f3re mog\u0142yby zaszkodzi\u0107 jej prawid\u0142owemu funkcjonowaniu,<\/li>\n\n\n\n<li>bardzo dobrze wp\u0142ywaj\u0105 na poziom nawil\u017cenia sk\u00f3ry, poniewa\u017c zapobiegaj\u0105 nadmiernej transepidermalnej utracie wody z nask\u00f3rka. <\/li>\n<\/ul>\n\n\n\n<h2 class=\"wp-block-heading\">Dla kogo kosmetyki z ceramidami?<\/h2>\n\n\n\n<p>Ceramidy stosowane s\u0105 najcz\u0119\u015bciej w kosmetykach przeznaczonych do piel\u0119gnacji sk\u00f3ry suchej. Poprawiaj\u0105 jej nawil\u017cenie poprzez wzmocnienie bariery ochronnej nask\u00f3rka i hamowanie transepiredmalnej utraty wody. Chroni\u0105 tak\u017ce przed przyspieszonym <a href=\"https:\/\/www.bandi.pl\/sklep\/katalog\/seria\/106_biostimulate-lift-care\/\">starzeniem sk\u00f3ry<\/a>. Warto pami\u0119ta\u0107, \u017ce proces ten a\u017c w 80% jest zwi\u0105zany z wp\u0142ywem czynnik\u00f3w zewn\u0119trznych. Dobry stan bariery ochronnej odgrywa wi\u0119c tu kluczowe znaczenie. Komplesowe dzia\u0142anie ceramid\u00f3w sprawdzi si\u0119 r\u00f3wnie\u017c podczas piel\u0119gnacji <a href=\"https:\/\/www.bandi.pl\/sklep\/katalog\/seria\/93_medical-anti-irritate\/\">sk\u00f3ry wra\u017cliwej<\/a>, delikatnej i atopowej. Osoby ze sk\u0142onno\u015bci\u0105 do tr\u0105dziku r\u00f3wnie\u017c mog\u0105 si\u0119ga\u0107 w swojej rutynie piel\u0119gnacyjnej po produkty z ceramidami, zw\u0142aszcza w trakcie kuracji dermatologicznych, skutkuj\u0105cych przesuszeniem i podra\u017cnieniem sk\u00f3ry.<\/p>\n\n\n\n<figure class=\"wp-block-embed is-type-video is-provider-youtube wp-block-embed-youtube wp-embed-aspect-16-9 wp-has-aspect-ratio\"><div class=\"wp-block-embed__wrapper\">\n<iframe loading=\"lazy\" title=\"Kosmetyki hypoalergiczne dla cery wra\u017cliwej - poznaj lini\u0119 anti irritate od Bandi\" width=\"1080\" height=\"608\" src=\"https:\/\/www.youtube.com\/embed\/5qrP8Qwivi0?feature=oembed\"  allow=\"accelerometer; autoplay; clipboard-write; encrypted-media; gyroscope; picture-in-picture; web-share\" allowfullscreen><\/iframe>\n<\/div><\/figure>\n\n\n\n<p>Ceramidy sprawdza si\u0119 r\u00f3wnie\u017c idealnie w okresie zimy, kiedy pod wp\u0142ywem niskich temperatur cz\u0119sto dochodzi do zmian w sk\u0142adzie lipid\u00f3w nask\u00f3rkowych i zaburzenia integralno\u015bci ochronnej bariery sk\u00f3ry. <\/p>\n\n\n\n<div class=\"wp-block-divi-layout\">[et_pb_section admin_label=&#8221;section&#8221;][et_pb_row admin_label=&#8221;row&#8221;][\/et_pb_row][\/et_pb_section]<\/div>\n\n\n\n<div class=\"wp-block-divi-layout\">[et_pb_section fb_built=&#8221;1&#8243; theme_builder_area=&#8221;post_content&#8221; _builder_version=&#8221;4.22.2&#8243; _module_preset=&#8221;default&#8221;][\/et_pb_section][et_pb_section fb_built=&#8221;1&#8243; _builder_version=&#8221;4.16&#8243; top_divider_style=&#8221;arrow&#8221; top_divider_color=&#8221;rgba(255,166,168,0.75)&#8221; top_divider_height=&#8221;1px&#8221; bottom_divider_style=&#8221;arrow&#8221; bottom_divider_color=&#8221;rgba(255,166,168,0.75)&#8221; bottom_divider_height=&#8221;1px&#8221; global_colors_info=&#8221;{}&#8221; theme_builder_area=&#8221;post_content&#8221;][et_pb_row column_structure=&#8221;1_2,1_2&#8243; _builder_version=&#8221;4.16&#8243; width=&#8221;100%&#8221; module_alignment=&#8221;left&#8221; custom_margin=&#8221;||||false|false&#8221; global_colors_info=&#8221;{}&#8221; theme_builder_area=&#8221;post_content&#8221;][et_pb_column type=&#8221;1_2&#8243; _builder_version=&#8221;4.16&#8243; global_colors_info=&#8221;{}&#8221; theme_builder_area=&#8221;post_content&#8221;][et_pb_text _builder_version=&#8221;4.22.2&#8243; text_font=&#8221;Raleway Bold||||||||&#8221; text_text_color=&#8221;rgba(255,166,168,0.75)&#8221; text_font_size=&#8221;55px&#8221; text_letter_spacing=&#8221;9px&#8221; text_line_height=&#8221;1em&#8221; header_font_size=&#8221;39px&#8221; min_height=&#8221;23px&#8221; custom_margin=&#8221;40px||||false|false&#8221; link_option_url=&#8221;https:\/\/www.bandi.pl\/sklep\/katalog\/seria\/106_biostimulate-lift-care\/&#8221; hover_enabled=&#8221;0&#8243; inline_fonts=&#8221;Raleway Bold&#8221; global_colors_info=&#8221;{}&#8221; theme_builder_area=&#8221;post_content&#8221; sticky_enabled=&#8221;0&#8243;]<p style=\"text-align: center;\"><span style=\"font-size: xx-large; font-family: inherit; font-weight: normal;\"><strong>BIOSTIMULATE LIFT CARE<\/strong><\/span><\/p>\n<p style=\"text-align: center;\"><span style=\"font-size: xx-large; font-family: inherit; font-weight: normal;\"><strong><\/strong><\/span><\/p>[\/et_pb_text][et_pb_text _builder_version=&#8221;4.22.2&#8243; text_font=&#8221;Raleway Regular||||||||&#8221; text_text_color=&#8221;#b8b8b8&#8243; text_font_size=&#8221;22px&#8221; text_line_height=&#8221;1.5em&#8221; link_option_url=&#8221;https:\/\/www.bandi.pl\/sklep\/katalog\/seria\/106_biostimulate-lift-care\/&#8221; hover_enabled=&#8221;0&#8243; global_colors_info=&#8221;{}&#8221; theme_builder_area=&#8221;post_content&#8221; sticky_enabled=&#8221;0&#8243;]<p style=\"text-align: center;\">Kosmetyki z ceramidami dla cery dojrza\u0142ej<\/p>[\/et_pb_text][et_pb_button button_url=&#8221;https:\/\/www.bandi.pl\/sklep\/katalog\/seria\/106_biostimulate-lift-care\/&#8221; button_text=&#8221;ZOBACZ&#8221; button_alignment=&#8221;center&#8221; disabled_on=&#8221;off|off|off&#8221; _builder_version=&#8221;4.22.2&#8243; custom_button=&#8221;on&#8221; button_text_size=&#8221;20px&#8221; button_text_color=&#8221;#ffffff&#8221; button_border_radius=&#8221;25px&#8221; button_font=&#8221;Bree Serif||||||||&#8221; background_layout=&#8221;dark&#8221; custom_padding=&#8221;12px|30px|12px|30px|true|true&#8221; hover_transition_duration=&#8221;0ms&#8221; hover_enabled=&#8221;0&#8243; box_shadow_style=&#8221;preset3&#8243; global_colors_info=&#8221;{}&#8221; theme_builder_area=&#8221;post_content&#8221; sticky_enabled=&#8221;0&#8243;][\/et_pb_button][\/et_pb_column][et_pb_column type=&#8221;1_2&#8243; _builder_version=&#8221;4.16&#8243; global_colors_info=&#8221;{}&#8221; theme_builder_area=&#8221;post_content&#8221;][et_pb_image src=&#8221;https:\/\/www.bandi.pl\/blog\/wp-content\/uploads\/2023\/12\/biostymulate_cala_s2.png&#8221; title_text=&#8221;biostymulate_cala_s2&#8243; url=&#8221;https:\/\/www.bandi.pl\/sklep\/katalog\/seria\/106_biostimulate-lift-care\/&#8221; align=&#8221;center&#8221; _builder_version=&#8221;4.22.2&#8243; width=&#8221;100%&#8221; hover_enabled=&#8221;0&#8243; global_colors_info=&#8221;{}&#8221; theme_builder_area=&#8221;post_content&#8221; sticky_enabled=&#8221;0&#8243;][\/et_pb_image][\/et_pb_column][\/et_pb_row][\/et_pb_section]<\/div>\n","protected":false},"excerpt":{"rendered":"<p>Ceramidy to grupa organicznych zwi\u0105zk\u00f3w chemicznych zaliczanych do sfingolipid\u00f3w. Oznacza to, \u017ce s\u0105 to zwi\u0105zki t\u0142uszczowe, kt\u00f3re wchodz\u0105 w sk\u0142ad naturalnych lipid\u00f3w sk\u00f3ry. Wraz z cholesterolem i wolnymi kwasami t\u0142uszczowymi tworz\u0105 barier\u0119 lipidow\u0105. Znajduj\u0105 si\u0119 w warstwie rogowej nask\u00f3rka czyli najbardziej zewn\u0119trznej warstwie sk\u00f3ry, kt\u00f3ra jako pierwsza zmaga si\u0119 z niekorzystnymi czynnikami zewn\u0119trznymi. Ceramidy wraz [&hellip;]<\/p>\n","protected":false},"author":13,"featured_media":17951,"comment_status":"open","ping_status":"closed","sticky":false,"template":"","format":"standard","meta":{"_et_pb_use_builder":"off","_et_pb_old_content":"","_et_gb_content_width":"","footnotes":""},"categories":[3548,1771],"tags":[3412,3445,8179,4166,8181,8177,8180,5282,4232,5285,4031,8178,58,7030,8182,4230,5868,8176],"class_list":["post-17943","post","type-post","status-publish","format-standard","has-post-thumbnail","hentry","category-klaudia-zurek","category-kategoria-surowce-i-szczypta-chemii","tag-anti-irritate","tag-bandi","tag-bariera-hydrolipidowa-skory","tag-bariera-ochronna-skory","tag-ceramidy-dla-cery-dojrzalej","tag-jaki-krem-ochronny-na-zime","tag-kosmetyki-dla-cery-dojrzalej","tag-kosmetyki-na-zime","tag-kosmetyki-profesjonalne","tag-krem-na-zime","tag-krem-nawilzajacy","tag-krem-ochronny-dla-cery-suchej","tag-kwas-hialuronowy","tag-nowa-linia-bandi","tag-nowa-linia-dla-cery-dojrzalej","tag-pielegnacja-profesjonalna","tag-pielegnacja-twarzy","tag-skladniki-na-zime"],"yoast_head":"<!-- This site is optimized with the Yoast SEO plugin v27.1.1 - https:\/\/yoast.com\/product\/yoast-seo-wordpress\/ -->\n<title>Ceramidy - czym s\u0105 i dlaczego sk\u00f3ra ich potrzebuje? &#187; Blog BANDI<\/title>\n<meta name=\"description\" content=\"Ceramidy to grupa organicznych zwi\u0105zk\u00f3w chemicznych zaliczanych do sfingolipid\u00f3w, kt\u00f3re wchodz\u0105 w sk\u0142ad naturalnych lipid\u00f3w sk\u00f3ry.\" \/>\n<meta name=\"robots\" content=\"index, follow, max-snippet:-1, max-image-preview:large, max-video-preview:-1\" \/>\n<link rel=\"canonical\" href=\"https:\/\/www.bandi.pl\/blog\/ceramidy-czym-sa-i-dlaczego-skora-ich-potrzebuje\/\" \/>\n<meta property=\"og:locale\" content=\"pl_PL\" \/>\n<meta property=\"og:type\" content=\"article\" \/>\n<meta property=\"og:title\" content=\"Ceramidy - czym s\u0105 i dlaczego sk\u00f3ra ich potrzebuje? &#187; Blog BANDI\" \/>\n<meta property=\"og:description\" content=\"Ceramidy to grupa organicznych zwi\u0105zk\u00f3w chemicznych zaliczanych do sfingolipid\u00f3w, kt\u00f3re wchodz\u0105 w sk\u0142ad naturalnych lipid\u00f3w sk\u00f3ry.\" \/>\n<meta property=\"og:url\" content=\"https:\/\/www.bandi.pl\/blog\/ceramidy-czym-sa-i-dlaczego-skora-ich-potrzebuje\/\" \/>\n<meta property=\"og:site_name\" content=\"Blog BANDI\" \/>\n<meta property=\"article:publisher\" content=\"https:\/\/web.facebook.com\/BANDIcosmetics\" \/>\n<meta property=\"article:published_time\" content=\"2023-12-12T09:00:00+00:00\" \/>\n<meta property=\"og:image\" content=\"https:\/\/www.bandi.pl\/blog\/wp-content\/uploads\/2023\/12\/Projekt-bez-nazwy-2-2-705x500.png\" \/>\n\t<meta property=\"og:image:width\" content=\"705\" \/>\n\t<meta property=\"og:image:height\" content=\"500\" \/>\n\t<meta property=\"og:image:type\" content=\"image\/png\" \/>\n<meta name=\"author\" content=\"Ilona Kiraga\" \/>\n<meta name=\"twitter:card\" content=\"summary_large_image\" \/>\n<meta name=\"twitter:creator\" content=\"@bandi_cosmetics\" \/>\n<meta name=\"twitter:site\" content=\"@bandi_cosmetics\" \/>\n<meta name=\"twitter:label1\" content=\"Napisane przez\" \/>\n\t<meta name=\"twitter:data1\" content=\"Ilona Kiraga\" \/>\n\t<meta name=\"twitter:label2\" content=\"Szacowany czas czytania\" \/>\n\t<meta name=\"twitter:data2\" content=\"3 minuty\" \/>\n<script type=\"application\/ld+json\" class=\"yoast-schema-graph\">{\"@context\":\"https:\/\/schema.org\",\"@graph\":[{\"@type\":\"Article\",\"@id\":\"https:\/\/www.bandi.pl\/blog\/ceramidy-czym-sa-i-dlaczego-skora-ich-potrzebuje\/#article\",\"isPartOf\":{\"@id\":\"https:\/\/www.bandi.pl\/blog\/ceramidy-czym-sa-i-dlaczego-skora-ich-potrzebuje\/\"},\"author\":{\"name\":\"Ilona Kiraga\",\"@id\":\"https:\/\/www.bandi.pl\/blog\/#\/schema\/person\/5ba05af1a18c58f1c31d4ae051ec9499\"},\"headline\":\"Ceramidy &#8211; czym s\u0105 i dlaczego sk\u00f3ra ich potrzebuje?\",\"datePublished\":\"2023-12-12T09:00:00+00:00\",\"mainEntityOfPage\":{\"@id\":\"https:\/\/www.bandi.pl\/blog\/ceramidy-czym-sa-i-dlaczego-skora-ich-potrzebuje\/\"},\"wordCount\":845,\"commentCount\":0,\"publisher\":{\"@id\":\"https:\/\/www.bandi.pl\/blog\/#organization\"},\"image\":{\"@id\":\"https:\/\/www.bandi.pl\/blog\/ceramidy-czym-sa-i-dlaczego-skora-ich-potrzebuje\/#primaryimage\"},\"thumbnailUrl\":\"https:\/\/www.bandi.pl\/blog\/wp-content\/uploads\/2023\/12\/Projekt-bez-nazwy-2-2.png\",\"keywords\":[\"anti irritate\",\"Bandi\",\"bariera hydrolipidowa sk\u00f3ry\",\"bariera ochronna sk\u00f3ry\",\"ceramidy dla cery dojrza\u0142ej\",\"jaki krem ochronny na zim\u0119\",\"kosmetyki dla cery dojrza\u0142ej\",\"kosmetyki na zim\u0119\",\"kosmetyki profesjonalne\",\"krem na zim\u0119\",\"krem nawil\u017cajacy\",\"krem ochronny dla cery suchej\",\"kwas hialuronowy\",\"nowa linia Bandi\",\"nowa linia dla cery dojrza\u0142ej\",\"piel\u0119gnacja profesjonalna\",\"piel\u0119gnacja twarzy\",\"sk\u0142adniki na zim\u0119\"],\"articleSection\":[\"Klaudia Chojnacka\",\"Surowce i szczypta chemii\"],\"inLanguage\":\"pl-PL\",\"potentialAction\":[{\"@type\":\"CommentAction\",\"name\":\"Comment\",\"target\":[\"https:\/\/www.bandi.pl\/blog\/ceramidy-czym-sa-i-dlaczego-skora-ich-potrzebuje\/#respond\"]}]},{\"@type\":\"WebPage\",\"@id\":\"https:\/\/www.bandi.pl\/blog\/ceramidy-czym-sa-i-dlaczego-skora-ich-potrzebuje\/\",\"url\":\"https:\/\/www.bandi.pl\/blog\/ceramidy-czym-sa-i-dlaczego-skora-ich-potrzebuje\/\",\"name\":\"Ceramidy - czym s\u0105 i dlaczego sk\u00f3ra ich potrzebuje? &#187; Blog BANDI\",\"isPartOf\":{\"@id\":\"https:\/\/www.bandi.pl\/blog\/#website\"},\"primaryImageOfPage\":{\"@id\":\"https:\/\/www.bandi.pl\/blog\/ceramidy-czym-sa-i-dlaczego-skora-ich-potrzebuje\/#primaryimage\"},\"image\":{\"@id\":\"https:\/\/www.bandi.pl\/blog\/ceramidy-czym-sa-i-dlaczego-skora-ich-potrzebuje\/#primaryimage\"},\"thumbnailUrl\":\"https:\/\/www.bandi.pl\/blog\/wp-content\/uploads\/2023\/12\/Projekt-bez-nazwy-2-2.png\",\"datePublished\":\"2023-12-12T09:00:00+00:00\",\"description\":\"Ceramidy to grupa organicznych zwi\u0105zk\u00f3w chemicznych zaliczanych do sfingolipid\u00f3w, kt\u00f3re wchodz\u0105 w sk\u0142ad naturalnych lipid\u00f3w sk\u00f3ry.\",\"breadcrumb\":{\"@id\":\"https:\/\/www.bandi.pl\/blog\/ceramidy-czym-sa-i-dlaczego-skora-ich-potrzebuje\/#breadcrumb\"},\"inLanguage\":\"pl-PL\",\"potentialAction\":[{\"@type\":\"ReadAction\",\"target\":[\"https:\/\/www.bandi.pl\/blog\/ceramidy-czym-sa-i-dlaczego-skora-ich-potrzebuje\/\"]}]},{\"@type\":\"ImageObject\",\"inLanguage\":\"pl-PL\",\"@id\":\"https:\/\/www.bandi.pl\/blog\/ceramidy-czym-sa-i-dlaczego-skora-ich-potrzebuje\/#primaryimage\",\"url\":\"https:\/\/www.bandi.pl\/blog\/wp-content\/uploads\/2023\/12\/Projekt-bez-nazwy-2-2.png\",\"contentUrl\":\"https:\/\/www.bandi.pl\/blog\/wp-content\/uploads\/2023\/12\/Projekt-bez-nazwy-2-2.png\",\"width\":1748,\"height\":1240,\"caption\":\"ceramidy w kosmetykach\"},{\"@type\":\"BreadcrumbList\",\"@id\":\"https:\/\/www.bandi.pl\/blog\/ceramidy-czym-sa-i-dlaczego-skora-ich-potrzebuje\/#breadcrumb\",\"itemListElement\":[{\"@type\":\"ListItem\",\"position\":1,\"name\":\"BANDI\",\"item\":\"https:\/\/www.bandi.pl\/blog\/\"},{\"@type\":\"ListItem\",\"position\":2,\"name\":\"Ceramidy &#8211; czym s\u0105 i dlaczego sk\u00f3ra ich potrzebuje?\"}]},{\"@type\":\"WebSite\",\"@id\":\"https:\/\/www.bandi.pl\/blog\/#website\",\"url\":\"https:\/\/www.bandi.pl\/blog\/\",\"name\":\"Blog BANDI\",\"description\":\"Czarno na bia\u0142ym o kosmetykach\",\"publisher\":{\"@id\":\"https:\/\/www.bandi.pl\/blog\/#organization\"},\"potentialAction\":[{\"@type\":\"SearchAction\",\"target\":{\"@type\":\"EntryPoint\",\"urlTemplate\":\"https:\/\/www.bandi.pl\/blog\/?s={search_term_string}\"},\"query-input\":{\"@type\":\"PropertyValueSpecification\",\"valueRequired\":true,\"valueName\":\"search_term_string\"}}],\"inLanguage\":\"pl-PL\"},{\"@type\":\"Organization\",\"@id\":\"https:\/\/www.bandi.pl\/blog\/#organization\",\"name\":\"BANDI\",\"url\":\"https:\/\/www.bandi.pl\/blog\/\",\"logo\":{\"@type\":\"ImageObject\",\"inLanguage\":\"pl-PL\",\"@id\":\"https:\/\/www.bandi.pl\/blog\/#\/schema\/logo\/image\/\",\"url\":\"https:\/\/www.bandi.pl\/blog\/wp-content\/uploads\/2019\/06\/bandi-logo.png\",\"contentUrl\":\"https:\/\/www.bandi.pl\/blog\/wp-content\/uploads\/2019\/06\/bandi-logo.png\",\"width\":264,\"height\":111,\"caption\":\"BANDI\"},\"image\":{\"@id\":\"https:\/\/www.bandi.pl\/blog\/#\/schema\/logo\/image\/\"},\"sameAs\":[\"https:\/\/web.facebook.com\/BANDIcosmetics\",\"https:\/\/x.com\/bandi_cosmetics\",\"https:\/\/www.instagram.com\/bandi_cosmetics\/\",\"https:\/\/www.pinterest.com\/bandicosmetics\/\",\"https:\/\/www.youtube.com\/user\/BandiCosmeticsPolska\"]},{\"@type\":\"Person\",\"@id\":\"https:\/\/www.bandi.pl\/blog\/#\/schema\/person\/5ba05af1a18c58f1c31d4ae051ec9499\",\"name\":\"Ilona Kiraga\"}]}<\/script>\n<!-- \/ Yoast SEO plugin. -->","yoast_head_json":{"title":"Ceramidy - czym s\u0105 i dlaczego sk\u00f3ra ich potrzebuje? &#187; Blog BANDI","description":"Ceramidy to grupa organicznych zwi\u0105zk\u00f3w chemicznych zaliczanych do sfingolipid\u00f3w, kt\u00f3re wchodz\u0105 w sk\u0142ad naturalnych lipid\u00f3w sk\u00f3ry.","robots":{"index":"index","follow":"follow","max-snippet":"max-snippet:-1","max-image-preview":"max-image-preview:large","max-video-preview":"max-video-preview:-1"},"canonical":"https:\/\/www.bandi.pl\/blog\/ceramidy-czym-sa-i-dlaczego-skora-ich-potrzebuje\/","og_locale":"pl_PL","og_type":"article","og_title":"Ceramidy - czym s\u0105 i dlaczego sk\u00f3ra ich potrzebuje? &#187; Blog BANDI","og_description":"Ceramidy to grupa organicznych zwi\u0105zk\u00f3w chemicznych zaliczanych do sfingolipid\u00f3w, kt\u00f3re wchodz\u0105 w sk\u0142ad naturalnych lipid\u00f3w sk\u00f3ry.","og_url":"https:\/\/www.bandi.pl\/blog\/ceramidy-czym-sa-i-dlaczego-skora-ich-potrzebuje\/","og_site_name":"Blog BANDI","article_publisher":"https:\/\/web.facebook.com\/BANDIcosmetics","article_published_time":"2023-12-12T09:00:00+00:00","og_image":[{"width":705,"height":500,"url":"https:\/\/www.bandi.pl\/blog\/wp-content\/uploads\/2023\/12\/Projekt-bez-nazwy-2-2-705x500.png","type":"image\/png"}],"author":"Ilona Kiraga","twitter_card":"summary_large_image","twitter_creator":"@bandi_cosmetics","twitter_site":"@bandi_cosmetics","twitter_misc":{"Napisane przez":"Ilona Kiraga","Szacowany czas czytania":"3 minuty"},"schema":{"@context":"https:\/\/schema.org","@graph":[{"@type":"Article","@id":"https:\/\/www.bandi.pl\/blog\/ceramidy-czym-sa-i-dlaczego-skora-ich-potrzebuje\/#article","isPartOf":{"@id":"https:\/\/www.bandi.pl\/blog\/ceramidy-czym-sa-i-dlaczego-skora-ich-potrzebuje\/"},"author":{"name":"Ilona Kiraga","@id":"https:\/\/www.bandi.pl\/blog\/#\/schema\/person\/5ba05af1a18c58f1c31d4ae051ec9499"},"headline":"Ceramidy &#8211; czym s\u0105 i dlaczego sk\u00f3ra ich potrzebuje?","datePublished":"2023-12-12T09:00:00+00:00","mainEntityOfPage":{"@id":"https:\/\/www.bandi.pl\/blog\/ceramidy-czym-sa-i-dlaczego-skora-ich-potrzebuje\/"},"wordCount":845,"commentCount":0,"publisher":{"@id":"https:\/\/www.bandi.pl\/blog\/#organization"},"image":{"@id":"https:\/\/www.bandi.pl\/blog\/ceramidy-czym-sa-i-dlaczego-skora-ich-potrzebuje\/#primaryimage"},"thumbnailUrl":"https:\/\/www.bandi.pl\/blog\/wp-content\/uploads\/2023\/12\/Projekt-bez-nazwy-2-2.png","keywords":["anti irritate","Bandi","bariera hydrolipidowa sk\u00f3ry","bariera ochronna sk\u00f3ry","ceramidy dla cery dojrza\u0142ej","jaki krem ochronny na zim\u0119","kosmetyki dla cery dojrza\u0142ej","kosmetyki na zim\u0119","kosmetyki profesjonalne","krem na zim\u0119","krem nawil\u017cajacy","krem ochronny dla cery suchej","kwas hialuronowy","nowa linia Bandi","nowa linia dla cery dojrza\u0142ej","piel\u0119gnacja profesjonalna","piel\u0119gnacja twarzy","sk\u0142adniki na zim\u0119"],"articleSection":["Klaudia Chojnacka","Surowce i szczypta chemii"],"inLanguage":"pl-PL","potentialAction":[{"@type":"CommentAction","name":"Comment","target":["https:\/\/www.bandi.pl\/blog\/ceramidy-czym-sa-i-dlaczego-skora-ich-potrzebuje\/#respond"]}]},{"@type":"WebPage","@id":"https:\/\/www.bandi.pl\/blog\/ceramidy-czym-sa-i-dlaczego-skora-ich-potrzebuje\/","url":"https:\/\/www.bandi.pl\/blog\/ceramidy-czym-sa-i-dlaczego-skora-ich-potrzebuje\/","name":"Ceramidy - czym s\u0105 i dlaczego sk\u00f3ra ich potrzebuje? &#187; Blog BANDI","isPartOf":{"@id":"https:\/\/www.bandi.pl\/blog\/#website"},"primaryImageOfPage":{"@id":"https:\/\/www.bandi.pl\/blog\/ceramidy-czym-sa-i-dlaczego-skora-ich-potrzebuje\/#primaryimage"},"image":{"@id":"https:\/\/www.bandi.pl\/blog\/ceramidy-czym-sa-i-dlaczego-skora-ich-potrzebuje\/#primaryimage"},"thumbnailUrl":"https:\/\/www.bandi.pl\/blog\/wp-content\/uploads\/2023\/12\/Projekt-bez-nazwy-2-2.png","datePublished":"2023-12-12T09:00:00+00:00","description":"Ceramidy to grupa organicznych zwi\u0105zk\u00f3w chemicznych zaliczanych do sfingolipid\u00f3w, kt\u00f3re wchodz\u0105 w sk\u0142ad naturalnych lipid\u00f3w sk\u00f3ry.","breadcrumb":{"@id":"https:\/\/www.bandi.pl\/blog\/ceramidy-czym-sa-i-dlaczego-skora-ich-potrzebuje\/#breadcrumb"},"inLanguage":"pl-PL","potentialAction":[{"@type":"ReadAction","target":["https:\/\/www.bandi.pl\/blog\/ceramidy-czym-sa-i-dlaczego-skora-ich-potrzebuje\/"]}]},{"@type":"ImageObject","inLanguage":"pl-PL","@id":"https:\/\/www.bandi.pl\/blog\/ceramidy-czym-sa-i-dlaczego-skora-ich-potrzebuje\/#primaryimage","url":"https:\/\/www.bandi.pl\/blog\/wp-content\/uploads\/2023\/12\/Projekt-bez-nazwy-2-2.png","contentUrl":"https:\/\/www.bandi.pl\/blog\/wp-content\/uploads\/2023\/12\/Projekt-bez-nazwy-2-2.png","width":1748,"height":1240,"caption":"ceramidy w kosmetykach"},{"@type":"BreadcrumbList","@id":"https:\/\/www.bandi.pl\/blog\/ceramidy-czym-sa-i-dlaczego-skora-ich-potrzebuje\/#breadcrumb","itemListElement":[{"@type":"ListItem","position":1,"name":"BANDI","item":"https:\/\/www.bandi.pl\/blog\/"},{"@type":"ListItem","position":2,"name":"Ceramidy &#8211; czym s\u0105 i dlaczego sk\u00f3ra ich potrzebuje?"}]},{"@type":"WebSite","@id":"https:\/\/www.bandi.pl\/blog\/#website","url":"https:\/\/www.bandi.pl\/blog\/","name":"Blog BANDI","description":"Czarno na bia\u0142ym o kosmetykach","publisher":{"@id":"https:\/\/www.bandi.pl\/blog\/#organization"},"potentialAction":[{"@type":"SearchAction","target":{"@type":"EntryPoint","urlTemplate":"https:\/\/www.bandi.pl\/blog\/?s={search_term_string}"},"query-input":{"@type":"PropertyValueSpecification","valueRequired":true,"valueName":"search_term_string"}}],"inLanguage":"pl-PL"},{"@type":"Organization","@id":"https:\/\/www.bandi.pl\/blog\/#organization","name":"BANDI","url":"https:\/\/www.bandi.pl\/blog\/","logo":{"@type":"ImageObject","inLanguage":"pl-PL","@id":"https:\/\/www.bandi.pl\/blog\/#\/schema\/logo\/image\/","url":"https:\/\/www.bandi.pl\/blog\/wp-content\/uploads\/2019\/06\/bandi-logo.png","contentUrl":"https:\/\/www.bandi.pl\/blog\/wp-content\/uploads\/2019\/06\/bandi-logo.png","width":264,"height":111,"caption":"BANDI"},"image":{"@id":"https:\/\/www.bandi.pl\/blog\/#\/schema\/logo\/image\/"},"sameAs":["https:\/\/web.facebook.com\/BANDIcosmetics","https:\/\/x.com\/bandi_cosmetics","https:\/\/www.instagram.com\/bandi_cosmetics\/","https:\/\/www.pinterest.com\/bandicosmetics\/","https:\/\/www.youtube.com\/user\/BandiCosmeticsPolska"]},{"@type":"Person","@id":"https:\/\/www.bandi.pl\/blog\/#\/schema\/person\/5ba05af1a18c58f1c31d4ae051ec9499","name":"Ilona Kiraga"}]}},"_links":{"self":[{"href":"https:\/\/www.bandi.pl\/blog\/wp-json\/wp\/v2\/posts\/17943","targetHints":{"allow":["GET"]}}],"collection":[{"href":"https:\/\/www.bandi.pl\/blog\/wp-json\/wp\/v2\/posts"}],"about":[{"href":"https:\/\/www.bandi.pl\/blog\/wp-json\/wp\/v2\/types\/post"}],"author":[{"embeddable":true,"href":"https:\/\/www.bandi.pl\/blog\/wp-json\/wp\/v2\/users\/13"}],"replies":[{"embeddable":true,"href":"https:\/\/www.bandi.pl\/blog\/wp-json\/wp\/v2\/comments?post=17943"}],"version-history":[{"count":10,"href":"https:\/\/www.bandi.pl\/blog\/wp-json\/wp\/v2\/posts\/17943\/revisions"}],"predecessor-version":[{"id":17957,"href":"https:\/\/www.bandi.pl\/blog\/wp-json\/wp\/v2\/posts\/17943\/revisions\/17957"}],"wp:featuredmedia":[{"embeddable":true,"href":"https:\/\/www.bandi.pl\/blog\/wp-json\/wp\/v2\/media\/17951"}],"wp:attachment":[{"href":"https:\/\/www.bandi.pl\/blog\/wp-json\/wp\/v2\/media?parent=17943"}],"wp:term":[{"taxonomy":"category","embeddable":true,"href":"https:\/\/www.bandi.pl\/blog\/wp-json\/wp\/v2\/categories?post=17943"},{"taxonomy":"post_tag","embeddable":true,"href":"https:\/\/www.bandi.pl\/blog\/wp-json\/wp\/v2\/tags?post=17943"}],"curies":[{"name":"wp","href":"https:\/\/api.w.org\/{rel}","templated":true}]}}