{"id":1770,"date":"2016-07-08T12:53:32","date_gmt":"2016-07-08T10:53:32","guid":{"rendered":"http:\/\/eksfoliacja.pl\/?p=1770"},"modified":"2019-11-21T16:52:42","modified_gmt":"2019-11-21T15:52:42","slug":"regenerujacy-koncetrat-z-4-witamina-e","status":"publish","type":"post","link":"https:\/\/www.bandi.pl\/blog\/regenerujacy-koncetrat-z-4-witamina-e\/","title":{"rendered":"Regeneruj\u0105cy koncetrat z 4% witamin\u0105 E"},"content":{"rendered":"\n<p>Lato to czas, kiedy za oknem, \u015bwieci pi\u0119kne s\u0142o\u0144ce i cho\u0107 wiemy, \u017ce nie do ko\u0144ca jest to zdrowe dla naszej sk\u00f3ry, lubimy wystawi\u0107 nasze cia\u0142o na jego promieniowanie.<\/p>\n\n\n\n<!--more-->\n\n\n\n<p>Oczywi\u015bcie nawet, kiedy nie robimy tego celowo, nasza sk\u00f3ra \u0142apczywie korzysta z k\u0105pieli s\u0142onecznych, cho\u0107by po to, aby wytworzy\u0107 Witamin\u0119 D tak potrzebn\u0105 do prawid\u0142owego funkcjonowania naszego organizmu. Niestety zar\u00f3wno s\u0142o\u0144ce jak i inne czynniki zewn\u0119trze mog\u0105 mie\u0107 te\u017c negatywny wp\u0142yw na nasz\u0105 sk\u00f3r\u0119, jak cho\u0107by przyspieszone starzenie, przesuszenie, podra\u017cnienia itp. Sk\u00f3ra na te procesy nara\u017cona jest przez ca\u0142y rok, ale w lato najintensywniej, dlatego te\u017c produkt, kt\u00f3ry szczeg\u00f3lnie polecam w tym okresie to Regeneruj\u0105cy koncentrat z 4% witamin\u0105 E.<\/p>\n\n\n\n<h2 class=\"wp-block-heading\">Jak dzia\u0142a witamina E?<\/h2>\n\n\n\n<p>Wysoka zawarto\u015b\u0107 Witaminy E, a\u017c 4% sprawia, \u017ce staje si\u0119 ona nie tylko silnym przeciwutleniaczem, ale r\u00f3wnie\u017c naturalnym konserwantem, co sprawia, \u017ce produkt jest zdecydowanie bezpieczniejszy dla naszej sk\u00f3ry. Ponadto witamina E jest rozpuszczalna w t\u0142uszczach, dlatego umie\u015bcili\u015bmy j\u0105 w \u015brodowisku dobroczynnych dla sk\u00f3ry olei: makadamii i migda\u0142owego, kt\u00f3re wspomagaj\u0105 naturalny proces regeneracji, poprawiaj\u0105 elastyczno\u015b\u0107 zm\u0119czonej sk\u00f3ry twarzy i uj\u0119drniaj\u0105 j\u0105.<\/p>\n\n\n\n<p>Koncentrat wymiataj\u0105c wolne rodniki oraz chroni\u0105c w\u0142\u00f3kna kolagenowe przed uszkodzeniem, pomaga d\u0142u\u017cej zachowa\u0107 m\u0142odo\u015b\u0107, od\u017cywia, piel\u0119gnuje sk\u00f3r\u0119 zar\u00f3wno twarzy jak i dekoltu oraz poprawia jej wygl\u0105d. Olejowa posta\u0107 koncentratu czyni go doskona\u0142ym preparatem do masa\u017cu, kt\u00f3ry likwiduje uczucie napi\u0119cia, zmi\u0119kcza i wyg\u0142adza sk\u00f3r\u0119 poddan\u0105 negatywnemu dzia\u0142aniu czynnik\u00f3w zewn\u0119trznych. Regeneruj\u0105cy koncentrat z 4% witamin\u0105 E to idealny preparat r\u00f3wnie\u017c do piel\u0119gnacji cia\u0142a zw\u0142aszcza doskonale regeneruje sk\u00f3r\u0119 sk\u0142onn\u0105 do rozst\u0119p\u00f3w.<\/p>\n","protected":false},"excerpt":{"rendered":"<p>Lato to czas, kiedy za oknem, \u015bwieci pi\u0119kne s\u0142o\u0144ce i cho\u0107 wiemy, \u017ce nie do ko\u0144ca jest to zdrowe dla naszej sk\u00f3ry, lubimy wystawi\u0107 nasze cia\u0142o na jego promieniowanie.<\/p>\n","protected":false},"author":3,"featured_media":4697,"comment_status":"closed","ping_status":"open","sticky":false,"template":"","format":"standard","meta":{"_et_pb_use_builder":"","_et_pb_old_content":"","_et_gb_content_width":"","footnotes":""},"categories":[1728],"tags":[82,60,47],"class_list":["post-1770","post","type-post","status-publish","format-standard","has-post-thumbnail","hentry","category-kategoria-archiwum","tag-fotostarzenie","tag-regeneracja","tag-witamina-e"],"yoast_head":"<!-- This site is optimized with the Yoast SEO plugin v27.1.1 - https:\/\/yoast.com\/product\/yoast-seo-wordpress\/ -->\n<title>Regeneruj\u0105cy koncetrat z 4% witamin\u0105 E &#187; Blog BANDI<\/title>\n<meta name=\"robots\" content=\"index, follow, max-snippet:-1, max-image-preview:large, max-video-preview:-1\" \/>\n<link rel=\"canonical\" href=\"https:\/\/www.bandi.pl\/blog\/regenerujacy-koncetrat-z-4-witamina-e\/\" \/>\n<meta property=\"og:locale\" content=\"pl_PL\" \/>\n<meta property=\"og:type\" content=\"article\" \/>\n<meta property=\"og:title\" content=\"Regeneruj\u0105cy koncetrat z 4% witamin\u0105 E &#187; Blog BANDI\" \/>\n<meta property=\"og:description\" content=\"Lato to czas, kiedy za oknem, \u015bwieci pi\u0119kne s\u0142o\u0144ce i cho\u0107 wiemy, \u017ce nie do ko\u0144ca jest to zdrowe dla naszej sk\u00f3ry, lubimy wystawi\u0107 nasze cia\u0142o na jego promieniowanie.\" \/>\n<meta property=\"og:url\" content=\"https:\/\/www.bandi.pl\/blog\/regenerujacy-koncetrat-z-4-witamina-e\/\" \/>\n<meta property=\"og:site_name\" content=\"Blog BANDI\" \/>\n<meta property=\"article:publisher\" content=\"https:\/\/web.facebook.com\/BANDIcosmetics\" \/>\n<meta property=\"article:published_time\" content=\"2016-07-08T10:53:32+00:00\" \/>\n<meta property=\"article:modified_time\" content=\"2019-11-21T15:52:42+00:00\" \/>\n<meta property=\"og:image\" content=\"https:\/\/www.bandi.pl\/blog\/wp-content\/uploads\/2016\/07\/regenerujacy-koncetrat-z-witamin\u0105-E.jpg\" \/>\n\t<meta property=\"og:image:width\" content=\"1000\" \/>\n\t<meta property=\"og:image:height\" content=\"500\" \/>\n\t<meta property=\"og:image:type\" content=\"image\/jpeg\" \/>\n<meta name=\"author\" content=\"BANDI\" \/>\n<meta name=\"twitter:card\" content=\"summary_large_image\" \/>\n<meta name=\"twitter:creator\" content=\"@bandi_cosmetics\" \/>\n<meta name=\"twitter:site\" content=\"@bandi_cosmetics\" \/>\n<meta name=\"twitter:label1\" content=\"Napisane przez\" \/>\n\t<meta name=\"twitter:data1\" content=\"BANDI\" \/>\n\t<meta name=\"twitter:label2\" content=\"Szacowany czas czytania\" \/>\n\t<meta name=\"twitter:data2\" content=\"2 minuty\" \/>\n<script type=\"application\/ld+json\" class=\"yoast-schema-graph\">{\"@context\":\"https:\/\/schema.org\",\"@graph\":[{\"@type\":\"Article\",\"@id\":\"https:\/\/www.bandi.pl\/blog\/regenerujacy-koncetrat-z-4-witamina-e\/#article\",\"isPartOf\":{\"@id\":\"https:\/\/www.bandi.pl\/blog\/regenerujacy-koncetrat-z-4-witamina-e\/\"},\"author\":{\"name\":\"BANDI\",\"@id\":\"https:\/\/www.bandi.pl\/blog\/#\/schema\/person\/6905a8e1379d84df843b078d275c5aea\"},\"headline\":\"Regeneruj\u0105cy koncetrat z 4% witamin\u0105 E\",\"datePublished\":\"2016-07-08T10:53:32+00:00\",\"dateModified\":\"2019-11-21T15:52:42+00:00\",\"mainEntityOfPage\":{\"@id\":\"https:\/\/www.bandi.pl\/blog\/regenerujacy-koncetrat-z-4-witamina-e\/\"},\"wordCount\":313,\"publisher\":{\"@id\":\"https:\/\/www.bandi.pl\/blog\/#organization\"},\"image\":{\"@id\":\"https:\/\/www.bandi.pl\/blog\/regenerujacy-koncetrat-z-4-witamina-e\/#primaryimage\"},\"thumbnailUrl\":\"https:\/\/www.bandi.pl\/blog\/wp-content\/uploads\/2016\/07\/regenerujacy-koncetrat-z-witamin\u0105-E.jpg\",\"keywords\":[\"fotostarzenie\",\"regeneracja\",\"witamina E\"],\"articleSection\":[\"Archiwum\"],\"inLanguage\":\"pl-PL\"},{\"@type\":\"WebPage\",\"@id\":\"https:\/\/www.bandi.pl\/blog\/regenerujacy-koncetrat-z-4-witamina-e\/\",\"url\":\"https:\/\/www.bandi.pl\/blog\/regenerujacy-koncetrat-z-4-witamina-e\/\",\"name\":\"Regeneruj\u0105cy koncetrat z 4% witamin\u0105 E &#187; Blog BANDI\",\"isPartOf\":{\"@id\":\"https:\/\/www.bandi.pl\/blog\/#website\"},\"primaryImageOfPage\":{\"@id\":\"https:\/\/www.bandi.pl\/blog\/regenerujacy-koncetrat-z-4-witamina-e\/#primaryimage\"},\"image\":{\"@id\":\"https:\/\/www.bandi.pl\/blog\/regenerujacy-koncetrat-z-4-witamina-e\/#primaryimage\"},\"thumbnailUrl\":\"https:\/\/www.bandi.pl\/blog\/wp-content\/uploads\/2016\/07\/regenerujacy-koncetrat-z-witamin\u0105-E.jpg\",\"datePublished\":\"2016-07-08T10:53:32+00:00\",\"dateModified\":\"2019-11-21T15:52:42+00:00\",\"breadcrumb\":{\"@id\":\"https:\/\/www.bandi.pl\/blog\/regenerujacy-koncetrat-z-4-witamina-e\/#breadcrumb\"},\"inLanguage\":\"pl-PL\",\"potentialAction\":[{\"@type\":\"ReadAction\",\"target\":[\"https:\/\/www.bandi.pl\/blog\/regenerujacy-koncetrat-z-4-witamina-e\/\"]}]},{\"@type\":\"ImageObject\",\"inLanguage\":\"pl-PL\",\"@id\":\"https:\/\/www.bandi.pl\/blog\/regenerujacy-koncetrat-z-4-witamina-e\/#primaryimage\",\"url\":\"https:\/\/www.bandi.pl\/blog\/wp-content\/uploads\/2016\/07\/regenerujacy-koncetrat-z-witamin\u0105-E.jpg\",\"contentUrl\":\"https:\/\/www.bandi.pl\/blog\/wp-content\/uploads\/2016\/07\/regenerujacy-koncetrat-z-witamin\u0105-E.jpg\",\"width\":1000,\"height\":500,\"caption\":\"Regeneruj\u0105cy koncetrat z 4% witamin\u0105 E\"},{\"@type\":\"BreadcrumbList\",\"@id\":\"https:\/\/www.bandi.pl\/blog\/regenerujacy-koncetrat-z-4-witamina-e\/#breadcrumb\",\"itemListElement\":[{\"@type\":\"ListItem\",\"position\":1,\"name\":\"BANDI\",\"item\":\"https:\/\/www.bandi.pl\/blog\/\"},{\"@type\":\"ListItem\",\"position\":2,\"name\":\"Regeneruj\u0105cy koncetrat z 4% witamin\u0105 E\"}]},{\"@type\":\"WebSite\",\"@id\":\"https:\/\/www.bandi.pl\/blog\/#website\",\"url\":\"https:\/\/www.bandi.pl\/blog\/\",\"name\":\"Blog BANDI\",\"description\":\"Czarno na bia\u0142ym o kosmetykach\",\"publisher\":{\"@id\":\"https:\/\/www.bandi.pl\/blog\/#organization\"},\"potentialAction\":[{\"@type\":\"SearchAction\",\"target\":{\"@type\":\"EntryPoint\",\"urlTemplate\":\"https:\/\/www.bandi.pl\/blog\/?s={search_term_string}\"},\"query-input\":{\"@type\":\"PropertyValueSpecification\",\"valueRequired\":true,\"valueName\":\"search_term_string\"}}],\"inLanguage\":\"pl-PL\"},{\"@type\":\"Organization\",\"@id\":\"https:\/\/www.bandi.pl\/blog\/#organization\",\"name\":\"BANDI\",\"url\":\"https:\/\/www.bandi.pl\/blog\/\",\"logo\":{\"@type\":\"ImageObject\",\"inLanguage\":\"pl-PL\",\"@id\":\"https:\/\/www.bandi.pl\/blog\/#\/schema\/logo\/image\/\",\"url\":\"https:\/\/www.bandi.pl\/blog\/wp-content\/uploads\/2019\/06\/bandi-logo.png\",\"contentUrl\":\"https:\/\/www.bandi.pl\/blog\/wp-content\/uploads\/2019\/06\/bandi-logo.png\",\"width\":264,\"height\":111,\"caption\":\"BANDI\"},\"image\":{\"@id\":\"https:\/\/www.bandi.pl\/blog\/#\/schema\/logo\/image\/\"},\"sameAs\":[\"https:\/\/web.facebook.com\/BANDIcosmetics\",\"https:\/\/x.com\/bandi_cosmetics\",\"https:\/\/www.instagram.com\/bandi_cosmetics\/\",\"https:\/\/www.pinterest.com\/bandicosmetics\/\",\"https:\/\/www.youtube.com\/user\/BandiCosmeticsPolska\"]},{\"@type\":\"Person\",\"@id\":\"https:\/\/www.bandi.pl\/blog\/#\/schema\/person\/6905a8e1379d84df843b078d275c5aea\",\"name\":\"BANDI\",\"sameAs\":[\"https:\/\/www.bandi.pl\/blog\"]}]}<\/script>\n<!-- \/ Yoast SEO plugin. -->","yoast_head_json":{"title":"Regeneruj\u0105cy koncetrat z 4% witamin\u0105 E &#187; Blog BANDI","robots":{"index":"index","follow":"follow","max-snippet":"max-snippet:-1","max-image-preview":"max-image-preview:large","max-video-preview":"max-video-preview:-1"},"canonical":"https:\/\/www.bandi.pl\/blog\/regenerujacy-koncetrat-z-4-witamina-e\/","og_locale":"pl_PL","og_type":"article","og_title":"Regeneruj\u0105cy koncetrat z 4% witamin\u0105 E &#187; Blog BANDI","og_description":"Lato to czas, kiedy za oknem, \u015bwieci pi\u0119kne s\u0142o\u0144ce i cho\u0107 wiemy, \u017ce nie do ko\u0144ca jest to zdrowe dla naszej sk\u00f3ry, lubimy wystawi\u0107 nasze cia\u0142o na jego promieniowanie.","og_url":"https:\/\/www.bandi.pl\/blog\/regenerujacy-koncetrat-z-4-witamina-e\/","og_site_name":"Blog BANDI","article_publisher":"https:\/\/web.facebook.com\/BANDIcosmetics","article_published_time":"2016-07-08T10:53:32+00:00","article_modified_time":"2019-11-21T15:52:42+00:00","og_image":[{"width":1000,"height":500,"url":"https:\/\/www.bandi.pl\/blog\/wp-content\/uploads\/2016\/07\/regenerujacy-koncetrat-z-witamin\u0105-E.jpg","type":"image\/jpeg"}],"author":"BANDI","twitter_card":"summary_large_image","twitter_creator":"@bandi_cosmetics","twitter_site":"@bandi_cosmetics","twitter_misc":{"Napisane przez":"BANDI","Szacowany czas czytania":"2 minuty"},"schema":{"@context":"https:\/\/schema.org","@graph":[{"@type":"Article","@id":"https:\/\/www.bandi.pl\/blog\/regenerujacy-koncetrat-z-4-witamina-e\/#article","isPartOf":{"@id":"https:\/\/www.bandi.pl\/blog\/regenerujacy-koncetrat-z-4-witamina-e\/"},"author":{"name":"BANDI","@id":"https:\/\/www.bandi.pl\/blog\/#\/schema\/person\/6905a8e1379d84df843b078d275c5aea"},"headline":"Regeneruj\u0105cy koncetrat z 4% witamin\u0105 E","datePublished":"2016-07-08T10:53:32+00:00","dateModified":"2019-11-21T15:52:42+00:00","mainEntityOfPage":{"@id":"https:\/\/www.bandi.pl\/blog\/regenerujacy-koncetrat-z-4-witamina-e\/"},"wordCount":313,"publisher":{"@id":"https:\/\/www.bandi.pl\/blog\/#organization"},"image":{"@id":"https:\/\/www.bandi.pl\/blog\/regenerujacy-koncetrat-z-4-witamina-e\/#primaryimage"},"thumbnailUrl":"https:\/\/www.bandi.pl\/blog\/wp-content\/uploads\/2016\/07\/regenerujacy-koncetrat-z-witamin\u0105-E.jpg","keywords":["fotostarzenie","regeneracja","witamina E"],"articleSection":["Archiwum"],"inLanguage":"pl-PL"},{"@type":"WebPage","@id":"https:\/\/www.bandi.pl\/blog\/regenerujacy-koncetrat-z-4-witamina-e\/","url":"https:\/\/www.bandi.pl\/blog\/regenerujacy-koncetrat-z-4-witamina-e\/","name":"Regeneruj\u0105cy koncetrat z 4% witamin\u0105 E &#187; Blog BANDI","isPartOf":{"@id":"https:\/\/www.bandi.pl\/blog\/#website"},"primaryImageOfPage":{"@id":"https:\/\/www.bandi.pl\/blog\/regenerujacy-koncetrat-z-4-witamina-e\/#primaryimage"},"image":{"@id":"https:\/\/www.bandi.pl\/blog\/regenerujacy-koncetrat-z-4-witamina-e\/#primaryimage"},"thumbnailUrl":"https:\/\/www.bandi.pl\/blog\/wp-content\/uploads\/2016\/07\/regenerujacy-koncetrat-z-witamin\u0105-E.jpg","datePublished":"2016-07-08T10:53:32+00:00","dateModified":"2019-11-21T15:52:42+00:00","breadcrumb":{"@id":"https:\/\/www.bandi.pl\/blog\/regenerujacy-koncetrat-z-4-witamina-e\/#breadcrumb"},"inLanguage":"pl-PL","potentialAction":[{"@type":"ReadAction","target":["https:\/\/www.bandi.pl\/blog\/regenerujacy-koncetrat-z-4-witamina-e\/"]}]},{"@type":"ImageObject","inLanguage":"pl-PL","@id":"https:\/\/www.bandi.pl\/blog\/regenerujacy-koncetrat-z-4-witamina-e\/#primaryimage","url":"https:\/\/www.bandi.pl\/blog\/wp-content\/uploads\/2016\/07\/regenerujacy-koncetrat-z-witamin\u0105-E.jpg","contentUrl":"https:\/\/www.bandi.pl\/blog\/wp-content\/uploads\/2016\/07\/regenerujacy-koncetrat-z-witamin\u0105-E.jpg","width":1000,"height":500,"caption":"Regeneruj\u0105cy koncetrat z 4% witamin\u0105 E"},{"@type":"BreadcrumbList","@id":"https:\/\/www.bandi.pl\/blog\/regenerujacy-koncetrat-z-4-witamina-e\/#breadcrumb","itemListElement":[{"@type":"ListItem","position":1,"name":"BANDI","item":"https:\/\/www.bandi.pl\/blog\/"},{"@type":"ListItem","position":2,"name":"Regeneruj\u0105cy koncetrat z 4% witamin\u0105 E"}]},{"@type":"WebSite","@id":"https:\/\/www.bandi.pl\/blog\/#website","url":"https:\/\/www.bandi.pl\/blog\/","name":"Blog BANDI","description":"Czarno na bia\u0142ym o kosmetykach","publisher":{"@id":"https:\/\/www.bandi.pl\/blog\/#organization"},"potentialAction":[{"@type":"SearchAction","target":{"@type":"EntryPoint","urlTemplate":"https:\/\/www.bandi.pl\/blog\/?s={search_term_string}"},"query-input":{"@type":"PropertyValueSpecification","valueRequired":true,"valueName":"search_term_string"}}],"inLanguage":"pl-PL"},{"@type":"Organization","@id":"https:\/\/www.bandi.pl\/blog\/#organization","name":"BANDI","url":"https:\/\/www.bandi.pl\/blog\/","logo":{"@type":"ImageObject","inLanguage":"pl-PL","@id":"https:\/\/www.bandi.pl\/blog\/#\/schema\/logo\/image\/","url":"https:\/\/www.bandi.pl\/blog\/wp-content\/uploads\/2019\/06\/bandi-logo.png","contentUrl":"https:\/\/www.bandi.pl\/blog\/wp-content\/uploads\/2019\/06\/bandi-logo.png","width":264,"height":111,"caption":"BANDI"},"image":{"@id":"https:\/\/www.bandi.pl\/blog\/#\/schema\/logo\/image\/"},"sameAs":["https:\/\/web.facebook.com\/BANDIcosmetics","https:\/\/x.com\/bandi_cosmetics","https:\/\/www.instagram.com\/bandi_cosmetics\/","https:\/\/www.pinterest.com\/bandicosmetics\/","https:\/\/www.youtube.com\/user\/BandiCosmeticsPolska"]},{"@type":"Person","@id":"https:\/\/www.bandi.pl\/blog\/#\/schema\/person\/6905a8e1379d84df843b078d275c5aea","name":"BANDI","sameAs":["https:\/\/www.bandi.pl\/blog"]}]}},"_links":{"self":[{"href":"https:\/\/www.bandi.pl\/blog\/wp-json\/wp\/v2\/posts\/1770","targetHints":{"allow":["GET"]}}],"collection":[{"href":"https:\/\/www.bandi.pl\/blog\/wp-json\/wp\/v2\/posts"}],"about":[{"href":"https:\/\/www.bandi.pl\/blog\/wp-json\/wp\/v2\/types\/post"}],"author":[{"embeddable":true,"href":"https:\/\/www.bandi.pl\/blog\/wp-json\/wp\/v2\/users\/3"}],"replies":[{"embeddable":true,"href":"https:\/\/www.bandi.pl\/blog\/wp-json\/wp\/v2\/comments?post=1770"}],"version-history":[{"count":2,"href":"https:\/\/www.bandi.pl\/blog\/wp-json\/wp\/v2\/posts\/1770\/revisions"}],"predecessor-version":[{"id":4699,"href":"https:\/\/www.bandi.pl\/blog\/wp-json\/wp\/v2\/posts\/1770\/revisions\/4699"}],"wp:featuredmedia":[{"embeddable":true,"href":"https:\/\/www.bandi.pl\/blog\/wp-json\/wp\/v2\/media\/4697"}],"wp:attachment":[{"href":"https:\/\/www.bandi.pl\/blog\/wp-json\/wp\/v2\/media?parent=1770"}],"wp:term":[{"taxonomy":"category","embeddable":true,"href":"https:\/\/www.bandi.pl\/blog\/wp-json\/wp\/v2\/categories?post=1770"},{"taxonomy":"post_tag","embeddable":true,"href":"https:\/\/www.bandi.pl\/blog\/wp-json\/wp\/v2\/tags?post=1770"}],"curies":[{"name":"wp","href":"https:\/\/api.w.org\/{rel}","templated":true}]}}