{"id":17611,"date":"2023-11-02T10:00:00","date_gmt":"2023-11-02T09:00:00","guid":{"rendered":"https:\/\/www.bandi.pl\/blog\/?p=17611"},"modified":"2023-10-31T13:56:36","modified_gmt":"2023-10-31T12:56:36","slug":"awenantramidy-i-ich-pochodne-niezastapione-w-jesiennej-pielegnacji","status":"publish","type":"post","link":"https:\/\/www.bandi.pl\/blog\/awenantramidy-i-ich-pochodne-niezastapione-w-jesiennej-pielegnacji\/","title":{"rendered":"Awenantramidy i ich pochodne &#8211; niezast\u0105pione w jesiennej piel\u0119gnacji"},"content":{"rendered":"\n<p>Cho\u0107 z pozoru ziarna owsa mog\u0105 kojarzy\u0107 nam si\u0119 ze sk\u0142adnikiem po\u017cywnego \u015bniadania, to zbo\u017ce to ma tak\u017ce zastosowanie w kosmetyce i medycynie. Jego historia si\u0119ga czas\u00f3w staro\u017cytnego Egiptu 2000 lat p.n.e. K\u0105piele owsiane by\u0142y powszechnym sposobem na bezsenno\u015b\u0107, egzemy oraz oparzenia. Najcz\u0119\u015bciej mo\u017cemy go spotka\u0107 w sk\u0142adzie kosmetyk\u00f3w przeznaczonych do sk\u00f3ry zmagaj\u0105cej si\u0119 z zaczerwieniem i podra\u017cnieniami. Jego cudowne w\u0142a\u015bciwo\u015bci zawdzi\u0119czamy wielu sk\u0142adnikom aktywnym, w tym awenantramidom.<\/p>\n\n\n\n<figure class=\"wp-block-image aligncenter size-large is-resized\"><img loading=\"lazy\" decoding=\"async\" width=\"705\" height=\"500\" src=\"https:\/\/www.bandi.pl\/blog\/wp-content\/uploads\/2023\/10\/Naglowek-1-705x500.png\" alt=\"awenantramidy w owsie\n\" class=\"wp-image-17618\" style=\"aspect-ratio:1.41;width:496px;height:auto\"\/><\/figure>\n\n\n\n<h2 class=\"wp-block-heading\">Awenantramidy &#8211; cz\u0105steczki unikalne dla owsa<\/h2>\n\n\n\n<p>Awenantramidy&nbsp;s\u0105 g\u0142\u00f3wnymi przeciwutleniaczami polifenolowymi znajduj\u0105cymi si\u0119 w ziarnach owsa (<em>Avena sativa<\/em>). Wykazuj\u0105 wi\u0119ksz\u0105 aktywno\u015b\u0107 przeciwutleniaj\u0105c\u0105 (10 do 30 razy wi\u0119ksz\u0105) ni\u017c inne zwi\u0105zki fenolowe owsa, takie jak wanilina lub kwas kawowy i 5-krotnie wi\u0119ksz\u0105 ni\u017c jego flawonoidy. Awenantramidy te sta\u0142y si\u0119 obiektem szczeg\u00f3\u0142owych bada\u0144 s\u0142ynnego naukowca Sura (2008), kt\u00f3ry dostarczy\u0142 szereg dowod\u00f3w na to, \u017ce dzia\u0142aj\u0105 one przeciwzapalnie, przeciw\u015bwi\u0105dowo, przeciwutleniaj\u0105co oraz antyhistaminowo. Mechanizm ich dzia\u0142ania polega na hamowaniu procesu uwalniania cytokin zapalnych, kt\u00f3rych obecno\u015b\u0107 obserwuje si\u0119 przy wyst\u0119powaniu licznych dermatoz sk\u00f3rnych. Ponadto przeciwdzia\u0142aj\u0105 powstawaniu wt\u00f3rnych podra\u017cnie\u0144 wywo\u0142anych drapaniem, kt\u00f3re towarzyszy sk\u00f3rze bardzo suchej i sw\u0119dz\u0105cej.<\/p>\n\n\n\n<p>Ze wzgl\u0119du na budow\u0119 chemiczn\u0105 wyr\u00f3\u017cnia si\u0119 wiele wariant\u00f3w awnantramid\u00f3w. W owsie znajdziemy awenantramidy w wariancie A, B<strong> <\/strong>oraz<strong> <\/strong>C. Ka\u017cdy z nich r\u00f3\u017cni si\u0119 stabilno\u015bci\u0105 (bywaj\u0105 wra\u017cliwe na temperatur\u0119, warto\u015b\u0107 pH, ekspozycj\u0119 na promieniowanie UV), kt\u00f3ra z kolei wp\u0142ywa na ich degradacj\u0119 oraz dzia\u0142anie aktywne.<\/p>\n\n\n\n<blockquote class=\"wp-block-quote is-layout-flow wp-block-quote-is-layout-flow\">\n<p class=\"has-text-color\" style=\"color:#fa166bf7\">Budowa chemiczna awenantramid\u00f3w jest bardzo zbli\u017cona do budowy popularnego i skutecznego leku, kt\u00f3ry s\u0142ynie ze swoich silnych w\u0142a\u015bciwo\u015bci antyhistaminowych.<\/p>\n<\/blockquote>\n\n\n\n<h2 class=\"wp-block-heading\"><strong>Inspirowana natur\u0105 cz\u0105steczka &#8211; Dihydroawenantramid D<\/strong><\/h2>\n\n\n\n<p>Awenantramidy mog\u0105 tak\u017ce by\u0107 syntetyzowane, dzi\u0119ki czemu mo\u017cna nada\u0107 im odpowiedni\u0105 odporno\u015b\u0107 na niekorzystne dzia\u0142anie warunk\u00f3w zewn\u0119trznych. Spo\u015br\u00f3d 40 syntetycznych pochodnych awenantramidu, inspirowanych natur\u0105, najskuteczniejszy i wysoce st\u0119\u017cony okaza\u0142 si\u0119 standaryzowany roztw\u00f3r <strong>dihydroawenantramidu D<\/strong>.<\/p>\n\n\n\n<p>Co go wyr\u00f3\u017cnia?<\/p>\n\n\n\n<ul class=\"wp-block-list\">\n<li>wy\u017csza zawarto\u015b\u0107 awenantramid\u00f3w w por\u00f3wnaniu z naturalnymi znajduj\u0105cymi si\u0119 w owsie,<\/li>\n\n\n\n<li>wysoka stabilno\u015b\u0107,<\/li>\n\n\n\n<li>bezpiecze\u0144stwo stosowania,<\/li>\n\n\n\n<li>wy\u017csza efektywno\u015b\u0107 dzia\u0142ania w por\u00f3wnaniu do naturalnych awenantramid\u00f3w obecnych w owsie.<\/li>\n<\/ul>\n\n\n\n<p>Jak dzia\u0142a?<\/p>\n\n\n\n<ul class=\"wp-block-list\">\n<li>zapewnia ochron\u0119 antyoksydacyjn\u0105,<\/li>\n\n\n\n<li>znacz\u0105co przerywa b\u0142\u0119dne ko\u0142o mi\u0119dzy kom\u00f3rkami tucznymi, a zako\u0144czeniami nerwowymi (mechanizm odpowiedzialny za odczucie \u015bwi\u0105du sk\u00f3ry),<\/li>\n\n\n\n<li>zapewnia d\u0142ugotrwa\u0142y komfort sk\u00f3ry,<\/li>\n\n\n\n<li>\u0142agodzi sucho\u015b\u0107 sk\u00f3ry,<\/li>\n\n\n\n<li>w widoczny spos\u00f3b redukuje zaczerwienienia. <\/li>\n<\/ul>\n\n\n\n<p>Jesie\u0144 to czas kiedy pod wp\u0142ywem niesprzyjaj\u0105cych czynnik\u00f3w zewn\u0119trznych sk\u00f3ra \u0142atwo ulega przesuszeniu i podra\u017cnieniom. Dlatego w piel\u0119gnacji warto si\u0119gn\u0105\u0107 po <a href=\"https:\/\/www.bandi.pl\/sklep\/katalog.php?wyr=koncentrat+koj%B1cy+sensiextreme\">kosmetyki z awenantramidami i ich pochodnymi<\/a>. <\/p>\n\n\n\n<div class=\"wp-block-divi-layout\">[et_pb_section admin_label=&#8221;section&#8221;][et_pb_row admin_label=&#8221;row&#8221;][\/et_pb_row][\/et_pb_section]<\/div>\n\n\n\n<div class=\"wp-block-divi-layout\">[et_pb_section fb_built=&#8221;1&#8243; theme_builder_area=&#8221;post_content&#8221; _builder_version=&#8221;4.22.2&#8243; _module_preset=&#8221;default&#8221;][\/et_pb_section][et_pb_section fb_built=&#8221;1&#8243; _builder_version=&#8221;4.16&#8243; top_divider_style=&#8221;arrow&#8221; top_divider_color=&#8221;rgba(255,166,168,0.75)&#8221; top_divider_height=&#8221;1px&#8221; bottom_divider_style=&#8221;arrow&#8221; bottom_divider_color=&#8221;rgba(255,166,168,0.75)&#8221; bottom_divider_height=&#8221;1px&#8221; global_colors_info=&#8221;{}&#8221; theme_builder_area=&#8221;post_content&#8221;][et_pb_row column_structure=&#8221;1_2,1_2&#8243; _builder_version=&#8221;4.16&#8243; width=&#8221;100%&#8221; module_alignment=&#8221;left&#8221; custom_margin=&#8221;||||false|false&#8221; global_colors_info=&#8221;{}&#8221; theme_builder_area=&#8221;post_content&#8221;][et_pb_column type=&#8221;1_2&#8243; _builder_version=&#8221;4.16&#8243; global_colors_info=&#8221;{}&#8221; theme_builder_area=&#8221;post_content&#8221;][et_pb_text _builder_version=&#8221;4.22.2&#8243; text_font=&#8221;Raleway Bold||||||||&#8221; text_text_color=&#8221;rgba(255,166,168,0.75)&#8221; text_font_size=&#8221;55px&#8221; text_letter_spacing=&#8221;9px&#8221; text_line_height=&#8221;1em&#8221; header_font_size=&#8221;39px&#8221; min_height=&#8221;23px&#8221; custom_margin=&#8221;40px||||false|false&#8221; link_option_url=&#8221;https:\/\/www.bandi.pl\/sklep\/katalog\/seria\/15_delicate-care\/&#8221; hover_enabled=&#8221;0&#8243; inline_fonts=&#8221;Raleway Bold&#8221; global_colors_info=&#8221;{}&#8221; theme_builder_area=&#8221;post_content&#8221; sticky_enabled=&#8221;0&#8243;]<p style=\"text-align: center;\"><span style=\"font-size: xx-large; font-family: inherit; font-weight: normal;\"><strong>DELICATE CARE<\/strong><\/span><\/p>\n<p style=\"text-align: center;\"><span style=\"font-size: xx-large; font-family: inherit; font-weight: normal;\"><strong><\/strong><\/span><\/p>[\/et_pb_text][et_pb_text _builder_version=&#8221;4.22.2&#8243; text_font=&#8221;Raleway Regular||||||||&#8221; text_text_color=&#8221;#b8b8b8&#8243; text_font_size=&#8221;22px&#8221; text_line_height=&#8221;1.5em&#8221; link_option_url=&#8221;https:\/\/www.bandi.pl\/sklep\/katalog\/seria\/15_delicate-care\/&#8221; hover_enabled=&#8221;0&#8243; global_colors_info=&#8221;{}&#8221; theme_builder_area=&#8221;post_content&#8221; sticky_enabled=&#8221;0&#8243;]<p style=\"text-align: center;\">Niezast\u0105piona w jesiennej piel\u0119gnacji<\/p>[\/et_pb_text][et_pb_button button_url=&#8221;https:\/\/www.bandi.pl\/sklep\/katalog\/seria\/15_delicate-care\/&#8221; button_text=&#8221;ZOBACZ&#8221; button_alignment=&#8221;center&#8221; disabled_on=&#8221;off|off|off&#8221; _builder_version=&#8221;4.22.2&#8243; custom_button=&#8221;on&#8221; button_text_size=&#8221;20px&#8221; button_text_color=&#8221;#ffffff&#8221; button_border_radius=&#8221;25px&#8221; button_font=&#8221;Bree Serif||||||||&#8221; background_layout=&#8221;dark&#8221; custom_padding=&#8221;12px|30px|12px|30px|true|true&#8221; hover_transition_duration=&#8221;0ms&#8221; hover_enabled=&#8221;0&#8243; box_shadow_style=&#8221;preset3&#8243; global_colors_info=&#8221;{}&#8221; theme_builder_area=&#8221;post_content&#8221; sticky_enabled=&#8221;0&#8243;][\/et_pb_button][\/et_pb_column][et_pb_column type=&#8221;1_2&#8243; _builder_version=&#8221;4.16&#8243; global_colors_info=&#8221;{}&#8221; theme_builder_area=&#8221;post_content&#8221;][et_pb_image src=&#8221;https:\/\/www.bandi.pl\/blog\/wp-content\/uploads\/2023\/10\/20221208-bez-nazwy-1614-scaled.jpg&#8221; title_text=&#8221;20221208-bez nazwy-1614&#8243; url=&#8221;https:\/\/www.bandi.pl\/sklep\/katalog\/seria\/15_delicate-care\/&#8221; align=&#8221;center&#8221; _builder_version=&#8221;4.22.2&#8243; width=&#8221;100%&#8221; hover_enabled=&#8221;0&#8243; global_colors_info=&#8221;{}&#8221; theme_builder_area=&#8221;post_content&#8221; sticky_enabled=&#8221;0&#8243;][\/et_pb_image][\/et_pb_column][\/et_pb_row][\/et_pb_section]<\/div>\n","protected":false},"excerpt":{"rendered":"<p>Cho\u0107 z pozoru ziarna owsa mog\u0105 kojarzy\u0107 nam si\u0119 ze sk\u0142adnikiem po\u017cywnego \u015bniadania, to zbo\u017ce to ma tak\u017ce zastosowanie w kosmetyce i medycynie. Jego historia si\u0119ga czas\u00f3w staro\u017cytnego Egiptu 2000 lat p.n.e. K\u0105piele owsiane by\u0142y powszechnym sposobem na bezsenno\u015b\u0107, egzemy oraz oparzenia. Najcz\u0119\u015bciej mo\u017cemy go spotka\u0107 w sk\u0142adzie kosmetyk\u00f3w przeznaczonych do sk\u00f3ry zmagaj\u0105cej si\u0119 z [&hellip;]<\/p>\n","protected":false},"author":13,"featured_media":17631,"comment_status":"open","ping_status":"closed","sticky":false,"template":"","format":"standard","meta":{"_et_pb_use_builder":"off","_et_pb_old_content":"","_et_gb_content_width":"","footnotes":""},"categories":[2054,1771],"tags":[3445,8112,4661,8108,6853,4232,8113,8111,8110,4031,58,8109,4230,5868],"class_list":["post-17611","post","type-post","status-publish","format-standard","has-post-thumbnail","hentry","category-martyna-sudowska","category-kategoria-surowce-i-szczypta-chemii","tag-bandi","tag-co-to-sa-awenantramidy","tag-delicate-care","tag-jak-szybko-ukoic-skore","tag-kosmetyki-na-jesien","tag-kosmetyki-profesjonalne","tag-kosmetyki-silnie-kojace","tag-kosmetyki-z-awenantramidami","tag-kosmetyki-z-owsem","tag-krem-nawilzajacy","tag-kwas-hialuronowy","tag-owies-w-kosmetykach","tag-pielegnacja-profesjonalna","tag-pielegnacja-twarzy"],"yoast_head":"<!-- This site is optimized with the Yoast SEO plugin v27.1.1 - https:\/\/yoast.com\/product\/yoast-seo-wordpress\/ -->\n<title>Awenantramidy i ich pochodne - niezast\u0105pione w jesiennej piel\u0119gnacji &#187; Blog BANDI<\/title>\n<meta name=\"description\" content=\"Awenantramidy hamuj\u0105 proces uwalniania cytokin zapalnych, kt\u00f3rych obecno\u015b\u0107 obserwuje si\u0119 w licznych dermatozach sk\u00f3rnych.\" \/>\n<meta name=\"robots\" content=\"index, follow, max-snippet:-1, max-image-preview:large, max-video-preview:-1\" \/>\n<link rel=\"canonical\" href=\"https:\/\/www.bandi.pl\/blog\/awenantramidy-i-ich-pochodne-niezastapione-w-jesiennej-pielegnacji\/\" \/>\n<meta property=\"og:locale\" content=\"pl_PL\" \/>\n<meta property=\"og:type\" content=\"article\" \/>\n<meta property=\"og:title\" content=\"Awenantramidy i ich pochodne - niezast\u0105pione w jesiennej piel\u0119gnacji &#187; Blog BANDI\" \/>\n<meta property=\"og:description\" content=\"Awenantramidy hamuj\u0105 proces uwalniania cytokin zapalnych, kt\u00f3rych obecno\u015b\u0107 obserwuje si\u0119 w licznych dermatozach sk\u00f3rnych.\" \/>\n<meta property=\"og:url\" content=\"https:\/\/www.bandi.pl\/blog\/awenantramidy-i-ich-pochodne-niezastapione-w-jesiennej-pielegnacji\/\" \/>\n<meta property=\"og:site_name\" content=\"Blog BANDI\" \/>\n<meta property=\"article:publisher\" content=\"https:\/\/web.facebook.com\/BANDIcosmetics\" \/>\n<meta property=\"article:published_time\" content=\"2023-11-02T09:00:00+00:00\" \/>\n<meta property=\"og:image\" content=\"https:\/\/www.bandi.pl\/blog\/wp-content\/uploads\/2023\/10\/Projekt-bez-nazwy-2-16-705x500.png\" \/>\n\t<meta property=\"og:image:width\" content=\"705\" \/>\n\t<meta property=\"og:image:height\" content=\"500\" \/>\n\t<meta property=\"og:image:type\" content=\"image\/png\" \/>\n<meta name=\"author\" content=\"Ilona Kiraga\" \/>\n<meta name=\"twitter:card\" content=\"summary_large_image\" \/>\n<meta name=\"twitter:creator\" content=\"@bandi_cosmetics\" \/>\n<meta name=\"twitter:site\" content=\"@bandi_cosmetics\" \/>\n<meta name=\"twitter:label1\" content=\"Napisane przez\" \/>\n\t<meta name=\"twitter:data1\" content=\"Ilona Kiraga\" \/>\n\t<meta name=\"twitter:label2\" content=\"Szacowany czas czytania\" \/>\n\t<meta name=\"twitter:data2\" content=\"3 minuty\" \/>\n<script type=\"application\/ld+json\" class=\"yoast-schema-graph\">{\"@context\":\"https:\/\/schema.org\",\"@graph\":[{\"@type\":\"Article\",\"@id\":\"https:\/\/www.bandi.pl\/blog\/awenantramidy-i-ich-pochodne-niezastapione-w-jesiennej-pielegnacji\/#article\",\"isPartOf\":{\"@id\":\"https:\/\/www.bandi.pl\/blog\/awenantramidy-i-ich-pochodne-niezastapione-w-jesiennej-pielegnacji\/\"},\"author\":{\"name\":\"Ilona Kiraga\",\"@id\":\"https:\/\/www.bandi.pl\/blog\/#\/schema\/person\/5ba05af1a18c58f1c31d4ae051ec9499\"},\"headline\":\"Awenantramidy i ich pochodne &#8211; niezast\u0105pione w jesiennej piel\u0119gnacji\",\"datePublished\":\"2023-11-02T09:00:00+00:00\",\"mainEntityOfPage\":{\"@id\":\"https:\/\/www.bandi.pl\/blog\/awenantramidy-i-ich-pochodne-niezastapione-w-jesiennej-pielegnacji\/\"},\"wordCount\":872,\"commentCount\":0,\"publisher\":{\"@id\":\"https:\/\/www.bandi.pl\/blog\/#organization\"},\"image\":{\"@id\":\"https:\/\/www.bandi.pl\/blog\/awenantramidy-i-ich-pochodne-niezastapione-w-jesiennej-pielegnacji\/#primaryimage\"},\"thumbnailUrl\":\"https:\/\/www.bandi.pl\/blog\/wp-content\/uploads\/2023\/10\/Projekt-bez-nazwy-2-16.png\",\"keywords\":[\"Bandi\",\"co to s\u0105 awenantramidy\",\"delicate care\",\"jak szybko ukoi\u0107 sk\u00f3r\u0119\",\"kosmetyki na jesie\u0144\",\"kosmetyki profesjonalne\",\"kosmetyki silnie koj\u0105ce\",\"kosmetyki z awenantramidami\",\"kosmetyki z owsem\",\"krem nawil\u017cajacy\",\"kwas hialuronowy\",\"owies w kosmetykach\",\"piel\u0119gnacja profesjonalna\",\"piel\u0119gnacja twarzy\"],\"articleSection\":[\"Martyna Sudowska\",\"Surowce i szczypta chemii\"],\"inLanguage\":\"pl-PL\",\"potentialAction\":[{\"@type\":\"CommentAction\",\"name\":\"Comment\",\"target\":[\"https:\/\/www.bandi.pl\/blog\/awenantramidy-i-ich-pochodne-niezastapione-w-jesiennej-pielegnacji\/#respond\"]}]},{\"@type\":\"WebPage\",\"@id\":\"https:\/\/www.bandi.pl\/blog\/awenantramidy-i-ich-pochodne-niezastapione-w-jesiennej-pielegnacji\/\",\"url\":\"https:\/\/www.bandi.pl\/blog\/awenantramidy-i-ich-pochodne-niezastapione-w-jesiennej-pielegnacji\/\",\"name\":\"Awenantramidy i ich pochodne - niezast\u0105pione w jesiennej piel\u0119gnacji &#187; Blog BANDI\",\"isPartOf\":{\"@id\":\"https:\/\/www.bandi.pl\/blog\/#website\"},\"primaryImageOfPage\":{\"@id\":\"https:\/\/www.bandi.pl\/blog\/awenantramidy-i-ich-pochodne-niezastapione-w-jesiennej-pielegnacji\/#primaryimage\"},\"image\":{\"@id\":\"https:\/\/www.bandi.pl\/blog\/awenantramidy-i-ich-pochodne-niezastapione-w-jesiennej-pielegnacji\/#primaryimage\"},\"thumbnailUrl\":\"https:\/\/www.bandi.pl\/blog\/wp-content\/uploads\/2023\/10\/Projekt-bez-nazwy-2-16.png\",\"datePublished\":\"2023-11-02T09:00:00+00:00\",\"description\":\"Awenantramidy hamuj\u0105 proces uwalniania cytokin zapalnych, kt\u00f3rych obecno\u015b\u0107 obserwuje si\u0119 w licznych dermatozach sk\u00f3rnych.\",\"breadcrumb\":{\"@id\":\"https:\/\/www.bandi.pl\/blog\/awenantramidy-i-ich-pochodne-niezastapione-w-jesiennej-pielegnacji\/#breadcrumb\"},\"inLanguage\":\"pl-PL\",\"potentialAction\":[{\"@type\":\"ReadAction\",\"target\":[\"https:\/\/www.bandi.pl\/blog\/awenantramidy-i-ich-pochodne-niezastapione-w-jesiennej-pielegnacji\/\"]}]},{\"@type\":\"ImageObject\",\"inLanguage\":\"pl-PL\",\"@id\":\"https:\/\/www.bandi.pl\/blog\/awenantramidy-i-ich-pochodne-niezastapione-w-jesiennej-pielegnacji\/#primaryimage\",\"url\":\"https:\/\/www.bandi.pl\/blog\/wp-content\/uploads\/2023\/10\/Projekt-bez-nazwy-2-16.png\",\"contentUrl\":\"https:\/\/www.bandi.pl\/blog\/wp-content\/uploads\/2023\/10\/Projekt-bez-nazwy-2-16.png\",\"width\":1748,\"height\":1240},{\"@type\":\"BreadcrumbList\",\"@id\":\"https:\/\/www.bandi.pl\/blog\/awenantramidy-i-ich-pochodne-niezastapione-w-jesiennej-pielegnacji\/#breadcrumb\",\"itemListElement\":[{\"@type\":\"ListItem\",\"position\":1,\"name\":\"BANDI\",\"item\":\"https:\/\/www.bandi.pl\/blog\/\"},{\"@type\":\"ListItem\",\"position\":2,\"name\":\"Awenantramidy i ich pochodne &#8211; niezast\u0105pione w jesiennej piel\u0119gnacji\"}]},{\"@type\":\"WebSite\",\"@id\":\"https:\/\/www.bandi.pl\/blog\/#website\",\"url\":\"https:\/\/www.bandi.pl\/blog\/\",\"name\":\"Blog BANDI\",\"description\":\"Czarno na bia\u0142ym o kosmetykach\",\"publisher\":{\"@id\":\"https:\/\/www.bandi.pl\/blog\/#organization\"},\"potentialAction\":[{\"@type\":\"SearchAction\",\"target\":{\"@type\":\"EntryPoint\",\"urlTemplate\":\"https:\/\/www.bandi.pl\/blog\/?s={search_term_string}\"},\"query-input\":{\"@type\":\"PropertyValueSpecification\",\"valueRequired\":true,\"valueName\":\"search_term_string\"}}],\"inLanguage\":\"pl-PL\"},{\"@type\":\"Organization\",\"@id\":\"https:\/\/www.bandi.pl\/blog\/#organization\",\"name\":\"BANDI\",\"url\":\"https:\/\/www.bandi.pl\/blog\/\",\"logo\":{\"@type\":\"ImageObject\",\"inLanguage\":\"pl-PL\",\"@id\":\"https:\/\/www.bandi.pl\/blog\/#\/schema\/logo\/image\/\",\"url\":\"https:\/\/www.bandi.pl\/blog\/wp-content\/uploads\/2019\/06\/bandi-logo.png\",\"contentUrl\":\"https:\/\/www.bandi.pl\/blog\/wp-content\/uploads\/2019\/06\/bandi-logo.png\",\"width\":264,\"height\":111,\"caption\":\"BANDI\"},\"image\":{\"@id\":\"https:\/\/www.bandi.pl\/blog\/#\/schema\/logo\/image\/\"},\"sameAs\":[\"https:\/\/web.facebook.com\/BANDIcosmetics\",\"https:\/\/x.com\/bandi_cosmetics\",\"https:\/\/www.instagram.com\/bandi_cosmetics\/\",\"https:\/\/www.pinterest.com\/bandicosmetics\/\",\"https:\/\/www.youtube.com\/user\/BandiCosmeticsPolska\"]},{\"@type\":\"Person\",\"@id\":\"https:\/\/www.bandi.pl\/blog\/#\/schema\/person\/5ba05af1a18c58f1c31d4ae051ec9499\",\"name\":\"Ilona Kiraga\"}]}<\/script>\n<!-- \/ Yoast SEO plugin. -->","yoast_head_json":{"title":"Awenantramidy i ich pochodne - niezast\u0105pione w jesiennej piel\u0119gnacji &#187; Blog BANDI","description":"Awenantramidy hamuj\u0105 proces uwalniania cytokin zapalnych, kt\u00f3rych obecno\u015b\u0107 obserwuje si\u0119 w licznych dermatozach sk\u00f3rnych.","robots":{"index":"index","follow":"follow","max-snippet":"max-snippet:-1","max-image-preview":"max-image-preview:large","max-video-preview":"max-video-preview:-1"},"canonical":"https:\/\/www.bandi.pl\/blog\/awenantramidy-i-ich-pochodne-niezastapione-w-jesiennej-pielegnacji\/","og_locale":"pl_PL","og_type":"article","og_title":"Awenantramidy i ich pochodne - niezast\u0105pione w jesiennej piel\u0119gnacji &#187; Blog BANDI","og_description":"Awenantramidy hamuj\u0105 proces uwalniania cytokin zapalnych, kt\u00f3rych obecno\u015b\u0107 obserwuje si\u0119 w licznych dermatozach sk\u00f3rnych.","og_url":"https:\/\/www.bandi.pl\/blog\/awenantramidy-i-ich-pochodne-niezastapione-w-jesiennej-pielegnacji\/","og_site_name":"Blog BANDI","article_publisher":"https:\/\/web.facebook.com\/BANDIcosmetics","article_published_time":"2023-11-02T09:00:00+00:00","og_image":[{"width":705,"height":500,"url":"https:\/\/www.bandi.pl\/blog\/wp-content\/uploads\/2023\/10\/Projekt-bez-nazwy-2-16-705x500.png","type":"image\/png"}],"author":"Ilona Kiraga","twitter_card":"summary_large_image","twitter_creator":"@bandi_cosmetics","twitter_site":"@bandi_cosmetics","twitter_misc":{"Napisane przez":"Ilona Kiraga","Szacowany czas czytania":"3 minuty"},"schema":{"@context":"https:\/\/schema.org","@graph":[{"@type":"Article","@id":"https:\/\/www.bandi.pl\/blog\/awenantramidy-i-ich-pochodne-niezastapione-w-jesiennej-pielegnacji\/#article","isPartOf":{"@id":"https:\/\/www.bandi.pl\/blog\/awenantramidy-i-ich-pochodne-niezastapione-w-jesiennej-pielegnacji\/"},"author":{"name":"Ilona Kiraga","@id":"https:\/\/www.bandi.pl\/blog\/#\/schema\/person\/5ba05af1a18c58f1c31d4ae051ec9499"},"headline":"Awenantramidy i ich pochodne &#8211; niezast\u0105pione w jesiennej piel\u0119gnacji","datePublished":"2023-11-02T09:00:00+00:00","mainEntityOfPage":{"@id":"https:\/\/www.bandi.pl\/blog\/awenantramidy-i-ich-pochodne-niezastapione-w-jesiennej-pielegnacji\/"},"wordCount":872,"commentCount":0,"publisher":{"@id":"https:\/\/www.bandi.pl\/blog\/#organization"},"image":{"@id":"https:\/\/www.bandi.pl\/blog\/awenantramidy-i-ich-pochodne-niezastapione-w-jesiennej-pielegnacji\/#primaryimage"},"thumbnailUrl":"https:\/\/www.bandi.pl\/blog\/wp-content\/uploads\/2023\/10\/Projekt-bez-nazwy-2-16.png","keywords":["Bandi","co to s\u0105 awenantramidy","delicate care","jak szybko ukoi\u0107 sk\u00f3r\u0119","kosmetyki na jesie\u0144","kosmetyki profesjonalne","kosmetyki silnie koj\u0105ce","kosmetyki z awenantramidami","kosmetyki z owsem","krem nawil\u017cajacy","kwas hialuronowy","owies w kosmetykach","piel\u0119gnacja profesjonalna","piel\u0119gnacja twarzy"],"articleSection":["Martyna Sudowska","Surowce i szczypta chemii"],"inLanguage":"pl-PL","potentialAction":[{"@type":"CommentAction","name":"Comment","target":["https:\/\/www.bandi.pl\/blog\/awenantramidy-i-ich-pochodne-niezastapione-w-jesiennej-pielegnacji\/#respond"]}]},{"@type":"WebPage","@id":"https:\/\/www.bandi.pl\/blog\/awenantramidy-i-ich-pochodne-niezastapione-w-jesiennej-pielegnacji\/","url":"https:\/\/www.bandi.pl\/blog\/awenantramidy-i-ich-pochodne-niezastapione-w-jesiennej-pielegnacji\/","name":"Awenantramidy i ich pochodne - niezast\u0105pione w jesiennej piel\u0119gnacji &#187; Blog BANDI","isPartOf":{"@id":"https:\/\/www.bandi.pl\/blog\/#website"},"primaryImageOfPage":{"@id":"https:\/\/www.bandi.pl\/blog\/awenantramidy-i-ich-pochodne-niezastapione-w-jesiennej-pielegnacji\/#primaryimage"},"image":{"@id":"https:\/\/www.bandi.pl\/blog\/awenantramidy-i-ich-pochodne-niezastapione-w-jesiennej-pielegnacji\/#primaryimage"},"thumbnailUrl":"https:\/\/www.bandi.pl\/blog\/wp-content\/uploads\/2023\/10\/Projekt-bez-nazwy-2-16.png","datePublished":"2023-11-02T09:00:00+00:00","description":"Awenantramidy hamuj\u0105 proces uwalniania cytokin zapalnych, kt\u00f3rych obecno\u015b\u0107 obserwuje si\u0119 w licznych dermatozach sk\u00f3rnych.","breadcrumb":{"@id":"https:\/\/www.bandi.pl\/blog\/awenantramidy-i-ich-pochodne-niezastapione-w-jesiennej-pielegnacji\/#breadcrumb"},"inLanguage":"pl-PL","potentialAction":[{"@type":"ReadAction","target":["https:\/\/www.bandi.pl\/blog\/awenantramidy-i-ich-pochodne-niezastapione-w-jesiennej-pielegnacji\/"]}]},{"@type":"ImageObject","inLanguage":"pl-PL","@id":"https:\/\/www.bandi.pl\/blog\/awenantramidy-i-ich-pochodne-niezastapione-w-jesiennej-pielegnacji\/#primaryimage","url":"https:\/\/www.bandi.pl\/blog\/wp-content\/uploads\/2023\/10\/Projekt-bez-nazwy-2-16.png","contentUrl":"https:\/\/www.bandi.pl\/blog\/wp-content\/uploads\/2023\/10\/Projekt-bez-nazwy-2-16.png","width":1748,"height":1240},{"@type":"BreadcrumbList","@id":"https:\/\/www.bandi.pl\/blog\/awenantramidy-i-ich-pochodne-niezastapione-w-jesiennej-pielegnacji\/#breadcrumb","itemListElement":[{"@type":"ListItem","position":1,"name":"BANDI","item":"https:\/\/www.bandi.pl\/blog\/"},{"@type":"ListItem","position":2,"name":"Awenantramidy i ich pochodne &#8211; niezast\u0105pione w jesiennej piel\u0119gnacji"}]},{"@type":"WebSite","@id":"https:\/\/www.bandi.pl\/blog\/#website","url":"https:\/\/www.bandi.pl\/blog\/","name":"Blog BANDI","description":"Czarno na bia\u0142ym o kosmetykach","publisher":{"@id":"https:\/\/www.bandi.pl\/blog\/#organization"},"potentialAction":[{"@type":"SearchAction","target":{"@type":"EntryPoint","urlTemplate":"https:\/\/www.bandi.pl\/blog\/?s={search_term_string}"},"query-input":{"@type":"PropertyValueSpecification","valueRequired":true,"valueName":"search_term_string"}}],"inLanguage":"pl-PL"},{"@type":"Organization","@id":"https:\/\/www.bandi.pl\/blog\/#organization","name":"BANDI","url":"https:\/\/www.bandi.pl\/blog\/","logo":{"@type":"ImageObject","inLanguage":"pl-PL","@id":"https:\/\/www.bandi.pl\/blog\/#\/schema\/logo\/image\/","url":"https:\/\/www.bandi.pl\/blog\/wp-content\/uploads\/2019\/06\/bandi-logo.png","contentUrl":"https:\/\/www.bandi.pl\/blog\/wp-content\/uploads\/2019\/06\/bandi-logo.png","width":264,"height":111,"caption":"BANDI"},"image":{"@id":"https:\/\/www.bandi.pl\/blog\/#\/schema\/logo\/image\/"},"sameAs":["https:\/\/web.facebook.com\/BANDIcosmetics","https:\/\/x.com\/bandi_cosmetics","https:\/\/www.instagram.com\/bandi_cosmetics\/","https:\/\/www.pinterest.com\/bandicosmetics\/","https:\/\/www.youtube.com\/user\/BandiCosmeticsPolska"]},{"@type":"Person","@id":"https:\/\/www.bandi.pl\/blog\/#\/schema\/person\/5ba05af1a18c58f1c31d4ae051ec9499","name":"Ilona Kiraga"}]}},"_links":{"self":[{"href":"https:\/\/www.bandi.pl\/blog\/wp-json\/wp\/v2\/posts\/17611","targetHints":{"allow":["GET"]}}],"collection":[{"href":"https:\/\/www.bandi.pl\/blog\/wp-json\/wp\/v2\/posts"}],"about":[{"href":"https:\/\/www.bandi.pl\/blog\/wp-json\/wp\/v2\/types\/post"}],"author":[{"embeddable":true,"href":"https:\/\/www.bandi.pl\/blog\/wp-json\/wp\/v2\/users\/13"}],"replies":[{"embeddable":true,"href":"https:\/\/www.bandi.pl\/blog\/wp-json\/wp\/v2\/comments?post=17611"}],"version-history":[{"count":13,"href":"https:\/\/www.bandi.pl\/blog\/wp-json\/wp\/v2\/posts\/17611\/revisions"}],"predecessor-version":[{"id":17630,"href":"https:\/\/www.bandi.pl\/blog\/wp-json\/wp\/v2\/posts\/17611\/revisions\/17630"}],"wp:featuredmedia":[{"embeddable":true,"href":"https:\/\/www.bandi.pl\/blog\/wp-json\/wp\/v2\/media\/17631"}],"wp:attachment":[{"href":"https:\/\/www.bandi.pl\/blog\/wp-json\/wp\/v2\/media?parent=17611"}],"wp:term":[{"taxonomy":"category","embeddable":true,"href":"https:\/\/www.bandi.pl\/blog\/wp-json\/wp\/v2\/categories?post=17611"},{"taxonomy":"post_tag","embeddable":true,"href":"https:\/\/www.bandi.pl\/blog\/wp-json\/wp\/v2\/tags?post=17611"}],"curies":[{"name":"wp","href":"https:\/\/api.w.org\/{rel}","templated":true}]}}