{"id":17341,"date":"2023-09-14T12:58:29","date_gmt":"2023-09-14T10:58:29","guid":{"rendered":"https:\/\/www.bandi.pl\/blog\/?p=17341"},"modified":"2023-09-18T09:35:18","modified_gmt":"2023-09-18T07:35:18","slug":"krem-lagodzacy-nie-tylko-dla-cery-wrazliwej","status":"publish","type":"post","link":"https:\/\/www.bandi.pl\/blog\/krem-lagodzacy-nie-tylko-dla-cery-wrazliwej\/","title":{"rendered":"Krem \u0142agodz\u0105cy &#8211; nie tylko dla cery wra\u017cliwej"},"content":{"rendered":"\n<p>Lato, lato i po lecie. Nieuchronnie mija pozostawiaj\u0105c na cerze niechciane \u015blady w postaci przesusze\u0144, przebarwie\u0144 i podra\u017cnie\u0144. S\u0142o\u0144ce, gor\u0105co, wiatr, piasek, woda morska czy basenowa czyni\u0105 na sk\u00f3rze niemal\u017ce spustoszenie. Uszkodzona zostaje bariera hydrolipidowa przez co zwi\u0119ksza si\u0119 proces przeznask\u00f3rkowej utraty wody, a na przesuszonej sk\u00f3rze \u0142atwiej o podra\u017cnienia, zmarszczki, a nawet wypryski. Cera wymaga ukojenia i to nie tylko ta szczeg\u00f3lnie wra\u017cliwa, ale ka\u017cda, niezale\u017cnie od wieku, rodzaju czy rozmiaru szk\u00f3d jakie wyrz\u0105dzi\u0142a wakacyjna aura. Dlatego w kosmetyczce po lecie warto mie\u0107 krem \u0142agodz\u0105cy, kt\u00f3ry pomo\u017ce cerze podra\u017cnionej i um\u0119czonej latem, wyg\u0142adzi j\u0105, nawil\u017cy i wzmocni nieco nadszarpni\u0119t\u0105 barier\u0119 ochronn\u0105. <\/p>\n\n\n\n<h2 class=\"wp-block-heading\" id=\"h-sk-adniki-aktywne-koj-ce\">Sk\u0142adniki aktywne koj\u0105ce<\/h2>\n\n\n\n<p>W sk\u0142adzie kosmetyk\u00f3w, kt\u00f3re maj\u0105 za zadanie zregenerowa\u0107, ukoi\u0107 i odnowi\u0107 sk\u00f3r\u0119 po lecie warto szuka\u0107 nast\u0119puj\u0105cych substancji:<\/p>\n\n\n\n<ul class=\"wp-block-list\">\n<li>owies koloidalny &#8211; bardzo korzystnie wp\u0142ywa na barier\u0119 ochronn\u0105 sk\u00f3ry. Koi i zmniejsza objawy podra\u017cnienia, wyg\u0142adza, nawil\u017ca i skutecznie przywraca prawid\u0142owy poziom nat\u0142uszczenia cery. Przeciwdzia\u0142a uczuciu napi\u0119cia i sw\u0119dzeniu nask\u00f3rka wynikaj\u0105cemu z przesuszenia,<\/li>\n\n\n\n<li>fitoceramidy- zmniejszaj\u0105 objawy oraz przyczyny przesuszenia sk\u00f3ry, poprawiaj\u0105 jej funkcje barierowe i elastyczno\u015b\u0107, redukuj\u0105 problem nadmiernego przesuszenia i szorstko\u015bci,<\/li>\n\n\n\n<li>pre- i probiotyki &#8211; przywracaj\u0105 naturaln\u0105 r\u00f3wnowag\u0119 mikrobiomu sk\u00f3ry i wzmacniaj\u0105 jej ochron\u0119 mikrobiologiczn\u0105,<\/li>\n\n\n\n<li>emolienty &#8211; wyg\u0142adzaj\u0105, nawil\u017caj\u0105, zmi\u0119kczaj\u0105 sk\u00f3r\u0119 oraz chroni\u0105 j\u0105 przed nadmiern\u0105 utrat\u0105 wody,<\/li>\n\n\n\n<li>algi (np. Laminaria digitata) \u2013 koj\u0105, zmniejszaj\u0105 objawy nadwra\u017cliwo\u015bci, redukuj\u0105 zaczerwienienia i uczucie pieczenia. Wspomagaj\u0105 procesy regeneracyjne i naprawcze nask\u00f3rka. Chroni\u0105 przed uwra\u017cliwieniem cery w wyniku oddzia\u0142ywania niekorzystnych czynnik\u00f3w zewn\u0119trznych.<\/li>\n\n\n\n<li>wyci\u0105g z korzenia lukrecji &#8211; wykazuje silne w\u0142a\u015bciwo\u015bci redukuj\u0105ce objawy podra\u017cnienia sk\u00f3ry, takie jak zaczerwienienie i uczucie napi\u0119cia. Nawil\u017ca, wzmacnia funkcje bariery ochronnej sk\u00f3ry, przeciwdzia\u0142a objawom nadreaktywno\u015bci cer wra\u017cliwych i naczynkowych. <\/li>\n<\/ul>\n\n\n\n<figure class=\"wp-block-embed is-type-video is-provider-youtube wp-block-embed-youtube wp-embed-aspect-16-9 wp-has-aspect-ratio\"><div class=\"wp-block-embed__wrapper\">\n<iframe loading=\"lazy\" title=\"Kosmetyki hypoalergiczne dla cery wra\u017cliwej - poznaj lini\u0119 anti irritate od Bandi\" width=\"1080\" height=\"608\" src=\"https:\/\/www.youtube.com\/embed\/5qrP8Qwivi0?feature=oembed\"  allow=\"accelerometer; autoplay; clipboard-write; encrypted-media; gyroscope; picture-in-picture; web-share\" allowfullscreen><\/iframe>\n<\/div><\/figure>\n\n\n\n<h2 class=\"wp-block-heading\">Jaki krem \u0142agodz\u0105cy?<\/h2>\n\n\n\n<p>Wczesn\u0105 jesieni\u0105 do piel\u0119gnacji warto w\u0142\u0105czy\u0107 nast\u0119puj\u0105ce kosmetyki:<\/p>\n\n\n\n<ul class=\"wp-block-list\">\n<li><a href=\"https:\/\/www.bandi.pl\/sklep\/kremy\/kuracja-s.o.s.-intensywnie-kojaca-886\/\" target=\"_blank\" rel=\"noreferrer noopener\">Kuracj\u0119 S.O.S intensywnie koj\u0105c\u0105<\/a>, kt\u00f3ra skutecznie usprawnia funkcje bariery ochronnej sk\u00f3ry i dzia\u0142a \u0142agodz\u0105co,<\/li>\n\n\n\n<li><a href=\"https:\/\/www.bandi.pl\/sklep\/kremy\/mineralny-krem-ochronny-spf-30-tonujacy-888\/\" target=\"_blank\" rel=\"noreferrer noopener\">Mineralny krem ochronny SPF 30<\/a> zapewniaj\u0105cy optymaln\u0105 ochron\u0119 UVA\/UVB, a dodatkowo dzi\u0119ki zawarto\u015bci cynku i pudru bluruj\u0105cego nadaj\u0105cy efekt g\u0142adkiej i promiennej sk\u00f3ry,<\/li>\n\n\n\n<li><a href=\"https:\/\/www.bandi.pl\/sklep\/balsamy\/emoliencyjne-maselko-oczyszczajace-2-w-1-demakijaz-i-mycie-twarzy!-887\/\" target=\"_blank\" rel=\"noreferrer noopener\">Emoliencyjne mase\u0142ko oczyszczaj\u0105ce<\/a>, kt\u00f3re pozwala na dok\u0142adne, ale \u0142agodne usuni\u0119cie zanieczyszcze\u0144 sk\u00f3ry,<\/li>\n\n\n\n<li><a href=\"https:\/\/www.bandi.pl\/sklep\/toniki\/tonik-mgielka-s.o.s.-mikrobiomowy-889\/\" target=\"_blank\" rel=\"noreferrer noopener\">Tonik-mgie\u0142k\u0119 mikrobiomowy<\/a>, kt\u00f3ry przywraca odpowiedni poziom pH i naturaln\u0105 r\u00f3wnowag\u0119 mikrobiologiczn\u0105,<\/li>\n\n\n\n<li><a href=\"https:\/\/www.bandi.pl\/sklep\/kremy\/nawilzajacy-krem-z-algami-1047\/\" target=\"_blank\" rel=\"noreferrer noopener\">Nawil\u017caj\u0105cy krem z algami<\/a> i <a href=\"https:\/\/www.bandi.pl\/sklep\/kremy\/odzywczy-krem-z-algami-1045\/\" target=\"_blank\" rel=\"noreferrer noopener\">Od\u017cywczy krem z algami<\/a>, kt\u00f3re zawieraj\u0105 dodatkowo kompleks \u0142agodz\u0105cy SensiExtreme i emolienty ro\u015blinne. Dzi\u0119ki czemu idealnie nawil\u017caj\u0105, redukuj\u0105 uczucie napi\u0119cia i sw\u0119dzenie przynosz\u0105c sk\u00f3rze ulg\u0119. Zapobiegaj\u0105 dalszym przesuszeniom i podra\u017cnieniom,<\/li>\n\n\n\n<li><a href=\"https:\/\/www.bandi.pl\/sklep\/emulsje\/kojaca-emulsja-z-lukrecja-1046\/\">Koj\u0105c\u0105 emulsj\u0119 z lukrecj\u0105<\/a>, kt\u00f3ra zapewnia d\u0142ugotrwa\u0142e nawil\u017cenie, redukcj\u0119 szorstko\u015bci, zapobiega przesuszeniu oraz ponownemu uwra\u017cliwieniu cery. Idealna dla cery po ekspozycji na s\u0142o\u0144ce,<\/li>\n\n\n\n<li><a href=\"https:\/\/www.bandi.pl\/sklep\/katalog.php?wyr=peeling+enzymatyczny\" target=\"_blank\" rel=\"noreferrer noopener\">Peeling enzymatyczny<\/a>, kt\u00f3ry delikatnie usunie nask\u00f3rek, nadmiar sebum i inne zanieczyszczenia sk\u00f3ry. Wyg\u0142adzi sk\u00f3r\u0119, uczyni j\u0105 ja\u015bniejsz\u0105 i przygotuje do wch\u0142aniania sk\u0142adnik\u00f3w aktywnych z kolejnych krok\u00f3w.<\/li>\n<\/ul>\n\n\n\n<figure class=\"wp-block-embed is-type-video is-provider-youtube wp-block-embed-youtube wp-embed-aspect-16-9 wp-has-aspect-ratio\"><div class=\"wp-block-embed__wrapper\">\n<iframe loading=\"lazy\" title=\"Co dla suchej, podra\u017cnionej cery?\" width=\"1080\" height=\"608\" src=\"https:\/\/www.youtube.com\/embed\/7xco-cpqz_M?feature=oembed\"  allow=\"accelerometer; autoplay; clipboard-write; encrypted-media; gyroscope; picture-in-picture; web-share\" allowfullscreen><\/iframe>\n<\/div><\/figure>\n\n\n\n<p>Taka dawka ukojenia w kremach \u0142agodz\u0105cych przyda si\u0119 ka\u017cdej cerze w pierwszym etapie powakacyjnej piel\u0119gnacji. Przyniesie sk\u00f3rze ulg\u0119 i wyciszy j\u0105 po letnich szale\u0144stwach. <\/p>\n\n\n\n<div class=\"wp-block-divi-layout\">[et_pb_section admin_label=&#8221;section&#8221;][et_pb_row admin_label=&#8221;row&#8221;][\/et_pb_row][\/et_pb_section]<\/div>\n\n\n\n<div class=\"wp-block-divi-layout\">[et_pb_section fb_built=&#8221;1&#8243; theme_builder_area=&#8221;post_content&#8221; _builder_version=&#8221;4.21.0&#8243; _module_preset=&#8221;default&#8221;][\/et_pb_section][et_pb_section fb_built=&#8221;1&#8243; _builder_version=&#8221;4.16&#8243; top_divider_style=&#8221;arrow&#8221; top_divider_color=&#8221;rgba(255,166,168,0.75)&#8221; top_divider_height=&#8221;1px&#8221; bottom_divider_style=&#8221;arrow&#8221; bottom_divider_color=&#8221;rgba(255,166,168,0.75)&#8221; bottom_divider_height=&#8221;1px&#8221; global_colors_info=&#8221;{}&#8221; theme_builder_area=&#8221;post_content&#8221;][et_pb_row column_structure=&#8221;1_2,1_2&#8243; _builder_version=&#8221;4.16&#8243; width=&#8221;100%&#8221; module_alignment=&#8221;left&#8221; custom_margin=&#8221;||||false|false&#8221; global_colors_info=&#8221;{}&#8221; theme_builder_area=&#8221;post_content&#8221;][et_pb_column type=&#8221;1_2&#8243; _builder_version=&#8221;4.16&#8243; global_colors_info=&#8221;{}&#8221; theme_builder_area=&#8221;post_content&#8221;][et_pb_text _builder_version=&#8221;4.21.0&#8243; text_font=&#8221;Raleway Bold||||||||&#8221; text_text_color=&#8221;rgba(255,166,168,0.75)&#8221; text_font_size=&#8221;55px&#8221; text_letter_spacing=&#8221;9px&#8221; text_line_height=&#8221;1em&#8221; header_font_size=&#8221;39px&#8221; min_height=&#8221;23px&#8221; custom_margin=&#8221;40px||||false|false&#8221; link_option_url=&#8221;https:\/\/www.bandi.pl\/sklep\/lp\/ukojenie-po-lecie\/&#8221; hover_enabled=&#8221;0&#8243; inline_fonts=&#8221;Raleway Bold&#8221; global_colors_info=&#8221;{}&#8221; theme_builder_area=&#8221;post_content&#8221; sticky_enabled=&#8221;0&#8243;]<p style=\"text-align: center;\"><span style=\"font-size: xx-large; font-family: inherit; font-weight: normal;\"><strong>KREM \u0141AGODZ\u0104CY<\/strong><\/span><\/p>\n<p style=\"text-align: center;\"><span style=\"font-size: xx-large; font-family: inherit; font-weight: normal;\"><strong><\/strong><\/span><\/p>[\/et_pb_text][et_pb_text _builder_version=&#8221;4.21.0&#8243; text_font=&#8221;Raleway Regular||||||||&#8221; text_text_color=&#8221;#b8b8b8&#8243; text_font_size=&#8221;22px&#8221; text_line_height=&#8221;1.5em&#8221; link_option_url=&#8221;https:\/\/www.bandi.pl\/sklep\/lp\/ukojenie-po-lecie\/&#8221; hover_enabled=&#8221;0&#8243; global_colors_info=&#8221;{}&#8221; theme_builder_area=&#8221;post_content&#8221; sticky_enabled=&#8221;0&#8243;]<p style=\"text-align: center;\">Po lecie Twoja sk\u00f3ra potrzebuje ukojenia<\/p>[\/et_pb_text][et_pb_button button_url=&#8221;https:\/\/www.bandi.pl\/sklep\/lp\/ukojenie-po-lecie\/&#8221; button_text=&#8221;ZOBACZ&#8221; button_alignment=&#8221;center&#8221; disabled_on=&#8221;off|off|off&#8221; _builder_version=&#8221;4.21.0&#8243; custom_button=&#8221;on&#8221; button_text_size=&#8221;20px&#8221; button_text_color=&#8221;#ffffff&#8221; button_border_radius=&#8221;25px&#8221; button_font=&#8221;Bree Serif||||||||&#8221; background_layout=&#8221;dark&#8221; custom_padding=&#8221;12px|30px|12px|30px|true|true&#8221; hover_transition_duration=&#8221;0ms&#8221; hover_enabled=&#8221;0&#8243; box_shadow_style=&#8221;preset3&#8243; global_colors_info=&#8221;{}&#8221; theme_builder_area=&#8221;post_content&#8221; sticky_enabled=&#8221;0&#8243;][\/et_pb_button][\/et_pb_column][et_pb_column type=&#8221;1_2&#8243; _builder_version=&#8221;4.16&#8243; global_colors_info=&#8221;{}&#8221; theme_builder_area=&#8221;post_content&#8221;][et_pb_image src=&#8221;https:\/\/www.bandi.pl\/blog\/wp-content\/uploads\/2023\/09\/20221208-bez-nazwy-1614-scaled.jpg&#8221; title_text=&#8221;20221208-bez nazwy-1614&#8243; url=&#8221;https:\/\/www.bandi.pl\/sklep\/lp\/ukojenie-po-lecie\/&#8221; align=&#8221;center&#8221; _builder_version=&#8221;4.21.0&#8243; width=&#8221;100%&#8221; hover_enabled=&#8221;0&#8243; global_colors_info=&#8221;{}&#8221; theme_builder_area=&#8221;post_content&#8221; sticky_enabled=&#8221;0&#8243;][\/et_pb_image][\/et_pb_column][\/et_pb_row][\/et_pb_section]<\/div>\n","protected":false},"excerpt":{"rendered":"<p>Lato, lato i po lecie. Nieuchronnie mija pozostawiaj\u0105c na cerze niechciane \u015blady w postaci przesusze\u0144, przebarwie\u0144 i podra\u017cnie\u0144. S\u0142o\u0144ce, gor\u0105co, wiatr, piasek, woda morska czy basenowa czyni\u0105 na sk\u00f3rze niemal\u017ce spustoszenie. Uszkodzona zostaje bariera hydrolipidowa przez co zwi\u0119ksza si\u0119 proces przeznask\u00f3rkowej utraty wody, a na przesuszonej sk\u00f3rze \u0142atwiej o podra\u017cnienia, zmarszczki, a nawet wypryski. Cera [&hellip;]<\/p>\n","protected":false},"author":13,"featured_media":17343,"comment_status":"open","ping_status":"closed","sticky":false,"template":"","format":"standard","meta":{"_et_pb_use_builder":"off","_et_pb_old_content":"","_et_gb_content_width":"","footnotes":""},"categories":[2980,1817],"tags":[3412,3445,4165,8022,8023,4232,4031,6740,7435,8021,6918,5244,4662,4230,5868],"class_list":["post-17341","post","type-post","status-publish","format-standard","has-post-thumbnail","hentry","category-edyta-bilobran","category-kategoria-pielegnacja-i-kosmetyki","tag-anti-irritate","tag-bandi","tag-emolienty","tag-jak-zadbac-o-skore-po-lecie","tag-jakie-skladniki-aktywne-w-kremie-lagodzacym","tag-kosmetyki-profesjonalne","tag-krem-nawilzajacy","tag-krem-z-algami","tag-krem-z-ceramidami","tag-krem-z-probiotykami","tag-maselko-do-demakijazu","tag-maselko-emoliecyne","tag-peeling-enzymatyczny","tag-pielegnacja-profesjonalna","tag-pielegnacja-twarzy"],"yoast_head":"<!-- This site is optimized with the Yoast SEO plugin v27.1.1 - https:\/\/yoast.com\/product\/yoast-seo-wordpress\/ -->\n<title>Krem \u0142agodz\u0105cy - nie tylko dla cery wra\u017cliwej &#187; Blog BANDI<\/title>\n<meta name=\"description\" content=\"W kosmetyczce po lecie warto mie\u0107 krem \u0142agodz\u0105cy, kt\u00f3ry nawil\u017cy sk\u00f3r\u0119, ukoi podra\u017cnienia i wzmocni barier\u0119 ochronn\u0105 nask\u00f3rka.\" \/>\n<meta name=\"robots\" content=\"index, follow, max-snippet:-1, max-image-preview:large, max-video-preview:-1\" \/>\n<link rel=\"canonical\" href=\"https:\/\/www.bandi.pl\/blog\/krem-lagodzacy-nie-tylko-dla-cery-wrazliwej\/\" \/>\n<meta property=\"og:locale\" content=\"pl_PL\" \/>\n<meta property=\"og:type\" content=\"article\" \/>\n<meta property=\"og:title\" content=\"Krem \u0142agodz\u0105cy - nie tylko dla cery wra\u017cliwej &#187; Blog BANDI\" \/>\n<meta property=\"og:description\" content=\"W kosmetyczce po lecie warto mie\u0107 krem \u0142agodz\u0105cy, kt\u00f3ry nawil\u017cy sk\u00f3r\u0119, ukoi podra\u017cnienia i wzmocni barier\u0119 ochronn\u0105 nask\u00f3rka.\" \/>\n<meta property=\"og:url\" content=\"https:\/\/www.bandi.pl\/blog\/krem-lagodzacy-nie-tylko-dla-cery-wrazliwej\/\" \/>\n<meta property=\"og:site_name\" content=\"Blog BANDI\" \/>\n<meta property=\"article:publisher\" content=\"https:\/\/web.facebook.com\/BANDIcosmetics\" \/>\n<meta property=\"article:published_time\" content=\"2023-09-14T10:58:29+00:00\" \/>\n<meta property=\"article:modified_time\" content=\"2023-09-18T07:35:18+00:00\" \/>\n<meta property=\"og:image\" content=\"https:\/\/www.bandi.pl\/blog\/wp-content\/uploads\/2023\/09\/Projekt-bez-nazwy-2-2.png\" \/>\n\t<meta property=\"og:image:width\" content=\"1748\" \/>\n\t<meta property=\"og:image:height\" content=\"1240\" \/>\n\t<meta property=\"og:image:type\" content=\"image\/png\" \/>\n<meta name=\"author\" content=\"Ilona Kiraga\" \/>\n<meta name=\"twitter:card\" content=\"summary_large_image\" \/>\n<meta name=\"twitter:creator\" content=\"@bandi_cosmetics\" \/>\n<meta name=\"twitter:site\" content=\"@bandi_cosmetics\" \/>\n<meta name=\"twitter:label1\" content=\"Napisane przez\" \/>\n\t<meta name=\"twitter:data1\" content=\"Ilona Kiraga\" \/>\n\t<meta name=\"twitter:label2\" content=\"Szacowany czas czytania\" \/>\n\t<meta name=\"twitter:data2\" content=\"4 minuty\" \/>\n<script type=\"application\/ld+json\" class=\"yoast-schema-graph\">{\"@context\":\"https:\/\/schema.org\",\"@graph\":[{\"@type\":\"Article\",\"@id\":\"https:\/\/www.bandi.pl\/blog\/krem-lagodzacy-nie-tylko-dla-cery-wrazliwej\/#article\",\"isPartOf\":{\"@id\":\"https:\/\/www.bandi.pl\/blog\/krem-lagodzacy-nie-tylko-dla-cery-wrazliwej\/\"},\"author\":{\"name\":\"Ilona Kiraga\",\"@id\":\"https:\/\/www.bandi.pl\/blog\/#\/schema\/person\/5ba05af1a18c58f1c31d4ae051ec9499\"},\"headline\":\"Krem \u0142agodz\u0105cy &#8211; nie tylko dla cery wra\u017cliwej\",\"datePublished\":\"2023-09-14T10:58:29+00:00\",\"dateModified\":\"2023-09-18T07:35:18+00:00\",\"mainEntityOfPage\":{\"@id\":\"https:\/\/www.bandi.pl\/blog\/krem-lagodzacy-nie-tylko-dla-cery-wrazliwej\/\"},\"wordCount\":991,\"commentCount\":0,\"publisher\":{\"@id\":\"https:\/\/www.bandi.pl\/blog\/#organization\"},\"image\":{\"@id\":\"https:\/\/www.bandi.pl\/blog\/krem-lagodzacy-nie-tylko-dla-cery-wrazliwej\/#primaryimage\"},\"thumbnailUrl\":\"https:\/\/www.bandi.pl\/blog\/wp-content\/uploads\/2023\/09\/Projekt-bez-nazwy-2-2.png\",\"keywords\":[\"anti irritate\",\"Bandi\",\"emolienty\",\"jak zadba\u0107 o sk\u00f3r\u0119 po lecie\",\"jakie sk\u0142adniki aktywne w kremie \u0142agodz\u0105cym\",\"kosmetyki profesjonalne\",\"krem nawil\u017cajacy\",\"krem z algami\",\"krem z ceramidami\",\"krem z probiotykami\",\"mase\u0142ko do demakija\u017cu\",\"mase\u0142ko emoliecyne\",\"peeling enzymatyczny\",\"piel\u0119gnacja profesjonalna\",\"piel\u0119gnacja twarzy\"],\"articleSection\":[\"Edyta Bi\u0142obran\",\"Piel\u0119gnacja i kosmetyki\"],\"inLanguage\":\"pl-PL\",\"potentialAction\":[{\"@type\":\"CommentAction\",\"name\":\"Comment\",\"target\":[\"https:\/\/www.bandi.pl\/blog\/krem-lagodzacy-nie-tylko-dla-cery-wrazliwej\/#respond\"]}]},{\"@type\":\"WebPage\",\"@id\":\"https:\/\/www.bandi.pl\/blog\/krem-lagodzacy-nie-tylko-dla-cery-wrazliwej\/\",\"url\":\"https:\/\/www.bandi.pl\/blog\/krem-lagodzacy-nie-tylko-dla-cery-wrazliwej\/\",\"name\":\"Krem \u0142agodz\u0105cy - nie tylko dla cery wra\u017cliwej &#187; Blog BANDI\",\"isPartOf\":{\"@id\":\"https:\/\/www.bandi.pl\/blog\/#website\"},\"primaryImageOfPage\":{\"@id\":\"https:\/\/www.bandi.pl\/blog\/krem-lagodzacy-nie-tylko-dla-cery-wrazliwej\/#primaryimage\"},\"image\":{\"@id\":\"https:\/\/www.bandi.pl\/blog\/krem-lagodzacy-nie-tylko-dla-cery-wrazliwej\/#primaryimage\"},\"thumbnailUrl\":\"https:\/\/www.bandi.pl\/blog\/wp-content\/uploads\/2023\/09\/Projekt-bez-nazwy-2-2.png\",\"datePublished\":\"2023-09-14T10:58:29+00:00\",\"dateModified\":\"2023-09-18T07:35:18+00:00\",\"description\":\"W kosmetyczce po lecie warto mie\u0107 krem \u0142agodz\u0105cy, kt\u00f3ry nawil\u017cy sk\u00f3r\u0119, ukoi podra\u017cnienia i wzmocni barier\u0119 ochronn\u0105 nask\u00f3rka.\",\"breadcrumb\":{\"@id\":\"https:\/\/www.bandi.pl\/blog\/krem-lagodzacy-nie-tylko-dla-cery-wrazliwej\/#breadcrumb\"},\"inLanguage\":\"pl-PL\",\"potentialAction\":[{\"@type\":\"ReadAction\",\"target\":[\"https:\/\/www.bandi.pl\/blog\/krem-lagodzacy-nie-tylko-dla-cery-wrazliwej\/\"]}]},{\"@type\":\"ImageObject\",\"inLanguage\":\"pl-PL\",\"@id\":\"https:\/\/www.bandi.pl\/blog\/krem-lagodzacy-nie-tylko-dla-cery-wrazliwej\/#primaryimage\",\"url\":\"https:\/\/www.bandi.pl\/blog\/wp-content\/uploads\/2023\/09\/Projekt-bez-nazwy-2-2.png\",\"contentUrl\":\"https:\/\/www.bandi.pl\/blog\/wp-content\/uploads\/2023\/09\/Projekt-bez-nazwy-2-2.png\",\"width\":1748,\"height\":1240,\"caption\":\"krem \u0142agodz\u0105cy\"},{\"@type\":\"BreadcrumbList\",\"@id\":\"https:\/\/www.bandi.pl\/blog\/krem-lagodzacy-nie-tylko-dla-cery-wrazliwej\/#breadcrumb\",\"itemListElement\":[{\"@type\":\"ListItem\",\"position\":1,\"name\":\"BANDI\",\"item\":\"https:\/\/www.bandi.pl\/blog\/\"},{\"@type\":\"ListItem\",\"position\":2,\"name\":\"Krem \u0142agodz\u0105cy &#8211; nie tylko dla cery wra\u017cliwej\"}]},{\"@type\":\"WebSite\",\"@id\":\"https:\/\/www.bandi.pl\/blog\/#website\",\"url\":\"https:\/\/www.bandi.pl\/blog\/\",\"name\":\"Blog BANDI\",\"description\":\"Czarno na bia\u0142ym o kosmetykach\",\"publisher\":{\"@id\":\"https:\/\/www.bandi.pl\/blog\/#organization\"},\"potentialAction\":[{\"@type\":\"SearchAction\",\"target\":{\"@type\":\"EntryPoint\",\"urlTemplate\":\"https:\/\/www.bandi.pl\/blog\/?s={search_term_string}\"},\"query-input\":{\"@type\":\"PropertyValueSpecification\",\"valueRequired\":true,\"valueName\":\"search_term_string\"}}],\"inLanguage\":\"pl-PL\"},{\"@type\":\"Organization\",\"@id\":\"https:\/\/www.bandi.pl\/blog\/#organization\",\"name\":\"BANDI\",\"url\":\"https:\/\/www.bandi.pl\/blog\/\",\"logo\":{\"@type\":\"ImageObject\",\"inLanguage\":\"pl-PL\",\"@id\":\"https:\/\/www.bandi.pl\/blog\/#\/schema\/logo\/image\/\",\"url\":\"https:\/\/www.bandi.pl\/blog\/wp-content\/uploads\/2019\/06\/bandi-logo.png\",\"contentUrl\":\"https:\/\/www.bandi.pl\/blog\/wp-content\/uploads\/2019\/06\/bandi-logo.png\",\"width\":264,\"height\":111,\"caption\":\"BANDI\"},\"image\":{\"@id\":\"https:\/\/www.bandi.pl\/blog\/#\/schema\/logo\/image\/\"},\"sameAs\":[\"https:\/\/web.facebook.com\/BANDIcosmetics\",\"https:\/\/x.com\/bandi_cosmetics\",\"https:\/\/www.instagram.com\/bandi_cosmetics\/\",\"https:\/\/www.pinterest.com\/bandicosmetics\/\",\"https:\/\/www.youtube.com\/user\/BandiCosmeticsPolska\"]},{\"@type\":\"Person\",\"@id\":\"https:\/\/www.bandi.pl\/blog\/#\/schema\/person\/5ba05af1a18c58f1c31d4ae051ec9499\",\"name\":\"Ilona Kiraga\"}]}<\/script>\n<!-- \/ Yoast SEO plugin. -->","yoast_head_json":{"title":"Krem \u0142agodz\u0105cy - nie tylko dla cery wra\u017cliwej &#187; Blog BANDI","description":"W kosmetyczce po lecie warto mie\u0107 krem \u0142agodz\u0105cy, kt\u00f3ry nawil\u017cy sk\u00f3r\u0119, ukoi podra\u017cnienia i wzmocni barier\u0119 ochronn\u0105 nask\u00f3rka.","robots":{"index":"index","follow":"follow","max-snippet":"max-snippet:-1","max-image-preview":"max-image-preview:large","max-video-preview":"max-video-preview:-1"},"canonical":"https:\/\/www.bandi.pl\/blog\/krem-lagodzacy-nie-tylko-dla-cery-wrazliwej\/","og_locale":"pl_PL","og_type":"article","og_title":"Krem \u0142agodz\u0105cy - nie tylko dla cery wra\u017cliwej &#187; Blog BANDI","og_description":"W kosmetyczce po lecie warto mie\u0107 krem \u0142agodz\u0105cy, kt\u00f3ry nawil\u017cy sk\u00f3r\u0119, ukoi podra\u017cnienia i wzmocni barier\u0119 ochronn\u0105 nask\u00f3rka.","og_url":"https:\/\/www.bandi.pl\/blog\/krem-lagodzacy-nie-tylko-dla-cery-wrazliwej\/","og_site_name":"Blog BANDI","article_publisher":"https:\/\/web.facebook.com\/BANDIcosmetics","article_published_time":"2023-09-14T10:58:29+00:00","article_modified_time":"2023-09-18T07:35:18+00:00","og_image":[{"width":1748,"height":1240,"url":"https:\/\/www.bandi.pl\/blog\/wp-content\/uploads\/2023\/09\/Projekt-bez-nazwy-2-2.png","type":"image\/png"}],"author":"Ilona Kiraga","twitter_card":"summary_large_image","twitter_creator":"@bandi_cosmetics","twitter_site":"@bandi_cosmetics","twitter_misc":{"Napisane przez":"Ilona Kiraga","Szacowany czas czytania":"4 minuty"},"schema":{"@context":"https:\/\/schema.org","@graph":[{"@type":"Article","@id":"https:\/\/www.bandi.pl\/blog\/krem-lagodzacy-nie-tylko-dla-cery-wrazliwej\/#article","isPartOf":{"@id":"https:\/\/www.bandi.pl\/blog\/krem-lagodzacy-nie-tylko-dla-cery-wrazliwej\/"},"author":{"name":"Ilona Kiraga","@id":"https:\/\/www.bandi.pl\/blog\/#\/schema\/person\/5ba05af1a18c58f1c31d4ae051ec9499"},"headline":"Krem \u0142agodz\u0105cy &#8211; nie tylko dla cery wra\u017cliwej","datePublished":"2023-09-14T10:58:29+00:00","dateModified":"2023-09-18T07:35:18+00:00","mainEntityOfPage":{"@id":"https:\/\/www.bandi.pl\/blog\/krem-lagodzacy-nie-tylko-dla-cery-wrazliwej\/"},"wordCount":991,"commentCount":0,"publisher":{"@id":"https:\/\/www.bandi.pl\/blog\/#organization"},"image":{"@id":"https:\/\/www.bandi.pl\/blog\/krem-lagodzacy-nie-tylko-dla-cery-wrazliwej\/#primaryimage"},"thumbnailUrl":"https:\/\/www.bandi.pl\/blog\/wp-content\/uploads\/2023\/09\/Projekt-bez-nazwy-2-2.png","keywords":["anti irritate","Bandi","emolienty","jak zadba\u0107 o sk\u00f3r\u0119 po lecie","jakie sk\u0142adniki aktywne w kremie \u0142agodz\u0105cym","kosmetyki profesjonalne","krem nawil\u017cajacy","krem z algami","krem z ceramidami","krem z probiotykami","mase\u0142ko do demakija\u017cu","mase\u0142ko emoliecyne","peeling enzymatyczny","piel\u0119gnacja profesjonalna","piel\u0119gnacja twarzy"],"articleSection":["Edyta Bi\u0142obran","Piel\u0119gnacja i kosmetyki"],"inLanguage":"pl-PL","potentialAction":[{"@type":"CommentAction","name":"Comment","target":["https:\/\/www.bandi.pl\/blog\/krem-lagodzacy-nie-tylko-dla-cery-wrazliwej\/#respond"]}]},{"@type":"WebPage","@id":"https:\/\/www.bandi.pl\/blog\/krem-lagodzacy-nie-tylko-dla-cery-wrazliwej\/","url":"https:\/\/www.bandi.pl\/blog\/krem-lagodzacy-nie-tylko-dla-cery-wrazliwej\/","name":"Krem \u0142agodz\u0105cy - nie tylko dla cery wra\u017cliwej &#187; Blog BANDI","isPartOf":{"@id":"https:\/\/www.bandi.pl\/blog\/#website"},"primaryImageOfPage":{"@id":"https:\/\/www.bandi.pl\/blog\/krem-lagodzacy-nie-tylko-dla-cery-wrazliwej\/#primaryimage"},"image":{"@id":"https:\/\/www.bandi.pl\/blog\/krem-lagodzacy-nie-tylko-dla-cery-wrazliwej\/#primaryimage"},"thumbnailUrl":"https:\/\/www.bandi.pl\/blog\/wp-content\/uploads\/2023\/09\/Projekt-bez-nazwy-2-2.png","datePublished":"2023-09-14T10:58:29+00:00","dateModified":"2023-09-18T07:35:18+00:00","description":"W kosmetyczce po lecie warto mie\u0107 krem \u0142agodz\u0105cy, kt\u00f3ry nawil\u017cy sk\u00f3r\u0119, ukoi podra\u017cnienia i wzmocni barier\u0119 ochronn\u0105 nask\u00f3rka.","breadcrumb":{"@id":"https:\/\/www.bandi.pl\/blog\/krem-lagodzacy-nie-tylko-dla-cery-wrazliwej\/#breadcrumb"},"inLanguage":"pl-PL","potentialAction":[{"@type":"ReadAction","target":["https:\/\/www.bandi.pl\/blog\/krem-lagodzacy-nie-tylko-dla-cery-wrazliwej\/"]}]},{"@type":"ImageObject","inLanguage":"pl-PL","@id":"https:\/\/www.bandi.pl\/blog\/krem-lagodzacy-nie-tylko-dla-cery-wrazliwej\/#primaryimage","url":"https:\/\/www.bandi.pl\/blog\/wp-content\/uploads\/2023\/09\/Projekt-bez-nazwy-2-2.png","contentUrl":"https:\/\/www.bandi.pl\/blog\/wp-content\/uploads\/2023\/09\/Projekt-bez-nazwy-2-2.png","width":1748,"height":1240,"caption":"krem \u0142agodz\u0105cy"},{"@type":"BreadcrumbList","@id":"https:\/\/www.bandi.pl\/blog\/krem-lagodzacy-nie-tylko-dla-cery-wrazliwej\/#breadcrumb","itemListElement":[{"@type":"ListItem","position":1,"name":"BANDI","item":"https:\/\/www.bandi.pl\/blog\/"},{"@type":"ListItem","position":2,"name":"Krem \u0142agodz\u0105cy &#8211; nie tylko dla cery wra\u017cliwej"}]},{"@type":"WebSite","@id":"https:\/\/www.bandi.pl\/blog\/#website","url":"https:\/\/www.bandi.pl\/blog\/","name":"Blog BANDI","description":"Czarno na bia\u0142ym o kosmetykach","publisher":{"@id":"https:\/\/www.bandi.pl\/blog\/#organization"},"potentialAction":[{"@type":"SearchAction","target":{"@type":"EntryPoint","urlTemplate":"https:\/\/www.bandi.pl\/blog\/?s={search_term_string}"},"query-input":{"@type":"PropertyValueSpecification","valueRequired":true,"valueName":"search_term_string"}}],"inLanguage":"pl-PL"},{"@type":"Organization","@id":"https:\/\/www.bandi.pl\/blog\/#organization","name":"BANDI","url":"https:\/\/www.bandi.pl\/blog\/","logo":{"@type":"ImageObject","inLanguage":"pl-PL","@id":"https:\/\/www.bandi.pl\/blog\/#\/schema\/logo\/image\/","url":"https:\/\/www.bandi.pl\/blog\/wp-content\/uploads\/2019\/06\/bandi-logo.png","contentUrl":"https:\/\/www.bandi.pl\/blog\/wp-content\/uploads\/2019\/06\/bandi-logo.png","width":264,"height":111,"caption":"BANDI"},"image":{"@id":"https:\/\/www.bandi.pl\/blog\/#\/schema\/logo\/image\/"},"sameAs":["https:\/\/web.facebook.com\/BANDIcosmetics","https:\/\/x.com\/bandi_cosmetics","https:\/\/www.instagram.com\/bandi_cosmetics\/","https:\/\/www.pinterest.com\/bandicosmetics\/","https:\/\/www.youtube.com\/user\/BandiCosmeticsPolska"]},{"@type":"Person","@id":"https:\/\/www.bandi.pl\/blog\/#\/schema\/person\/5ba05af1a18c58f1c31d4ae051ec9499","name":"Ilona Kiraga"}]}},"_links":{"self":[{"href":"https:\/\/www.bandi.pl\/blog\/wp-json\/wp\/v2\/posts\/17341","targetHints":{"allow":["GET"]}}],"collection":[{"href":"https:\/\/www.bandi.pl\/blog\/wp-json\/wp\/v2\/posts"}],"about":[{"href":"https:\/\/www.bandi.pl\/blog\/wp-json\/wp\/v2\/types\/post"}],"author":[{"embeddable":true,"href":"https:\/\/www.bandi.pl\/blog\/wp-json\/wp\/v2\/users\/13"}],"replies":[{"embeddable":true,"href":"https:\/\/www.bandi.pl\/blog\/wp-json\/wp\/v2\/comments?post=17341"}],"version-history":[{"count":10,"href":"https:\/\/www.bandi.pl\/blog\/wp-json\/wp\/v2\/posts\/17341\/revisions"}],"predecessor-version":[{"id":17358,"href":"https:\/\/www.bandi.pl\/blog\/wp-json\/wp\/v2\/posts\/17341\/revisions\/17358"}],"wp:featuredmedia":[{"embeddable":true,"href":"https:\/\/www.bandi.pl\/blog\/wp-json\/wp\/v2\/media\/17343"}],"wp:attachment":[{"href":"https:\/\/www.bandi.pl\/blog\/wp-json\/wp\/v2\/media?parent=17341"}],"wp:term":[{"taxonomy":"category","embeddable":true,"href":"https:\/\/www.bandi.pl\/blog\/wp-json\/wp\/v2\/categories?post=17341"},{"taxonomy":"post_tag","embeddable":true,"href":"https:\/\/www.bandi.pl\/blog\/wp-json\/wp\/v2\/tags?post=17341"}],"curies":[{"name":"wp","href":"https:\/\/api.w.org\/{rel}","templated":true}]}}