{"id":1711,"date":"2016-06-17T12:18:44","date_gmt":"2016-06-17T10:18:44","guid":{"rendered":"http:\/\/eksfoliacja.pl\/?p=1711"},"modified":"2019-11-21T16:49:58","modified_gmt":"2019-11-21T15:49:58","slug":"niedoceniane-skladniki-kosmetykow-witamina-e","status":"publish","type":"post","link":"https:\/\/www.bandi.pl\/blog\/niedoceniane-skladniki-kosmetykow-witamina-e\/","title":{"rendered":"Niedoceniane sk\u0142adniki kosmetyk\u00f3w &#8211; witamina E"},"content":{"rendered":"<p>[et_pb_section fb_built=&#8221;1&#8243; _builder_version=&#8221;3.22&#8243;][et_pb_row _builder_version=&#8221;3.25&#8243; background_size=&#8221;initial&#8221; background_position=&#8221;top_left&#8221; background_repeat=&#8221;repeat&#8221;][et_pb_column type=&#8221;4_4&#8243; _builder_version=&#8221;3.25&#8243; custom_padding=&#8221;|||&#8221; custom_padding__hover=&#8221;|||&#8221;][et_pb_text _builder_version=&#8221;4.0.6&#8243; hover_enabled=&#8221;0&#8243;]<\/p>\n<p><strong>Witamina E (tocopherol), nazywana te\u017c witamin\u0105 m\u0142odo\u015bci i p\u0142odno\u015bci to jeden z najwa\u017cniejszych \u201ezmiataczy wolnych rodnik\u00f3w\u201d\u00a0najcz\u0119\u015bciej stosowanych w kosmetykach.<\/strong><\/p>\n<h2>Wolne rodniki<\/h2>\n<p>cz\u0105steczki zwi\u0105zk\u00f3w organicznych (g\u0142\u00f3wnie \u2013 tlenu) pozbawione jednego elektronu, bez kt\u00f3rego stanowi\u0105 niepe\u0142ne cz\u0105steczki. D\u0105\u017c\u0105 wi\u0119c za wszelk\u0105 cen\u0119 do tego, aby uzupe\u0142ni\u0107 brakuj\u0105cy\u00a0elektron z cz\u0105steczek zwi\u0105zk\u00f3w znajduj\u0105cych si\u0119 w innych tkankach. S\u0105 aktywne i szybko si\u0119 przemieszczaj\u0105, napotkawszy zdrowe cz\u0105steczki, b\u0142yskawicznie wchodz\u0105 z nimi w reakcje, zabieraj\u0105c potrzebny im elektron. Powoduj\u0105: uszkodzenia bia\u0142ek, t\u0142uszcz\u00f3w i kwas\u00f3w nukleinowych zdrowych kom\u00f3rek, a tak\u017ce spustoszenie w zasobach tlenowych. W efekcie wolne rodniki rujnuj\u0105 zdrowie i przyczyniaj\u0105 si\u0119 do przedwczesnego starzenia si\u0119 organizmu.\u00a0Odkryta zosta\u0142a w 1922 roku, wyizolowana w 1936 roku i po raz pierwszy zsyntetyzowana w 1938 roku. Jest oleist\u0105 substancj\u0105 ca\u0142kowicie rozpuszczaln\u0105 w t\u0142uszczach, a praktycznie nierozpuszczaln\u0105 w wodzie. Ze wzgl\u0119du na te w\u0142a\u015bciwo\u015bci mo\u017cemy j\u0105 g\u0142\u00f3wnie spotka\u0107 w emulsjach (kremach od\u017cywczych, balsamach regeneracyjnych, mleczkach, ma\u015bciach, maskach), pomadkach, od\u017cywkach do w\u0142os\u00f3w, czy ostatnio bardzo popularnych skoncentrowanych olejkach.<\/p>\n<h2>Budowa witaminy E<\/h2>\n<p>Witamina E stanowi grup\u0119 o\u015bmiu rozpuszczalnych w t\u0142uszczach zwi\u0105zk\u00f3w chemicznych z grupy steroli i wyst\u0119puje g\u0142\u00f3wnie w postaci 4 pochodnych (izomer\u00f3w) tokoferolu:<\/p>\n<p><img loading=\"lazy\" decoding=\"async\" src=\"https:\/\/www.bandi.pl\/blog\/wp-content\/uploads\/2016\/06\/wzor-chemiczny-witamina-e.png\" width=\"592\" height=\"191\" alt=\"Wz\u00f3r chemiczny witaminy E - Magdalena Dzienisik\" class=\"wp-image-5649 alignnone size-full\" srcset=\"https:\/\/www.bandi.pl\/blog\/wp-content\/uploads\/2016\/06\/wzor-chemiczny-witamina-e.png 592w, https:\/\/www.bandi.pl\/blog\/wp-content\/uploads\/2016\/06\/wzor-chemiczny-witamina-e-480x155.png 480w\" sizes=\"(min-width: 0px) and (max-width: 480px) 480px, (min-width: 481px) 592px, 100vw\" \/><\/p>\n<p><span>Rys. nr 1. Witamina E (INCI: Tocopherol) [3]<\/span><\/p>\n<p><span><img loading=\"lazy\" decoding=\"async\" src=\"https:\/\/www.bandi.pl\/blog\/wp-content\/uploads\/2016\/06\/witamina-e-inci-tocopherol.png\" width=\"300\" height=\"200\" alt=\"Witamina E (INCI: Tocopherol) - Magdalena Dzienisik\" class=\"wp-image-5650 alignnone size-full\" \/><\/span><\/p>\n<p><span>Najskuteczniejszym z nich jest \u03b1 \u2013 Tokoferol. Tokoferole s\u0105 odporne na dzia\u0142anie kwas\u00f3w, zasad, i wysokiej temperatury, za\u015b ma\u0142o odporne na \u015bwiat\u0142o, utleniacze i tlen. Dlatego te\u017c w produktach piel\u0119gnacyjnych cz\u0119sto u\u017cywa si\u0119 stabilniejszej formy witaminy E \u2013 octanu tokoferolu (INCI: tocopherol acetate), kt\u00f3ry jest trwa\u0142ym, odpornym na promieniowanie UV, dobrze wch\u0142anianym sk\u0142adnikiem kosmetycznym.<\/span><\/p>\n<h2>\u0179r\u00f3d\u0142a witaminy E<\/h2>\n<p><span>Witamina E jest surowcem szeroko rozpowszechnionym w naturze. Najbogatsze jej \u017ar\u00f3d\u0142a stanowi\u0105 oleje: z kie\u0142k\u00f3w pszenicy, awokado, s\u0142onecznikowy, sojowy, produkty zbo\u017cowe oraz zielone cz\u0119\u015bci ro\u015blin (groszek, sa\u0142ata). Ponadto wyst\u0119puje w \u017c\u00f3\u0142tkach jaj, w\u0105trobie, margarynie i ma\u015ble. Mo\u017cna j\u0105 tak\u017ce otrzyma\u0107 na drodze syntezy chemicznej.<\/span><\/p>\n<h2>Aktywno\u015b\u0107 witaminy E<\/h2>\n<p><span>Tokoferole s\u0105 silnymi antyutleniaczami, dlatego pocz\u0105tkowo wykorzystywano je jako dodatki funkcyjne, stabilizuj\u0105ce w preparatach kosmetycznych o sk\u0142adzie bogatym w oleje pochodzenia naturalnego z wysok\u0105 zawarto\u015bci\u0105 nienasyconych kwas\u00f3w t\u0142uszczowych. Dzia\u0142anie fizjologiczne tokoferoli na sk\u00f3r\u0119 zwi\u0105zane jest z ich w\u0142a\u015bciwo\u015bciami ochronnymi (neutralizowanie wolnych rodnik\u00f3w \u2013 promotor\u00f3w proces\u00f3w starzenia sk\u00f3ry), dzi\u0119ki temu witamina m\u0142odo\u015bci wykazuje szereg aktywno\u015bci:<\/span><\/p>\n<ul>\n<li>zabezpiecza przed peroksydacj\u0105 inne witaminy, hormony, enzymy i lipidy b\u0142on kom\u00f3rkowych poprawiaj\u0105c ich wytrzyma\u0142o\u015b\u0107,<\/li>\n<li>przeciwdzia\u0142a zmianom starczym i degeneracyjnym sk\u00f3ry oraz chroni j\u0105 przed dzia\u0142aniem niekorzystnych czynnik\u00f3w \u015brodowiskowych (promieniowanie UV, ozon, smog),<\/li>\n<li>ochrania lipidy cementu mi\u0119dzykom\u00f3rkowego, w\u0142\u00f3kna kolagenowe i elastyczne przed utlenianiem i zniszczeniem, przeciwdzia\u0142aj\u0105c starzeniu si\u0119 sk\u00f3ry,<\/li>\n<li>zaabsorbowana przez nask\u00f3rek chroni i hamuje procesy fotostarzenia sk\u00f3ry: wolne rodniki powstaj\u0105ce w sk\u00f3rze pod wp\u0142ywem na\u015bwietlania promieniami UV mog\u0105 powodowa\u0107 podra\u017cnienia i oparzenia s\u0142oneczne, a w konsekwencji przyspieszony proces starzenia sk\u00f3ry,<\/li>\n<li>niedob\u00f3r witaminy E prowadzi do wzrostu ilo\u015bci nadtlenk\u00f3w organicznych w organizmie, kt\u00f3re niszcz\u0105 struktury uk\u0142adu<span>\u00a0<\/span><i>stratum corneum<\/i><span>\u00a0(ograniczaj\u0105 stabilno\u015b\u0107 i sp\u00f3jno\u015b\u0107 b\u0142on kom\u00f3rkowych), co prowadzi do obni\u017cenia og\u00f3lnego poziomu nawil\u017cenia (zwi\u0119kszenia wsp\u00f3\u0142czynnika TEWL).<\/span><\/li>\n<\/ul>\n<p><span>Istotne znaczenie ma zastosowanie witaminy E w szerokiej gamie kosmetyk\u00f3w regeneruj\u0105cych, przeznaczonych do stosowania w okresie wzmo\u017conej ekspozycji na promieniowanie UV. Dzia\u0142anie witaminy E zmniejszaj\u0105ce wra\u017cliwo\u015b\u0107 na promieniowanie UV powoduje coraz wi\u0119ksze zainteresowanie stosowaniem tokoferoli r\u00f3wnie\u017c w kremach i innych kosmetykach dedykowanych do i po opalaniu. Witamina m\u0142odo\u015bci aktywizuje i dzia\u0142a od\u017cywczo na sk\u00f3r\u0119, poprawia jej ukrwienie oraz zwi\u0119ksza elastyczno\u015b\u0107 tkanki \u0142\u0105cznej. Wyg\u0142adza, uj\u0119drnia, nat\u0142uszcza i nawil\u017ca sk\u00f3r\u0119. Ma dzia\u0142anie podobne do emolient\u00f3w, tj. wzmacnia barier\u0119 ochronn\u0105 sk\u00f3ry.<\/span><\/p>\n<p><a href=\"https:\/\/www.bandi.pl\/sklep\/katalog.php?wyr=witamina+e\" title=\"Witamina E w kosmetykach BANDI\"><span><img loading=\"lazy\" decoding=\"async\" src=\"https:\/\/www.bandi.pl\/blog\/wp-content\/uploads\/2016\/06\/koncentrat-regenerujacy-z-4-proc-witamina-e.jpg\" width=\"400\" height=\"489\" alt=\"Koncentrat regeneruj\u0105cy z 4% witamin\u0105 E - Magdalena Dzienisik - BANDI Cosmetics\" class=\"wp-image-5651 alignnone size-full\" srcset=\"https:\/\/www.bandi.pl\/blog\/wp-content\/uploads\/2016\/06\/koncentrat-regenerujacy-z-4-proc-witamina-e.jpg 400w, https:\/\/www.bandi.pl\/blog\/wp-content\/uploads\/2016\/06\/koncentrat-regenerujacy-z-4-proc-witamina-e-245x300.jpg 245w\" sizes=\"(max-width: 400px) 100vw, 400px\" \/><\/span><\/a><\/p>\n<p><span>Wybieraj\u0105c preparat kosmetyczny zwieraj\u0105cy w sk\u0142adzie witamin\u0119 m\u0142odo\u015bci, powinno zwraca\u0107 si\u0119 uwag\u0119 na jej zawarto\u015b\u0107. Przy niskich st\u0119\u017ceniach mo\u017ce ona bowiem pe\u0142ni\u0107 jedynie rol\u0119 ochronn\u0105 w stosunku do sk\u0142adnik\u00f3w, g\u0142\u00f3wnie nienasyconych kwas\u00f3w t\u0142uszczowych preparatu kosmetycznego. Stosowane st\u0119\u017cenia witaminy E, kt\u00f3re mog\u0105 zapewni\u0107 nam korzystne oddzia\u0142ywanie w stosunku do naszej sk\u00f3ry, wahaj\u0105 si\u0119 w granicach 1,5 do 3% w przeliczeniu na czysty tokoferol. W najnowszych generacjach produkt\u00f3w kosmetycznych wykorzystuje si\u0119 jej synergistyczne dzia\u0142anie z witaminami A i C chroni\u0105c je przed utlenianiem i zwi\u0119kszaj\u0105c efekt zapobiegania przedwczesnemu starzeniu si\u0119 naszej sk\u00f3ry.<\/span><\/p>\n<h2>Literatura<\/h2>\n<ol>\n<li><strong>A.C. Dweck.<\/strong>:<span>\u00a0<\/span><em>Handbook of Natural Ingredients<\/em>, CLR<\/li>\n<li><strong>Petsitis X., Kipper K.<\/strong>:<span>\u00a0<\/span><a href=\"https:\/\/medpharm.pl\/kosmetologia\/234-kosmetyka-ozdobna-i-pielegnacja-twarzy.html\" target=\"_blank\" rel=\"noopener noreferrer\" title=\"Kosmetyka ozdobna i piel\u0119gnacyjna twarzy\"><em>Kosmetyka ozdobna i piel\u0119gnacyjna twarzy<\/em><\/a>, MedPharm Polska<\/li>\n<li><strong>Sikora E., Olsza\u0144ska M., Ogonowski J.<\/strong>:<span>\u00a0<\/span><em>Chemia i technologia kosmetyk\u00f3w<\/em>, Politechnika Krakowska, Krak\u00f3w 2012<\/li>\n<li><strong>Jurkowska S., Rusin A.<\/strong>:<span>\u00a0<\/span><em>Wybrane zagadnienia z biologii kom\u00f3rki<\/em>, Aspekty kosmetologiczne, D\u0105browa G\u00f3rnicza 2005<\/li>\n<\/ol>\n<p>[\/et_pb_text][\/et_pb_column][\/et_pb_row][et_pb_row _builder_version=&#8221;4.0.5&#8243; background_color=&#8221;rgba(255,166,168,0.5)&#8221; custom_padding=&#8221;30px|30px|30px|30px|false|false&#8221; global_module=&#8221;5345&#8243; saved_tabs=&#8221;all&#8221;][et_pb_column type=&#8221;4_4&#8243; _builder_version=&#8221;4.0.5&#8243;][et_pb_team_member name=&#8221;Magdalena Dzienisik&#8221; position=&#8221;Technolog BANDI Cosmetics&#8221; image_url=&#8221;https:\/\/www.bandi.pl\/blog\/wp-content\/uploads\/2019\/11\/Magdalena-Dzienisik.jpg&#8221; _builder_version=&#8221;4.0.6&#8243; header_level=&#8221;h3&#8243; header_font=&#8221;|600|||||||&#8221; header_text_color=&#8221;#333333&#8243; header_font_size=&#8221;24px&#8221; body_text_align=&#8221;left&#8221; body_text_color=&#8221;#333333&#8243; body_line_height=&#8221;1.25em&#8221; position_font=&#8221;||on||||||&#8221; position_text_color=&#8221;#333333&#8243; position_font_size=&#8221;16px&#8221; position_line_height=&#8221;2em&#8221; body_link_font=&#8221;|700|||||||&#8221; body_link_text_color=&#8221;#333333&#8243; max_height=&#8221;300px&#8221; link_option_url=&#8221;https:\/\/www.bandi.pl\/blog\/autorzy\/magdalena-dzienisik\/&#8221; custom_css_member_image=&#8221;height: 200px;||width: 200px;&#8221; border_radii_image=&#8221;on|200px|200px|200px|200px&#8221; border_width_all_image=&#8221;3px&#8221; border_color_all_image=&#8221;#ffffff&#8221; box_shadow_style_image=&#8221;preset1&#8243; box_shadow_color_image=&#8221;#ffffff&#8221;]<\/p>\n<p style=\"text-align: justify;\">Chemik, technolog od&nbsp;lat specjalizuj\u0105cy si\u0119&nbsp;w&nbsp;opracowywaniu nowatorskich produkt\u00f3w kosmetycznych. Zarz\u0105dza pracowni\u0105 laboratoryjn\u0105 oraz&nbsp;odpowiada za&nbsp;innowacyjny proces tw\u00f3rczy i&nbsp;poprawne spe\u0142nianie wymaga\u0144 legislacyjnych stawianym wyrobom kosmetycznym wprowadzanym na&nbsp;rynek. W&nbsp;pracy ceni przyjazn\u0105 atmosfer\u0119, ch\u0119\u0107 dzia\u0142ania, wsp\u00f3\u0142pracy, spok\u00f3j oraz&nbsp;poczucie panowania nad wszystkimi zadaniami. Lubi czasami oderwa\u0107 si\u0119&nbsp;od&nbsp;og\u00f3lnie panuj\u0105cego chaosu i&nbsp;przez chwil\u0119 na&nbsp;nowo si\u0119&nbsp;zastanowi\u0107.<\/p>\n<p style=\"text-align: left;\">W&nbsp;wolnych chwilach uprawia r\u00f3\u017cne formy ruchu, sprawia sobie ma\u0142e przyjemno\u015bci i&nbsp;czyta.<\/p>\n<p>[\/et_pb_team_member][\/et_pb_column][\/et_pb_row][\/et_pb_section]<\/p>\n","protected":false},"excerpt":{"rendered":"<p>[et_pb_section fb_built=&#8221;1&#8243; _builder_version=&#8221;3.22&#8243;][et_pb_row _builder_version=&#8221;3.25&#8243; background_size=&#8221;initial&#8221; background_position=&#8221;top_left&#8221; background_repeat=&#8221;repeat&#8221;][et_pb_column type=&#8221;4_4&#8243; _builder_version=&#8221;3.25&#8243; custom_padding=&#8221;|||&#8221; custom_padding__hover=&#8221;|||&#8221;][et_pb_text _builder_version=&#8221;4.0.6&#8243; hover_enabled=&#8221;0&#8243;] Witamina E (tocopherol), nazywana te\u017c witamin\u0105 m\u0142odo\u015bci i p\u0142odno\u015bci to jeden z najwa\u017cniejszych \u201ezmiataczy wolnych rodnik\u00f3w\u201d\u00a0najcz\u0119\u015bciej stosowanych w kosmetykach. Wolne rodniki cz\u0105steczki zwi\u0105zk\u00f3w organicznych (g\u0142\u00f3wnie \u2013 tlenu) pozbawione jednego elektronu, bez kt\u00f3rego stanowi\u0105 niepe\u0142ne cz\u0105steczki. D\u0105\u017c\u0105 wi\u0119c za wszelk\u0105 cen\u0119 do tego, [&hellip;]<\/p>\n","protected":false},"author":8,"featured_media":5652,"comment_status":"open","ping_status":"open","sticky":false,"template":"","format":"standard","meta":{"_et_pb_use_builder":"on","_et_pb_old_content":"<b>WITAMINA E \u2013 witamina m\u0142odo\u015bci i p\u0142odno\u015bci<\/b>\n<h2>Witamina E (tocopherol)<\/h2>\n<b>to jeden z najwa\u017cniejszych \"zmiataczy wolnych rodnik\u00f3w\"<\/b> <b>najcz\u0119\u015bciej stosowanych w kosmetykach<\/b>.\n<h2>Wolne rodniki<\/h2>\n<em>cz\u0105steczki zwi\u0105zk\u00f3w organicznych (g\u0142\u00f3wnie - tlenu) pozbawione jednego elektronu, bez kt\u00f3rego stanowi\u0105 niepe\u0142ne cz\u0105steczki. D\u0105\u017c\u0105 wi\u0119c za wszelk\u0105 cen\u0119 do tego, aby uzupe\u0142ni\u0107 brakuj\u0105cy<\/em>\n\n<em>elektron z cz\u0105steczek zwi\u0105zk\u00f3w znajduj\u0105cych si\u0119 w innych tkankach. S\u0105 aktywne i szybko si\u0119 przemieszczaj\u0105, napotkawszy zdrowe cz\u0105steczki, b\u0142yskawicznie wchodz\u0105 z nimi w reakcje, zabieraj\u0105c potrzebny im elektron. Powoduj\u0105: uszkodzenia bia\u0142ek, t\u0142uszcz\u00f3w i kwas\u00f3w nukleinowych zdrowych kom\u00f3rek, a tak\u017ce spustoszenie w zasobach tlenowych. W efekcie wolne rodniki rujnuj\u0105 zdrowie i przyczyniaj\u0105 si\u0119 do przedwczesnego starzenia si\u0119 organizmu.<\/em>\n\nOdkryta zosta\u0142a w 1922 roku, wyizolowana w 1936 roku i po raz pierwszy zsyntetyzowana w 1938 roku. Jest oleist\u0105 substancj\u0105 ca\u0142kowicie rozpuszczaln\u0105 w t\u0142uszczach, a praktycznie nierozpuszczaln\u0105 w wodzie. Ze wzgl\u0119du na te w\u0142a\u015bciwo\u015bci mo\u017cemy j\u0105 g\u0142\u00f3wnie spotka\u0107 w emulsjach (kremach od\u017cywczych, balsamach regeneracyjnych, mleczkach, ma\u015bciach, maskach), pomadkach, od\u017cywkach do w\u0142os\u00f3w, czy ostatnio bardzo popularnych skoncentrowanych olejkach.\n<h2>Budowa witaminy E<\/h2>\nWitamina E stanowi grup\u0119 o\u015bmiu rozpuszczalnych w t\u0142uszczach zwi\u0105zk\u00f3w chemicznych z grupy steroli i wyst\u0119puje g\u0142\u00f3wnie w postaci 4 pochodnych (izomer\u00f3w) tokoferolu:\n\n<img class=\"alignnone size-full wp-image-5649\" src=\"https:\/\/www.bandi.pl\/blog\/wp-content\/uploads\/2016\/06\/wzor-chemiczny-witamina-e.png\" alt=\"Wz\u00f3r chemiczny witaminy E - Magdalena Dzienisik\" width=\"592\" height=\"191\" \/>\n<p style=\"text-align: left;\">Rys. nr 1. Witamina E (INCI: Tocopherol) [3]<\/p>\n<img class=\"alignnone size-full wp-image-5650\" src=\"https:\/\/www.bandi.pl\/blog\/wp-content\/uploads\/2016\/06\/witamina-e-inci-tocopherol.png\" alt=\"Witamina E (INCI: Tocopherol) - Magdalena Dzienisik\" width=\"300\" height=\"200\" \/>\n\nNajskuteczniejszym z nich jest \u03b1 \u2013 Tokoferol. Tokoferole s\u0105 odporne na dzia\u0142anie kwas\u00f3w, zasad, i wysokiej temperatury, za\u015b ma\u0142o odporne na \u015bwiat\u0142o, utleniacze i tlen. Dlatego te\u017c w produktach piel\u0119gnacyjnych cz\u0119sto u\u017cywa si\u0119 stabilniejszej formy witaminy E - octanu tokoferolu (INCI: tocopherol acetate), kt\u00f3ry jest trwa\u0142ym, odpornym na promieniowanie UV, dobrze wch\u0142anianym sk\u0142adnikiem kosmetycznym.\n<h2>\u0179r\u00f3d\u0142a witaminy E<\/h2>\nWitamina E jest surowcem szeroko rozpowszechnionym w naturze. Najbogatsze jej \u017ar\u00f3d\u0142a stanowi\u0105 oleje: z kie\u0142k\u00f3w pszenicy, awokado, s\u0142onecznikowy, sojowy, produkty zbo\u017cowe oraz zielone cz\u0119\u015bci ro\u015blin (groszek, sa\u0142ata). Ponadto wyst\u0119puje w \u017c\u00f3\u0142tkach jaj, w\u0105trobie, margarynie i ma\u015ble. Mo\u017cna j\u0105 tak\u017ce otrzyma\u0107 na drodze syntezy chemicznej.\n<h2>Aktywno\u015b\u0107 witaminy E<\/h2>\nTokoferole s\u0105 silnymi antyutleniaczami, dlatego pocz\u0105tkowo wykorzystywano je jako dodatki funkcyjne, stabilizuj\u0105ce w preparatach kosmetycznych o sk\u0142adzie bogatym w oleje pochodzenia naturalnego z wysok\u0105 zawarto\u015bci\u0105 nienasyconych kwas\u00f3w t\u0142uszczowych.\n\nDzia\u0142anie fizjologiczne tokoferoli na sk\u00f3r\u0119 zwi\u0105zane jest z ich w\u0142a\u015bciwo\u015bciami ochronnymi (neutralizowanie wolnych rodnik\u00f3w - promotor\u00f3w proces\u00f3w starzenia sk\u00f3ry), dzi\u0119ki temu witamina m\u0142odo\u015bci wykazuje szereg aktywno\u015bci:\n<ul>\n \t<li>zabezpiecza przed peroksydacj\u0105 inne witaminy, hormony, enzymy i lipidy b\u0142on kom\u00f3rkowych poprawiaj\u0105c ich wytrzyma\u0142o\u015b\u0107,<\/li>\n \t<li>przeciwdzia\u0142a zmianom starczym i degeneracyjnym sk\u00f3ry oraz chroni j\u0105 przed dzia\u0142aniem niekorzystnych czynnik\u00f3w \u015brodowiskowych (promieniowanie UV, ozon, smog),<\/li>\n \t<li>ochrania lipidy cementu mi\u0119dzykom\u00f3rkowego, w\u0142\u00f3kna kolagenowe i elastyczne przed utlenianiem i zniszczeniem, przeciwdzia\u0142aj\u0105c starzeniu si\u0119 sk\u00f3ry,<\/li>\n \t<li>zaabsorbowana przez nask\u00f3rek chroni i hamuje procesy fotostarzenia sk\u00f3ry: wolne rodniki powstaj\u0105ce w sk\u00f3rze pod wp\u0142ywem na\u015bwietlania promieniami UV mog\u0105 powodowa\u0107 podra\u017cnienia i oparzenia s\u0142oneczne, a w konsekwencji przyspieszony proces starzenia sk\u00f3ry,<\/li>\n \t<li>niedob\u00f3r witaminy E prowadzi do wzrostu ilo\u015bci nadtlenk\u00f3w organicznych w organizmie, kt\u00f3re niszcz\u0105 struktury uk\u0142adu <i style=\"font-size: inherit;\">stratum corneum<\/i><span style=\"font-size: inherit;\"> (ograniczaj\u0105 stabilno\u015b\u0107 i sp\u00f3jno\u015b\u0107 b\u0142on kom\u00f3rkowych), co prowadzi do obni\u017cenia og\u00f3lnego poziomu nawil\u017cenia (zwi\u0119kszenia wsp\u00f3\u0142czynnika TEWL).<\/span><\/li>\n<\/ul>\nIstotne znaczenie ma zastosowanie witaminy E w szerokiej gamie kosmetyk\u00f3w regeneruj\u0105cych, przeznaczonych do stosowania w okresie wzmo\u017conej ekspozycji na promieniowanie UV. Dzia\u0142anie witaminy E zmniejszaj\u0105ce wra\u017cliwo\u015b\u0107 na promieniowanie UV powoduje coraz wi\u0119ksze zainteresowanie stosowaniem tokoferoli r\u00f3wnie\u017c w kremach i innych kosmetykach dedykowanych do i po opalaniu. Witamina m\u0142odo\u015bci aktywizuje i dzia\u0142a od\u017cywczo na sk\u00f3r\u0119, poprawia jej ukrwienie oraz zwi\u0119ksza elastyczno\u015b\u0107 tkanki \u0142\u0105cznej. Wyg\u0142adza, uj\u0119drnia, nat\u0142uszcza i nawil\u017ca sk\u00f3r\u0119. Ma dzia\u0142anie podobne do emolient\u00f3w, tj. wzmacnia barier\u0119 ochronn\u0105 sk\u00f3ry.\n\n<b><a href=\"https:\/\/www.bandi.pl\/sklep\/katalog.php?wyr=witamina+e\"><img class=\"alignnone size-full wp-image-5651\" src=\"https:\/\/www.bandi.pl\/blog\/wp-content\/uploads\/2016\/06\/koncentrat-regenerujacy-z-4-proc-witamina-e.jpg\" alt=\"Koncentrat regeneruj\u0105cy z 4% witamin\u0105 E - Magdalena Dzienisik - BANDI Cosmetics\" width=\"400\" height=\"489\" \/><\/a><\/b>\n\nWybieraj\u0105c preparat kosmetyczny zwieraj\u0105cy w sk\u0142adzie witamin\u0119 m\u0142odo\u015bci, powinno zwraca\u0107 si\u0119 uwag\u0119 na jej zawarto\u015b\u0107. Przy niskich st\u0119\u017ceniach mo\u017ce ona bowiem pe\u0142ni\u0107 jedynie rol\u0119 ochronn\u0105 w stosunku do sk\u0142adnik\u00f3w, g\u0142\u00f3wnie nienasyconych kwas\u00f3w t\u0142uszczowych preparatu kosmetycznego. Stosowane st\u0119\u017cenia witaminy E, kt\u00f3re mog\u0105 zapewni\u0107 nam korzystne oddzia\u0142ywanie w stosunku do naszej sk\u00f3ry, wahaj\u0105 si\u0119 w granicach 1,5 do 3% w przeliczeniu na czysty tokoferol.\n\nW najnowszych generacjach produkt\u00f3w kosmetycznych wykorzystuje si\u0119 jej synergistyczne dzia\u0142anie z witaminami A i C chroni\u0105c je przed utlenianiem i zwi\u0119kszaj\u0105c efekt zapobiegania przedwczesnemu starzeniu si\u0119 naszej sk\u00f3ry.\n<h2>Literatura<\/h2>\n<ol>\n \t<li><strong>A.C. Dweck.<\/strong>: <em>Handbook of Natural Ingredients<\/em>, CLR<\/li>\n \t<li><strong>Petsitis X., Kipper K.<\/strong>: <em>Kosmetyka ozdobna i piel\u0119gnacyjna twarzy<\/em>, MedPharm Polska<\/li>\n \t<li><strong>Sikora E., Olsza\u0144ska M., Ogonowski J.<\/strong>: <em>Chemia i technologia kosmetyk\u00f3w<\/em>, Politechnika Krakowska, Krak\u00f3w 2012<\/li>\n \t<li><strong>Jurkowska S., Rusin A.<\/strong>: <em>Wybrane zagadnienia z biologii kom\u00f3rki<\/em>, Aspekty kosmetologiczne, D\u0105browa G\u00f3rnicza 2005<\/li>\n<\/ol>","_et_gb_content_width":"","footnotes":""},"categories":[2051,1771],"tags":[47],"class_list":["post-1711","post","type-post","status-publish","format-standard","has-post-thumbnail","hentry","category-magdalena-dzienisik","category-kategoria-surowce-i-szczypta-chemii","tag-witamina-e"],"yoast_head":"<!-- This site is optimized with the Yoast SEO plugin v27.1.1 - https:\/\/yoast.com\/product\/yoast-seo-wordpress\/ -->\n<title>Niedoceniane sk\u0142adniki kosmetyk\u00f3w - witamina E &#187; Blog BANDI<\/title>\n<meta name=\"robots\" content=\"index, follow, max-snippet:-1, max-image-preview:large, max-video-preview:-1\" \/>\n<link rel=\"canonical\" href=\"https:\/\/www.bandi.pl\/blog\/niedoceniane-skladniki-kosmetykow-witamina-e\/\" \/>\n<meta property=\"og:locale\" content=\"pl_PL\" \/>\n<meta property=\"og:type\" content=\"article\" \/>\n<meta property=\"og:title\" content=\"Niedoceniane sk\u0142adniki kosmetyk\u00f3w - witamina E &#187; Blog BANDI\" \/>\n<meta property=\"og:description\" content=\"[et_pb_section fb_built=&#8221;1&#8243; _builder_version=&#8221;3.22&#8243;][et_pb_row _builder_version=&#8221;3.25&#8243; background_size=&#8221;initial&#8221; background_position=&#8221;top_left&#8221; background_repeat=&#8221;repeat&#8221;][et_pb_column type=&#8221;4_4&#8243; _builder_version=&#8221;3.25&#8243; custom_padding=&#8221;|||&#8221; custom_padding__hover=&#8221;|||&#8221;][et_pb_text _builder_version=&#8221;4.0.6&#8243; hover_enabled=&#8221;0&#8243;] Witamina E (tocopherol), nazywana te\u017c witamin\u0105 m\u0142odo\u015bci i p\u0142odno\u015bci to jeden z najwa\u017cniejszych \u201ezmiataczy wolnych rodnik\u00f3w\u201d\u00a0najcz\u0119\u015bciej stosowanych w kosmetykach. Wolne rodniki cz\u0105steczki zwi\u0105zk\u00f3w organicznych (g\u0142\u00f3wnie \u2013 tlenu) pozbawione jednego elektronu, bez kt\u00f3rego stanowi\u0105 niepe\u0142ne cz\u0105steczki. D\u0105\u017c\u0105 wi\u0119c za wszelk\u0105 cen\u0119 do tego, [&hellip;]\" \/>\n<meta property=\"og:url\" content=\"https:\/\/www.bandi.pl\/blog\/niedoceniane-skladniki-kosmetykow-witamina-e\/\" \/>\n<meta property=\"og:site_name\" content=\"Blog BANDI\" \/>\n<meta property=\"article:publisher\" content=\"https:\/\/web.facebook.com\/BANDIcosmetics\" \/>\n<meta property=\"article:published_time\" content=\"2016-06-17T10:18:44+00:00\" \/>\n<meta property=\"article:modified_time\" content=\"2019-11-21T15:49:58+00:00\" \/>\n<meta property=\"og:image\" content=\"https:\/\/www.bandi.pl\/blog\/wp-content\/uploads\/2016\/06\/niedoceniane-skladniki-kosmetykow-witamina-e.jpg\" \/>\n\t<meta property=\"og:image:width\" content=\"2000\" \/>\n\t<meta property=\"og:image:height\" content=\"1335\" \/>\n\t<meta property=\"og:image:type\" content=\"image\/jpeg\" \/>\n<meta name=\"author\" content=\"Magdalena Dzienisik\" \/>\n<meta name=\"twitter:card\" content=\"summary_large_image\" \/>\n<meta name=\"twitter:creator\" content=\"@bandi_cosmetics\" \/>\n<meta name=\"twitter:site\" content=\"@bandi_cosmetics\" \/>\n<meta name=\"twitter:label1\" content=\"Napisane przez\" \/>\n\t<meta name=\"twitter:data1\" content=\"Magdalena Dzienisik\" \/>\n\t<meta name=\"twitter:label2\" content=\"Szacowany czas czytania\" \/>\n\t<meta name=\"twitter:data2\" content=\"6 minut\" \/>\n<script type=\"application\/ld+json\" class=\"yoast-schema-graph\">{\"@context\":\"https:\/\/schema.org\",\"@graph\":[{\"@type\":\"Article\",\"@id\":\"https:\/\/www.bandi.pl\/blog\/niedoceniane-skladniki-kosmetykow-witamina-e\/#article\",\"isPartOf\":{\"@id\":\"https:\/\/www.bandi.pl\/blog\/niedoceniane-skladniki-kosmetykow-witamina-e\/\"},\"author\":{\"name\":\"Magdalena Dzienisik\",\"@id\":\"https:\/\/www.bandi.pl\/blog\/#\/schema\/person\/8dcde7da2fda2f8723d7ca03469e06be\"},\"headline\":\"Niedoceniane sk\u0142adniki kosmetyk\u00f3w &#8211; witamina E\",\"datePublished\":\"2016-06-17T10:18:44+00:00\",\"dateModified\":\"2019-11-21T15:49:58+00:00\",\"mainEntityOfPage\":{\"@id\":\"https:\/\/www.bandi.pl\/blog\/niedoceniane-skladniki-kosmetykow-witamina-e\/\"},\"wordCount\":1168,\"commentCount\":0,\"publisher\":{\"@id\":\"https:\/\/www.bandi.pl\/blog\/#organization\"},\"image\":{\"@id\":\"https:\/\/www.bandi.pl\/blog\/niedoceniane-skladniki-kosmetykow-witamina-e\/#primaryimage\"},\"thumbnailUrl\":\"https:\/\/www.bandi.pl\/blog\/wp-content\/uploads\/2016\/06\/niedoceniane-skladniki-kosmetykow-witamina-e.jpg\",\"keywords\":[\"witamina E\"],\"articleSection\":[\"Magdalena Dzienisik\",\"Surowce i szczypta chemii\"],\"inLanguage\":\"pl-PL\",\"potentialAction\":[{\"@type\":\"CommentAction\",\"name\":\"Comment\",\"target\":[\"https:\/\/www.bandi.pl\/blog\/niedoceniane-skladniki-kosmetykow-witamina-e\/#respond\"]}]},{\"@type\":\"WebPage\",\"@id\":\"https:\/\/www.bandi.pl\/blog\/niedoceniane-skladniki-kosmetykow-witamina-e\/\",\"url\":\"https:\/\/www.bandi.pl\/blog\/niedoceniane-skladniki-kosmetykow-witamina-e\/\",\"name\":\"Niedoceniane sk\u0142adniki kosmetyk\u00f3w - witamina E &#187; Blog BANDI\",\"isPartOf\":{\"@id\":\"https:\/\/www.bandi.pl\/blog\/#website\"},\"primaryImageOfPage\":{\"@id\":\"https:\/\/www.bandi.pl\/blog\/niedoceniane-skladniki-kosmetykow-witamina-e\/#primaryimage\"},\"image\":{\"@id\":\"https:\/\/www.bandi.pl\/blog\/niedoceniane-skladniki-kosmetykow-witamina-e\/#primaryimage\"},\"thumbnailUrl\":\"https:\/\/www.bandi.pl\/blog\/wp-content\/uploads\/2016\/06\/niedoceniane-skladniki-kosmetykow-witamina-e.jpg\",\"datePublished\":\"2016-06-17T10:18:44+00:00\",\"dateModified\":\"2019-11-21T15:49:58+00:00\",\"breadcrumb\":{\"@id\":\"https:\/\/www.bandi.pl\/blog\/niedoceniane-skladniki-kosmetykow-witamina-e\/#breadcrumb\"},\"inLanguage\":\"pl-PL\",\"potentialAction\":[{\"@type\":\"ReadAction\",\"target\":[\"https:\/\/www.bandi.pl\/blog\/niedoceniane-skladniki-kosmetykow-witamina-e\/\"]}]},{\"@type\":\"ImageObject\",\"inLanguage\":\"pl-PL\",\"@id\":\"https:\/\/www.bandi.pl\/blog\/niedoceniane-skladniki-kosmetykow-witamina-e\/#primaryimage\",\"url\":\"https:\/\/www.bandi.pl\/blog\/wp-content\/uploads\/2016\/06\/niedoceniane-skladniki-kosmetykow-witamina-e.jpg\",\"contentUrl\":\"https:\/\/www.bandi.pl\/blog\/wp-content\/uploads\/2016\/06\/niedoceniane-skladniki-kosmetykow-witamina-e.jpg\",\"width\":2000,\"height\":1335,\"caption\":\"Niedoceniane sk\u0142adniki kosmetyk\u00f3w - witamina E - Magdalena Dzienisik - technolog BANDI Cosmetics\"},{\"@type\":\"BreadcrumbList\",\"@id\":\"https:\/\/www.bandi.pl\/blog\/niedoceniane-skladniki-kosmetykow-witamina-e\/#breadcrumb\",\"itemListElement\":[{\"@type\":\"ListItem\",\"position\":1,\"name\":\"BANDI\",\"item\":\"https:\/\/www.bandi.pl\/blog\/\"},{\"@type\":\"ListItem\",\"position\":2,\"name\":\"Niedoceniane sk\u0142adniki kosmetyk\u00f3w &#8211; witamina E\"}]},{\"@type\":\"WebSite\",\"@id\":\"https:\/\/www.bandi.pl\/blog\/#website\",\"url\":\"https:\/\/www.bandi.pl\/blog\/\",\"name\":\"Blog BANDI\",\"description\":\"Czarno na bia\u0142ym o kosmetykach\",\"publisher\":{\"@id\":\"https:\/\/www.bandi.pl\/blog\/#organization\"},\"potentialAction\":[{\"@type\":\"SearchAction\",\"target\":{\"@type\":\"EntryPoint\",\"urlTemplate\":\"https:\/\/www.bandi.pl\/blog\/?s={search_term_string}\"},\"query-input\":{\"@type\":\"PropertyValueSpecification\",\"valueRequired\":true,\"valueName\":\"search_term_string\"}}],\"inLanguage\":\"pl-PL\"},{\"@type\":\"Organization\",\"@id\":\"https:\/\/www.bandi.pl\/blog\/#organization\",\"name\":\"BANDI\",\"url\":\"https:\/\/www.bandi.pl\/blog\/\",\"logo\":{\"@type\":\"ImageObject\",\"inLanguage\":\"pl-PL\",\"@id\":\"https:\/\/www.bandi.pl\/blog\/#\/schema\/logo\/image\/\",\"url\":\"https:\/\/www.bandi.pl\/blog\/wp-content\/uploads\/2019\/06\/bandi-logo.png\",\"contentUrl\":\"https:\/\/www.bandi.pl\/blog\/wp-content\/uploads\/2019\/06\/bandi-logo.png\",\"width\":264,\"height\":111,\"caption\":\"BANDI\"},\"image\":{\"@id\":\"https:\/\/www.bandi.pl\/blog\/#\/schema\/logo\/image\/\"},\"sameAs\":[\"https:\/\/web.facebook.com\/BANDIcosmetics\",\"https:\/\/x.com\/bandi_cosmetics\",\"https:\/\/www.instagram.com\/bandi_cosmetics\/\",\"https:\/\/www.pinterest.com\/bandicosmetics\/\",\"https:\/\/www.youtube.com\/user\/BandiCosmeticsPolska\"]},{\"@type\":\"Person\",\"@id\":\"https:\/\/www.bandi.pl\/blog\/#\/schema\/person\/8dcde7da2fda2f8723d7ca03469e06be\",\"name\":\"Magdalena Dzienisik\",\"sameAs\":[\"https:\/\/www.bandi.pl\/blog\"]}]}<\/script>\n<!-- \/ Yoast SEO plugin. -->","yoast_head_json":{"title":"Niedoceniane sk\u0142adniki kosmetyk\u00f3w - witamina E &#187; Blog BANDI","robots":{"index":"index","follow":"follow","max-snippet":"max-snippet:-1","max-image-preview":"max-image-preview:large","max-video-preview":"max-video-preview:-1"},"canonical":"https:\/\/www.bandi.pl\/blog\/niedoceniane-skladniki-kosmetykow-witamina-e\/","og_locale":"pl_PL","og_type":"article","og_title":"Niedoceniane sk\u0142adniki kosmetyk\u00f3w - witamina E &#187; Blog BANDI","og_description":"[et_pb_section fb_built=&#8221;1&#8243; _builder_version=&#8221;3.22&#8243;][et_pb_row _builder_version=&#8221;3.25&#8243; background_size=&#8221;initial&#8221; background_position=&#8221;top_left&#8221; background_repeat=&#8221;repeat&#8221;][et_pb_column type=&#8221;4_4&#8243; _builder_version=&#8221;3.25&#8243; custom_padding=&#8221;|||&#8221; custom_padding__hover=&#8221;|||&#8221;][et_pb_text _builder_version=&#8221;4.0.6&#8243; hover_enabled=&#8221;0&#8243;] Witamina E (tocopherol), nazywana te\u017c witamin\u0105 m\u0142odo\u015bci i p\u0142odno\u015bci to jeden z najwa\u017cniejszych \u201ezmiataczy wolnych rodnik\u00f3w\u201d\u00a0najcz\u0119\u015bciej stosowanych w kosmetykach. Wolne rodniki cz\u0105steczki zwi\u0105zk\u00f3w organicznych (g\u0142\u00f3wnie \u2013 tlenu) pozbawione jednego elektronu, bez kt\u00f3rego stanowi\u0105 niepe\u0142ne cz\u0105steczki. D\u0105\u017c\u0105 wi\u0119c za wszelk\u0105 cen\u0119 do tego, [&hellip;]","og_url":"https:\/\/www.bandi.pl\/blog\/niedoceniane-skladniki-kosmetykow-witamina-e\/","og_site_name":"Blog BANDI","article_publisher":"https:\/\/web.facebook.com\/BANDIcosmetics","article_published_time":"2016-06-17T10:18:44+00:00","article_modified_time":"2019-11-21T15:49:58+00:00","og_image":[{"width":2000,"height":1335,"url":"https:\/\/www.bandi.pl\/blog\/wp-content\/uploads\/2016\/06\/niedoceniane-skladniki-kosmetykow-witamina-e.jpg","type":"image\/jpeg"}],"author":"Magdalena Dzienisik","twitter_card":"summary_large_image","twitter_creator":"@bandi_cosmetics","twitter_site":"@bandi_cosmetics","twitter_misc":{"Napisane przez":"Magdalena Dzienisik","Szacowany czas czytania":"6 minut"},"schema":{"@context":"https:\/\/schema.org","@graph":[{"@type":"Article","@id":"https:\/\/www.bandi.pl\/blog\/niedoceniane-skladniki-kosmetykow-witamina-e\/#article","isPartOf":{"@id":"https:\/\/www.bandi.pl\/blog\/niedoceniane-skladniki-kosmetykow-witamina-e\/"},"author":{"name":"Magdalena Dzienisik","@id":"https:\/\/www.bandi.pl\/blog\/#\/schema\/person\/8dcde7da2fda2f8723d7ca03469e06be"},"headline":"Niedoceniane sk\u0142adniki kosmetyk\u00f3w &#8211; witamina E","datePublished":"2016-06-17T10:18:44+00:00","dateModified":"2019-11-21T15:49:58+00:00","mainEntityOfPage":{"@id":"https:\/\/www.bandi.pl\/blog\/niedoceniane-skladniki-kosmetykow-witamina-e\/"},"wordCount":1168,"commentCount":0,"publisher":{"@id":"https:\/\/www.bandi.pl\/blog\/#organization"},"image":{"@id":"https:\/\/www.bandi.pl\/blog\/niedoceniane-skladniki-kosmetykow-witamina-e\/#primaryimage"},"thumbnailUrl":"https:\/\/www.bandi.pl\/blog\/wp-content\/uploads\/2016\/06\/niedoceniane-skladniki-kosmetykow-witamina-e.jpg","keywords":["witamina E"],"articleSection":["Magdalena Dzienisik","Surowce i szczypta chemii"],"inLanguage":"pl-PL","potentialAction":[{"@type":"CommentAction","name":"Comment","target":["https:\/\/www.bandi.pl\/blog\/niedoceniane-skladniki-kosmetykow-witamina-e\/#respond"]}]},{"@type":"WebPage","@id":"https:\/\/www.bandi.pl\/blog\/niedoceniane-skladniki-kosmetykow-witamina-e\/","url":"https:\/\/www.bandi.pl\/blog\/niedoceniane-skladniki-kosmetykow-witamina-e\/","name":"Niedoceniane sk\u0142adniki kosmetyk\u00f3w - witamina E &#187; Blog BANDI","isPartOf":{"@id":"https:\/\/www.bandi.pl\/blog\/#website"},"primaryImageOfPage":{"@id":"https:\/\/www.bandi.pl\/blog\/niedoceniane-skladniki-kosmetykow-witamina-e\/#primaryimage"},"image":{"@id":"https:\/\/www.bandi.pl\/blog\/niedoceniane-skladniki-kosmetykow-witamina-e\/#primaryimage"},"thumbnailUrl":"https:\/\/www.bandi.pl\/blog\/wp-content\/uploads\/2016\/06\/niedoceniane-skladniki-kosmetykow-witamina-e.jpg","datePublished":"2016-06-17T10:18:44+00:00","dateModified":"2019-11-21T15:49:58+00:00","breadcrumb":{"@id":"https:\/\/www.bandi.pl\/blog\/niedoceniane-skladniki-kosmetykow-witamina-e\/#breadcrumb"},"inLanguage":"pl-PL","potentialAction":[{"@type":"ReadAction","target":["https:\/\/www.bandi.pl\/blog\/niedoceniane-skladniki-kosmetykow-witamina-e\/"]}]},{"@type":"ImageObject","inLanguage":"pl-PL","@id":"https:\/\/www.bandi.pl\/blog\/niedoceniane-skladniki-kosmetykow-witamina-e\/#primaryimage","url":"https:\/\/www.bandi.pl\/blog\/wp-content\/uploads\/2016\/06\/niedoceniane-skladniki-kosmetykow-witamina-e.jpg","contentUrl":"https:\/\/www.bandi.pl\/blog\/wp-content\/uploads\/2016\/06\/niedoceniane-skladniki-kosmetykow-witamina-e.jpg","width":2000,"height":1335,"caption":"Niedoceniane sk\u0142adniki kosmetyk\u00f3w - witamina E - Magdalena Dzienisik - technolog BANDI Cosmetics"},{"@type":"BreadcrumbList","@id":"https:\/\/www.bandi.pl\/blog\/niedoceniane-skladniki-kosmetykow-witamina-e\/#breadcrumb","itemListElement":[{"@type":"ListItem","position":1,"name":"BANDI","item":"https:\/\/www.bandi.pl\/blog\/"},{"@type":"ListItem","position":2,"name":"Niedoceniane sk\u0142adniki kosmetyk\u00f3w &#8211; witamina E"}]},{"@type":"WebSite","@id":"https:\/\/www.bandi.pl\/blog\/#website","url":"https:\/\/www.bandi.pl\/blog\/","name":"Blog BANDI","description":"Czarno na bia\u0142ym o kosmetykach","publisher":{"@id":"https:\/\/www.bandi.pl\/blog\/#organization"},"potentialAction":[{"@type":"SearchAction","target":{"@type":"EntryPoint","urlTemplate":"https:\/\/www.bandi.pl\/blog\/?s={search_term_string}"},"query-input":{"@type":"PropertyValueSpecification","valueRequired":true,"valueName":"search_term_string"}}],"inLanguage":"pl-PL"},{"@type":"Organization","@id":"https:\/\/www.bandi.pl\/blog\/#organization","name":"BANDI","url":"https:\/\/www.bandi.pl\/blog\/","logo":{"@type":"ImageObject","inLanguage":"pl-PL","@id":"https:\/\/www.bandi.pl\/blog\/#\/schema\/logo\/image\/","url":"https:\/\/www.bandi.pl\/blog\/wp-content\/uploads\/2019\/06\/bandi-logo.png","contentUrl":"https:\/\/www.bandi.pl\/blog\/wp-content\/uploads\/2019\/06\/bandi-logo.png","width":264,"height":111,"caption":"BANDI"},"image":{"@id":"https:\/\/www.bandi.pl\/blog\/#\/schema\/logo\/image\/"},"sameAs":["https:\/\/web.facebook.com\/BANDIcosmetics","https:\/\/x.com\/bandi_cosmetics","https:\/\/www.instagram.com\/bandi_cosmetics\/","https:\/\/www.pinterest.com\/bandicosmetics\/","https:\/\/www.youtube.com\/user\/BandiCosmeticsPolska"]},{"@type":"Person","@id":"https:\/\/www.bandi.pl\/blog\/#\/schema\/person\/8dcde7da2fda2f8723d7ca03469e06be","name":"Magdalena Dzienisik","sameAs":["https:\/\/www.bandi.pl\/blog"]}]}},"_links":{"self":[{"href":"https:\/\/www.bandi.pl\/blog\/wp-json\/wp\/v2\/posts\/1711","targetHints":{"allow":["GET"]}}],"collection":[{"href":"https:\/\/www.bandi.pl\/blog\/wp-json\/wp\/v2\/posts"}],"about":[{"href":"https:\/\/www.bandi.pl\/blog\/wp-json\/wp\/v2\/types\/post"}],"author":[{"embeddable":true,"href":"https:\/\/www.bandi.pl\/blog\/wp-json\/wp\/v2\/users\/8"}],"replies":[{"embeddable":true,"href":"https:\/\/www.bandi.pl\/blog\/wp-json\/wp\/v2\/comments?post=1711"}],"version-history":[{"count":4,"href":"https:\/\/www.bandi.pl\/blog\/wp-json\/wp\/v2\/posts\/1711\/revisions"}],"predecessor-version":[{"id":5656,"href":"https:\/\/www.bandi.pl\/blog\/wp-json\/wp\/v2\/posts\/1711\/revisions\/5656"}],"wp:featuredmedia":[{"embeddable":true,"href":"https:\/\/www.bandi.pl\/blog\/wp-json\/wp\/v2\/media\/5652"}],"wp:attachment":[{"href":"https:\/\/www.bandi.pl\/blog\/wp-json\/wp\/v2\/media?parent=1711"}],"wp:term":[{"taxonomy":"category","embeddable":true,"href":"https:\/\/www.bandi.pl\/blog\/wp-json\/wp\/v2\/categories?post=1711"},{"taxonomy":"post_tag","embeddable":true,"href":"https:\/\/www.bandi.pl\/blog\/wp-json\/wp\/v2\/tags?post=1711"}],"curies":[{"name":"wp","href":"https:\/\/api.w.org\/{rel}","templated":true}]}}