{"id":16978,"date":"2023-07-06T08:33:06","date_gmt":"2023-07-06T06:33:06","guid":{"rendered":"https:\/\/www.bandi.pl\/blog\/?p=16978"},"modified":"2023-07-06T08:33:07","modified_gmt":"2023-07-06T06:33:07","slug":"skladniki-aktywne-niezbedne-skorze-w-czasie-lata","status":"publish","type":"post","link":"https:\/\/www.bandi.pl\/blog\/skladniki-aktywne-niezbedne-skorze-w-czasie-lata\/","title":{"rendered":"Sk\u0142adniki aktywne niezb\u0119dne sk\u00f3rze w czasie lata"},"content":{"rendered":"\n<p>Na rynku kosmetycznym dost\u0119pnych jest wiele kosmetyk\u00f3w. Maj\u0105 one r\u00f3\u017cne w\u0142a\u015bciwo\u015bci i dzia\u0142anie. Najwa\u017cniejszym elementem ka\u017cdego kosmetyku s\u0105 sk\u0142adniki aktywne. To przede wszystkim one odpowiadaj\u0105 za oddzia\u0142ywanie danego preparatu na nask\u00f3rek oraz g\u0142\u0119bsze warstwy sk\u00f3ry. <\/p>\n\n\n\n<h2 class=\"wp-block-heading\" id=\"h-sk-adniki-aktywne-na-lato\">Sk\u0142adniki aktywne na lato<\/h2>\n\n\n\n<p>Stosowanie kosmetyk\u00f3w, zawieraj\u0105cych okre\u015blone substancje aktywne, ma istotne znaczenie w okresie wzmo\u017conej ekspozycji na promieniowanie UV. Powinny by\u0107 to preparaty o dzia\u0142aniu m.in. \u0142agodz\u0105cym podra\u017cnienia, nawil\u017caj\u0105cym, koj\u0105cym, przeciwstarzeniowym i naprawczym. Poni\u017cej przedstawione zosta\u0142y sk\u0142adniki aktywne, kt\u00f3rych warto szuka\u0107 w kosmetykach stosowanych latem.<\/p>\n\n\n\n<h4 class=\"wp-block-heading\">Kwas hialuronowy<\/h4>\n\n\n\n<p>Nale\u017cy do najpopularniejszych nawil\u017caczy wykorzystywanych w kosmetykach. Dzi\u0119ki swoim w\u0142a\u015bciwo\u015bciom higroskopijnym posiada zdolno\u015b\u0107 wi\u0105zania du\u017cych ilo\u015bci wody. <a href=\"https:\/\/www.bandi.pl\/sklep\/katalog.php?wyr=kwas+hialuronowy\" target=\"_blank\" rel=\"noreferrer noopener\">Kwas hialuronowy<\/a> utrzymuje si\u0119 na sk\u00f3rze, tworz\u0105c cienk\u0105 b\u0142on\u0119 p\u00f3\u0142przepuszczaln\u0105 i chroni\u0105c przed odparowaniem wody. Silnie nawil\u017ca warstw\u0119 rogow\u0105 i daje natychmiastowy efekt wyg\u0142adzenia.<\/p>\n\n\n\n<h4 class=\"wp-block-heading\">D-pantenol<\/h4>\n\n\n\n<p>Jest to <a href=\"https:\/\/www.bandi.pl\/sklep\/katalog.php?wyr=d-pantenol\" target=\"_blank\" rel=\"noreferrer noopener\">pochodna witaminy B5<\/a>, nazywanej r\u00f3wnie\u017c kwasem pantotenowym. Posiada szerokie zastosowanie w funkcjonowaniu sk\u00f3ry. Wspomaga gojenie si\u0119 ran, hamuje stany zapalne b\u0142on \u015bluzowych, zmi\u0119kcza i nawil\u017ca nask\u00f3rek oraz ogranicza przeznask\u00f3rkow\u0105 utrat\u0119 wody. Pobudza tak\u017ce syntez\u0119 kolagenu, poprawia elastyczno\u015b\u0107, j\u0119drno\u015b\u0107 i mi\u0119kko\u015b\u0107 sk\u00f3ry. Dzia\u0142a przeciw\u015bwi\u0105dowo i przeciwzapalnie, wzmacnia barier\u0119 ochronn\u0105 sk\u00f3ry, \u0142agodzi rumie\u0144 i oparzenia pos\u0142oneczne oraz piel\u0119gnuje opalon\u0105 sk\u00f3r\u0119.<\/p>\n\n\n\n<figure class=\"wp-block-embed is-type-video is-provider-youtube wp-block-embed-youtube wp-embed-aspect-16-9 wp-has-aspect-ratio\"><div class=\"wp-block-embed__wrapper\">\n<iframe loading=\"lazy\" title=\"Silny wiatr? Przyda si\u0119 Koj\u0105ca emulsja z lukrecj\u0105\ud83d\udc96\" width=\"1080\" height=\"608\" src=\"https:\/\/www.youtube.com\/embed\/QspRf9UOO7Q?feature=oembed\"  allow=\"accelerometer; autoplay; clipboard-write; encrypted-media; gyroscope; picture-in-picture; web-share\" allowfullscreen><\/iframe>\n<\/div><\/figure>\n\n\n\n<h4 class=\"wp-block-heading\">Trehaloza<\/h4>\n\n\n\n<p>Jest to naturalny dwucukier, sk\u0142adaj\u0105cy si\u0119 z dw\u00f3ch cz\u0105steczek glukozy. Trehaloza pozwala na przetrwanie organizmom ci\u0119\u017ckich warunk\u00f3w \u015brodowiskowych. Wykazuje bardzo dobre dzia\u0142anie nawil\u017caj\u0105ce na sk\u00f3r\u0119, efektywnie wi\u0105\u017c\u0105c wod\u0119 i przywracaj\u0105c prawid\u0142owe nawil\u017cenie sk\u00f3ry. Ponadto <a href=\"https:\/\/www.bandi.pl\/sklep\/katalog.php?wyr=trehaloza\" target=\"_blank\" rel=\"noreferrer noopener\">trehaloza<\/a> wykazuje r\u00f3wnie\u017c w\u0142a\u015bciwo\u015bci ochronne, zapobiega uszkodzeniom sk\u00f3ry i w\u0142os\u00f3w, chroni przed szkodliwymi czynnikami zewn\u0119trznymi, takimi jak promieniowanie UV, substancje dra\u017cni\u0105ce czy zanieczyszczenia \u015brodowiska.<\/p>\n\n\n\n<h4 class=\"wp-block-heading\">Witamina E<\/h4>\n\n\n\n<p>Nazywana jest witamin\u0105 m\u0142odo\u015bci. Dzia\u0142anie fizjologiczne <a href=\"https:\/\/www.bandi.pl\/sklep\/katalog.php?wyr=witamina+E\" target=\"_blank\" rel=\"noreferrer noopener\">witaminy E<\/a> na sk\u00f3r\u0119 zwi\u0105zane jest z w\u0142a\u015bciwo\u015bciami ochronnymi. Przeciwdzia\u0142a ona zmianom starczym i degeneracyjnym sk\u00f3ry, chroni przed dzia\u0142aniem niekorzystnych czynnik\u00f3w \u015brodowiskowych, takich promieniowanie UV, ozon czy smog. Wykazuje tak\u017ce w\u0142a\u015bciwo\u015bci przeciwobrz\u0119kowe, koj\u0105ce, nawil\u017caj\u0105ce, uelastyczniaj\u0105ce, ochronne, wyg\u0142adzaj\u0105ce i uj\u0119drniaj\u0105ce sk\u00f3r\u0119. Przyspiesza gojenie oparze\u0144, a tak\u017ce wspiera redukcj\u0119 przebarwie\u0144.<\/p>\n\n\n\n<h4 class=\"wp-block-heading\">Ektoina<\/h4>\n\n\n\n<p>Jest silnym, wielofunkcyjnym sk\u0142adnikiem aktywnym z wyj\u0105tkow\u0105 skuteczno\u015bci\u0105. Chroni sk\u00f3r\u0119 przed starzeniem, ograniczaj\u0105c wp\u0142yw czynnik\u00f3w zewn\u0119trznych i stresowych, takich jak promieniowanie, wiatr, wilgo\u0107, ekstremalne temperatury. Zapewnia d\u0142ugotrwa\u0142e nawil\u017cenie, poprawia barier\u0119 sk\u00f3rn\u0105, wzmacnia mechanizmy regeneracyjne. <a href=\"https:\/\/www.bandi.pl\/sklep\/katalog.php?wyr=ektoina\" target=\"_blank\" rel=\"noreferrer noopener\">Ektoina<\/a> \u0142agodzi tak\u017ce podra\u017cnienia.<\/p>\n\n\n\n<h4 class=\"wp-block-heading\">Olej marula<\/h4>\n\n\n\n<p>Jeden z olej\u00f3w, kt\u00f3ry mo\u017ce si\u0119 przyda\u0107 w ka\u017cdej kosmetyczce. Wykazuje dzia\u0142anie antyoksydacyjne, dzi\u0119ki zawarto\u015bci witamin E i C. Spowalnia tym samym starzenie si\u0119 sk\u00f3ry. Dodatkowo nawil\u017ca i regeneruje, chroni przed nadmiern\u0105 utrat\u0105 wody i wspomaga regeneracj\u0119 naturalnego p\u0142aszcza hydrolipidowego. Dzia\u0142a przeciwzapalnie i antybakteryjnie. <a href=\"https:\/\/www.bandi.pl\/sklep\/katalog.php?wyr=marula\" target=\"_blank\" rel=\"noreferrer noopener\">Olej marula<\/a> poprawia elastyczno\u015b\u0107 sk\u00f3ry, uj\u0119drnia oraz wykazuje dzia\u0142anie ochronne przed czynnikami \u015brodowiskowymi.<\/p>\n\n\n\n<figure class=\"wp-block-embed is-type-video is-provider-youtube wp-block-embed-youtube wp-embed-aspect-16-9 wp-has-aspect-ratio\"><div class=\"wp-block-embed__wrapper\">\n<iframe loading=\"lazy\" title=\"Olej marula - TOP 5 powod\u00f3w, aby pozna\u0107 go ze swoj\u0105 sk\u00f3r\u0105 i w\u0142osami!\" width=\"1080\" height=\"608\" src=\"https:\/\/www.youtube.com\/embed\/ru674ZIOmyQ?feature=oembed\"  allow=\"accelerometer; autoplay; clipboard-write; encrypted-media; gyroscope; picture-in-picture; web-share\" allowfullscreen><\/iframe>\n<\/div><\/figure>\n\n\n\n<h4 class=\"wp-block-heading\">Skwalan<\/h4>\n\n\n\n<p>Sk\u0142adnik ten jest naturalnie obecny w warstwie rogowej nask\u00f3rka, pe\u0142ni\u0105cej funkcje barierowe. Wykazuje doskona\u0142e w\u0142a\u015bciwo\u015bci d\u0142ugotrwa\u0142ego nawil\u017cenia sk\u00f3ry. Zmi\u0119kcza i wyg\u0142adza sk\u00f3r\u0119 oraz wykazuje dzia\u0142anie przeciwzmarszczkowe. Niweluje tak\u017ce stany zapalne sk\u00f3ry i koi podra\u017cnienia. <a href=\"https:\/\/www.bandi.pl\/sklep\/katalog.php?wyr=skwalan\" target=\"_blank\" rel=\"noreferrer noopener\">Skwalan<\/a> dzi\u0119ki swoim niezwyk\u0142ym w\u0142a\u015bciwo\u015bciom nawil\u017caj\u0105cym oraz zdolno\u015bci do przenikania w g\u0142\u0105b sk\u00f3ry sta\u0142 si\u0119 jednym z najcz\u0119\u015bciej stosowanych sk\u0142adnik\u00f3w w produktach kosmetycznych.<\/p>\n\n\n\n<h4 class=\"wp-block-heading\">Azeloglicyna<\/h4>\n\n\n\n<p>Jest to multifunkcyjny surowiec o szerokim spektrum dzia\u0142ania. Charakteryzuje si\u0119 bardzo dobr\u0105 zdolno\u015bci\u0105 do rozja\u015bniania przebarwie\u0144 pos\u0142onecznych i pozapalnych. Zwi\u0119ksza poziom nawil\u017cenia oraz elastyczno\u015bci sk\u00f3ry. <a href=\"https:\/\/www.bandi.pl\/sklep\/katalog.php?wyr=azeloglicyna\" target=\"_blank\" rel=\"noreferrer noopener\">Azeloglicyna<\/a> wykazuje r\u00f3wnie\u017c dzia\u0142anie antybakteryjne oraz normalizuje wydzielanie sebum.<\/p>\n\n\n\n<p><\/p>\n\n\n\n<div class=\"wp-block-divi-layout\">[et_pb_section admin_label=&#8221;section&#8221;][et_pb_row admin_label=&#8221;row&#8221;][\/et_pb_row][\/et_pb_section]<\/div>\n\n\n\n<div class=\"wp-block-divi-layout\">[et_pb_section fb_built=&#8221;1&#8243; _builder_version=&#8221;4.21.0&#8243; _module_preset=&#8221;default&#8221; global_colors_info=&#8221;{}&#8221;][\/et_pb_section][et_pb_section fb_built=&#8221;1&#8243; _builder_version=&#8221;4.16&#8243; top_divider_style=&#8221;arrow&#8221; top_divider_color=&#8221;rgba(255,166,168,0.75)&#8221; top_divider_height=&#8221;1px&#8221; bottom_divider_style=&#8221;arrow&#8221; bottom_divider_color=&#8221;rgba(255,166,168,0.75)&#8221; bottom_divider_height=&#8221;1px&#8221; global_colors_info=&#8221;{}&#8221;][et_pb_row column_structure=&#8221;1_2,1_2&#8243; _builder_version=&#8221;4.16&#8243; width=&#8221;100%&#8221; module_alignment=&#8221;left&#8221; custom_margin=&#8221;||||false|false&#8221; global_colors_info=&#8221;{}&#8221;][et_pb_column type=&#8221;1_2&#8243; _builder_version=&#8221;4.16&#8243; global_colors_info=&#8221;{}&#8221;][et_pb_text _builder_version=&#8221;4.21.0&#8243; text_font=&#8221;Raleway Bold||||||||&#8221; text_text_color=&#8221;rgba(255,166,168,0.75)&#8221; text_font_size=&#8221;55px&#8221; text_letter_spacing=&#8221;9px&#8221; text_line_height=&#8221;1em&#8221; header_font_size=&#8221;39px&#8221; min_height=&#8221;23px&#8221; custom_margin=&#8221;40px||||false|false&#8221; link_option_url=&#8221;https:\/\/www.bandi.pl\/sklep\/lp\/letni-festiwal\/&#8221; inline_fonts=&#8221;Raleway Bold&#8221; global_colors_info=&#8221;{}&#8221;]<p style=\"text-align: center\"><span style=\"font-size: xx-large;font-family: inherit;font-weight: normal\"><strong>LETNI FESTIWAL CENOWY<\/strong><\/span><\/p>\n<p style=\"text-align: center\"><span style=\"font-size: xx-large;font-family: inherit;font-weight: normal\"><strong><\/strong><\/span><\/p>[\/et_pb_text][et_pb_text _builder_version=&#8221;4.21.0&#8243; text_font=&#8221;Raleway Regular||||||||&#8221; text_text_color=&#8221;#b8b8b8&#8243; text_font_size=&#8221;22px&#8221; text_line_height=&#8221;1.5em&#8221; link_option_url=&#8221;https:\/\/www.bandi.pl\/sklep\/lp\/letni-festiwal\/&#8221; global_colors_info=&#8221;{}&#8221;]<p style=\"text-align: center;\">Twoje ulubione kosmetyki <br>w wyj\u0105tkowych cenach!<\/p>[\/et_pb_text][et_pb_button button_url=&#8221;https:\/\/www.bandi.pl\/sklep\/lp\/letni-festiwal\/&#8221; button_text=&#8221;ZOBACZ&#8221; button_alignment=&#8221;center&#8221; disabled_on=&#8221;off|off|off&#8221; _builder_version=&#8221;4.21.0&#8243; custom_button=&#8221;on&#8221; button_text_size=&#8221;20px&#8221; button_text_color=&#8221;#ffffff&#8221; button_border_radius=&#8221;25px&#8221; button_font=&#8221;Bree Serif||||||||&#8221; background_layout=&#8221;dark&#8221; custom_padding=&#8221;12px|30px|12px|30px|true|true&#8221; hover_transition_duration=&#8221;0ms&#8221; box_shadow_style=&#8221;preset3&#8243; global_colors_info=&#8221;{}&#8221;][\/et_pb_button][\/et_pb_column][et_pb_column type=&#8221;1_2&#8243; _builder_version=&#8221;4.16&#8243; global_colors_info=&#8221;{}&#8221;][et_pb_image src=&#8221;https:\/\/www.bandi.pl\/blog\/wp-content\/uploads\/2023\/07\/20230614-IMG_7452-scaled.jpg&#8221; title_text=&#8221;20230614-IMG_7452&#8243; url=&#8221;https:\/\/www.bandi.pl\/sklep\/lp\/letni-festiwal\/&#8221; align=&#8221;center&#8221; _builder_version=&#8221;4.21.0&#8243; width=&#8221;100%&#8221; global_colors_info=&#8221;{}&#8221;][\/et_pb_image][\/et_pb_column][\/et_pb_row][\/et_pb_section]<\/div>\n","protected":false},"excerpt":{"rendered":"<p>Na rynku kosmetycznym dost\u0119pnych jest wiele kosmetyk\u00f3w. Maj\u0105 one r\u00f3\u017cne w\u0142a\u015bciwo\u015bci i dzia\u0142anie. Najwa\u017cniejszym elementem ka\u017cdego kosmetyku s\u0105 sk\u0142adniki aktywne. To przede wszystkim one odpowiadaj\u0105 za oddzia\u0142ywanie danego preparatu na nask\u00f3rek oraz g\u0142\u0119bsze warstwy sk\u00f3ry. Sk\u0142adniki aktywne na lato Stosowanie kosmetyk\u00f3w, zawieraj\u0105cych okre\u015blone substancje aktywne, ma istotne znaczenie w okresie wzmo\u017conej ekspozycji na promieniowanie UV. [&hellip;]<\/p>\n","protected":false},"author":13,"featured_media":16987,"comment_status":"open","ping_status":"closed","sticky":false,"template":"","format":"standard","meta":{"_et_pb_use_builder":"off","_et_pb_old_content":"","_et_gb_content_width":"","footnotes":""},"categories":[7677,1771],"tags":[3412,3445,7895,7888,6568,4232,4031,7891,7332,7889,7893,58,7896,7744,7892,4230,5868,7033,7890],"class_list":["post-16978","post","type-post","status-publish","format-standard","has-post-thumbnail","hentry","category-grazyna-jakusz","category-kategoria-surowce-i-szczypta-chemii","tag-anti-irritate","tag-bandi","tag-jaki-krem-nawilzajacy","tag-kaki-krem-na-lato","tag-kosmetyki-na-lato","tag-kosmetyki-profesjonalne","tag-krem-nawilzajacy","tag-krem-z-azeloglicyna","tag-krem-z-kwasem-hialuronowym","tag-krem-z-trehaloza","tag-krem-z-witamina-e","tag-kwas-hialuronowy","tag-lekki-krem-nawilzajacy-3","tag-olej-marula-na-wlosy","tag-olej-marula-nawilzajacy","tag-pielegnacja-profesjonalna","tag-pielegnacja-twarzy","tag-przeciwzmarszczkowy-krem","tag-tonik-z-trehaloza"],"yoast_head":"<!-- This site is optimized with the Yoast SEO plugin v27.1.1 - https:\/\/yoast.com\/product\/yoast-seo-wordpress\/ -->\n<title>Sk\u0142adniki aktywne niezb\u0119dne sk\u00f3rze w czasie lata &#187; Blog BANDI<\/title>\n<meta name=\"description\" content=\"W okresie lata sprawdz\u0105 si\u0119 kosmetyki zawieraj\u0105ce sk\u0142adniki aktywne o dzia\u0142aniu \u0142agodz\u0105cym, nawil\u017caj\u0105cym, przeciwstarzeniowym i naprawczym.\" \/>\n<meta name=\"robots\" content=\"index, follow, max-snippet:-1, max-image-preview:large, max-video-preview:-1\" \/>\n<link rel=\"canonical\" href=\"https:\/\/www.bandi.pl\/blog\/skladniki-aktywne-niezbedne-skorze-w-czasie-lata\/\" \/>\n<meta property=\"og:locale\" content=\"pl_PL\" \/>\n<meta property=\"og:type\" content=\"article\" \/>\n<meta property=\"og:title\" content=\"Sk\u0142adniki aktywne niezb\u0119dne sk\u00f3rze w czasie lata &#187; Blog BANDI\" \/>\n<meta property=\"og:description\" content=\"W okresie lata sprawdz\u0105 si\u0119 kosmetyki zawieraj\u0105ce sk\u0142adniki aktywne o dzia\u0142aniu \u0142agodz\u0105cym, nawil\u017caj\u0105cym, przeciwstarzeniowym i naprawczym.\" \/>\n<meta property=\"og:url\" content=\"https:\/\/www.bandi.pl\/blog\/skladniki-aktywne-niezbedne-skorze-w-czasie-lata\/\" \/>\n<meta property=\"og:site_name\" content=\"Blog BANDI\" \/>\n<meta property=\"article:publisher\" content=\"https:\/\/web.facebook.com\/BANDIcosmetics\" \/>\n<meta property=\"article:published_time\" content=\"2023-07-06T06:33:06+00:00\" \/>\n<meta property=\"article:modified_time\" content=\"2023-07-06T06:33:07+00:00\" \/>\n<meta property=\"og:image\" content=\"https:\/\/www.bandi.pl\/blog\/wp-content\/uploads\/2023\/07\/Projekt-bez-nazwy-2-705x500.png\" \/>\n\t<meta property=\"og:image:width\" content=\"705\" \/>\n\t<meta property=\"og:image:height\" content=\"500\" \/>\n\t<meta property=\"og:image:type\" content=\"image\/png\" \/>\n<meta name=\"author\" content=\"Ilona Kiraga\" \/>\n<meta name=\"twitter:card\" content=\"summary_large_image\" \/>\n<meta name=\"twitter:creator\" content=\"@bandi_cosmetics\" \/>\n<meta name=\"twitter:site\" content=\"@bandi_cosmetics\" \/>\n<meta name=\"twitter:label1\" content=\"Napisane przez\" \/>\n\t<meta name=\"twitter:data1\" content=\"Ilona Kiraga\" \/>\n\t<meta name=\"twitter:label2\" content=\"Szacowany czas czytania\" \/>\n\t<meta name=\"twitter:data2\" content=\"4 minuty\" \/>\n<script type=\"application\/ld+json\" class=\"yoast-schema-graph\">{\"@context\":\"https:\/\/schema.org\",\"@graph\":[{\"@type\":\"Article\",\"@id\":\"https:\/\/www.bandi.pl\/blog\/skladniki-aktywne-niezbedne-skorze-w-czasie-lata\/#article\",\"isPartOf\":{\"@id\":\"https:\/\/www.bandi.pl\/blog\/skladniki-aktywne-niezbedne-skorze-w-czasie-lata\/\"},\"author\":{\"name\":\"Ilona Kiraga\",\"@id\":\"https:\/\/www.bandi.pl\/blog\/#\/schema\/person\/5ba05af1a18c58f1c31d4ae051ec9499\"},\"headline\":\"Sk\u0142adniki aktywne niezb\u0119dne sk\u00f3rze w czasie lata\",\"datePublished\":\"2023-07-06T06:33:06+00:00\",\"dateModified\":\"2023-07-06T06:33:07+00:00\",\"mainEntityOfPage\":{\"@id\":\"https:\/\/www.bandi.pl\/blog\/skladniki-aktywne-niezbedne-skorze-w-czasie-lata\/\"},\"wordCount\":1029,\"commentCount\":0,\"publisher\":{\"@id\":\"https:\/\/www.bandi.pl\/blog\/#organization\"},\"image\":{\"@id\":\"https:\/\/www.bandi.pl\/blog\/skladniki-aktywne-niezbedne-skorze-w-czasie-lata\/#primaryimage\"},\"thumbnailUrl\":\"https:\/\/www.bandi.pl\/blog\/wp-content\/uploads\/2023\/07\/Projekt-bez-nazwy-2.png\",\"keywords\":[\"anti irritate\",\"Bandi\",\"jaki krem nawil\u017caj\u0105cy\",\"kaki krem na lato\",\"kosmetyki na lato\",\"kosmetyki profesjonalne\",\"krem nawil\u017cajacy\",\"krem z azeloglicyn\u0105\",\"krem z kwasem hialuronowym\",\"krem z trehaloz\u0105\",\"krem z witamin\u0105 E\",\"kwas hialuronowy\",\"lekki krem nawilzaj\u0105cy\",\"olej marula na w\u0142osy\",\"olej marula nawil\u017caj\u0105cy\",\"piel\u0119gnacja profesjonalna\",\"piel\u0119gnacja twarzy\",\"przeciwzmarszczkowy krem\",\"tonik z trehaloz\u0105\"],\"articleSection\":[\"Gra\u017cyna Jakusz\",\"Surowce i szczypta chemii\"],\"inLanguage\":\"pl-PL\",\"potentialAction\":[{\"@type\":\"CommentAction\",\"name\":\"Comment\",\"target\":[\"https:\/\/www.bandi.pl\/blog\/skladniki-aktywne-niezbedne-skorze-w-czasie-lata\/#respond\"]}]},{\"@type\":\"WebPage\",\"@id\":\"https:\/\/www.bandi.pl\/blog\/skladniki-aktywne-niezbedne-skorze-w-czasie-lata\/\",\"url\":\"https:\/\/www.bandi.pl\/blog\/skladniki-aktywne-niezbedne-skorze-w-czasie-lata\/\",\"name\":\"Sk\u0142adniki aktywne niezb\u0119dne sk\u00f3rze w czasie lata &#187; Blog BANDI\",\"isPartOf\":{\"@id\":\"https:\/\/www.bandi.pl\/blog\/#website\"},\"primaryImageOfPage\":{\"@id\":\"https:\/\/www.bandi.pl\/blog\/skladniki-aktywne-niezbedne-skorze-w-czasie-lata\/#primaryimage\"},\"image\":{\"@id\":\"https:\/\/www.bandi.pl\/blog\/skladniki-aktywne-niezbedne-skorze-w-czasie-lata\/#primaryimage\"},\"thumbnailUrl\":\"https:\/\/www.bandi.pl\/blog\/wp-content\/uploads\/2023\/07\/Projekt-bez-nazwy-2.png\",\"datePublished\":\"2023-07-06T06:33:06+00:00\",\"dateModified\":\"2023-07-06T06:33:07+00:00\",\"description\":\"W okresie lata sprawdz\u0105 si\u0119 kosmetyki zawieraj\u0105ce sk\u0142adniki aktywne o dzia\u0142aniu \u0142agodz\u0105cym, nawil\u017caj\u0105cym, przeciwstarzeniowym i naprawczym.\",\"breadcrumb\":{\"@id\":\"https:\/\/www.bandi.pl\/blog\/skladniki-aktywne-niezbedne-skorze-w-czasie-lata\/#breadcrumb\"},\"inLanguage\":\"pl-PL\",\"potentialAction\":[{\"@type\":\"ReadAction\",\"target\":[\"https:\/\/www.bandi.pl\/blog\/skladniki-aktywne-niezbedne-skorze-w-czasie-lata\/\"]}]},{\"@type\":\"ImageObject\",\"inLanguage\":\"pl-PL\",\"@id\":\"https:\/\/www.bandi.pl\/blog\/skladniki-aktywne-niezbedne-skorze-w-czasie-lata\/#primaryimage\",\"url\":\"https:\/\/www.bandi.pl\/blog\/wp-content\/uploads\/2023\/07\/Projekt-bez-nazwy-2.png\",\"contentUrl\":\"https:\/\/www.bandi.pl\/blog\/wp-content\/uploads\/2023\/07\/Projekt-bez-nazwy-2.png\",\"width\":5463,\"height\":3875,\"caption\":\"sk\u0142adniki kosmetyk\u00f3w\"},{\"@type\":\"BreadcrumbList\",\"@id\":\"https:\/\/www.bandi.pl\/blog\/skladniki-aktywne-niezbedne-skorze-w-czasie-lata\/#breadcrumb\",\"itemListElement\":[{\"@type\":\"ListItem\",\"position\":1,\"name\":\"BANDI\",\"item\":\"https:\/\/www.bandi.pl\/blog\/\"},{\"@type\":\"ListItem\",\"position\":2,\"name\":\"Sk\u0142adniki aktywne niezb\u0119dne sk\u00f3rze w czasie lata\"}]},{\"@type\":\"WebSite\",\"@id\":\"https:\/\/www.bandi.pl\/blog\/#website\",\"url\":\"https:\/\/www.bandi.pl\/blog\/\",\"name\":\"Blog BANDI\",\"description\":\"Czarno na bia\u0142ym o kosmetykach\",\"publisher\":{\"@id\":\"https:\/\/www.bandi.pl\/blog\/#organization\"},\"potentialAction\":[{\"@type\":\"SearchAction\",\"target\":{\"@type\":\"EntryPoint\",\"urlTemplate\":\"https:\/\/www.bandi.pl\/blog\/?s={search_term_string}\"},\"query-input\":{\"@type\":\"PropertyValueSpecification\",\"valueRequired\":true,\"valueName\":\"search_term_string\"}}],\"inLanguage\":\"pl-PL\"},{\"@type\":\"Organization\",\"@id\":\"https:\/\/www.bandi.pl\/blog\/#organization\",\"name\":\"BANDI\",\"url\":\"https:\/\/www.bandi.pl\/blog\/\",\"logo\":{\"@type\":\"ImageObject\",\"inLanguage\":\"pl-PL\",\"@id\":\"https:\/\/www.bandi.pl\/blog\/#\/schema\/logo\/image\/\",\"url\":\"https:\/\/www.bandi.pl\/blog\/wp-content\/uploads\/2019\/06\/bandi-logo.png\",\"contentUrl\":\"https:\/\/www.bandi.pl\/blog\/wp-content\/uploads\/2019\/06\/bandi-logo.png\",\"width\":264,\"height\":111,\"caption\":\"BANDI\"},\"image\":{\"@id\":\"https:\/\/www.bandi.pl\/blog\/#\/schema\/logo\/image\/\"},\"sameAs\":[\"https:\/\/web.facebook.com\/BANDIcosmetics\",\"https:\/\/x.com\/bandi_cosmetics\",\"https:\/\/www.instagram.com\/bandi_cosmetics\/\",\"https:\/\/www.pinterest.com\/bandicosmetics\/\",\"https:\/\/www.youtube.com\/user\/BandiCosmeticsPolska\"]},{\"@type\":\"Person\",\"@id\":\"https:\/\/www.bandi.pl\/blog\/#\/schema\/person\/5ba05af1a18c58f1c31d4ae051ec9499\",\"name\":\"Ilona Kiraga\"}]}<\/script>\n<!-- \/ Yoast SEO plugin. -->","yoast_head_json":{"title":"Sk\u0142adniki aktywne niezb\u0119dne sk\u00f3rze w czasie lata &#187; Blog BANDI","description":"W okresie lata sprawdz\u0105 si\u0119 kosmetyki zawieraj\u0105ce sk\u0142adniki aktywne o dzia\u0142aniu \u0142agodz\u0105cym, nawil\u017caj\u0105cym, przeciwstarzeniowym i naprawczym.","robots":{"index":"index","follow":"follow","max-snippet":"max-snippet:-1","max-image-preview":"max-image-preview:large","max-video-preview":"max-video-preview:-1"},"canonical":"https:\/\/www.bandi.pl\/blog\/skladniki-aktywne-niezbedne-skorze-w-czasie-lata\/","og_locale":"pl_PL","og_type":"article","og_title":"Sk\u0142adniki aktywne niezb\u0119dne sk\u00f3rze w czasie lata &#187; Blog BANDI","og_description":"W okresie lata sprawdz\u0105 si\u0119 kosmetyki zawieraj\u0105ce sk\u0142adniki aktywne o dzia\u0142aniu \u0142agodz\u0105cym, nawil\u017caj\u0105cym, przeciwstarzeniowym i naprawczym.","og_url":"https:\/\/www.bandi.pl\/blog\/skladniki-aktywne-niezbedne-skorze-w-czasie-lata\/","og_site_name":"Blog BANDI","article_publisher":"https:\/\/web.facebook.com\/BANDIcosmetics","article_published_time":"2023-07-06T06:33:06+00:00","article_modified_time":"2023-07-06T06:33:07+00:00","og_image":[{"width":705,"height":500,"url":"https:\/\/www.bandi.pl\/blog\/wp-content\/uploads\/2023\/07\/Projekt-bez-nazwy-2-705x500.png","type":"image\/png"}],"author":"Ilona Kiraga","twitter_card":"summary_large_image","twitter_creator":"@bandi_cosmetics","twitter_site":"@bandi_cosmetics","twitter_misc":{"Napisane przez":"Ilona Kiraga","Szacowany czas czytania":"4 minuty"},"schema":{"@context":"https:\/\/schema.org","@graph":[{"@type":"Article","@id":"https:\/\/www.bandi.pl\/blog\/skladniki-aktywne-niezbedne-skorze-w-czasie-lata\/#article","isPartOf":{"@id":"https:\/\/www.bandi.pl\/blog\/skladniki-aktywne-niezbedne-skorze-w-czasie-lata\/"},"author":{"name":"Ilona Kiraga","@id":"https:\/\/www.bandi.pl\/blog\/#\/schema\/person\/5ba05af1a18c58f1c31d4ae051ec9499"},"headline":"Sk\u0142adniki aktywne niezb\u0119dne sk\u00f3rze w czasie lata","datePublished":"2023-07-06T06:33:06+00:00","dateModified":"2023-07-06T06:33:07+00:00","mainEntityOfPage":{"@id":"https:\/\/www.bandi.pl\/blog\/skladniki-aktywne-niezbedne-skorze-w-czasie-lata\/"},"wordCount":1029,"commentCount":0,"publisher":{"@id":"https:\/\/www.bandi.pl\/blog\/#organization"},"image":{"@id":"https:\/\/www.bandi.pl\/blog\/skladniki-aktywne-niezbedne-skorze-w-czasie-lata\/#primaryimage"},"thumbnailUrl":"https:\/\/www.bandi.pl\/blog\/wp-content\/uploads\/2023\/07\/Projekt-bez-nazwy-2.png","keywords":["anti irritate","Bandi","jaki krem nawil\u017caj\u0105cy","kaki krem na lato","kosmetyki na lato","kosmetyki profesjonalne","krem nawil\u017cajacy","krem z azeloglicyn\u0105","krem z kwasem hialuronowym","krem z trehaloz\u0105","krem z witamin\u0105 E","kwas hialuronowy","lekki krem nawilzaj\u0105cy","olej marula na w\u0142osy","olej marula nawil\u017caj\u0105cy","piel\u0119gnacja profesjonalna","piel\u0119gnacja twarzy","przeciwzmarszczkowy krem","tonik z trehaloz\u0105"],"articleSection":["Gra\u017cyna Jakusz","Surowce i szczypta chemii"],"inLanguage":"pl-PL","potentialAction":[{"@type":"CommentAction","name":"Comment","target":["https:\/\/www.bandi.pl\/blog\/skladniki-aktywne-niezbedne-skorze-w-czasie-lata\/#respond"]}]},{"@type":"WebPage","@id":"https:\/\/www.bandi.pl\/blog\/skladniki-aktywne-niezbedne-skorze-w-czasie-lata\/","url":"https:\/\/www.bandi.pl\/blog\/skladniki-aktywne-niezbedne-skorze-w-czasie-lata\/","name":"Sk\u0142adniki aktywne niezb\u0119dne sk\u00f3rze w czasie lata &#187; Blog BANDI","isPartOf":{"@id":"https:\/\/www.bandi.pl\/blog\/#website"},"primaryImageOfPage":{"@id":"https:\/\/www.bandi.pl\/blog\/skladniki-aktywne-niezbedne-skorze-w-czasie-lata\/#primaryimage"},"image":{"@id":"https:\/\/www.bandi.pl\/blog\/skladniki-aktywne-niezbedne-skorze-w-czasie-lata\/#primaryimage"},"thumbnailUrl":"https:\/\/www.bandi.pl\/blog\/wp-content\/uploads\/2023\/07\/Projekt-bez-nazwy-2.png","datePublished":"2023-07-06T06:33:06+00:00","dateModified":"2023-07-06T06:33:07+00:00","description":"W okresie lata sprawdz\u0105 si\u0119 kosmetyki zawieraj\u0105ce sk\u0142adniki aktywne o dzia\u0142aniu \u0142agodz\u0105cym, nawil\u017caj\u0105cym, przeciwstarzeniowym i naprawczym.","breadcrumb":{"@id":"https:\/\/www.bandi.pl\/blog\/skladniki-aktywne-niezbedne-skorze-w-czasie-lata\/#breadcrumb"},"inLanguage":"pl-PL","potentialAction":[{"@type":"ReadAction","target":["https:\/\/www.bandi.pl\/blog\/skladniki-aktywne-niezbedne-skorze-w-czasie-lata\/"]}]},{"@type":"ImageObject","inLanguage":"pl-PL","@id":"https:\/\/www.bandi.pl\/blog\/skladniki-aktywne-niezbedne-skorze-w-czasie-lata\/#primaryimage","url":"https:\/\/www.bandi.pl\/blog\/wp-content\/uploads\/2023\/07\/Projekt-bez-nazwy-2.png","contentUrl":"https:\/\/www.bandi.pl\/blog\/wp-content\/uploads\/2023\/07\/Projekt-bez-nazwy-2.png","width":5463,"height":3875,"caption":"sk\u0142adniki kosmetyk\u00f3w"},{"@type":"BreadcrumbList","@id":"https:\/\/www.bandi.pl\/blog\/skladniki-aktywne-niezbedne-skorze-w-czasie-lata\/#breadcrumb","itemListElement":[{"@type":"ListItem","position":1,"name":"BANDI","item":"https:\/\/www.bandi.pl\/blog\/"},{"@type":"ListItem","position":2,"name":"Sk\u0142adniki aktywne niezb\u0119dne sk\u00f3rze w czasie lata"}]},{"@type":"WebSite","@id":"https:\/\/www.bandi.pl\/blog\/#website","url":"https:\/\/www.bandi.pl\/blog\/","name":"Blog BANDI","description":"Czarno na bia\u0142ym o kosmetykach","publisher":{"@id":"https:\/\/www.bandi.pl\/blog\/#organization"},"potentialAction":[{"@type":"SearchAction","target":{"@type":"EntryPoint","urlTemplate":"https:\/\/www.bandi.pl\/blog\/?s={search_term_string}"},"query-input":{"@type":"PropertyValueSpecification","valueRequired":true,"valueName":"search_term_string"}}],"inLanguage":"pl-PL"},{"@type":"Organization","@id":"https:\/\/www.bandi.pl\/blog\/#organization","name":"BANDI","url":"https:\/\/www.bandi.pl\/blog\/","logo":{"@type":"ImageObject","inLanguage":"pl-PL","@id":"https:\/\/www.bandi.pl\/blog\/#\/schema\/logo\/image\/","url":"https:\/\/www.bandi.pl\/blog\/wp-content\/uploads\/2019\/06\/bandi-logo.png","contentUrl":"https:\/\/www.bandi.pl\/blog\/wp-content\/uploads\/2019\/06\/bandi-logo.png","width":264,"height":111,"caption":"BANDI"},"image":{"@id":"https:\/\/www.bandi.pl\/blog\/#\/schema\/logo\/image\/"},"sameAs":["https:\/\/web.facebook.com\/BANDIcosmetics","https:\/\/x.com\/bandi_cosmetics","https:\/\/www.instagram.com\/bandi_cosmetics\/","https:\/\/www.pinterest.com\/bandicosmetics\/","https:\/\/www.youtube.com\/user\/BandiCosmeticsPolska"]},{"@type":"Person","@id":"https:\/\/www.bandi.pl\/blog\/#\/schema\/person\/5ba05af1a18c58f1c31d4ae051ec9499","name":"Ilona Kiraga"}]}},"_links":{"self":[{"href":"https:\/\/www.bandi.pl\/blog\/wp-json\/wp\/v2\/posts\/16978","targetHints":{"allow":["GET"]}}],"collection":[{"href":"https:\/\/www.bandi.pl\/blog\/wp-json\/wp\/v2\/posts"}],"about":[{"href":"https:\/\/www.bandi.pl\/blog\/wp-json\/wp\/v2\/types\/post"}],"author":[{"embeddable":true,"href":"https:\/\/www.bandi.pl\/blog\/wp-json\/wp\/v2\/users\/13"}],"replies":[{"embeddable":true,"href":"https:\/\/www.bandi.pl\/blog\/wp-json\/wp\/v2\/comments?post=16978"}],"version-history":[{"count":19,"href":"https:\/\/www.bandi.pl\/blog\/wp-json\/wp\/v2\/posts\/16978\/revisions"}],"predecessor-version":[{"id":17060,"href":"https:\/\/www.bandi.pl\/blog\/wp-json\/wp\/v2\/posts\/16978\/revisions\/17060"}],"wp:featuredmedia":[{"embeddable":true,"href":"https:\/\/www.bandi.pl\/blog\/wp-json\/wp\/v2\/media\/16987"}],"wp:attachment":[{"href":"https:\/\/www.bandi.pl\/blog\/wp-json\/wp\/v2\/media?parent=16978"}],"wp:term":[{"taxonomy":"category","embeddable":true,"href":"https:\/\/www.bandi.pl\/blog\/wp-json\/wp\/v2\/categories?post=16978"},{"taxonomy":"post_tag","embeddable":true,"href":"https:\/\/www.bandi.pl\/blog\/wp-json\/wp\/v2\/tags?post=16978"}],"curies":[{"name":"wp","href":"https:\/\/api.w.org\/{rel}","templated":true}]}}