{"id":16260,"date":"2023-04-11T10:49:33","date_gmt":"2023-04-11T08:49:33","guid":{"rendered":"https:\/\/www.bandi.pl\/blog\/?p=16260"},"modified":"2023-04-13T08:26:02","modified_gmt":"2023-04-13T06:26:02","slug":"kosmetyki-hipoalergiczne-co-to-oznacza","status":"publish","type":"post","link":"https:\/\/www.bandi.pl\/blog\/kosmetyki-hipoalergiczne-co-to-oznacza\/","title":{"rendered":"Kosmetyki hipoalergiczne &#8211; co to oznacza?"},"content":{"rendered":"\n<p>Zgodnie z definicj\u0105 zawart\u0105 w artykule 2 Rozporz\u0105dzenia 1223\/2009:<\/p>\n\n\n\n<p><em><strong>\u201eprodukt kosmetyczny&nbsp;oznacza ka\u017cd\u0105 substancj\u0119 lub mieszanin\u0119 przeznaczon\u0105 do kontaktu z zewn\u0119trznymi cz\u0119\u015bciami cia\u0142a ludzkiego (nask\u00f3rkiem, ow\u0142osieniem, paznokciami, wargami oraz zewn\u0119trznymi narz\u0105dami p\u0142ciowymi) lub z z\u0119bami oraz b\u0142onami \u015bluzowymi jamy ustnej, kt\u00f3rego wy\u0142\u0105cznym lub g\u0142\u00f3wnym celem jest utrzymywanie ich w czysto\u015bci, perfumowanie, zmiana ich wygl\u0105du, ochrona, utrzymywanie w dobrej kondycji lub korygowanie zapachu cia\u0142a\u201d<\/strong><\/em><\/p>\n\n\n\n<p>Kosmetyki hipoalergiczne r\u00f3wnie\u017c podlegaj\u0105 tej definicji, jednak ju\u017c na etapie projektowania ich sk\u0142ad i w\u0142a\u015bciwo\u015bci podlegaj\u0105 szczeg\u00f3\u0142owej analizie. <\/p>\n\n\n\n<h2 class=\"wp-block-heading\" id=\"h-kosmetyki-hipoalergiczne-definicja\">Kosmetyki hipoalergiczne &#8211; definicja<\/h2>\n\n\n\n<p>Termin \u201ekosmetyki hipoalergiczne\u201d pojawi\u0142 si\u0119 po raz pierwszy w latach trzydziestych XX wieku kiedy grupa dermatolog\u00f3w, kieruj\u0105ca ameryka\u0144sk\u0105 firm\u0105 kosmetyczn\u0105, postanowi\u0142a zaprojektowa\u0107 &#8222;bezpieczniejsze&#8221; kosmetyki. Okre\u015blenie kosmetyki hipoalergiczne wskazywa\u0142o, \u017ce produkty te teoretycznie powinny mie\u0107 mniejsz\u0105 zdolno\u015b\u0107 do wywo\u0142ywania reakcji alergicznych.<\/p>\n\n\n\n<p>Badaj\u0105c wsp\u00f3\u0142czesne znaczenie tego s\u0142owa okazuje si\u0119, \u017ce okre\u015blenie hipoalergiczny bywa zwykle rozumiane szerzej ni\u017c wynika to z jego dos\u0142ownego t\u0142umaczenia. Kosmetyki hipoalergiczne to preparaty opracowane z my\u015bl\u0105 zminimalizowania potencja\u0142u alergogennego, tymczasem konsumenci cz\u0119sto uto\u017csamiaj\u0105 je z preparatami, kt\u00f3re s\u0105 w 100% pozbawione ryzyka wyst\u0105pienia alergii.<\/p>\n\n\n\n<p>Nowoczesne kosmetyki s\u0105 bezpieczne dla wi\u0119kszo\u015bci u\u017cytkownik\u00f3w, a dzia\u0142ania niepo\u017c\u0105dane wyst\u0119puj\u0105 bardzo rzadko, poniewa\u017c producenci przyk\u0142adaj\u0105 du\u017co uwagi do bezpiecze\u0144stwa, kontroli jako\u015bci i testowania produktu przed wypuszczeniem go na rynek. Pomimo tych wysi\u0142k\u00f3w dzia\u0142ania niepo\u017c\u0105dane nadal mog\u0105 jednak wyst\u0105pi\u0107.<\/p>\n\n\n\n<h2 class=\"wp-block-heading\">Jak s\u0105 projektowane kosmetyki hipoalergiczne?<\/h2>\n\n\n\n<p>Bior\u0105c pod uwag\u0119 brak prawnej definicji hipoalergiczno\u015bci, r\u00f3\u017cne interpretacje kliniczne i konsumenckie, a tak\u017ce zr\u00f3\u017cnicowanie stanu i aktualnych potrzeb ka\u017cdej sk\u00f3ry, udowodnienie twierdzenia, \u017ce produkt jest hipoalergiczny stanowi du\u017ce wyzwanie. Dlatego Komisja Europejska przygotowa\u0142a (w postaci Dokumentu Technicznego) kryteria wykorzystania deklaracji &#8222;hipoalergiczny&#8221;. Wskazuj\u0105 one jak okre\u015blenie to powinno by\u0107 rozumiane oraz za\u0142o\u017cenia, kt\u00f3re musz\u0105 spe\u0142nia\u0107 kosmetyki hipoalergiczne. Zgodnie ze wskazaniami Komisji Europejskiej projektowanie kosmetyk\u00f3w hipoalergicznych odbywa si\u0119 ju\u017c na pierwszym, krytycznym etapie wyboru sk\u0142adnik\u00f3w produktu. Technolodzy opracowuj\u0105c kosmetyki hipoalergiczne ograniczaj\u0105 u\u017cycie substancji o dzia\u0142aniu potencjalnie alergogennym np. niekt\u00f3rych zwi\u0105zk\u00f3w zapachowych, barwnik\u00f3w. Istotne jest r\u00f3wnie\u017c testowanie produktu, kt\u00f3re zwykle odbywa si\u0119 na wybranej grupie probant\u00f3w ze sk\u00f3r\u0105 wra\u017cliw\u0105, czy sk\u0142onn\u0105 do alergii. <\/p>\n\n\n\n<h2 class=\"wp-block-heading\">Piel\u0119gnacja sk\u00f3ry wra\u017cliwej<\/h2>\n\n\n\n<p>Piel\u0119gnacja sk\u00f3ry wra\u017cliwej nie jest \u0142atwa. Stosowane kosmetyki powinny bowiem nie tylko redukowa\u0107 ju\u017c istniej\u0105ce podra\u017cnienia, ale tak\u017ce im zapobiega\u0107. Wskazane jest stosowanie kosmetyk\u00f3w o prostym sk\u0142adzie, gdy\u017c du\u017ca liczba r\u00f3\u017cnych surowc\u00f3w zwi\u0119ksza ryzyko pojawienia si\u0119 odczyn\u00f3w alergicznych na sk\u00f3rze. Wyb\u00f3r odpowiednich preparat\u00f3w zale\u017cy od indywidualnej reaktywno\u015bci sk\u00f3ry.<\/p>\n\n\n\n<p>Rynek kosmetyczny oferuje szerok\u0105 gam\u0119 kosmetyk\u00f3w, w tym r\u00f3wnie\u017c produkt\u00f3w do sk\u00f3ry wra\u017cliwej. Aby u\u0142atwi\u0107 konsumentom wyb\u00f3r tych preparat\u00f3w oznacza si\u0119 je cz\u0119sto na opakowaniu jako kosmetyki hipoalergiczne. <\/p>\n\n\n\n<h2 class=\"wp-block-heading\">Kosmetyki hipoalergiczne EcoFriendly Care<\/h2>\n\n\n\n<p>Przyk\u0142adem kosmetyk\u00f3w hipoalergicznych do sk\u00f3ry wra\u017cliwej jest seria <a href=\"https:\/\/www.bandi.pl\/sklep\/katalog\/seria\/84_ecofriendly-care\/\">EcoFriendly Care<\/a>. Ekoceutyki zaprojektowali\u015bmy w spos\u00f3b, kt\u00f3ry pozwoli\u0142 na wyeliminowanie substancji zapachowych, barwnik\u00f3w oraz surowc\u00f3w potencjalnie dra\u017cni\u0105cych. <\/p>\n\n\n\n<p>Produkty EcoFriendly Care szanuj\u0105 natur\u0119, s\u0105 biodegradowalne i jednocze\u015bnie skuteczne w dzia\u0142aniu. Zosta\u0142y przetestowane na wra\u017cliwej sk\u00f3rze, chroni\u0105 i wzmacniaj\u0105 mikrobiom sk\u00f3ry. Dodatkowo dzia\u0142aj\u0105 nawil\u017caj\u0105co i przeciwstarzeniowo.<\/p>\n\n\n\n<figure class=\"wp-block-embed is-type-video is-provider-youtube wp-block-embed-youtube wp-embed-aspect-16-9 wp-has-aspect-ratio\"><div class=\"wp-block-embed__wrapper\">\n<iframe loading=\"lazy\" title=\"Eko (nie tylko) latem!\" width=\"1080\" height=\"608\" src=\"https:\/\/www.youtube.com\/embed\/elqUjxkyMto?feature=oembed\"  allow=\"accelerometer; autoplay; clipboard-write; encrypted-media; gyroscope; picture-in-picture; web-share\" allowfullscreen><\/iframe>\n<\/div><\/figure>\n\n\n\n<h4 class=\"wp-block-heading\">G\u0142\u00f3wne sk\u0142adniki aktywne serii EcoFriendly:<\/h4>\n\n\n\n<p><strong>Kompleks mikrobiomowy<\/strong> \u2013 kompleks pre- i probiotyk\u00f3w, zawieraj\u0105cy naturalne wielocukry, sok z korzenia yakonu i bakterie kwasu mlekowego. Jest to \u015brodek o zr\u00f3\u017cnicowanym i zr\u00f3wnowa\u017conym sk\u0142adzie, kt\u00f3ry przywraca sk\u00f3rze prawid\u0142ow\u0105 r\u00f3wnowag\u0119 mikrobiomu (flor\u0119 bakteryjn\u0105) i wzmacnia jej ochron\u0119 biologiczn\u0105. Pomaga eliminowa\u0107 zaczerwienienia i wypryski.<\/p>\n\n\n\n<p><strong>Bakuchiol <\/strong>\u2013 otrzymywany z jadalnych nasion indyjskiej ro\u015bliny Babchi. Jest ro\u015blinnym odpowiednikiem retinolu, wykazuje podobn\u0105 skuteczno\u015b\u0107, ale bez efektu podra\u017cnienia. Delikatnie z\u0142uszcza, uj\u0119drnia, normalizuje prac\u0119 gruczo\u0142\u00f3w \u0142ojowych sk\u00f3ry, poprawia koloryt, koi podra\u017cnienia i przyspiesza regeneracj\u0119 nask\u00f3rka. Dzia\u0142a przeciwzmarszczkowo i napinaj\u0105co dla sk\u00f3ry z oznakami starzenia.<\/p>\n\n\n\n<p><strong>Bioferment z bambusa<\/strong> \u2013 otrzymywany w wyniku fermentacji bambusa. Stanowi biodost\u0119pne, czyli \u0142atwo przyswajalne \u017ar\u00f3d\u0142o krzemionki, kt\u00f3re usprawnia odnow\u0119 kom\u00f3rkow\u0105 sk\u00f3ry i wzmacnia \u017cywotno\u015b\u0107 sk\u00f3ry.<\/p>\n\n\n\n<p><strong>Trehaloza<\/strong> \u2013 disacharyd, wyst\u0119puj\u0105cy w ro\u015blinach, bakteriach i grzybach \u2013 umo\u017cliwia im przetrwanie w najtrudniejszych warunkach klimatycznych. Jeden z najskuteczniejszych sk\u0142adnik\u00f3w nawil\u017caj\u0105cych sk\u00f3r\u0119. Wzmacnia naturalne funkcje bariery ochronnej nask\u00f3rka, przeciwdzia\u0142a podra\u017cnieniom. Chroni sk\u00f3r\u0119 przed czynnikami zewn\u0119trznymi, takimi jak promieniowanie UV i wszelkimi zanieczyszczeniami. Jest silnym antyoksydantem, dzi\u0119ki czemu zapobiega starzeniu si\u0119 sk\u00f3ry.<\/p>\n\n\n\n<p>Kosmetyki hipoalergiczne to preparaty najlepiej dostosowane do potrzeb cery wra\u017cliwej. Warto jednak pami\u0119ta\u0107, \u017ce ka\u017cda sk\u00f3ra jest inna i ograniczenie ryzyka wyst\u0105pienia alergii i podra\u017cnienia nie jest jednoznaczne z brakiem takiego ryzyka. Dlatego w przypadku cery wra\u017cliwej i sk\u0142onnej do podra\u017cnie\u0144 przed wprowadzeniem do piel\u0119gnacji nowego kosmetyku warto wykona\u0107 test tolerancji. <\/p>\n\n\n\n<div class=\"wp-block-divi-layout\">[et_pb_section fb_built=&#8221;1&#8243; theme_builder_area=&#8221;post_content&#8221; _builder_version=&#8221;4.19.4&#8243; _module_preset=&#8221;default&#8221;][\/et_pb_section][et_pb_section fb_built=&#8221;1&#8243; _builder_version=&#8221;4.16&#8243; top_divider_style=&#8221;arrow&#8221; top_divider_color=&#8221;rgba(255,166,168,0.75)&#8221; top_divider_height=&#8221;1px&#8221; bottom_divider_style=&#8221;arrow&#8221; bottom_divider_color=&#8221;rgba(255,166,168,0.75)&#8221; bottom_divider_height=&#8221;1px&#8221; global_colors_info=&#8221;{}&#8221; theme_builder_area=&#8221;post_content&#8221;][et_pb_row column_structure=&#8221;1_2,1_2&#8243; _builder_version=&#8221;4.16&#8243; width=&#8221;100%&#8221; module_alignment=&#8221;left&#8221; custom_margin=&#8221;||||false|false&#8221; global_colors_info=&#8221;{}&#8221; theme_builder_area=&#8221;post_content&#8221;][et_pb_column type=&#8221;1_2&#8243; _builder_version=&#8221;4.16&#8243; global_colors_info=&#8221;{}&#8221; theme_builder_area=&#8221;post_content&#8221;][et_pb_text _builder_version=&#8221;4.19.4&#8243; text_font=&#8221;Raleway Bold||||||||&#8221; text_text_color=&#8221;rgba(255,166,168,0.75)&#8221; text_font_size=&#8221;55px&#8221; text_letter_spacing=&#8221;9px&#8221; text_line_height=&#8221;1em&#8221; header_font_size=&#8221;39px&#8221; custom_margin=&#8221;40px||||false|false&#8221; link_option_url=&#8221;https:\/\/www.bandi.pl\/sklep\/katalog\/seria\/84_ecofriendly-care\/&#8221; hover_enabled=&#8221;0&#8243; inline_fonts=&#8221;Raleway Bold&#8221; global_colors_info=&#8221;{}&#8221; theme_builder_area=&#8221;post_content&#8221; sticky_enabled=&#8221;0&#8243;]<p style=\"text-align: center;\"><span style=\"font-size: xx-large; font-family: inherit; font-weight: normal;\"><strong>ECOFRIENDLY CARE<\/strong><\/span><\/p>[\/et_pb_text][et_pb_text _builder_version=&#8221;4.19.4&#8243; text_font=&#8221;Raleway Regular||||||||&#8221; text_text_color=&#8221;#b8b8b8&#8243; text_font_size=&#8221;22px&#8221; text_line_height=&#8221;1.5em&#8221; link_option_url=&#8221;https:\/\/www.bandi.pl\/sklep\/katalog\/seria\/84_ecofriendly-care\/&#8221; global_colors_info=&#8221;{}&#8221; theme_builder_area=&#8221;post_content&#8221;]<p style=\"text-align: center;\">Hypoalergiczne kosmetyki &#8211; skuteczno\u015b\u0107 i bezpiecze\u0144stwo stosowania w jednym!<\/p>[\/et_pb_text][et_pb_button button_url=&#8221;https:\/\/www.bandi.pl\/sklep\/katalog\/seria\/84_ecofriendly-care\/&#8221; button_text=&#8221;ZOBACZ&#8221; button_alignment=&#8221;center&#8221; disabled_on=&#8221;off|off|off&#8221; _builder_version=&#8221;4.19.4&#8243; custom_button=&#8221;on&#8221; button_text_size=&#8221;20px&#8221; button_text_color=&#8221;#ffffff&#8221; button_border_radius=&#8221;25px&#8221; button_font=&#8221;Bree Serif||||||||&#8221; background_layout=&#8221;dark&#8221; custom_padding=&#8221;12px|30px|12px|30px|true|true&#8221; hover_transition_duration=&#8221;0ms&#8221; box_shadow_style=&#8221;preset3&#8243; global_colors_info=&#8221;{}&#8221; theme_builder_area=&#8221;post_content&#8221;][\/et_pb_button][\/et_pb_column][et_pb_column type=&#8221;1_2&#8243; _builder_version=&#8221;4.16&#8243; global_colors_info=&#8221;{}&#8221; theme_builder_area=&#8221;post_content&#8221;][et_pb_image src=&#8221;https:\/\/www.bandi.pl\/blog\/wp-content\/uploads\/2023\/04\/27-10-11-scaled.jpg&#8221; title_text=&#8221;27-10-11&#8243; url=&#8221;https:\/\/www.bandi.pl\/sklep\/katalog\/seria\/84_ecofriendly-care\/&#8221; align=&#8221;center&#8221; _builder_version=&#8221;4.19.4&#8243; width=&#8221;100%&#8221; global_colors_info=&#8221;{}&#8221; theme_builder_area=&#8221;post_content&#8221;][\/et_pb_image][\/et_pb_column][\/et_pb_row][\/et_pb_section]<\/div>\n","protected":false},"excerpt":{"rendered":"<p>Zgodnie z definicj\u0105 zawart\u0105 w artykule 2 Rozporz\u0105dzenia 1223\/2009: \u201eprodukt kosmetyczny&nbsp;oznacza ka\u017cd\u0105 substancj\u0119 lub mieszanin\u0119 przeznaczon\u0105 do kontaktu z zewn\u0119trznymi cz\u0119\u015bciami cia\u0142a ludzkiego (nask\u00f3rkiem, ow\u0142osieniem, paznokciami, wargami oraz zewn\u0119trznymi narz\u0105dami p\u0142ciowymi) lub z z\u0119bami oraz b\u0142onami \u015bluzowymi jamy ustnej, kt\u00f3rego wy\u0142\u0105cznym lub g\u0142\u00f3wnym celem jest utrzymywanie ich w czysto\u015bci, perfumowanie, zmiana ich wygl\u0105du, ochrona, utrzymywanie [&hellip;]<\/p>\n","protected":false},"author":13,"featured_media":16276,"comment_status":"open","ping_status":"closed","sticky":false,"template":"","format":"standard","meta":{"_et_pb_use_builder":"off","_et_pb_old_content":"","_et_gb_content_width":"","footnotes":""},"categories":[7677,1771],"tags":[3017,3445,4223,7678,4926,4232,7463,7464,7465,4031,55,4230,7679,5868],"class_list":["post-16260","post","type-post","status-publish","format-standard","has-post-thumbnail","hentry","category-grazyna-jakusz","category-kategoria-surowce-i-szczypta-chemii","tag-bakuchiol","tag-bandi","tag-ecofriendly-care","tag-jak-tworzy-sie-kosmetyki-hipoalergiczne","tag-kosmetyki-naturalne","tag-kosmetyki-profesjonalne","tag-kosmetyki-z-bakuchiolem","tag-kosmetyki-z-probiotykami","tag-kosmetyki-z-trehaloza","tag-krem-nawilzajacy","tag-peeling","tag-pielegnacja-profesjonalna","tag-pielegnacja-skory-wrazliwej","tag-pielegnacja-twarzy"],"yoast_head":"<!-- This site is optimized with the Yoast SEO plugin v27.1.1 - https:\/\/yoast.com\/product\/yoast-seo-wordpress\/ -->\n<title>Kosmetyki hipoalergiczne - co to oznacza? &#187; Blog BANDI<\/title>\n<meta name=\"description\" content=\"Komisja Europejska przygotowa\u0142a kryteria wykorzystania deklaracji &quot;hipoalergiczny&quot;. Wskazuj\u0105 one za\u0142o\u017cenia, kt\u00f3re musz\u0105 spe\u0142nia\u0107 kosmetyki hipoalergiczne.\" \/>\n<meta name=\"robots\" content=\"index, follow, max-snippet:-1, max-image-preview:large, max-video-preview:-1\" \/>\n<link rel=\"canonical\" href=\"https:\/\/www.bandi.pl\/blog\/kosmetyki-hipoalergiczne-co-to-oznacza\/\" \/>\n<meta property=\"og:locale\" content=\"pl_PL\" \/>\n<meta property=\"og:type\" content=\"article\" \/>\n<meta property=\"og:title\" content=\"Kosmetyki hipoalergiczne - co to oznacza? &#187; Blog BANDI\" \/>\n<meta property=\"og:description\" content=\"Komisja Europejska przygotowa\u0142a kryteria wykorzystania deklaracji &quot;hipoalergiczny&quot;. Wskazuj\u0105 one za\u0142o\u017cenia, kt\u00f3re musz\u0105 spe\u0142nia\u0107 kosmetyki hipoalergiczne.\" \/>\n<meta property=\"og:url\" content=\"https:\/\/www.bandi.pl\/blog\/kosmetyki-hipoalergiczne-co-to-oznacza\/\" \/>\n<meta property=\"og:site_name\" content=\"Blog BANDI\" \/>\n<meta property=\"article:publisher\" content=\"https:\/\/web.facebook.com\/BANDIcosmetics\" \/>\n<meta property=\"article:published_time\" content=\"2023-04-11T08:49:33+00:00\" \/>\n<meta property=\"article:modified_time\" content=\"2023-04-13T06:26:02+00:00\" \/>\n<meta property=\"og:image\" content=\"https:\/\/www.bandi.pl\/blog\/wp-content\/uploads\/2023\/04\/Projekt-bez-tytulu-3-2.png\" \/>\n\t<meta property=\"og:image:width\" content=\"1748\" \/>\n\t<meta property=\"og:image:height\" content=\"1240\" \/>\n\t<meta property=\"og:image:type\" content=\"image\/png\" \/>\n<meta name=\"author\" content=\"Ilona Kiraga\" \/>\n<meta name=\"twitter:card\" content=\"summary_large_image\" \/>\n<meta name=\"twitter:creator\" content=\"@bandi_cosmetics\" \/>\n<meta name=\"twitter:site\" content=\"@bandi_cosmetics\" \/>\n<meta name=\"twitter:label1\" content=\"Napisane przez\" \/>\n\t<meta name=\"twitter:data1\" content=\"Ilona Kiraga\" \/>\n\t<meta name=\"twitter:label2\" content=\"Szacowany czas czytania\" \/>\n\t<meta name=\"twitter:data2\" content=\"5 minut\" \/>\n<script type=\"application\/ld+json\" class=\"yoast-schema-graph\">{\"@context\":\"https:\/\/schema.org\",\"@graph\":[{\"@type\":\"Article\",\"@id\":\"https:\/\/www.bandi.pl\/blog\/kosmetyki-hipoalergiczne-co-to-oznacza\/#article\",\"isPartOf\":{\"@id\":\"https:\/\/www.bandi.pl\/blog\/kosmetyki-hipoalergiczne-co-to-oznacza\/\"},\"author\":{\"name\":\"Ilona Kiraga\",\"@id\":\"https:\/\/www.bandi.pl\/blog\/#\/schema\/person\/5ba05af1a18c58f1c31d4ae051ec9499\"},\"headline\":\"Kosmetyki hipoalergiczne &#8211; co to oznacza?\",\"datePublished\":\"2023-04-11T08:49:33+00:00\",\"dateModified\":\"2023-04-13T06:26:02+00:00\",\"mainEntityOfPage\":{\"@id\":\"https:\/\/www.bandi.pl\/blog\/kosmetyki-hipoalergiczne-co-to-oznacza\/\"},\"wordCount\":1246,\"commentCount\":2,\"publisher\":{\"@id\":\"https:\/\/www.bandi.pl\/blog\/#organization\"},\"image\":{\"@id\":\"https:\/\/www.bandi.pl\/blog\/kosmetyki-hipoalergiczne-co-to-oznacza\/#primaryimage\"},\"thumbnailUrl\":\"https:\/\/www.bandi.pl\/blog\/wp-content\/uploads\/2023\/04\/Projekt-bez-tytulu-3-2.png\",\"keywords\":[\"bakuchiol\",\"Bandi\",\"EcoFriendly Care\",\"jak tworzy si\u0119 kosmetyki hipoalergiczne\",\"kosmetyki naturalne\",\"kosmetyki profesjonalne\",\"kosmetyki z bakuchiolem\",\"kosmetyki z probiotykami\",\"kosmetyki z trehaloz\u0105\",\"krem nawil\u017cajacy\",\"peeling\",\"piel\u0119gnacja profesjonalna\",\"piel\u0119gnacja sk\u00f3ry wra\u017cliwej\",\"piel\u0119gnacja twarzy\"],\"articleSection\":[\"Gra\u017cyna Jakusz\",\"Surowce i szczypta chemii\"],\"inLanguage\":\"pl-PL\",\"potentialAction\":[{\"@type\":\"CommentAction\",\"name\":\"Comment\",\"target\":[\"https:\/\/www.bandi.pl\/blog\/kosmetyki-hipoalergiczne-co-to-oznacza\/#respond\"]}]},{\"@type\":\"WebPage\",\"@id\":\"https:\/\/www.bandi.pl\/blog\/kosmetyki-hipoalergiczne-co-to-oznacza\/\",\"url\":\"https:\/\/www.bandi.pl\/blog\/kosmetyki-hipoalergiczne-co-to-oznacza\/\",\"name\":\"Kosmetyki hipoalergiczne - co to oznacza? &#187; Blog BANDI\",\"isPartOf\":{\"@id\":\"https:\/\/www.bandi.pl\/blog\/#website\"},\"primaryImageOfPage\":{\"@id\":\"https:\/\/www.bandi.pl\/blog\/kosmetyki-hipoalergiczne-co-to-oznacza\/#primaryimage\"},\"image\":{\"@id\":\"https:\/\/www.bandi.pl\/blog\/kosmetyki-hipoalergiczne-co-to-oznacza\/#primaryimage\"},\"thumbnailUrl\":\"https:\/\/www.bandi.pl\/blog\/wp-content\/uploads\/2023\/04\/Projekt-bez-tytulu-3-2.png\",\"datePublished\":\"2023-04-11T08:49:33+00:00\",\"dateModified\":\"2023-04-13T06:26:02+00:00\",\"description\":\"Komisja Europejska przygotowa\u0142a kryteria wykorzystania deklaracji \\\"hipoalergiczny\\\". Wskazuj\u0105 one za\u0142o\u017cenia, kt\u00f3re musz\u0105 spe\u0142nia\u0107 kosmetyki hipoalergiczne.\",\"breadcrumb\":{\"@id\":\"https:\/\/www.bandi.pl\/blog\/kosmetyki-hipoalergiczne-co-to-oznacza\/#breadcrumb\"},\"inLanguage\":\"pl-PL\",\"potentialAction\":[{\"@type\":\"ReadAction\",\"target\":[\"https:\/\/www.bandi.pl\/blog\/kosmetyki-hipoalergiczne-co-to-oznacza\/\"]}]},{\"@type\":\"ImageObject\",\"inLanguage\":\"pl-PL\",\"@id\":\"https:\/\/www.bandi.pl\/blog\/kosmetyki-hipoalergiczne-co-to-oznacza\/#primaryimage\",\"url\":\"https:\/\/www.bandi.pl\/blog\/wp-content\/uploads\/2023\/04\/Projekt-bez-tytulu-3-2.png\",\"contentUrl\":\"https:\/\/www.bandi.pl\/blog\/wp-content\/uploads\/2023\/04\/Projekt-bez-tytulu-3-2.png\",\"width\":1748,\"height\":1240,\"caption\":\"kosmetyki hipoalergiczne dla cery wra\u017cliwej\"},{\"@type\":\"BreadcrumbList\",\"@id\":\"https:\/\/www.bandi.pl\/blog\/kosmetyki-hipoalergiczne-co-to-oznacza\/#breadcrumb\",\"itemListElement\":[{\"@type\":\"ListItem\",\"position\":1,\"name\":\"BANDI\",\"item\":\"https:\/\/www.bandi.pl\/blog\/\"},{\"@type\":\"ListItem\",\"position\":2,\"name\":\"Kosmetyki hipoalergiczne &#8211; co to oznacza?\"}]},{\"@type\":\"WebSite\",\"@id\":\"https:\/\/www.bandi.pl\/blog\/#website\",\"url\":\"https:\/\/www.bandi.pl\/blog\/\",\"name\":\"Blog BANDI\",\"description\":\"Czarno na bia\u0142ym o kosmetykach\",\"publisher\":{\"@id\":\"https:\/\/www.bandi.pl\/blog\/#organization\"},\"potentialAction\":[{\"@type\":\"SearchAction\",\"target\":{\"@type\":\"EntryPoint\",\"urlTemplate\":\"https:\/\/www.bandi.pl\/blog\/?s={search_term_string}\"},\"query-input\":{\"@type\":\"PropertyValueSpecification\",\"valueRequired\":true,\"valueName\":\"search_term_string\"}}],\"inLanguage\":\"pl-PL\"},{\"@type\":\"Organization\",\"@id\":\"https:\/\/www.bandi.pl\/blog\/#organization\",\"name\":\"BANDI\",\"url\":\"https:\/\/www.bandi.pl\/blog\/\",\"logo\":{\"@type\":\"ImageObject\",\"inLanguage\":\"pl-PL\",\"@id\":\"https:\/\/www.bandi.pl\/blog\/#\/schema\/logo\/image\/\",\"url\":\"https:\/\/www.bandi.pl\/blog\/wp-content\/uploads\/2019\/06\/bandi-logo.png\",\"contentUrl\":\"https:\/\/www.bandi.pl\/blog\/wp-content\/uploads\/2019\/06\/bandi-logo.png\",\"width\":264,\"height\":111,\"caption\":\"BANDI\"},\"image\":{\"@id\":\"https:\/\/www.bandi.pl\/blog\/#\/schema\/logo\/image\/\"},\"sameAs\":[\"https:\/\/web.facebook.com\/BANDIcosmetics\",\"https:\/\/x.com\/bandi_cosmetics\",\"https:\/\/www.instagram.com\/bandi_cosmetics\/\",\"https:\/\/www.pinterest.com\/bandicosmetics\/\",\"https:\/\/www.youtube.com\/user\/BandiCosmeticsPolska\"]},{\"@type\":\"Person\",\"@id\":\"https:\/\/www.bandi.pl\/blog\/#\/schema\/person\/5ba05af1a18c58f1c31d4ae051ec9499\",\"name\":\"Ilona Kiraga\"}]}<\/script>\n<!-- \/ Yoast SEO plugin. -->","yoast_head_json":{"title":"Kosmetyki hipoalergiczne - co to oznacza? &#187; Blog BANDI","description":"Komisja Europejska przygotowa\u0142a kryteria wykorzystania deklaracji \"hipoalergiczny\". Wskazuj\u0105 one za\u0142o\u017cenia, kt\u00f3re musz\u0105 spe\u0142nia\u0107 kosmetyki hipoalergiczne.","robots":{"index":"index","follow":"follow","max-snippet":"max-snippet:-1","max-image-preview":"max-image-preview:large","max-video-preview":"max-video-preview:-1"},"canonical":"https:\/\/www.bandi.pl\/blog\/kosmetyki-hipoalergiczne-co-to-oznacza\/","og_locale":"pl_PL","og_type":"article","og_title":"Kosmetyki hipoalergiczne - co to oznacza? &#187; Blog BANDI","og_description":"Komisja Europejska przygotowa\u0142a kryteria wykorzystania deklaracji \"hipoalergiczny\". Wskazuj\u0105 one za\u0142o\u017cenia, kt\u00f3re musz\u0105 spe\u0142nia\u0107 kosmetyki hipoalergiczne.","og_url":"https:\/\/www.bandi.pl\/blog\/kosmetyki-hipoalergiczne-co-to-oznacza\/","og_site_name":"Blog BANDI","article_publisher":"https:\/\/web.facebook.com\/BANDIcosmetics","article_published_time":"2023-04-11T08:49:33+00:00","article_modified_time":"2023-04-13T06:26:02+00:00","og_image":[{"width":1748,"height":1240,"url":"https:\/\/www.bandi.pl\/blog\/wp-content\/uploads\/2023\/04\/Projekt-bez-tytulu-3-2.png","type":"image\/png"}],"author":"Ilona Kiraga","twitter_card":"summary_large_image","twitter_creator":"@bandi_cosmetics","twitter_site":"@bandi_cosmetics","twitter_misc":{"Napisane przez":"Ilona Kiraga","Szacowany czas czytania":"5 minut"},"schema":{"@context":"https:\/\/schema.org","@graph":[{"@type":"Article","@id":"https:\/\/www.bandi.pl\/blog\/kosmetyki-hipoalergiczne-co-to-oznacza\/#article","isPartOf":{"@id":"https:\/\/www.bandi.pl\/blog\/kosmetyki-hipoalergiczne-co-to-oznacza\/"},"author":{"name":"Ilona Kiraga","@id":"https:\/\/www.bandi.pl\/blog\/#\/schema\/person\/5ba05af1a18c58f1c31d4ae051ec9499"},"headline":"Kosmetyki hipoalergiczne &#8211; co to oznacza?","datePublished":"2023-04-11T08:49:33+00:00","dateModified":"2023-04-13T06:26:02+00:00","mainEntityOfPage":{"@id":"https:\/\/www.bandi.pl\/blog\/kosmetyki-hipoalergiczne-co-to-oznacza\/"},"wordCount":1246,"commentCount":2,"publisher":{"@id":"https:\/\/www.bandi.pl\/blog\/#organization"},"image":{"@id":"https:\/\/www.bandi.pl\/blog\/kosmetyki-hipoalergiczne-co-to-oznacza\/#primaryimage"},"thumbnailUrl":"https:\/\/www.bandi.pl\/blog\/wp-content\/uploads\/2023\/04\/Projekt-bez-tytulu-3-2.png","keywords":["bakuchiol","Bandi","EcoFriendly Care","jak tworzy si\u0119 kosmetyki hipoalergiczne","kosmetyki naturalne","kosmetyki profesjonalne","kosmetyki z bakuchiolem","kosmetyki z probiotykami","kosmetyki z trehaloz\u0105","krem nawil\u017cajacy","peeling","piel\u0119gnacja profesjonalna","piel\u0119gnacja sk\u00f3ry wra\u017cliwej","piel\u0119gnacja twarzy"],"articleSection":["Gra\u017cyna Jakusz","Surowce i szczypta chemii"],"inLanguage":"pl-PL","potentialAction":[{"@type":"CommentAction","name":"Comment","target":["https:\/\/www.bandi.pl\/blog\/kosmetyki-hipoalergiczne-co-to-oznacza\/#respond"]}]},{"@type":"WebPage","@id":"https:\/\/www.bandi.pl\/blog\/kosmetyki-hipoalergiczne-co-to-oznacza\/","url":"https:\/\/www.bandi.pl\/blog\/kosmetyki-hipoalergiczne-co-to-oznacza\/","name":"Kosmetyki hipoalergiczne - co to oznacza? &#187; Blog BANDI","isPartOf":{"@id":"https:\/\/www.bandi.pl\/blog\/#website"},"primaryImageOfPage":{"@id":"https:\/\/www.bandi.pl\/blog\/kosmetyki-hipoalergiczne-co-to-oznacza\/#primaryimage"},"image":{"@id":"https:\/\/www.bandi.pl\/blog\/kosmetyki-hipoalergiczne-co-to-oznacza\/#primaryimage"},"thumbnailUrl":"https:\/\/www.bandi.pl\/blog\/wp-content\/uploads\/2023\/04\/Projekt-bez-tytulu-3-2.png","datePublished":"2023-04-11T08:49:33+00:00","dateModified":"2023-04-13T06:26:02+00:00","description":"Komisja Europejska przygotowa\u0142a kryteria wykorzystania deklaracji \"hipoalergiczny\". Wskazuj\u0105 one za\u0142o\u017cenia, kt\u00f3re musz\u0105 spe\u0142nia\u0107 kosmetyki hipoalergiczne.","breadcrumb":{"@id":"https:\/\/www.bandi.pl\/blog\/kosmetyki-hipoalergiczne-co-to-oznacza\/#breadcrumb"},"inLanguage":"pl-PL","potentialAction":[{"@type":"ReadAction","target":["https:\/\/www.bandi.pl\/blog\/kosmetyki-hipoalergiczne-co-to-oznacza\/"]}]},{"@type":"ImageObject","inLanguage":"pl-PL","@id":"https:\/\/www.bandi.pl\/blog\/kosmetyki-hipoalergiczne-co-to-oznacza\/#primaryimage","url":"https:\/\/www.bandi.pl\/blog\/wp-content\/uploads\/2023\/04\/Projekt-bez-tytulu-3-2.png","contentUrl":"https:\/\/www.bandi.pl\/blog\/wp-content\/uploads\/2023\/04\/Projekt-bez-tytulu-3-2.png","width":1748,"height":1240,"caption":"kosmetyki hipoalergiczne dla cery wra\u017cliwej"},{"@type":"BreadcrumbList","@id":"https:\/\/www.bandi.pl\/blog\/kosmetyki-hipoalergiczne-co-to-oznacza\/#breadcrumb","itemListElement":[{"@type":"ListItem","position":1,"name":"BANDI","item":"https:\/\/www.bandi.pl\/blog\/"},{"@type":"ListItem","position":2,"name":"Kosmetyki hipoalergiczne &#8211; co to oznacza?"}]},{"@type":"WebSite","@id":"https:\/\/www.bandi.pl\/blog\/#website","url":"https:\/\/www.bandi.pl\/blog\/","name":"Blog BANDI","description":"Czarno na bia\u0142ym o kosmetykach","publisher":{"@id":"https:\/\/www.bandi.pl\/blog\/#organization"},"potentialAction":[{"@type":"SearchAction","target":{"@type":"EntryPoint","urlTemplate":"https:\/\/www.bandi.pl\/blog\/?s={search_term_string}"},"query-input":{"@type":"PropertyValueSpecification","valueRequired":true,"valueName":"search_term_string"}}],"inLanguage":"pl-PL"},{"@type":"Organization","@id":"https:\/\/www.bandi.pl\/blog\/#organization","name":"BANDI","url":"https:\/\/www.bandi.pl\/blog\/","logo":{"@type":"ImageObject","inLanguage":"pl-PL","@id":"https:\/\/www.bandi.pl\/blog\/#\/schema\/logo\/image\/","url":"https:\/\/www.bandi.pl\/blog\/wp-content\/uploads\/2019\/06\/bandi-logo.png","contentUrl":"https:\/\/www.bandi.pl\/blog\/wp-content\/uploads\/2019\/06\/bandi-logo.png","width":264,"height":111,"caption":"BANDI"},"image":{"@id":"https:\/\/www.bandi.pl\/blog\/#\/schema\/logo\/image\/"},"sameAs":["https:\/\/web.facebook.com\/BANDIcosmetics","https:\/\/x.com\/bandi_cosmetics","https:\/\/www.instagram.com\/bandi_cosmetics\/","https:\/\/www.pinterest.com\/bandicosmetics\/","https:\/\/www.youtube.com\/user\/BandiCosmeticsPolska"]},{"@type":"Person","@id":"https:\/\/www.bandi.pl\/blog\/#\/schema\/person\/5ba05af1a18c58f1c31d4ae051ec9499","name":"Ilona Kiraga"}]}},"_links":{"self":[{"href":"https:\/\/www.bandi.pl\/blog\/wp-json\/wp\/v2\/posts\/16260","targetHints":{"allow":["GET"]}}],"collection":[{"href":"https:\/\/www.bandi.pl\/blog\/wp-json\/wp\/v2\/posts"}],"about":[{"href":"https:\/\/www.bandi.pl\/blog\/wp-json\/wp\/v2\/types\/post"}],"author":[{"embeddable":true,"href":"https:\/\/www.bandi.pl\/blog\/wp-json\/wp\/v2\/users\/13"}],"replies":[{"embeddable":true,"href":"https:\/\/www.bandi.pl\/blog\/wp-json\/wp\/v2\/comments?post=16260"}],"version-history":[{"count":31,"href":"https:\/\/www.bandi.pl\/blog\/wp-json\/wp\/v2\/posts\/16260\/revisions"}],"predecessor-version":[{"id":16407,"href":"https:\/\/www.bandi.pl\/blog\/wp-json\/wp\/v2\/posts\/16260\/revisions\/16407"}],"wp:featuredmedia":[{"embeddable":true,"href":"https:\/\/www.bandi.pl\/blog\/wp-json\/wp\/v2\/media\/16276"}],"wp:attachment":[{"href":"https:\/\/www.bandi.pl\/blog\/wp-json\/wp\/v2\/media?parent=16260"}],"wp:term":[{"taxonomy":"category","embeddable":true,"href":"https:\/\/www.bandi.pl\/blog\/wp-json\/wp\/v2\/categories?post=16260"},{"taxonomy":"post_tag","embeddable":true,"href":"https:\/\/www.bandi.pl\/blog\/wp-json\/wp\/v2\/tags?post=16260"}],"curies":[{"name":"wp","href":"https:\/\/api.w.org\/{rel}","templated":true}]}}