{"id":15176,"date":"2022-12-13T10:00:00","date_gmt":"2022-12-13T09:00:00","guid":{"rendered":"https:\/\/www.bandi.pl\/blog\/?p=15176"},"modified":"2022-12-12T13:22:59","modified_gmt":"2022-12-12T12:22:59","slug":"kwas-traneksamowy-i-jego-zastosowanie-w-kosmetologii","status":"publish","type":"post","link":"https:\/\/www.bandi.pl\/blog\/kwas-traneksamowy-i-jego-zastosowanie-w-kosmetologii\/","title":{"rendered":"Kwas traneksamowy i jego zastosowanie w kosmetologii"},"content":{"rendered":"\n<p>Kwas traneksamowy odkryto w latach 60-tych\u00a0XX wieku. Z chemicznego punktu widzenia nale\u017cy do grupy syntetycznych aminokwas\u00f3w, kt\u00f3ry w medycynie zas\u0142yn\u0105\u0142 jako doskona\u0142a substancja przeciwkrwotoczna. Dzi\u0119ki temu, \u017ce skutecznie wpiera krzepni\u0119cie krwi stanowi on jeden z najwa\u017cniejszych lek\u00f3w ratuj\u0105cych \u017cycie.\u00a0<\/p>\n\n\n\n<h2 class=\"wp-block-heading\" id=\"h-z-medycyny-wprost-do-kosmetologii\">Z medycyny wprost do kosmetologii<\/h2>\n\n\n\n<p>Podczas bada\u0144 nad kwasem traneksamowym odkryto tak\u017ce inne jego w\u0142a\u015bciwo\u015bci, w tym wp\u0142yw na rozja\u015bnianie przebarwie\u0144 o r\u00f3\u017cnej etiologii. Pionierskie wykorzystanie kwasu traneskamowego w tym zakresie mia\u0142o miejsce przesz\u0142o 20 lat temu. Wtedy to powsta\u0142a pierwsza skuteczna formu\u0142a zawieraj\u0105ca 2% tego sk\u0142adnika. W 2017 roku Atefii in. por\u00f3wnali jego dzia\u0142anie do znanego leku &#8211; hydrochinonu, kt\u00f3ry niegdy\u015b stanowi\u0142 standard w walce z przebarwieniami. Obecnie jest on zakazany. Jednak jego godnym nast\u0119pc\u0105 sta\u0142 si\u0119 kwas traneksamowy, nie wykazuj\u0105cy dzia\u0142a\u0144 niepo\u017c\u0105danych w przeciwie\u0144stwie swojego poprzednika.<\/p>\n\n\n\n<h2 class=\"wp-block-heading\" id=\"h-mechanizm-dzia-ania-kwasu-traneksamowego\">Mechanizm dzia\u0142ania kwasu traneksamowego<\/h2>\n\n\n\n<p>Mechanizm dzia\u0142ania kwasu traneksamowego na przebarwienia jest z\u0142o\u017cony. Jego ogromn\u0105 zalet\u0105 jest oddzia\u0142ywanie jednocze\u015bnie na r\u00f3\u017cnych etapach melanogenezy.\u00a0Kwas traneksamowy obni\u017ca produkcj\u0119 prostaglandyn (odpowiadaj\u0105cych za stan zapalny), zmniejsza aktywno\u015bci tyrozynazy (jako inhibitor tyrozynazy). Dzi\u0119ki temu wp\u0142ywa nie tylko na istniej\u0105ce przebarwienia, ale r\u00f3wnie\u017c zapobiega ju\u017c ich powstawaniu.\u00a0W walce z g\u0142\u0119bokimi plamami pos\u0142onecznymi sprawdza si\u0119 zastosowanie kwasu traneksamowego w po\u0142\u0105czeniu z substancjami \u0142agodnie z\u0142uszczaj\u0105cymi, takimi jak: azeloglicyna czy keratolina.\u00a0<\/p>\n\n\n\n<p>Kwas traneksamowy doskonale radzi sobie tak\u017ce z r\u00f3\u017cowymi przebarwieniami pozapalnymi, dzia\u0142aj\u0105c przy tym koj\u0105co, przeciwzapalnie i nawil\u017caj\u0105co. Sprawdzi si\u0119 w piel\u0119gnacji cery naczyniowej oraz dotkni\u0119tej tr\u0105dzikiem r\u00f3\u017cowatym. Jest tak\u017ce sprzymierze\u0144cem dla tych, kt\u00f3rzy nie mog\u0105 pozwoli\u0107 sobie na mocne kwasy, z\u0142uszczanie i intensywn\u0105 stymulacje. Kwas traneksamowy to innowacyjny, wyj\u0105tkowy kwas, kt\u00f3ry \u0142\u0105czy skuteczne, intensywne dzia\u0142anie, daje szybkie efekty, b\u0119d\u0105c jednocze\u015bnie delikatny dla sk\u00f3ry. \u00a0<\/p>\n\n\n\n<p>Kwas traneksamowy jest g\u0142\u00f3wnym sk\u0142adnikiem naszej nowo\u015bci &#8211; linii <a href=\"https:\/\/www.bandi.pl\/sklep\/katalog\/seria\/103_medical-anti-dark-spot\/\">Medical Expert anti dark spot<\/a>, kt\u00f3r\u0105 polecamy dla ka\u017cdego typu cery z przebarwieniami i nier\u00f3wnomiernym kolorytem. Jego dzia\u0142anie wspomaga dodatkowo nicynamid, azeloglicyna, keratolina i karnozyna.<\/p>\n\n\n\n<div class=\"wp-block-divi-layout\">[et_pb_section fb_built=&#8221;1&#8243; _builder_version=&#8221;4.4.1&#8243;][\/et_pb_section][et_pb_section fb_built=&#8221;1&#8243; _builder_version=&#8221;4.4.1&#8243; top_divider_style=&#8221;arrow&#8221; top_divider_color=&#8221;rgba(255,166,168,0.75)&#8221; top_divider_height=&#8221;1px&#8221; bottom_divider_style=&#8221;arrow&#8221; bottom_divider_color=&#8221;rgba(255,166,168,0.75)&#8221; bottom_divider_height=&#8221;1px&#8221;][et_pb_row column_structure=&#8221;1_2,1_2&#8243; _builder_version=&#8221;4.4.1&#8243; width=&#8221;100%&#8221; module_alignment=&#8221;left&#8221; custom_margin=&#8221;||||false|false&#8221;][et_pb_column type=&#8221;1_2&#8243; _builder_version=&#8221;4.4.1&#8243;][et_pb_text _builder_version=&#8221;4.4.1&#8243; text_font=&#8221;Raleway Bold||||||||&#8221; text_text_color=&#8221;rgba(255,166,168,0.75)&#8221; text_font_size=&#8221;56px&#8221; text_letter_spacing=&#8221;8px&#8221; text_line_height=&#8221;1.1em&#8221; custom_margin=&#8221;40px||||false|false&#8221; hover_enabled=&#8221;0&#8243; link_option_url=&#8221;https:\/\/www.bandi.pl\/sklep\/katalog\/seria\/103_medical-anti-dark-spot\/&#8221;]<p style=\"text-align: center;\"><span style=\"font-size: xx-large;\"><b>ANTI DARK SPOT<\/b><\/span><\/p>[\/et_pb_text][et_pb_text _builder_version=&#8221;4.4.1&#8243; text_font=&#8221;Raleway Regular||||||||&#8221; text_text_color=&#8221;#b8b8b8&#8243; text_font_size=&#8221;22px&#8221; text_line_height=&#8221;1.5em&#8221; hover_enabled=&#8221;0&#8243; link_option_url=&#8221;https:\/\/www.bandi.pl\/sklep\/katalog\/seria\/103_medical-anti-dark-spot\/&#8221;]<p style=\"text-align: center;\">Po\u017cegnaj przebarwienia, powitaj promienn\u0105 cer\u0119!<\/p>[\/et_pb_text][et_pb_button button_url=&#8221;https:\/\/www.bandi.pl\/sklep\/katalog\/seria\/103_medical-anti-dark-spot\/&#8221; button_text=&#8221;ZOBACZ&#8221; button_alignment=&#8221;center&#8221; disabled_on=&#8221;off|off|off&#8221; _builder_version=&#8221;4.4.1&#8243; custom_button=&#8221;on&#8221; button_text_size=&#8221;20px&#8221; button_text_color=&#8221;#ffffff&#8221; button_border_radius=&#8221;25px&#8221; button_font=&#8221;Bree Serif||||||||&#8221; background_layout=&#8221;dark&#8221; custom_padding=&#8221;12px|30px|12px|30px|true|true&#8221; hover_transition_duration=&#8221;0ms&#8221; hover_enabled=&#8221;0&#8243; box_shadow_style=&#8221;preset3&#8243;][\/et_pb_button][\/et_pb_column][et_pb_column type=&#8221;1_2&#8243; _builder_version=&#8221;4.4.1&#8243;][et_pb_image src=&#8221;https:\/\/www.bandi.pl\/blog\/wp-content\/uploads\/2022\/11\/darkspot-111111-scaled.jpg&#8221; align=&#8221;center&#8221; _builder_version=&#8221;4.4.1&#8243; url=&#8221;https:\/\/www.bandi.pl\/sklep\/katalog\/seria\/103_medical-anti-dark-spot\/&#8221;][\/et_pb_image][\/et_pb_column][\/et_pb_row][\/et_pb_section]<\/div>\n","protected":false},"excerpt":{"rendered":"<p>Kwas traneksamowy odkryto w latach 60-tych\u00a0XX wieku. Z chemicznego punktu widzenia nale\u017cy do grupy syntetycznych aminokwas\u00f3w, kt\u00f3ry w medycynie zas\u0142yn\u0105\u0142 jako doskona\u0142a substancja przeciwkrwotoczna. Dzi\u0119ki temu, \u017ce skutecznie wpiera krzepni\u0119cie krwi stanowi on jeden z najwa\u017cniejszych lek\u00f3w ratuj\u0105cych \u017cycie.\u00a0 Z medycyny wprost do kosmetologii Podczas bada\u0144 nad kwasem traneksamowym odkryto tak\u017ce inne jego w\u0142a\u015bciwo\u015bci, w [&hellip;]<\/p>\n","protected":false},"author":13,"featured_media":15325,"comment_status":"open","ping_status":"closed","sticky":false,"template":"","format":"standard","meta":{"_et_pb_use_builder":"","_et_pb_old_content":"","_et_gb_content_width":"","footnotes":""},"categories":[4022,1771],"tags":[3445,6413,7395,7396,4586,4232,7048,4230,5868,7394,7277,7275,5301,7393,5626],"class_list":["post-15176","post","type-post","status-publish","format-standard","has-post-thumbnail","hentry","category-ewelina-goluch","category-kategoria-surowce-i-szczypta-chemii","tag-bandi","tag-cera-naczyniowa","tag-jak-dziala-kwas-traneksamowy","tag-karnozyna","tag-kosmetyki-na-przebarwienia","tag-kosmetyki-profesjonalne","tag-na-przebarwienia","tag-pielegnacja-profesjonalna","tag-pielegnacja-twarzy","tag-plamy-na-skorze","tag-przebarwienia-na-skorze","tag-rozjasniajace-przebarwienia","tag-rozjasnianie-przebarwien","tag-rozjasnianie-skory","tag-tradzik-rozowaty"],"yoast_head":"<!-- This site is optimized with the Yoast SEO plugin v27.1.1 - https:\/\/yoast.com\/product\/yoast-seo-wordpress\/ -->\n<title>Kwas traneksamowy i jego zastosowanie w kosmetologii &#187; Blog BANDI<\/title>\n<meta name=\"description\" content=\"Mechanizm dzia\u0142ania kwasu traneksamowego na przebarwienia jest z\u0142o\u017cony. Jego ogromn\u0105 zalet\u0105 jest oddzia\u0142ywanie jednocze\u015bnie na r\u00f3\u017cnych etapach melanogenezy.\" \/>\n<meta name=\"robots\" content=\"index, follow, max-snippet:-1, max-image-preview:large, max-video-preview:-1\" \/>\n<link rel=\"canonical\" href=\"https:\/\/www.bandi.pl\/blog\/kwas-traneksamowy-i-jego-zastosowanie-w-kosmetologii\/\" \/>\n<meta property=\"og:locale\" content=\"pl_PL\" \/>\n<meta property=\"og:type\" content=\"article\" \/>\n<meta property=\"og:title\" content=\"Kwas traneksamowy i jego zastosowanie w kosmetologii &#187; Blog BANDI\" \/>\n<meta property=\"og:description\" content=\"Mechanizm dzia\u0142ania kwasu traneksamowego na przebarwienia jest z\u0142o\u017cony. Jego ogromn\u0105 zalet\u0105 jest oddzia\u0142ywanie jednocze\u015bnie na r\u00f3\u017cnych etapach melanogenezy.\" \/>\n<meta property=\"og:url\" content=\"https:\/\/www.bandi.pl\/blog\/kwas-traneksamowy-i-jego-zastosowanie-w-kosmetologii\/\" \/>\n<meta property=\"og:site_name\" content=\"Blog BANDI\" \/>\n<meta property=\"article:publisher\" content=\"https:\/\/web.facebook.com\/BANDIcosmetics\" \/>\n<meta property=\"article:published_time\" content=\"2022-12-13T09:00:00+00:00\" \/>\n<meta property=\"og:image\" content=\"https:\/\/www.bandi.pl\/blog\/wp-content\/uploads\/2022\/12\/Projekt-bez-tytulu-2-2-705x500.png\" \/>\n\t<meta property=\"og:image:width\" content=\"705\" \/>\n\t<meta property=\"og:image:height\" content=\"500\" \/>\n\t<meta property=\"og:image:type\" content=\"image\/png\" \/>\n<meta name=\"author\" content=\"Ilona Kiraga\" \/>\n<meta name=\"twitter:card\" content=\"summary_large_image\" \/>\n<meta name=\"twitter:creator\" content=\"@bandi_cosmetics\" \/>\n<meta name=\"twitter:site\" content=\"@bandi_cosmetics\" \/>\n<meta name=\"twitter:label1\" content=\"Napisane przez\" \/>\n\t<meta name=\"twitter:data1\" content=\"Ilona Kiraga\" \/>\n\t<meta name=\"twitter:label2\" content=\"Szacowany czas czytania\" \/>\n\t<meta name=\"twitter:data2\" content=\"2 minuty\" \/>\n<script type=\"application\/ld+json\" class=\"yoast-schema-graph\">{\"@context\":\"https:\/\/schema.org\",\"@graph\":[{\"@type\":\"Article\",\"@id\":\"https:\/\/www.bandi.pl\/blog\/kwas-traneksamowy-i-jego-zastosowanie-w-kosmetologii\/#article\",\"isPartOf\":{\"@id\":\"https:\/\/www.bandi.pl\/blog\/kwas-traneksamowy-i-jego-zastosowanie-w-kosmetologii\/\"},\"author\":{\"name\":\"Ilona Kiraga\",\"@id\":\"https:\/\/www.bandi.pl\/blog\/#\/schema\/person\/5ba05af1a18c58f1c31d4ae051ec9499\"},\"headline\":\"Kwas traneksamowy i jego zastosowanie w kosmetologii\",\"datePublished\":\"2022-12-13T09:00:00+00:00\",\"mainEntityOfPage\":{\"@id\":\"https:\/\/www.bandi.pl\/blog\/kwas-traneksamowy-i-jego-zastosowanie-w-kosmetologii\/\"},\"wordCount\":654,\"commentCount\":0,\"publisher\":{\"@id\":\"https:\/\/www.bandi.pl\/blog\/#organization\"},\"image\":{\"@id\":\"https:\/\/www.bandi.pl\/blog\/kwas-traneksamowy-i-jego-zastosowanie-w-kosmetologii\/#primaryimage\"},\"thumbnailUrl\":\"https:\/\/www.bandi.pl\/blog\/wp-content\/uploads\/2022\/12\/Projekt-bez-tytulu-2-2.png\",\"keywords\":[\"Bandi\",\"cera naczyniowa\",\"jak dzia\u0142a kwas traneksamowy\",\"karnozyna\",\"kosmetyki na przebarwienia\",\"kosmetyki profesjonalne\",\"na przebarwienia\",\"piel\u0119gnacja profesjonalna\",\"piel\u0119gnacja twarzy\",\"plamy na sk\u00f3rze\",\"przebarwienia na sk\u00f3rze\",\"rozja\u015bniaj\u0105ce przebarwienia\",\"rozja\u015bnianie przebarwie\u0144\",\"rozja\u015bnianie sk\u00f3ry\",\"tr\u0105dzik r\u00f3\u017cowaty\"],\"articleSection\":[\"Ewelina Goluch\",\"Surowce i szczypta chemii\"],\"inLanguage\":\"pl-PL\",\"potentialAction\":[{\"@type\":\"CommentAction\",\"name\":\"Comment\",\"target\":[\"https:\/\/www.bandi.pl\/blog\/kwas-traneksamowy-i-jego-zastosowanie-w-kosmetologii\/#respond\"]}]},{\"@type\":\"WebPage\",\"@id\":\"https:\/\/www.bandi.pl\/blog\/kwas-traneksamowy-i-jego-zastosowanie-w-kosmetologii\/\",\"url\":\"https:\/\/www.bandi.pl\/blog\/kwas-traneksamowy-i-jego-zastosowanie-w-kosmetologii\/\",\"name\":\"Kwas traneksamowy i jego zastosowanie w kosmetologii &#187; Blog BANDI\",\"isPartOf\":{\"@id\":\"https:\/\/www.bandi.pl\/blog\/#website\"},\"primaryImageOfPage\":{\"@id\":\"https:\/\/www.bandi.pl\/blog\/kwas-traneksamowy-i-jego-zastosowanie-w-kosmetologii\/#primaryimage\"},\"image\":{\"@id\":\"https:\/\/www.bandi.pl\/blog\/kwas-traneksamowy-i-jego-zastosowanie-w-kosmetologii\/#primaryimage\"},\"thumbnailUrl\":\"https:\/\/www.bandi.pl\/blog\/wp-content\/uploads\/2022\/12\/Projekt-bez-tytulu-2-2.png\",\"datePublished\":\"2022-12-13T09:00:00+00:00\",\"description\":\"Mechanizm dzia\u0142ania kwasu traneksamowego na przebarwienia jest z\u0142o\u017cony. Jego ogromn\u0105 zalet\u0105 jest oddzia\u0142ywanie jednocze\u015bnie na r\u00f3\u017cnych etapach melanogenezy.\",\"breadcrumb\":{\"@id\":\"https:\/\/www.bandi.pl\/blog\/kwas-traneksamowy-i-jego-zastosowanie-w-kosmetologii\/#breadcrumb\"},\"inLanguage\":\"pl-PL\",\"potentialAction\":[{\"@type\":\"ReadAction\",\"target\":[\"https:\/\/www.bandi.pl\/blog\/kwas-traneksamowy-i-jego-zastosowanie-w-kosmetologii\/\"]}]},{\"@type\":\"ImageObject\",\"inLanguage\":\"pl-PL\",\"@id\":\"https:\/\/www.bandi.pl\/blog\/kwas-traneksamowy-i-jego-zastosowanie-w-kosmetologii\/#primaryimage\",\"url\":\"https:\/\/www.bandi.pl\/blog\/wp-content\/uploads\/2022\/12\/Projekt-bez-tytulu-2-2.png\",\"contentUrl\":\"https:\/\/www.bandi.pl\/blog\/wp-content\/uploads\/2022\/12\/Projekt-bez-tytulu-2-2.png\",\"width\":1748,\"height\":1240,\"caption\":\"kwas traneksamowy\"},{\"@type\":\"BreadcrumbList\",\"@id\":\"https:\/\/www.bandi.pl\/blog\/kwas-traneksamowy-i-jego-zastosowanie-w-kosmetologii\/#breadcrumb\",\"itemListElement\":[{\"@type\":\"ListItem\",\"position\":1,\"name\":\"BANDI\",\"item\":\"https:\/\/www.bandi.pl\/blog\/\"},{\"@type\":\"ListItem\",\"position\":2,\"name\":\"Kwas traneksamowy i jego zastosowanie w kosmetologii\"}]},{\"@type\":\"WebSite\",\"@id\":\"https:\/\/www.bandi.pl\/blog\/#website\",\"url\":\"https:\/\/www.bandi.pl\/blog\/\",\"name\":\"Blog BANDI\",\"description\":\"Czarno na bia\u0142ym o kosmetykach\",\"publisher\":{\"@id\":\"https:\/\/www.bandi.pl\/blog\/#organization\"},\"potentialAction\":[{\"@type\":\"SearchAction\",\"target\":{\"@type\":\"EntryPoint\",\"urlTemplate\":\"https:\/\/www.bandi.pl\/blog\/?s={search_term_string}\"},\"query-input\":{\"@type\":\"PropertyValueSpecification\",\"valueRequired\":true,\"valueName\":\"search_term_string\"}}],\"inLanguage\":\"pl-PL\"},{\"@type\":\"Organization\",\"@id\":\"https:\/\/www.bandi.pl\/blog\/#organization\",\"name\":\"BANDI\",\"url\":\"https:\/\/www.bandi.pl\/blog\/\",\"logo\":{\"@type\":\"ImageObject\",\"inLanguage\":\"pl-PL\",\"@id\":\"https:\/\/www.bandi.pl\/blog\/#\/schema\/logo\/image\/\",\"url\":\"https:\/\/www.bandi.pl\/blog\/wp-content\/uploads\/2019\/06\/bandi-logo.png\",\"contentUrl\":\"https:\/\/www.bandi.pl\/blog\/wp-content\/uploads\/2019\/06\/bandi-logo.png\",\"width\":264,\"height\":111,\"caption\":\"BANDI\"},\"image\":{\"@id\":\"https:\/\/www.bandi.pl\/blog\/#\/schema\/logo\/image\/\"},\"sameAs\":[\"https:\/\/web.facebook.com\/BANDIcosmetics\",\"https:\/\/x.com\/bandi_cosmetics\",\"https:\/\/www.instagram.com\/bandi_cosmetics\/\",\"https:\/\/www.pinterest.com\/bandicosmetics\/\",\"https:\/\/www.youtube.com\/user\/BandiCosmeticsPolska\"]},{\"@type\":\"Person\",\"@id\":\"https:\/\/www.bandi.pl\/blog\/#\/schema\/person\/5ba05af1a18c58f1c31d4ae051ec9499\",\"name\":\"Ilona Kiraga\"}]}<\/script>\n<!-- \/ Yoast SEO plugin. -->","yoast_head_json":{"title":"Kwas traneksamowy i jego zastosowanie w kosmetologii &#187; Blog BANDI","description":"Mechanizm dzia\u0142ania kwasu traneksamowego na przebarwienia jest z\u0142o\u017cony. Jego ogromn\u0105 zalet\u0105 jest oddzia\u0142ywanie jednocze\u015bnie na r\u00f3\u017cnych etapach melanogenezy.","robots":{"index":"index","follow":"follow","max-snippet":"max-snippet:-1","max-image-preview":"max-image-preview:large","max-video-preview":"max-video-preview:-1"},"canonical":"https:\/\/www.bandi.pl\/blog\/kwas-traneksamowy-i-jego-zastosowanie-w-kosmetologii\/","og_locale":"pl_PL","og_type":"article","og_title":"Kwas traneksamowy i jego zastosowanie w kosmetologii &#187; Blog BANDI","og_description":"Mechanizm dzia\u0142ania kwasu traneksamowego na przebarwienia jest z\u0142o\u017cony. Jego ogromn\u0105 zalet\u0105 jest oddzia\u0142ywanie jednocze\u015bnie na r\u00f3\u017cnych etapach melanogenezy.","og_url":"https:\/\/www.bandi.pl\/blog\/kwas-traneksamowy-i-jego-zastosowanie-w-kosmetologii\/","og_site_name":"Blog BANDI","article_publisher":"https:\/\/web.facebook.com\/BANDIcosmetics","article_published_time":"2022-12-13T09:00:00+00:00","og_image":[{"width":705,"height":500,"url":"https:\/\/www.bandi.pl\/blog\/wp-content\/uploads\/2022\/12\/Projekt-bez-tytulu-2-2-705x500.png","type":"image\/png"}],"author":"Ilona Kiraga","twitter_card":"summary_large_image","twitter_creator":"@bandi_cosmetics","twitter_site":"@bandi_cosmetics","twitter_misc":{"Napisane przez":"Ilona Kiraga","Szacowany czas czytania":"2 minuty"},"schema":{"@context":"https:\/\/schema.org","@graph":[{"@type":"Article","@id":"https:\/\/www.bandi.pl\/blog\/kwas-traneksamowy-i-jego-zastosowanie-w-kosmetologii\/#article","isPartOf":{"@id":"https:\/\/www.bandi.pl\/blog\/kwas-traneksamowy-i-jego-zastosowanie-w-kosmetologii\/"},"author":{"name":"Ilona Kiraga","@id":"https:\/\/www.bandi.pl\/blog\/#\/schema\/person\/5ba05af1a18c58f1c31d4ae051ec9499"},"headline":"Kwas traneksamowy i jego zastosowanie w kosmetologii","datePublished":"2022-12-13T09:00:00+00:00","mainEntityOfPage":{"@id":"https:\/\/www.bandi.pl\/blog\/kwas-traneksamowy-i-jego-zastosowanie-w-kosmetologii\/"},"wordCount":654,"commentCount":0,"publisher":{"@id":"https:\/\/www.bandi.pl\/blog\/#organization"},"image":{"@id":"https:\/\/www.bandi.pl\/blog\/kwas-traneksamowy-i-jego-zastosowanie-w-kosmetologii\/#primaryimage"},"thumbnailUrl":"https:\/\/www.bandi.pl\/blog\/wp-content\/uploads\/2022\/12\/Projekt-bez-tytulu-2-2.png","keywords":["Bandi","cera naczyniowa","jak dzia\u0142a kwas traneksamowy","karnozyna","kosmetyki na przebarwienia","kosmetyki profesjonalne","na przebarwienia","piel\u0119gnacja profesjonalna","piel\u0119gnacja twarzy","plamy na sk\u00f3rze","przebarwienia na sk\u00f3rze","rozja\u015bniaj\u0105ce przebarwienia","rozja\u015bnianie przebarwie\u0144","rozja\u015bnianie sk\u00f3ry","tr\u0105dzik r\u00f3\u017cowaty"],"articleSection":["Ewelina Goluch","Surowce i szczypta chemii"],"inLanguage":"pl-PL","potentialAction":[{"@type":"CommentAction","name":"Comment","target":["https:\/\/www.bandi.pl\/blog\/kwas-traneksamowy-i-jego-zastosowanie-w-kosmetologii\/#respond"]}]},{"@type":"WebPage","@id":"https:\/\/www.bandi.pl\/blog\/kwas-traneksamowy-i-jego-zastosowanie-w-kosmetologii\/","url":"https:\/\/www.bandi.pl\/blog\/kwas-traneksamowy-i-jego-zastosowanie-w-kosmetologii\/","name":"Kwas traneksamowy i jego zastosowanie w kosmetologii &#187; Blog BANDI","isPartOf":{"@id":"https:\/\/www.bandi.pl\/blog\/#website"},"primaryImageOfPage":{"@id":"https:\/\/www.bandi.pl\/blog\/kwas-traneksamowy-i-jego-zastosowanie-w-kosmetologii\/#primaryimage"},"image":{"@id":"https:\/\/www.bandi.pl\/blog\/kwas-traneksamowy-i-jego-zastosowanie-w-kosmetologii\/#primaryimage"},"thumbnailUrl":"https:\/\/www.bandi.pl\/blog\/wp-content\/uploads\/2022\/12\/Projekt-bez-tytulu-2-2.png","datePublished":"2022-12-13T09:00:00+00:00","description":"Mechanizm dzia\u0142ania kwasu traneksamowego na przebarwienia jest z\u0142o\u017cony. Jego ogromn\u0105 zalet\u0105 jest oddzia\u0142ywanie jednocze\u015bnie na r\u00f3\u017cnych etapach melanogenezy.","breadcrumb":{"@id":"https:\/\/www.bandi.pl\/blog\/kwas-traneksamowy-i-jego-zastosowanie-w-kosmetologii\/#breadcrumb"},"inLanguage":"pl-PL","potentialAction":[{"@type":"ReadAction","target":["https:\/\/www.bandi.pl\/blog\/kwas-traneksamowy-i-jego-zastosowanie-w-kosmetologii\/"]}]},{"@type":"ImageObject","inLanguage":"pl-PL","@id":"https:\/\/www.bandi.pl\/blog\/kwas-traneksamowy-i-jego-zastosowanie-w-kosmetologii\/#primaryimage","url":"https:\/\/www.bandi.pl\/blog\/wp-content\/uploads\/2022\/12\/Projekt-bez-tytulu-2-2.png","contentUrl":"https:\/\/www.bandi.pl\/blog\/wp-content\/uploads\/2022\/12\/Projekt-bez-tytulu-2-2.png","width":1748,"height":1240,"caption":"kwas traneksamowy"},{"@type":"BreadcrumbList","@id":"https:\/\/www.bandi.pl\/blog\/kwas-traneksamowy-i-jego-zastosowanie-w-kosmetologii\/#breadcrumb","itemListElement":[{"@type":"ListItem","position":1,"name":"BANDI","item":"https:\/\/www.bandi.pl\/blog\/"},{"@type":"ListItem","position":2,"name":"Kwas traneksamowy i jego zastosowanie w kosmetologii"}]},{"@type":"WebSite","@id":"https:\/\/www.bandi.pl\/blog\/#website","url":"https:\/\/www.bandi.pl\/blog\/","name":"Blog BANDI","description":"Czarno na bia\u0142ym o kosmetykach","publisher":{"@id":"https:\/\/www.bandi.pl\/blog\/#organization"},"potentialAction":[{"@type":"SearchAction","target":{"@type":"EntryPoint","urlTemplate":"https:\/\/www.bandi.pl\/blog\/?s={search_term_string}"},"query-input":{"@type":"PropertyValueSpecification","valueRequired":true,"valueName":"search_term_string"}}],"inLanguage":"pl-PL"},{"@type":"Organization","@id":"https:\/\/www.bandi.pl\/blog\/#organization","name":"BANDI","url":"https:\/\/www.bandi.pl\/blog\/","logo":{"@type":"ImageObject","inLanguage":"pl-PL","@id":"https:\/\/www.bandi.pl\/blog\/#\/schema\/logo\/image\/","url":"https:\/\/www.bandi.pl\/blog\/wp-content\/uploads\/2019\/06\/bandi-logo.png","contentUrl":"https:\/\/www.bandi.pl\/blog\/wp-content\/uploads\/2019\/06\/bandi-logo.png","width":264,"height":111,"caption":"BANDI"},"image":{"@id":"https:\/\/www.bandi.pl\/blog\/#\/schema\/logo\/image\/"},"sameAs":["https:\/\/web.facebook.com\/BANDIcosmetics","https:\/\/x.com\/bandi_cosmetics","https:\/\/www.instagram.com\/bandi_cosmetics\/","https:\/\/www.pinterest.com\/bandicosmetics\/","https:\/\/www.youtube.com\/user\/BandiCosmeticsPolska"]},{"@type":"Person","@id":"https:\/\/www.bandi.pl\/blog\/#\/schema\/person\/5ba05af1a18c58f1c31d4ae051ec9499","name":"Ilona Kiraga"}]}},"_links":{"self":[{"href":"https:\/\/www.bandi.pl\/blog\/wp-json\/wp\/v2\/posts\/15176","targetHints":{"allow":["GET"]}}],"collection":[{"href":"https:\/\/www.bandi.pl\/blog\/wp-json\/wp\/v2\/posts"}],"about":[{"href":"https:\/\/www.bandi.pl\/blog\/wp-json\/wp\/v2\/types\/post"}],"author":[{"embeddable":true,"href":"https:\/\/www.bandi.pl\/blog\/wp-json\/wp\/v2\/users\/13"}],"replies":[{"embeddable":true,"href":"https:\/\/www.bandi.pl\/blog\/wp-json\/wp\/v2\/comments?post=15176"}],"version-history":[{"count":9,"href":"https:\/\/www.bandi.pl\/blog\/wp-json\/wp\/v2\/posts\/15176\/revisions"}],"predecessor-version":[{"id":15353,"href":"https:\/\/www.bandi.pl\/blog\/wp-json\/wp\/v2\/posts\/15176\/revisions\/15353"}],"wp:featuredmedia":[{"embeddable":true,"href":"https:\/\/www.bandi.pl\/blog\/wp-json\/wp\/v2\/media\/15325"}],"wp:attachment":[{"href":"https:\/\/www.bandi.pl\/blog\/wp-json\/wp\/v2\/media?parent=15176"}],"wp:term":[{"taxonomy":"category","embeddable":true,"href":"https:\/\/www.bandi.pl\/blog\/wp-json\/wp\/v2\/categories?post=15176"},{"taxonomy":"post_tag","embeddable":true,"href":"https:\/\/www.bandi.pl\/blog\/wp-json\/wp\/v2\/tags?post=15176"}],"curies":[{"name":"wp","href":"https:\/\/api.w.org\/{rel}","templated":true}]}}