{"id":14639,"date":"2022-08-23T13:24:46","date_gmt":"2022-08-23T11:24:46","guid":{"rendered":"https:\/\/www.bandi.pl\/blog\/?p=14639"},"modified":"2022-08-23T13:24:47","modified_gmt":"2022-08-23T11:24:47","slug":"naturalne-oleje-jako-skladniki-kremow-z-spf","status":"publish","type":"post","link":"https:\/\/www.bandi.pl\/blog\/naturalne-oleje-jako-skladniki-kremow-z-spf\/","title":{"rendered":"Naturalne oleje jako sk\u0142adniki krem\u00f3w z SPF"},"content":{"rendered":"\n<p>Ekspozycja sk\u00f3ry na dzia\u0142anie promieni s\u0142onecznych wi\u0105\u017ce si\u0119 z ryzykiem d\u0142ugofalowych negatywnych skutk\u00f3w. Nale\u017c\u0105 do nich przedwczesne starzenie si\u0119 sk\u00f3ry (fotostarzenie) oraz niekt\u00f3re nowotwory. \u015awiadomo\u015b\u0107 konsument\u00f3w nieustannie wzrasta. Obecnie wiemy, \u017ce do korzystania ze s\u0142o\u0144ca trzeba podchodzi\u0107 z g\u0142ow\u0105. Priorytetem jest stosowanie na sk\u00f3r\u0119 <a href=\"https:\/\/www.bandi.pl\/sklep\/katalog.php?wyr=uva+uvb\" target=\"_blank\" rel=\"noreferrer noopener\">krem\u00f3w przeciws\u0142onecznych z filtrami UVA-UVB<\/a> o szerokim spektrum dzia\u0142ania. Ochrona przeciws\u0142oneczna na ca\u0142ym \u015bwiecie to jeden z najpr\u0119\u017cniej rozwijaj\u0105cych si\u0119 sektor\u00f3w w przemy\u015ble kosmetycznym. Jednocze\u015bnie stanowi ona naj\u015bci\u015blej uregulowan\u0105 kategori\u0119 produkt\u00f3w kosmetycznych. Wsp\u00f3\u0142cze\u015bni konsumenci stawiaj\u0105 coraz wi\u0119ksze wymagania kosmetykom dzia\u0142aj\u0105cym w obszarze ochrony sk\u00f3ry przed szkodliwym dzia\u0142aniem promieniowania s\u0142onecznego. Obecnie produkt ochrony przeciws\u0142onecznej powinien, nie tylko zapewnia\u0107 po\u017c\u0105dan\u0105 warto\u015b\u0107 SPF, dzia\u0142a\u0107 w szerokim spektrum zastosowania, ale tak\u017ce dodatkowo:<\/p>\n\n\n\n<ul class=\"wp-block-list\"><li>by\u0107 \u0142atwy i przyjemny w u\u017cyciu,<\/li><li>mie\u0107 ciekaw\u0105 formu\u0142\u0119, by\u0107 estetyczny,<\/li><li>dzia\u0142a\u0107 wielop\u0142aszczyznowo,<\/li><li>zawiera\u0107 sk\u0142adniki wielofunkcyjne, naturalne, wspomagaj\u0105ce ochron\u0119 przed promieniowaniem UV,<\/li><li>zapewnia\u0107 te\u017c dodatkowe korzy\u015bci takie jak nawil\u017cenie, detoksykacj\u0119, od\u017cywienie czy dzia\u0142anie przeciwstarzeniowe.<\/li><\/ul>\n\n\n\n<figure class=\"wp-block-embed is-type-video is-provider-youtube wp-block-embed-youtube wp-embed-aspect-16-9 wp-has-aspect-ratio\"><div class=\"wp-block-embed__wrapper\">\n<iframe loading=\"lazy\" title=\"Por\u00f3wnanie kosmetyk\u00f3w SPF od Bandi! Zobacz konsystencje!\" width=\"1080\" height=\"608\" src=\"https:\/\/www.youtube.com\/embed\/INErAc7FYrY?start=1&#038;feature=oembed\" frameborder=\"0\" allow=\"accelerometer; autoplay; clipboard-write; encrypted-media; gyroscope; picture-in-picture\" allowfullscreen><\/iframe>\n<\/div><\/figure>\n\n\n\n<h2 class=\"wp-block-heading\" id=\"h-kosmetyk-z-spf-nie-atwa-receptura\">Kosmetyk z SPF &#8211; nie\u0142atwa receptura<\/h2>\n\n\n\n<p>By sprosta\u0107 wyzwaniom rynku formu\u0142owanie produkt\u00f3w ochrony przeciws\u0142onecznej wymaga czasu i specjalistycznej wiedzy potrzebnej do optymalizacji produkt\u00f3w pod k\u0105tem skuteczno\u015bci i fotostabilno\u015bci. Zastosowanie filtr\u00f3w przeciws\u0142onecznych jest najwa\u017cniejszym dost\u0119pnym narz\u0119dziem pozwalaj\u0105cym na opracowanie bezpiecznego, skutecznego kosmetyku o jak najlepszej ochronie przeciws\u0142onecznej. Ka\u017cdy kosmetyk z deklarowanym SPF musi spe\u0142nia\u0107 mi\u0119dzynarodowe podstawowe standardy dotycz\u0105ce bezpiecze\u0144stwa wymagane dla wszystkich kategorii kosmetyk\u00f3w. Dodatkowo musi, tak\u017ce sprosta\u0107 zobowi\u0105zaniom wzgl\u0119dem rozporz\u0105dzenia kosmetycznego dedykowanym produktom ochronnych przeciws\u0142onecznej.<\/p>\n\n\n\n<p>Produkt o deklarowanej ochronie przeciws\u0142onecznej musi przej\u015b\u0107 badania skuteczno\u015bci ochrony poprzez wyznaczenie wsp\u00f3\u0142czynnik\u00f3w:<\/p>\n\n\n\n<ul class=\"wp-block-list\"><li>SPF &#8211; ochrona przed promieniowaniem UVB \u2013 odpowiedzialnym za wi\u0119kszo\u015b\u0107 oparze\u0144 s\u0142onecznych i raka sk\u00f3ry,<\/li><li>UVA-PF &#8211; ochrona przed promieniowaniem UVA \u2013 g\u0142\u00f3wnym winowajc\u0105 fotostarzenia, kt\u00f3re powoduje zmarszczki i plamy pos\u0142oneczne. <\/li><\/ul>\n\n\n\n<p>Ponadto ka\u017cda dodatkowa deklaracja tak\u017ce powinna by\u0107 potwierdzona akceptowalnymi metodami badawczymi.<\/p>\n\n\n\n<p>Nie jest mo\u017cliwe osi\u0105gni\u0119cie w kosmetyku z SPF szerokiego spektrum ochrony przed promieniowaniem UVA i UVB bez zastosowania w nim dozwolonych do stosowania filtr\u00f3w UV.<\/p>\n\n\n\n<h2 class=\"wp-block-heading\">Booster SPF co to takiego?<\/h2>\n\n\n\n<p>Rozw\u00f3j nowych cz\u0105steczek pe\u0142ni\u0105cych rol\u0119 filtr\u00f3w UV jest coraz bardziej uci\u0105\u017cliwy przez rosn\u0105ce bariery regulacyjne utrudniaj\u0105ce wprowadzanie nowych materia\u0142\u00f3w. Ze wzgl\u0119du na powy\u017csze trudno\u015bci i koszty zwi\u0105zane z opracowaniem nowych filtr\u00f3w UV i uzyskaniem dla nich aprobaty regulacyjnej, post\u0119p w tej dziedzinie jest mocno ograniczony.<\/p>\n\n\n\n<p>By wzmocni\u0107 dzia\u0142anie ochronne wykorzystuje si\u0119 w recepturach nowoczesne substancje &#8211;&nbsp; tzw. wzmacniacze SPF, kt\u00f3re maj\u0105 potwierdzone dzia\u0142anie pot\u0119guj\u0105ce efektywno\u015b\u0107 filtr\u00f3w UV zastosowanych w formulacji. Wi\u0119kszo\u015b\u0107 booster-\u00f3w SPF, jak na przyk\u0142ad: <\/p>\n\n\n\n<ul class=\"wp-block-list\"><li>silica dzia\u0142a g\u0142\u00f3wnie poprzez zwi\u0119kszenie absorbcji UV i grubo\u015bci filmu przeciws\u0142onecznego na sk\u00f3rze. Znacz\u0105co zwi\u0119ksza ona ochron\u0119 SPF w ca\u0142ym spectrum UV. Dzia\u0142a r\u00f3wnie dobrze z organicznymi jak i nieorganicznymi flitrami UV, co w efekcie pozwala na minimalizacj\u0119 zawarto\u015bci filtr\u00f3w w ca\u0142ej recepturze i uzyskanie kosmetyku o przyjemnej konsystencji i r\u00f3wnie wysokiej skuteczno\u015bci ochronnej.<\/li><\/ul>\n\n\n\n<h2 class=\"wp-block-heading\">Naturalne sk\u0142adniki kosmetyk\u00f3w promieniochronnych<\/h2>\n\n\n\n<p>Opr\u00f3cz filtr\u00f3w UV oraz booster-\u00f3w SPF mamy do dyspozycji r\u00f3wnie\u017c naturalne surowce, kt\u00f3re dzi\u0119ki swoim mechanizmom dzia\u0142ania mog\u0105 podbijaj\u0105c efektywno\u015b\u0107 filtr\u00f3w UV.<\/p>\n\n\n\n<blockquote class=\"wp-block-quote is-layout-flow wp-block-quote-is-layout-flow\"><p>Konserwanty, takie jak glikol kaprylowy skutecznie zwi\u0119kszaj\u0105 dzia\u0142anie filtr\u00f3w, podobnie surowce o dzia\u0142aniu \u0142agodz\u0105cym, np.: d-panthenol.<\/p><\/blockquote>\n\n\n\n<p>Dodatek do produktu ochrony przeciws\u0142onecznej antyoksydant\u00f3w, takich jak np. octan tokoferolu,&nbsp;palmitynian retinolu, czy karnozyny tak\u017ce zwi\u0119kszaj\u0105 SPF. Jednocze\u015bnie chroni\u0105 przed szkodliwym dzia\u0142aniem wolnych rodnik\u00f3w i fotostarzeniem.<\/p>\n\n\n\n<p>Bardzo popularne jest wzbogacanie produkt\u00f3w&nbsp;ochrony przeciws\u0142onecznej o naturalne oleje, kt\u00f3re tak\u017ce korzystnie wp\u0142ywaj\u0105 na wzmocnienie skuteczno\u015bci SPF. Mog\u0105 to by\u0107:<\/p>\n\n\n\n<ul class=\"wp-block-list\"><li>surowce pochodz\u0105ce z korkosza np. Carthamus Tinctorius (Safflower) Oleosomes, Carthamus Tinctorius (Safflower) Seedcake Extract,<\/li><li>olej avocado, kt\u00f3ry silnie nawil\u017ca, zapobiega powstawaniu zmarszczek, chroni g\u0119sto\u015b\u0107 sk\u00f3ry i chroni przed promieniowaniem UV,<\/li><li>per\u0142a w\u015br\u00f3d olei ro\u015blinnych &#8211; olej z nasion meadowfoam, kt\u00f3ry w pewnym stopniu dzia\u0142a jako naturalny filtr przeciws\u0142oneczny,<\/li><li>olej kokosowy, tak\u017ce wykazuje wysoki indeks SPF,<\/li><li>od\u017cywczy olej z pestek malin posiada zdolno\u015b\u0107 do asorbcji promieniowania w zakresie UVB i UVC,<\/li><li>dobrze znane mas\u0142o Shea otrzymywane z nasion afryka\u0144skiego drzewa karite (Mas\u0142osz Parka), pe\u0142ni rol\u0119 naturalnego filtra przeciws\u0142onecznego (SPF 6-10),<\/li><li>wosk jojoba, cz\u0119sto nazywany olejem jojoba, gdy\u017c w temperaturze otoczenia przyjmuje ca\u0142kowicie posta\u0107 p\u0142ynn\u0105. Pozyskiwany jest z krzew\u00f3w Buxus chinensis wyst\u0119puj\u0105cych w Ameryce P\u00f3\u0142nocnej, tak\u017ce cz\u0119\u015bciowo ma dzia\u0142anie zbli\u017cone do filtr\u00f3w UV.<\/li><\/ul>\n\n\n\n<p>Mimo, \u017ce \u015bwiatowy rynek kosmetyk\u00f3w i \u015bwiadomo\u015b\u0107 spo\u0142ecze\u0144stwa stale si\u0119 rozwijaj\u0105 i wida\u0107, \u017ce naturalno\u015b\u0107 staje si\u0119 priorytetem, pami\u0119tajmy, \u017ce substancje pochodzenia naturalnego, organicznego stosowane w produktach ochrony przeciws\u0142onecznej s\u0105 warto\u015bci\u0105 dodan\u0105, a dzia\u0142anie promieniochronne kosmetyk\u00f3w zapewniaj\u0105 przede wszystkim filtry UV.<\/p>\n\n\n\n<div class=\"wp-block-divi-layout\">[et_pb_section fb_built=&#8221;1&#8243; _builder_version=&#8221;4.4.1&#8243;][\/et_pb_section][et_pb_section fb_built=&#8221;1&#8243; _builder_version=&#8221;4.4.1&#8243; top_divider_style=&#8221;arrow&#8221; top_divider_color=&#8221;rgba(255,166,168,0.75)&#8221; top_divider_height=&#8221;1px&#8221; bottom_divider_style=&#8221;arrow&#8221; bottom_divider_color=&#8221;rgba(255,166,168,0.75)&#8221; bottom_divider_height=&#8221;1px&#8221;][et_pb_row column_structure=&#8221;1_2,1_2&#8243; _builder_version=&#8221;4.4.1&#8243; width=&#8221;100%&#8221; module_alignment=&#8221;left&#8221; custom_margin=&#8221;||||false|false&#8221;][et_pb_column type=&#8221;1_2&#8243; _builder_version=&#8221;4.4.1&#8243;][et_pb_text _builder_version=&#8221;4.4.1&#8243; text_font=&#8221;Raleway Bold||||||||&#8221; text_text_color=&#8221;rgba(255,166,168,0.75)&#8221; text_font_size=&#8221;56px&#8221; text_letter_spacing=&#8221;8px&#8221; text_line_height=&#8221;1.1em&#8221; custom_margin=&#8221;40px||||false|false&#8221; hover_enabled=&#8221;0&#8243; link_option_url=&#8221;https:\/\/www.bandi.pl\/sklep\/katalog.php?wyr=uva+uvb&#8221;]<p style=\"text-align: center;\"><b>KREM Z FILTREM<\/b><\/p>[\/et_pb_text][et_pb_text _builder_version=&#8221;4.4.1&#8243; text_font=&#8221;Raleway Regular||||||||&#8221; text_text_color=&#8221;#b8b8b8&#8243; text_font_size=&#8221;22px&#8221; text_line_height=&#8221;1.5em&#8221; hover_enabled=&#8221;0&#8243; link_option_url=&#8221;https:\/\/www.bandi.pl\/sklep\/katalog.php?wyr=uva+uvb&#8221;]<p style=\"text-align: center;\">Szerokopasmowa ochrona przed UVB i UVA<\/p>[\/et_pb_text][et_pb_button button_url=&#8221;https:\/\/www.bandi.pl\/sklep\/katalog.php?wyr=uva+uvb&#8221; button_text=&#8221;ZOBACZ&#8221; button_alignment=&#8221;center&#8221; disabled_on=&#8221;off|off|off&#8221; _builder_version=&#8221;4.4.1&#8243; custom_button=&#8221;on&#8221; button_text_size=&#8221;20px&#8221; button_text_color=&#8221;#ffffff&#8221; button_border_radius=&#8221;25px&#8221; button_font=&#8221;Bree Serif||||||||&#8221; background_layout=&#8221;dark&#8221; custom_padding=&#8221;12px|30px|12px|30px|true|true&#8221; hover_transition_duration=&#8221;0ms&#8221; hover_enabled=&#8221;0&#8243; box_shadow_style=&#8221;preset3&#8243;][\/et_pb_button][\/et_pb_column][et_pb_column type=&#8221;1_2&#8243; _builder_version=&#8221;4.4.1&#8243;][et_pb_image src=&#8221;https:\/\/www.bandi.pl\/blog\/wp-content\/uploads\/2022\/08\/spf50-2-scaled.jpg&#8221; align=&#8221;center&#8221; _builder_version=&#8221;4.4.1&#8243; hover_enabled=&#8221;0&#8243; url=&#8221;https:\/\/www.bandi.pl\/sklep\/katalog.php?wyr=uva+uvb&#8221;][\/et_pb_image][\/et_pb_column][\/et_pb_row][\/et_pb_section]<\/div>\n","protected":false},"excerpt":{"rendered":"<p>Ekspozycja sk\u00f3ry na dzia\u0142anie promieni s\u0142onecznych wi\u0105\u017ce si\u0119 z ryzykiem d\u0142ugofalowych negatywnych skutk\u00f3w. Nale\u017c\u0105 do nich przedwczesne starzenie si\u0119 sk\u00f3ry (fotostarzenie) oraz niekt\u00f3re nowotwory. \u015awiadomo\u015b\u0107 konsument\u00f3w nieustannie wzrasta. Obecnie wiemy, \u017ce do korzystania ze s\u0142o\u0144ca trzeba podchodzi\u0107 z g\u0142ow\u0105. Priorytetem jest stosowanie na sk\u00f3r\u0119 krem\u00f3w przeciws\u0142onecznych z filtrami UVA-UVB o szerokim spektrum dzia\u0142ania. Ochrona przeciws\u0142oneczna [&hellip;]<\/p>\n","protected":false},"author":13,"featured_media":14644,"comment_status":"open","ping_status":"closed","sticky":false,"template":"","format":"standard","meta":{"_et_pb_use_builder":"","_et_pb_old_content":"","_et_gb_content_width":"","footnotes":""},"categories":[2051,1771],"tags":[3445,7206,7058,6568,4232,4105,7060,6888,6890,6889,7205,7204,6068,4230,5868,7207,4107,4108],"class_list":["post-14639","post","type-post","status-publish","format-standard","has-post-thumbnail","hentry","category-magdalena-dzienisik","category-kategoria-surowce-i-szczypta-chemii","tag-bandi","tag-booster-spf","tag-jaki-krem-z-filtrem","tag-kosmetyki-na-lato","tag-kosmetyki-profesjonalne","tag-krem-z-filtrem","tag-krem-z-filtrem-spf-50","tag-krem-z-filtrem-uva","tag-krem-z-filtrem-uva-i-uvb","tag-krem-z-filtrem-uvb","tag-naturalne-skladniki-kosmetykow","tag-oleje-naturalne","tag-oleje-roslinne","tag-pielegnacja-profesjonalna","tag-pielegnacja-twarzy","tag-substancje-wzmacniajace-dzialanie-filtrow","tag-uva","tag-uvb"],"yoast_head":"<!-- This site is optimized with the Yoast SEO plugin v27.1.1 - https:\/\/yoast.com\/product\/yoast-seo-wordpress\/ -->\n<title>Naturalne oleje jako sk\u0142adniki krem\u00f3w z SPF &#187; Blog BANDI<\/title>\n<meta name=\"description\" content=\"Opr\u00f3cz filtr\u00f3w UV oraz booster-\u00f3w SPF w recepturze kosmetyku promieniochronnego stosowane s\u0105 naturalne surowce, zwi\u0119kszaj\u0105ce efektywno\u015b\u0107 filtr\u00f3w UV.\" \/>\n<meta name=\"robots\" content=\"index, follow, max-snippet:-1, max-image-preview:large, max-video-preview:-1\" \/>\n<link rel=\"canonical\" href=\"https:\/\/www.bandi.pl\/blog\/naturalne-oleje-jako-skladniki-kremow-z-spf\/\" \/>\n<meta property=\"og:locale\" content=\"pl_PL\" \/>\n<meta property=\"og:type\" content=\"article\" \/>\n<meta property=\"og:title\" content=\"Naturalne oleje jako sk\u0142adniki krem\u00f3w z SPF &#187; Blog BANDI\" \/>\n<meta property=\"og:description\" content=\"Opr\u00f3cz filtr\u00f3w UV oraz booster-\u00f3w SPF w recepturze kosmetyku promieniochronnego stosowane s\u0105 naturalne surowce, zwi\u0119kszaj\u0105ce efektywno\u015b\u0107 filtr\u00f3w UV.\" \/>\n<meta property=\"og:url\" content=\"https:\/\/www.bandi.pl\/blog\/naturalne-oleje-jako-skladniki-kremow-z-spf\/\" \/>\n<meta property=\"og:site_name\" content=\"Blog BANDI\" \/>\n<meta property=\"article:publisher\" content=\"https:\/\/web.facebook.com\/BANDIcosmetics\" \/>\n<meta property=\"article:published_time\" content=\"2022-08-23T11:24:46+00:00\" \/>\n<meta property=\"article:modified_time\" content=\"2022-08-23T11:24:47+00:00\" \/>\n<meta property=\"og:image\" content=\"https:\/\/www.bandi.pl\/blog\/wp-content\/uploads\/2022\/08\/Projekt-bez-tytulu-2-3-705x500.png\" \/>\n\t<meta property=\"og:image:width\" content=\"705\" \/>\n\t<meta property=\"og:image:height\" content=\"500\" \/>\n\t<meta property=\"og:image:type\" content=\"image\/png\" \/>\n<meta name=\"author\" content=\"Ilona Kiraga\" \/>\n<meta name=\"twitter:card\" content=\"summary_large_image\" \/>\n<meta name=\"twitter:creator\" content=\"@bandi_cosmetics\" \/>\n<meta name=\"twitter:site\" content=\"@bandi_cosmetics\" \/>\n<meta name=\"twitter:label1\" content=\"Napisane przez\" \/>\n\t<meta name=\"twitter:data1\" content=\"Ilona Kiraga\" \/>\n\t<meta name=\"twitter:label2\" content=\"Szacowany czas czytania\" \/>\n\t<meta name=\"twitter:data2\" content=\"4 minuty\" \/>\n<script type=\"application\/ld+json\" class=\"yoast-schema-graph\">{\"@context\":\"https:\/\/schema.org\",\"@graph\":[{\"@type\":\"Article\",\"@id\":\"https:\/\/www.bandi.pl\/blog\/naturalne-oleje-jako-skladniki-kremow-z-spf\/#article\",\"isPartOf\":{\"@id\":\"https:\/\/www.bandi.pl\/blog\/naturalne-oleje-jako-skladniki-kremow-z-spf\/\"},\"author\":{\"name\":\"Ilona Kiraga\",\"@id\":\"https:\/\/www.bandi.pl\/blog\/#\/schema\/person\/5ba05af1a18c58f1c31d4ae051ec9499\"},\"headline\":\"Naturalne oleje jako sk\u0142adniki krem\u00f3w z SPF\",\"datePublished\":\"2022-08-23T11:24:46+00:00\",\"dateModified\":\"2022-08-23T11:24:47+00:00\",\"mainEntityOfPage\":{\"@id\":\"https:\/\/www.bandi.pl\/blog\/naturalne-oleje-jako-skladniki-kremow-z-spf\/\"},\"wordCount\":1190,\"commentCount\":0,\"publisher\":{\"@id\":\"https:\/\/www.bandi.pl\/blog\/#organization\"},\"image\":{\"@id\":\"https:\/\/www.bandi.pl\/blog\/naturalne-oleje-jako-skladniki-kremow-z-spf\/#primaryimage\"},\"thumbnailUrl\":\"https:\/\/www.bandi.pl\/blog\/wp-content\/uploads\/2022\/08\/Projekt-bez-tytulu-2-3.png\",\"keywords\":[\"Bandi\",\"booster spf\",\"jaki krem z filtrem\",\"kosmetyki na lato\",\"kosmetyki profesjonalne\",\"krem z filtrem\",\"krem z filtrem spf 50\",\"krem z filtrem uva\",\"krem z filtrem uva i uvb\",\"krem z filtrem uvb\",\"naturalne sk\u0142adniki kosmetyk\u00f3w\",\"oleje naturalne\",\"oleje ro\u015blinne\",\"piel\u0119gnacja profesjonalna\",\"piel\u0119gnacja twarzy\",\"substancje wzmacniaj\u0105ce dzia\u0142anie filtr\u00f3w\",\"UVA\",\"UVB\"],\"articleSection\":[\"Magdalena Dzienisik\",\"Surowce i szczypta chemii\"],\"inLanguage\":\"pl-PL\",\"potentialAction\":[{\"@type\":\"CommentAction\",\"name\":\"Comment\",\"target\":[\"https:\/\/www.bandi.pl\/blog\/naturalne-oleje-jako-skladniki-kremow-z-spf\/#respond\"]}]},{\"@type\":\"WebPage\",\"@id\":\"https:\/\/www.bandi.pl\/blog\/naturalne-oleje-jako-skladniki-kremow-z-spf\/\",\"url\":\"https:\/\/www.bandi.pl\/blog\/naturalne-oleje-jako-skladniki-kremow-z-spf\/\",\"name\":\"Naturalne oleje jako sk\u0142adniki krem\u00f3w z SPF &#187; Blog BANDI\",\"isPartOf\":{\"@id\":\"https:\/\/www.bandi.pl\/blog\/#website\"},\"primaryImageOfPage\":{\"@id\":\"https:\/\/www.bandi.pl\/blog\/naturalne-oleje-jako-skladniki-kremow-z-spf\/#primaryimage\"},\"image\":{\"@id\":\"https:\/\/www.bandi.pl\/blog\/naturalne-oleje-jako-skladniki-kremow-z-spf\/#primaryimage\"},\"thumbnailUrl\":\"https:\/\/www.bandi.pl\/blog\/wp-content\/uploads\/2022\/08\/Projekt-bez-tytulu-2-3.png\",\"datePublished\":\"2022-08-23T11:24:46+00:00\",\"dateModified\":\"2022-08-23T11:24:47+00:00\",\"description\":\"Opr\u00f3cz filtr\u00f3w UV oraz booster-\u00f3w SPF w recepturze kosmetyku promieniochronnego stosowane s\u0105 naturalne surowce, zwi\u0119kszaj\u0105ce efektywno\u015b\u0107 filtr\u00f3w UV.\",\"breadcrumb\":{\"@id\":\"https:\/\/www.bandi.pl\/blog\/naturalne-oleje-jako-skladniki-kremow-z-spf\/#breadcrumb\"},\"inLanguage\":\"pl-PL\",\"potentialAction\":[{\"@type\":\"ReadAction\",\"target\":[\"https:\/\/www.bandi.pl\/blog\/naturalne-oleje-jako-skladniki-kremow-z-spf\/\"]}]},{\"@type\":\"ImageObject\",\"inLanguage\":\"pl-PL\",\"@id\":\"https:\/\/www.bandi.pl\/blog\/naturalne-oleje-jako-skladniki-kremow-z-spf\/#primaryimage\",\"url\":\"https:\/\/www.bandi.pl\/blog\/wp-content\/uploads\/2022\/08\/Projekt-bez-tytulu-2-3.png\",\"contentUrl\":\"https:\/\/www.bandi.pl\/blog\/wp-content\/uploads\/2022\/08\/Projekt-bez-tytulu-2-3.png\",\"width\":1748,\"height\":1240,\"caption\":\"spf\"},{\"@type\":\"BreadcrumbList\",\"@id\":\"https:\/\/www.bandi.pl\/blog\/naturalne-oleje-jako-skladniki-kremow-z-spf\/#breadcrumb\",\"itemListElement\":[{\"@type\":\"ListItem\",\"position\":1,\"name\":\"BANDI\",\"item\":\"https:\/\/www.bandi.pl\/blog\/\"},{\"@type\":\"ListItem\",\"position\":2,\"name\":\"Naturalne oleje jako sk\u0142adniki krem\u00f3w z SPF\"}]},{\"@type\":\"WebSite\",\"@id\":\"https:\/\/www.bandi.pl\/blog\/#website\",\"url\":\"https:\/\/www.bandi.pl\/blog\/\",\"name\":\"Blog BANDI\",\"description\":\"Czarno na bia\u0142ym o kosmetykach\",\"publisher\":{\"@id\":\"https:\/\/www.bandi.pl\/blog\/#organization\"},\"potentialAction\":[{\"@type\":\"SearchAction\",\"target\":{\"@type\":\"EntryPoint\",\"urlTemplate\":\"https:\/\/www.bandi.pl\/blog\/?s={search_term_string}\"},\"query-input\":{\"@type\":\"PropertyValueSpecification\",\"valueRequired\":true,\"valueName\":\"search_term_string\"}}],\"inLanguage\":\"pl-PL\"},{\"@type\":\"Organization\",\"@id\":\"https:\/\/www.bandi.pl\/blog\/#organization\",\"name\":\"BANDI\",\"url\":\"https:\/\/www.bandi.pl\/blog\/\",\"logo\":{\"@type\":\"ImageObject\",\"inLanguage\":\"pl-PL\",\"@id\":\"https:\/\/www.bandi.pl\/blog\/#\/schema\/logo\/image\/\",\"url\":\"https:\/\/www.bandi.pl\/blog\/wp-content\/uploads\/2019\/06\/bandi-logo.png\",\"contentUrl\":\"https:\/\/www.bandi.pl\/blog\/wp-content\/uploads\/2019\/06\/bandi-logo.png\",\"width\":264,\"height\":111,\"caption\":\"BANDI\"},\"image\":{\"@id\":\"https:\/\/www.bandi.pl\/blog\/#\/schema\/logo\/image\/\"},\"sameAs\":[\"https:\/\/web.facebook.com\/BANDIcosmetics\",\"https:\/\/x.com\/bandi_cosmetics\",\"https:\/\/www.instagram.com\/bandi_cosmetics\/\",\"https:\/\/www.pinterest.com\/bandicosmetics\/\",\"https:\/\/www.youtube.com\/user\/BandiCosmeticsPolska\"]},{\"@type\":\"Person\",\"@id\":\"https:\/\/www.bandi.pl\/blog\/#\/schema\/person\/5ba05af1a18c58f1c31d4ae051ec9499\",\"name\":\"Ilona Kiraga\"}]}<\/script>\n<!-- \/ Yoast SEO plugin. -->","yoast_head_json":{"title":"Naturalne oleje jako sk\u0142adniki krem\u00f3w z SPF &#187; Blog BANDI","description":"Opr\u00f3cz filtr\u00f3w UV oraz booster-\u00f3w SPF w recepturze kosmetyku promieniochronnego stosowane s\u0105 naturalne surowce, zwi\u0119kszaj\u0105ce efektywno\u015b\u0107 filtr\u00f3w UV.","robots":{"index":"index","follow":"follow","max-snippet":"max-snippet:-1","max-image-preview":"max-image-preview:large","max-video-preview":"max-video-preview:-1"},"canonical":"https:\/\/www.bandi.pl\/blog\/naturalne-oleje-jako-skladniki-kremow-z-spf\/","og_locale":"pl_PL","og_type":"article","og_title":"Naturalne oleje jako sk\u0142adniki krem\u00f3w z SPF &#187; Blog BANDI","og_description":"Opr\u00f3cz filtr\u00f3w UV oraz booster-\u00f3w SPF w recepturze kosmetyku promieniochronnego stosowane s\u0105 naturalne surowce, zwi\u0119kszaj\u0105ce efektywno\u015b\u0107 filtr\u00f3w UV.","og_url":"https:\/\/www.bandi.pl\/blog\/naturalne-oleje-jako-skladniki-kremow-z-spf\/","og_site_name":"Blog BANDI","article_publisher":"https:\/\/web.facebook.com\/BANDIcosmetics","article_published_time":"2022-08-23T11:24:46+00:00","article_modified_time":"2022-08-23T11:24:47+00:00","og_image":[{"width":705,"height":500,"url":"https:\/\/www.bandi.pl\/blog\/wp-content\/uploads\/2022\/08\/Projekt-bez-tytulu-2-3-705x500.png","type":"image\/png"}],"author":"Ilona Kiraga","twitter_card":"summary_large_image","twitter_creator":"@bandi_cosmetics","twitter_site":"@bandi_cosmetics","twitter_misc":{"Napisane przez":"Ilona Kiraga","Szacowany czas czytania":"4 minuty"},"schema":{"@context":"https:\/\/schema.org","@graph":[{"@type":"Article","@id":"https:\/\/www.bandi.pl\/blog\/naturalne-oleje-jako-skladniki-kremow-z-spf\/#article","isPartOf":{"@id":"https:\/\/www.bandi.pl\/blog\/naturalne-oleje-jako-skladniki-kremow-z-spf\/"},"author":{"name":"Ilona Kiraga","@id":"https:\/\/www.bandi.pl\/blog\/#\/schema\/person\/5ba05af1a18c58f1c31d4ae051ec9499"},"headline":"Naturalne oleje jako sk\u0142adniki krem\u00f3w z SPF","datePublished":"2022-08-23T11:24:46+00:00","dateModified":"2022-08-23T11:24:47+00:00","mainEntityOfPage":{"@id":"https:\/\/www.bandi.pl\/blog\/naturalne-oleje-jako-skladniki-kremow-z-spf\/"},"wordCount":1190,"commentCount":0,"publisher":{"@id":"https:\/\/www.bandi.pl\/blog\/#organization"},"image":{"@id":"https:\/\/www.bandi.pl\/blog\/naturalne-oleje-jako-skladniki-kremow-z-spf\/#primaryimage"},"thumbnailUrl":"https:\/\/www.bandi.pl\/blog\/wp-content\/uploads\/2022\/08\/Projekt-bez-tytulu-2-3.png","keywords":["Bandi","booster spf","jaki krem z filtrem","kosmetyki na lato","kosmetyki profesjonalne","krem z filtrem","krem z filtrem spf 50","krem z filtrem uva","krem z filtrem uva i uvb","krem z filtrem uvb","naturalne sk\u0142adniki kosmetyk\u00f3w","oleje naturalne","oleje ro\u015blinne","piel\u0119gnacja profesjonalna","piel\u0119gnacja twarzy","substancje wzmacniaj\u0105ce dzia\u0142anie filtr\u00f3w","UVA","UVB"],"articleSection":["Magdalena Dzienisik","Surowce i szczypta chemii"],"inLanguage":"pl-PL","potentialAction":[{"@type":"CommentAction","name":"Comment","target":["https:\/\/www.bandi.pl\/blog\/naturalne-oleje-jako-skladniki-kremow-z-spf\/#respond"]}]},{"@type":"WebPage","@id":"https:\/\/www.bandi.pl\/blog\/naturalne-oleje-jako-skladniki-kremow-z-spf\/","url":"https:\/\/www.bandi.pl\/blog\/naturalne-oleje-jako-skladniki-kremow-z-spf\/","name":"Naturalne oleje jako sk\u0142adniki krem\u00f3w z SPF &#187; Blog BANDI","isPartOf":{"@id":"https:\/\/www.bandi.pl\/blog\/#website"},"primaryImageOfPage":{"@id":"https:\/\/www.bandi.pl\/blog\/naturalne-oleje-jako-skladniki-kremow-z-spf\/#primaryimage"},"image":{"@id":"https:\/\/www.bandi.pl\/blog\/naturalne-oleje-jako-skladniki-kremow-z-spf\/#primaryimage"},"thumbnailUrl":"https:\/\/www.bandi.pl\/blog\/wp-content\/uploads\/2022\/08\/Projekt-bez-tytulu-2-3.png","datePublished":"2022-08-23T11:24:46+00:00","dateModified":"2022-08-23T11:24:47+00:00","description":"Opr\u00f3cz filtr\u00f3w UV oraz booster-\u00f3w SPF w recepturze kosmetyku promieniochronnego stosowane s\u0105 naturalne surowce, zwi\u0119kszaj\u0105ce efektywno\u015b\u0107 filtr\u00f3w UV.","breadcrumb":{"@id":"https:\/\/www.bandi.pl\/blog\/naturalne-oleje-jako-skladniki-kremow-z-spf\/#breadcrumb"},"inLanguage":"pl-PL","potentialAction":[{"@type":"ReadAction","target":["https:\/\/www.bandi.pl\/blog\/naturalne-oleje-jako-skladniki-kremow-z-spf\/"]}]},{"@type":"ImageObject","inLanguage":"pl-PL","@id":"https:\/\/www.bandi.pl\/blog\/naturalne-oleje-jako-skladniki-kremow-z-spf\/#primaryimage","url":"https:\/\/www.bandi.pl\/blog\/wp-content\/uploads\/2022\/08\/Projekt-bez-tytulu-2-3.png","contentUrl":"https:\/\/www.bandi.pl\/blog\/wp-content\/uploads\/2022\/08\/Projekt-bez-tytulu-2-3.png","width":1748,"height":1240,"caption":"spf"},{"@type":"BreadcrumbList","@id":"https:\/\/www.bandi.pl\/blog\/naturalne-oleje-jako-skladniki-kremow-z-spf\/#breadcrumb","itemListElement":[{"@type":"ListItem","position":1,"name":"BANDI","item":"https:\/\/www.bandi.pl\/blog\/"},{"@type":"ListItem","position":2,"name":"Naturalne oleje jako sk\u0142adniki krem\u00f3w z SPF"}]},{"@type":"WebSite","@id":"https:\/\/www.bandi.pl\/blog\/#website","url":"https:\/\/www.bandi.pl\/blog\/","name":"Blog BANDI","description":"Czarno na bia\u0142ym o kosmetykach","publisher":{"@id":"https:\/\/www.bandi.pl\/blog\/#organization"},"potentialAction":[{"@type":"SearchAction","target":{"@type":"EntryPoint","urlTemplate":"https:\/\/www.bandi.pl\/blog\/?s={search_term_string}"},"query-input":{"@type":"PropertyValueSpecification","valueRequired":true,"valueName":"search_term_string"}}],"inLanguage":"pl-PL"},{"@type":"Organization","@id":"https:\/\/www.bandi.pl\/blog\/#organization","name":"BANDI","url":"https:\/\/www.bandi.pl\/blog\/","logo":{"@type":"ImageObject","inLanguage":"pl-PL","@id":"https:\/\/www.bandi.pl\/blog\/#\/schema\/logo\/image\/","url":"https:\/\/www.bandi.pl\/blog\/wp-content\/uploads\/2019\/06\/bandi-logo.png","contentUrl":"https:\/\/www.bandi.pl\/blog\/wp-content\/uploads\/2019\/06\/bandi-logo.png","width":264,"height":111,"caption":"BANDI"},"image":{"@id":"https:\/\/www.bandi.pl\/blog\/#\/schema\/logo\/image\/"},"sameAs":["https:\/\/web.facebook.com\/BANDIcosmetics","https:\/\/x.com\/bandi_cosmetics","https:\/\/www.instagram.com\/bandi_cosmetics\/","https:\/\/www.pinterest.com\/bandicosmetics\/","https:\/\/www.youtube.com\/user\/BandiCosmeticsPolska"]},{"@type":"Person","@id":"https:\/\/www.bandi.pl\/blog\/#\/schema\/person\/5ba05af1a18c58f1c31d4ae051ec9499","name":"Ilona Kiraga"}]}},"_links":{"self":[{"href":"https:\/\/www.bandi.pl\/blog\/wp-json\/wp\/v2\/posts\/14639","targetHints":{"allow":["GET"]}}],"collection":[{"href":"https:\/\/www.bandi.pl\/blog\/wp-json\/wp\/v2\/posts"}],"about":[{"href":"https:\/\/www.bandi.pl\/blog\/wp-json\/wp\/v2\/types\/post"}],"author":[{"embeddable":true,"href":"https:\/\/www.bandi.pl\/blog\/wp-json\/wp\/v2\/users\/13"}],"replies":[{"embeddable":true,"href":"https:\/\/www.bandi.pl\/blog\/wp-json\/wp\/v2\/comments?post=14639"}],"version-history":[{"count":13,"href":"https:\/\/www.bandi.pl\/blog\/wp-json\/wp\/v2\/posts\/14639\/revisions"}],"predecessor-version":[{"id":14666,"href":"https:\/\/www.bandi.pl\/blog\/wp-json\/wp\/v2\/posts\/14639\/revisions\/14666"}],"wp:featuredmedia":[{"embeddable":true,"href":"https:\/\/www.bandi.pl\/blog\/wp-json\/wp\/v2\/media\/14644"}],"wp:attachment":[{"href":"https:\/\/www.bandi.pl\/blog\/wp-json\/wp\/v2\/media?parent=14639"}],"wp:term":[{"taxonomy":"category","embeddable":true,"href":"https:\/\/www.bandi.pl\/blog\/wp-json\/wp\/v2\/categories?post=14639"},{"taxonomy":"post_tag","embeddable":true,"href":"https:\/\/www.bandi.pl\/blog\/wp-json\/wp\/v2\/tags?post=14639"}],"curies":[{"name":"wp","href":"https:\/\/api.w.org\/{rel}","templated":true}]}}