{"id":14085,"date":"2022-04-21T12:16:07","date_gmt":"2022-04-21T10:16:07","guid":{"rendered":"https:\/\/www.bandi.pl\/blog\/?p=14085"},"modified":"2022-04-21T12:16:10","modified_gmt":"2022-04-21T10:16:10","slug":"in-cosmetics-2022-w-poszukiwaniu-inspiracji","status":"publish","type":"post","link":"https:\/\/www.bandi.pl\/blog\/in-cosmetics-2022-w-poszukiwaniu-inspiracji\/","title":{"rendered":"In-Cosmetics 2022 &#8211; w poszukiwaniu inspiracji"},"content":{"rendered":"\n<p>W dniach 5-7 kwietnia 2022 w Pary\u017cu, po 3 latach przerwy uda\u0142o nam si\u0119 osobi\u015bcie wzi\u0105\u0107 udzia\u0142 w globalnych targach In-Cosmetics &#8211; najwi\u0119kszych targach surowcowych w Europie. Jest to wydarzenie kluczowe dla ka\u017cdego przedstawiciela bran\u017cy kosmetycznej. Targi In-Cosmetics to miejsce, gdzie mo\u017cemy spotka\u0107 przedstawicieli wszystkich dziedzin przemys\u0142u kosmetycznego. Daje nam to mo\u017cliwo\u015b\u0107 zdobycia wielu nowych inspiracji, dzielenia si\u0119 spostrze\u017ceniami i nawi\u0105zywania potencjalnej wsp\u00f3\u0142pracy.<\/p>\n\n\n\n<h2 class=\"wp-block-heading\" id=\"h-in-cosmetics-cenne-inspiracje-nowe-mo-liwo-ci\">In-Cosmetics &#8211; cenne inspiracje, nowe mo\u017cliwo\u015bci<\/h2>\n\n\n\n<p>Niezale\u017cnie od tego, czy jest si\u0119 producentem kosmetyk\u00f3w, czy dostawc\u0105 sk\u0142adnik\u00f3w, surowc\u00f3w, zapach\u00f3w, sprz\u0119tu laboratoryjnego, rozwi\u0105za\u0144 testowych lub regulacyjnych, na targach In-Cosmetics Global ka\u017cdy znajdzie co\u015b dla siebie.<\/p>\n\n\n\n<p>My szukali\u015bmy nowo\u015bci w dziedzinie innowacji sk\u0142adnik\u00f3w. Brali\u015bmy tak\u017ce udzia\u0142 w wysokiej jako\u015bci panelach edukacyjnych na temat najnowszych osi\u0105gni\u0119\u0107 naukowych i trend\u00f3w. Ponadto, dzi\u0119ki nawi\u0105zywaniu kontakt\u00f3w z mi\u0119dzynarodow\u0105 spo\u0142eczno\u015bci\u0105 producent\u00f3w sk\u0142adnik\u00f3w kosmetyk\u00f3w, mieli\u015bmy szans\u0119 odkry\u0107 narz\u0119dzia, kt\u00f3re w przysz\u0142o\u015bci pozwol\u0105 nam zaanga\u017cowa\u0107 si\u0119 w nowe przedsi\u0119wzi\u0119cia i docelowo rozwin\u0105\u0107 mark\u0119.<\/p>\n\n\n\n<h2 class=\"wp-block-heading\">Kto si\u0119 wystawia na targach?<\/h2>\n\n\n\n<p>W targach In-Cosmetics bierze udzia\u0142 95% czo\u0142owych \u015bwiatowych dostawc\u00f3w \u015brodk\u00f3w higieny osobistej (np. Croda, Ashland, Solvay, Evonik, Lonza, Momentive, Clariant, Wacker Chemicals i wielu innych). Wystawiaj\u0105 si\u0119 r\u00f3wnie\u017c producenci surowc\u00f3w i sk\u0142adnik\u00f3w, dystrybutorzy surowc\u00f3w i sk\u0142adnik\u00f3w oraz doradztwo w zakresie us\u0142ug i biznesu.<\/p>\n\n\n\n<h2 class=\"wp-block-heading\">Kto odwiedza targi?<\/h2>\n\n\n\n<p>Targi odwiedzaj\u0105 g\u0142\u00f3wnie specjali\u015bci ds. bada\u0144 i rozwoju oraz formulatorzy, by pozna\u0107 najnowsze trendy i rozwi\u0105zania. Go\u015b\u0107mi bywaj\u0105 jednak r\u00f3wnie\u017c specjali\u015bci od rozwoju produkt\u00f3w i marki, czy marketingowcy.<\/p>\n\n\n\n<p>Jak zawsze, na targach In-Cosmetics by\u0142o niezwykle ciekawie i inspiruj\u0105co. A pierwsze pomys\u0142y na wykorzystanie nowo poznanych rozwi\u0105za\u0144 ju\u017c rodz\u0105 si\u0119 w naszych g\u0142owach. <\/p>\n\n\n\n<p>Je\u015bli jeste\u015bcie ciekawi jakie nowo\u015bci ostatnio pojawi\u0142y si\u0119 w naszej ofercie &#8211; zerknijcie<a href=\"https:\/\/www.bandi.pl\/sklep\/sekcja\/nowosci\/\" target=\"_blank\" rel=\"noreferrer noopener\"> tu<\/a>.<\/p>\n\n\n\n<p><\/p>\n\n\n\n<figure class=\"wp-block-gallery columns-3 is-cropped wp-block-gallery-1 is-layout-flex wp-block-gallery-is-layout-flex\"><ul class=\"blocks-gallery-grid\"><li class=\"blocks-gallery-item\"><figure><img loading=\"lazy\" decoding=\"async\" width=\"667\" height=\"500\" src=\"https:\/\/www.bandi.pl\/blog\/wp-content\/uploads\/2022\/04\/IMG_20220405_151101-667x500.jpg\" alt=\"\" data-id=\"14086\" data-link=\"https:\/\/www.bandi.pl\/blog\/?attachment_id=14086\" class=\"wp-image-14086\"\/><\/figure><\/li><li class=\"blocks-gallery-item\"><figure><img loading=\"lazy\" decoding=\"async\" width=\"375\" height=\"500\" src=\"https:\/\/www.bandi.pl\/blog\/wp-content\/uploads\/2022\/04\/IMG_20220405_113623-375x500.jpg\" alt=\"\" data-id=\"14087\" data-link=\"https:\/\/www.bandi.pl\/blog\/?attachment_id=14087\" class=\"wp-image-14087\"\/><\/figure><\/li><li class=\"blocks-gallery-item\"><figure><img loading=\"lazy\" decoding=\"async\" width=\"667\" height=\"500\" src=\"https:\/\/www.bandi.pl\/blog\/wp-content\/uploads\/2022\/04\/IMG_20220405_151048-667x500.jpg\" alt=\"\" data-id=\"14088\" data-full-url=\"https:\/\/www.bandi.pl\/blog\/wp-content\/uploads\/2022\/04\/IMG_20220405_151048-scaled.jpg\" data-link=\"https:\/\/www.bandi.pl\/blog\/?attachment_id=14088\" class=\"wp-image-14088\"\/><\/figure><\/li><\/ul><\/figure>\n","protected":false},"excerpt":{"rendered":"<p>W dniach 5-7 kwietnia 2022 w Pary\u017cu, po 3 latach przerwy uda\u0142o nam si\u0119 osobi\u015bcie wzi\u0105\u0107 udzia\u0142 w globalnych targach In-Cosmetics &#8211; najwi\u0119kszych targach surowcowych w Europie. Jest to wydarzenie kluczowe dla ka\u017cdego przedstawiciela bran\u017cy kosmetycznej. Targi In-Cosmetics to miejsce, gdzie mo\u017cemy spotka\u0107 przedstawicieli wszystkich dziedzin przemys\u0142u kosmetycznego. Daje nam to mo\u017cliwo\u015b\u0107 zdobycia wielu nowych [&hellip;]<\/p>\n","protected":false},"author":13,"featured_media":14089,"comment_status":"open","ping_status":"closed","sticky":false,"template":"","format":"standard","meta":{"_et_pb_use_builder":"","_et_pb_old_content":"","_et_gb_content_width":"","footnotes":""},"categories":[2055,1973,1741],"tags":[3445,7051,4232,4762,4230,5868,12,6804,7053],"class_list":["post-14085","post","type-post","status-publish","format-standard","has-post-thumbnail","hentry","category-bandi","category-kategoria-targi-kosmetyczne-szkolenia","category-kategoria-z-zycia-firmy","tag-bandi","tag-in-cosmetics-2","tag-kosmetyki-profesjonalne","tag-nowosci-bandi","tag-pielegnacja-profesjonalna","tag-pielegnacja-twarzy","tag-targi","tag-targi-kosmetyczne","tag-trendy-kosmetyczne"],"yoast_head":"<!-- This site is optimized with the Yoast SEO plugin v27.1.1 - https:\/\/yoast.com\/product\/yoast-seo-wordpress\/ -->\n<title>In-Cosmetics 2022 - w poszukiwaniu inspiracji &#187; Blog BANDI<\/title>\n<meta name=\"description\" content=\"Na targach In-Cosmetics szukali\u015bmy nowo\u015bci w dziedzinie innowacji sk\u0142adnik\u00f3w, kt\u00f3re w przysz\u0142o\u015bci pozwol\u0105 nam rozwin\u0105\u0107 mark\u0119.\" \/>\n<meta name=\"robots\" content=\"index, follow, max-snippet:-1, max-image-preview:large, max-video-preview:-1\" \/>\n<link rel=\"canonical\" href=\"https:\/\/www.bandi.pl\/blog\/in-cosmetics-2022-w-poszukiwaniu-inspiracji\/\" \/>\n<meta property=\"og:locale\" content=\"pl_PL\" \/>\n<meta property=\"og:type\" content=\"article\" \/>\n<meta property=\"og:title\" content=\"In-Cosmetics 2022 - w poszukiwaniu inspiracji &#187; Blog BANDI\" \/>\n<meta property=\"og:description\" content=\"Na targach In-Cosmetics szukali\u015bmy nowo\u015bci w dziedzinie innowacji sk\u0142adnik\u00f3w, kt\u00f3re w przysz\u0142o\u015bci pozwol\u0105 nam rozwin\u0105\u0107 mark\u0119.\" \/>\n<meta property=\"og:url\" content=\"https:\/\/www.bandi.pl\/blog\/in-cosmetics-2022-w-poszukiwaniu-inspiracji\/\" \/>\n<meta property=\"og:site_name\" content=\"Blog BANDI\" \/>\n<meta property=\"article:publisher\" content=\"https:\/\/web.facebook.com\/BANDIcosmetics\" \/>\n<meta property=\"article:published_time\" content=\"2022-04-21T10:16:07+00:00\" \/>\n<meta property=\"article:modified_time\" content=\"2022-04-21T10:16:10+00:00\" \/>\n<meta property=\"og:image\" content=\"https:\/\/www.bandi.pl\/blog\/wp-content\/uploads\/2022\/04\/IMG_20220405_162807-scaled.jpg\" \/>\n\t<meta property=\"og:image:width\" content=\"2560\" \/>\n\t<meta property=\"og:image:height\" content=\"1920\" \/>\n\t<meta property=\"og:image:type\" content=\"image\/jpeg\" \/>\n<meta name=\"author\" content=\"Ilona Kiraga\" \/>\n<meta name=\"twitter:card\" content=\"summary_large_image\" \/>\n<meta name=\"twitter:creator\" content=\"@bandi_cosmetics\" \/>\n<meta name=\"twitter:site\" content=\"@bandi_cosmetics\" \/>\n<meta name=\"twitter:label1\" content=\"Napisane przez\" \/>\n\t<meta name=\"twitter:data1\" content=\"Ilona Kiraga\" \/>\n\t<meta name=\"twitter:label2\" content=\"Szacowany czas czytania\" \/>\n\t<meta name=\"twitter:data2\" content=\"2 minuty\" \/>\n<script type=\"application\/ld+json\" class=\"yoast-schema-graph\">{\"@context\":\"https:\/\/schema.org\",\"@graph\":[{\"@type\":\"Article\",\"@id\":\"https:\/\/www.bandi.pl\/blog\/in-cosmetics-2022-w-poszukiwaniu-inspiracji\/#article\",\"isPartOf\":{\"@id\":\"https:\/\/www.bandi.pl\/blog\/in-cosmetics-2022-w-poszukiwaniu-inspiracji\/\"},\"author\":{\"name\":\"Ilona Kiraga\",\"@id\":\"https:\/\/www.bandi.pl\/blog\/#\/schema\/person\/5ba05af1a18c58f1c31d4ae051ec9499\"},\"headline\":\"In-Cosmetics 2022 &#8211; w poszukiwaniu inspiracji\",\"datePublished\":\"2022-04-21T10:16:07+00:00\",\"dateModified\":\"2022-04-21T10:16:10+00:00\",\"mainEntityOfPage\":{\"@id\":\"https:\/\/www.bandi.pl\/blog\/in-cosmetics-2022-w-poszukiwaniu-inspiracji\/\"},\"wordCount\":343,\"commentCount\":0,\"publisher\":{\"@id\":\"https:\/\/www.bandi.pl\/blog\/#organization\"},\"image\":{\"@id\":\"https:\/\/www.bandi.pl\/blog\/in-cosmetics-2022-w-poszukiwaniu-inspiracji\/#primaryimage\"},\"thumbnailUrl\":\"https:\/\/www.bandi.pl\/blog\/wp-content\/uploads\/2022\/04\/IMG_20220405_162807-scaled.jpg\",\"keywords\":[\"Bandi\",\"in-cosmetics\",\"kosmetyki profesjonalne\",\"nowo\u015bci Bandi\",\"piel\u0119gnacja profesjonalna\",\"piel\u0119gnacja twarzy\",\"targi\",\"targi kosmetyczne\",\"trendy kosmetyczne\"],\"articleSection\":[\"BANDI\",\"Targi kosmetyczne, szkolenia...\",\"Z \u017cycia firmy\"],\"inLanguage\":\"pl-PL\",\"potentialAction\":[{\"@type\":\"CommentAction\",\"name\":\"Comment\",\"target\":[\"https:\/\/www.bandi.pl\/blog\/in-cosmetics-2022-w-poszukiwaniu-inspiracji\/#respond\"]}]},{\"@type\":\"WebPage\",\"@id\":\"https:\/\/www.bandi.pl\/blog\/in-cosmetics-2022-w-poszukiwaniu-inspiracji\/\",\"url\":\"https:\/\/www.bandi.pl\/blog\/in-cosmetics-2022-w-poszukiwaniu-inspiracji\/\",\"name\":\"In-Cosmetics 2022 - w poszukiwaniu inspiracji &#187; Blog BANDI\",\"isPartOf\":{\"@id\":\"https:\/\/www.bandi.pl\/blog\/#website\"},\"primaryImageOfPage\":{\"@id\":\"https:\/\/www.bandi.pl\/blog\/in-cosmetics-2022-w-poszukiwaniu-inspiracji\/#primaryimage\"},\"image\":{\"@id\":\"https:\/\/www.bandi.pl\/blog\/in-cosmetics-2022-w-poszukiwaniu-inspiracji\/#primaryimage\"},\"thumbnailUrl\":\"https:\/\/www.bandi.pl\/blog\/wp-content\/uploads\/2022\/04\/IMG_20220405_162807-scaled.jpg\",\"datePublished\":\"2022-04-21T10:16:07+00:00\",\"dateModified\":\"2022-04-21T10:16:10+00:00\",\"description\":\"Na targach In-Cosmetics szukali\u015bmy nowo\u015bci w dziedzinie innowacji sk\u0142adnik\u00f3w, kt\u00f3re w przysz\u0142o\u015bci pozwol\u0105 nam rozwin\u0105\u0107 mark\u0119.\",\"breadcrumb\":{\"@id\":\"https:\/\/www.bandi.pl\/blog\/in-cosmetics-2022-w-poszukiwaniu-inspiracji\/#breadcrumb\"},\"inLanguage\":\"pl-PL\",\"potentialAction\":[{\"@type\":\"ReadAction\",\"target\":[\"https:\/\/www.bandi.pl\/blog\/in-cosmetics-2022-w-poszukiwaniu-inspiracji\/\"]}]},{\"@type\":\"ImageObject\",\"inLanguage\":\"pl-PL\",\"@id\":\"https:\/\/www.bandi.pl\/blog\/in-cosmetics-2022-w-poszukiwaniu-inspiracji\/#primaryimage\",\"url\":\"https:\/\/www.bandi.pl\/blog\/wp-content\/uploads\/2022\/04\/IMG_20220405_162807-scaled.jpg\",\"contentUrl\":\"https:\/\/www.bandi.pl\/blog\/wp-content\/uploads\/2022\/04\/IMG_20220405_162807-scaled.jpg\",\"width\":2560,\"height\":1920,\"caption\":\"Targi In-Cosmetics 2022\"},{\"@type\":\"BreadcrumbList\",\"@id\":\"https:\/\/www.bandi.pl\/blog\/in-cosmetics-2022-w-poszukiwaniu-inspiracji\/#breadcrumb\",\"itemListElement\":[{\"@type\":\"ListItem\",\"position\":1,\"name\":\"BANDI\",\"item\":\"https:\/\/www.bandi.pl\/blog\/\"},{\"@type\":\"ListItem\",\"position\":2,\"name\":\"In-Cosmetics 2022 &#8211; w poszukiwaniu inspiracji\"}]},{\"@type\":\"WebSite\",\"@id\":\"https:\/\/www.bandi.pl\/blog\/#website\",\"url\":\"https:\/\/www.bandi.pl\/blog\/\",\"name\":\"Blog BANDI\",\"description\":\"Czarno na bia\u0142ym o kosmetykach\",\"publisher\":{\"@id\":\"https:\/\/www.bandi.pl\/blog\/#organization\"},\"potentialAction\":[{\"@type\":\"SearchAction\",\"target\":{\"@type\":\"EntryPoint\",\"urlTemplate\":\"https:\/\/www.bandi.pl\/blog\/?s={search_term_string}\"},\"query-input\":{\"@type\":\"PropertyValueSpecification\",\"valueRequired\":true,\"valueName\":\"search_term_string\"}}],\"inLanguage\":\"pl-PL\"},{\"@type\":\"Organization\",\"@id\":\"https:\/\/www.bandi.pl\/blog\/#organization\",\"name\":\"BANDI\",\"url\":\"https:\/\/www.bandi.pl\/blog\/\",\"logo\":{\"@type\":\"ImageObject\",\"inLanguage\":\"pl-PL\",\"@id\":\"https:\/\/www.bandi.pl\/blog\/#\/schema\/logo\/image\/\",\"url\":\"https:\/\/www.bandi.pl\/blog\/wp-content\/uploads\/2019\/06\/bandi-logo.png\",\"contentUrl\":\"https:\/\/www.bandi.pl\/blog\/wp-content\/uploads\/2019\/06\/bandi-logo.png\",\"width\":264,\"height\":111,\"caption\":\"BANDI\"},\"image\":{\"@id\":\"https:\/\/www.bandi.pl\/blog\/#\/schema\/logo\/image\/\"},\"sameAs\":[\"https:\/\/web.facebook.com\/BANDIcosmetics\",\"https:\/\/x.com\/bandi_cosmetics\",\"https:\/\/www.instagram.com\/bandi_cosmetics\/\",\"https:\/\/www.pinterest.com\/bandicosmetics\/\",\"https:\/\/www.youtube.com\/user\/BandiCosmeticsPolska\"]},{\"@type\":\"Person\",\"@id\":\"https:\/\/www.bandi.pl\/blog\/#\/schema\/person\/5ba05af1a18c58f1c31d4ae051ec9499\",\"name\":\"Ilona Kiraga\"}]}<\/script>\n<!-- \/ Yoast SEO plugin. -->","yoast_head_json":{"title":"In-Cosmetics 2022 - w poszukiwaniu inspiracji &#187; Blog BANDI","description":"Na targach In-Cosmetics szukali\u015bmy nowo\u015bci w dziedzinie innowacji sk\u0142adnik\u00f3w, kt\u00f3re w przysz\u0142o\u015bci pozwol\u0105 nam rozwin\u0105\u0107 mark\u0119.","robots":{"index":"index","follow":"follow","max-snippet":"max-snippet:-1","max-image-preview":"max-image-preview:large","max-video-preview":"max-video-preview:-1"},"canonical":"https:\/\/www.bandi.pl\/blog\/in-cosmetics-2022-w-poszukiwaniu-inspiracji\/","og_locale":"pl_PL","og_type":"article","og_title":"In-Cosmetics 2022 - w poszukiwaniu inspiracji &#187; Blog BANDI","og_description":"Na targach In-Cosmetics szukali\u015bmy nowo\u015bci w dziedzinie innowacji sk\u0142adnik\u00f3w, kt\u00f3re w przysz\u0142o\u015bci pozwol\u0105 nam rozwin\u0105\u0107 mark\u0119.","og_url":"https:\/\/www.bandi.pl\/blog\/in-cosmetics-2022-w-poszukiwaniu-inspiracji\/","og_site_name":"Blog BANDI","article_publisher":"https:\/\/web.facebook.com\/BANDIcosmetics","article_published_time":"2022-04-21T10:16:07+00:00","article_modified_time":"2022-04-21T10:16:10+00:00","og_image":[{"width":2560,"height":1920,"url":"https:\/\/www.bandi.pl\/blog\/wp-content\/uploads\/2022\/04\/IMG_20220405_162807-scaled.jpg","type":"image\/jpeg"}],"author":"Ilona Kiraga","twitter_card":"summary_large_image","twitter_creator":"@bandi_cosmetics","twitter_site":"@bandi_cosmetics","twitter_misc":{"Napisane przez":"Ilona Kiraga","Szacowany czas czytania":"2 minuty"},"schema":{"@context":"https:\/\/schema.org","@graph":[{"@type":"Article","@id":"https:\/\/www.bandi.pl\/blog\/in-cosmetics-2022-w-poszukiwaniu-inspiracji\/#article","isPartOf":{"@id":"https:\/\/www.bandi.pl\/blog\/in-cosmetics-2022-w-poszukiwaniu-inspiracji\/"},"author":{"name":"Ilona Kiraga","@id":"https:\/\/www.bandi.pl\/blog\/#\/schema\/person\/5ba05af1a18c58f1c31d4ae051ec9499"},"headline":"In-Cosmetics 2022 &#8211; w poszukiwaniu inspiracji","datePublished":"2022-04-21T10:16:07+00:00","dateModified":"2022-04-21T10:16:10+00:00","mainEntityOfPage":{"@id":"https:\/\/www.bandi.pl\/blog\/in-cosmetics-2022-w-poszukiwaniu-inspiracji\/"},"wordCount":343,"commentCount":0,"publisher":{"@id":"https:\/\/www.bandi.pl\/blog\/#organization"},"image":{"@id":"https:\/\/www.bandi.pl\/blog\/in-cosmetics-2022-w-poszukiwaniu-inspiracji\/#primaryimage"},"thumbnailUrl":"https:\/\/www.bandi.pl\/blog\/wp-content\/uploads\/2022\/04\/IMG_20220405_162807-scaled.jpg","keywords":["Bandi","in-cosmetics","kosmetyki profesjonalne","nowo\u015bci Bandi","piel\u0119gnacja profesjonalna","piel\u0119gnacja twarzy","targi","targi kosmetyczne","trendy kosmetyczne"],"articleSection":["BANDI","Targi kosmetyczne, szkolenia...","Z \u017cycia firmy"],"inLanguage":"pl-PL","potentialAction":[{"@type":"CommentAction","name":"Comment","target":["https:\/\/www.bandi.pl\/blog\/in-cosmetics-2022-w-poszukiwaniu-inspiracji\/#respond"]}]},{"@type":"WebPage","@id":"https:\/\/www.bandi.pl\/blog\/in-cosmetics-2022-w-poszukiwaniu-inspiracji\/","url":"https:\/\/www.bandi.pl\/blog\/in-cosmetics-2022-w-poszukiwaniu-inspiracji\/","name":"In-Cosmetics 2022 - w poszukiwaniu inspiracji &#187; Blog BANDI","isPartOf":{"@id":"https:\/\/www.bandi.pl\/blog\/#website"},"primaryImageOfPage":{"@id":"https:\/\/www.bandi.pl\/blog\/in-cosmetics-2022-w-poszukiwaniu-inspiracji\/#primaryimage"},"image":{"@id":"https:\/\/www.bandi.pl\/blog\/in-cosmetics-2022-w-poszukiwaniu-inspiracji\/#primaryimage"},"thumbnailUrl":"https:\/\/www.bandi.pl\/blog\/wp-content\/uploads\/2022\/04\/IMG_20220405_162807-scaled.jpg","datePublished":"2022-04-21T10:16:07+00:00","dateModified":"2022-04-21T10:16:10+00:00","description":"Na targach In-Cosmetics szukali\u015bmy nowo\u015bci w dziedzinie innowacji sk\u0142adnik\u00f3w, kt\u00f3re w przysz\u0142o\u015bci pozwol\u0105 nam rozwin\u0105\u0107 mark\u0119.","breadcrumb":{"@id":"https:\/\/www.bandi.pl\/blog\/in-cosmetics-2022-w-poszukiwaniu-inspiracji\/#breadcrumb"},"inLanguage":"pl-PL","potentialAction":[{"@type":"ReadAction","target":["https:\/\/www.bandi.pl\/blog\/in-cosmetics-2022-w-poszukiwaniu-inspiracji\/"]}]},{"@type":"ImageObject","inLanguage":"pl-PL","@id":"https:\/\/www.bandi.pl\/blog\/in-cosmetics-2022-w-poszukiwaniu-inspiracji\/#primaryimage","url":"https:\/\/www.bandi.pl\/blog\/wp-content\/uploads\/2022\/04\/IMG_20220405_162807-scaled.jpg","contentUrl":"https:\/\/www.bandi.pl\/blog\/wp-content\/uploads\/2022\/04\/IMG_20220405_162807-scaled.jpg","width":2560,"height":1920,"caption":"Targi In-Cosmetics 2022"},{"@type":"BreadcrumbList","@id":"https:\/\/www.bandi.pl\/blog\/in-cosmetics-2022-w-poszukiwaniu-inspiracji\/#breadcrumb","itemListElement":[{"@type":"ListItem","position":1,"name":"BANDI","item":"https:\/\/www.bandi.pl\/blog\/"},{"@type":"ListItem","position":2,"name":"In-Cosmetics 2022 &#8211; w poszukiwaniu inspiracji"}]},{"@type":"WebSite","@id":"https:\/\/www.bandi.pl\/blog\/#website","url":"https:\/\/www.bandi.pl\/blog\/","name":"Blog BANDI","description":"Czarno na bia\u0142ym o kosmetykach","publisher":{"@id":"https:\/\/www.bandi.pl\/blog\/#organization"},"potentialAction":[{"@type":"SearchAction","target":{"@type":"EntryPoint","urlTemplate":"https:\/\/www.bandi.pl\/blog\/?s={search_term_string}"},"query-input":{"@type":"PropertyValueSpecification","valueRequired":true,"valueName":"search_term_string"}}],"inLanguage":"pl-PL"},{"@type":"Organization","@id":"https:\/\/www.bandi.pl\/blog\/#organization","name":"BANDI","url":"https:\/\/www.bandi.pl\/blog\/","logo":{"@type":"ImageObject","inLanguage":"pl-PL","@id":"https:\/\/www.bandi.pl\/blog\/#\/schema\/logo\/image\/","url":"https:\/\/www.bandi.pl\/blog\/wp-content\/uploads\/2019\/06\/bandi-logo.png","contentUrl":"https:\/\/www.bandi.pl\/blog\/wp-content\/uploads\/2019\/06\/bandi-logo.png","width":264,"height":111,"caption":"BANDI"},"image":{"@id":"https:\/\/www.bandi.pl\/blog\/#\/schema\/logo\/image\/"},"sameAs":["https:\/\/web.facebook.com\/BANDIcosmetics","https:\/\/x.com\/bandi_cosmetics","https:\/\/www.instagram.com\/bandi_cosmetics\/","https:\/\/www.pinterest.com\/bandicosmetics\/","https:\/\/www.youtube.com\/user\/BandiCosmeticsPolska"]},{"@type":"Person","@id":"https:\/\/www.bandi.pl\/blog\/#\/schema\/person\/5ba05af1a18c58f1c31d4ae051ec9499","name":"Ilona Kiraga"}]}},"_links":{"self":[{"href":"https:\/\/www.bandi.pl\/blog\/wp-json\/wp\/v2\/posts\/14085","targetHints":{"allow":["GET"]}}],"collection":[{"href":"https:\/\/www.bandi.pl\/blog\/wp-json\/wp\/v2\/posts"}],"about":[{"href":"https:\/\/www.bandi.pl\/blog\/wp-json\/wp\/v2\/types\/post"}],"author":[{"embeddable":true,"href":"https:\/\/www.bandi.pl\/blog\/wp-json\/wp\/v2\/users\/13"}],"replies":[{"embeddable":true,"href":"https:\/\/www.bandi.pl\/blog\/wp-json\/wp\/v2\/comments?post=14085"}],"version-history":[{"count":3,"href":"https:\/\/www.bandi.pl\/blog\/wp-json\/wp\/v2\/posts\/14085\/revisions"}],"predecessor-version":[{"id":14092,"href":"https:\/\/www.bandi.pl\/blog\/wp-json\/wp\/v2\/posts\/14085\/revisions\/14092"}],"wp:featuredmedia":[{"embeddable":true,"href":"https:\/\/www.bandi.pl\/blog\/wp-json\/wp\/v2\/media\/14089"}],"wp:attachment":[{"href":"https:\/\/www.bandi.pl\/blog\/wp-json\/wp\/v2\/media?parent=14085"}],"wp:term":[{"taxonomy":"category","embeddable":true,"href":"https:\/\/www.bandi.pl\/blog\/wp-json\/wp\/v2\/categories?post=14085"},{"taxonomy":"post_tag","embeddable":true,"href":"https:\/\/www.bandi.pl\/blog\/wp-json\/wp\/v2\/tags?post=14085"}],"curies":[{"name":"wp","href":"https:\/\/api.w.org\/{rel}","templated":true}]}}