{"id":13600,"date":"2022-02-22T10:47:46","date_gmt":"2022-02-22T09:47:46","guid":{"rendered":"https:\/\/www.bandi.pl\/blog\/?p=13600"},"modified":"2022-02-22T10:47:46","modified_gmt":"2022-02-22T09:47:46","slug":"jakiej-pielegnacji-potrzebuje-cera-mieszana-naczynkowa","status":"publish","type":"post","link":"https:\/\/www.bandi.pl\/blog\/jakiej-pielegnacji-potrzebuje-cera-mieszana-naczynkowa\/","title":{"rendered":"Jakiej piel\u0119gnacji potrzebuje cera mieszana naczynkowa?"},"content":{"rendered":"\n<p>Piel\u0119gnacja cery mieszanej naczynkowej bywa bardzo trudna. Posiada ona cechy sk\u00f3ry suchej oraz t\u0142ustej i bardzo cz\u0119sto jest to wynikiem zaburze\u0144 r\u00f3wnowagi hydrolipidowej. \u0141ojotok pojawia si\u0119 w okolicy brody, czo\u0142a i nosa, a zn\u00f3w na policzkach i skroniach wyst\u0119puje wi\u0119ksze przesuszenie. Do\u0142\u00f3\u017cmy do tego jeszcze widoczne rozszerzone naczynka krwiono\u015bne, szybko pojawiaj\u0105ce si\u0119 zaczerwienienie sk\u00f3ry np. w okolicy policzk\u00f3w, a czasem nawet wra\u017cliwo\u015b\u0107 zwi\u0105zan\u0105 z dzia\u0142aniem r\u00f3\u017cnych czynnik\u00f3w zewn\u0119trznych i jak wida\u0107 mamy tutaj du\u017cy problem.<\/p>\n\n\n\n<p>Niestety w tym przypadku nale\u017cy dzia\u0142a\u0107 na kilku poziomach. Z jednej strony regulowa\u0107 nadprodukcj\u0119 sebum, kt\u00f3ra pojawia si\u0119 w strefie T. Z drugiej nawil\u017ca\u0107 stref\u0119 U, a do tego dzia\u0142a\u0107 jeszcze na rozszerzone naczynka. Co robi\u0107? Jak dobiera\u0107 kosmetyki, by piel\u0119gnacja przynosi\u0142a zadowalaj\u0105ce efekty? Czego unika\u0107, a na co postawi\u0107?<\/p>\n\n\n\n<h2 class=\"wp-block-heading\" id=\"h-agodne-i-skuteczne-oczyszczanie\">\u0141agodne i skuteczne oczyszczanie<\/h2>\n\n\n\n<p>Zacznij od prawid\u0142owego, dok\u0142adnego i delikatnego oczyszczania sk\u00f3ry. W tym celu stosuj \u0142agodne, ale skuteczne produkty usuwaj\u0105ce makija\u017c oraz wszelkie zanieczyszczenia, kt\u00f3re pojawi\u0142y si\u0119 na sk\u00f3rze w ci\u0105gu dnia, a tak\u017ce po nocy. Postaw na letni\u0105 przegotowan\u0105 wod\u0119 i zrezygnuj z tarcia. Nie mo\u017cesz zapomnie\u0107 r\u00f3wnie\u017c o tonizacji, kt\u00f3ra przywr\u00f3ci twojej sk\u00f3rze naturalne pH.<\/p>\n\n\n\n<p>Tutaj zaproponuj\u0119 Ci wspania\u0142e <a href=\"https:\/\/www.bandi.pl\/sklep\/balsamy\/emoliencyjne-maselko-oczyszczajace-2-w-1-demakijaz-i-mycie-twarzy!-887\/\" target=\"_blank\" rel=\"noreferrer noopener\">Emoliencyjne mase\u0142ko oczyszczaj\u0105ce<\/a>, kt\u00f3re mo\u017cesz stosowa\u0107 na dwa sposoby. Zar\u00f3wno do usuwania makija\u017cu jak i mycia sk\u00f3ry. Zawiera ono nawil\u017caj\u0105ce i wyg\u0142adzaj\u0105ce emolienty oraz sk\u0142adniki oczyszczaj\u0105ce.<\/p>\n\n\n\n<p>A je\u015bli nie lubisz t\u0142ustych konsystencji do mycia sk\u00f3ry, to wybierz albo <a href=\"https:\/\/www.bandi.pl\/sklep\/zele\/tonizujacy-zel-do-mycia-twarzy-752\/\" target=\"_blank\" rel=\"noreferrer noopener\">Tonizuj\u0105cy \u017cel do mycia twarzy<\/a>, kt\u00f3ry skutecznie usunie zanieczyszczenia oraz nadmiar sebum, a przy okazji b\u0119dzie te\u017c tonizowa\u0142 i aktywnie wp\u0142ywa\u0142 na mikrobiom sk\u00f3ry. Lub postaw na<a href=\"https:\/\/www.bandi.pl\/sklep\/mgielki\/delikatna-pianka-oczyszczajaca-probiotyki-plus-cica-938\/\" target=\"_blank\" rel=\"noreferrer noopener\"> Delikatn\u0105 piank\u0119 oczyszczaj\u0105c\u0105 probiotyki + CICA<\/a>, kt\u00f3ra w swoim sk\u0142adzie zawiera kompleks mikrobionowy, ekstrakt z centelli azjatyckiej, trehaloz\u0119 oraz \u0142agodn\u0105 betain\u0119.<\/p>\n\n\n\n<h2 class=\"wp-block-heading\">Sk\u0142adniki aktywne dla cery mieszanej i naczynkowej<\/h2>\n\n\n\n<p>Teraz czas na sk\u0142adniki aktywne. Sk\u00f3ra naczynkowa polubi witamin\u0119 C, witamin\u0119 K, krzem, algi morskie, arnik\u0119 g\u00f3rsk\u0105, wyci\u0105g z kasztanowca oraz nagietka, czy te\u017c rutyn\u0119. Musisz pami\u0119ta\u0107, by w twojej piel\u0119gnacji pojawi\u0142y si\u0119 tak\u017ce substancje nawil\u017caj\u0105ce, odbudowuj\u0105ce barier\u0119 hydrolipidow\u0105 oraz sk\u0142adniki reguluj\u0105ce nadprodukcj\u0119 sebum. W zwi\u0105zku z tym pomy\u015bl o wprowadzeniu do swojej piel\u0119gnacji serum lub ampu\u0142ki, kt\u00f3ra wzmocni naczynia krwiono\u015bne. Mo\u017ce to by\u0107 kosmetyk z witamin\u0105 C do stosowania w porannej piel\u0119gnacji np. serum pod krem z filtrem, albo produkt do aplikacji w wieczornej rutynie jak <a href=\"https:\/\/www.bandi.pl\/sklep\/ampulki\/skoncentrowana-ampulka-na-naczynka-548\/\">Skoncentrowana ampu\u0142ka na naczynka<\/a> z witamin\u0105 K2, PP, trokserutyn\u0105 i prowitamin\u0105 B5. Z jednej strony b\u0119dziesz dzia\u0142a\u0107 antyoksydacyjnie, wzmacnia\u0107 naczynia krwiono\u015bne, ale te\u017c je chroni\u0107 i zmniejsza\u0107 ich widoczno\u015b\u0107.<\/p>\n\n\n\n<h2 class=\"wp-block-heading\">Lekki krem wzmacniaj\u0105cy naczynka<\/h2>\n\n\n\n<p>Po serum czy ampu\u0142ce nale\u017cy na\u0142o\u017cy\u0107 odpowiedni krem. Cera mieszana naczynkowa &#8222;polubi&#8221; lekkie formu\u0142y preparat\u00f3w. Moja propozycja dla ciebie to <a href=\"https:\/\/www.bandi.pl\/sklep\/kremy\/krem-zel-redukujacy-zaczerwienienia-942\/\" target=\"_blank\" rel=\"noreferrer noopener\">Krem-\u017cel redukuj\u0105cy zaczerwienienia<\/a> o przyjemnej konsystencji, kt\u00f3ry nawil\u017cy, wyg\u0142adzi, ukoi, zniweluje zaczerwienienie oraz nada cerze wypocz\u0119ty i promienny wygl\u0105d. Ten kosmetyk zawiera w swoim sk\u0142adzie mi\u0119dzy innymi naturaln\u0105 rutyn\u0119 i aktywne wyci\u0105gi ro\u015blinne. Nada si\u0119 r\u00f3wnie\u017c dla sk\u00f3ry wra\u017cliwej i super sprawdzi si\u0119 pod makija\u017c.<\/p>\n\n\n\n<p>A mo\u017ce wolisz po\u0142\u0105czenie piel\u0119gnacji z ju\u017c delikatnym kryciem? Co powiesz na <a href=\"https:\/\/www.bandi.pl\/sklep\/kremy\/cc-korektor-na-naczynka-549\/\" target=\"_blank\" rel=\"noreferrer noopener\">CC korektor na naczynka<\/a>, kt\u00f3ry w sk\u0142adzie opr\u00f3cz koryguj\u0105cych &#8211; koloryzuj\u0105cych pigment\u00f3w zawiera witamin\u0119 K2 , E i A, substancje nawil\u017caj\u0105ce i \u0142agodz\u0105ce. \u015awietna propozycja na dzie\u0144 dla sk\u00f3r naczynkowych i mieszanych.<\/p>\n\n\n\n<h2 class=\"wp-block-heading\">Cera mieszana i naczynkowa &#8211; jaki peeling?<\/h2>\n\n\n\n<p>Pami\u0119taj tak\u017ce o g\u0142\u0119bszym oczyszczeniu sk\u00f3ry. Na pocz\u0105tek zastosuj peeling, kt\u00f3ry skutecznie usunie nadmiern\u0105 warstw\u0119 rogow\u0105 nask\u00f3rka, a nast\u0119pnie na\u0142\u00f3\u017c maseczk\u0119. Pami\u0119taj, by wystrzega\u0107 si\u0119 ziarnistych peeling\u00f3w, kt\u00f3re nie s\u0105 dobrym rozwi\u0105zaniem przy sk\u00f3rze naczynkowej. Z jednej strony oczyszczaj, z\u0142uszczaj, a z drugiej nawil\u017caj i dbaj o naczynia krwiono\u015bne. Moja kolejna propozycja dla ciebie to innowacyjny <a href=\"https:\/\/www.bandi.pl\/sklep\/peelingi\/peeling-kwasowy-na-naczynka-550\/\">Peeling kwasowy na naczynka<\/a>, idealny do delikatnej eksfoliacji. B\u0119dzie nie tylko z\u0142uszcza\u0142 i wyg\u0142adza\u0142 sk\u00f3r\u0119, ale te\u017c dzia\u0142a\u0142 antyoksydacyjnie i redukowa\u0142 zaczerwienienie. <\/p>\n\n\n\n<p>Stosuj <a href=\"https:\/\/www.bandi.pl\/sklep\/katalog.php?wyr=spf\" target=\"_blank\" rel=\"noreferrer noopener\">filtry<\/a> i nigdy o nich nie zapominaj. B\u0119d\u0105 one chroni\u0142y twoj\u0105 sk\u00f3r\u0119 nie tylko przed zbyt szybkim fotostarzeniem, czy przebarwieniami, ale te\u017c ochroni\u0105 naczynia krwiono\u015bne przed szkodliwym dzia\u0142aniem czynnik\u00f3w zewn\u0119trznych. Mam nadziej\u0119, \u017ce moje propozycje i wskaz\u00f3wki u\u0142atwi\u0105 ci piel\u0119gnacj\u0119 cery mieszanej i naczynkowej.<\/p>\n\n\n\n<div class=\"wp-block-divi-layout\">[et_pb_section fb_built=&#8221;1&#8243; _builder_version=&#8221;4.4.1&#8243;][\/et_pb_section][et_pb_section fb_built=&#8221;1&#8243; _builder_version=&#8221;4.4.1&#8243; top_divider_style=&#8221;arrow&#8221; top_divider_color=&#8221;rgba(255,166,168,0.75)&#8221; top_divider_height=&#8221;1px&#8221; bottom_divider_style=&#8221;arrow&#8221; bottom_divider_color=&#8221;rgba(255,166,168,0.75)&#8221; bottom_divider_height=&#8221;1px&#8221;][et_pb_row column_structure=&#8221;1_2,1_2&#8243; _builder_version=&#8221;4.4.1&#8243; width=&#8221;100%&#8221; module_alignment=&#8221;left&#8221; custom_margin=&#8221;||||false|false&#8221;][et_pb_column type=&#8221;1_2&#8243; _builder_version=&#8221;4.4.1&#8243;][et_pb_text _builder_version=&#8221;4.4.1&#8243; text_font=&#8221;Raleway Bold||||||||&#8221; text_text_color=&#8221;rgba(255,166,168,0.75)&#8221; text_font_size=&#8221;56px&#8221; text_letter_spacing=&#8221;8px&#8221; text_line_height=&#8221;1.1em&#8221; custom_margin=&#8221;40px||||false|false&#8221; hover_enabled=&#8221;0&#8243; link_option_url=&#8221;https:\/\/www.bandi.pl\/sklep\/katalog\/seria\/65_medical-anti-rouge\/&#8221;]<p style=\"text-align: center;\"><b>ANTI ROUGE<\/b><\/p>[\/et_pb_text][et_pb_text _builder_version=&#8221;4.4.1&#8243; text_font=&#8221;Raleway Regular||||||||&#8221; text_text_color=&#8221;#b8b8b8&#8243; text_font_size=&#8221;22px&#8221; text_line_height=&#8221;1.5em&#8221; hover_enabled=&#8221;0&#8243; link_option_url=&#8221;https:\/\/www.bandi.pl\/sklep\/katalog\/seria\/65_medical-anti-rouge\/&#8221;]<p style=\"text-align: center;\">Cera mieszana naczynkowa<br>pod kontrol\u0105<\/p>\n[\/et_pb_text][et_pb_button button_url=&#8221;https:\/\/www.bandi.pl\/sklep\/katalog\/seria\/65_medical-anti-rouge\/&#8221; button_text=&#8221;ZOBACZ&#8221; button_alignment=&#8221;center&#8221; disabled_on=&#8221;off|off|off&#8221; _builder_version=&#8221;4.4.1&#8243; custom_button=&#8221;on&#8221; button_text_size=&#8221;20px&#8221; button_text_color=&#8221;#ffffff&#8221; button_border_radius=&#8221;25px&#8221; button_font=&#8221;Bree Serif||||||||&#8221; background_layout=&#8221;dark&#8221; custom_padding=&#8221;12px|30px|12px|30px|true|true&#8221; hover_transition_duration=&#8221;0ms&#8221; hover_enabled=&#8221;0&#8243; box_shadow_style=&#8221;preset3&#8243;][\/et_pb_button][\/et_pb_column][et_pb_column type=&#8221;1_2&#8243; _builder_version=&#8221;4.4.1&#8243;][et_pb_image src=&#8221;https:\/\/www.bandi.pl\/blog\/wp-content\/uploads\/2022\/02\/IMG_3696-scaled.jpg&#8221; align=&#8221;center&#8221; _builder_version=&#8221;4.4.1&#8243; hover_enabled=&#8221;0&#8243; url=&#8221;https:\/\/www.bandi.pl\/sklep\/katalog\/seria\/65_medical-anti-rouge\/&#8221;][\/et_pb_image][\/et_pb_column][\/et_pb_row][\/et_pb_section]<\/div>\n","protected":false},"excerpt":{"rendered":"<p>Piel\u0119gnacja cery mieszanej naczynkowej bywa bardzo trudna. Posiada ona cechy sk\u00f3ry suchej oraz t\u0142ustej i bardzo cz\u0119sto jest to wynikiem zaburze\u0144 r\u00f3wnowagi hydrolipidowej. \u0141ojotok pojawia si\u0119 w okolicy brody, czo\u0142a i nosa, a zn\u00f3w na policzkach i skroniach wyst\u0119puje wi\u0119ksze przesuszenie. Do\u0142\u00f3\u017cmy do tego jeszcze widoczne rozszerzone naczynka krwiono\u015bne, szybko pojawiaj\u0105ce si\u0119 zaczerwienienie sk\u00f3ry np. [&hellip;]<\/p>\n","protected":false},"author":13,"featured_media":13602,"comment_status":"open","ping_status":"closed","sticky":false,"template":"","format":"standard","meta":{"_et_pb_use_builder":"off","_et_pb_old_content":"","_et_gb_content_width":"","footnotes":""},"categories":[2049,2018],"tags":[3445,85,4232,6966,6963,6965,4230,5868,6416,4955],"class_list":["post-13600","post","type-post","status-publish","format-standard","has-post-thumbnail","hentry","category-coco-collection","category-kategoria-vloger-poleca","tag-bandi","tag-cera-mieszana","tag-kosmetyki-profesjonalne","tag-kruche-naczynka","tag-lekki-krem-dla-cery-naczynkowej","tag-pajaczki-na-twarzy","tag-pielegnacja-profesjonalna","tag-pielegnacja-twarzy","tag-teleangiektazje","tag-witamina-pp"],"yoast_head":"<!-- This site is optimized with the Yoast SEO plugin v27.1.1 - https:\/\/yoast.com\/product\/yoast-seo-wordpress\/ -->\n<title>Jakiej piel\u0119gnacji potrzebuje cera mieszana naczynkowa? &#187; Blog BANDI<\/title>\n<meta name=\"description\" content=\"Piel\u0119gnacja cery mieszanej naczynkowej bywa trudna. Posiada ona cechy sk\u00f3ry suchej oraz t\u0142ustej i cz\u0119sto jest to wynikiem zaburze\u0144 r\u00f3wnowagi hydrolipidowej.\" \/>\n<meta name=\"robots\" content=\"index, follow, max-snippet:-1, max-image-preview:large, max-video-preview:-1\" \/>\n<link rel=\"canonical\" href=\"https:\/\/www.bandi.pl\/blog\/jakiej-pielegnacji-potrzebuje-cera-mieszana-naczynkowa\/\" \/>\n<meta property=\"og:locale\" content=\"pl_PL\" \/>\n<meta property=\"og:type\" content=\"article\" \/>\n<meta property=\"og:title\" content=\"Jakiej piel\u0119gnacji potrzebuje cera mieszana naczynkowa? &#187; Blog BANDI\" \/>\n<meta property=\"og:description\" content=\"Piel\u0119gnacja cery mieszanej naczynkowej bywa trudna. Posiada ona cechy sk\u00f3ry suchej oraz t\u0142ustej i cz\u0119sto jest to wynikiem zaburze\u0144 r\u00f3wnowagi hydrolipidowej.\" \/>\n<meta property=\"og:url\" content=\"https:\/\/www.bandi.pl\/blog\/jakiej-pielegnacji-potrzebuje-cera-mieszana-naczynkowa\/\" \/>\n<meta property=\"og:site_name\" content=\"Blog BANDI\" \/>\n<meta property=\"article:publisher\" content=\"https:\/\/web.facebook.com\/BANDIcosmetics\" \/>\n<meta property=\"article:published_time\" content=\"2022-02-22T09:47:46+00:00\" \/>\n<meta property=\"og:image\" content=\"https:\/\/www.bandi.pl\/blog\/wp-content\/uploads\/2022\/02\/IMG_3729.jpg\" \/>\n\t<meta property=\"og:image:width\" content=\"1305\" \/>\n\t<meta property=\"og:image:height\" content=\"735\" \/>\n\t<meta property=\"og:image:type\" content=\"image\/jpeg\" \/>\n<meta name=\"author\" content=\"Ilona Kiraga\" \/>\n<meta name=\"twitter:card\" content=\"summary_large_image\" \/>\n<meta name=\"twitter:creator\" content=\"@bandi_cosmetics\" \/>\n<meta name=\"twitter:site\" content=\"@bandi_cosmetics\" \/>\n<meta name=\"twitter:label1\" content=\"Napisane przez\" \/>\n\t<meta name=\"twitter:data1\" content=\"Ilona Kiraga\" \/>\n\t<meta name=\"twitter:label2\" content=\"Szacowany czas czytania\" \/>\n\t<meta name=\"twitter:data2\" content=\"4 minuty\" \/>\n<script type=\"application\/ld+json\" class=\"yoast-schema-graph\">{\"@context\":\"https:\/\/schema.org\",\"@graph\":[{\"@type\":\"Article\",\"@id\":\"https:\/\/www.bandi.pl\/blog\/jakiej-pielegnacji-potrzebuje-cera-mieszana-naczynkowa\/#article\",\"isPartOf\":{\"@id\":\"https:\/\/www.bandi.pl\/blog\/jakiej-pielegnacji-potrzebuje-cera-mieszana-naczynkowa\/\"},\"author\":{\"name\":\"Ilona Kiraga\",\"@id\":\"https:\/\/www.bandi.pl\/blog\/#\/schema\/person\/5ba05af1a18c58f1c31d4ae051ec9499\"},\"headline\":\"Jakiej piel\u0119gnacji potrzebuje cera mieszana naczynkowa?\",\"datePublished\":\"2022-02-22T09:47:46+00:00\",\"mainEntityOfPage\":{\"@id\":\"https:\/\/www.bandi.pl\/blog\/jakiej-pielegnacji-potrzebuje-cera-mieszana-naczynkowa\/\"},\"wordCount\":1075,\"commentCount\":0,\"publisher\":{\"@id\":\"https:\/\/www.bandi.pl\/blog\/#organization\"},\"image\":{\"@id\":\"https:\/\/www.bandi.pl\/blog\/jakiej-pielegnacji-potrzebuje-cera-mieszana-naczynkowa\/#primaryimage\"},\"thumbnailUrl\":\"https:\/\/www.bandi.pl\/blog\/wp-content\/uploads\/2022\/02\/IMG_3729.jpg\",\"keywords\":[\"Bandi\",\"cera mieszana\",\"kosmetyki profesjonalne\",\"kruche naczynka\",\"lekki krem dla cery naczynkowej\",\"paj\u0105czki na twarzy\",\"piel\u0119gnacja profesjonalna\",\"piel\u0119gnacja twarzy\",\"teleangiektazje\",\"witamina pp\"],\"articleSection\":[\"Coco Collection\",\"Vloger poleca\"],\"inLanguage\":\"pl-PL\",\"potentialAction\":[{\"@type\":\"CommentAction\",\"name\":\"Comment\",\"target\":[\"https:\/\/www.bandi.pl\/blog\/jakiej-pielegnacji-potrzebuje-cera-mieszana-naczynkowa\/#respond\"]}]},{\"@type\":\"WebPage\",\"@id\":\"https:\/\/www.bandi.pl\/blog\/jakiej-pielegnacji-potrzebuje-cera-mieszana-naczynkowa\/\",\"url\":\"https:\/\/www.bandi.pl\/blog\/jakiej-pielegnacji-potrzebuje-cera-mieszana-naczynkowa\/\",\"name\":\"Jakiej piel\u0119gnacji potrzebuje cera mieszana naczynkowa? &#187; Blog BANDI\",\"isPartOf\":{\"@id\":\"https:\/\/www.bandi.pl\/blog\/#website\"},\"primaryImageOfPage\":{\"@id\":\"https:\/\/www.bandi.pl\/blog\/jakiej-pielegnacji-potrzebuje-cera-mieszana-naczynkowa\/#primaryimage\"},\"image\":{\"@id\":\"https:\/\/www.bandi.pl\/blog\/jakiej-pielegnacji-potrzebuje-cera-mieszana-naczynkowa\/#primaryimage\"},\"thumbnailUrl\":\"https:\/\/www.bandi.pl\/blog\/wp-content\/uploads\/2022\/02\/IMG_3729.jpg\",\"datePublished\":\"2022-02-22T09:47:46+00:00\",\"description\":\"Piel\u0119gnacja cery mieszanej naczynkowej bywa trudna. Posiada ona cechy sk\u00f3ry suchej oraz t\u0142ustej i cz\u0119sto jest to wynikiem zaburze\u0144 r\u00f3wnowagi hydrolipidowej.\",\"breadcrumb\":{\"@id\":\"https:\/\/www.bandi.pl\/blog\/jakiej-pielegnacji-potrzebuje-cera-mieszana-naczynkowa\/#breadcrumb\"},\"inLanguage\":\"pl-PL\",\"potentialAction\":[{\"@type\":\"ReadAction\",\"target\":[\"https:\/\/www.bandi.pl\/blog\/jakiej-pielegnacji-potrzebuje-cera-mieszana-naczynkowa\/\"]}]},{\"@type\":\"ImageObject\",\"inLanguage\":\"pl-PL\",\"@id\":\"https:\/\/www.bandi.pl\/blog\/jakiej-pielegnacji-potrzebuje-cera-mieszana-naczynkowa\/#primaryimage\",\"url\":\"https:\/\/www.bandi.pl\/blog\/wp-content\/uploads\/2022\/02\/IMG_3729.jpg\",\"contentUrl\":\"https:\/\/www.bandi.pl\/blog\/wp-content\/uploads\/2022\/02\/IMG_3729.jpg\",\"width\":1305,\"height\":735,\"caption\":\"cera mieszana naczynkowa - kosmetyki\"},{\"@type\":\"BreadcrumbList\",\"@id\":\"https:\/\/www.bandi.pl\/blog\/jakiej-pielegnacji-potrzebuje-cera-mieszana-naczynkowa\/#breadcrumb\",\"itemListElement\":[{\"@type\":\"ListItem\",\"position\":1,\"name\":\"BANDI\",\"item\":\"https:\/\/www.bandi.pl\/blog\/\"},{\"@type\":\"ListItem\",\"position\":2,\"name\":\"Jakiej piel\u0119gnacji potrzebuje cera mieszana naczynkowa?\"}]},{\"@type\":\"WebSite\",\"@id\":\"https:\/\/www.bandi.pl\/blog\/#website\",\"url\":\"https:\/\/www.bandi.pl\/blog\/\",\"name\":\"Blog BANDI\",\"description\":\"Czarno na bia\u0142ym o kosmetykach\",\"publisher\":{\"@id\":\"https:\/\/www.bandi.pl\/blog\/#organization\"},\"potentialAction\":[{\"@type\":\"SearchAction\",\"target\":{\"@type\":\"EntryPoint\",\"urlTemplate\":\"https:\/\/www.bandi.pl\/blog\/?s={search_term_string}\"},\"query-input\":{\"@type\":\"PropertyValueSpecification\",\"valueRequired\":true,\"valueName\":\"search_term_string\"}}],\"inLanguage\":\"pl-PL\"},{\"@type\":\"Organization\",\"@id\":\"https:\/\/www.bandi.pl\/blog\/#organization\",\"name\":\"BANDI\",\"url\":\"https:\/\/www.bandi.pl\/blog\/\",\"logo\":{\"@type\":\"ImageObject\",\"inLanguage\":\"pl-PL\",\"@id\":\"https:\/\/www.bandi.pl\/blog\/#\/schema\/logo\/image\/\",\"url\":\"https:\/\/www.bandi.pl\/blog\/wp-content\/uploads\/2019\/06\/bandi-logo.png\",\"contentUrl\":\"https:\/\/www.bandi.pl\/blog\/wp-content\/uploads\/2019\/06\/bandi-logo.png\",\"width\":264,\"height\":111,\"caption\":\"BANDI\"},\"image\":{\"@id\":\"https:\/\/www.bandi.pl\/blog\/#\/schema\/logo\/image\/\"},\"sameAs\":[\"https:\/\/web.facebook.com\/BANDIcosmetics\",\"https:\/\/x.com\/bandi_cosmetics\",\"https:\/\/www.instagram.com\/bandi_cosmetics\/\",\"https:\/\/www.pinterest.com\/bandicosmetics\/\",\"https:\/\/www.youtube.com\/user\/BandiCosmeticsPolska\"]},{\"@type\":\"Person\",\"@id\":\"https:\/\/www.bandi.pl\/blog\/#\/schema\/person\/5ba05af1a18c58f1c31d4ae051ec9499\",\"name\":\"Ilona Kiraga\"}]}<\/script>\n<!-- \/ Yoast SEO plugin. -->","yoast_head_json":{"title":"Jakiej piel\u0119gnacji potrzebuje cera mieszana naczynkowa? &#187; Blog BANDI","description":"Piel\u0119gnacja cery mieszanej naczynkowej bywa trudna. Posiada ona cechy sk\u00f3ry suchej oraz t\u0142ustej i cz\u0119sto jest to wynikiem zaburze\u0144 r\u00f3wnowagi hydrolipidowej.","robots":{"index":"index","follow":"follow","max-snippet":"max-snippet:-1","max-image-preview":"max-image-preview:large","max-video-preview":"max-video-preview:-1"},"canonical":"https:\/\/www.bandi.pl\/blog\/jakiej-pielegnacji-potrzebuje-cera-mieszana-naczynkowa\/","og_locale":"pl_PL","og_type":"article","og_title":"Jakiej piel\u0119gnacji potrzebuje cera mieszana naczynkowa? &#187; Blog BANDI","og_description":"Piel\u0119gnacja cery mieszanej naczynkowej bywa trudna. Posiada ona cechy sk\u00f3ry suchej oraz t\u0142ustej i cz\u0119sto jest to wynikiem zaburze\u0144 r\u00f3wnowagi hydrolipidowej.","og_url":"https:\/\/www.bandi.pl\/blog\/jakiej-pielegnacji-potrzebuje-cera-mieszana-naczynkowa\/","og_site_name":"Blog BANDI","article_publisher":"https:\/\/web.facebook.com\/BANDIcosmetics","article_published_time":"2022-02-22T09:47:46+00:00","og_image":[{"width":1305,"height":735,"url":"https:\/\/www.bandi.pl\/blog\/wp-content\/uploads\/2022\/02\/IMG_3729.jpg","type":"image\/jpeg"}],"author":"Ilona Kiraga","twitter_card":"summary_large_image","twitter_creator":"@bandi_cosmetics","twitter_site":"@bandi_cosmetics","twitter_misc":{"Napisane przez":"Ilona Kiraga","Szacowany czas czytania":"4 minuty"},"schema":{"@context":"https:\/\/schema.org","@graph":[{"@type":"Article","@id":"https:\/\/www.bandi.pl\/blog\/jakiej-pielegnacji-potrzebuje-cera-mieszana-naczynkowa\/#article","isPartOf":{"@id":"https:\/\/www.bandi.pl\/blog\/jakiej-pielegnacji-potrzebuje-cera-mieszana-naczynkowa\/"},"author":{"name":"Ilona Kiraga","@id":"https:\/\/www.bandi.pl\/blog\/#\/schema\/person\/5ba05af1a18c58f1c31d4ae051ec9499"},"headline":"Jakiej piel\u0119gnacji potrzebuje cera mieszana naczynkowa?","datePublished":"2022-02-22T09:47:46+00:00","mainEntityOfPage":{"@id":"https:\/\/www.bandi.pl\/blog\/jakiej-pielegnacji-potrzebuje-cera-mieszana-naczynkowa\/"},"wordCount":1075,"commentCount":0,"publisher":{"@id":"https:\/\/www.bandi.pl\/blog\/#organization"},"image":{"@id":"https:\/\/www.bandi.pl\/blog\/jakiej-pielegnacji-potrzebuje-cera-mieszana-naczynkowa\/#primaryimage"},"thumbnailUrl":"https:\/\/www.bandi.pl\/blog\/wp-content\/uploads\/2022\/02\/IMG_3729.jpg","keywords":["Bandi","cera mieszana","kosmetyki profesjonalne","kruche naczynka","lekki krem dla cery naczynkowej","paj\u0105czki na twarzy","piel\u0119gnacja profesjonalna","piel\u0119gnacja twarzy","teleangiektazje","witamina pp"],"articleSection":["Coco Collection","Vloger poleca"],"inLanguage":"pl-PL","potentialAction":[{"@type":"CommentAction","name":"Comment","target":["https:\/\/www.bandi.pl\/blog\/jakiej-pielegnacji-potrzebuje-cera-mieszana-naczynkowa\/#respond"]}]},{"@type":"WebPage","@id":"https:\/\/www.bandi.pl\/blog\/jakiej-pielegnacji-potrzebuje-cera-mieszana-naczynkowa\/","url":"https:\/\/www.bandi.pl\/blog\/jakiej-pielegnacji-potrzebuje-cera-mieszana-naczynkowa\/","name":"Jakiej piel\u0119gnacji potrzebuje cera mieszana naczynkowa? &#187; Blog BANDI","isPartOf":{"@id":"https:\/\/www.bandi.pl\/blog\/#website"},"primaryImageOfPage":{"@id":"https:\/\/www.bandi.pl\/blog\/jakiej-pielegnacji-potrzebuje-cera-mieszana-naczynkowa\/#primaryimage"},"image":{"@id":"https:\/\/www.bandi.pl\/blog\/jakiej-pielegnacji-potrzebuje-cera-mieszana-naczynkowa\/#primaryimage"},"thumbnailUrl":"https:\/\/www.bandi.pl\/blog\/wp-content\/uploads\/2022\/02\/IMG_3729.jpg","datePublished":"2022-02-22T09:47:46+00:00","description":"Piel\u0119gnacja cery mieszanej naczynkowej bywa trudna. Posiada ona cechy sk\u00f3ry suchej oraz t\u0142ustej i cz\u0119sto jest to wynikiem zaburze\u0144 r\u00f3wnowagi hydrolipidowej.","breadcrumb":{"@id":"https:\/\/www.bandi.pl\/blog\/jakiej-pielegnacji-potrzebuje-cera-mieszana-naczynkowa\/#breadcrumb"},"inLanguage":"pl-PL","potentialAction":[{"@type":"ReadAction","target":["https:\/\/www.bandi.pl\/blog\/jakiej-pielegnacji-potrzebuje-cera-mieszana-naczynkowa\/"]}]},{"@type":"ImageObject","inLanguage":"pl-PL","@id":"https:\/\/www.bandi.pl\/blog\/jakiej-pielegnacji-potrzebuje-cera-mieszana-naczynkowa\/#primaryimage","url":"https:\/\/www.bandi.pl\/blog\/wp-content\/uploads\/2022\/02\/IMG_3729.jpg","contentUrl":"https:\/\/www.bandi.pl\/blog\/wp-content\/uploads\/2022\/02\/IMG_3729.jpg","width":1305,"height":735,"caption":"cera mieszana naczynkowa - kosmetyki"},{"@type":"BreadcrumbList","@id":"https:\/\/www.bandi.pl\/blog\/jakiej-pielegnacji-potrzebuje-cera-mieszana-naczynkowa\/#breadcrumb","itemListElement":[{"@type":"ListItem","position":1,"name":"BANDI","item":"https:\/\/www.bandi.pl\/blog\/"},{"@type":"ListItem","position":2,"name":"Jakiej piel\u0119gnacji potrzebuje cera mieszana naczynkowa?"}]},{"@type":"WebSite","@id":"https:\/\/www.bandi.pl\/blog\/#website","url":"https:\/\/www.bandi.pl\/blog\/","name":"Blog BANDI","description":"Czarno na bia\u0142ym o kosmetykach","publisher":{"@id":"https:\/\/www.bandi.pl\/blog\/#organization"},"potentialAction":[{"@type":"SearchAction","target":{"@type":"EntryPoint","urlTemplate":"https:\/\/www.bandi.pl\/blog\/?s={search_term_string}"},"query-input":{"@type":"PropertyValueSpecification","valueRequired":true,"valueName":"search_term_string"}}],"inLanguage":"pl-PL"},{"@type":"Organization","@id":"https:\/\/www.bandi.pl\/blog\/#organization","name":"BANDI","url":"https:\/\/www.bandi.pl\/blog\/","logo":{"@type":"ImageObject","inLanguage":"pl-PL","@id":"https:\/\/www.bandi.pl\/blog\/#\/schema\/logo\/image\/","url":"https:\/\/www.bandi.pl\/blog\/wp-content\/uploads\/2019\/06\/bandi-logo.png","contentUrl":"https:\/\/www.bandi.pl\/blog\/wp-content\/uploads\/2019\/06\/bandi-logo.png","width":264,"height":111,"caption":"BANDI"},"image":{"@id":"https:\/\/www.bandi.pl\/blog\/#\/schema\/logo\/image\/"},"sameAs":["https:\/\/web.facebook.com\/BANDIcosmetics","https:\/\/x.com\/bandi_cosmetics","https:\/\/www.instagram.com\/bandi_cosmetics\/","https:\/\/www.pinterest.com\/bandicosmetics\/","https:\/\/www.youtube.com\/user\/BandiCosmeticsPolska"]},{"@type":"Person","@id":"https:\/\/www.bandi.pl\/blog\/#\/schema\/person\/5ba05af1a18c58f1c31d4ae051ec9499","name":"Ilona Kiraga"}]}},"_links":{"self":[{"href":"https:\/\/www.bandi.pl\/blog\/wp-json\/wp\/v2\/posts\/13600","targetHints":{"allow":["GET"]}}],"collection":[{"href":"https:\/\/www.bandi.pl\/blog\/wp-json\/wp\/v2\/posts"}],"about":[{"href":"https:\/\/www.bandi.pl\/blog\/wp-json\/wp\/v2\/types\/post"}],"author":[{"embeddable":true,"href":"https:\/\/www.bandi.pl\/blog\/wp-json\/wp\/v2\/users\/13"}],"replies":[{"embeddable":true,"href":"https:\/\/www.bandi.pl\/blog\/wp-json\/wp\/v2\/comments?post=13600"}],"version-history":[{"count":3,"href":"https:\/\/www.bandi.pl\/blog\/wp-json\/wp\/v2\/posts\/13600\/revisions"}],"predecessor-version":[{"id":13619,"href":"https:\/\/www.bandi.pl\/blog\/wp-json\/wp\/v2\/posts\/13600\/revisions\/13619"}],"wp:featuredmedia":[{"embeddable":true,"href":"https:\/\/www.bandi.pl\/blog\/wp-json\/wp\/v2\/media\/13602"}],"wp:attachment":[{"href":"https:\/\/www.bandi.pl\/blog\/wp-json\/wp\/v2\/media?parent=13600"}],"wp:term":[{"taxonomy":"category","embeddable":true,"href":"https:\/\/www.bandi.pl\/blog\/wp-json\/wp\/v2\/categories?post=13600"},{"taxonomy":"post_tag","embeddable":true,"href":"https:\/\/www.bandi.pl\/blog\/wp-json\/wp\/v2\/tags?post=13600"}],"curies":[{"name":"wp","href":"https:\/\/api.w.org\/{rel}","templated":true}]}}