{"id":13517,"date":"2022-01-27T11:00:00","date_gmt":"2022-01-27T10:00:00","guid":{"rendered":"https:\/\/www.bandi.pl\/blog\/?p=13517"},"modified":"2022-01-26T09:37:41","modified_gmt":"2022-01-26T08:37:41","slug":"zimowa-pielegnacja-skory-dloni-i-paznokci","status":"publish","type":"post","link":"https:\/\/www.bandi.pl\/blog\/zimowa-pielegnacja-skory-dloni-i-paznokci\/","title":{"rendered":"Zimowa piel\u0119gnacja sk\u00f3ry d\u0142oni i paznokci"},"content":{"rendered":"\n<p>Zim\u0105 sk\u00f3ra d\u0142oni cz\u0119sto ulega przesuszeniu w wyniku dzia\u0142ania r\u00f3\u017cnych czynnik\u00f3w, jak niska temperatura, cz\u0119stsze przebywanie w ogrzewanych pomieszczeniach,&nbsp;a obecnie dodatkowo mycie i dezynfekcja r\u0105k wielokrotnie w ci\u0105gu doby. Paznokcie staj\u0105 si\u0119 bardziej &#8222;kruche&#8221; i &#8222;wysuszone&#8221;.<\/p>\n\n\n\n<h2 class=\"wp-block-heading\" id=\"h-najcz-stsze-problemy-sk-ry-d-oni-i-paznokci-zim\">Najcz\u0119stsze problemy sk\u00f3ry d\u0142oni i paznokci zim\u0105<\/h2>\n\n\n\n<p>Cz\u0119stym problemem sk\u00f3ry d\u0142oni jest uczucie sucho\u015bci. Sk\u00f3ra jest spierzchni\u0119ta, \u0142atwiej ulega podra\u017cnieniom. Na grzbietach d\u0142oni mo\u017ce pojawi\u0107 si\u0119 nieznaczne zar\u00f3\u017cowienie, towarzyszy temu uczucie \u015bci\u0105gania. Sk\u00f3ra staje si\u0119 ma\u0142o elastyczna, pojawiaj\u0105 si\u0119 drobne p\u0119kni\u0119cia na palcach, czy w okolicy wa\u0142u paznokciowego. Paznokcie s\u0105 \u0142amliwe, rozdzielaj\u0105 si\u0119 i wykruszaj\u0105 od wolnego brzegu (dystalnego) lub staj\u0105 si\u0119 wiotkie i \u0142atwo ulegaj\u0105 uszkodzeniu.<\/p>\n\n\n\n<h2 class=\"wp-block-heading\">Zalecenia piel\u0119gnacyjne sk\u00f3ry d\u0142oni i paznokci<\/h2>\n\n\n\n<p>Sk\u00f3ra d\u0142oni ze wzgl\u0119du na swoj\u0105 budow\u0119 i niewielk\u0105 ilo\u015b\u0107 gruczo\u0142\u00f3w \u0142ojowych, kt\u00f3re wytwarzaj\u0105 ochronn\u0105 pow\u0142ok\u0119 sebum, wymaga w okresie zimy wyj\u0105tkowej opieki. Warto r\u00f3wnie\u017c zwr\u00f3ci\u0107 uwag\u0119 na unikanie ekspozycji sk\u00f3ry d\u0142oni i paznokci na negatywne czynniki zewn\u0119trzne:<\/p>\n\n\n\n<ul class=\"wp-block-list\"><li>ochrona przed nisk\u0105 temperatur\u0105 (r\u0119kawiczki),<\/li><li>ograniczenie kontaktu z wod\u0105,<\/li><li>unikanie cz\u0119stego upi\u0119kszania paznokci,<\/li><li>unikanie mikrouraz\u00f3w d\u0142oni i paznokci,<\/li><li>ochrona r\u0105k w pracach domowych\/zawodowych r\u0119kawiczkami, <\/li><li>ograniczenie ekspozycji na czynniki chemiczne.<\/li><\/ul>\n\n\n\n<p>W okresie zimy polecane jest dodatkowo stosowanie kosmetyk\u00f3w piel\u0119gnacyjnych o w\u0142a\u015bciwo\u015bciach regeneruj\u0105cych nask\u00f3rek i od\u017cywczych. Po ka\u017cdym myciu wskazane jest stosowanie krem\u00f3w nawil\u017caj\u0105cych\/nat\u0142uszczaj\u0105cych odbudowuj\u0105cych barier\u0119 sk\u00f3rno-nask\u00f3rkow\u0105, powoduj\u0105cych wyg\u0142adzenie sk\u00f3ry, popraw\u0119 nawodnienia, a tym samym wygl\u0105du d\u0142oni. Kosmetyki powinny by\u0107 bogate w <a href=\"https:\/\/www.bandi.pl\/sklep\/mgielki\/aloesowa-mgielka-nawilzajaca-do-rak-i-ciala-966\/\" target=\"_blank\" rel=\"noreferrer noopener\">emolienty, oleje ro\u015blinne<\/a> (arganowy, makadamia, migda\u0142owy, avocado, kokosowy), aloes zwyczajny, czy od\u017cywcze mas\u0142a (Shea). W zale\u017cno\u015bci od potrzeb, 1-2x w tygodniu mo\u017cna r\u00f3wnie\u017c zastosowa\u0107 na sk\u00f3r\u0119 d\u0142oni regeneruj\u0105c\u0105 mask\u0119, bogat\u0105 w sk\u0142adniki takie jak: <a href=\"https:\/\/www.bandi.pl\/sklep\/kremy\/kremowa-kuracja-nawilzajaco-naprawcza-644\/\" target=\"_blank\" rel=\"noreferrer noopener\">estry cholesterolu<\/a>, <a href=\"https:\/\/www.bandi.pl\/sklep\/kremy\/kuracja-s.o.s.-intensywnie-kojaca-886\/\" target=\"_blank\" rel=\"noreferrer noopener\">fitoceramidy<\/a>, skwalan. Tak\u0105 mask\u0119 warto na\u0142o\u017cy\u0107 na ca\u0142\u0105 noc lub kilka godzin w ci\u0105gu dnia, stosuj\u0105c dodatkowo foliowe r\u0119kawiczki. Stworzona w ten spos\u00f3b okluzja u\u0142atwi penetracj\u0119 w g\u0142\u0105b nask\u00f3rka sk\u0142adnik\u00f3w aktywnych.<\/p>\n\n\n\n<p>Istotna jest r\u00f3wnie\u017c odpowiednio zbilansowana dieta, bogata w produkty dostarczaj\u0105ce potrzebnych sk\u00f3rze witamin, minera\u0142\u00f3w i NNKT. W okresie zimy w naszych posi\u0142kach nie powinno zabrakn\u0105\u0107 warzyw, owoc\u00f3w, orzech\u00f3w, olei ro\u015blinnych, pestek dyni, s\u0142onecznika, ryb.<\/p>\n","protected":false},"excerpt":{"rendered":"<p>Zim\u0105 sk\u00f3ra d\u0142oni cz\u0119sto ulega przesuszeniu w wyniku dzia\u0142ania r\u00f3\u017cnych czynnik\u00f3w, jak niska temperatura, cz\u0119stsze przebywanie w ogrzewanych pomieszczeniach,&nbsp;a obecnie dodatkowo mycie i dezynfekcja r\u0105k wielokrotnie w ci\u0105gu doby. Paznokcie staj\u0105 si\u0119 bardziej &#8222;kruche&#8221; i &#8222;wysuszone&#8221;. Najcz\u0119stsze problemy sk\u00f3ry d\u0142oni i paznokci zim\u0105 Cz\u0119stym problemem sk\u00f3ry d\u0142oni jest uczucie sucho\u015bci. Sk\u00f3ra jest spierzchni\u0119ta, \u0142atwiej ulega [&hellip;]<\/p>\n","protected":false},"author":13,"featured_media":13519,"comment_status":"open","ping_status":"closed","sticky":false,"template":"","format":"standard","meta":{"_et_pb_use_builder":"off","_et_pb_old_content":"","_et_gb_content_width":"","footnotes":""},"categories":[2050,1817],"tags":[4051,3412,3445,6931,6928,6924,6926,6927,4230,6929,6925,6930],"class_list":["post-13517","post","type-post","status-publish","format-standard","has-post-thumbnail","hentry","category-magdalena-ciupinska","category-kategoria-pielegnacja-i-kosmetyki","tag-anti-dry","tag-anti-irritate","tag-bandi","tag-body-care","tag-jak-dbac-o-rece-zima","tag-krem-do-rak","tag-nawilzanie-skory-rak","tag-pielegnacja-dloni","tag-pielegnacja-profesjonalna","tag-spierzchniete-rece","tag-sucha-skora-rak","tag-szorstkie-rece"],"yoast_head":"<!-- This site is optimized with the Yoast SEO plugin v27.1.1 - https:\/\/yoast.com\/product\/yoast-seo-wordpress\/ -->\n<title>Zimowa piel\u0119gnacja sk\u00f3ry d\u0142oni i paznokci &#187; Blog BANDI<\/title>\n<meta name=\"description\" content=\"Sk\u00f3ra d\u0142oni ze wzgl\u0119du na swoj\u0105 budow\u0119 i ma\u0142\u0105 ilo\u015b\u0107 gruczo\u0142\u00f3w \u0142ojowych oraz wydzielanego sebum, wymaga w okresie zimy odpowiedniej piel\u0119gnacji\" \/>\n<meta name=\"robots\" content=\"index, follow, max-snippet:-1, max-image-preview:large, max-video-preview:-1\" \/>\n<link rel=\"canonical\" href=\"https:\/\/www.bandi.pl\/blog\/zimowa-pielegnacja-skory-dloni-i-paznokci\/\" \/>\n<meta property=\"og:locale\" content=\"pl_PL\" \/>\n<meta property=\"og:type\" content=\"article\" \/>\n<meta property=\"og:title\" content=\"Zimowa piel\u0119gnacja sk\u00f3ry d\u0142oni i paznokci &#187; Blog BANDI\" \/>\n<meta property=\"og:description\" content=\"Sk\u00f3ra d\u0142oni ze wzgl\u0119du na swoj\u0105 budow\u0119 i ma\u0142\u0105 ilo\u015b\u0107 gruczo\u0142\u00f3w \u0142ojowych oraz wydzielanego sebum, wymaga w okresie zimy odpowiedniej piel\u0119gnacji\" \/>\n<meta property=\"og:url\" content=\"https:\/\/www.bandi.pl\/blog\/zimowa-pielegnacja-skory-dloni-i-paznokci\/\" \/>\n<meta property=\"og:site_name\" content=\"Blog BANDI\" \/>\n<meta property=\"article:publisher\" content=\"https:\/\/web.facebook.com\/BANDIcosmetics\" \/>\n<meta property=\"article:published_time\" content=\"2022-01-27T10:00:00+00:00\" \/>\n<meta property=\"og:image\" content=\"https:\/\/www.bandi.pl\/blog\/wp-content\/uploads\/2022\/01\/Projekt-bez-tytulu-2-3-705x500.png\" \/>\n\t<meta property=\"og:image:width\" content=\"705\" \/>\n\t<meta property=\"og:image:height\" content=\"500\" \/>\n\t<meta property=\"og:image:type\" content=\"image\/png\" \/>\n<meta name=\"author\" content=\"Ilona Kiraga\" \/>\n<meta name=\"twitter:card\" content=\"summary_large_image\" \/>\n<meta name=\"twitter:creator\" content=\"@bandi_cosmetics\" \/>\n<meta name=\"twitter:site\" content=\"@bandi_cosmetics\" \/>\n<meta name=\"twitter:label1\" content=\"Napisane przez\" \/>\n\t<meta name=\"twitter:data1\" content=\"Ilona Kiraga\" \/>\n\t<meta name=\"twitter:label2\" content=\"Szacowany czas czytania\" \/>\n\t<meta name=\"twitter:data2\" content=\"2 minuty\" \/>\n<script type=\"application\/ld+json\" class=\"yoast-schema-graph\">{\"@context\":\"https:\/\/schema.org\",\"@graph\":[{\"@type\":\"Article\",\"@id\":\"https:\/\/www.bandi.pl\/blog\/zimowa-pielegnacja-skory-dloni-i-paznokci\/#article\",\"isPartOf\":{\"@id\":\"https:\/\/www.bandi.pl\/blog\/zimowa-pielegnacja-skory-dloni-i-paznokci\/\"},\"author\":{\"name\":\"Ilona Kiraga\",\"@id\":\"https:\/\/www.bandi.pl\/blog\/#\/schema\/person\/5ba05af1a18c58f1c31d4ae051ec9499\"},\"headline\":\"Zimowa piel\u0119gnacja sk\u00f3ry d\u0142oni i paznokci\",\"datePublished\":\"2022-01-27T10:00:00+00:00\",\"mainEntityOfPage\":{\"@id\":\"https:\/\/www.bandi.pl\/blog\/zimowa-pielegnacja-skory-dloni-i-paznokci\/\"},\"wordCount\":436,\"commentCount\":0,\"publisher\":{\"@id\":\"https:\/\/www.bandi.pl\/blog\/#organization\"},\"image\":{\"@id\":\"https:\/\/www.bandi.pl\/blog\/zimowa-pielegnacja-skory-dloni-i-paznokci\/#primaryimage\"},\"thumbnailUrl\":\"https:\/\/www.bandi.pl\/blog\/wp-content\/uploads\/2022\/01\/Projekt-bez-tytulu-2-3.png\",\"keywords\":[\"anti dry\",\"anti irritate\",\"Bandi\",\"body care\",\"jak dba\u0107 o r\u0119ce zim\u0105\",\"krem do r\u0105k\",\"nawil\u017canie sk\u00f3ry r\u0105k\",\"piel\u0119gnacja d\u0142oni\",\"piel\u0119gnacja profesjonalna\",\"spierzchni\u0119te r\u0119ce\",\"sucha sk\u00f3ra r\u0105k\",\"szorstkie r\u0119ce\"],\"articleSection\":[\"Magdalena Ciupi\u0144ska\",\"Piel\u0119gnacja i kosmetyki\"],\"inLanguage\":\"pl-PL\",\"potentialAction\":[{\"@type\":\"CommentAction\",\"name\":\"Comment\",\"target\":[\"https:\/\/www.bandi.pl\/blog\/zimowa-pielegnacja-skory-dloni-i-paznokci\/#respond\"]}]},{\"@type\":\"WebPage\",\"@id\":\"https:\/\/www.bandi.pl\/blog\/zimowa-pielegnacja-skory-dloni-i-paznokci\/\",\"url\":\"https:\/\/www.bandi.pl\/blog\/zimowa-pielegnacja-skory-dloni-i-paznokci\/\",\"name\":\"Zimowa piel\u0119gnacja sk\u00f3ry d\u0142oni i paznokci &#187; Blog BANDI\",\"isPartOf\":{\"@id\":\"https:\/\/www.bandi.pl\/blog\/#website\"},\"primaryImageOfPage\":{\"@id\":\"https:\/\/www.bandi.pl\/blog\/zimowa-pielegnacja-skory-dloni-i-paznokci\/#primaryimage\"},\"image\":{\"@id\":\"https:\/\/www.bandi.pl\/blog\/zimowa-pielegnacja-skory-dloni-i-paznokci\/#primaryimage\"},\"thumbnailUrl\":\"https:\/\/www.bandi.pl\/blog\/wp-content\/uploads\/2022\/01\/Projekt-bez-tytulu-2-3.png\",\"datePublished\":\"2022-01-27T10:00:00+00:00\",\"description\":\"Sk\u00f3ra d\u0142oni ze wzgl\u0119du na swoj\u0105 budow\u0119 i ma\u0142\u0105 ilo\u015b\u0107 gruczo\u0142\u00f3w \u0142ojowych oraz wydzielanego sebum, wymaga w okresie zimy odpowiedniej piel\u0119gnacji\",\"breadcrumb\":{\"@id\":\"https:\/\/www.bandi.pl\/blog\/zimowa-pielegnacja-skory-dloni-i-paznokci\/#breadcrumb\"},\"inLanguage\":\"pl-PL\",\"potentialAction\":[{\"@type\":\"ReadAction\",\"target\":[\"https:\/\/www.bandi.pl\/blog\/zimowa-pielegnacja-skory-dloni-i-paznokci\/\"]}]},{\"@type\":\"ImageObject\",\"inLanguage\":\"pl-PL\",\"@id\":\"https:\/\/www.bandi.pl\/blog\/zimowa-pielegnacja-skory-dloni-i-paznokci\/#primaryimage\",\"url\":\"https:\/\/www.bandi.pl\/blog\/wp-content\/uploads\/2022\/01\/Projekt-bez-tytulu-2-3.png\",\"contentUrl\":\"https:\/\/www.bandi.pl\/blog\/wp-content\/uploads\/2022\/01\/Projekt-bez-tytulu-2-3.png\",\"width\":1748,\"height\":1240,\"caption\":\"sk\u00f3ra d\u0142oni - zimowa piel\u0119gnacja\"},{\"@type\":\"BreadcrumbList\",\"@id\":\"https:\/\/www.bandi.pl\/blog\/zimowa-pielegnacja-skory-dloni-i-paznokci\/#breadcrumb\",\"itemListElement\":[{\"@type\":\"ListItem\",\"position\":1,\"name\":\"BANDI\",\"item\":\"https:\/\/www.bandi.pl\/blog\/\"},{\"@type\":\"ListItem\",\"position\":2,\"name\":\"Zimowa piel\u0119gnacja sk\u00f3ry d\u0142oni i paznokci\"}]},{\"@type\":\"WebSite\",\"@id\":\"https:\/\/www.bandi.pl\/blog\/#website\",\"url\":\"https:\/\/www.bandi.pl\/blog\/\",\"name\":\"Blog BANDI\",\"description\":\"Czarno na bia\u0142ym o kosmetykach\",\"publisher\":{\"@id\":\"https:\/\/www.bandi.pl\/blog\/#organization\"},\"potentialAction\":[{\"@type\":\"SearchAction\",\"target\":{\"@type\":\"EntryPoint\",\"urlTemplate\":\"https:\/\/www.bandi.pl\/blog\/?s={search_term_string}\"},\"query-input\":{\"@type\":\"PropertyValueSpecification\",\"valueRequired\":true,\"valueName\":\"search_term_string\"}}],\"inLanguage\":\"pl-PL\"},{\"@type\":\"Organization\",\"@id\":\"https:\/\/www.bandi.pl\/blog\/#organization\",\"name\":\"BANDI\",\"url\":\"https:\/\/www.bandi.pl\/blog\/\",\"logo\":{\"@type\":\"ImageObject\",\"inLanguage\":\"pl-PL\",\"@id\":\"https:\/\/www.bandi.pl\/blog\/#\/schema\/logo\/image\/\",\"url\":\"https:\/\/www.bandi.pl\/blog\/wp-content\/uploads\/2019\/06\/bandi-logo.png\",\"contentUrl\":\"https:\/\/www.bandi.pl\/blog\/wp-content\/uploads\/2019\/06\/bandi-logo.png\",\"width\":264,\"height\":111,\"caption\":\"BANDI\"},\"image\":{\"@id\":\"https:\/\/www.bandi.pl\/blog\/#\/schema\/logo\/image\/\"},\"sameAs\":[\"https:\/\/web.facebook.com\/BANDIcosmetics\",\"https:\/\/x.com\/bandi_cosmetics\",\"https:\/\/www.instagram.com\/bandi_cosmetics\/\",\"https:\/\/www.pinterest.com\/bandicosmetics\/\",\"https:\/\/www.youtube.com\/user\/BandiCosmeticsPolska\"]},{\"@type\":\"Person\",\"@id\":\"https:\/\/www.bandi.pl\/blog\/#\/schema\/person\/5ba05af1a18c58f1c31d4ae051ec9499\",\"name\":\"Ilona Kiraga\"}]}<\/script>\n<!-- \/ Yoast SEO plugin. -->","yoast_head_json":{"title":"Zimowa piel\u0119gnacja sk\u00f3ry d\u0142oni i paznokci &#187; Blog BANDI","description":"Sk\u00f3ra d\u0142oni ze wzgl\u0119du na swoj\u0105 budow\u0119 i ma\u0142\u0105 ilo\u015b\u0107 gruczo\u0142\u00f3w \u0142ojowych oraz wydzielanego sebum, wymaga w okresie zimy odpowiedniej piel\u0119gnacji","robots":{"index":"index","follow":"follow","max-snippet":"max-snippet:-1","max-image-preview":"max-image-preview:large","max-video-preview":"max-video-preview:-1"},"canonical":"https:\/\/www.bandi.pl\/blog\/zimowa-pielegnacja-skory-dloni-i-paznokci\/","og_locale":"pl_PL","og_type":"article","og_title":"Zimowa piel\u0119gnacja sk\u00f3ry d\u0142oni i paznokci &#187; Blog BANDI","og_description":"Sk\u00f3ra d\u0142oni ze wzgl\u0119du na swoj\u0105 budow\u0119 i ma\u0142\u0105 ilo\u015b\u0107 gruczo\u0142\u00f3w \u0142ojowych oraz wydzielanego sebum, wymaga w okresie zimy odpowiedniej piel\u0119gnacji","og_url":"https:\/\/www.bandi.pl\/blog\/zimowa-pielegnacja-skory-dloni-i-paznokci\/","og_site_name":"Blog BANDI","article_publisher":"https:\/\/web.facebook.com\/BANDIcosmetics","article_published_time":"2022-01-27T10:00:00+00:00","og_image":[{"width":705,"height":500,"url":"https:\/\/www.bandi.pl\/blog\/wp-content\/uploads\/2022\/01\/Projekt-bez-tytulu-2-3-705x500.png","type":"image\/png"}],"author":"Ilona Kiraga","twitter_card":"summary_large_image","twitter_creator":"@bandi_cosmetics","twitter_site":"@bandi_cosmetics","twitter_misc":{"Napisane przez":"Ilona Kiraga","Szacowany czas czytania":"2 minuty"},"schema":{"@context":"https:\/\/schema.org","@graph":[{"@type":"Article","@id":"https:\/\/www.bandi.pl\/blog\/zimowa-pielegnacja-skory-dloni-i-paznokci\/#article","isPartOf":{"@id":"https:\/\/www.bandi.pl\/blog\/zimowa-pielegnacja-skory-dloni-i-paznokci\/"},"author":{"name":"Ilona Kiraga","@id":"https:\/\/www.bandi.pl\/blog\/#\/schema\/person\/5ba05af1a18c58f1c31d4ae051ec9499"},"headline":"Zimowa piel\u0119gnacja sk\u00f3ry d\u0142oni i paznokci","datePublished":"2022-01-27T10:00:00+00:00","mainEntityOfPage":{"@id":"https:\/\/www.bandi.pl\/blog\/zimowa-pielegnacja-skory-dloni-i-paznokci\/"},"wordCount":436,"commentCount":0,"publisher":{"@id":"https:\/\/www.bandi.pl\/blog\/#organization"},"image":{"@id":"https:\/\/www.bandi.pl\/blog\/zimowa-pielegnacja-skory-dloni-i-paznokci\/#primaryimage"},"thumbnailUrl":"https:\/\/www.bandi.pl\/blog\/wp-content\/uploads\/2022\/01\/Projekt-bez-tytulu-2-3.png","keywords":["anti dry","anti irritate","Bandi","body care","jak dba\u0107 o r\u0119ce zim\u0105","krem do r\u0105k","nawil\u017canie sk\u00f3ry r\u0105k","piel\u0119gnacja d\u0142oni","piel\u0119gnacja profesjonalna","spierzchni\u0119te r\u0119ce","sucha sk\u00f3ra r\u0105k","szorstkie r\u0119ce"],"articleSection":["Magdalena Ciupi\u0144ska","Piel\u0119gnacja i kosmetyki"],"inLanguage":"pl-PL","potentialAction":[{"@type":"CommentAction","name":"Comment","target":["https:\/\/www.bandi.pl\/blog\/zimowa-pielegnacja-skory-dloni-i-paznokci\/#respond"]}]},{"@type":"WebPage","@id":"https:\/\/www.bandi.pl\/blog\/zimowa-pielegnacja-skory-dloni-i-paznokci\/","url":"https:\/\/www.bandi.pl\/blog\/zimowa-pielegnacja-skory-dloni-i-paznokci\/","name":"Zimowa piel\u0119gnacja sk\u00f3ry d\u0142oni i paznokci &#187; Blog BANDI","isPartOf":{"@id":"https:\/\/www.bandi.pl\/blog\/#website"},"primaryImageOfPage":{"@id":"https:\/\/www.bandi.pl\/blog\/zimowa-pielegnacja-skory-dloni-i-paznokci\/#primaryimage"},"image":{"@id":"https:\/\/www.bandi.pl\/blog\/zimowa-pielegnacja-skory-dloni-i-paznokci\/#primaryimage"},"thumbnailUrl":"https:\/\/www.bandi.pl\/blog\/wp-content\/uploads\/2022\/01\/Projekt-bez-tytulu-2-3.png","datePublished":"2022-01-27T10:00:00+00:00","description":"Sk\u00f3ra d\u0142oni ze wzgl\u0119du na swoj\u0105 budow\u0119 i ma\u0142\u0105 ilo\u015b\u0107 gruczo\u0142\u00f3w \u0142ojowych oraz wydzielanego sebum, wymaga w okresie zimy odpowiedniej piel\u0119gnacji","breadcrumb":{"@id":"https:\/\/www.bandi.pl\/blog\/zimowa-pielegnacja-skory-dloni-i-paznokci\/#breadcrumb"},"inLanguage":"pl-PL","potentialAction":[{"@type":"ReadAction","target":["https:\/\/www.bandi.pl\/blog\/zimowa-pielegnacja-skory-dloni-i-paznokci\/"]}]},{"@type":"ImageObject","inLanguage":"pl-PL","@id":"https:\/\/www.bandi.pl\/blog\/zimowa-pielegnacja-skory-dloni-i-paznokci\/#primaryimage","url":"https:\/\/www.bandi.pl\/blog\/wp-content\/uploads\/2022\/01\/Projekt-bez-tytulu-2-3.png","contentUrl":"https:\/\/www.bandi.pl\/blog\/wp-content\/uploads\/2022\/01\/Projekt-bez-tytulu-2-3.png","width":1748,"height":1240,"caption":"sk\u00f3ra d\u0142oni - zimowa piel\u0119gnacja"},{"@type":"BreadcrumbList","@id":"https:\/\/www.bandi.pl\/blog\/zimowa-pielegnacja-skory-dloni-i-paznokci\/#breadcrumb","itemListElement":[{"@type":"ListItem","position":1,"name":"BANDI","item":"https:\/\/www.bandi.pl\/blog\/"},{"@type":"ListItem","position":2,"name":"Zimowa piel\u0119gnacja sk\u00f3ry d\u0142oni i paznokci"}]},{"@type":"WebSite","@id":"https:\/\/www.bandi.pl\/blog\/#website","url":"https:\/\/www.bandi.pl\/blog\/","name":"Blog BANDI","description":"Czarno na bia\u0142ym o kosmetykach","publisher":{"@id":"https:\/\/www.bandi.pl\/blog\/#organization"},"potentialAction":[{"@type":"SearchAction","target":{"@type":"EntryPoint","urlTemplate":"https:\/\/www.bandi.pl\/blog\/?s={search_term_string}"},"query-input":{"@type":"PropertyValueSpecification","valueRequired":true,"valueName":"search_term_string"}}],"inLanguage":"pl-PL"},{"@type":"Organization","@id":"https:\/\/www.bandi.pl\/blog\/#organization","name":"BANDI","url":"https:\/\/www.bandi.pl\/blog\/","logo":{"@type":"ImageObject","inLanguage":"pl-PL","@id":"https:\/\/www.bandi.pl\/blog\/#\/schema\/logo\/image\/","url":"https:\/\/www.bandi.pl\/blog\/wp-content\/uploads\/2019\/06\/bandi-logo.png","contentUrl":"https:\/\/www.bandi.pl\/blog\/wp-content\/uploads\/2019\/06\/bandi-logo.png","width":264,"height":111,"caption":"BANDI"},"image":{"@id":"https:\/\/www.bandi.pl\/blog\/#\/schema\/logo\/image\/"},"sameAs":["https:\/\/web.facebook.com\/BANDIcosmetics","https:\/\/x.com\/bandi_cosmetics","https:\/\/www.instagram.com\/bandi_cosmetics\/","https:\/\/www.pinterest.com\/bandicosmetics\/","https:\/\/www.youtube.com\/user\/BandiCosmeticsPolska"]},{"@type":"Person","@id":"https:\/\/www.bandi.pl\/blog\/#\/schema\/person\/5ba05af1a18c58f1c31d4ae051ec9499","name":"Ilona Kiraga"}]}},"_links":{"self":[{"href":"https:\/\/www.bandi.pl\/blog\/wp-json\/wp\/v2\/posts\/13517","targetHints":{"allow":["GET"]}}],"collection":[{"href":"https:\/\/www.bandi.pl\/blog\/wp-json\/wp\/v2\/posts"}],"about":[{"href":"https:\/\/www.bandi.pl\/blog\/wp-json\/wp\/v2\/types\/post"}],"author":[{"embeddable":true,"href":"https:\/\/www.bandi.pl\/blog\/wp-json\/wp\/v2\/users\/13"}],"replies":[{"embeddable":true,"href":"https:\/\/www.bandi.pl\/blog\/wp-json\/wp\/v2\/comments?post=13517"}],"version-history":[{"count":8,"href":"https:\/\/www.bandi.pl\/blog\/wp-json\/wp\/v2\/posts\/13517\/revisions"}],"predecessor-version":[{"id":13526,"href":"https:\/\/www.bandi.pl\/blog\/wp-json\/wp\/v2\/posts\/13517\/revisions\/13526"}],"wp:featuredmedia":[{"embeddable":true,"href":"https:\/\/www.bandi.pl\/blog\/wp-json\/wp\/v2\/media\/13519"}],"wp:attachment":[{"href":"https:\/\/www.bandi.pl\/blog\/wp-json\/wp\/v2\/media?parent=13517"}],"wp:term":[{"taxonomy":"category","embeddable":true,"href":"https:\/\/www.bandi.pl\/blog\/wp-json\/wp\/v2\/categories?post=13517"},{"taxonomy":"post_tag","embeddable":true,"href":"https:\/\/www.bandi.pl\/blog\/wp-json\/wp\/v2\/tags?post=13517"}],"curies":[{"name":"wp","href":"https:\/\/api.w.org\/{rel}","templated":true}]}}