{"id":13410,"date":"2022-01-11T12:24:57","date_gmt":"2022-01-11T11:24:57","guid":{"rendered":"https:\/\/www.bandi.pl\/blog\/?p=13410"},"modified":"2022-01-13T11:50:43","modified_gmt":"2022-01-13T10:50:43","slug":"cold-cream-idealny-kosmetyk-na-zime","status":"publish","type":"post","link":"https:\/\/www.bandi.pl\/blog\/cold-cream-idealny-kosmetyk-na-zime\/","title":{"rendered":"Cold cream- idealny kosmetyk na zim\u0119"},"content":{"rendered":"\n[et_pb_section][et_pb_row][et_pb_column type=&#8221;4_4&#8243;][et_pb_text]<!-- divi:paragraph -->\n<p>Zima to ci\u0119\u017cka pora roku dla naszej sk\u00f3ry. Panuj\u0105ce zimno, wiatr, mr\u00f3z i zanieczyszczenia powoduj\u0105 spadek kondycji sk\u00f3ry i sprawiaj\u0105, \u017ce staje si\u0119 ona mocno przesuszona, pop\u0119kana i podra\u017cniona. Aby temu zapobiec warto stosowa\u0107 kremy typu cold cream.<\/p>\n<!-- \/divi:paragraph -->\n\n<!-- divi:heading -->\n<h2 id=\"h-co-to-w-a-ciwie-jest-cold-cream\"><strong>Co to w\u0142a\u015bciwie jest cold cream?<\/strong><\/h2>\n<!-- \/divi:heading -->\n\n<!-- divi:paragraph -->\n<p>Wyra\u017cenie cold cream z angielskiego znaczy zimny krem. Nie odczytujemy tego tak dos\u0142ownie. Chodzi o efekt zimna jaki krem daje po aplikacji. Cold cream to emulsja typu woda w oleju (W\/O) o g\u0119stej i od\u017cywczej konsystencji. Dobrze si\u0119 rozprowadza i pozostawia na sk\u00f3rze warstw\u0119 okluzyjn\u0105, dzi\u0119ki czemu jest to idealny krem na zim\u0119. Warstwa okluzyjna zapobiega nadmiernemu odparowywaniu wody z nask\u00f3rka i zwi\u0119ksza stopie\u0144 jego nawil\u017cenia. Cold cream idealnie sprawdzi si\u0119 na podra\u017cnienia i przesuszenia spowodowane wiatrem i mrozem. Dodatkow\u0105 zalet\u0105 stosowania, b\u0119dzie r\u00f3wnie\u017c odbudowa p\u0142aszcza hydrolipidowego nask\u00f3rka. Patrz\u0105c na ilo\u015b\u0107 zalet i korzy\u015bci jakie czerpie sk\u00f3ra ze stosowania tego kremu, mo\u017cna \u015bmia\u0142o powiedzie\u0107, \u017ce jest to \u201emust have\u201d zimowej piel\u0119gnacji.<\/p>\n<!-- \/divi:paragraph -->\n\n<!-- divi:heading -->\n<h2><strong>Krem znany od wiek\u00f3w\u2026<\/strong><\/h2>\n<!-- \/divi:heading -->\n\n<!-- divi:paragraph -->\n<p>Cold cream pierwotnie stosowany by\u0142 w farmacji. Tradycyjnie wytwarzany z wosku pszczelego, oleju migda\u0142owego lub oliwy oraz wody r\u00f3\u017canej. Stosowano go w dolegliwo\u015bciach sk\u00f3rnych takich jak podra\u017cnienia, otarcia czy zadrapania. Wynalezienie cold creamu przypisuje si\u0119 Galenowi, lekarzowi ze Staro\u017cytnej Grecji. Prawdopodobnie jest to pierwszy krem do twarzy. Fe Francji cold cream nadal cz\u0119sto nazywany jest woskiem Galena.&nbsp;<\/p>\n<!-- \/divi:paragraph -->\n\n<!-- divi:media-text {\"mediaId\":13413,\"mediaLink\":\"https:\/\/www.bandi.pl\/blog\/?attachment_id=13413\",\"linkDestination\":\"custom\",\"mediaType\":\"image\",\"mediaWidth\":25} -->\n<div class=\"wp-block-media-text alignwide is-stacked-on-mobile\" style=\"grid-template-columns:25% auto\"><figure class=\"wp-block-media-text__media\"><a href=\"https:\/\/www.bandi.pl\/sklep\/katalog\/seria\/15_delicate-care\/\"><img loading=\"lazy\" decoding=\"async\" width=\"400\" height=\"500\" src=\"https:\/\/www.bandi.pl\/blog\/wp-content\/uploads\/2022\/01\/untitled-8961-1-400x500.jpg\" alt=\"\n\" class=\"wp-image-13413 size-full\"\/><\/a><\/figure><div class=\"wp-block-media-text__content\"><!-- divi:heading {\"level\":5} -->\n<h5> <p>W dzisiejszych czasach cold cream przeszed\u0142 transformacj\u0119 recepturow\u0105 i nie sk\u0142ada si\u0119 tylko z trzech sk\u0142adnik\u00f3w. Zosta\u0142 tak udoskonalony, aby formu\u0142a by\u0142a stabilna i bardziej warto\u015bciowa dla klienta.<\/p> <\/h5>\n<!-- \/divi:heading -->\n\n<!-- divi:paragraph -->\n<p><\/p>\n<!-- \/divi:paragraph --><\/div><\/div>\n<!-- \/divi:media-text -->\n\n<!-- divi:paragraph -->\n<p><\/p>\n<!-- \/divi:paragraph -->\n\n<!-- divi:heading -->\n<h2><strong>Poznaj gam\u0119 cold cream Bandi<\/strong><\/h2>\n<!-- \/divi:heading -->\n\n<!-- divi:paragraph -->\n<p>W ofercie mo\u017cna znale\u017a\u0107 wiele produkt\u00f3w tego typu, kt\u00f3re idealnie sprawdz\u0105 si\u0119 na aktualn\u0105 por\u0119 roku. Odbuduj\u0105 p\u0142aszcz lipidowy nask\u00f3rka, ale r\u00f3wnie\u017c zadbaj\u0105 o inne potrzeby sk\u00f3ry. Poni\u017cej kilka propozycji takich produkt\u00f3w.<\/p>\n<!-- \/divi:paragraph -->\n\n<!-- divi:paragraph -->\n<p>Je\u017celi sk\u00f3ra potrzebuje dodatkowego nawil\u017cenia, warto si\u0119gn\u0105\u0107 po <a href=\"https:\/\/www.bandi.pl\/sklep\/kremy\/kremowa-kuracja-nawilzajaco-naprawcza-644\/\" target=\"_blank\" rel=\"noreferrer noopener\">Kremow\u0105 kuracj\u0119 nawil\u017caj\u0105co-naprawcz\u0105<\/a> lub <a href=\"https:\/\/www.bandi.pl\/sklep\/katalog\/seria\/21_hydro-care\/\">Krem od\u017cywczo-nawil\u017caj<\/a><a href=\"https:\/\/www.bandi.pl\/sklep\/katalog\/seria\/21_hydro-care\/\" target=\"_blank\" rel=\"noreferrer noopener\">\u0105<\/a><a href=\"https:\/\/www.bandi.pl\/sklep\/katalog\/seria\/21_hydro-care\/\">cy<\/a>. Produkty te wykazuj\u0105 silne dzia\u0142anie nawil\u017caj\u0105ce, regeneruj\u0105ce i poprawiaj\u0105ce elastyczno\u015b\u0107 sk\u00f3ry. Zdecydowanie poradz\u0105 sobie z przej\u015bciowym lub d\u0142ugotrwa\u0142ym przesuszeniem.<\/p>\n<!-- \/divi:paragraph -->\n\n<!-- divi:paragraph -->\n<p>Je\u017celi potrzebne jest nawil\u017cenie i ukojenie sk\u00f3ry wra\u017cliwej, idealnie sprawdzi si\u0119 <a href=\"https:\/\/www.bandi.pl\/sklep\/katalog\/seria\/93_medical-anti-irritate\/\" target=\"_blank\" rel=\"noreferrer noopener\">Kuracja S.O.S. intensywnie koj\u0105ca<\/a> lub <a href=\"https:\/\/www.bandi.pl\/sklep\/kremy\/odzywczy-krem-z-kielkami-pszenicy-839\/\">Od\u017cywczy krem z kie\u0142kami ps<\/a><a href=\"https:\/\/www.bandi.pl\/sklep\/kremy\/odzywczy-krem-z-kielkami-pszenicy-839\/\" target=\"_blank\" rel=\"noreferrer noopener\">z<\/a><a href=\"https:\/\/www.bandi.pl\/sklep\/kremy\/odzywczy-krem-z-kielkami-pszenicy-839\/\">enicy<\/a>. Dzi\u0119ki tym produktom sk\u00f3ra zyska odpowiedni poziom nawil\u017cenia, a tak\u017ce skutecznie zmniejsz\u0105 si\u0119 objawy podra\u017cnienia i nadwra\u017cliwo\u015bci cery.<\/p>\n<!-- \/divi:paragraph -->\n\n<!-- divi:paragraph -->\n<p>Je\u017celi jednak priorytetem jest nawil\u017cenie sk\u00f3ry i dzia\u0142anie przeciwstarzeniowe, to warto si\u0119gn\u0105\u0107 po <a href=\"https:\/\/www.bandi.pl\/sklep\/kremy\/przeciwzmarszczkowy-krem-dla-cery-suchej-i-normalnej-707\/\" target=\"_blank\" rel=\"noreferrer noopener\">Przeciwzmarszczkowy krem dla cery suchej i normalnej<\/a> lub <a href=\"https:\/\/www.bandi.pl\/sklep\/kremy\/odzywczy-krem-z-aktywna-witamina-c-991\/\" target=\"_blank\" rel=\"noreferrer noopener\">Od\u017cywczy krem z aktywn\u0105 witamin\u0105 C<\/a>. Oba kremy przynios\u0105 profity cerze dojrza\u0142ej. Sk\u00f3ra stanie si\u0119 nawil\u017cona i bardziej j\u0119drna. <\/p>\n<!-- \/divi:paragraph -->[\/et_pb_text][\/et_pb_column][\/et_pb_row][\/et_pb_section][et_pb_section fb_built=&#8221;1&#8243; _builder_version=&#8221;4.4.1&#8243;][\/et_pb_section][et_pb_section fb_built=&#8221;1&#8243; _builder_version=&#8221;4.4.1&#8243; top_divider_style=&#8221;arrow&#8221; top_divider_color=&#8221;rgba(255,166,168,0.75)&#8221; top_divider_height=&#8221;1px&#8221; bottom_divider_style=&#8221;arrow&#8221; bottom_divider_color=&#8221;rgba(255,166,168,0.75)&#8221; bottom_divider_height=&#8221;1px&#8221;][et_pb_row column_structure=&#8221;1_2,1_2&#8243; _builder_version=&#8221;4.4.1&#8243; width=&#8221;100%&#8221; module_alignment=&#8221;left&#8221; custom_margin=&#8221;||||false|false&#8221;][et_pb_column type=&#8221;1_2&#8243; _builder_version=&#8221;4.4.1&#8243;][et_pb_text _builder_version=&#8221;4.4.1&#8243; text_font=&#8221;Raleway Bold||||||||&#8221; text_text_color=&#8221;rgba(255,166,168,0.75)&#8221; text_font_size=&#8221;56px&#8221; text_letter_spacing=&#8221;8px&#8221; text_line_height=&#8221;1.1em&#8221; custom_margin=&#8221;40px||||false|false&#8221; link_option_url=&#8221;https:\/\/www.bandi.pl\/sklep\/sekcja\/nazime\/&#8221;]<p style=\"text-align: center\"><strong>KREM NA ZIM\u0118<br><\/strong><\/p>[\/et_pb_text][et_pb_text _builder_version=&#8221;4.4.1&#8243; text_font=&#8221;Raleway Regular||||||||&#8221; text_text_color=&#8221;#b8b8b8&#8243; text_font_size=&#8221;22px&#8221; text_line_height=&#8221;1.5em&#8221; link_option_url=&#8221;https:\/\/www.bandi.pl\/sklep\/sekcja\/nazime\/&#8221;]<p style=\"text-align: center;\">Si\u0119gnij po kosmetyki, kt\u00f3re zatroszcz\u0105 si\u0119 o Twoj\u0105 sk\u00f3r\u0119 <br>w okresie zimy<\/p>[\/et_pb_text][et_pb_button button_url=&#8221;https:\/\/www.bandi.pl\/sklep\/sekcja\/nazime\/&#8221; button_text=&#8221;ZOBACZ&#8221; button_alignment=&#8221;center&#8221; disabled_on=&#8221;off|off|off&#8221; _builder_version=&#8221;4.4.1&#8243; custom_button=&#8221;on&#8221; button_text_size=&#8221;20px&#8221; button_text_color=&#8221;#ffffff&#8221; button_border_radius=&#8221;25px&#8221; button_font=&#8221;Bree Serif||||||||&#8221; background_layout=&#8221;dark&#8221; custom_padding=&#8221;12px|30px|12px|30px|true|true&#8221; hover_transition_duration=&#8221;0ms&#8221; box_shadow_style=&#8221;preset3&#8243;][\/et_pb_button][\/et_pb_column][et_pb_column type=&#8221;1_2&#8243; _builder_version=&#8221;4.4.1&#8243;][et_pb_image src=&#8221;https:\/\/www.bandi.pl\/blog\/wp-content\/uploads\/2022\/01\/untitled-8614-scaled.jpg&#8221; url=&#8221;https:\/\/www.bandi.pl\/sklep\/sekcja\/nazime\/&#8221; align=&#8221;center&#8221; _builder_version=&#8221;4.4.1&#8243;][\/et_pb_image][\/et_pb_column][\/et_pb_row][\/et_pb_section]\n","protected":false},"excerpt":{"rendered":"<p><div class=\"et_pb_section et_pb_section_0 et_section_regular\" >\n\t\t\t\t\n\t\t\t\t\n\t\t\t\t\n\t\t\t\t\n\t\t\t\t\n\t\t\t\t\n\t\t\t\t\n\t\t\t\t\n\t\t\t\t\n\t\t\t<\/div><div class=\"et_pb_row et_pb_row_0 et_pb_row_empty\">\n\t\t\t\t\n\t\t\t\t\n\t\t\t\t\n\t\t\t\t\n\t\t\t\t\n\t\t\t<\/div><div class=\"et_pb_module et_pb_text et_pb_text_0  et_pb_text_align_left et_pb_bg_layout_light\">\n\t\t\t\t\n\t\t\t\t\n\t\t\t\t\n\t\t\t\t\n\t\t\t\t\n\t\t\t<\/div> Zima to ci\u0119\u017cka pora roku dla naszej sk\u00f3ry. Panuj\u0105ce zimno, wiatr, mr\u00f3z i zanieczyszczenia powoduj\u0105 spadek kondycji sk\u00f3ry i sprawiaj\u0105, \u017ce staje si\u0119 ona mocno przesuszona, pop\u0119kana i podra\u017cniona. Aby temu zapobiec warto stosowa\u0107 kremy typu cold cream. Co to w\u0142a\u015bciwie jest cold cream? Wyra\u017cenie cold cream z angielskiego znaczy zimny krem. Nie odczytujemy [&hellip;]<\/p>\n","protected":false},"author":13,"featured_media":13419,"comment_status":"open","ping_status":"closed","sticky":false,"template":"","format":"standard","meta":{"_et_pb_use_builder":"on","_et_pb_old_content":"<!-- wp:paragraph -->\n<p>Zima to ci\u0119\u017cka pora roku dla naszej sk\u00f3ry. Panuj\u0105ce zimno, wiatr, mr\u00f3z i zanieczyszczenia powoduj\u0105 spadek kondycji sk\u00f3ry i sprawiaj\u0105, \u017ce staje si\u0119 ona mocno przesuszona, pop\u0119kana i podra\u017cniona. Aby temu zapobiec warto stosowa\u0107 kremy typu cold cream.<\/p>\n<!-- \/wp:paragraph -->\n\n<!-- wp:heading -->\n<h2 id=\"h-co-to-w-a-ciwie-jest-cold-cream\"><strong>Co to w\u0142a\u015bciwie jest cold cream?<\/strong><\/h2>\n<!-- \/wp:heading -->\n\n<!-- wp:paragraph -->\n<p>Wyra\u017cenie cold cream z angielskiego znaczy zimny krem. Nie odczytujemy tego tak dos\u0142ownie. Chodzi o efekt zimna jaki krem daje po aplikacji. Cold cream to emulsja typu woda w oleju (W\/O) o g\u0119stej i od\u017cywczej konsystencji. Dobrze si\u0119 rozprowadza i pozostawia na sk\u00f3rze warstw\u0119 okluzyjn\u0105, dzi\u0119ki czemu jest to idealny krem na zim\u0119. Warstwa okluzyjna zapobiega nadmiernemu odparowywaniu wody z nask\u00f3rka i zwi\u0119ksza stopie\u0144 jego nawil\u017cenia. Cold cream idealnie sprawdzi si\u0119 na podra\u017cnienia i przesuszenia spowodowane wiatrem i mrozem. Dodatkow\u0105 zalet\u0105 stosowania, b\u0119dzie r\u00f3wnie\u017c odbudowa p\u0142aszcza hydrolipidowego nask\u00f3rka. Patrz\u0105c na ilo\u015b\u0107 zalet i korzy\u015bci jakie czerpie sk\u00f3ra ze stosowania tego kremu, mo\u017cna \u015bmia\u0142o powiedzie\u0107, \u017ce jest to \u201emust have\u201d zimowej piel\u0119gnacji.<\/p>\n<!-- \/wp:paragraph -->\n\n<!-- wp:heading -->\n<h2><strong>Krem znany od wiek\u00f3w\u2026<\/strong><\/h2>\n<!-- \/wp:heading -->\n\n<!-- wp:paragraph -->\n<p>Cold cream pierwotnie stosowany by\u0142 w farmacji. Tradycyjnie wytwarzany z wosku pszczelego, oleju migda\u0142owego lub oliwy oraz wody r\u00f3\u017canej. Stosowano go w dolegliwo\u015bciach sk\u00f3rnych takich jak podra\u017cnienia, otarcia czy zadrapania. Wynalezienie cold creamu przypisuje si\u0119 Galenowi, lekarzowi ze Staro\u017cytnej Grecji. Prawdopodobnie jest to pierwszy krem do twarzy. Fe Francji cold cream nadal cz\u0119sto nazywany jest woskiem Galena.&nbsp;<\/p>\n<!-- \/wp:paragraph -->\n\n<!-- wp:media-text {\"mediaId\":13413,\"mediaLink\":\"https:\/\/www.bandi.pl\/blog\/?attachment_id=13413\",\"linkDestination\":\"custom\",\"mediaType\":\"image\",\"mediaWidth\":25} -->\n<div class=\"wp-block-media-text alignwide is-stacked-on-mobile\" style=\"grid-template-columns:25% auto\"><figure class=\"wp-block-media-text__media\"><a href=\"https:\/\/www.bandi.pl\/sklep\/katalog\/seria\/15_delicate-care\/\"><img src=\"https:\/\/www.bandi.pl\/blog\/wp-content\/uploads\/2022\/01\/untitled-8961-1-400x500.jpg\" alt=\"\n\" class=\"wp-image-13413 size-full\"\/><\/a><\/figure><div class=\"wp-block-media-text__content\"><!-- wp:heading {\"level\":5} -->\n<h5> <p>W dzisiejszych czasach cold cream przeszed\u0142 transformacj\u0119 recepturow\u0105 i nie sk\u0142ada si\u0119 tylko z trzech sk\u0142adnik\u00f3w. Zosta\u0142 tak udoskonalony, aby formu\u0142a by\u0142a stabilna i bardziej warto\u015bciowa dla klienta.<\/p> <\/h5>\n<!-- \/wp:heading -->\n\n<!-- wp:paragraph -->\n<p><\/p>\n<!-- \/wp:paragraph --><\/div><\/div>\n<!-- \/wp:media-text -->\n\n<!-- wp:paragraph -->\n<p><\/p>\n<!-- \/wp:paragraph -->\n\n<!-- wp:heading -->\n<h2><strong>Poznaj gam\u0119 cold cream Bandi<\/strong><\/h2>\n<!-- \/wp:heading -->\n\n<!-- wp:paragraph -->\n<p>W ofercie mo\u017cna znale\u017a\u0107 wiele produkt\u00f3w tego typu, kt\u00f3re idealnie sprawdz\u0105 si\u0119 na aktualn\u0105 por\u0119 roku. Odbuduj\u0105 p\u0142aszcz lipidowy nask\u00f3rka, ale r\u00f3wnie\u017c zadbaj\u0105 o inne potrzeby sk\u00f3ry. Poni\u017cej kilka propozycji takich produkt\u00f3w.<\/p>\n<!-- \/wp:paragraph -->\n\n<!-- wp:paragraph -->\n<p>Je\u017celi sk\u00f3ra potrzebuje dodatkowego nawil\u017cenia, warto si\u0119gn\u0105\u0107 po <a href=\"https:\/\/www.bandi.pl\/sklep\/kremy\/kremowa-kuracja-nawilzajaco-naprawcza-644\/\" target=\"_blank\" rel=\"noreferrer noopener\">Kremow\u0105 kuracj\u0119 nawil\u017caj\u0105co-naprawcz\u0105<\/a> lub <a href=\"https:\/\/www.bandi.pl\/sklep\/katalog\/seria\/21_hydro-care\/\">Krem od\u017cywczo-nawil\u017caj<\/a><a href=\"https:\/\/www.bandi.pl\/sklep\/katalog\/seria\/21_hydro-care\/\" target=\"_blank\" rel=\"noreferrer noopener\">\u0105<\/a><a href=\"https:\/\/www.bandi.pl\/sklep\/katalog\/seria\/21_hydro-care\/\">cy<\/a>. Produkty te wykazuj\u0105 silne dzia\u0142anie nawil\u017caj\u0105ce, regeneruj\u0105ce i poprawiaj\u0105ce elastyczno\u015b\u0107 sk\u00f3ry. Zdecydowanie poradz\u0105 sobie z przej\u015bciowym lub d\u0142ugotrwa\u0142ym przesuszeniem.<\/p>\n<!-- \/wp:paragraph -->\n\n<!-- wp:paragraph -->\n<p>Je\u017celi potrzebne jest nawil\u017cenie i ukojenie sk\u00f3ry wra\u017cliwej, idealnie sprawdzi si\u0119 <a href=\"https:\/\/www.bandi.pl\/sklep\/katalog\/seria\/93_medical-anti-irritate\/\" target=\"_blank\" rel=\"noreferrer noopener\">Kuracja S.O.S. intensywnie koj\u0105ca<\/a> lub <a href=\"https:\/\/www.bandi.pl\/sklep\/kremy\/odzywczy-krem-z-kielkami-pszenicy-839\/\">Od\u017cywczy krem z kie\u0142kami ps<\/a><a href=\"https:\/\/www.bandi.pl\/sklep\/kremy\/odzywczy-krem-z-kielkami-pszenicy-839\/\" target=\"_blank\" rel=\"noreferrer noopener\">z<\/a><a href=\"https:\/\/www.bandi.pl\/sklep\/kremy\/odzywczy-krem-z-kielkami-pszenicy-839\/\">enicy<\/a>. Dzi\u0119ki tym produktom sk\u00f3ra zyska odpowiedni poziom nawil\u017cenia, a tak\u017ce skutecznie zmniejsz\u0105 si\u0119 objawy podra\u017cnienia i nadwra\u017cliwo\u015bci cery.<\/p>\n<!-- \/wp:paragraph -->\n\n<!-- wp:paragraph -->\n<p>Je\u017celi jednak priorytetem jest nawil\u017cenie sk\u00f3ry i dzia\u0142anie przeciwstarzeniowe, to warto si\u0119gn\u0105\u0107 po <a href=\"https:\/\/www.bandi.pl\/sklep\/kremy\/przeciwzmarszczkowy-krem-dla-cery-suchej-i-normalnej-707\/\" target=\"_blank\" rel=\"noreferrer noopener\">Przeciwzmarszczkowy krem dla cery suchej i normalnej<\/a> lub <a href=\"https:\/\/www.bandi.pl\/sklep\/kremy\/odzywczy-krem-z-aktywna-witamina-c-991\/\" target=\"_blank\" rel=\"noreferrer noopener\">Od\u017cywczy krem z aktywn\u0105 witamin\u0105 C<\/a>. Oba kremy przynios\u0105 profity cerze dojrza\u0142ej. Sk\u00f3ra stanie si\u0119 nawil\u017cona i bardziej j\u0119drna. <\/p>\n<!-- \/wp:paragraph -->\n\n<!-- wp:divi\/layout -->\n<div class=\"wp-block-divi-layout\">[et_pb_section fb_built=\"1\" _builder_version=\"4.4.1\"][\/et_pb_section][et_pb_section fb_built=\"1\" _builder_version=\"4.4.1\" top_divider_style=\"arrow\" top_divider_color=\"rgba(255,166,168,0.75)\" top_divider_height=\"1px\" bottom_divider_style=\"arrow\" bottom_divider_color=\"rgba(255,166,168,0.75)\" bottom_divider_height=\"1px\"][et_pb_row column_structure=\"1_2,1_2\" _builder_version=\"4.4.1\" width=\"100%\" module_alignment=\"left\" custom_margin=\"||||false|false\"][et_pb_column type=\"1_2\" _builder_version=\"4.4.1\"][et_pb_text _builder_version=\"4.4.1\" text_font=\"Raleway Bold||||||||\" text_text_color=\"rgba(255,166,168,0.75)\" text_font_size=\"56px\" text_letter_spacing=\"8px\" text_line_height=\"1.1em\" custom_margin=\"40px||||false|false\" link_option_url=\"https:\/\/www.bandi.pl\/sklep\/sekcja\/nazime\/\"]<p style=\"text-align: center\"><strong>KREM NA ZIM\u0118<br><\/strong><\/p>[\/et_pb_text][et_pb_text _builder_version=\"4.4.1\" text_font=\"Raleway Regular||||||||\" text_text_color=\"#b8b8b8\" text_font_size=\"22px\" text_line_height=\"1.5em\" link_option_url=\"https:\/\/www.bandi.pl\/sklep\/sekcja\/nazime\/\"]<p style=\"text-align: center;\">Si\u0119gnij po kosmetyki, kt\u00f3re zatroszcz\u0105 si\u0119 o Twoj\u0105 sk\u00f3r\u0119 <br>w okresie zimy<\/p>[\/et_pb_text][et_pb_button button_url=\"https:\/\/www.bandi.pl\/sklep\/sekcja\/nazime\/\" button_text=\"ZOBACZ\" button_alignment=\"center\" disabled_on=\"off|off|off\" _builder_version=\"4.4.1\" custom_button=\"on\" button_text_size=\"20px\" button_text_color=\"#ffffff\" button_border_radius=\"25px\" button_font=\"Bree Serif||||||||\" background_layout=\"dark\" custom_padding=\"12px|30px|12px|30px|true|true\" hover_transition_duration=\"0ms\" box_shadow_style=\"preset3\"][\/et_pb_button][\/et_pb_column][et_pb_column type=\"1_2\" _builder_version=\"4.4.1\"][et_pb_image src=\"https:\/\/www.bandi.pl\/blog\/wp-content\/uploads\/2022\/01\/untitled-8614-scaled.jpg\" url=\"https:\/\/www.bandi.pl\/sklep\/sekcja\/nazime\/\" align=\"center\" _builder_version=\"4.4.1\"][\/et_pb_image][\/et_pb_column][\/et_pb_row][\/et_pb_section]<\/div>\n<!-- \/wp:divi\/layout -->","_et_gb_content_width":"","footnotes":""},"categories":[3548,1771],"tags":[3412,3445,6910,5285,4220,4230,5868,6722,4409,6911,5686,5478],"class_list":["post-13410","post","type-post","status-publish","format-standard","has-post-thumbnail","hentry","category-klaudia-zurek","category-kategoria-surowce-i-szczypta-chemii","tag-anti-irritate","tag-bandi","tag-jaki-krem-na-zime","tag-krem-na-zime","tag-krem-odzywczy","tag-pielegnacja-profesjonalna","tag-pielegnacja-twarzy","tag-skora-podrazniona","tag-skora-sucha","tag-tlusty-krem","tag-zimowa-pielegnacja","tag-zimowa-pielegnacja-skory"],"yoast_head":"<!-- This site is optimized with the Yoast SEO plugin v27.1.1 - https:\/\/yoast.com\/product\/yoast-seo-wordpress\/ -->\n<title>Cold cream- idealny kosmetyk na zim\u0119 &#187; Blog BANDI<\/title>\n<meta name=\"description\" content=\"W dzisiejszych czasach cold cream przeszed\u0142 transformacj\u0119 recepturow\u0105 i nie sk\u0142ada si\u0119 tylko z trzech sk\u0142adnik\u00f3w. Jego formu\u0142a zosta\u0142a udoskonalona.\" \/>\n<meta name=\"robots\" content=\"index, follow, max-snippet:-1, max-image-preview:large, max-video-preview:-1\" \/>\n<link rel=\"canonical\" href=\"https:\/\/www.bandi.pl\/blog\/cold-cream-idealny-kosmetyk-na-zime\/\" \/>\n<meta property=\"og:locale\" content=\"pl_PL\" \/>\n<meta property=\"og:type\" content=\"article\" \/>\n<meta property=\"og:title\" content=\"Cold cream- idealny kosmetyk na zim\u0119 &#187; Blog BANDI\" \/>\n<meta property=\"og:description\" content=\"W dzisiejszych czasach cold cream przeszed\u0142 transformacj\u0119 recepturow\u0105 i nie sk\u0142ada si\u0119 tylko z trzech sk\u0142adnik\u00f3w. Jego formu\u0142a zosta\u0142a udoskonalona.\" \/>\n<meta property=\"og:url\" content=\"https:\/\/www.bandi.pl\/blog\/cold-cream-idealny-kosmetyk-na-zime\/\" \/>\n<meta property=\"og:site_name\" content=\"Blog BANDI\" \/>\n<meta property=\"article:publisher\" content=\"https:\/\/web.facebook.com\/BANDIcosmetics\" \/>\n<meta property=\"article:published_time\" content=\"2022-01-11T11:24:57+00:00\" \/>\n<meta property=\"article:modified_time\" content=\"2022-01-13T10:50:43+00:00\" \/>\n<meta property=\"og:image\" content=\"https:\/\/www.bandi.pl\/blog\/wp-content\/uploads\/2022\/01\/untitled-8669-Edit-scaled.jpg\" \/>\n\t<meta property=\"og:image:width\" content=\"2560\" \/>\n\t<meta property=\"og:image:height\" content=\"1706\" \/>\n\t<meta property=\"og:image:type\" content=\"image\/jpeg\" \/>\n<meta name=\"author\" content=\"Ilona Kiraga\" \/>\n<meta name=\"twitter:card\" content=\"summary_large_image\" \/>\n<meta name=\"twitter:creator\" content=\"@bandi_cosmetics\" \/>\n<meta name=\"twitter:site\" content=\"@bandi_cosmetics\" \/>\n<meta name=\"twitter:label1\" content=\"Napisane przez\" \/>\n\t<meta name=\"twitter:data1\" content=\"Ilona Kiraga\" \/>\n\t<meta name=\"twitter:label2\" content=\"Szacowany czas czytania\" \/>\n\t<meta name=\"twitter:data2\" content=\"3 minuty\" \/>\n<script type=\"application\/ld+json\" class=\"yoast-schema-graph\">{\"@context\":\"https:\/\/schema.org\",\"@graph\":[{\"@type\":\"Article\",\"@id\":\"https:\/\/www.bandi.pl\/blog\/cold-cream-idealny-kosmetyk-na-zime\/#article\",\"isPartOf\":{\"@id\":\"https:\/\/www.bandi.pl\/blog\/cold-cream-idealny-kosmetyk-na-zime\/\"},\"author\":{\"name\":\"Ilona Kiraga\",\"@id\":\"https:\/\/www.bandi.pl\/blog\/#\/schema\/person\/5ba05af1a18c58f1c31d4ae051ec9499\"},\"headline\":\"Cold cream- idealny kosmetyk na zim\u0119\",\"datePublished\":\"2022-01-11T11:24:57+00:00\",\"dateModified\":\"2022-01-13T10:50:43+00:00\",\"mainEntityOfPage\":{\"@id\":\"https:\/\/www.bandi.pl\/blog\/cold-cream-idealny-kosmetyk-na-zime\/\"},\"wordCount\":796,\"commentCount\":0,\"publisher\":{\"@id\":\"https:\/\/www.bandi.pl\/blog\/#organization\"},\"image\":{\"@id\":\"https:\/\/www.bandi.pl\/blog\/cold-cream-idealny-kosmetyk-na-zime\/#primaryimage\"},\"thumbnailUrl\":\"https:\/\/www.bandi.pl\/blog\/wp-content\/uploads\/2022\/01\/untitled-8669-Edit-scaled.jpg\",\"keywords\":[\"anti irritate\",\"Bandi\",\"jaki krem na zim\u0119\",\"krem na zim\u0119\",\"krem od\u017cywczy\",\"piel\u0119gnacja profesjonalna\",\"piel\u0119gnacja twarzy\",\"sk\u00f3ra podra\u017cniona\",\"sk\u00f3ra sucha\",\"t\u0142usty krem\",\"zimowa piel\u0119gnacja\",\"zimowa piel\u0119gnacja sk\u00f3ry\"],\"articleSection\":[\"Klaudia Chojnacka\",\"Surowce i szczypta chemii\"],\"inLanguage\":\"pl-PL\",\"potentialAction\":[{\"@type\":\"CommentAction\",\"name\":\"Comment\",\"target\":[\"https:\/\/www.bandi.pl\/blog\/cold-cream-idealny-kosmetyk-na-zime\/#respond\"]}]},{\"@type\":\"WebPage\",\"@id\":\"https:\/\/www.bandi.pl\/blog\/cold-cream-idealny-kosmetyk-na-zime\/\",\"url\":\"https:\/\/www.bandi.pl\/blog\/cold-cream-idealny-kosmetyk-na-zime\/\",\"name\":\"Cold cream- idealny kosmetyk na zim\u0119 &#187; Blog BANDI\",\"isPartOf\":{\"@id\":\"https:\/\/www.bandi.pl\/blog\/#website\"},\"primaryImageOfPage\":{\"@id\":\"https:\/\/www.bandi.pl\/blog\/cold-cream-idealny-kosmetyk-na-zime\/#primaryimage\"},\"image\":{\"@id\":\"https:\/\/www.bandi.pl\/blog\/cold-cream-idealny-kosmetyk-na-zime\/#primaryimage\"},\"thumbnailUrl\":\"https:\/\/www.bandi.pl\/blog\/wp-content\/uploads\/2022\/01\/untitled-8669-Edit-scaled.jpg\",\"datePublished\":\"2022-01-11T11:24:57+00:00\",\"dateModified\":\"2022-01-13T10:50:43+00:00\",\"description\":\"W dzisiejszych czasach cold cream przeszed\u0142 transformacj\u0119 recepturow\u0105 i nie sk\u0142ada si\u0119 tylko z trzech sk\u0142adnik\u00f3w. Jego formu\u0142a zosta\u0142a udoskonalona.\",\"breadcrumb\":{\"@id\":\"https:\/\/www.bandi.pl\/blog\/cold-cream-idealny-kosmetyk-na-zime\/#breadcrumb\"},\"inLanguage\":\"pl-PL\",\"potentialAction\":[{\"@type\":\"ReadAction\",\"target\":[\"https:\/\/www.bandi.pl\/blog\/cold-cream-idealny-kosmetyk-na-zime\/\"]}]},{\"@type\":\"ImageObject\",\"inLanguage\":\"pl-PL\",\"@id\":\"https:\/\/www.bandi.pl\/blog\/cold-cream-idealny-kosmetyk-na-zime\/#primaryimage\",\"url\":\"https:\/\/www.bandi.pl\/blog\/wp-content\/uploads\/2022\/01\/untitled-8669-Edit-scaled.jpg\",\"contentUrl\":\"https:\/\/www.bandi.pl\/blog\/wp-content\/uploads\/2022\/01\/untitled-8669-Edit-scaled.jpg\",\"width\":2560,\"height\":1706,\"caption\":\"cold cream\"},{\"@type\":\"BreadcrumbList\",\"@id\":\"https:\/\/www.bandi.pl\/blog\/cold-cream-idealny-kosmetyk-na-zime\/#breadcrumb\",\"itemListElement\":[{\"@type\":\"ListItem\",\"position\":1,\"name\":\"BANDI\",\"item\":\"https:\/\/www.bandi.pl\/blog\/\"},{\"@type\":\"ListItem\",\"position\":2,\"name\":\"Cold cream- idealny kosmetyk na zim\u0119\"}]},{\"@type\":\"WebSite\",\"@id\":\"https:\/\/www.bandi.pl\/blog\/#website\",\"url\":\"https:\/\/www.bandi.pl\/blog\/\",\"name\":\"Blog BANDI\",\"description\":\"Czarno na bia\u0142ym o kosmetykach\",\"publisher\":{\"@id\":\"https:\/\/www.bandi.pl\/blog\/#organization\"},\"potentialAction\":[{\"@type\":\"SearchAction\",\"target\":{\"@type\":\"EntryPoint\",\"urlTemplate\":\"https:\/\/www.bandi.pl\/blog\/?s={search_term_string}\"},\"query-input\":{\"@type\":\"PropertyValueSpecification\",\"valueRequired\":true,\"valueName\":\"search_term_string\"}}],\"inLanguage\":\"pl-PL\"},{\"@type\":\"Organization\",\"@id\":\"https:\/\/www.bandi.pl\/blog\/#organization\",\"name\":\"BANDI\",\"url\":\"https:\/\/www.bandi.pl\/blog\/\",\"logo\":{\"@type\":\"ImageObject\",\"inLanguage\":\"pl-PL\",\"@id\":\"https:\/\/www.bandi.pl\/blog\/#\/schema\/logo\/image\/\",\"url\":\"https:\/\/www.bandi.pl\/blog\/wp-content\/uploads\/2019\/06\/bandi-logo.png\",\"contentUrl\":\"https:\/\/www.bandi.pl\/blog\/wp-content\/uploads\/2019\/06\/bandi-logo.png\",\"width\":264,\"height\":111,\"caption\":\"BANDI\"},\"image\":{\"@id\":\"https:\/\/www.bandi.pl\/blog\/#\/schema\/logo\/image\/\"},\"sameAs\":[\"https:\/\/web.facebook.com\/BANDIcosmetics\",\"https:\/\/x.com\/bandi_cosmetics\",\"https:\/\/www.instagram.com\/bandi_cosmetics\/\",\"https:\/\/www.pinterest.com\/bandicosmetics\/\",\"https:\/\/www.youtube.com\/user\/BandiCosmeticsPolska\"]},{\"@type\":\"Person\",\"@id\":\"https:\/\/www.bandi.pl\/blog\/#\/schema\/person\/5ba05af1a18c58f1c31d4ae051ec9499\",\"name\":\"Ilona Kiraga\"}]}<\/script>\n<!-- \/ Yoast SEO plugin. -->","yoast_head_json":{"title":"Cold cream- idealny kosmetyk na zim\u0119 &#187; Blog BANDI","description":"W dzisiejszych czasach cold cream przeszed\u0142 transformacj\u0119 recepturow\u0105 i nie sk\u0142ada si\u0119 tylko z trzech sk\u0142adnik\u00f3w. Jego formu\u0142a zosta\u0142a udoskonalona.","robots":{"index":"index","follow":"follow","max-snippet":"max-snippet:-1","max-image-preview":"max-image-preview:large","max-video-preview":"max-video-preview:-1"},"canonical":"https:\/\/www.bandi.pl\/blog\/cold-cream-idealny-kosmetyk-na-zime\/","og_locale":"pl_PL","og_type":"article","og_title":"Cold cream- idealny kosmetyk na zim\u0119 &#187; Blog BANDI","og_description":"W dzisiejszych czasach cold cream przeszed\u0142 transformacj\u0119 recepturow\u0105 i nie sk\u0142ada si\u0119 tylko z trzech sk\u0142adnik\u00f3w. Jego formu\u0142a zosta\u0142a udoskonalona.","og_url":"https:\/\/www.bandi.pl\/blog\/cold-cream-idealny-kosmetyk-na-zime\/","og_site_name":"Blog BANDI","article_publisher":"https:\/\/web.facebook.com\/BANDIcosmetics","article_published_time":"2022-01-11T11:24:57+00:00","article_modified_time":"2022-01-13T10:50:43+00:00","og_image":[{"width":2560,"height":1706,"url":"https:\/\/www.bandi.pl\/blog\/wp-content\/uploads\/2022\/01\/untitled-8669-Edit-scaled.jpg","type":"image\/jpeg"}],"author":"Ilona Kiraga","twitter_card":"summary_large_image","twitter_creator":"@bandi_cosmetics","twitter_site":"@bandi_cosmetics","twitter_misc":{"Napisane przez":"Ilona Kiraga","Szacowany czas czytania":"3 minuty"},"schema":{"@context":"https:\/\/schema.org","@graph":[{"@type":"Article","@id":"https:\/\/www.bandi.pl\/blog\/cold-cream-idealny-kosmetyk-na-zime\/#article","isPartOf":{"@id":"https:\/\/www.bandi.pl\/blog\/cold-cream-idealny-kosmetyk-na-zime\/"},"author":{"name":"Ilona Kiraga","@id":"https:\/\/www.bandi.pl\/blog\/#\/schema\/person\/5ba05af1a18c58f1c31d4ae051ec9499"},"headline":"Cold cream- idealny kosmetyk na zim\u0119","datePublished":"2022-01-11T11:24:57+00:00","dateModified":"2022-01-13T10:50:43+00:00","mainEntityOfPage":{"@id":"https:\/\/www.bandi.pl\/blog\/cold-cream-idealny-kosmetyk-na-zime\/"},"wordCount":796,"commentCount":0,"publisher":{"@id":"https:\/\/www.bandi.pl\/blog\/#organization"},"image":{"@id":"https:\/\/www.bandi.pl\/blog\/cold-cream-idealny-kosmetyk-na-zime\/#primaryimage"},"thumbnailUrl":"https:\/\/www.bandi.pl\/blog\/wp-content\/uploads\/2022\/01\/untitled-8669-Edit-scaled.jpg","keywords":["anti irritate","Bandi","jaki krem na zim\u0119","krem na zim\u0119","krem od\u017cywczy","piel\u0119gnacja profesjonalna","piel\u0119gnacja twarzy","sk\u00f3ra podra\u017cniona","sk\u00f3ra sucha","t\u0142usty krem","zimowa piel\u0119gnacja","zimowa piel\u0119gnacja sk\u00f3ry"],"articleSection":["Klaudia Chojnacka","Surowce i szczypta chemii"],"inLanguage":"pl-PL","potentialAction":[{"@type":"CommentAction","name":"Comment","target":["https:\/\/www.bandi.pl\/blog\/cold-cream-idealny-kosmetyk-na-zime\/#respond"]}]},{"@type":"WebPage","@id":"https:\/\/www.bandi.pl\/blog\/cold-cream-idealny-kosmetyk-na-zime\/","url":"https:\/\/www.bandi.pl\/blog\/cold-cream-idealny-kosmetyk-na-zime\/","name":"Cold cream- idealny kosmetyk na zim\u0119 &#187; Blog BANDI","isPartOf":{"@id":"https:\/\/www.bandi.pl\/blog\/#website"},"primaryImageOfPage":{"@id":"https:\/\/www.bandi.pl\/blog\/cold-cream-idealny-kosmetyk-na-zime\/#primaryimage"},"image":{"@id":"https:\/\/www.bandi.pl\/blog\/cold-cream-idealny-kosmetyk-na-zime\/#primaryimage"},"thumbnailUrl":"https:\/\/www.bandi.pl\/blog\/wp-content\/uploads\/2022\/01\/untitled-8669-Edit-scaled.jpg","datePublished":"2022-01-11T11:24:57+00:00","dateModified":"2022-01-13T10:50:43+00:00","description":"W dzisiejszych czasach cold cream przeszed\u0142 transformacj\u0119 recepturow\u0105 i nie sk\u0142ada si\u0119 tylko z trzech sk\u0142adnik\u00f3w. Jego formu\u0142a zosta\u0142a udoskonalona.","breadcrumb":{"@id":"https:\/\/www.bandi.pl\/blog\/cold-cream-idealny-kosmetyk-na-zime\/#breadcrumb"},"inLanguage":"pl-PL","potentialAction":[{"@type":"ReadAction","target":["https:\/\/www.bandi.pl\/blog\/cold-cream-idealny-kosmetyk-na-zime\/"]}]},{"@type":"ImageObject","inLanguage":"pl-PL","@id":"https:\/\/www.bandi.pl\/blog\/cold-cream-idealny-kosmetyk-na-zime\/#primaryimage","url":"https:\/\/www.bandi.pl\/blog\/wp-content\/uploads\/2022\/01\/untitled-8669-Edit-scaled.jpg","contentUrl":"https:\/\/www.bandi.pl\/blog\/wp-content\/uploads\/2022\/01\/untitled-8669-Edit-scaled.jpg","width":2560,"height":1706,"caption":"cold cream"},{"@type":"BreadcrumbList","@id":"https:\/\/www.bandi.pl\/blog\/cold-cream-idealny-kosmetyk-na-zime\/#breadcrumb","itemListElement":[{"@type":"ListItem","position":1,"name":"BANDI","item":"https:\/\/www.bandi.pl\/blog\/"},{"@type":"ListItem","position":2,"name":"Cold cream- idealny kosmetyk na zim\u0119"}]},{"@type":"WebSite","@id":"https:\/\/www.bandi.pl\/blog\/#website","url":"https:\/\/www.bandi.pl\/blog\/","name":"Blog BANDI","description":"Czarno na bia\u0142ym o kosmetykach","publisher":{"@id":"https:\/\/www.bandi.pl\/blog\/#organization"},"potentialAction":[{"@type":"SearchAction","target":{"@type":"EntryPoint","urlTemplate":"https:\/\/www.bandi.pl\/blog\/?s={search_term_string}"},"query-input":{"@type":"PropertyValueSpecification","valueRequired":true,"valueName":"search_term_string"}}],"inLanguage":"pl-PL"},{"@type":"Organization","@id":"https:\/\/www.bandi.pl\/blog\/#organization","name":"BANDI","url":"https:\/\/www.bandi.pl\/blog\/","logo":{"@type":"ImageObject","inLanguage":"pl-PL","@id":"https:\/\/www.bandi.pl\/blog\/#\/schema\/logo\/image\/","url":"https:\/\/www.bandi.pl\/blog\/wp-content\/uploads\/2019\/06\/bandi-logo.png","contentUrl":"https:\/\/www.bandi.pl\/blog\/wp-content\/uploads\/2019\/06\/bandi-logo.png","width":264,"height":111,"caption":"BANDI"},"image":{"@id":"https:\/\/www.bandi.pl\/blog\/#\/schema\/logo\/image\/"},"sameAs":["https:\/\/web.facebook.com\/BANDIcosmetics","https:\/\/x.com\/bandi_cosmetics","https:\/\/www.instagram.com\/bandi_cosmetics\/","https:\/\/www.pinterest.com\/bandicosmetics\/","https:\/\/www.youtube.com\/user\/BandiCosmeticsPolska"]},{"@type":"Person","@id":"https:\/\/www.bandi.pl\/blog\/#\/schema\/person\/5ba05af1a18c58f1c31d4ae051ec9499","name":"Ilona Kiraga"}]}},"_links":{"self":[{"href":"https:\/\/www.bandi.pl\/blog\/wp-json\/wp\/v2\/posts\/13410","targetHints":{"allow":["GET"]}}],"collection":[{"href":"https:\/\/www.bandi.pl\/blog\/wp-json\/wp\/v2\/posts"}],"about":[{"href":"https:\/\/www.bandi.pl\/blog\/wp-json\/wp\/v2\/types\/post"}],"author":[{"embeddable":true,"href":"https:\/\/www.bandi.pl\/blog\/wp-json\/wp\/v2\/users\/13"}],"replies":[{"embeddable":true,"href":"https:\/\/www.bandi.pl\/blog\/wp-json\/wp\/v2\/comments?post=13410"}],"version-history":[{"count":15,"href":"https:\/\/www.bandi.pl\/blog\/wp-json\/wp\/v2\/posts\/13410\/revisions"}],"predecessor-version":[{"id":13441,"href":"https:\/\/www.bandi.pl\/blog\/wp-json\/wp\/v2\/posts\/13410\/revisions\/13441"}],"wp:featuredmedia":[{"embeddable":true,"href":"https:\/\/www.bandi.pl\/blog\/wp-json\/wp\/v2\/media\/13419"}],"wp:attachment":[{"href":"https:\/\/www.bandi.pl\/blog\/wp-json\/wp\/v2\/media?parent=13410"}],"wp:term":[{"taxonomy":"category","embeddable":true,"href":"https:\/\/www.bandi.pl\/blog\/wp-json\/wp\/v2\/categories?post=13410"},{"taxonomy":"post_tag","embeddable":true,"href":"https:\/\/www.bandi.pl\/blog\/wp-json\/wp\/v2\/tags?post=13410"}],"curies":[{"name":"wp","href":"https:\/\/api.w.org\/{rel}","templated":true}]}}