{"id":13129,"date":"2021-12-30T10:30:00","date_gmt":"2021-12-30T09:30:00","guid":{"rendered":"https:\/\/www.bandi.pl\/blog\/?p=13129"},"modified":"2021-12-27T14:06:33","modified_gmt":"2021-12-27T13:06:33","slug":"cera-z-efektem-glow-na-sylwestra-czyli-kosmetyki-przed-wielkim-wyjsciem","status":"publish","type":"post","link":"https:\/\/www.bandi.pl\/blog\/cera-z-efektem-glow-na-sylwestra-czyli-kosmetyki-przed-wielkim-wyjsciem\/","title":{"rendered":"Cera z efektem glow na sylwestra &#8211; czyli kosmetyki przed wielkim wyj\u015bciem"},"content":{"rendered":"\n<p>Sylwestrowa noc to czas do kt\u00f3rego, wiele z nas przygotowuje si\u0119 nawet kilka miesi\u0119cy przed. Idealna sukienka, doskonale wymodelowane w\u0142osy i pi\u0119kny makija\u017c. Niestety, co do tego ostatniego, wiele z nas zapomina, \u017ce nawet najpi\u0119kniejszy makija\u017c, bez odpowiedniego przygotowania sk\u00f3ry nie b\u0119dzie prezentowa\u0142 si\u0119 dobrze i niestety nie b\u0119dzie trwa\u0142y. Jako makija\u017cystka, cz\u0119sto otrzymuje pytania jaka jest najlepsza baza pod makija\u017c, aby ten by\u0142 trwa\u0142y i pi\u0119kny. Odpowiedz jest zawsze taka sama, najlepsz\u0105 recept\u0105 na pi\u0119kn\u0105 sk\u00f3r\u0119 i trwa\u0142o\u015b\u0107 makija\u017cu, jest zadbanie o prawid\u0142ow\u0105 piel\u0119gnacj\u0119 sk\u00f3ry. Dlatego przedstawi\u0119 Wam dzi\u015b kilka idealnych na sylwestra kosmetyk\u00f3w, kt\u00f3re sprawi\u0105, \u017ce sk\u00f3ra stanie si\u0119 g\u0142adka, zadbana i \u015bwietlista. Na tak wypiel\u0119gnowanej sk\u00f3rze makija\u017c sylwestrowy b\u0119dzie wygl\u0105da\u0142 ol\u015bniewaj\u0105co.<\/p>\n\n\n\n<div class=\"wp-block-image\"><figure class=\"aligncenter size-large\"><a href=\"https:\/\/www.bandi.pl\/\"><img loading=\"lazy\" decoding=\"async\" width=\"500\" height=\"500\" src=\"https:\/\/www.bandi.pl\/blog\/wp-content\/uploads\/2021\/12\/thumbnail_image_64834413-500x500.jpg\" alt=\"kosmetyki na sylwestra - piel\u0119gnacja\" class=\"wp-image-13130\"\/><\/a><\/figure><\/div>\n\n\n\n<h2 class=\"wp-block-heading\" id=\"h-kosmetyki-na-sylwestra-peeling\">Kosmetyki na sylwestra &#8211; peeling<\/h2>\n\n\n\n<p>Jeden b\u0105d\u017a dwa dni przez sylwestrem wykonaj peeling, by usun\u0105\u0107 martwy nask\u00f3rek i wyg\u0142adzi\u0107 sk\u00f3r\u0119. M\u00f3j ulubiony to <a href=\"https:\/\/www.bandi.pl\/sklep\/peelingi\/aktywny-peeling-enzymatyczny-z-keratolina-820\/\" target=\"_blank\" rel=\"noreferrer noopener\">Aktywny peeling enzymatyczny z keratolin\u0105<\/a>. Keratolina z\u0142uszcza, a magnolia poprawia wygl\u0105d sk\u00f3ry. Taki peeling mo\u017cesz wykonywa\u0107 2-3 razy w tygodniu.<\/p>\n\n\n\n<h2 class=\"wp-block-heading\">Kosmetyki na sylwestra &#8211; maska<\/h2>\n\n\n\n<p>Po sp\u0142ukaniu peelingu na\u0142\u00f3\u017c mask\u0119. Ja polecam <a href=\"https:\/\/www.bandi.pl\/sklep\/maski\/maska-gommage-z-aktywna-witamina-c-994\/\" target=\"_blank\" rel=\"noreferrer noopener\">Mask\u0119 gommag\u0119 z aktywn\u0105 witamin\u0105 C<\/a>. Maska natychmiast roz\u015bwietla i poprawia nawil\u017cenie sk\u00f3ry, a zawarta w niej witamina C rozja\u015bnia, \u0142agodzi podra\u017cnienia i odm\u0142adza wygl\u0105d.<\/p>\n\n\n\n<h2 class=\"wp-block-heading\">Kosmetyki na sylwestra &#8211; serum<\/h2>\n\n\n\n<p>Nie zapominaj w codziennej piel\u0119gnacji o serum. Zar\u00f3wno rano jak i wieczorem, przed na\u0142o\u017ceniem kremu aplikuj na twarz <a href=\"https:\/\/www.bandi.pl\/sklep\/koncentraty\/koncentrat-nawilzajacy-z-kwasem-hialuronowym-699\/\" target=\"_blank\" rel=\"noreferrer noopener\">Koncentrat nawil\u017caj\u0105cy z kwasem hialuronowym<\/a>. Kosmetyk ten przepi\u0119knie nawil\u017ca i wype\u0142nia wolne przestrzenie mi\u0119dzykom\u00f3rkowe. Dzi\u0119ki temu daje efekt idealnie wyg\u0142adzonej sk\u00f3ry.<\/p>\n\n\n\n<h2 class=\"wp-block-heading\">Kosmetyki na sylwestra &#8211; krem<\/h2>\n\n\n\n<p>A na sam koniec <a href=\"https:\/\/www.bandi.pl\/sklep\/kremy\/krem-pudding-intensywnie-nawilzajacy-931\/\" target=\"_blank\" rel=\"noreferrer noopener\">Krem-pudding idealnie nawil\u017caj\u0105cy<\/a>. Emulsja nadaje sk\u00f3rze naturalny efekt glow, natychmiast i d\u0142ugotrwale nawil\u017ca sk\u00f3r\u0119. Nie obci\u0105\u017ca i nie zapycha. Sprawia, \u017ce sk\u00f3ra finalnie jest g\u0142adka, roz\u015bwietlona i gotowa na makeup!<\/p>\n\n\n\n<h2 class=\"wp-block-heading\">Kosmetyk do zada\u0144 specjalnych<\/h2>\n\n\n\n<p>By dodatkowo roz\u015bwietli\u0107 i przygotowa\u0107 sk\u00f3r\u0119 pod makija\u017c sylwestrowy mo\u017cesz u\u017cy\u0107 <a href=\"https:\/\/www.bandi.pl\/sklep\/bazy\/przeciwzmarszczkowa-baza-rozswietlajaca-711\/\" target=\"_blank\" rel=\"noreferrer noopener\">Przeciwzmarszczkowej bazy<\/a> <a href=\"https:\/\/www.bandi.pl\/sklep\/bazy\/przeciwzmarszczkowa-baza-rozswietlajaca-711\/\" target=\"_blank\" rel=\"noreferrer noopener\">roz\u015bwietlaj\u0105cej<\/a>. Baza jest ultralekka i nie posiada silikonu. Baza redukuje pierwsze oznaki up\u0142ywu czasu, wyr\u00f3wnuje koloryt sk\u00f3ry, u\u0142atwia rozprowadzenie podk\u0142adu i przed\u0142u\u017ca jego trwa\u0142o\u015b\u0107.<\/p>\n\n\n\n<p>Sylwester to czas, w kt\u00f3rym id\u0105c na imprez\u0119 czy bal ka\u017cda z nas chce wygl\u0105da\u0107 si\u0119 pi\u0119knie. Dlatego ju\u017c teraz powinny\u015bmy zadba\u0107 o swoj\u0105 sk\u00f3r\u0119. Zestaw kt\u00f3ry opisa\u0142am, to idealne kosmetyki na sylwestra, kt\u00f3re sprawi\u0105, \u017ce Wasza sk\u00f3ra b\u0119dzie napi\u0119ta, nawil\u017cona i doskonale przygotowana pod makija\u017c. Jestem przekonana, \u017ce pokochacie te <a href=\"https:\/\/www.bandi.pl\/\" target=\"_blank\" rel=\"noreferrer noopener\">kosmetyki<\/a> tak samo jak ja i zostan\u0105 z Wami na d\u0142u\u017cej.<\/p>\n\n\n\n<p>Ca\u0142uj\u0119,<\/p>\n\n\n\n<p>Kornelia<\/p>\n\n\n\n<div class=\"wp-block-divi-layout\">[et_pb_section fb_built=&#8221;1&#8243; _builder_version=&#8221;4.4.1&#8243;][\/et_pb_section][et_pb_section fb_built=&#8221;1&#8243; _builder_version=&#8221;4.4.1&#8243; top_divider_style=&#8221;arrow&#8221; top_divider_color=&#8221;rgba(255,166,168,0.75)&#8221; top_divider_height=&#8221;1px&#8221; bottom_divider_style=&#8221;arrow&#8221; bottom_divider_color=&#8221;rgba(255,166,168,0.75)&#8221; bottom_divider_height=&#8221;1px&#8221;][et_pb_row column_structure=&#8221;1_2,1_2&#8243; _builder_version=&#8221;4.4.1&#8243; width=&#8221;100%&#8221; module_alignment=&#8221;left&#8221; custom_margin=&#8221;||||false|false&#8221;][et_pb_column type=&#8221;1_2&#8243; _builder_version=&#8221;4.4.1&#8243;][et_pb_text _builder_version=&#8221;4.4.1&#8243; text_font=&#8221;Raleway Bold||||||||&#8221; text_text_color=&#8221;rgba(255,166,168,0.75)&#8221; text_font_size=&#8221;56px&#8221; text_letter_spacing=&#8221;8px&#8221; text_line_height=&#8221;1.1em&#8221; custom_margin=&#8221;40px||||false|false&#8221;]<p style=\"text-align: center;\"><strong><span style=\"font-size: xx-large;\">KOSMETYKI NA SYLWESTRA<\/span><br \/><\/strong><\/p>[\/et_pb_text][et_pb_text _builder_version=&#8221;4.4.1&#8243; text_font=&#8221;Raleway Regular||||||||&#8221; text_text_color=&#8221;#b8b8b8&#8243; text_font_size=&#8221;22px&#8221; text_line_height=&#8221;1.5em&#8221; hover_enabled=&#8221;0&#8243; link_option_url=&#8221;https:\/\/www.bandi.pl\/&#8221;]<p style=\"text-align: center;\">Piel\u0119gnacja sk\u00f3ry z efektem glow<\/p>[\/et_pb_text][et_pb_button button_url=&#8221;https:\/\/www.bandi.pl\/&#8221; button_text=&#8221;ZOBACZ&#8221; button_alignment=&#8221;center&#8221; disabled_on=&#8221;off|off|off&#8221; _builder_version=&#8221;4.4.1&#8243; custom_button=&#8221;on&#8221; button_text_size=&#8221;20px&#8221; button_text_color=&#8221;#ffffff&#8221; button_border_radius=&#8221;25px&#8221; button_font=&#8221;Bree Serif||||||||&#8221; background_layout=&#8221;dark&#8221; custom_padding=&#8221;12px|30px|12px|30px|true|true&#8221; hover_transition_duration=&#8221;0ms&#8221; hover_enabled=&#8221;0&#8243; box_shadow_style=&#8221;preset3&#8243;][\/et_pb_button][\/et_pb_column][et_pb_column type=&#8221;1_2&#8243; _builder_version=&#8221;4.4.1&#8243;][et_pb_image src=&#8221;https:\/\/www.bandi.pl\/blog\/wp-content\/uploads\/2021\/12\/untitled-8715-Edit-scaled.jpg&#8221; align=&#8221;center&#8221; _builder_version=&#8221;4.4.1&#8243; hover_enabled=&#8221;0&#8243; url=&#8221;https:\/\/www.bandi.pl\/&#8221;][\/et_pb_image][\/et_pb_column][\/et_pb_row][\/et_pb_section]<\/div>\n","protected":false},"excerpt":{"rendered":"<p>Sylwestrowa noc to czas do kt\u00f3rego, wiele z nas przygotowuje si\u0119 nawet kilka miesi\u0119cy przed. Idealna sukienka, doskonale wymodelowane w\u0142osy i pi\u0119kny makija\u017c. Niestety, co do tego ostatniego, wiele z nas zapomina, \u017ce nawet najpi\u0119kniejszy makija\u017c, bez odpowiedniego przygotowania sk\u00f3ry nie b\u0119dzie prezentowa\u0142 si\u0119 dobrze i niestety nie b\u0119dzie trwa\u0142y. Jako makija\u017cystka, cz\u0119sto otrzymuje pytania [&hellip;]<\/p>\n","protected":false},"author":13,"featured_media":13226,"comment_status":"open","ping_status":"closed","sticky":false,"template":"","format":"standard","meta":{"_et_pb_use_builder":"","_et_pb_old_content":"","_et_gb_content_width":"","footnotes":""},"categories":[6878,2018],"tags":[3445,4720,6886,6883,6884,58,6882,6885,55,4230,5868,6881,28],"class_list":["post-13129","post","type-post","status-publish","format-standard","has-post-thumbnail","hentry","category-kornelia-glaszcz","category-kategoria-vloger-poleca","tag-bandi","tag-baza-pod-makijaz","tag-baza-rozswietlajaca","tag-kosmetyki-glow","tag-kosmetyki-przed-wielkim-wyjsciem","tag-kwas-hialuronowy","tag-makijaz-sylwestrowy","tag-olsniewajaca-cera","tag-peeling","tag-pielegnacja-profesjonalna","tag-pielegnacja-twarzy","tag-sylwester","tag-witamina-c"],"yoast_head":"<!-- This site is optimized with the Yoast SEO plugin v27.1.1 - https:\/\/yoast.com\/product\/yoast-seo-wordpress\/ -->\n<title>Cera z efektem glow na sylwestra - czyli kosmetyki przed wielkim wyj\u015bciem &#187; Blog BANDI<\/title>\n<meta name=\"description\" content=\"Idealne kosmetyki na sylwestra, kt\u00f3re sprawi\u0105, \u017ce sk\u00f3ra b\u0119dzie g\u0142adka i promienna, a makija\u017c utrzyma si\u0119 w nienagannym stanie.\" \/>\n<meta name=\"robots\" content=\"index, follow, max-snippet:-1, max-image-preview:large, max-video-preview:-1\" \/>\n<link rel=\"canonical\" href=\"https:\/\/www.bandi.pl\/blog\/cera-z-efektem-glow-na-sylwestra-czyli-kosmetyki-przed-wielkim-wyjsciem\/\" \/>\n<meta property=\"og:locale\" content=\"pl_PL\" \/>\n<meta property=\"og:type\" content=\"article\" \/>\n<meta property=\"og:title\" content=\"Cera z efektem glow na sylwestra - czyli kosmetyki przed wielkim wyj\u015bciem &#187; Blog BANDI\" \/>\n<meta property=\"og:description\" content=\"Idealne kosmetyki na sylwestra, kt\u00f3re sprawi\u0105, \u017ce sk\u00f3ra b\u0119dzie g\u0142adka i promienna, a makija\u017c utrzyma si\u0119 w nienagannym stanie.\" \/>\n<meta property=\"og:url\" content=\"https:\/\/www.bandi.pl\/blog\/cera-z-efektem-glow-na-sylwestra-czyli-kosmetyki-przed-wielkim-wyjsciem\/\" \/>\n<meta property=\"og:site_name\" content=\"Blog BANDI\" \/>\n<meta property=\"article:publisher\" content=\"https:\/\/web.facebook.com\/BANDIcosmetics\" \/>\n<meta property=\"article:published_time\" content=\"2021-12-30T09:30:00+00:00\" \/>\n<meta property=\"og:image\" content=\"https:\/\/www.bandi.pl\/blog\/wp-content\/uploads\/2021\/12\/red-haired-gorgeous-woman-is-holding-a-glass-of-wine-scaled.jpg\" \/>\n\t<meta property=\"og:image:width\" content=\"2560\" \/>\n\t<meta property=\"og:image:height\" content=\"1770\" \/>\n\t<meta property=\"og:image:type\" content=\"image\/jpeg\" \/>\n<meta name=\"author\" content=\"Ilona Kiraga\" \/>\n<meta name=\"twitter:card\" content=\"summary_large_image\" \/>\n<meta name=\"twitter:creator\" content=\"@bandi_cosmetics\" \/>\n<meta name=\"twitter:site\" content=\"@bandi_cosmetics\" \/>\n<meta name=\"twitter:label1\" content=\"Napisane przez\" \/>\n\t<meta name=\"twitter:data1\" content=\"Ilona Kiraga\" \/>\n\t<meta name=\"twitter:label2\" content=\"Szacowany czas czytania\" \/>\n\t<meta name=\"twitter:data2\" content=\"3 minuty\" \/>\n<script type=\"application\/ld+json\" class=\"yoast-schema-graph\">{\"@context\":\"https:\/\/schema.org\",\"@graph\":[{\"@type\":\"Article\",\"@id\":\"https:\/\/www.bandi.pl\/blog\/cera-z-efektem-glow-na-sylwestra-czyli-kosmetyki-przed-wielkim-wyjsciem\/#article\",\"isPartOf\":{\"@id\":\"https:\/\/www.bandi.pl\/blog\/cera-z-efektem-glow-na-sylwestra-czyli-kosmetyki-przed-wielkim-wyjsciem\/\"},\"author\":{\"name\":\"Ilona Kiraga\",\"@id\":\"https:\/\/www.bandi.pl\/blog\/#\/schema\/person\/5ba05af1a18c58f1c31d4ae051ec9499\"},\"headline\":\"Cera z efektem glow na sylwestra &#8211; czyli kosmetyki przed wielkim wyj\u015bciem\",\"datePublished\":\"2021-12-30T09:30:00+00:00\",\"mainEntityOfPage\":{\"@id\":\"https:\/\/www.bandi.pl\/blog\/cera-z-efektem-glow-na-sylwestra-czyli-kosmetyki-przed-wielkim-wyjsciem\/\"},\"wordCount\":748,\"commentCount\":0,\"publisher\":{\"@id\":\"https:\/\/www.bandi.pl\/blog\/#organization\"},\"image\":{\"@id\":\"https:\/\/www.bandi.pl\/blog\/cera-z-efektem-glow-na-sylwestra-czyli-kosmetyki-przed-wielkim-wyjsciem\/#primaryimage\"},\"thumbnailUrl\":\"https:\/\/www.bandi.pl\/blog\/wp-content\/uploads\/2021\/12\/red-haired-gorgeous-woman-is-holding-a-glass-of-wine-scaled.jpg\",\"keywords\":[\"Bandi\",\"baza pod makija\u017c\",\"baza roz\u015bwietlaj\u0105ca\",\"kosmetyki glow\",\"kosmetyki przed wielkim wyj\u015bciem\",\"kwas hialuronowy\",\"makija\u017c sylwestrowy\",\"ol\u015bniewaj\u0105ca cera\",\"peeling\",\"piel\u0119gnacja profesjonalna\",\"piel\u0119gnacja twarzy\",\"sylwester\",\"witamina C\"],\"articleSection\":[\"Kornelia G\u0142aszcz\",\"Vloger poleca\"],\"inLanguage\":\"pl-PL\",\"potentialAction\":[{\"@type\":\"CommentAction\",\"name\":\"Comment\",\"target\":[\"https:\/\/www.bandi.pl\/blog\/cera-z-efektem-glow-na-sylwestra-czyli-kosmetyki-przed-wielkim-wyjsciem\/#respond\"]}]},{\"@type\":\"WebPage\",\"@id\":\"https:\/\/www.bandi.pl\/blog\/cera-z-efektem-glow-na-sylwestra-czyli-kosmetyki-przed-wielkim-wyjsciem\/\",\"url\":\"https:\/\/www.bandi.pl\/blog\/cera-z-efektem-glow-na-sylwestra-czyli-kosmetyki-przed-wielkim-wyjsciem\/\",\"name\":\"Cera z efektem glow na sylwestra - czyli kosmetyki przed wielkim wyj\u015bciem &#187; Blog BANDI\",\"isPartOf\":{\"@id\":\"https:\/\/www.bandi.pl\/blog\/#website\"},\"primaryImageOfPage\":{\"@id\":\"https:\/\/www.bandi.pl\/blog\/cera-z-efektem-glow-na-sylwestra-czyli-kosmetyki-przed-wielkim-wyjsciem\/#primaryimage\"},\"image\":{\"@id\":\"https:\/\/www.bandi.pl\/blog\/cera-z-efektem-glow-na-sylwestra-czyli-kosmetyki-przed-wielkim-wyjsciem\/#primaryimage\"},\"thumbnailUrl\":\"https:\/\/www.bandi.pl\/blog\/wp-content\/uploads\/2021\/12\/red-haired-gorgeous-woman-is-holding-a-glass-of-wine-scaled.jpg\",\"datePublished\":\"2021-12-30T09:30:00+00:00\",\"description\":\"Idealne kosmetyki na sylwestra, kt\u00f3re sprawi\u0105, \u017ce sk\u00f3ra b\u0119dzie g\u0142adka i promienna, a makija\u017c utrzyma si\u0119 w nienagannym stanie.\",\"breadcrumb\":{\"@id\":\"https:\/\/www.bandi.pl\/blog\/cera-z-efektem-glow-na-sylwestra-czyli-kosmetyki-przed-wielkim-wyjsciem\/#breadcrumb\"},\"inLanguage\":\"pl-PL\",\"potentialAction\":[{\"@type\":\"ReadAction\",\"target\":[\"https:\/\/www.bandi.pl\/blog\/cera-z-efektem-glow-na-sylwestra-czyli-kosmetyki-przed-wielkim-wyjsciem\/\"]}]},{\"@type\":\"ImageObject\",\"inLanguage\":\"pl-PL\",\"@id\":\"https:\/\/www.bandi.pl\/blog\/cera-z-efektem-glow-na-sylwestra-czyli-kosmetyki-przed-wielkim-wyjsciem\/#primaryimage\",\"url\":\"https:\/\/www.bandi.pl\/blog\/wp-content\/uploads\/2021\/12\/red-haired-gorgeous-woman-is-holding-a-glass-of-wine-scaled.jpg\",\"contentUrl\":\"https:\/\/www.bandi.pl\/blog\/wp-content\/uploads\/2021\/12\/red-haired-gorgeous-woman-is-holding-a-glass-of-wine-scaled.jpg\",\"width\":2560,\"height\":1770},{\"@type\":\"BreadcrumbList\",\"@id\":\"https:\/\/www.bandi.pl\/blog\/cera-z-efektem-glow-na-sylwestra-czyli-kosmetyki-przed-wielkim-wyjsciem\/#breadcrumb\",\"itemListElement\":[{\"@type\":\"ListItem\",\"position\":1,\"name\":\"BANDI\",\"item\":\"https:\/\/www.bandi.pl\/blog\/\"},{\"@type\":\"ListItem\",\"position\":2,\"name\":\"Cera z efektem glow na sylwestra &#8211; czyli kosmetyki przed wielkim wyj\u015bciem\"}]},{\"@type\":\"WebSite\",\"@id\":\"https:\/\/www.bandi.pl\/blog\/#website\",\"url\":\"https:\/\/www.bandi.pl\/blog\/\",\"name\":\"Blog BANDI\",\"description\":\"Czarno na bia\u0142ym o kosmetykach\",\"publisher\":{\"@id\":\"https:\/\/www.bandi.pl\/blog\/#organization\"},\"potentialAction\":[{\"@type\":\"SearchAction\",\"target\":{\"@type\":\"EntryPoint\",\"urlTemplate\":\"https:\/\/www.bandi.pl\/blog\/?s={search_term_string}\"},\"query-input\":{\"@type\":\"PropertyValueSpecification\",\"valueRequired\":true,\"valueName\":\"search_term_string\"}}],\"inLanguage\":\"pl-PL\"},{\"@type\":\"Organization\",\"@id\":\"https:\/\/www.bandi.pl\/blog\/#organization\",\"name\":\"BANDI\",\"url\":\"https:\/\/www.bandi.pl\/blog\/\",\"logo\":{\"@type\":\"ImageObject\",\"inLanguage\":\"pl-PL\",\"@id\":\"https:\/\/www.bandi.pl\/blog\/#\/schema\/logo\/image\/\",\"url\":\"https:\/\/www.bandi.pl\/blog\/wp-content\/uploads\/2019\/06\/bandi-logo.png\",\"contentUrl\":\"https:\/\/www.bandi.pl\/blog\/wp-content\/uploads\/2019\/06\/bandi-logo.png\",\"width\":264,\"height\":111,\"caption\":\"BANDI\"},\"image\":{\"@id\":\"https:\/\/www.bandi.pl\/blog\/#\/schema\/logo\/image\/\"},\"sameAs\":[\"https:\/\/web.facebook.com\/BANDIcosmetics\",\"https:\/\/x.com\/bandi_cosmetics\",\"https:\/\/www.instagram.com\/bandi_cosmetics\/\",\"https:\/\/www.pinterest.com\/bandicosmetics\/\",\"https:\/\/www.youtube.com\/user\/BandiCosmeticsPolska\"]},{\"@type\":\"Person\",\"@id\":\"https:\/\/www.bandi.pl\/blog\/#\/schema\/person\/5ba05af1a18c58f1c31d4ae051ec9499\",\"name\":\"Ilona Kiraga\"}]}<\/script>\n<!-- \/ Yoast SEO plugin. -->","yoast_head_json":{"title":"Cera z efektem glow na sylwestra - czyli kosmetyki przed wielkim wyj\u015bciem &#187; Blog BANDI","description":"Idealne kosmetyki na sylwestra, kt\u00f3re sprawi\u0105, \u017ce sk\u00f3ra b\u0119dzie g\u0142adka i promienna, a makija\u017c utrzyma si\u0119 w nienagannym stanie.","robots":{"index":"index","follow":"follow","max-snippet":"max-snippet:-1","max-image-preview":"max-image-preview:large","max-video-preview":"max-video-preview:-1"},"canonical":"https:\/\/www.bandi.pl\/blog\/cera-z-efektem-glow-na-sylwestra-czyli-kosmetyki-przed-wielkim-wyjsciem\/","og_locale":"pl_PL","og_type":"article","og_title":"Cera z efektem glow na sylwestra - czyli kosmetyki przed wielkim wyj\u015bciem &#187; Blog BANDI","og_description":"Idealne kosmetyki na sylwestra, kt\u00f3re sprawi\u0105, \u017ce sk\u00f3ra b\u0119dzie g\u0142adka i promienna, a makija\u017c utrzyma si\u0119 w nienagannym stanie.","og_url":"https:\/\/www.bandi.pl\/blog\/cera-z-efektem-glow-na-sylwestra-czyli-kosmetyki-przed-wielkim-wyjsciem\/","og_site_name":"Blog BANDI","article_publisher":"https:\/\/web.facebook.com\/BANDIcosmetics","article_published_time":"2021-12-30T09:30:00+00:00","og_image":[{"width":2560,"height":1770,"url":"https:\/\/www.bandi.pl\/blog\/wp-content\/uploads\/2021\/12\/red-haired-gorgeous-woman-is-holding-a-glass-of-wine-scaled.jpg","type":"image\/jpeg"}],"author":"Ilona Kiraga","twitter_card":"summary_large_image","twitter_creator":"@bandi_cosmetics","twitter_site":"@bandi_cosmetics","twitter_misc":{"Napisane przez":"Ilona Kiraga","Szacowany czas czytania":"3 minuty"},"schema":{"@context":"https:\/\/schema.org","@graph":[{"@type":"Article","@id":"https:\/\/www.bandi.pl\/blog\/cera-z-efektem-glow-na-sylwestra-czyli-kosmetyki-przed-wielkim-wyjsciem\/#article","isPartOf":{"@id":"https:\/\/www.bandi.pl\/blog\/cera-z-efektem-glow-na-sylwestra-czyli-kosmetyki-przed-wielkim-wyjsciem\/"},"author":{"name":"Ilona Kiraga","@id":"https:\/\/www.bandi.pl\/blog\/#\/schema\/person\/5ba05af1a18c58f1c31d4ae051ec9499"},"headline":"Cera z efektem glow na sylwestra &#8211; czyli kosmetyki przed wielkim wyj\u015bciem","datePublished":"2021-12-30T09:30:00+00:00","mainEntityOfPage":{"@id":"https:\/\/www.bandi.pl\/blog\/cera-z-efektem-glow-na-sylwestra-czyli-kosmetyki-przed-wielkim-wyjsciem\/"},"wordCount":748,"commentCount":0,"publisher":{"@id":"https:\/\/www.bandi.pl\/blog\/#organization"},"image":{"@id":"https:\/\/www.bandi.pl\/blog\/cera-z-efektem-glow-na-sylwestra-czyli-kosmetyki-przed-wielkim-wyjsciem\/#primaryimage"},"thumbnailUrl":"https:\/\/www.bandi.pl\/blog\/wp-content\/uploads\/2021\/12\/red-haired-gorgeous-woman-is-holding-a-glass-of-wine-scaled.jpg","keywords":["Bandi","baza pod makija\u017c","baza roz\u015bwietlaj\u0105ca","kosmetyki glow","kosmetyki przed wielkim wyj\u015bciem","kwas hialuronowy","makija\u017c sylwestrowy","ol\u015bniewaj\u0105ca cera","peeling","piel\u0119gnacja profesjonalna","piel\u0119gnacja twarzy","sylwester","witamina C"],"articleSection":["Kornelia G\u0142aszcz","Vloger poleca"],"inLanguage":"pl-PL","potentialAction":[{"@type":"CommentAction","name":"Comment","target":["https:\/\/www.bandi.pl\/blog\/cera-z-efektem-glow-na-sylwestra-czyli-kosmetyki-przed-wielkim-wyjsciem\/#respond"]}]},{"@type":"WebPage","@id":"https:\/\/www.bandi.pl\/blog\/cera-z-efektem-glow-na-sylwestra-czyli-kosmetyki-przed-wielkim-wyjsciem\/","url":"https:\/\/www.bandi.pl\/blog\/cera-z-efektem-glow-na-sylwestra-czyli-kosmetyki-przed-wielkim-wyjsciem\/","name":"Cera z efektem glow na sylwestra - czyli kosmetyki przed wielkim wyj\u015bciem &#187; Blog BANDI","isPartOf":{"@id":"https:\/\/www.bandi.pl\/blog\/#website"},"primaryImageOfPage":{"@id":"https:\/\/www.bandi.pl\/blog\/cera-z-efektem-glow-na-sylwestra-czyli-kosmetyki-przed-wielkim-wyjsciem\/#primaryimage"},"image":{"@id":"https:\/\/www.bandi.pl\/blog\/cera-z-efektem-glow-na-sylwestra-czyli-kosmetyki-przed-wielkim-wyjsciem\/#primaryimage"},"thumbnailUrl":"https:\/\/www.bandi.pl\/blog\/wp-content\/uploads\/2021\/12\/red-haired-gorgeous-woman-is-holding-a-glass-of-wine-scaled.jpg","datePublished":"2021-12-30T09:30:00+00:00","description":"Idealne kosmetyki na sylwestra, kt\u00f3re sprawi\u0105, \u017ce sk\u00f3ra b\u0119dzie g\u0142adka i promienna, a makija\u017c utrzyma si\u0119 w nienagannym stanie.","breadcrumb":{"@id":"https:\/\/www.bandi.pl\/blog\/cera-z-efektem-glow-na-sylwestra-czyli-kosmetyki-przed-wielkim-wyjsciem\/#breadcrumb"},"inLanguage":"pl-PL","potentialAction":[{"@type":"ReadAction","target":["https:\/\/www.bandi.pl\/blog\/cera-z-efektem-glow-na-sylwestra-czyli-kosmetyki-przed-wielkim-wyjsciem\/"]}]},{"@type":"ImageObject","inLanguage":"pl-PL","@id":"https:\/\/www.bandi.pl\/blog\/cera-z-efektem-glow-na-sylwestra-czyli-kosmetyki-przed-wielkim-wyjsciem\/#primaryimage","url":"https:\/\/www.bandi.pl\/blog\/wp-content\/uploads\/2021\/12\/red-haired-gorgeous-woman-is-holding-a-glass-of-wine-scaled.jpg","contentUrl":"https:\/\/www.bandi.pl\/blog\/wp-content\/uploads\/2021\/12\/red-haired-gorgeous-woman-is-holding-a-glass-of-wine-scaled.jpg","width":2560,"height":1770},{"@type":"BreadcrumbList","@id":"https:\/\/www.bandi.pl\/blog\/cera-z-efektem-glow-na-sylwestra-czyli-kosmetyki-przed-wielkim-wyjsciem\/#breadcrumb","itemListElement":[{"@type":"ListItem","position":1,"name":"BANDI","item":"https:\/\/www.bandi.pl\/blog\/"},{"@type":"ListItem","position":2,"name":"Cera z efektem glow na sylwestra &#8211; czyli kosmetyki przed wielkim wyj\u015bciem"}]},{"@type":"WebSite","@id":"https:\/\/www.bandi.pl\/blog\/#website","url":"https:\/\/www.bandi.pl\/blog\/","name":"Blog BANDI","description":"Czarno na bia\u0142ym o kosmetykach","publisher":{"@id":"https:\/\/www.bandi.pl\/blog\/#organization"},"potentialAction":[{"@type":"SearchAction","target":{"@type":"EntryPoint","urlTemplate":"https:\/\/www.bandi.pl\/blog\/?s={search_term_string}"},"query-input":{"@type":"PropertyValueSpecification","valueRequired":true,"valueName":"search_term_string"}}],"inLanguage":"pl-PL"},{"@type":"Organization","@id":"https:\/\/www.bandi.pl\/blog\/#organization","name":"BANDI","url":"https:\/\/www.bandi.pl\/blog\/","logo":{"@type":"ImageObject","inLanguage":"pl-PL","@id":"https:\/\/www.bandi.pl\/blog\/#\/schema\/logo\/image\/","url":"https:\/\/www.bandi.pl\/blog\/wp-content\/uploads\/2019\/06\/bandi-logo.png","contentUrl":"https:\/\/www.bandi.pl\/blog\/wp-content\/uploads\/2019\/06\/bandi-logo.png","width":264,"height":111,"caption":"BANDI"},"image":{"@id":"https:\/\/www.bandi.pl\/blog\/#\/schema\/logo\/image\/"},"sameAs":["https:\/\/web.facebook.com\/BANDIcosmetics","https:\/\/x.com\/bandi_cosmetics","https:\/\/www.instagram.com\/bandi_cosmetics\/","https:\/\/www.pinterest.com\/bandicosmetics\/","https:\/\/www.youtube.com\/user\/BandiCosmeticsPolska"]},{"@type":"Person","@id":"https:\/\/www.bandi.pl\/blog\/#\/schema\/person\/5ba05af1a18c58f1c31d4ae051ec9499","name":"Ilona Kiraga"}]}},"_links":{"self":[{"href":"https:\/\/www.bandi.pl\/blog\/wp-json\/wp\/v2\/posts\/13129","targetHints":{"allow":["GET"]}}],"collection":[{"href":"https:\/\/www.bandi.pl\/blog\/wp-json\/wp\/v2\/posts"}],"about":[{"href":"https:\/\/www.bandi.pl\/blog\/wp-json\/wp\/v2\/types\/post"}],"author":[{"embeddable":true,"href":"https:\/\/www.bandi.pl\/blog\/wp-json\/wp\/v2\/users\/13"}],"replies":[{"embeddable":true,"href":"https:\/\/www.bandi.pl\/blog\/wp-json\/wp\/v2\/comments?post=13129"}],"version-history":[{"count":9,"href":"https:\/\/www.bandi.pl\/blog\/wp-json\/wp\/v2\/posts\/13129\/revisions"}],"predecessor-version":[{"id":13307,"href":"https:\/\/www.bandi.pl\/blog\/wp-json\/wp\/v2\/posts\/13129\/revisions\/13307"}],"wp:featuredmedia":[{"embeddable":true,"href":"https:\/\/www.bandi.pl\/blog\/wp-json\/wp\/v2\/media\/13226"}],"wp:attachment":[{"href":"https:\/\/www.bandi.pl\/blog\/wp-json\/wp\/v2\/media?parent=13129"}],"wp:term":[{"taxonomy":"category","embeddable":true,"href":"https:\/\/www.bandi.pl\/blog\/wp-json\/wp\/v2\/categories?post=13129"},{"taxonomy":"post_tag","embeddable":true,"href":"https:\/\/www.bandi.pl\/blog\/wp-json\/wp\/v2\/tags?post=13129"}],"curies":[{"name":"wp","href":"https:\/\/api.w.org\/{rel}","templated":true}]}}