{"id":13091,"date":"2021-12-09T11:00:00","date_gmt":"2021-12-09T10:00:00","guid":{"rendered":"https:\/\/www.bandi.pl\/blog\/?p=13091"},"modified":"2021-12-08T13:12:52","modified_gmt":"2021-12-08T12:12:52","slug":"kosmetyczne-prezenty-swiateczne-czy-to-dobry-pomysl","status":"publish","type":"post","link":"https:\/\/www.bandi.pl\/blog\/kosmetyczne-prezenty-swiateczne-czy-to-dobry-pomysl\/","title":{"rendered":"Kosmetyczne prezenty \u015bwi\u0105teczne &#8211; czy to dobry pomys\u0142?"},"content":{"rendered":"\n<p>Prezenty, prezenty\u2026 kt\u00f3\u017c ich nie lubi. Ka\u017cdego ciesz\u0105 upominki, mi\u0142e niespodzianki. Lubimy je dostawa\u0107, lubimy dawa\u0107. A czy dobrym pomys\u0142em s\u0105 kosmetyki na prezent?\u00a0W czasach, gdy wszystkiego jest w br\u00f3d, kosmetyczna oferta rynkowa jest przeogromna, a kobiety \u015bwiadome s\u0105 swoich potrzeb, wiedz\u0105 co lubi\u0105, a czego nie, co stosuj\u0105, a co jest im zb\u0119dne czy dostanie kosmetyku sprawi im rado\u015b\u0107? Z pewno\u015bci\u0105, bo wytworne perfumy, ekskluzywne szminki czy wreszcie eleganckie zestawy kosmetyk\u00f3w, to wci\u0105\u017c najbardziej ulubione po bi\u017cuterii prezenty.\u00a0Upragnione przez obdarowanego, ale wcale nie naj\u0142atwiejsze dla obdarowuj\u0105cego. Poza pi\u0119kn\u0105 form\u0105 powinny mie\u0107 tak\u017ce odpowiedni\u0105 tre\u015b\u0107, czyli trzeba przemy\u015ble\u0107 jaka nuta zapachowa b\u0119dzie najlepsze, jaki odcie\u0144 pomadki, pudru wybra\u0107, do jakiej cery dobra\u0107 preparaty piel\u0119gnacyjne. Upominek powinien trafia\u0107 w potrzeby. Te piel\u0119gnacyjne z pewno\u015bci\u0105 spe\u0142ni szeroka oferta BANDI, pe\u0142na zestaw\u00f3w <a href=\"https:\/\/www.bandi.pl\/sklep\/katalog.php?wyr=zestaw\" target=\"_blank\" rel=\"noreferrer noopener\">kosmetyk\u00f3w na prezent<\/a> dopasowanych do r\u00f3\u017cnych typ\u00f3w cery. Dla ka\u017cdego znajdzie si\u0119 co\u015b dobrego.<\/p>\n\n\n\n<figure class=\"wp-block-embed is-type-video is-provider-youtube wp-block-embed-youtube wp-embed-aspect-16-9 wp-has-aspect-ratio\"><div class=\"wp-block-embed__wrapper\">\n<iframe loading=\"lazy\" title=\"Kosmetyczne zestawy \u015bwi\u0105teczne od Bandi 2021! Co wybra\u0107 na prezent i rozdania:)\" width=\"1080\" height=\"608\" src=\"https:\/\/www.youtube.com\/embed\/dlT8u2CCJ7U?feature=oembed\" frameborder=\"0\" allow=\"accelerometer; autoplay; clipboard-write; encrypted-media; gyroscope; picture-in-picture\" allowfullscreen><\/iframe>\n<\/div><\/figure>\n\n\n\n<h2 class=\"wp-block-heading\" id=\"h-odm-adzaj-cy-zestaw-kosmetyk-w-na-prezent\">Odm\u0142adzaj\u0105cy zestaw kosmetyk\u00f3w na prezent<\/h2>\n\n\n\n<p>Je\u015bli chcemy obdarowa\u0107 kobiet\u0119 dojrza\u0142\u0105, kt\u00f3ra ceni luksus i elegancj\u0119 podarujmy jej zestaw kosmetyk\u00f3w <a href=\"https:\/\/www.bandi.pl\/sklep\/zestawy\/zestaw-prezentowy-gold-philosophy-987\/\">Gold Philosophy<\/a>, a w nim krem do twarzy szyi i dekoltu, krem pod oczy oraz booster, kt\u00f3re redukuj\u0105 zmarszczki, poprawiaj\u0105 kontur twarzy, rewitalizuj\u0105 i roz\u015bwietlaj\u0105 cer\u0119. Zawieraj\u0105 silnie przeciwstarzeniowe peptydy oraz z\u0142oto natychmiastowo zmniejszaj\u0105ce widoczno\u015b\u0107 zmarszczek mimicznych, chronologicznych i wynikaj\u0105cych z przesuszenia. Prawdziwy dotyk luksusu!<\/p>\n\n\n\n<p>Babci, cioci, pani o cerze z widocznymi oznakami starzenia na pewno przydadz\u0105 si\u0119 odm\u0142adzaj\u0105ce preparaty <a href=\"https:\/\/www.bandi.pl\/sklep\/katalog\/seria\/78_fito-lift-care\/\" target=\"_blank\" rel=\"noreferrer noopener\">Fito Lift<\/a> <a href=\"https:\/\/www.bandi.pl\/sklep\/katalog\/seria\/78_fito-lift-care\/\" target=\"_blank\" rel=\"noreferrer noopener\">Care<\/a>, o w\u0142a\u015bciwo\u015bciach silnie uj\u0119drniaj\u0105cych i przeciwzmarszczkowych. W ich recepturze zastosowano kompleks fitosteroid\u00f3w, witamin\u0119 E, olej z \u017cywicy drzewa pistacji, kt\u00f3re poprawiaj\u0105 elastyczno\u015b\u0107 sk\u00f3ry, nawil\u017caj\u0105 j\u0105 i od\u017cywiaj\u0105. Zastrzyk m\u0142odo\u015bci!<\/p>\n\n\n\n<h2 class=\"wp-block-heading\">Kosmetyki na prezent o dzia\u0142aniu nawil\u017caj\u0105cym<\/h2>\n\n\n\n<p>Komu nie przyda si\u0119 porz\u0105dna dawka nawil\u017cenia? Tak\u0105 znajdziemy w zestawach kosmetyk\u00f3w <a href=\"https:\/\/www.bandi.pl\/sklep\/zestawy\/zestaw-prezentowy-anti-dry-982\/\" target=\"_blank\" rel=\"noreferrer noopener\">Anti Dry<\/a> i <a href=\"https:\/\/www.bandi.pl\/sklep\/zestawy\/zestaw-prezentowy-hydro-care-986\/\" target=\"_blank\" rel=\"noreferrer noopener\">Hydro Care<\/a>. W pierwszym z nich znalaz\u0142y si\u0119 silnie nawadniaj\u0105ce preparaty bogate w kwas hialuronowy, ektoin\u0119, mocznik, kwas mlekowy. Peeling kwasowy, emulsja, krem \u2013 maska pod oczy silnie nawil\u017caj\u0105 i wzmacniaj\u0105 naturaln\u0105 barier\u0119 ochronn\u0105 nask\u00f3rka oraz przyspieszaj\u0105 regeneracj\u0119 sk\u00f3ry. Drugi zawiera uniwersalne kosmetyki z nawil\u017caj\u0105cym kwasem hialuronowym, koj\u0105cym d- panthenolem, nat\u0142uszczaj\u0105cym mas\u0142em Shea. Dobre dla ka\u017cdej cery, w ka\u017cdym wieku, niezale\u017cnie od p\u0142ci. Tak\u017ce i panom mo\u017ce si\u0119 co\u015b dosta\u0107. Odm\u0142odzenie przez nawil\u017cenie.<\/p>\n\n\n\n<h2 class=\"wp-block-heading\">Co\u015b dla m\u0142odej sk\u00f3ry<\/h2>\n\n\n\n<p>Nastolatki powinien ucieszy\u0107 komplet <a href=\"https:\/\/www.bandi.pl\/sklep\/zestawy\/zestaw-prezentowy-young-care-glow-984\/\">Young Care Glow<\/a>. Pi\u0119knie wygl\u0105da, kusi owocowymi zapachami, a do tego dzia\u0142a, nawil\u017ca i roz\u015bwietla oraz redukuje drobne niedoskona\u0142o\u015bci. Swoj\u0105 skuteczno\u015b\u0107 zawdzi\u0119cza sk\u0142adnikom aktywnym (azeloglicyna, witamina C, skwalan, olej z owoc\u00f3w le\u015bnych), kt\u00f3re nawil\u017caj\u0105, koj\u0105, wyg\u0142adzaj\u0105 pozostawiaj\u0105c cer\u0119 pe\u0142n\u0105 blasku.&nbsp;Efekt wow i glow!<\/p>\n\n\n\n<h2 class=\"wp-block-heading\">Kosmetyki na prezent do cia\u0142a<\/h2>\n\n\n\n<p>I co\u015b do cia\u0142a, czyli <a href=\"https:\/\/www.bandi.pl\/sklep\/zestawy\/zestaw-prezentowy-body-988\/\" target=\"_blank\" rel=\"noreferrer noopener\">zestaw prezentowy Body<\/a>. Mandarynkowe mas\u0142o o orze\u017awiaj\u0105cym cytrusowym aromacie i w\u0142a\u015bciwo\u015bciach koj\u0105co-regeneruj\u0105cych. Ultralekka, otulaj\u0105ca delikatnym zapachem aloesu mgie\u0142ka, kt\u00f3ra nawil\u017ca, wyg\u0142adza i zmniejsza podra\u017cnienia. Bogaty w kwas migda\u0142owy, zmi\u0119kczaj\u0105cy krem do intensywnej regeneracji sk\u00f3ry st\u00f3p. Wszystkie ob\u0142\u0119dnie pachn\u0105, piel\u0119gnuj\u0105, relaksuj\u0105. Czysta rozkosz!<\/p>\n\n\n\n<p>Przyjemno\u015bci\u0105 jest obdarowywanie bliskich. Nie pozbawiajmy, wobec tego siebie i innych tych drobnych rado\u015bci i sprawiajmy sobie prezenty.\u00a0<\/p>\n\n\n\n<div class=\"wp-block-divi-layout\">[et_pb_section fb_built=&#8221;1&#8243; _builder_version=&#8221;4.4.1&#8243;][\/et_pb_section][et_pb_section fb_built=&#8221;1&#8243; _builder_version=&#8221;4.4.1&#8243; top_divider_style=&#8221;arrow&#8221; top_divider_color=&#8221;rgba(255,166,168,0.75)&#8221; top_divider_height=&#8221;1px&#8221; bottom_divider_style=&#8221;arrow&#8221; bottom_divider_color=&#8221;rgba(255,166,168,0.75)&#8221; bottom_divider_height=&#8221;1px&#8221;][et_pb_row column_structure=&#8221;1_2,1_2&#8243; _builder_version=&#8221;4.4.1&#8243; width=&#8221;100%&#8221; module_alignment=&#8221;left&#8221; custom_margin=&#8221;||||false|false&#8221;][et_pb_column type=&#8221;1_2&#8243; _builder_version=&#8221;4.4.1&#8243;][et_pb_text _builder_version=&#8221;4.4.1&#8243; text_font=&#8221;Raleway Bold||||||||&#8221; text_text_color=&#8221;rgba(255,166,168,0.75)&#8221; text_font_size=&#8221;56px&#8221; text_letter_spacing=&#8221;8px&#8221; text_line_height=&#8221;1.1em&#8221; custom_margin=&#8221;40px||||false|false&#8221; hover_enabled=&#8221;0&#8243; link_option_url=&#8221;https:\/\/www.bandi.pl\/sklep\/katalog.php?wyr=zestaw&#8221;]<p style=\"text-align: center;\">POMYS\u0141 NA PREZENT<\/p>[\/et_pb_text][et_pb_text _builder_version=&#8221;4.4.1&#8243; text_font=&#8221;Raleway Regular||||||||&#8221; text_text_color=&#8221;#b8b8b8&#8243; text_font_size=&#8221;22px&#8221; text_line_height=&#8221;1.5em&#8221; hover_enabled=&#8221;0&#8243; link_option_url=&#8221;https:\/\/www.bandi.pl\/sklep\/katalog.php?wyr=zestaw&#8221;]<p style=\"text-align: center;\">Wyj\u0105tkowe zestawy kosmetyk\u00f3w profesjonalnych<\/p>[\/et_pb_text][et_pb_button button_url=&#8221;https:\/\/www.bandi.pl\/sklep\/katalog.php?wyr=zestaw&#8221; button_text=&#8221;ZOBACZ&#8221; button_alignment=&#8221;center&#8221; disabled_on=&#8221;off|off|off&#8221; _builder_version=&#8221;4.4.1&#8243; custom_button=&#8221;on&#8221; button_text_size=&#8221;20px&#8221; button_text_color=&#8221;#ffffff&#8221; button_border_radius=&#8221;25px&#8221; button_font=&#8221;Bree Serif||||||||&#8221; background_layout=&#8221;dark&#8221; custom_padding=&#8221;12px|30px|12px|30px|true|true&#8221; hover_transition_duration=&#8221;0ms&#8221; hover_enabled=&#8221;0&#8243; box_shadow_style=&#8221;preset3&#8243;][\/et_pb_button][\/et_pb_column][et_pb_column type=&#8221;1_2&#8243; _builder_version=&#8221;4.4.1&#8243;][et_pb_image src=&#8221;https:\/\/www.bandi.pl\/blog\/wp-content\/uploads\/2021\/12\/untitled-0104-scaled.jpg&#8221; align=&#8221;center&#8221; _builder_version=&#8221;4.4.1&#8243; hover_enabled=&#8221;0&#8243; url=&#8221;https:\/\/www.bandi.pl\/sklep\/katalog.php?wyr=zestaw&#8221;][\/et_pb_image][\/et_pb_column][\/et_pb_row][\/et_pb_section]<\/div>\n","protected":false},"excerpt":{"rendered":"<p>Prezenty, prezenty\u2026 kt\u00f3\u017c ich nie lubi. Ka\u017cdego ciesz\u0105 upominki, mi\u0142e niespodzianki. Lubimy je dostawa\u0107, lubimy dawa\u0107. A czy dobrym pomys\u0142em s\u0105 kosmetyki na prezent?\u00a0W czasach, gdy wszystkiego jest w br\u00f3d, kosmetyczna oferta rynkowa jest przeogromna, a kobiety \u015bwiadome s\u0105 swoich potrzeb, wiedz\u0105 co lubi\u0105, a czego nie, co stosuj\u0105, a co jest im zb\u0119dne czy [&hellip;]<\/p>\n","protected":false},"author":13,"featured_media":13095,"comment_status":"open","ping_status":"closed","sticky":false,"template":"","format":"standard","meta":{"_et_pb_use_builder":"","_et_pb_old_content":"","_et_gb_content_width":"","footnotes":""},"categories":[2980,1817],"tags":[3445,6875,6868,5389,6873,6869,4230,5868,6872,6870,6874],"class_list":["post-13091","post","type-post","status-publish","format-standard","has-post-thumbnail","hentry","category-edyta-bilobran","category-kategoria-pielegnacja-i-kosmetyki","tag-bandi","tag-co-na-prezent-pod-choinke","tag-kosmetyczne-prezenty","tag-kosmetyki-na-prezent","tag-moje-bandi","tag-na-prezent","tag-pielegnacja-profesjonalna","tag-pielegnacja-twarzy","tag-polecamy-na-swieta","tag-swiateczne-prezenty","tag-zestaw-kosmetykow"],"yoast_head":"<!-- This site is optimized with the Yoast SEO plugin v27.1.1 - https:\/\/yoast.com\/product\/yoast-seo-wordpress\/ -->\n<title>Kosmetyczne prezenty \u015bwi\u0105teczne - czy to dobry pomys\u0142? &#187; Blog BANDI<\/title>\n<meta name=\"description\" content=\"Upominek powinien trafia\u0107 w potrzeby. Te piel\u0119gnacyjne z pewno\u015bci\u0105 spe\u0142ni szeroka oferta BANDI, pe\u0142na zestaw\u00f3w kosmetyk\u00f3w na prezent.\" \/>\n<meta name=\"robots\" content=\"index, follow, max-snippet:-1, max-image-preview:large, max-video-preview:-1\" \/>\n<link rel=\"canonical\" href=\"https:\/\/www.bandi.pl\/blog\/kosmetyczne-prezenty-swiateczne-czy-to-dobry-pomysl\/\" \/>\n<meta property=\"og:locale\" content=\"pl_PL\" \/>\n<meta property=\"og:type\" content=\"article\" \/>\n<meta property=\"og:title\" content=\"Kosmetyczne prezenty \u015bwi\u0105teczne - czy to dobry pomys\u0142? &#187; Blog BANDI\" \/>\n<meta property=\"og:description\" content=\"Upominek powinien trafia\u0107 w potrzeby. Te piel\u0119gnacyjne z pewno\u015bci\u0105 spe\u0142ni szeroka oferta BANDI, pe\u0142na zestaw\u00f3w kosmetyk\u00f3w na prezent.\" \/>\n<meta property=\"og:url\" content=\"https:\/\/www.bandi.pl\/blog\/kosmetyczne-prezenty-swiateczne-czy-to-dobry-pomysl\/\" \/>\n<meta property=\"og:site_name\" content=\"Blog BANDI\" \/>\n<meta property=\"article:publisher\" content=\"https:\/\/web.facebook.com\/BANDIcosmetics\" \/>\n<meta property=\"article:published_time\" content=\"2021-12-09T10:00:00+00:00\" \/>\n<meta property=\"og:image\" content=\"https:\/\/www.bandi.pl\/blog\/wp-content\/uploads\/2021\/12\/untitled-9278-Edit-scaled.jpg\" \/>\n\t<meta property=\"og:image:width\" content=\"2560\" \/>\n\t<meta property=\"og:image:height\" content=\"1706\" \/>\n\t<meta property=\"og:image:type\" content=\"image\/jpeg\" \/>\n<meta name=\"author\" content=\"Ilona Kiraga\" \/>\n<meta name=\"twitter:card\" content=\"summary_large_image\" \/>\n<meta name=\"twitter:creator\" content=\"@bandi_cosmetics\" \/>\n<meta name=\"twitter:site\" content=\"@bandi_cosmetics\" \/>\n<meta name=\"twitter:label1\" content=\"Napisane przez\" \/>\n\t<meta name=\"twitter:data1\" content=\"Ilona Kiraga\" \/>\n\t<meta name=\"twitter:label2\" content=\"Szacowany czas czytania\" \/>\n\t<meta name=\"twitter:data2\" content=\"3 minuty\" \/>\n<script type=\"application\/ld+json\" class=\"yoast-schema-graph\">{\"@context\":\"https:\/\/schema.org\",\"@graph\":[{\"@type\":\"Article\",\"@id\":\"https:\/\/www.bandi.pl\/blog\/kosmetyczne-prezenty-swiateczne-czy-to-dobry-pomysl\/#article\",\"isPartOf\":{\"@id\":\"https:\/\/www.bandi.pl\/blog\/kosmetyczne-prezenty-swiateczne-czy-to-dobry-pomysl\/\"},\"author\":{\"name\":\"Ilona Kiraga\",\"@id\":\"https:\/\/www.bandi.pl\/blog\/#\/schema\/person\/5ba05af1a18c58f1c31d4ae051ec9499\"},\"headline\":\"Kosmetyczne prezenty \u015bwi\u0105teczne &#8211; czy to dobry pomys\u0142?\",\"datePublished\":\"2021-12-09T10:00:00+00:00\",\"mainEntityOfPage\":{\"@id\":\"https:\/\/www.bandi.pl\/blog\/kosmetyczne-prezenty-swiateczne-czy-to-dobry-pomysl\/\"},\"wordCount\":887,\"commentCount\":8,\"publisher\":{\"@id\":\"https:\/\/www.bandi.pl\/blog\/#organization\"},\"image\":{\"@id\":\"https:\/\/www.bandi.pl\/blog\/kosmetyczne-prezenty-swiateczne-czy-to-dobry-pomysl\/#primaryimage\"},\"thumbnailUrl\":\"https:\/\/www.bandi.pl\/blog\/wp-content\/uploads\/2021\/12\/untitled-9278-Edit-scaled.jpg\",\"keywords\":[\"Bandi\",\"co na prezent pod choink\u0119\",\"kosmetyczne prezenty\",\"kosmetyki na prezent\",\"moje bandi\",\"na prezent\",\"piel\u0119gnacja profesjonalna\",\"piel\u0119gnacja twarzy\",\"polecamy na \u015bwi\u0119ta\",\"\u015bwi\u0105teczne prezenty\",\"zestaw kosmetyk\u00f3w\"],\"articleSection\":[\"Edyta Bi\u0142obran\",\"Piel\u0119gnacja i kosmetyki\"],\"inLanguage\":\"pl-PL\",\"potentialAction\":[{\"@type\":\"CommentAction\",\"name\":\"Comment\",\"target\":[\"https:\/\/www.bandi.pl\/blog\/kosmetyczne-prezenty-swiateczne-czy-to-dobry-pomysl\/#respond\"]}]},{\"@type\":\"WebPage\",\"@id\":\"https:\/\/www.bandi.pl\/blog\/kosmetyczne-prezenty-swiateczne-czy-to-dobry-pomysl\/\",\"url\":\"https:\/\/www.bandi.pl\/blog\/kosmetyczne-prezenty-swiateczne-czy-to-dobry-pomysl\/\",\"name\":\"Kosmetyczne prezenty \u015bwi\u0105teczne - czy to dobry pomys\u0142? &#187; Blog BANDI\",\"isPartOf\":{\"@id\":\"https:\/\/www.bandi.pl\/blog\/#website\"},\"primaryImageOfPage\":{\"@id\":\"https:\/\/www.bandi.pl\/blog\/kosmetyczne-prezenty-swiateczne-czy-to-dobry-pomysl\/#primaryimage\"},\"image\":{\"@id\":\"https:\/\/www.bandi.pl\/blog\/kosmetyczne-prezenty-swiateczne-czy-to-dobry-pomysl\/#primaryimage\"},\"thumbnailUrl\":\"https:\/\/www.bandi.pl\/blog\/wp-content\/uploads\/2021\/12\/untitled-9278-Edit-scaled.jpg\",\"datePublished\":\"2021-12-09T10:00:00+00:00\",\"description\":\"Upominek powinien trafia\u0107 w potrzeby. Te piel\u0119gnacyjne z pewno\u015bci\u0105 spe\u0142ni szeroka oferta BANDI, pe\u0142na zestaw\u00f3w kosmetyk\u00f3w na prezent.\",\"breadcrumb\":{\"@id\":\"https:\/\/www.bandi.pl\/blog\/kosmetyczne-prezenty-swiateczne-czy-to-dobry-pomysl\/#breadcrumb\"},\"inLanguage\":\"pl-PL\",\"potentialAction\":[{\"@type\":\"ReadAction\",\"target\":[\"https:\/\/www.bandi.pl\/blog\/kosmetyczne-prezenty-swiateczne-czy-to-dobry-pomysl\/\"]}]},{\"@type\":\"ImageObject\",\"inLanguage\":\"pl-PL\",\"@id\":\"https:\/\/www.bandi.pl\/blog\/kosmetyczne-prezenty-swiateczne-czy-to-dobry-pomysl\/#primaryimage\",\"url\":\"https:\/\/www.bandi.pl\/blog\/wp-content\/uploads\/2021\/12\/untitled-9278-Edit-scaled.jpg\",\"contentUrl\":\"https:\/\/www.bandi.pl\/blog\/wp-content\/uploads\/2021\/12\/untitled-9278-Edit-scaled.jpg\",\"width\":2560,\"height\":1706,\"caption\":\"zestaw kosmetyk\u00f3w\"},{\"@type\":\"BreadcrumbList\",\"@id\":\"https:\/\/www.bandi.pl\/blog\/kosmetyczne-prezenty-swiateczne-czy-to-dobry-pomysl\/#breadcrumb\",\"itemListElement\":[{\"@type\":\"ListItem\",\"position\":1,\"name\":\"BANDI\",\"item\":\"https:\/\/www.bandi.pl\/blog\/\"},{\"@type\":\"ListItem\",\"position\":2,\"name\":\"Kosmetyczne prezenty \u015bwi\u0105teczne &#8211; czy to dobry pomys\u0142?\"}]},{\"@type\":\"WebSite\",\"@id\":\"https:\/\/www.bandi.pl\/blog\/#website\",\"url\":\"https:\/\/www.bandi.pl\/blog\/\",\"name\":\"Blog BANDI\",\"description\":\"Czarno na bia\u0142ym o kosmetykach\",\"publisher\":{\"@id\":\"https:\/\/www.bandi.pl\/blog\/#organization\"},\"potentialAction\":[{\"@type\":\"SearchAction\",\"target\":{\"@type\":\"EntryPoint\",\"urlTemplate\":\"https:\/\/www.bandi.pl\/blog\/?s={search_term_string}\"},\"query-input\":{\"@type\":\"PropertyValueSpecification\",\"valueRequired\":true,\"valueName\":\"search_term_string\"}}],\"inLanguage\":\"pl-PL\"},{\"@type\":\"Organization\",\"@id\":\"https:\/\/www.bandi.pl\/blog\/#organization\",\"name\":\"BANDI\",\"url\":\"https:\/\/www.bandi.pl\/blog\/\",\"logo\":{\"@type\":\"ImageObject\",\"inLanguage\":\"pl-PL\",\"@id\":\"https:\/\/www.bandi.pl\/blog\/#\/schema\/logo\/image\/\",\"url\":\"https:\/\/www.bandi.pl\/blog\/wp-content\/uploads\/2019\/06\/bandi-logo.png\",\"contentUrl\":\"https:\/\/www.bandi.pl\/blog\/wp-content\/uploads\/2019\/06\/bandi-logo.png\",\"width\":264,\"height\":111,\"caption\":\"BANDI\"},\"image\":{\"@id\":\"https:\/\/www.bandi.pl\/blog\/#\/schema\/logo\/image\/\"},\"sameAs\":[\"https:\/\/web.facebook.com\/BANDIcosmetics\",\"https:\/\/x.com\/bandi_cosmetics\",\"https:\/\/www.instagram.com\/bandi_cosmetics\/\",\"https:\/\/www.pinterest.com\/bandicosmetics\/\",\"https:\/\/www.youtube.com\/user\/BandiCosmeticsPolska\"]},{\"@type\":\"Person\",\"@id\":\"https:\/\/www.bandi.pl\/blog\/#\/schema\/person\/5ba05af1a18c58f1c31d4ae051ec9499\",\"name\":\"Ilona Kiraga\"}]}<\/script>\n<!-- \/ Yoast SEO plugin. -->","yoast_head_json":{"title":"Kosmetyczne prezenty \u015bwi\u0105teczne - czy to dobry pomys\u0142? &#187; Blog BANDI","description":"Upominek powinien trafia\u0107 w potrzeby. Te piel\u0119gnacyjne z pewno\u015bci\u0105 spe\u0142ni szeroka oferta BANDI, pe\u0142na zestaw\u00f3w kosmetyk\u00f3w na prezent.","robots":{"index":"index","follow":"follow","max-snippet":"max-snippet:-1","max-image-preview":"max-image-preview:large","max-video-preview":"max-video-preview:-1"},"canonical":"https:\/\/www.bandi.pl\/blog\/kosmetyczne-prezenty-swiateczne-czy-to-dobry-pomysl\/","og_locale":"pl_PL","og_type":"article","og_title":"Kosmetyczne prezenty \u015bwi\u0105teczne - czy to dobry pomys\u0142? &#187; Blog BANDI","og_description":"Upominek powinien trafia\u0107 w potrzeby. Te piel\u0119gnacyjne z pewno\u015bci\u0105 spe\u0142ni szeroka oferta BANDI, pe\u0142na zestaw\u00f3w kosmetyk\u00f3w na prezent.","og_url":"https:\/\/www.bandi.pl\/blog\/kosmetyczne-prezenty-swiateczne-czy-to-dobry-pomysl\/","og_site_name":"Blog BANDI","article_publisher":"https:\/\/web.facebook.com\/BANDIcosmetics","article_published_time":"2021-12-09T10:00:00+00:00","og_image":[{"width":2560,"height":1706,"url":"https:\/\/www.bandi.pl\/blog\/wp-content\/uploads\/2021\/12\/untitled-9278-Edit-scaled.jpg","type":"image\/jpeg"}],"author":"Ilona Kiraga","twitter_card":"summary_large_image","twitter_creator":"@bandi_cosmetics","twitter_site":"@bandi_cosmetics","twitter_misc":{"Napisane przez":"Ilona Kiraga","Szacowany czas czytania":"3 minuty"},"schema":{"@context":"https:\/\/schema.org","@graph":[{"@type":"Article","@id":"https:\/\/www.bandi.pl\/blog\/kosmetyczne-prezenty-swiateczne-czy-to-dobry-pomysl\/#article","isPartOf":{"@id":"https:\/\/www.bandi.pl\/blog\/kosmetyczne-prezenty-swiateczne-czy-to-dobry-pomysl\/"},"author":{"name":"Ilona Kiraga","@id":"https:\/\/www.bandi.pl\/blog\/#\/schema\/person\/5ba05af1a18c58f1c31d4ae051ec9499"},"headline":"Kosmetyczne prezenty \u015bwi\u0105teczne &#8211; czy to dobry pomys\u0142?","datePublished":"2021-12-09T10:00:00+00:00","mainEntityOfPage":{"@id":"https:\/\/www.bandi.pl\/blog\/kosmetyczne-prezenty-swiateczne-czy-to-dobry-pomysl\/"},"wordCount":887,"commentCount":8,"publisher":{"@id":"https:\/\/www.bandi.pl\/blog\/#organization"},"image":{"@id":"https:\/\/www.bandi.pl\/blog\/kosmetyczne-prezenty-swiateczne-czy-to-dobry-pomysl\/#primaryimage"},"thumbnailUrl":"https:\/\/www.bandi.pl\/blog\/wp-content\/uploads\/2021\/12\/untitled-9278-Edit-scaled.jpg","keywords":["Bandi","co na prezent pod choink\u0119","kosmetyczne prezenty","kosmetyki na prezent","moje bandi","na prezent","piel\u0119gnacja profesjonalna","piel\u0119gnacja twarzy","polecamy na \u015bwi\u0119ta","\u015bwi\u0105teczne prezenty","zestaw kosmetyk\u00f3w"],"articleSection":["Edyta Bi\u0142obran","Piel\u0119gnacja i kosmetyki"],"inLanguage":"pl-PL","potentialAction":[{"@type":"CommentAction","name":"Comment","target":["https:\/\/www.bandi.pl\/blog\/kosmetyczne-prezenty-swiateczne-czy-to-dobry-pomysl\/#respond"]}]},{"@type":"WebPage","@id":"https:\/\/www.bandi.pl\/blog\/kosmetyczne-prezenty-swiateczne-czy-to-dobry-pomysl\/","url":"https:\/\/www.bandi.pl\/blog\/kosmetyczne-prezenty-swiateczne-czy-to-dobry-pomysl\/","name":"Kosmetyczne prezenty \u015bwi\u0105teczne - czy to dobry pomys\u0142? &#187; Blog BANDI","isPartOf":{"@id":"https:\/\/www.bandi.pl\/blog\/#website"},"primaryImageOfPage":{"@id":"https:\/\/www.bandi.pl\/blog\/kosmetyczne-prezenty-swiateczne-czy-to-dobry-pomysl\/#primaryimage"},"image":{"@id":"https:\/\/www.bandi.pl\/blog\/kosmetyczne-prezenty-swiateczne-czy-to-dobry-pomysl\/#primaryimage"},"thumbnailUrl":"https:\/\/www.bandi.pl\/blog\/wp-content\/uploads\/2021\/12\/untitled-9278-Edit-scaled.jpg","datePublished":"2021-12-09T10:00:00+00:00","description":"Upominek powinien trafia\u0107 w potrzeby. Te piel\u0119gnacyjne z pewno\u015bci\u0105 spe\u0142ni szeroka oferta BANDI, pe\u0142na zestaw\u00f3w kosmetyk\u00f3w na prezent.","breadcrumb":{"@id":"https:\/\/www.bandi.pl\/blog\/kosmetyczne-prezenty-swiateczne-czy-to-dobry-pomysl\/#breadcrumb"},"inLanguage":"pl-PL","potentialAction":[{"@type":"ReadAction","target":["https:\/\/www.bandi.pl\/blog\/kosmetyczne-prezenty-swiateczne-czy-to-dobry-pomysl\/"]}]},{"@type":"ImageObject","inLanguage":"pl-PL","@id":"https:\/\/www.bandi.pl\/blog\/kosmetyczne-prezenty-swiateczne-czy-to-dobry-pomysl\/#primaryimage","url":"https:\/\/www.bandi.pl\/blog\/wp-content\/uploads\/2021\/12\/untitled-9278-Edit-scaled.jpg","contentUrl":"https:\/\/www.bandi.pl\/blog\/wp-content\/uploads\/2021\/12\/untitled-9278-Edit-scaled.jpg","width":2560,"height":1706,"caption":"zestaw kosmetyk\u00f3w"},{"@type":"BreadcrumbList","@id":"https:\/\/www.bandi.pl\/blog\/kosmetyczne-prezenty-swiateczne-czy-to-dobry-pomysl\/#breadcrumb","itemListElement":[{"@type":"ListItem","position":1,"name":"BANDI","item":"https:\/\/www.bandi.pl\/blog\/"},{"@type":"ListItem","position":2,"name":"Kosmetyczne prezenty \u015bwi\u0105teczne &#8211; czy to dobry pomys\u0142?"}]},{"@type":"WebSite","@id":"https:\/\/www.bandi.pl\/blog\/#website","url":"https:\/\/www.bandi.pl\/blog\/","name":"Blog BANDI","description":"Czarno na bia\u0142ym o kosmetykach","publisher":{"@id":"https:\/\/www.bandi.pl\/blog\/#organization"},"potentialAction":[{"@type":"SearchAction","target":{"@type":"EntryPoint","urlTemplate":"https:\/\/www.bandi.pl\/blog\/?s={search_term_string}"},"query-input":{"@type":"PropertyValueSpecification","valueRequired":true,"valueName":"search_term_string"}}],"inLanguage":"pl-PL"},{"@type":"Organization","@id":"https:\/\/www.bandi.pl\/blog\/#organization","name":"BANDI","url":"https:\/\/www.bandi.pl\/blog\/","logo":{"@type":"ImageObject","inLanguage":"pl-PL","@id":"https:\/\/www.bandi.pl\/blog\/#\/schema\/logo\/image\/","url":"https:\/\/www.bandi.pl\/blog\/wp-content\/uploads\/2019\/06\/bandi-logo.png","contentUrl":"https:\/\/www.bandi.pl\/blog\/wp-content\/uploads\/2019\/06\/bandi-logo.png","width":264,"height":111,"caption":"BANDI"},"image":{"@id":"https:\/\/www.bandi.pl\/blog\/#\/schema\/logo\/image\/"},"sameAs":["https:\/\/web.facebook.com\/BANDIcosmetics","https:\/\/x.com\/bandi_cosmetics","https:\/\/www.instagram.com\/bandi_cosmetics\/","https:\/\/www.pinterest.com\/bandicosmetics\/","https:\/\/www.youtube.com\/user\/BandiCosmeticsPolska"]},{"@type":"Person","@id":"https:\/\/www.bandi.pl\/blog\/#\/schema\/person\/5ba05af1a18c58f1c31d4ae051ec9499","name":"Ilona Kiraga"}]}},"_links":{"self":[{"href":"https:\/\/www.bandi.pl\/blog\/wp-json\/wp\/v2\/posts\/13091","targetHints":{"allow":["GET"]}}],"collection":[{"href":"https:\/\/www.bandi.pl\/blog\/wp-json\/wp\/v2\/posts"}],"about":[{"href":"https:\/\/www.bandi.pl\/blog\/wp-json\/wp\/v2\/types\/post"}],"author":[{"embeddable":true,"href":"https:\/\/www.bandi.pl\/blog\/wp-json\/wp\/v2\/users\/13"}],"replies":[{"embeddable":true,"href":"https:\/\/www.bandi.pl\/blog\/wp-json\/wp\/v2\/comments?post=13091"}],"version-history":[{"count":5,"href":"https:\/\/www.bandi.pl\/blog\/wp-json\/wp\/v2\/posts\/13091\/revisions"}],"predecessor-version":[{"id":13098,"href":"https:\/\/www.bandi.pl\/blog\/wp-json\/wp\/v2\/posts\/13091\/revisions\/13098"}],"wp:featuredmedia":[{"embeddable":true,"href":"https:\/\/www.bandi.pl\/blog\/wp-json\/wp\/v2\/media\/13095"}],"wp:attachment":[{"href":"https:\/\/www.bandi.pl\/blog\/wp-json\/wp\/v2\/media?parent=13091"}],"wp:term":[{"taxonomy":"category","embeddable":true,"href":"https:\/\/www.bandi.pl\/blog\/wp-json\/wp\/v2\/categories?post=13091"},{"taxonomy":"post_tag","embeddable":true,"href":"https:\/\/www.bandi.pl\/blog\/wp-json\/wp\/v2\/tags?post=13091"}],"curies":[{"name":"wp","href":"https:\/\/api.w.org\/{rel}","templated":true}]}}