{"id":12946,"date":"2021-11-25T10:07:06","date_gmt":"2021-11-25T09:07:06","guid":{"rendered":"https:\/\/www.bandi.pl\/blog\/?p=12946"},"modified":"2022-02-11T11:07:54","modified_gmt":"2022-02-11T10:07:54","slug":"moja-jesienna-pielegnacja","status":"publish","type":"post","link":"https:\/\/www.bandi.pl\/blog\/moja-jesienna-pielegnacja\/","title":{"rendered":"Moja jesienna piel\u0119gnacja"},"content":{"rendered":"\n<p>Hej, jestem Martyna i z przyjemno\u015bci\u0105 opisz\u0119 Wam jak wygl\u0105da moja jesienna piel\u0119gnacja sk\u00f3ry. Na pocz\u0105tku troch\u0119 o mnie&#8230; Dzia\u0142am w internecie od ponad dw\u00f3ch lat, ale \u015bwiadom\u0105 piel\u0119gnacj\u0119 twarzy odkry\u0142am w styczniu, tego roku.&nbsp;Jestem po kuracji izotekiem, wi\u0119c wa\u017cne jest dla mnie to, \u017ceby utrzyma\u0107 sk\u00f3r\u0119 w dobrym stanie. Z pomoc\u0105 przychodz\u0105 mi kosmetyki marki <a href=\"https:\/\/www.bandi.pl\/\" target=\"_blank\" rel=\"noreferrer noopener\">Bandi<\/a>.<\/p>\n\n\n\n<h2 class=\"wp-block-heading\" id=\"h-kosmetyki-na-jesie-krem-z-spf\">Kosmetyki na jesie\u0144 &#8211; krem z SPF<\/h2>\n\n\n\n<p>Pierwszym i najwa\u017cniejszym produktem, kt\u00f3rego nie mo\u017ce zabrakn\u0105\u0107 w \u015bwiadomej piel\u0119gnacji sk\u00f3ry jest <a href=\"https:\/\/www.bandi.pl\/sklep\/katalog.php?wyr=spf\" target=\"_blank\" rel=\"noreferrer noopener\">krem z filtrem<\/a>. To preparat, kt\u00f3ry powinni\u015bmy stosowa\u0107 przez ca\u0142y rok. Promieniowanie UV jest bowiem niezwykle szkodliwe dla naszej sk\u00f3ry i mo\u017ce zaostrza\u0107 tr\u0105dzik, przyczynia\u0107 si\u0119 do powstawania podra\u017cnie\u0144, nie m\u00f3wi\u0105c ju\u017c o przebarwieniach i fotostarzeniu. Bez niego, moim zdaniem piel\u0119gnacja nie ma sensu i je\u015bli chcemy zmieni\u0107 nasze nawyki piel\u0119gnacyjne, to radz\u0119 zacz\u0105\u0107 w\u0142a\u015bnie od niego. Mamy jesie\u0144, wi\u0119c nasza sk\u00f3ra potrzebuje tak\u017ce nawil\u017cenia. Dlatego dobrze, aby krem z SPF dzia\u0142a\u0142 r\u00f3wnie\u017c w tym zakresie. St\u0105d chcia\u0142abym przedstawi\u0107 Wam <a href=\"https:\/\/www.bandi.pl\/drskinclinic\/produkt.php?id=913\" target=\"_blank\" rel=\"noreferrer noopener\">Krem intensywna ochrona SPF50<\/a>. Chroni on nasz\u0105 sk\u00f3r\u0119 przed promieniowaniem UVA, UVB oraz VIS. Zawiera w sobie niacynamid, kt\u00f3ry normalizuje prac\u0119 gruczo\u0142\u00f3w \u0142ojowych oraz poprawia koloryt naszej cery. Krem z filtrem jest tak\u017ce \u015bwietnym produktem przeciwzmarszczkowym! <\/p>\n\n\n\n<h2 class=\"wp-block-heading\">Jesienne kosmetyki z witamin\u0105 C<\/h2>\n\n\n\n<p>Kolejnym \u015bwietnym produktem, kt\u00f3ry moim zdaniem ka\u017cdy powinien w\u0142\u0105czy\u0107 do swojej piel\u0119gnacji jest <a href=\"https:\/\/www.bandi.pl\/sklep\/koncentraty\/koncentrat-z-aktywna-witamina-c-701\/\">Koncentrat z aktywn\u0105 witamin\u0105 C<\/a>. Rozja\u015bnia on przebarwienia, pomaga w redukcji zmarszczek. Sk\u00f3ra po nim jest pi\u0119knie roz\u015bwietlona. Witamina C na\u0142o\u017cona przed kremem z filtrem doskonale wspomo\u017ce jego dzia\u0142anie. Odk\u0105d w\u0142\u0105czy\u0142am kosmetyk z witamin\u0105 C do swojej codziennej piel\u0119gnacji, widz\u0119 \u017ce naprawd\u0119 wygl\u0105da ona zdrowiej.<\/p>\n\n\n\n<p>Je\u015bli ju\u017c mowa o witaminie C, to moim faworytem jest tak\u017ce <a href=\"https:\/\/www.bandi.pl\/sklep\/kremy\/krem-pod-oczy-z-aktywna-witamina-c-737\/\" target=\"_blank\" rel=\"noreferrer noopener\">Krem pod oczy z aktywn\u0105 witamin\u0105 C<\/a>. Poza witamin\u0105 C zawiera on tak\u017ce, tr\u00f3jpeptyd-5, ro\u015blinny kompleks rozja\u015bniaj\u0105cy oraz algi. Krem rozja\u015bnia cienie pod oczami, sp\u0142yca zmarszczki oraz stymuluje syntez\u0119 kolagenu. <\/p>\n\n\n\n<h2 class=\"wp-block-heading\">Idealny czas na kwasy<\/h2>\n\n\n\n<p>Nast\u0119pnie chcia\u0142abym Wam opowiedzie\u0107 o <a href=\"https:\/\/www.bandi.pl\/sklep\/ampulki\/skoncentrowana-ampulka-antytradzikowa-552\/\">Skoncentrowanej ampu\u0142ce antytr\u0105dzikowej<\/a>, kt\u00f3ra idealnie sprawdzi si\u0119 w jesiennej piel\u0119gnacji. Zawiera ona 2% kwasu salicylowego oraz olejek z drzewa herbacianego. Kwas salicylowy pomaga w walce z zask\u00f3rnikami i niedoskona\u0142o\u015bciami, oraz redukuje nadmierne przet\u0142uszczanie si\u0119 cery. Skutecznie dzia\u0142a na rozszerzone pory, oraz co ciekawe pomaga przy cz\u0119stym wyst\u0119powaniu zapalenia mieszk\u00f3w w\u0142osowych. Je\u015bli chodzi o olejek z drzewa herbacianego to r\u00f3wnie\u017c normalizuje on prac\u0119 gruczo\u0142\u00f3w \u0142ojowych, co przyczynia si\u0119 do mniejszej ilo\u015bci wydzielanego sebum, a co za tym idzie sk\u00f3ra nie \u015bwieci si\u0119 a\u017c tak mocno i nie przet\u0142uszcza. <\/p>\n\n\n\n<div class=\"wp-block-image\"><figure class=\"aligncenter size-large\"><img loading=\"lazy\" decoding=\"async\" width=\"426\" height=\"500\" src=\"https:\/\/www.bandi.pl\/blog\/wp-content\/uploads\/2021\/11\/zdjecie-1-426x500.jpg\" alt=\"jesienna piel\u0119gnacja z Bandi\" class=\"wp-image-12947\"\/><\/figure><\/div>\n\n\n\n<h2 class=\"wp-block-heading\">Co do demakija\u017cu?<\/h2>\n\n\n\n<p>Demakija\u017c to jeden z najwa\u017cniejszych etap\u00f3w piel\u0119gnacji naszej sk\u00f3ry. Resztki makija\u017cu czy produkt\u00f3w s\u0105 doskona\u0142ym \u015brodowiskiem do rozwoju bakterii, a co za tym idzie mog\u0105 przyczyni\u0107 si\u0119 do powstawania podra\u017cnie\u0144, wyprysk\u00f3w i niedoskona\u0142o\u015bci. Brak dok\u0142adnego oczyszczenia sk\u00f3ry, mo\u017ce r\u00f3wnie\u017c prowadzi\u0107 do zalegania na sk\u00f3rze warstwy martwego nask\u00f3rka, kt\u00f3ra b\u0119dzie utrudnia\u0142a wnikanie sk\u0142adnik\u00f3w aktywnych z innych etap\u00f3w piel\u0119gnacji. <\/p>\n\n\n\n<p>Do demakija\u017cu stosuj\u0119 <a href=\"https:\/\/www.bandi.pl\/sklep\/balsamy\/emoliencyjne-maselko-oczyszczajace-2-w-1-demakijaz-i-mycie-twarzy!-887\/\" target=\"_blank\" rel=\"noreferrer noopener\">Emoliencyjne mase\u0142ko oczyszczaj\u0105ce 2w1<\/a> i <a href=\"https:\/\/www.bandi.pl\/sklep\/zele\/tonizujacy-zel-do-mycia-twarzy-752\/\" target=\"_blank\" rel=\"noreferrer noopener\">Tonizuj\u0105cy \u017cel do mycia twarzy<\/a>. Mase\u0142ko jest bardzo delikatne i skutecznie domywa makija\u017c. Nie trzemy wtedy niepotrzebnie sk\u00f3ry wacikami, tylko delikatnie suniemy po niej d\u0142o\u0144mi razem z mase\u0142kiem, kt\u00f3re jest bardzo g\u0142adkie. Dodatkowo nawil\u017ca sk\u00f3r\u0119, oraz uelastycznia nask\u00f3rek. Mase\u0142ko domywam \u017celem. Posiada on 98% sk\u0142adnik\u00f3w pochodzenia naturalnego, przez co nie pieni si\u0119 a\u017c tak mocno. Jego sk\u0142adniki aktywne to: \u0142agodna betaina, bioferment z bambusa, trehaloza oraz&nbsp; bioferment w kukurydzy.<\/p>\n\n\n\n<h2 class=\"wp-block-heading\">Nocna regeneracja<\/h2>\n\n\n\n<p>Na noc dodatkowo si\u0119gam po <a href=\"https:\/\/www.bandi.pl\/sklep\/maski\/calonocna-kuracja-nawilzajaco-lagodzaca-850\/\" target=\"_blank\" rel=\"noreferrer noopener\">Ca\u0142onocn\u0105 kuracj\u0119 nawil\u017caj\u0105co-\u0142agodz\u0105c\u0105<\/a>, kt\u00f3ra zawiera: aktywny kompleks arniki g\u00f3rskiej i kasztanowca, alantoin\u0119, d-pantenol, olej makadamia, pszeniczny kompleks koj\u0105cy oraz skwalan. To preparat dla ka\u017cdego, niezale\u017cnie od typu sk\u00f3ry. Krem wzmacnia naturaln\u0105 barier\u0119 ochronn\u0105 nask\u00f3rka oraz sprawia, \u017ce sk\u00f3ra staje si\u0119 mi\u0119kka i elastyczna. Lubi\u0119 go za to \u017ce nie jest ci\u0119\u017ckim kremem i szybko si\u0119 wch\u0142ania. <\/p>\n\n\n\n<p>Tak wygl\u0105da moja jesienna piel\u0119gnacja z Bandi. Kosmetyki te sprawdzaj\u0105 si\u0119 u mnie doskonale. Oferta firmy w zakresie piel\u0119gnacji sk\u00f3ry jest bardzo szeroka i dostosowana do ka\u017cdego typu cery. Jestem wi\u0119c przekonana, \u017ce r\u00f3wnie\u017c Wy znajdziecie tu swoich ulubie\u0144c\u00f3w.  <\/p>\n\n\n\n<div class=\"wp-block-divi-layout\">[et_pb_section fb_built=&#8221;1&#8243; _builder_version=&#8221;4.4.1&#8243;][\/et_pb_section][et_pb_section fb_built=&#8221;1&#8243; _builder_version=&#8221;4.4.1&#8243; top_divider_style=&#8221;arrow&#8221; top_divider_color=&#8221;rgba(255,166,168,0.75)&#8221; top_divider_height=&#8221;1px&#8221; bottom_divider_style=&#8221;arrow&#8221; bottom_divider_color=&#8221;rgba(255,166,168,0.75)&#8221; bottom_divider_height=&#8221;1px&#8221;][et_pb_row column_structure=&#8221;1_2,1_2&#8243; _builder_version=&#8221;4.4.1&#8243; width=&#8221;100%&#8221; module_alignment=&#8221;left&#8221; custom_margin=&#8221;||||false|false&#8221;][et_pb_column type=&#8221;1_2&#8243; _builder_version=&#8221;4.4.1&#8243;][et_pb_text _builder_version=&#8221;4.4.1&#8243; text_font=&#8221;Raleway Bold||||||||&#8221; text_text_color=&#8221;rgba(255,166,168,0.75)&#8221; text_font_size=&#8221;56px&#8221; text_letter_spacing=&#8221;8px&#8221; text_line_height=&#8221;1.1em&#8221; custom_margin=&#8221;40px||||false|false&#8221; link_option_url=&#8221;https:\/\/www.bandi.pl\/&#8221;]<p style=\"text-align: center;\"><strong><span style=\"font-size: xx-large;\">BANDI COSMETICS<\/span><br \/><\/strong><\/p>[\/et_pb_text][et_pb_text _builder_version=&#8221;4.4.1&#8243; text_font=&#8221;Raleway Regular||||||||&#8221; text_text_color=&#8221;#b8b8b8&#8243; text_font_size=&#8221;22px&#8221; text_line_height=&#8221;1.5em&#8221; link_option_url=&#8221;https:\/\/www.bandi.pl\/&#8221;]<p style=\"text-align: center\"><\/p>\n<p style=\"text-align: center\"><\/p>\n<p style=\"text-align: center\">Sprawdzony spos\u00f3b na jesienn\u0105 piel\u0119gnacj\u0119 sk\u00f3ry<\/p>[\/et_pb_text][et_pb_button button_url=&#8221;https:\/\/www.bandi.pl\/&#8221; button_text=&#8221;ZOBACZ&#8221; button_alignment=&#8221;center&#8221; disabled_on=&#8221;off|off|off&#8221; _builder_version=&#8221;4.4.1&#8243; custom_button=&#8221;on&#8221; button_text_size=&#8221;20px&#8221; button_text_color=&#8221;#ffffff&#8221; button_border_radius=&#8221;25px&#8221; button_font=&#8221;Bree Serif||||||||&#8221; background_layout=&#8221;dark&#8221; custom_padding=&#8221;12px|30px|12px|30px|true|true&#8221; hover_transition_duration=&#8221;0ms&#8221; box_shadow_style=&#8221;preset3&#8243;][\/et_pb_button][\/et_pb_column][et_pb_column type=&#8221;1_2&#8243; _builder_version=&#8221;4.4.1&#8243;][et_pb_image src=&#8221;https:\/\/www.bandi.pl\/blog\/wp-content\/uploads\/2021\/11\/IS_-7267.jpg&#8221; url=&#8221;https:\/\/www.bandi.pl\/&#8221; align=&#8221;center&#8221; _builder_version=&#8221;4.4.1&#8243;][\/et_pb_image][\/et_pb_column][\/et_pb_row][\/et_pb_section]<\/div>\n\n\n\n<p><\/p>\n","protected":false},"excerpt":{"rendered":"<p>Hej, jestem Martyna i z przyjemno\u015bci\u0105 opisz\u0119 Wam jak wygl\u0105da moja jesienna piel\u0119gnacja sk\u00f3ry. Na pocz\u0105tku troch\u0119 o mnie&#8230; Dzia\u0142am w internecie od ponad dw\u00f3ch lat, ale \u015bwiadom\u0105 piel\u0119gnacj\u0119 twarzy odkry\u0142am w styczniu, tego roku.&nbsp;Jestem po kuracji izotekiem, wi\u0119c wa\u017cne jest dla mnie to, \u017ceby utrzyma\u0107 sk\u00f3r\u0119 w dobrym stanie. Z pomoc\u0105 przychodz\u0105 mi kosmetyki [&hellip;]<\/p>\n","protected":false},"author":13,"featured_media":13006,"comment_status":"open","ping_status":"closed","sticky":false,"template":"","format":"standard","meta":{"_et_pb_use_builder":"","_et_pb_old_content":"","_et_gb_content_width":"","footnotes":""},"categories":[6852,2018],"tags":[3445,102,6855,6856,5217,6854,6853,4967,4685,5423,4230,28,4417],"class_list":["post-12946","post","type-post","status-publish","format-standard","has-post-thumbnail","hentry","category-martyna-stasiewicz","category-kategoria-vloger-poleca","tag-bandi","tag-demakijaz","tag-demakijaz-dwuetapowy","tag-emoliecyjne-maselko","tag-jesienna-pielegnacja-skory","tag-jesienne-kosmetyki","tag-kosmetyki-na-jesien","tag-kosmetyki-z-kwasami","tag-krem-z-spf","tag-nawilzanie-skory","tag-pielegnacja-profesjonalna","tag-witamina-c","tag-zel-do-demakijazu"],"yoast_head":"<!-- This site is optimized with the Yoast SEO plugin v27.1.1 - https:\/\/yoast.com\/product\/yoast-seo-wordpress\/ -->\n<title>Moja jesienna piel\u0119gnacja &#187; Blog BANDI<\/title>\n<meta name=\"description\" content=\"Jesienna piel\u0119gnacja sk\u00f3ry z Bandi. Jakie kosmetyki wybra\u0107? Sprawd\u017a co polecaj\u0105 influencerzy.\" \/>\n<meta name=\"robots\" content=\"index, follow, max-snippet:-1, max-image-preview:large, max-video-preview:-1\" \/>\n<link rel=\"canonical\" href=\"https:\/\/www.bandi.pl\/blog\/moja-jesienna-pielegnacja\/\" \/>\n<meta property=\"og:locale\" content=\"pl_PL\" \/>\n<meta property=\"og:type\" content=\"article\" \/>\n<meta property=\"og:title\" content=\"Moja jesienna piel\u0119gnacja &#187; Blog BANDI\" \/>\n<meta property=\"og:description\" content=\"Jesienna piel\u0119gnacja sk\u00f3ry z Bandi. Jakie kosmetyki wybra\u0107? Sprawd\u017a co polecaj\u0105 influencerzy.\" \/>\n<meta property=\"og:url\" content=\"https:\/\/www.bandi.pl\/blog\/moja-jesienna-pielegnacja\/\" \/>\n<meta property=\"og:site_name\" content=\"Blog BANDI\" \/>\n<meta property=\"article:publisher\" content=\"https:\/\/web.facebook.com\/BANDIcosmetics\" \/>\n<meta property=\"article:published_time\" content=\"2021-11-25T09:07:06+00:00\" \/>\n<meta property=\"article:modified_time\" content=\"2022-02-11T10:07:54+00:00\" \/>\n<meta property=\"og:image\" content=\"https:\/\/www.bandi.pl\/blog\/wp-content\/uploads\/2021\/11\/Projekt-bez-tytulu178-705x500.png\" \/>\n\t<meta property=\"og:image:width\" content=\"705\" \/>\n\t<meta property=\"og:image:height\" content=\"500\" \/>\n\t<meta property=\"og:image:type\" content=\"image\/png\" \/>\n<meta name=\"author\" content=\"Ilona Kiraga\" \/>\n<meta name=\"twitter:card\" content=\"summary_large_image\" \/>\n<meta name=\"twitter:creator\" content=\"@bandi_cosmetics\" \/>\n<meta name=\"twitter:site\" content=\"@bandi_cosmetics\" \/>\n<meta name=\"twitter:label1\" content=\"Napisane przez\" \/>\n\t<meta name=\"twitter:data1\" content=\"Ilona Kiraga\" \/>\n\t<meta name=\"twitter:label2\" content=\"Szacowany czas czytania\" \/>\n\t<meta name=\"twitter:data2\" content=\"4 minuty\" \/>\n<script type=\"application\/ld+json\" class=\"yoast-schema-graph\">{\"@context\":\"https:\/\/schema.org\",\"@graph\":[{\"@type\":\"Article\",\"@id\":\"https:\/\/www.bandi.pl\/blog\/moja-jesienna-pielegnacja\/#article\",\"isPartOf\":{\"@id\":\"https:\/\/www.bandi.pl\/blog\/moja-jesienna-pielegnacja\/\"},\"author\":{\"name\":\"Ilona Kiraga\",\"@id\":\"https:\/\/www.bandi.pl\/blog\/#\/schema\/person\/5ba05af1a18c58f1c31d4ae051ec9499\"},\"headline\":\"Moja jesienna piel\u0119gnacja\",\"datePublished\":\"2021-11-25T09:07:06+00:00\",\"dateModified\":\"2022-02-11T10:07:54+00:00\",\"mainEntityOfPage\":{\"@id\":\"https:\/\/www.bandi.pl\/blog\/moja-jesienna-pielegnacja\/\"},\"wordCount\":1049,\"commentCount\":0,\"publisher\":{\"@id\":\"https:\/\/www.bandi.pl\/blog\/#organization\"},\"image\":{\"@id\":\"https:\/\/www.bandi.pl\/blog\/moja-jesienna-pielegnacja\/#primaryimage\"},\"thumbnailUrl\":\"https:\/\/www.bandi.pl\/blog\/wp-content\/uploads\/2021\/11\/Projekt-bez-tytulu178.png\",\"keywords\":[\"Bandi\",\"demakija\u017c\",\"demakija\u017c dwuetapowy\",\"emoliecyjne mase\u0142ko\",\"jesienna piel\u0119gnacja sk\u00f3ry\",\"jesienne kosmetyki\",\"kosmetyki na jesie\u0144\",\"kosmetyki z kwasami\",\"krem z spf\",\"nawil\u017canie sk\u00f3ry\",\"piel\u0119gnacja profesjonalna\",\"witamina C\",\"\u017cel do demakija\u017cu\"],\"articleSection\":[\"Martyna Stasiewicz\",\"Vloger poleca\"],\"inLanguage\":\"pl-PL\",\"potentialAction\":[{\"@type\":\"CommentAction\",\"name\":\"Comment\",\"target\":[\"https:\/\/www.bandi.pl\/blog\/moja-jesienna-pielegnacja\/#respond\"]}]},{\"@type\":\"WebPage\",\"@id\":\"https:\/\/www.bandi.pl\/blog\/moja-jesienna-pielegnacja\/\",\"url\":\"https:\/\/www.bandi.pl\/blog\/moja-jesienna-pielegnacja\/\",\"name\":\"Moja jesienna piel\u0119gnacja &#187; Blog BANDI\",\"isPartOf\":{\"@id\":\"https:\/\/www.bandi.pl\/blog\/#website\"},\"primaryImageOfPage\":{\"@id\":\"https:\/\/www.bandi.pl\/blog\/moja-jesienna-pielegnacja\/#primaryimage\"},\"image\":{\"@id\":\"https:\/\/www.bandi.pl\/blog\/moja-jesienna-pielegnacja\/#primaryimage\"},\"thumbnailUrl\":\"https:\/\/www.bandi.pl\/blog\/wp-content\/uploads\/2021\/11\/Projekt-bez-tytulu178.png\",\"datePublished\":\"2021-11-25T09:07:06+00:00\",\"dateModified\":\"2022-02-11T10:07:54+00:00\",\"description\":\"Jesienna piel\u0119gnacja sk\u00f3ry z Bandi. Jakie kosmetyki wybra\u0107? Sprawd\u017a co polecaj\u0105 influencerzy.\",\"breadcrumb\":{\"@id\":\"https:\/\/www.bandi.pl\/blog\/moja-jesienna-pielegnacja\/#breadcrumb\"},\"inLanguage\":\"pl-PL\",\"potentialAction\":[{\"@type\":\"ReadAction\",\"target\":[\"https:\/\/www.bandi.pl\/blog\/moja-jesienna-pielegnacja\/\"]}]},{\"@type\":\"ImageObject\",\"inLanguage\":\"pl-PL\",\"@id\":\"https:\/\/www.bandi.pl\/blog\/moja-jesienna-pielegnacja\/#primaryimage\",\"url\":\"https:\/\/www.bandi.pl\/blog\/wp-content\/uploads\/2021\/11\/Projekt-bez-tytulu178.png\",\"contentUrl\":\"https:\/\/www.bandi.pl\/blog\/wp-content\/uploads\/2021\/11\/Projekt-bez-tytulu178.png\",\"width\":1748,\"height\":1240},{\"@type\":\"BreadcrumbList\",\"@id\":\"https:\/\/www.bandi.pl\/blog\/moja-jesienna-pielegnacja\/#breadcrumb\",\"itemListElement\":[{\"@type\":\"ListItem\",\"position\":1,\"name\":\"BANDI\",\"item\":\"https:\/\/www.bandi.pl\/blog\/\"},{\"@type\":\"ListItem\",\"position\":2,\"name\":\"Moja jesienna piel\u0119gnacja\"}]},{\"@type\":\"WebSite\",\"@id\":\"https:\/\/www.bandi.pl\/blog\/#website\",\"url\":\"https:\/\/www.bandi.pl\/blog\/\",\"name\":\"Blog BANDI\",\"description\":\"Czarno na bia\u0142ym o kosmetykach\",\"publisher\":{\"@id\":\"https:\/\/www.bandi.pl\/blog\/#organization\"},\"potentialAction\":[{\"@type\":\"SearchAction\",\"target\":{\"@type\":\"EntryPoint\",\"urlTemplate\":\"https:\/\/www.bandi.pl\/blog\/?s={search_term_string}\"},\"query-input\":{\"@type\":\"PropertyValueSpecification\",\"valueRequired\":true,\"valueName\":\"search_term_string\"}}],\"inLanguage\":\"pl-PL\"},{\"@type\":\"Organization\",\"@id\":\"https:\/\/www.bandi.pl\/blog\/#organization\",\"name\":\"BANDI\",\"url\":\"https:\/\/www.bandi.pl\/blog\/\",\"logo\":{\"@type\":\"ImageObject\",\"inLanguage\":\"pl-PL\",\"@id\":\"https:\/\/www.bandi.pl\/blog\/#\/schema\/logo\/image\/\",\"url\":\"https:\/\/www.bandi.pl\/blog\/wp-content\/uploads\/2019\/06\/bandi-logo.png\",\"contentUrl\":\"https:\/\/www.bandi.pl\/blog\/wp-content\/uploads\/2019\/06\/bandi-logo.png\",\"width\":264,\"height\":111,\"caption\":\"BANDI\"},\"image\":{\"@id\":\"https:\/\/www.bandi.pl\/blog\/#\/schema\/logo\/image\/\"},\"sameAs\":[\"https:\/\/web.facebook.com\/BANDIcosmetics\",\"https:\/\/x.com\/bandi_cosmetics\",\"https:\/\/www.instagram.com\/bandi_cosmetics\/\",\"https:\/\/www.pinterest.com\/bandicosmetics\/\",\"https:\/\/www.youtube.com\/user\/BandiCosmeticsPolska\"]},{\"@type\":\"Person\",\"@id\":\"https:\/\/www.bandi.pl\/blog\/#\/schema\/person\/5ba05af1a18c58f1c31d4ae051ec9499\",\"name\":\"Ilona Kiraga\"}]}<\/script>\n<!-- \/ Yoast SEO plugin. -->","yoast_head_json":{"title":"Moja jesienna piel\u0119gnacja &#187; Blog BANDI","description":"Jesienna piel\u0119gnacja sk\u00f3ry z Bandi. Jakie kosmetyki wybra\u0107? Sprawd\u017a co polecaj\u0105 influencerzy.","robots":{"index":"index","follow":"follow","max-snippet":"max-snippet:-1","max-image-preview":"max-image-preview:large","max-video-preview":"max-video-preview:-1"},"canonical":"https:\/\/www.bandi.pl\/blog\/moja-jesienna-pielegnacja\/","og_locale":"pl_PL","og_type":"article","og_title":"Moja jesienna piel\u0119gnacja &#187; Blog BANDI","og_description":"Jesienna piel\u0119gnacja sk\u00f3ry z Bandi. Jakie kosmetyki wybra\u0107? Sprawd\u017a co polecaj\u0105 influencerzy.","og_url":"https:\/\/www.bandi.pl\/blog\/moja-jesienna-pielegnacja\/","og_site_name":"Blog BANDI","article_publisher":"https:\/\/web.facebook.com\/BANDIcosmetics","article_published_time":"2021-11-25T09:07:06+00:00","article_modified_time":"2022-02-11T10:07:54+00:00","og_image":[{"width":705,"height":500,"url":"https:\/\/www.bandi.pl\/blog\/wp-content\/uploads\/2021\/11\/Projekt-bez-tytulu178-705x500.png","type":"image\/png"}],"author":"Ilona Kiraga","twitter_card":"summary_large_image","twitter_creator":"@bandi_cosmetics","twitter_site":"@bandi_cosmetics","twitter_misc":{"Napisane przez":"Ilona Kiraga","Szacowany czas czytania":"4 minuty"},"schema":{"@context":"https:\/\/schema.org","@graph":[{"@type":"Article","@id":"https:\/\/www.bandi.pl\/blog\/moja-jesienna-pielegnacja\/#article","isPartOf":{"@id":"https:\/\/www.bandi.pl\/blog\/moja-jesienna-pielegnacja\/"},"author":{"name":"Ilona Kiraga","@id":"https:\/\/www.bandi.pl\/blog\/#\/schema\/person\/5ba05af1a18c58f1c31d4ae051ec9499"},"headline":"Moja jesienna piel\u0119gnacja","datePublished":"2021-11-25T09:07:06+00:00","dateModified":"2022-02-11T10:07:54+00:00","mainEntityOfPage":{"@id":"https:\/\/www.bandi.pl\/blog\/moja-jesienna-pielegnacja\/"},"wordCount":1049,"commentCount":0,"publisher":{"@id":"https:\/\/www.bandi.pl\/blog\/#organization"},"image":{"@id":"https:\/\/www.bandi.pl\/blog\/moja-jesienna-pielegnacja\/#primaryimage"},"thumbnailUrl":"https:\/\/www.bandi.pl\/blog\/wp-content\/uploads\/2021\/11\/Projekt-bez-tytulu178.png","keywords":["Bandi","demakija\u017c","demakija\u017c dwuetapowy","emoliecyjne mase\u0142ko","jesienna piel\u0119gnacja sk\u00f3ry","jesienne kosmetyki","kosmetyki na jesie\u0144","kosmetyki z kwasami","krem z spf","nawil\u017canie sk\u00f3ry","piel\u0119gnacja profesjonalna","witamina C","\u017cel do demakija\u017cu"],"articleSection":["Martyna Stasiewicz","Vloger poleca"],"inLanguage":"pl-PL","potentialAction":[{"@type":"CommentAction","name":"Comment","target":["https:\/\/www.bandi.pl\/blog\/moja-jesienna-pielegnacja\/#respond"]}]},{"@type":"WebPage","@id":"https:\/\/www.bandi.pl\/blog\/moja-jesienna-pielegnacja\/","url":"https:\/\/www.bandi.pl\/blog\/moja-jesienna-pielegnacja\/","name":"Moja jesienna piel\u0119gnacja &#187; Blog BANDI","isPartOf":{"@id":"https:\/\/www.bandi.pl\/blog\/#website"},"primaryImageOfPage":{"@id":"https:\/\/www.bandi.pl\/blog\/moja-jesienna-pielegnacja\/#primaryimage"},"image":{"@id":"https:\/\/www.bandi.pl\/blog\/moja-jesienna-pielegnacja\/#primaryimage"},"thumbnailUrl":"https:\/\/www.bandi.pl\/blog\/wp-content\/uploads\/2021\/11\/Projekt-bez-tytulu178.png","datePublished":"2021-11-25T09:07:06+00:00","dateModified":"2022-02-11T10:07:54+00:00","description":"Jesienna piel\u0119gnacja sk\u00f3ry z Bandi. Jakie kosmetyki wybra\u0107? Sprawd\u017a co polecaj\u0105 influencerzy.","breadcrumb":{"@id":"https:\/\/www.bandi.pl\/blog\/moja-jesienna-pielegnacja\/#breadcrumb"},"inLanguage":"pl-PL","potentialAction":[{"@type":"ReadAction","target":["https:\/\/www.bandi.pl\/blog\/moja-jesienna-pielegnacja\/"]}]},{"@type":"ImageObject","inLanguage":"pl-PL","@id":"https:\/\/www.bandi.pl\/blog\/moja-jesienna-pielegnacja\/#primaryimage","url":"https:\/\/www.bandi.pl\/blog\/wp-content\/uploads\/2021\/11\/Projekt-bez-tytulu178.png","contentUrl":"https:\/\/www.bandi.pl\/blog\/wp-content\/uploads\/2021\/11\/Projekt-bez-tytulu178.png","width":1748,"height":1240},{"@type":"BreadcrumbList","@id":"https:\/\/www.bandi.pl\/blog\/moja-jesienna-pielegnacja\/#breadcrumb","itemListElement":[{"@type":"ListItem","position":1,"name":"BANDI","item":"https:\/\/www.bandi.pl\/blog\/"},{"@type":"ListItem","position":2,"name":"Moja jesienna piel\u0119gnacja"}]},{"@type":"WebSite","@id":"https:\/\/www.bandi.pl\/blog\/#website","url":"https:\/\/www.bandi.pl\/blog\/","name":"Blog BANDI","description":"Czarno na bia\u0142ym o kosmetykach","publisher":{"@id":"https:\/\/www.bandi.pl\/blog\/#organization"},"potentialAction":[{"@type":"SearchAction","target":{"@type":"EntryPoint","urlTemplate":"https:\/\/www.bandi.pl\/blog\/?s={search_term_string}"},"query-input":{"@type":"PropertyValueSpecification","valueRequired":true,"valueName":"search_term_string"}}],"inLanguage":"pl-PL"},{"@type":"Organization","@id":"https:\/\/www.bandi.pl\/blog\/#organization","name":"BANDI","url":"https:\/\/www.bandi.pl\/blog\/","logo":{"@type":"ImageObject","inLanguage":"pl-PL","@id":"https:\/\/www.bandi.pl\/blog\/#\/schema\/logo\/image\/","url":"https:\/\/www.bandi.pl\/blog\/wp-content\/uploads\/2019\/06\/bandi-logo.png","contentUrl":"https:\/\/www.bandi.pl\/blog\/wp-content\/uploads\/2019\/06\/bandi-logo.png","width":264,"height":111,"caption":"BANDI"},"image":{"@id":"https:\/\/www.bandi.pl\/blog\/#\/schema\/logo\/image\/"},"sameAs":["https:\/\/web.facebook.com\/BANDIcosmetics","https:\/\/x.com\/bandi_cosmetics","https:\/\/www.instagram.com\/bandi_cosmetics\/","https:\/\/www.pinterest.com\/bandicosmetics\/","https:\/\/www.youtube.com\/user\/BandiCosmeticsPolska"]},{"@type":"Person","@id":"https:\/\/www.bandi.pl\/blog\/#\/schema\/person\/5ba05af1a18c58f1c31d4ae051ec9499","name":"Ilona Kiraga"}]}},"_links":{"self":[{"href":"https:\/\/www.bandi.pl\/blog\/wp-json\/wp\/v2\/posts\/12946","targetHints":{"allow":["GET"]}}],"collection":[{"href":"https:\/\/www.bandi.pl\/blog\/wp-json\/wp\/v2\/posts"}],"about":[{"href":"https:\/\/www.bandi.pl\/blog\/wp-json\/wp\/v2\/types\/post"}],"author":[{"embeddable":true,"href":"https:\/\/www.bandi.pl\/blog\/wp-json\/wp\/v2\/users\/13"}],"replies":[{"embeddable":true,"href":"https:\/\/www.bandi.pl\/blog\/wp-json\/wp\/v2\/comments?post=12946"}],"version-history":[{"count":12,"href":"https:\/\/www.bandi.pl\/blog\/wp-json\/wp\/v2\/posts\/12946\/revisions"}],"predecessor-version":[{"id":13644,"href":"https:\/\/www.bandi.pl\/blog\/wp-json\/wp\/v2\/posts\/12946\/revisions\/13644"}],"wp:featuredmedia":[{"embeddable":true,"href":"https:\/\/www.bandi.pl\/blog\/wp-json\/wp\/v2\/media\/13006"}],"wp:attachment":[{"href":"https:\/\/www.bandi.pl\/blog\/wp-json\/wp\/v2\/media?parent=12946"}],"wp:term":[{"taxonomy":"category","embeddable":true,"href":"https:\/\/www.bandi.pl\/blog\/wp-json\/wp\/v2\/categories?post=12946"},{"taxonomy":"post_tag","embeddable":true,"href":"https:\/\/www.bandi.pl\/blog\/wp-json\/wp\/v2\/tags?post=12946"}],"curies":[{"name":"wp","href":"https:\/\/api.w.org\/{rel}","templated":true}]}}