{"id":12904,"date":"2021-11-18T10:16:38","date_gmt":"2021-11-18T09:16:38","guid":{"rendered":"https:\/\/www.bandi.pl\/blog\/?p=12904"},"modified":"2022-02-11T11:09:17","modified_gmt":"2022-02-11T10:09:17","slug":"masaz-twarzy-skuteczna-walka-z-objawami-starzenia-sie-skory","status":"publish","type":"post","link":"https:\/\/www.bandi.pl\/blog\/masaz-twarzy-skuteczna-walka-z-objawami-starzenia-sie-skory\/","title":{"rendered":"Masa\u017c twarzy &#8211; skuteczna walka z objawami starzenia si\u0119 sk\u00f3ry"},"content":{"rendered":"\n<p>W codziennym funkcjonowaniu du\u017c\u0105 wag\u0119 przyk\u0142adamy do stanu i wygl\u0105du mi\u0119\u015bni naszego cia\u0142a. Trenujemy na si\u0142owni, by poprawi\u0107 ich wygl\u0105d, rozci\u0105gamy si\u0119, wykonujemy ca\u0142y szereg czynno\u015bci, by utrzyma\u0107 ich doskona\u0142\u0105 kondycj\u0119. Gdy odczuwamy dyskomfort bez wahania korzystamy z us\u0142ug fizjoterapeuty. A co z nasz\u0105 twarz\u0105 i mi\u0119\u015bniami tu znajduj\u0105cymi si\u0119, kt\u00f3rych jest a\u017c 57? O nie mo\u017cemy zadba\u0107 wykonuj\u0105c regularnie masa\u017c twarzy.<\/p>\n\n\n\n<h2 class=\"wp-block-heading\">Odm\u0142adzaj\u0105cy masa\u017c twarzy<\/h2>\n\n\n\n<p>Masa\u017ce twarzy s\u0105 obecne w ofercie gabinet\u00f3w kosmetycznych od dawna. Wiele z wykwalifikowanych kosmetyczek i kosmetolog\u00f3w nie wyobra\u017ca sobie pracy bez tego elementu. Jest to jedna z najstarszych metod remodelingu. Ta nieinwazyjna forma odm\u0142adzania, niesie ze sob\u0105 wiele korzy\u015bci. Rozlu\u017ania mi\u0119\u015bnie znajduj\u0105ce si\u0119 w hipertonusie, a tak\u017ce relaksuje i uspokaja. Doskonale radzi sobie z drena\u017cem, od\u017cywiaj\u0105c tym samym kom\u00f3rki oraz zmniejszaj\u0105c zastoje limfatyczne i obrz\u0119ki. Reguluje w ten spos\u00f3b tak\u017ce gospodark\u0119 wodn\u0105. Patrz\u0105c ze strony kosmetycznego punktu widzenia masa\u017c zdecydowanie poprawia absorpcj\u0119 sk\u0142adnik\u00f3w aktywnych w g\u0142\u0105b sk\u00f3ry, poprzez jej pobudzenie, a tak\u017ce usprawnia usuwanie toksyn z organizmu. Ruchy masa\u017cu wykonywane na twarzy pomagaj\u0105 tak\u017ce w pozbyciu si\u0119 martwego nask\u00f3rka. Przy tym wszystkim nie mo\u017cemy zapomnie\u0107 r\u00f3wnie\u017c, \u017ce masa\u017c doskonale modeluje i liftinguje sk\u00f3r\u0119 w spos\u00f3b naturalny, poprawiaj\u0105c jej j\u0119drno\u015b\u0107, g\u0119sto\u015b\u0107, co przyczynia si\u0119 do widocznego od\u017cywienia sk\u00f3ry oraz sp\u0142ycenia zmarszczek. <\/p>\n\n\n\n<p>Obserwuj\u0105c jak dobroczynne dzia\u0142anie na sk\u00f3r\u0119 ma masa\u017c oraz bior\u0105c pod uwag\u0119 stosunkowo niewielk\u0105 ilo\u015b\u0107 przeciwwskaza\u0144, specjali\u015bci stworzyli ca\u0142e mn\u00f3stwo technik liftinguj\u0105cego masa\u017cu twarzy.&nbsp;Kobido, transbukalny, dermoplastyczny, mioplastyczny, kassaji, japo\u0144ski lifting to tylko niekt\u00f3re techniki, kt\u00f3re maj\u0105 za zadanie podnie\u015b\u0107 owal twarzy, od\u017cywi\u0107 sk\u00f3r\u0119 od wewn\u0105trz czy wyp\u0142yci\u0107 zmarszczki r\u00f3\u017cnego pochodzenia. S\u0105 to naturalne, nieinwazyjne metody, kt\u00f3re mog\u0105 by\u0107 alternatyw\u0105 dla medycyny estetycznej, ale tak\u017ce jej uzupe\u0142nieniem.<\/p>\n\n\n\n<h2 class=\"wp-block-heading\">Masa\u017c twarzy &#8211; efekty<\/h2>\n\n\n\n<p>Masa\u017c stanowi idealne dope\u0142nienie wielu zabieg\u00f3w, ale mo\u017ce sta\u0107 si\u0119 tak\u017ce zabiegiem samym w sobie. Efekty, kt\u00f3re mo\u017cemy zaobserwowa\u0107 podczas terapii poszczeg\u00f3lnych masa\u017cy s\u0105 kwesti\u0105 mocno indywidualn\u0105. Musimy pami\u0119ta\u0107 o tym,\u017ce na aktualny stan tkanek i ich degradacj\u0119 pracowali\u015bmy latami, wi\u0119c aby go odwr\u00f3ci\u0107 potrzeba czasu. Wyra\u017ana poprawa jest widoczna zazwyczaj go\u0142ym okiem ju\u017c po pierwszej wizycie. Wszystko zale\u017cy od osobniczych cech ka\u017cdego z nas. Najwa\u017cniejsz\u0105 zasad\u0105 jest systematyczno\u015b\u0107. Sukcesywne zabiegi pozwol\u0105 nam na uzyskanie d\u0142ugofalowych efekt\u00f3w, ale tak\u017ce na ich podtrzymanie. Wa\u017cne jest w\u0142a\u015bciwe dobranie masa\u017cu do potrzeb klienta, przy czym b\u0119dzie si\u0119 to zmienia\u0142o z czasem. Rekomendowane jest wykonywanie kilku zabieg\u00f3w (w zale\u017cno\u015bci od stanu sk\u00f3ry) co 2 tygodnie, a terapi\u0119 podtrzymuj\u0105c\u0105 co 3-4 tygodnie.&nbsp;<\/p>\n\n\n\n<h2 class=\"wp-block-heading\">Kosmetyki do masa\u017cu twarzy<\/h2>\n\n\n\n<p>Przeciwzmarszczkowy masa\u017c twarzy wykonywany samodzielnie to tak\u017ce doskona\u0142a opcja, aby urozmaici\u0107 swoj\u0105 rutyn\u0119 piel\u0119gnacyjn\u0105. Ze wzgl\u0119du na popularno\u015b\u0107 masa\u017cu na rynku znajdziemy mn\u00f3stwo urz\u0105dze\u0144, kt\u00f3re maj\u0105 za zadanie podbi\u0107 efekt po wykonanym zabiegu. Masa\u017cery jadeitowe, kwarcowe, kamienie gua-sha, rollery, ba\u0144ski chi\u0144skie, szczoteczki, pi\u0142eczki\u2026 Zar\u00f3wno do masa\u017cy wykonywanych w gabinecie jak i do automasa\u017cu oraz wi\u0119kszo\u015bci z wy\u017cej wymienionych urz\u0105dze\u0144 jest potrzebny kosmetyk, kt\u00f3ry da po\u015blizg. <\/p>\n\n\n\n<p>Odpowiedni produkt nale\u017cy dobra\u0107 w zale\u017cno\u015bci od typu i potrzeb sk\u00f3ry. Przy wyborze kosmetyku typu krem czy mase\u0142ko nale\u017cy zwraca\u0107 uwag\u0119, aby by\u0142a to formu\u0142a melting. Formu\u0142a aktywuje si\u0119 pod wp\u0142ywem ciep\u0142a d\u0142oni, pozwala ona na zachowanie po\u015blizgu na d\u0142ugi czas. Niezwykle popularnym kosmetykiem do masa\u017cu twarzy jest preparat o <a href=\"https:\/\/www.bandi.pl\/sklep\/ekstrakty\/odmladzajacy-fito-ekstrakt-olejowy-694\/\" target=\"_blank\" rel=\"noreferrer noopener\">formule olejowej<\/a>. Obecnie coraz cz\u0119\u015bciej spotykane s\u0105 oleje dodatkowo wzbogacone o sk\u0142adniki aktywne o dzia\u0142aniu odm\u0142adzaj\u0105cym np. witamina E, fitosteroidy. Takie po\u0142\u0105czenia s\u0105 dla sk\u00f3ry niezwykle korzystne, poniewa\u017c na etapie masa\u017cu substancje czynne du\u017co \u0142atwiej penetruj\u0105 w g\u0142\u0105b sk\u00f3ry.<\/p>\n\n\n\n<h2 class=\"wp-block-heading\" id=\"h-jak-masowa-twarz\">Jak masowa\u0107 twarz? <\/h2>\n\n\n\n<figure class=\"wp-block-embed is-type-video is-provider-youtube wp-block-embed-youtube wp-embed-aspect-16-9 wp-has-aspect-ratio\"><div class=\"wp-block-embed__wrapper\">\n<iframe loading=\"lazy\" title=\"Automasa\u017c\" width=\"1080\" height=\"608\" src=\"https:\/\/www.youtube.com\/embed\/sxdC6WcYuEE?start=60&#038;feature=oembed\" frameborder=\"0\" allow=\"accelerometer; autoplay; clipboard-write; encrypted-media; gyroscope; picture-in-picture\" allowfullscreen><\/iframe>\n<\/div><\/figure>\n\n\n\n<div class=\"wp-block-divi-layout\">[et_pb_section admin_label=&#8221;section&#8221;][et_pb_row admin_label=&#8221;row&#8221;][\/et_pb_row][\/et_pb_section]<\/div>\n\n\n\n<div class=\"wp-block-divi-layout\">[et_pb_section fb_built=&#8221;1&#8243; _builder_version=&#8221;4.4.1&#8243;][\/et_pb_section][et_pb_section fb_built=&#8221;1&#8243; _builder_version=&#8221;4.4.1&#8243; top_divider_style=&#8221;arrow&#8221; top_divider_color=&#8221;rgba(255,166,168,0.75)&#8221; top_divider_height=&#8221;1px&#8221; bottom_divider_style=&#8221;arrow&#8221; bottom_divider_color=&#8221;rgba(255,166,168,0.75)&#8221; bottom_divider_height=&#8221;1px&#8221;][et_pb_row column_structure=&#8221;1_2,1_2&#8243; _builder_version=&#8221;4.4.1&#8243; width=&#8221;100%&#8221; module_alignment=&#8221;left&#8221; custom_margin=&#8221;||||false|false&#8221;][et_pb_column type=&#8221;1_2&#8243; _builder_version=&#8221;4.4.1&#8243;][et_pb_text _builder_version=&#8221;4.4.1&#8243; text_font=&#8221;Raleway Bold||||||||&#8221; text_text_color=&#8221;rgba(255,166,168,0.75)&#8221; text_font_size=&#8221;56px&#8221; text_letter_spacing=&#8221;8px&#8221; text_line_height=&#8221;1.1em&#8221; custom_margin=&#8221;40px||||false|false&#8221; link_option_url=&#8221;https:\/\/www.bandi.pl\/sklep\/ekstrakty\/odmladzajacy-fito-ekstrakt-olejowy-694\/&#8221;]<p style=\"text-align: center;\"><strong><span style=\"font-size: xx-large;\">FITO EKSTRAKT OLEJOWY<\/span><br \/><\/strong><\/p>[\/et_pb_text][et_pb_text _builder_version=&#8221;4.4.1&#8243; text_font=&#8221;Raleway Regular||||||||&#8221; text_text_color=&#8221;#b8b8b8&#8243; text_font_size=&#8221;22px&#8221; text_line_height=&#8221;1.5em&#8221; link_option_url=&#8221;https:\/\/www.bandi.pl\/sklep\/ekstrakty\/odmladzajacy-fito-ekstrakt-olejowy-694\/&#8221;]<p style=\"text-align: center\">Odm\u0142adzaj\u0105cy masa\u017c twarzy w Twoim domu<\/p>[\/et_pb_text][et_pb_button button_url=&#8221;https:\/\/www.bandi.pl\/sklep\/ekstrakty\/odmladzajacy-fito-ekstrakt-olejowy-694\/&#8221; button_text=&#8221;ZOBACZ&#8221; button_alignment=&#8221;center&#8221; disabled_on=&#8221;off|off|off&#8221; _builder_version=&#8221;4.4.1&#8243; custom_button=&#8221;on&#8221; button_text_size=&#8221;20px&#8221; button_text_color=&#8221;#ffffff&#8221; button_border_radius=&#8221;25px&#8221; button_font=&#8221;Bree Serif||||||||&#8221; background_layout=&#8221;dark&#8221; custom_padding=&#8221;12px|30px|12px|30px|true|true&#8221; hover_transition_duration=&#8221;0ms&#8221; box_shadow_style=&#8221;preset3&#8243;][\/et_pb_button][\/et_pb_column][et_pb_column type=&#8221;1_2&#8243; _builder_version=&#8221;4.4.1&#8243;][et_pb_image src=&#8221;https:\/\/www.bandi.pl\/blog\/wp-content\/uploads\/2021\/11\/IS_-7214.jpg&#8221; url=&#8221;https:\/\/www.bandi.pl\/sklep\/ekstrakty\/odmladzajacy-fito-ekstrakt-olejowy-694\/&#8221; align=&#8221;center&#8221; _builder_version=&#8221;4.4.1&#8243;][\/et_pb_image][\/et_pb_column][\/et_pb_row][\/et_pb_section]<\/div>\n","protected":false},"excerpt":{"rendered":"<p>W codziennym funkcjonowaniu du\u017c\u0105 wag\u0119 przyk\u0142adamy do stanu i wygl\u0105du mi\u0119\u015bni naszego cia\u0142a. Trenujemy na si\u0142owni, by poprawi\u0107 ich wygl\u0105d, rozci\u0105gamy si\u0119, wykonujemy ca\u0142y szereg czynno\u015bci, by utrzyma\u0107 ich doskona\u0142\u0105 kondycj\u0119. Gdy odczuwamy dyskomfort bez wahania korzystamy z us\u0142ug fizjoterapeuty. A co z nasz\u0105 twarz\u0105 i mi\u0119\u015bniami tu znajduj\u0105cymi si\u0119, kt\u00f3rych jest a\u017c 57? O [&hellip;]<\/p>\n","protected":false},"author":13,"featured_media":12906,"comment_status":"open","ping_status":"closed","sticky":false,"template":"","format":"standard","meta":{"_et_pb_use_builder":"","_et_pb_old_content":"","_et_gb_content_width":"","footnotes":""},"categories":[6800,1817],"tags":[3445,6843,6844,6841,6840,6842,6839,4230],"class_list":["post-12904","post","type-post","status-publish","format-standard","has-post-thumbnail","hentry","category-agata-rybak","category-kategoria-pielegnacja-i-kosmetyki","tag-bandi","tag-jak-wykonac-masaz-twarzy","tag-kosmetyki-do-masazu-twarzy","tag-masaz-twarzy-liftingujacy","tag-masaz-twarzy-odmladzajacy","tag-masaz-twarzy-przeciwzmarszczkowy","tag-olej-do-masazu-twarzy","tag-pielegnacja-profesjonalna"],"yoast_head":"<!-- This site is optimized with the Yoast SEO plugin v27.1.1 - https:\/\/yoast.com\/product\/yoast-seo-wordpress\/ -->\n<title>Masa\u017c twarzy - skuteczna walka z objawami starzenia si\u0119 sk\u00f3ry &#187; Blog BANDI<\/title>\n<meta name=\"description\" content=\"Przeciwzmarszczkowy masa\u017c twarzy wykonywany samodzielnie to tak\u017ce doskona\u0142a opcja, aby urozmaici\u0107 swoj\u0105 rutyn\u0119 piel\u0119gnacyjn\u0105. Jak go wykona\u0107?\" \/>\n<meta name=\"robots\" content=\"index, follow, max-snippet:-1, max-image-preview:large, max-video-preview:-1\" \/>\n<link rel=\"canonical\" href=\"https:\/\/www.bandi.pl\/blog\/masaz-twarzy-skuteczna-walka-z-objawami-starzenia-sie-skory\/\" \/>\n<meta property=\"og:locale\" content=\"pl_PL\" \/>\n<meta property=\"og:type\" content=\"article\" \/>\n<meta property=\"og:title\" content=\"Masa\u017c twarzy - skuteczna walka z objawami starzenia si\u0119 sk\u00f3ry &#187; Blog BANDI\" \/>\n<meta property=\"og:description\" content=\"Przeciwzmarszczkowy masa\u017c twarzy wykonywany samodzielnie to tak\u017ce doskona\u0142a opcja, aby urozmaici\u0107 swoj\u0105 rutyn\u0119 piel\u0119gnacyjn\u0105. Jak go wykona\u0107?\" \/>\n<meta property=\"og:url\" content=\"https:\/\/www.bandi.pl\/blog\/masaz-twarzy-skuteczna-walka-z-objawami-starzenia-sie-skory\/\" \/>\n<meta property=\"og:site_name\" content=\"Blog BANDI\" \/>\n<meta property=\"article:publisher\" content=\"https:\/\/web.facebook.com\/BANDIcosmetics\" \/>\n<meta property=\"article:published_time\" content=\"2021-11-18T09:16:38+00:00\" \/>\n<meta property=\"article:modified_time\" content=\"2022-02-11T10:09:17+00:00\" \/>\n<meta property=\"og:image\" content=\"https:\/\/www.bandi.pl\/blog\/wp-content\/uploads\/2021\/11\/Projekt-bez-tytulu176.png\" \/>\n\t<meta property=\"og:image:width\" content=\"1748\" \/>\n\t<meta property=\"og:image:height\" content=\"1240\" \/>\n\t<meta property=\"og:image:type\" content=\"image\/png\" \/>\n<meta name=\"author\" content=\"Ilona Kiraga\" \/>\n<meta name=\"twitter:card\" content=\"summary_large_image\" \/>\n<meta name=\"twitter:creator\" content=\"@bandi_cosmetics\" \/>\n<meta name=\"twitter:site\" content=\"@bandi_cosmetics\" \/>\n<meta name=\"twitter:label1\" content=\"Napisane przez\" \/>\n\t<meta name=\"twitter:data1\" content=\"Ilona Kiraga\" \/>\n\t<meta name=\"twitter:label2\" content=\"Szacowany czas czytania\" \/>\n\t<meta name=\"twitter:data2\" content=\"3 minuty\" \/>\n<script type=\"application\/ld+json\" class=\"yoast-schema-graph\">{\"@context\":\"https:\/\/schema.org\",\"@graph\":[{\"@type\":\"Article\",\"@id\":\"https:\/\/www.bandi.pl\/blog\/masaz-twarzy-skuteczna-walka-z-objawami-starzenia-sie-skory\/#article\",\"isPartOf\":{\"@id\":\"https:\/\/www.bandi.pl\/blog\/masaz-twarzy-skuteczna-walka-z-objawami-starzenia-sie-skory\/\"},\"author\":{\"name\":\"Ilona Kiraga\",\"@id\":\"https:\/\/www.bandi.pl\/blog\/#\/schema\/person\/5ba05af1a18c58f1c31d4ae051ec9499\"},\"headline\":\"Masa\u017c twarzy &#8211; skuteczna walka z objawami starzenia si\u0119 sk\u00f3ry\",\"datePublished\":\"2021-11-18T09:16:38+00:00\",\"dateModified\":\"2022-02-11T10:09:17+00:00\",\"mainEntityOfPage\":{\"@id\":\"https:\/\/www.bandi.pl\/blog\/masaz-twarzy-skuteczna-walka-z-objawami-starzenia-sie-skory\/\"},\"wordCount\":1013,\"commentCount\":0,\"publisher\":{\"@id\":\"https:\/\/www.bandi.pl\/blog\/#organization\"},\"image\":{\"@id\":\"https:\/\/www.bandi.pl\/blog\/masaz-twarzy-skuteczna-walka-z-objawami-starzenia-sie-skory\/#primaryimage\"},\"thumbnailUrl\":\"https:\/\/www.bandi.pl\/blog\/wp-content\/uploads\/2021\/11\/Projekt-bez-tytulu176.png\",\"keywords\":[\"Bandi\",\"jak wykona\u0107 masa\u017c twarzy\",\"kosmetyki do masa\u017cu twarzy\",\"masaz twarzy liftinguj\u0105cy\",\"masa\u017c twarzy odm\u0142adzaj\u0105cy\",\"masa\u017c twarzy przeciwzmarszczkowy\",\"olej do masa\u017cu twarzy\",\"piel\u0119gnacja profesjonalna\"],\"articleSection\":[\"Agata Rybak\",\"Piel\u0119gnacja i kosmetyki\"],\"inLanguage\":\"pl-PL\",\"potentialAction\":[{\"@type\":\"CommentAction\",\"name\":\"Comment\",\"target\":[\"https:\/\/www.bandi.pl\/blog\/masaz-twarzy-skuteczna-walka-z-objawami-starzenia-sie-skory\/#respond\"]}]},{\"@type\":\"WebPage\",\"@id\":\"https:\/\/www.bandi.pl\/blog\/masaz-twarzy-skuteczna-walka-z-objawami-starzenia-sie-skory\/\",\"url\":\"https:\/\/www.bandi.pl\/blog\/masaz-twarzy-skuteczna-walka-z-objawami-starzenia-sie-skory\/\",\"name\":\"Masa\u017c twarzy - skuteczna walka z objawami starzenia si\u0119 sk\u00f3ry &#187; Blog BANDI\",\"isPartOf\":{\"@id\":\"https:\/\/www.bandi.pl\/blog\/#website\"},\"primaryImageOfPage\":{\"@id\":\"https:\/\/www.bandi.pl\/blog\/masaz-twarzy-skuteczna-walka-z-objawami-starzenia-sie-skory\/#primaryimage\"},\"image\":{\"@id\":\"https:\/\/www.bandi.pl\/blog\/masaz-twarzy-skuteczna-walka-z-objawami-starzenia-sie-skory\/#primaryimage\"},\"thumbnailUrl\":\"https:\/\/www.bandi.pl\/blog\/wp-content\/uploads\/2021\/11\/Projekt-bez-tytulu176.png\",\"datePublished\":\"2021-11-18T09:16:38+00:00\",\"dateModified\":\"2022-02-11T10:09:17+00:00\",\"description\":\"Przeciwzmarszczkowy masa\u017c twarzy wykonywany samodzielnie to tak\u017ce doskona\u0142a opcja, aby urozmaici\u0107 swoj\u0105 rutyn\u0119 piel\u0119gnacyjn\u0105. Jak go wykona\u0107?\",\"breadcrumb\":{\"@id\":\"https:\/\/www.bandi.pl\/blog\/masaz-twarzy-skuteczna-walka-z-objawami-starzenia-sie-skory\/#breadcrumb\"},\"inLanguage\":\"pl-PL\",\"potentialAction\":[{\"@type\":\"ReadAction\",\"target\":[\"https:\/\/www.bandi.pl\/blog\/masaz-twarzy-skuteczna-walka-z-objawami-starzenia-sie-skory\/\"]}]},{\"@type\":\"ImageObject\",\"inLanguage\":\"pl-PL\",\"@id\":\"https:\/\/www.bandi.pl\/blog\/masaz-twarzy-skuteczna-walka-z-objawami-starzenia-sie-skory\/#primaryimage\",\"url\":\"https:\/\/www.bandi.pl\/blog\/wp-content\/uploads\/2021\/11\/Projekt-bez-tytulu176.png\",\"contentUrl\":\"https:\/\/www.bandi.pl\/blog\/wp-content\/uploads\/2021\/11\/Projekt-bez-tytulu176.png\",\"width\":1748,\"height\":1240,\"caption\":\"masa\u017c twarzy\"},{\"@type\":\"BreadcrumbList\",\"@id\":\"https:\/\/www.bandi.pl\/blog\/masaz-twarzy-skuteczna-walka-z-objawami-starzenia-sie-skory\/#breadcrumb\",\"itemListElement\":[{\"@type\":\"ListItem\",\"position\":1,\"name\":\"BANDI\",\"item\":\"https:\/\/www.bandi.pl\/blog\/\"},{\"@type\":\"ListItem\",\"position\":2,\"name\":\"Masa\u017c twarzy &#8211; skuteczna walka z objawami starzenia si\u0119 sk\u00f3ry\"}]},{\"@type\":\"WebSite\",\"@id\":\"https:\/\/www.bandi.pl\/blog\/#website\",\"url\":\"https:\/\/www.bandi.pl\/blog\/\",\"name\":\"Blog BANDI\",\"description\":\"Czarno na bia\u0142ym o kosmetykach\",\"publisher\":{\"@id\":\"https:\/\/www.bandi.pl\/blog\/#organization\"},\"potentialAction\":[{\"@type\":\"SearchAction\",\"target\":{\"@type\":\"EntryPoint\",\"urlTemplate\":\"https:\/\/www.bandi.pl\/blog\/?s={search_term_string}\"},\"query-input\":{\"@type\":\"PropertyValueSpecification\",\"valueRequired\":true,\"valueName\":\"search_term_string\"}}],\"inLanguage\":\"pl-PL\"},{\"@type\":\"Organization\",\"@id\":\"https:\/\/www.bandi.pl\/blog\/#organization\",\"name\":\"BANDI\",\"url\":\"https:\/\/www.bandi.pl\/blog\/\",\"logo\":{\"@type\":\"ImageObject\",\"inLanguage\":\"pl-PL\",\"@id\":\"https:\/\/www.bandi.pl\/blog\/#\/schema\/logo\/image\/\",\"url\":\"https:\/\/www.bandi.pl\/blog\/wp-content\/uploads\/2019\/06\/bandi-logo.png\",\"contentUrl\":\"https:\/\/www.bandi.pl\/blog\/wp-content\/uploads\/2019\/06\/bandi-logo.png\",\"width\":264,\"height\":111,\"caption\":\"BANDI\"},\"image\":{\"@id\":\"https:\/\/www.bandi.pl\/blog\/#\/schema\/logo\/image\/\"},\"sameAs\":[\"https:\/\/web.facebook.com\/BANDIcosmetics\",\"https:\/\/x.com\/bandi_cosmetics\",\"https:\/\/www.instagram.com\/bandi_cosmetics\/\",\"https:\/\/www.pinterest.com\/bandicosmetics\/\",\"https:\/\/www.youtube.com\/user\/BandiCosmeticsPolska\"]},{\"@type\":\"Person\",\"@id\":\"https:\/\/www.bandi.pl\/blog\/#\/schema\/person\/5ba05af1a18c58f1c31d4ae051ec9499\",\"name\":\"Ilona Kiraga\"}]}<\/script>\n<!-- \/ Yoast SEO plugin. -->","yoast_head_json":{"title":"Masa\u017c twarzy - skuteczna walka z objawami starzenia si\u0119 sk\u00f3ry &#187; Blog BANDI","description":"Przeciwzmarszczkowy masa\u017c twarzy wykonywany samodzielnie to tak\u017ce doskona\u0142a opcja, aby urozmaici\u0107 swoj\u0105 rutyn\u0119 piel\u0119gnacyjn\u0105. Jak go wykona\u0107?","robots":{"index":"index","follow":"follow","max-snippet":"max-snippet:-1","max-image-preview":"max-image-preview:large","max-video-preview":"max-video-preview:-1"},"canonical":"https:\/\/www.bandi.pl\/blog\/masaz-twarzy-skuteczna-walka-z-objawami-starzenia-sie-skory\/","og_locale":"pl_PL","og_type":"article","og_title":"Masa\u017c twarzy - skuteczna walka z objawami starzenia si\u0119 sk\u00f3ry &#187; Blog BANDI","og_description":"Przeciwzmarszczkowy masa\u017c twarzy wykonywany samodzielnie to tak\u017ce doskona\u0142a opcja, aby urozmaici\u0107 swoj\u0105 rutyn\u0119 piel\u0119gnacyjn\u0105. Jak go wykona\u0107?","og_url":"https:\/\/www.bandi.pl\/blog\/masaz-twarzy-skuteczna-walka-z-objawami-starzenia-sie-skory\/","og_site_name":"Blog BANDI","article_publisher":"https:\/\/web.facebook.com\/BANDIcosmetics","article_published_time":"2021-11-18T09:16:38+00:00","article_modified_time":"2022-02-11T10:09:17+00:00","og_image":[{"width":1748,"height":1240,"url":"https:\/\/www.bandi.pl\/blog\/wp-content\/uploads\/2021\/11\/Projekt-bez-tytulu176.png","type":"image\/png"}],"author":"Ilona Kiraga","twitter_card":"summary_large_image","twitter_creator":"@bandi_cosmetics","twitter_site":"@bandi_cosmetics","twitter_misc":{"Napisane przez":"Ilona Kiraga","Szacowany czas czytania":"3 minuty"},"schema":{"@context":"https:\/\/schema.org","@graph":[{"@type":"Article","@id":"https:\/\/www.bandi.pl\/blog\/masaz-twarzy-skuteczna-walka-z-objawami-starzenia-sie-skory\/#article","isPartOf":{"@id":"https:\/\/www.bandi.pl\/blog\/masaz-twarzy-skuteczna-walka-z-objawami-starzenia-sie-skory\/"},"author":{"name":"Ilona Kiraga","@id":"https:\/\/www.bandi.pl\/blog\/#\/schema\/person\/5ba05af1a18c58f1c31d4ae051ec9499"},"headline":"Masa\u017c twarzy &#8211; skuteczna walka z objawami starzenia si\u0119 sk\u00f3ry","datePublished":"2021-11-18T09:16:38+00:00","dateModified":"2022-02-11T10:09:17+00:00","mainEntityOfPage":{"@id":"https:\/\/www.bandi.pl\/blog\/masaz-twarzy-skuteczna-walka-z-objawami-starzenia-sie-skory\/"},"wordCount":1013,"commentCount":0,"publisher":{"@id":"https:\/\/www.bandi.pl\/blog\/#organization"},"image":{"@id":"https:\/\/www.bandi.pl\/blog\/masaz-twarzy-skuteczna-walka-z-objawami-starzenia-sie-skory\/#primaryimage"},"thumbnailUrl":"https:\/\/www.bandi.pl\/blog\/wp-content\/uploads\/2021\/11\/Projekt-bez-tytulu176.png","keywords":["Bandi","jak wykona\u0107 masa\u017c twarzy","kosmetyki do masa\u017cu twarzy","masaz twarzy liftinguj\u0105cy","masa\u017c twarzy odm\u0142adzaj\u0105cy","masa\u017c twarzy przeciwzmarszczkowy","olej do masa\u017cu twarzy","piel\u0119gnacja profesjonalna"],"articleSection":["Agata Rybak","Piel\u0119gnacja i kosmetyki"],"inLanguage":"pl-PL","potentialAction":[{"@type":"CommentAction","name":"Comment","target":["https:\/\/www.bandi.pl\/blog\/masaz-twarzy-skuteczna-walka-z-objawami-starzenia-sie-skory\/#respond"]}]},{"@type":"WebPage","@id":"https:\/\/www.bandi.pl\/blog\/masaz-twarzy-skuteczna-walka-z-objawami-starzenia-sie-skory\/","url":"https:\/\/www.bandi.pl\/blog\/masaz-twarzy-skuteczna-walka-z-objawami-starzenia-sie-skory\/","name":"Masa\u017c twarzy - skuteczna walka z objawami starzenia si\u0119 sk\u00f3ry &#187; Blog BANDI","isPartOf":{"@id":"https:\/\/www.bandi.pl\/blog\/#website"},"primaryImageOfPage":{"@id":"https:\/\/www.bandi.pl\/blog\/masaz-twarzy-skuteczna-walka-z-objawami-starzenia-sie-skory\/#primaryimage"},"image":{"@id":"https:\/\/www.bandi.pl\/blog\/masaz-twarzy-skuteczna-walka-z-objawami-starzenia-sie-skory\/#primaryimage"},"thumbnailUrl":"https:\/\/www.bandi.pl\/blog\/wp-content\/uploads\/2021\/11\/Projekt-bez-tytulu176.png","datePublished":"2021-11-18T09:16:38+00:00","dateModified":"2022-02-11T10:09:17+00:00","description":"Przeciwzmarszczkowy masa\u017c twarzy wykonywany samodzielnie to tak\u017ce doskona\u0142a opcja, aby urozmaici\u0107 swoj\u0105 rutyn\u0119 piel\u0119gnacyjn\u0105. Jak go wykona\u0107?","breadcrumb":{"@id":"https:\/\/www.bandi.pl\/blog\/masaz-twarzy-skuteczna-walka-z-objawami-starzenia-sie-skory\/#breadcrumb"},"inLanguage":"pl-PL","potentialAction":[{"@type":"ReadAction","target":["https:\/\/www.bandi.pl\/blog\/masaz-twarzy-skuteczna-walka-z-objawami-starzenia-sie-skory\/"]}]},{"@type":"ImageObject","inLanguage":"pl-PL","@id":"https:\/\/www.bandi.pl\/blog\/masaz-twarzy-skuteczna-walka-z-objawami-starzenia-sie-skory\/#primaryimage","url":"https:\/\/www.bandi.pl\/blog\/wp-content\/uploads\/2021\/11\/Projekt-bez-tytulu176.png","contentUrl":"https:\/\/www.bandi.pl\/blog\/wp-content\/uploads\/2021\/11\/Projekt-bez-tytulu176.png","width":1748,"height":1240,"caption":"masa\u017c twarzy"},{"@type":"BreadcrumbList","@id":"https:\/\/www.bandi.pl\/blog\/masaz-twarzy-skuteczna-walka-z-objawami-starzenia-sie-skory\/#breadcrumb","itemListElement":[{"@type":"ListItem","position":1,"name":"BANDI","item":"https:\/\/www.bandi.pl\/blog\/"},{"@type":"ListItem","position":2,"name":"Masa\u017c twarzy &#8211; skuteczna walka z objawami starzenia si\u0119 sk\u00f3ry"}]},{"@type":"WebSite","@id":"https:\/\/www.bandi.pl\/blog\/#website","url":"https:\/\/www.bandi.pl\/blog\/","name":"Blog BANDI","description":"Czarno na bia\u0142ym o kosmetykach","publisher":{"@id":"https:\/\/www.bandi.pl\/blog\/#organization"},"potentialAction":[{"@type":"SearchAction","target":{"@type":"EntryPoint","urlTemplate":"https:\/\/www.bandi.pl\/blog\/?s={search_term_string}"},"query-input":{"@type":"PropertyValueSpecification","valueRequired":true,"valueName":"search_term_string"}}],"inLanguage":"pl-PL"},{"@type":"Organization","@id":"https:\/\/www.bandi.pl\/blog\/#organization","name":"BANDI","url":"https:\/\/www.bandi.pl\/blog\/","logo":{"@type":"ImageObject","inLanguage":"pl-PL","@id":"https:\/\/www.bandi.pl\/blog\/#\/schema\/logo\/image\/","url":"https:\/\/www.bandi.pl\/blog\/wp-content\/uploads\/2019\/06\/bandi-logo.png","contentUrl":"https:\/\/www.bandi.pl\/blog\/wp-content\/uploads\/2019\/06\/bandi-logo.png","width":264,"height":111,"caption":"BANDI"},"image":{"@id":"https:\/\/www.bandi.pl\/blog\/#\/schema\/logo\/image\/"},"sameAs":["https:\/\/web.facebook.com\/BANDIcosmetics","https:\/\/x.com\/bandi_cosmetics","https:\/\/www.instagram.com\/bandi_cosmetics\/","https:\/\/www.pinterest.com\/bandicosmetics\/","https:\/\/www.youtube.com\/user\/BandiCosmeticsPolska"]},{"@type":"Person","@id":"https:\/\/www.bandi.pl\/blog\/#\/schema\/person\/5ba05af1a18c58f1c31d4ae051ec9499","name":"Ilona Kiraga"}]}},"_links":{"self":[{"href":"https:\/\/www.bandi.pl\/blog\/wp-json\/wp\/v2\/posts\/12904","targetHints":{"allow":["GET"]}}],"collection":[{"href":"https:\/\/www.bandi.pl\/blog\/wp-json\/wp\/v2\/posts"}],"about":[{"href":"https:\/\/www.bandi.pl\/blog\/wp-json\/wp\/v2\/types\/post"}],"author":[{"embeddable":true,"href":"https:\/\/www.bandi.pl\/blog\/wp-json\/wp\/v2\/users\/13"}],"replies":[{"embeddable":true,"href":"https:\/\/www.bandi.pl\/blog\/wp-json\/wp\/v2\/comments?post=12904"}],"version-history":[{"count":7,"href":"https:\/\/www.bandi.pl\/blog\/wp-json\/wp\/v2\/posts\/12904\/revisions"}],"predecessor-version":[{"id":13645,"href":"https:\/\/www.bandi.pl\/blog\/wp-json\/wp\/v2\/posts\/12904\/revisions\/13645"}],"wp:featuredmedia":[{"embeddable":true,"href":"https:\/\/www.bandi.pl\/blog\/wp-json\/wp\/v2\/media\/12906"}],"wp:attachment":[{"href":"https:\/\/www.bandi.pl\/blog\/wp-json\/wp\/v2\/media?parent=12904"}],"wp:term":[{"taxonomy":"category","embeddable":true,"href":"https:\/\/www.bandi.pl\/blog\/wp-json\/wp\/v2\/categories?post=12904"},{"taxonomy":"post_tag","embeddable":true,"href":"https:\/\/www.bandi.pl\/blog\/wp-json\/wp\/v2\/tags?post=12904"}],"curies":[{"name":"wp","href":"https:\/\/api.w.org\/{rel}","templated":true}]}}