{"id":12776,"date":"2021-10-19T09:19:10","date_gmt":"2021-10-19T07:19:10","guid":{"rendered":"https:\/\/www.bandi.pl\/blog\/?p=12776"},"modified":"2021-10-19T10:22:05","modified_gmt":"2021-10-19T08:22:05","slug":"peeling-do-skory-glowy-pierwszy-krok-do-pieknych-wlosow","status":"publish","type":"post","link":"https:\/\/www.bandi.pl\/blog\/peeling-do-skory-glowy-pierwszy-krok-do-pieknych-wlosow\/","title":{"rendered":"Peeling do sk\u00f3ry g\u0142owy &#8211; pierwszy krok do pi\u0119knych w\u0142os\u00f3w"},"content":{"rendered":"\n<p>Sk\u00f3ra g\u0142owy &#8211; cz\u0119sto o niej zapominamy w kontek\u015bcie piel\u0119gnacji naszych w\u0142os\u00f3w. Zazwyczaj skupiamy si\u0119 g\u0142\u00f3wnie na od\u017cywieniu, nawil\u017ceniu, wyg\u0142adzeniu w\u0142os\u00f3w, wybieraj\u0105c co raz to nowe szampony, maski od\u017cywki&#8230; Oczywi\u015bcie, te elementy s\u0105 r\u00f3wnie\u017c istotne, ale cz\u0119sto umyka nam fakt, \u017ce to w\u0142a\u015bnie dobra kondycja sk\u00f3ry g\u0142owy jest odpowiedzialna za nasze wymarzone, g\u0119ste w\u0142osy. Peeling sk\u00f3ry g\u0142owy to pierwszy krok do dobrej kondycji skalpu, a je\u015bli skalp jest w dobrej kondycji, to nasze w\u0142osy b\u0119d\u0105 wygl\u0105da\u0107 doskonale.<\/p>\n\n\n\n<h2 class=\"wp-block-heading\" id=\"h-o-sk-rze-g-owy-s-w-kilka\">O sk\u00f3rze g\u0142owy s\u0142\u00f3w kilka<\/h2>\n\n\n\n<p>Na sk\u00f3rze g\u0142owy mieszki w\u0142osowe s\u0105 usytuowane zdecydowanie g\u0119\u015bciej ni\u017c na innych partiach cia\u0142a. Zale\u017cno\u015b\u0107 ta wyst\u0119puje r\u00f3wnie\u017c w odniesieniu do gruczo\u0142\u00f3w \u0142ojowych, dlatego ilo\u015b\u0107 wydzielanego sebum jest zdecydowane wi\u0119ksza. Stwarza to dobre warunki do rozwoju na jej powierzchni r\u00f3\u017cnych mikroorganizm\u00f3w, zar\u00f3wno tych korzystnych, kt\u00f3re stanowi\u0105 jej naturalny mikrobiom jak i patologicznych. Dlatego tak wa\u017cna jest odpowiednia higiena i piel\u0119gnacja sk\u00f3ry w tej okolicy. Jej brak mo\u017ce skutkowa\u0107 r\u00f3\u017cnymi problemami np. nadmierne wypadanie w\u0142os\u00f3w, \u0142upie\u017c, choroby sk\u00f3ry g\u0142owy.&nbsp;<\/p>\n\n\n\n<h2 class=\"wp-block-heading\" id=\"h-niezb-dny-w-piel-gnacji\">Niezb\u0119dny w piel\u0119gnacji<\/h2>\n\n\n\n<p>Ze wzgl\u0119du na specyficzn\u0105 budow\u0119 sk\u00f3ry g\u0142owy u\u017cywanie wy\u0142\u0105cznie szamponu jako kosmetyku oczyszczaj\u0105cego nie wystarczy. Szampon ma jedynie za zadanie usun\u0105\u0107 zanieczyszczenia powierzchniowe.\u00a0Podobnie jak na naszej sk\u00f3rze twarzy, tak samo na skalpie gromadzi si\u0119 obumar\u0142y nask\u00f3rek. Regularne z\u0142uszczanie obumar\u0142ych kom\u00f3rek, wp\u0142ywa znacz\u0105co na zdrowy stan sk\u00f3ry g\u0142owy, kt\u00f3ry w konsekwencji przek\u0142ada si\u0119 na kondycj\u0119 w\u0142os\u00f3w. Systematycznie wykonywany peeling do sk\u00f3ry g\u0142owy pomaga usun\u0105\u0107 zanieczyszczenia, pot, \u0142\u00f3j, pozosta\u0142o\u015bci kosmetyk\u00f3w do stylizacji w\u0142os\u00f3w. Procesy podzia\u0142\u00f3w kom\u00f3rkowych ulegaj\u0105 usprawnieniu. Sk\u00f3ra g\u0142owy odzyskuje prawid\u0142owe pH. Dodatkowo absorpcja sk\u0142adnik\u00f3w aktywnych z innych preparat\u00f3w stosowanych na sk\u00f3r\u0119 g\u0142owy (np. ekstrakty) jest wi\u0119ksza. Efekt wizualny r\u00f3wnie\u017c ulega poprawie. W\u0142osy s\u0105 uniesione od nasady i lekkie, przez co nasza fryzura wygl\u0105da po prostu lepiej i nie potrzebujemy u\u017cywa\u0107 a\u017c tylu obci\u0105\u017caj\u0105cych kosmetyk\u00f3w do stylizacji.<\/p>\n\n\n\n<h2 class=\"wp-block-heading\" id=\"h-jaki-peeling-do-sk-ry-g-owy-wybra\">Jaki peeling do sk\u00f3ry g\u0142owy wybra\u0107?<\/h2>\n\n\n\n<p>Przewaga peeling\u00f3w enzymatycznych, chemicznych nad mechanicznymi w kontek\u015bcie z\u0142uszczania sk\u00f3ry g\u0142owy jest mia\u017cd\u017c\u0105ca. U\u017cycie peelingu mechanicznego generuje ruch tarcia, przez co mo\u017cemy uszkodzi\u0107 tzw. \u201cbaby hair\u201d. S\u0105 to najm\u0142odsze, cienkie, delikatne w\u0142osy we wczesnej fazie wzrostu, podatne na wszelkiego rodzaju urazy. Stosuj\u0105c peelingi mechaniczne \u0142atwo jest podra\u017cni\u0107 wra\u017cliw\u0105 sk\u00f3r\u0119 g\u0142owy, kt\u00f3ra w nast\u0119pstwie jest zdecydowanie bardziej podatna na wszelkiego rodzaju problemy trychologiczne. Dlatego w celu oczyszczania skalpu warto wybra\u0107 peeling enzymatyczny do sk\u00f3ry g\u0142owy lub preparat z\u0142uszczaj\u0105cy chemicznie.<\/p>\n\n\n\n<p><a href=\"https:\/\/www.bandi.pl\/sklep\/peelingi\/tricho-peeling-oczyszczajacy-do-skory-glowy-978\/\" target=\"_blank\" rel=\"noreferrer noopener\">Tricho-peeling oczyszczaj\u0105cy do sk\u00f3ry g\u0142owy<\/a> w delikatny, a zarazem skuteczny spos\u00f3b zmi\u0119kcza warstw\u0119 rogow\u0105, a nast\u0119pnie w naturalny spos\u00f3b j\u0105 eliminuje. Jest to preparat fizjologiczny, o dzia\u0142aniu z\u0142uszczaj\u0105co &#8211; nawil\u017caj\u0105cym, dzi\u0119ki zawarto\u015bci kwasu mlekowego. W sk\u0142adzie produktu znajdziemy tak\u017ce koj\u0105c\u0105 alantoin\u0119 oraz mocznik, czyli sk\u0142adnik NMF \u2013 naturalnego czynnika nawil\u017caj\u0105cego sk\u00f3ry.<\/p>\n\n\n\n<h2 class=\"wp-block-heading\" id=\"h-jak-zrobi-peeling-sk-ry-g-owy\">Jak zrobi\u0107 peeling sk\u00f3ry g\u0142owy?<\/h2>\n\n\n\n<figure class=\"wp-block-embed is-type-video is-provider-youtube wp-block-embed-youtube wp-embed-aspect-16-9 wp-has-aspect-ratio\"><div class=\"wp-block-embed__wrapper\">\n<iframe loading=\"lazy\" title=\"Aplikacja Tricho-peelingu\" width=\"1080\" height=\"608\" src=\"https:\/\/www.youtube.com\/embed\/ldVcV8x9R-o?feature=oembed\" frameborder=\"0\" allow=\"accelerometer; autoplay; clipboard-write; encrypted-media; gyroscope; picture-in-picture\" allowfullscreen><\/iframe>\n<\/div><\/figure>\n\n\n\n<p>Peeling stosujemy nie cz\u0119\u015bciej ni\u017c raz w tygodniu, aby nie zaburzy\u0107 flory bakteryjnej. Jego u\u017cycie jest niesamowicie proste. Nale\u017cy zaaplikowa\u0107 preparat r\u00f3wnomiernie na ca\u0142y skalp, wykona\u0107 delikatny masa\u017c, a nast\u0119pnie zmy\u0107 preparat lub na\u0142o\u017cy\u0107 dobrany do potrzeb sk\u00f3ry g\u0142owy tricho-ekstrakt. Po peelingu sk\u00f3ra jest bowiem nie tylko oczyszczona, ale r\u00f3wnie\u017c idealnie przygotowana do wch\u0142anianie sk\u0142adnik\u00f3w czynnych z wcierek lub masek.<\/p>\n\n\n\n<div class=\"wp-block-divi-layout\">[et_pb_section fb_built=&#8221;1&#8243; _builder_version=&#8221;4.4.1&#8243;][\/et_pb_section][et_pb_section fb_built=&#8221;1&#8243; _builder_version=&#8221;4.4.1&#8243; top_divider_style=&#8221;arrow&#8221; top_divider_color=&#8221;rgba(255,166,168,0.75)&#8221; top_divider_height=&#8221;1px&#8221; bottom_divider_style=&#8221;arrow&#8221; bottom_divider_color=&#8221;rgba(255,166,168,0.75)&#8221; bottom_divider_height=&#8221;1px&#8221;][et_pb_row column_structure=&#8221;1_2,1_2&#8243; _builder_version=&#8221;4.4.1&#8243; width=&#8221;100%&#8221; module_alignment=&#8221;left&#8221; custom_margin=&#8221;||||false|false&#8221;][et_pb_column type=&#8221;1_2&#8243; _builder_version=&#8221;4.4.1&#8243;][et_pb_text _builder_version=&#8221;4.4.1&#8243; text_font=&#8221;Raleway Bold||||||||&#8221; text_text_color=&#8221;rgba(255,166,168,0.75)&#8221; text_font_size=&#8221;56px&#8221; text_letter_spacing=&#8221;8px&#8221; text_line_height=&#8221;1.1em&#8221; custom_margin=&#8221;40px||||false|false&#8221; hover_enabled=&#8221;0&#8243; link_option_url=&#8221;https:\/\/www.bandi.pl\/sklep\/peelingi\/tricho-peeling-oczyszczajacy-do-skory-glowy-978\/&#8221;]<p style=\"text-align: center;\"><strong>TRICHO PEELING<br><\/strong><\/p>\n[\/et_pb_text][et_pb_text _builder_version=&#8221;4.4.1&#8243; text_font=&#8221;Raleway Regular||||||||&#8221; text_text_color=&#8221;#b8b8b8&#8243; text_font_size=&#8221;22px&#8221; text_line_height=&#8221;1.5em&#8221; hover_enabled=&#8221;0&#8243; link_option_url=&#8221;https:\/\/www.bandi.pl\/sklep\/peelingi\/tricho-peeling-oczyszczajacy-do-skory-glowy-978\/&#8221;]<p style=\"text-align: center;\">Pierwszy krok do pi\u0119knych w\u0142os\u00f3w<\/p>[\/et_pb_text][et_pb_button button_url=&#8221;https:\/\/www.bandi.pl\/sklep\/peelingi\/tricho-peeling-oczyszczajacy-do-skory-glowy-978\/&#8221; button_text=&#8221;ZOBACZ&#8221; button_alignment=&#8221;center&#8221; disabled_on=&#8221;off|off|off&#8221; _builder_version=&#8221;4.4.1&#8243; custom_button=&#8221;on&#8221; button_text_size=&#8221;20px&#8221; button_text_color=&#8221;#ffffff&#8221; button_border_radius=&#8221;25px&#8221; button_font=&#8221;Bree Serif||||||||&#8221; background_layout=&#8221;dark&#8221; custom_padding=&#8221;12px|30px|12px|30px|true|true&#8221; hover_transition_duration=&#8221;0ms&#8221; hover_enabled=&#8221;0&#8243; box_shadow_style=&#8221;preset3&#8243;][\/et_pb_button][\/et_pb_column][et_pb_column type=&#8221;1_2&#8243; _builder_version=&#8221;4.4.1&#8243;][et_pb_image src=&#8221;https:\/\/www.bandi.pl\/blog\/wp-content\/uploads\/2021\/10\/thumbnail-5.jpg&#8221; align=&#8221;center&#8221; _builder_version=&#8221;4.4.1&#8243; hover_enabled=&#8221;0&#8243; url=&#8221;https:\/\/www.bandi.pl\/sklep\/peelingi\/tricho-peeling-oczyszczajacy-do-skory-glowy-978\/&#8221;][\/et_pb_image][\/et_pb_column][\/et_pb_row][\/et_pb_section]<\/div>\n\n\n\n<p><br><\/p>\n","protected":false},"excerpt":{"rendered":"<p>Sk\u00f3ra g\u0142owy &#8211; cz\u0119sto o niej zapominamy w kontek\u015bcie piel\u0119gnacji naszych w\u0142os\u00f3w. Zazwyczaj skupiamy si\u0119 g\u0142\u00f3wnie na od\u017cywieniu, nawil\u017ceniu, wyg\u0142adzeniu w\u0142os\u00f3w, wybieraj\u0105c co raz to nowe szampony, maski od\u017cywki&#8230; Oczywi\u015bcie, te elementy s\u0105 r\u00f3wnie\u017c istotne, ale cz\u0119sto umyka nam fakt, \u017ce to w\u0142a\u015bnie dobra kondycja sk\u00f3ry g\u0142owy jest odpowiedzialna za nasze wymarzone, g\u0119ste w\u0142osy. Peeling [&hellip;]<\/p>\n","protected":false},"author":13,"featured_media":12781,"comment_status":"open","ping_status":"closed","sticky":false,"template":"","format":"standard","meta":{"_et_pb_use_builder":"","_et_pb_old_content":"","_et_gb_content_width":"","footnotes":""},"categories":[6800,1817],"tags":[],"class_list":["post-12776","post","type-post","status-publish","format-standard","has-post-thumbnail","hentry","category-agata-rybak","category-kategoria-pielegnacja-i-kosmetyki"],"yoast_head":"<!-- This site is optimized with the Yoast SEO plugin v27.1.1 - https:\/\/yoast.com\/product\/yoast-seo-wordpress\/ -->\n<title>Peeling do sk\u00f3ry g\u0142owy - pierwszy krok do pi\u0119knych w\u0142os\u00f3w &#187; Blog BANDI<\/title>\n<meta name=\"description\" content=\"Regularnie stosowany peeling do sk\u00f3ry g\u0142owy wp\u0142ywa r\u00f3wnie\u017c na kondycj\u0119 w\u0142os\u00f3w i zapobiega wielu problemom np. wypadanie w\u0142os\u00f3w, \u0142upie\u017c...\" \/>\n<meta name=\"robots\" content=\"index, follow, max-snippet:-1, max-image-preview:large, max-video-preview:-1\" \/>\n<link rel=\"canonical\" href=\"https:\/\/www.bandi.pl\/blog\/peeling-do-skory-glowy-pierwszy-krok-do-pieknych-wlosow\/\" \/>\n<meta property=\"og:locale\" content=\"pl_PL\" \/>\n<meta property=\"og:type\" content=\"article\" \/>\n<meta property=\"og:title\" content=\"Peeling do sk\u00f3ry g\u0142owy - pierwszy krok do pi\u0119knych w\u0142os\u00f3w &#187; Blog BANDI\" \/>\n<meta property=\"og:description\" content=\"Regularnie stosowany peeling do sk\u00f3ry g\u0142owy wp\u0142ywa r\u00f3wnie\u017c na kondycj\u0119 w\u0142os\u00f3w i zapobiega wielu problemom np. wypadanie w\u0142os\u00f3w, \u0142upie\u017c...\" \/>\n<meta property=\"og:url\" content=\"https:\/\/www.bandi.pl\/blog\/peeling-do-skory-glowy-pierwszy-krok-do-pieknych-wlosow\/\" \/>\n<meta property=\"og:site_name\" content=\"Blog BANDI\" \/>\n<meta property=\"article:publisher\" content=\"https:\/\/web.facebook.com\/BANDIcosmetics\" \/>\n<meta property=\"article:published_time\" content=\"2021-10-19T07:19:10+00:00\" \/>\n<meta property=\"article:modified_time\" content=\"2021-10-19T08:22:05+00:00\" \/>\n<meta property=\"og:image\" content=\"https:\/\/www.bandi.pl\/blog\/wp-content\/uploads\/2021\/10\/Projekt-bez-tytulu164-705x500.png\" \/>\n\t<meta property=\"og:image:width\" content=\"705\" \/>\n\t<meta property=\"og:image:height\" content=\"500\" \/>\n\t<meta property=\"og:image:type\" content=\"image\/png\" \/>\n<meta name=\"author\" content=\"Ilona Kiraga\" \/>\n<meta name=\"twitter:card\" content=\"summary_large_image\" \/>\n<meta name=\"twitter:creator\" content=\"@bandi_cosmetics\" \/>\n<meta name=\"twitter:site\" content=\"@bandi_cosmetics\" \/>\n<meta name=\"twitter:label1\" content=\"Napisane przez\" \/>\n\t<meta name=\"twitter:data1\" content=\"Ilona Kiraga\" \/>\n\t<meta name=\"twitter:label2\" content=\"Szacowany czas czytania\" \/>\n\t<meta name=\"twitter:data2\" content=\"3 minuty\" \/>\n<script type=\"application\/ld+json\" class=\"yoast-schema-graph\">{\"@context\":\"https:\/\/schema.org\",\"@graph\":[{\"@type\":\"Article\",\"@id\":\"https:\/\/www.bandi.pl\/blog\/peeling-do-skory-glowy-pierwszy-krok-do-pieknych-wlosow\/#article\",\"isPartOf\":{\"@id\":\"https:\/\/www.bandi.pl\/blog\/peeling-do-skory-glowy-pierwszy-krok-do-pieknych-wlosow\/\"},\"author\":{\"name\":\"Ilona Kiraga\",\"@id\":\"https:\/\/www.bandi.pl\/blog\/#\/schema\/person\/5ba05af1a18c58f1c31d4ae051ec9499\"},\"headline\":\"Peeling do sk\u00f3ry g\u0142owy &#8211; pierwszy krok do pi\u0119knych w\u0142os\u00f3w\",\"datePublished\":\"2021-10-19T07:19:10+00:00\",\"dateModified\":\"2021-10-19T08:22:05+00:00\",\"mainEntityOfPage\":{\"@id\":\"https:\/\/www.bandi.pl\/blog\/peeling-do-skory-glowy-pierwszy-krok-do-pieknych-wlosow\/\"},\"wordCount\":950,\"commentCount\":0,\"publisher\":{\"@id\":\"https:\/\/www.bandi.pl\/blog\/#organization\"},\"image\":{\"@id\":\"https:\/\/www.bandi.pl\/blog\/peeling-do-skory-glowy-pierwszy-krok-do-pieknych-wlosow\/#primaryimage\"},\"thumbnailUrl\":\"https:\/\/www.bandi.pl\/blog\/wp-content\/uploads\/2021\/10\/Projekt-bez-tytulu164.png\",\"articleSection\":[\"Agata Rybak\",\"Piel\u0119gnacja i kosmetyki\"],\"inLanguage\":\"pl-PL\",\"potentialAction\":[{\"@type\":\"CommentAction\",\"name\":\"Comment\",\"target\":[\"https:\/\/www.bandi.pl\/blog\/peeling-do-skory-glowy-pierwszy-krok-do-pieknych-wlosow\/#respond\"]}]},{\"@type\":\"WebPage\",\"@id\":\"https:\/\/www.bandi.pl\/blog\/peeling-do-skory-glowy-pierwszy-krok-do-pieknych-wlosow\/\",\"url\":\"https:\/\/www.bandi.pl\/blog\/peeling-do-skory-glowy-pierwszy-krok-do-pieknych-wlosow\/\",\"name\":\"Peeling do sk\u00f3ry g\u0142owy - pierwszy krok do pi\u0119knych w\u0142os\u00f3w &#187; Blog BANDI\",\"isPartOf\":{\"@id\":\"https:\/\/www.bandi.pl\/blog\/#website\"},\"primaryImageOfPage\":{\"@id\":\"https:\/\/www.bandi.pl\/blog\/peeling-do-skory-glowy-pierwszy-krok-do-pieknych-wlosow\/#primaryimage\"},\"image\":{\"@id\":\"https:\/\/www.bandi.pl\/blog\/peeling-do-skory-glowy-pierwszy-krok-do-pieknych-wlosow\/#primaryimage\"},\"thumbnailUrl\":\"https:\/\/www.bandi.pl\/blog\/wp-content\/uploads\/2021\/10\/Projekt-bez-tytulu164.png\",\"datePublished\":\"2021-10-19T07:19:10+00:00\",\"dateModified\":\"2021-10-19T08:22:05+00:00\",\"description\":\"Regularnie stosowany peeling do sk\u00f3ry g\u0142owy wp\u0142ywa r\u00f3wnie\u017c na kondycj\u0119 w\u0142os\u00f3w i zapobiega wielu problemom np. wypadanie w\u0142os\u00f3w, \u0142upie\u017c...\",\"breadcrumb\":{\"@id\":\"https:\/\/www.bandi.pl\/blog\/peeling-do-skory-glowy-pierwszy-krok-do-pieknych-wlosow\/#breadcrumb\"},\"inLanguage\":\"pl-PL\",\"potentialAction\":[{\"@type\":\"ReadAction\",\"target\":[\"https:\/\/www.bandi.pl\/blog\/peeling-do-skory-glowy-pierwszy-krok-do-pieknych-wlosow\/\"]}]},{\"@type\":\"ImageObject\",\"inLanguage\":\"pl-PL\",\"@id\":\"https:\/\/www.bandi.pl\/blog\/peeling-do-skory-glowy-pierwszy-krok-do-pieknych-wlosow\/#primaryimage\",\"url\":\"https:\/\/www.bandi.pl\/blog\/wp-content\/uploads\/2021\/10\/Projekt-bez-tytulu164.png\",\"contentUrl\":\"https:\/\/www.bandi.pl\/blog\/wp-content\/uploads\/2021\/10\/Projekt-bez-tytulu164.png\",\"width\":1748,\"height\":1240},{\"@type\":\"BreadcrumbList\",\"@id\":\"https:\/\/www.bandi.pl\/blog\/peeling-do-skory-glowy-pierwszy-krok-do-pieknych-wlosow\/#breadcrumb\",\"itemListElement\":[{\"@type\":\"ListItem\",\"position\":1,\"name\":\"BANDI\",\"item\":\"https:\/\/www.bandi.pl\/blog\/\"},{\"@type\":\"ListItem\",\"position\":2,\"name\":\"Peeling do sk\u00f3ry g\u0142owy &#8211; pierwszy krok do pi\u0119knych w\u0142os\u00f3w\"}]},{\"@type\":\"WebSite\",\"@id\":\"https:\/\/www.bandi.pl\/blog\/#website\",\"url\":\"https:\/\/www.bandi.pl\/blog\/\",\"name\":\"Blog BANDI\",\"description\":\"Czarno na bia\u0142ym o kosmetykach\",\"publisher\":{\"@id\":\"https:\/\/www.bandi.pl\/blog\/#organization\"},\"potentialAction\":[{\"@type\":\"SearchAction\",\"target\":{\"@type\":\"EntryPoint\",\"urlTemplate\":\"https:\/\/www.bandi.pl\/blog\/?s={search_term_string}\"},\"query-input\":{\"@type\":\"PropertyValueSpecification\",\"valueRequired\":true,\"valueName\":\"search_term_string\"}}],\"inLanguage\":\"pl-PL\"},{\"@type\":\"Organization\",\"@id\":\"https:\/\/www.bandi.pl\/blog\/#organization\",\"name\":\"BANDI\",\"url\":\"https:\/\/www.bandi.pl\/blog\/\",\"logo\":{\"@type\":\"ImageObject\",\"inLanguage\":\"pl-PL\",\"@id\":\"https:\/\/www.bandi.pl\/blog\/#\/schema\/logo\/image\/\",\"url\":\"https:\/\/www.bandi.pl\/blog\/wp-content\/uploads\/2019\/06\/bandi-logo.png\",\"contentUrl\":\"https:\/\/www.bandi.pl\/blog\/wp-content\/uploads\/2019\/06\/bandi-logo.png\",\"width\":264,\"height\":111,\"caption\":\"BANDI\"},\"image\":{\"@id\":\"https:\/\/www.bandi.pl\/blog\/#\/schema\/logo\/image\/\"},\"sameAs\":[\"https:\/\/web.facebook.com\/BANDIcosmetics\",\"https:\/\/x.com\/bandi_cosmetics\",\"https:\/\/www.instagram.com\/bandi_cosmetics\/\",\"https:\/\/www.pinterest.com\/bandicosmetics\/\",\"https:\/\/www.youtube.com\/user\/BandiCosmeticsPolska\"]},{\"@type\":\"Person\",\"@id\":\"https:\/\/www.bandi.pl\/blog\/#\/schema\/person\/5ba05af1a18c58f1c31d4ae051ec9499\",\"name\":\"Ilona Kiraga\"}]}<\/script>\n<!-- \/ Yoast SEO plugin. -->","yoast_head_json":{"title":"Peeling do sk\u00f3ry g\u0142owy - pierwszy krok do pi\u0119knych w\u0142os\u00f3w &#187; Blog BANDI","description":"Regularnie stosowany peeling do sk\u00f3ry g\u0142owy wp\u0142ywa r\u00f3wnie\u017c na kondycj\u0119 w\u0142os\u00f3w i zapobiega wielu problemom np. wypadanie w\u0142os\u00f3w, \u0142upie\u017c...","robots":{"index":"index","follow":"follow","max-snippet":"max-snippet:-1","max-image-preview":"max-image-preview:large","max-video-preview":"max-video-preview:-1"},"canonical":"https:\/\/www.bandi.pl\/blog\/peeling-do-skory-glowy-pierwszy-krok-do-pieknych-wlosow\/","og_locale":"pl_PL","og_type":"article","og_title":"Peeling do sk\u00f3ry g\u0142owy - pierwszy krok do pi\u0119knych w\u0142os\u00f3w &#187; Blog BANDI","og_description":"Regularnie stosowany peeling do sk\u00f3ry g\u0142owy wp\u0142ywa r\u00f3wnie\u017c na kondycj\u0119 w\u0142os\u00f3w i zapobiega wielu problemom np. wypadanie w\u0142os\u00f3w, \u0142upie\u017c...","og_url":"https:\/\/www.bandi.pl\/blog\/peeling-do-skory-glowy-pierwszy-krok-do-pieknych-wlosow\/","og_site_name":"Blog BANDI","article_publisher":"https:\/\/web.facebook.com\/BANDIcosmetics","article_published_time":"2021-10-19T07:19:10+00:00","article_modified_time":"2021-10-19T08:22:05+00:00","og_image":[{"width":705,"height":500,"url":"https:\/\/www.bandi.pl\/blog\/wp-content\/uploads\/2021\/10\/Projekt-bez-tytulu164-705x500.png","type":"image\/png"}],"author":"Ilona Kiraga","twitter_card":"summary_large_image","twitter_creator":"@bandi_cosmetics","twitter_site":"@bandi_cosmetics","twitter_misc":{"Napisane przez":"Ilona Kiraga","Szacowany czas czytania":"3 minuty"},"schema":{"@context":"https:\/\/schema.org","@graph":[{"@type":"Article","@id":"https:\/\/www.bandi.pl\/blog\/peeling-do-skory-glowy-pierwszy-krok-do-pieknych-wlosow\/#article","isPartOf":{"@id":"https:\/\/www.bandi.pl\/blog\/peeling-do-skory-glowy-pierwszy-krok-do-pieknych-wlosow\/"},"author":{"name":"Ilona Kiraga","@id":"https:\/\/www.bandi.pl\/blog\/#\/schema\/person\/5ba05af1a18c58f1c31d4ae051ec9499"},"headline":"Peeling do sk\u00f3ry g\u0142owy &#8211; pierwszy krok do pi\u0119knych w\u0142os\u00f3w","datePublished":"2021-10-19T07:19:10+00:00","dateModified":"2021-10-19T08:22:05+00:00","mainEntityOfPage":{"@id":"https:\/\/www.bandi.pl\/blog\/peeling-do-skory-glowy-pierwszy-krok-do-pieknych-wlosow\/"},"wordCount":950,"commentCount":0,"publisher":{"@id":"https:\/\/www.bandi.pl\/blog\/#organization"},"image":{"@id":"https:\/\/www.bandi.pl\/blog\/peeling-do-skory-glowy-pierwszy-krok-do-pieknych-wlosow\/#primaryimage"},"thumbnailUrl":"https:\/\/www.bandi.pl\/blog\/wp-content\/uploads\/2021\/10\/Projekt-bez-tytulu164.png","articleSection":["Agata Rybak","Piel\u0119gnacja i kosmetyki"],"inLanguage":"pl-PL","potentialAction":[{"@type":"CommentAction","name":"Comment","target":["https:\/\/www.bandi.pl\/blog\/peeling-do-skory-glowy-pierwszy-krok-do-pieknych-wlosow\/#respond"]}]},{"@type":"WebPage","@id":"https:\/\/www.bandi.pl\/blog\/peeling-do-skory-glowy-pierwszy-krok-do-pieknych-wlosow\/","url":"https:\/\/www.bandi.pl\/blog\/peeling-do-skory-glowy-pierwszy-krok-do-pieknych-wlosow\/","name":"Peeling do sk\u00f3ry g\u0142owy - pierwszy krok do pi\u0119knych w\u0142os\u00f3w &#187; Blog BANDI","isPartOf":{"@id":"https:\/\/www.bandi.pl\/blog\/#website"},"primaryImageOfPage":{"@id":"https:\/\/www.bandi.pl\/blog\/peeling-do-skory-glowy-pierwszy-krok-do-pieknych-wlosow\/#primaryimage"},"image":{"@id":"https:\/\/www.bandi.pl\/blog\/peeling-do-skory-glowy-pierwszy-krok-do-pieknych-wlosow\/#primaryimage"},"thumbnailUrl":"https:\/\/www.bandi.pl\/blog\/wp-content\/uploads\/2021\/10\/Projekt-bez-tytulu164.png","datePublished":"2021-10-19T07:19:10+00:00","dateModified":"2021-10-19T08:22:05+00:00","description":"Regularnie stosowany peeling do sk\u00f3ry g\u0142owy wp\u0142ywa r\u00f3wnie\u017c na kondycj\u0119 w\u0142os\u00f3w i zapobiega wielu problemom np. wypadanie w\u0142os\u00f3w, \u0142upie\u017c...","breadcrumb":{"@id":"https:\/\/www.bandi.pl\/blog\/peeling-do-skory-glowy-pierwszy-krok-do-pieknych-wlosow\/#breadcrumb"},"inLanguage":"pl-PL","potentialAction":[{"@type":"ReadAction","target":["https:\/\/www.bandi.pl\/blog\/peeling-do-skory-glowy-pierwszy-krok-do-pieknych-wlosow\/"]}]},{"@type":"ImageObject","inLanguage":"pl-PL","@id":"https:\/\/www.bandi.pl\/blog\/peeling-do-skory-glowy-pierwszy-krok-do-pieknych-wlosow\/#primaryimage","url":"https:\/\/www.bandi.pl\/blog\/wp-content\/uploads\/2021\/10\/Projekt-bez-tytulu164.png","contentUrl":"https:\/\/www.bandi.pl\/blog\/wp-content\/uploads\/2021\/10\/Projekt-bez-tytulu164.png","width":1748,"height":1240},{"@type":"BreadcrumbList","@id":"https:\/\/www.bandi.pl\/blog\/peeling-do-skory-glowy-pierwszy-krok-do-pieknych-wlosow\/#breadcrumb","itemListElement":[{"@type":"ListItem","position":1,"name":"BANDI","item":"https:\/\/www.bandi.pl\/blog\/"},{"@type":"ListItem","position":2,"name":"Peeling do sk\u00f3ry g\u0142owy &#8211; pierwszy krok do pi\u0119knych w\u0142os\u00f3w"}]},{"@type":"WebSite","@id":"https:\/\/www.bandi.pl\/blog\/#website","url":"https:\/\/www.bandi.pl\/blog\/","name":"Blog BANDI","description":"Czarno na bia\u0142ym o kosmetykach","publisher":{"@id":"https:\/\/www.bandi.pl\/blog\/#organization"},"potentialAction":[{"@type":"SearchAction","target":{"@type":"EntryPoint","urlTemplate":"https:\/\/www.bandi.pl\/blog\/?s={search_term_string}"},"query-input":{"@type":"PropertyValueSpecification","valueRequired":true,"valueName":"search_term_string"}}],"inLanguage":"pl-PL"},{"@type":"Organization","@id":"https:\/\/www.bandi.pl\/blog\/#organization","name":"BANDI","url":"https:\/\/www.bandi.pl\/blog\/","logo":{"@type":"ImageObject","inLanguage":"pl-PL","@id":"https:\/\/www.bandi.pl\/blog\/#\/schema\/logo\/image\/","url":"https:\/\/www.bandi.pl\/blog\/wp-content\/uploads\/2019\/06\/bandi-logo.png","contentUrl":"https:\/\/www.bandi.pl\/blog\/wp-content\/uploads\/2019\/06\/bandi-logo.png","width":264,"height":111,"caption":"BANDI"},"image":{"@id":"https:\/\/www.bandi.pl\/blog\/#\/schema\/logo\/image\/"},"sameAs":["https:\/\/web.facebook.com\/BANDIcosmetics","https:\/\/x.com\/bandi_cosmetics","https:\/\/www.instagram.com\/bandi_cosmetics\/","https:\/\/www.pinterest.com\/bandicosmetics\/","https:\/\/www.youtube.com\/user\/BandiCosmeticsPolska"]},{"@type":"Person","@id":"https:\/\/www.bandi.pl\/blog\/#\/schema\/person\/5ba05af1a18c58f1c31d4ae051ec9499","name":"Ilona Kiraga"}]}},"_links":{"self":[{"href":"https:\/\/www.bandi.pl\/blog\/wp-json\/wp\/v2\/posts\/12776","targetHints":{"allow":["GET"]}}],"collection":[{"href":"https:\/\/www.bandi.pl\/blog\/wp-json\/wp\/v2\/posts"}],"about":[{"href":"https:\/\/www.bandi.pl\/blog\/wp-json\/wp\/v2\/types\/post"}],"author":[{"embeddable":true,"href":"https:\/\/www.bandi.pl\/blog\/wp-json\/wp\/v2\/users\/13"}],"replies":[{"embeddable":true,"href":"https:\/\/www.bandi.pl\/blog\/wp-json\/wp\/v2\/comments?post=12776"}],"version-history":[{"count":6,"href":"https:\/\/www.bandi.pl\/blog\/wp-json\/wp\/v2\/posts\/12776\/revisions"}],"predecessor-version":[{"id":12785,"href":"https:\/\/www.bandi.pl\/blog\/wp-json\/wp\/v2\/posts\/12776\/revisions\/12785"}],"wp:featuredmedia":[{"embeddable":true,"href":"https:\/\/www.bandi.pl\/blog\/wp-json\/wp\/v2\/media\/12781"}],"wp:attachment":[{"href":"https:\/\/www.bandi.pl\/blog\/wp-json\/wp\/v2\/media?parent=12776"}],"wp:term":[{"taxonomy":"category","embeddable":true,"href":"https:\/\/www.bandi.pl\/blog\/wp-json\/wp\/v2\/categories?post=12776"},{"taxonomy":"post_tag","embeddable":true,"href":"https:\/\/www.bandi.pl\/blog\/wp-json\/wp\/v2\/tags?post=12776"}],"curies":[{"name":"wp","href":"https:\/\/api.w.org\/{rel}","templated":true}]}}