{"id":12531,"date":"2021-09-21T11:00:00","date_gmt":"2021-09-21T09:00:00","guid":{"rendered":"https:\/\/www.bandi.pl\/blog\/?p=12531"},"modified":"2021-09-20T11:53:08","modified_gmt":"2021-09-20T09:53:08","slug":"kosmetyki-z-witamina-c-dla-pieknej-skory","status":"publish","type":"post","link":"https:\/\/www.bandi.pl\/blog\/kosmetyki-z-witamina-c-dla-pieknej-skory\/","title":{"rendered":"Kosmetyki z witamin\u0105 C dla pi\u0119knej sk\u00f3ry"},"content":{"rendered":"\n<p>Jak wiemy, nasza sk\u00f3ra zaczyna si\u0119 starze\u0107 ju\u017c od oko\u0142o 25 roku \u017cycia, czyli wiek w kt\u00f3rym obecnie si\u0119 znajduj\u0119, st\u0105d te\u017c moje zainteresowanie jak zatrzyma\u0107 m\u0142ody wygl\u0105d. Lepiej przecie\u017c zapobiega\u0107 ni\u017c leczy\u0107. Starzenie si\u0119 sk\u00f3ry to proces naturalny, powi\u0105zany z naszymi genami, gospodark\u0105 hormonaln\u0105, ale tak\u017ce zale\u017cny od czynnik\u00f3w zewn\u0119trznych. Pod wp\u0142ywem promieniowania UV w naszej sk\u00f3rze dochodzi do niszczenia w\u0142\u00f3kien kolagenowych, odpowiedzialnych za jej j\u0119drno\u015b\u0107. Skutkiem tego jest \u0142atwiejsze pojawianie si\u0119 zmarszczek. Dlatego o nasz\u0105 sk\u00f3r\u0119 musimy dba\u0107 ju\u017c od najm\u0142odszych lat.<\/p>\n\n\n\n<p>Do swojej piel\u0119gnacji wdro\u017cy\u0142am kosmetyki z witamin\u0105 C. Nie od dzi\u015b wiadomo jak bardzo dobroczynny wp\u0142yw ma ona na stan naszej sk\u00f3ry. Dzia\u0142a antyoksydacyjne, zmniejsza negatywne skutki wp\u0142ywu na sk\u00f3r\u0119 promieniowania UV i zapobiega powstawaniu niedoskona\u0142o\u015bci. Doskonale r\u00f3wnie\u017c radzi sobie z przebarwieniami, dzia\u0142a z\u0142uszczaj\u0105co i rozja\u015bniaj\u0105co. Produkcja kolagenu z wiekiem spada, dlatego w\u0142a\u015bnie stosuj\u0105c kremy z witamin\u0105 C jeste\u015bmy w stanie spowolni\u0107 ten proces. Dzi\u0119ki czemu zachowujemy j\u0119drno\u015b\u0107 i spr\u0119\u017cysto\u015b\u0107 sk\u00f3ry.<\/p>\n\n\n\n<h2 class=\"wp-block-heading\" id=\"h-kosmetyki-z-witamin-c-moi-ulubie-cy\">Kosmetyki z witamin\u0105 C &#8211; moi ulubie\u0144cy<\/h2>\n\n\n\n<p>Poni\u017cej przedstawiam preparaty, kt\u00f3re szczeg\u00f3lnie dobrze sprawdzi\u0142y si\u0119 w mojej piel\u0119gnacji.<\/p>\n\n\n\n<h4 class=\"wp-block-heading\">Krem do twarzy z witamin\u0105 C<\/h4>\n\n\n\n<p>Od kremu z witamin\u0105 C do twarzy z uwagi na moj\u0105 such\u0105 cer\u0119 oczekuj\u0119 zawsze, aby by\u0142 mocno nawil\u017caj\u0105cy. Kolokwialnie m\u00f3wi\u0105c, potrzebuj\u0119 poczu\u0107 ulg\u0119 po na\u0142o\u017ceniu kremu na moj\u0105 twarz. <a href=\"https:\/\/www.bandi.pl\/sklep\/kremy\/emulsja-z-aktywna-witamina-c-731\/\">Emulsja z aktywn\u0105 witamin\u0105 C<\/a> sprawdza si\u0119 u mnie idealnie i dodatkowo niesie za sob\u0105 same dobrodziejstwa w piel\u0119gnacji. Dzia\u0142a silnie antyoksydacyjnie oraz przeciwdzia\u0142a niedoskona\u0142o\u015bciom. Moja cera znacznie poprawi\u0142a si\u0119 podczas stosowania tego preparatu.<\/p>\n\n\n\n<h4 class=\"wp-block-heading\">Serum do twarzy z witamin\u0105 C<\/h4>\n\n\n\n<p>Tu wybra\u0142am <a href=\"https:\/\/www.bandi.pl\/sklep\/koncentraty\/koncentrat-z-aktywna-witamina-c-701\/\">Koncentrat z aktywn\u0105 witamin\u0105 C<\/a>. Zaczn\u0119 od tego, \u017ce ma ob\u0142\u0119dny zapach obok, kt\u00f3rego nie mo\u017cna przej\u015b\u0107 oboj\u0119tnie. Podczas stosowania zauwa\u017cy\u0142am: roz\u015bwietlenie sk\u00f3ry, wyr\u00f3wnanie kolorytu cery, zmniejszenie drobnych zmarszczek. Must have w rytuale codziennej piel\u0119gnacji.<\/p>\n\n\n\n<h4 class=\"wp-block-heading\">Krem pod oczy z witamin\u0105 C<\/h4>\n\n\n\n<p>Tutaj tak samo jak jej poprzednicy. <a href=\"https:\/\/www.bandi.pl\/sklep\/kremy\/krem-pod-oczy-z-aktywna-witamina-c-737\/\">Krem<\/a> ma dzia\u0142anie bardzo podobne. Zauwa\u017cy\u0142am rozja\u015bnion\u0105 i bardziej j\u0119drn\u0105 sk\u00f3r\u0119 pod oczami, znikn\u0119\u0142y zmarszczki mimiczne, a si\u0144ce s\u0105 praktycznie niewidoczne.<\/p>\n\n\n\n<h4 class=\"wp-block-heading\">Maska do twarzy z aktywn\u0105 witamin\u0105 C<\/h4>\n\n\n\n<p>Moim odkryciem jest r\u00f3wnie\u017c <a href=\"https:\/\/www.bandi.pl\/sklep\/maski\/maska-gommage-z-aktywna-witamina-c-733\/\">Maska gommage z aktywn\u0105 witamin\u0105 C<\/a>. Ostatnio przed wyj\u015bciem na imprez\u0119 potrzebowa\u0142am roz\u015bwietlonej cery pod makija\u017c. Wiecie takie typowe \u201eglow. Na\u0142o\u017cy\u0142am mask\u0119 na 15 minut i wow. Efekt by\u0142 spektakularny. Cera roz\u015bwietlona, przywr\u00f3cony blask i nawil\u017cenie. Na pewno b\u0119d\u0119 stosowa\u0107 j\u0105 przed wi\u0119kszymi wyj\u015bciami.<\/p>\n\n\n\n<p>Reasumuj\u0105c mog\u0119 doda\u0107, \u017ce do niedawna nie wiedzia\u0142am o tak dobroczynnym dzia\u0142aniu produkt\u00f3w zawieraj\u0105cych w\u0142a\u015bnie ten sk\u0142adnik. Dzi\u015b ju\u017c wiem, \u017ce na pewno si\u0119 z nimi nie rozstan\u0119 i zago\u015bci\u0142y w mojej codziennej piel\u0119gnacji ju\u017c na sta\u0142e. Totalny must have \ud83d\ude42<\/p>\n\n\n\n<div class=\"wp-block-divi-layout\">[et_pb_section fb_built=&#8221;1&#8243; _builder_version=&#8221;4.4.1&#8243;][\/et_pb_section][et_pb_section fb_built=&#8221;1&#8243; _builder_version=&#8221;4.4.1&#8243; top_divider_style=&#8221;arrow&#8221; top_divider_color=&#8221;rgba(255,166,168,0.75)&#8221; top_divider_height=&#8221;1px&#8221; bottom_divider_style=&#8221;arrow&#8221; bottom_divider_color=&#8221;rgba(255,166,168,0.75)&#8221; bottom_divider_height=&#8221;1px&#8221;][et_pb_row column_structure=&#8221;1_2,1_2&#8243; _builder_version=&#8221;4.4.1&#8243; width=&#8221;100%&#8221; module_alignment=&#8221;left&#8221; custom_margin=&#8221;||||false|false&#8221;][et_pb_column type=&#8221;1_2&#8243; _builder_version=&#8221;4.4.1&#8243;][et_pb_text _builder_version=&#8221;4.4.1&#8243; text_font=&#8221;Raleway Bold||||||||&#8221; text_text_color=&#8221;rgba(255,166,168,0.75)&#8221; text_font_size=&#8221;56px&#8221; text_letter_spacing=&#8221;8px&#8221; text_line_height=&#8221;1.1em&#8221; custom_margin=&#8221;40px||||false|false&#8221; hover_enabled=&#8221;0&#8243; link_option_url=&#8221;https:\/\/www.bandi.pl\/sklep\/katalog\/seria\/82_c-active-care\/&#8221;]<p style=\"text-align: center;\"><strong>C-ACTIVE CARE<br><\/strong><\/p>\n<p style=\"text-align: center;\"><strong><\/strong><\/p>[\/et_pb_text][et_pb_text _builder_version=&#8221;4.4.1&#8243; text_font=&#8221;Raleway Regular||||||||&#8221; text_text_color=&#8221;#b8b8b8&#8243; text_font_size=&#8221;22px&#8221; text_line_height=&#8221;1.5em&#8221; hover_enabled=&#8221;0&#8243; link_option_url=&#8221;https:\/\/www.bandi.pl\/sklep\/katalog\/seria\/82_c-active-care\/&#8221;]<p style=\"text-align: center;\">Moc witaminy C dla pi\u0119knej sk\u00f3ry<\/p>\n<p style=\"text-align: center;\"><\/p>[\/et_pb_text][et_pb_button button_url=&#8221;https:\/\/www.bandi.pl\/sklep\/katalog\/seria\/82_c-active-care\/&#8221; button_text=&#8221;ZOBACZ&#8221; button_alignment=&#8221;center&#8221; disabled_on=&#8221;off|off|off&#8221; _builder_version=&#8221;4.4.1&#8243; custom_button=&#8221;on&#8221; button_text_size=&#8221;20px&#8221; button_text_color=&#8221;#ffffff&#8221; button_border_radius=&#8221;25px&#8221; button_font=&#8221;Bree Serif||||||||&#8221; background_layout=&#8221;dark&#8221; custom_padding=&#8221;12px|30px|12px|30px|true|true&#8221; hover_transition_duration=&#8221;0ms&#8221; hover_enabled=&#8221;0&#8243; box_shadow_style=&#8221;preset3&#8243;][\/et_pb_button][\/et_pb_column][et_pb_column type=&#8221;1_2&#8243; _builder_version=&#8221;4.4.1&#8243;][et_pb_image src=&#8221;https:\/\/www.bandi.pl\/blog\/wp-content\/uploads\/2021\/09\/zdjecie1-scaled.jpg&#8221; align=&#8221;center&#8221; _builder_version=&#8221;4.4.1&#8243; hover_enabled=&#8221;0&#8243; url=&#8221;https:\/\/www.bandi.pl\/sklep\/katalog\/seria\/82_c-active-care\/&#8221;][\/et_pb_image][\/et_pb_column][\/et_pb_row][\/et_pb_section]<\/div>\n","protected":false},"excerpt":{"rendered":"<p>Jak wiemy, nasza sk\u00f3ra zaczyna si\u0119 starze\u0107 ju\u017c od oko\u0142o 25 roku \u017cycia, czyli wiek w kt\u00f3rym obecnie si\u0119 znajduj\u0119, st\u0105d te\u017c moje zainteresowanie jak zatrzyma\u0107 m\u0142ody wygl\u0105d. Lepiej przecie\u017c zapobiega\u0107 ni\u017c leczy\u0107. Starzenie si\u0119 sk\u00f3ry to proces naturalny, powi\u0105zany z naszymi genami, gospodark\u0105 hormonaln\u0105, ale tak\u017ce zale\u017cny od czynnik\u00f3w zewn\u0119trznych. Pod wp\u0142ywem promieniowania UV [&hellip;]<\/p>\n","protected":false},"author":13,"featured_media":12533,"comment_status":"open","ping_status":"closed","sticky":false,"template":"","format":"standard","meta":{"_et_pb_use_builder":"","_et_pb_old_content":"","_et_gb_content_width":"","footnotes":""},"categories":[6794,2018],"tags":[3445,4740,4210,4207,6786,17,4230,4208,28,114],"class_list":["post-12531","post","type-post","status-publish","format-standard","has-post-thumbnail","hentry","category-aleksandra-kotowska","category-kategoria-vloger-poleca","tag-bandi","tag-bandi-cosmetics","tag-krem-pod-oczy-z-witamina-c","tag-krem-z-witamina-c","tag-maska-z-witamina-c","tag-odmladzanie","tag-pielegnacja-profesjonalna","tag-serum-z-witamina-c","tag-witamina-c","tag-zmarszczki"],"yoast_head":"<!-- This site is optimized with the Yoast SEO plugin v27.1.1 - https:\/\/yoast.com\/product\/yoast-seo-wordpress\/ -->\n<title>Kosmetyki z witamin\u0105 C dla pi\u0119knej sk\u00f3ry &#187; Blog BANDI<\/title>\n<meta name=\"description\" content=\"Nie od dzi\u015b wiadomo jak dobroczynny wp\u0142yw ma witamina C na stan naszej sk\u00f3ry. Jej dzia\u0142anie jest wielokierunkowe i korzystne dla ka\u017cdego typu cery.\" \/>\n<meta name=\"robots\" content=\"index, follow, max-snippet:-1, max-image-preview:large, max-video-preview:-1\" \/>\n<link rel=\"canonical\" href=\"https:\/\/www.bandi.pl\/blog\/kosmetyki-z-witamina-c-dla-pieknej-skory\/\" \/>\n<meta property=\"og:locale\" content=\"pl_PL\" \/>\n<meta property=\"og:type\" content=\"article\" \/>\n<meta property=\"og:title\" content=\"Kosmetyki z witamin\u0105 C dla pi\u0119knej sk\u00f3ry &#187; Blog BANDI\" \/>\n<meta property=\"og:description\" content=\"Nie od dzi\u015b wiadomo jak dobroczynny wp\u0142yw ma witamina C na stan naszej sk\u00f3ry. Jej dzia\u0142anie jest wielokierunkowe i korzystne dla ka\u017cdego typu cery.\" \/>\n<meta property=\"og:url\" content=\"https:\/\/www.bandi.pl\/blog\/kosmetyki-z-witamina-c-dla-pieknej-skory\/\" \/>\n<meta property=\"og:site_name\" content=\"Blog BANDI\" \/>\n<meta property=\"article:publisher\" content=\"https:\/\/web.facebook.com\/BANDIcosmetics\" \/>\n<meta property=\"article:published_time\" content=\"2021-09-21T09:00:00+00:00\" \/>\n<meta property=\"og:image\" content=\"https:\/\/www.bandi.pl\/blog\/wp-content\/uploads\/2021\/09\/Projekt-bez-tytulu152.png\" \/>\n\t<meta property=\"og:image:width\" content=\"1748\" \/>\n\t<meta property=\"og:image:height\" content=\"1240\" \/>\n\t<meta property=\"og:image:type\" content=\"image\/png\" \/>\n<meta name=\"author\" content=\"Ilona Kiraga\" \/>\n<meta name=\"twitter:card\" content=\"summary_large_image\" \/>\n<meta name=\"twitter:creator\" content=\"@bandi_cosmetics\" \/>\n<meta name=\"twitter:site\" content=\"@bandi_cosmetics\" \/>\n<meta name=\"twitter:label1\" content=\"Napisane przez\" \/>\n\t<meta name=\"twitter:data1\" content=\"Ilona Kiraga\" \/>\n\t<meta name=\"twitter:label2\" content=\"Szacowany czas czytania\" \/>\n\t<meta name=\"twitter:data2\" content=\"3 minuty\" \/>\n<script type=\"application\/ld+json\" class=\"yoast-schema-graph\">{\"@context\":\"https:\/\/schema.org\",\"@graph\":[{\"@type\":\"Article\",\"@id\":\"https:\/\/www.bandi.pl\/blog\/kosmetyki-z-witamina-c-dla-pieknej-skory\/#article\",\"isPartOf\":{\"@id\":\"https:\/\/www.bandi.pl\/blog\/kosmetyki-z-witamina-c-dla-pieknej-skory\/\"},\"author\":{\"name\":\"Ilona Kiraga\",\"@id\":\"https:\/\/www.bandi.pl\/blog\/#\/schema\/person\/5ba05af1a18c58f1c31d4ae051ec9499\"},\"headline\":\"Kosmetyki z witamin\u0105 C dla pi\u0119knej sk\u00f3ry\",\"datePublished\":\"2021-09-21T09:00:00+00:00\",\"mainEntityOfPage\":{\"@id\":\"https:\/\/www.bandi.pl\/blog\/kosmetyki-z-witamina-c-dla-pieknej-skory\/\"},\"wordCount\":801,\"commentCount\":0,\"publisher\":{\"@id\":\"https:\/\/www.bandi.pl\/blog\/#organization\"},\"image\":{\"@id\":\"https:\/\/www.bandi.pl\/blog\/kosmetyki-z-witamina-c-dla-pieknej-skory\/#primaryimage\"},\"thumbnailUrl\":\"https:\/\/www.bandi.pl\/blog\/wp-content\/uploads\/2021\/09\/Projekt-bez-tytulu152.png\",\"keywords\":[\"Bandi\",\"bandi cosmetics\",\"krem pod oczy z witamin\u0105 C\",\"krem z witamin\u0105 C\",\"maska z witamin\u0105 c\",\"odm\u0142adzanie\",\"piel\u0119gnacja profesjonalna\",\"serum z witamin\u0105 C\",\"witamina C\",\"zmarszczki\"],\"articleSection\":[\"Aleksandra Kotowska\",\"Vloger poleca\"],\"inLanguage\":\"pl-PL\",\"potentialAction\":[{\"@type\":\"CommentAction\",\"name\":\"Comment\",\"target\":[\"https:\/\/www.bandi.pl\/blog\/kosmetyki-z-witamina-c-dla-pieknej-skory\/#respond\"]}]},{\"@type\":\"WebPage\",\"@id\":\"https:\/\/www.bandi.pl\/blog\/kosmetyki-z-witamina-c-dla-pieknej-skory\/\",\"url\":\"https:\/\/www.bandi.pl\/blog\/kosmetyki-z-witamina-c-dla-pieknej-skory\/\",\"name\":\"Kosmetyki z witamin\u0105 C dla pi\u0119knej sk\u00f3ry &#187; Blog BANDI\",\"isPartOf\":{\"@id\":\"https:\/\/www.bandi.pl\/blog\/#website\"},\"primaryImageOfPage\":{\"@id\":\"https:\/\/www.bandi.pl\/blog\/kosmetyki-z-witamina-c-dla-pieknej-skory\/#primaryimage\"},\"image\":{\"@id\":\"https:\/\/www.bandi.pl\/blog\/kosmetyki-z-witamina-c-dla-pieknej-skory\/#primaryimage\"},\"thumbnailUrl\":\"https:\/\/www.bandi.pl\/blog\/wp-content\/uploads\/2021\/09\/Projekt-bez-tytulu152.png\",\"datePublished\":\"2021-09-21T09:00:00+00:00\",\"description\":\"Nie od dzi\u015b wiadomo jak dobroczynny wp\u0142yw ma witamina C na stan naszej sk\u00f3ry. Jej dzia\u0142anie jest wielokierunkowe i korzystne dla ka\u017cdego typu cery.\",\"breadcrumb\":{\"@id\":\"https:\/\/www.bandi.pl\/blog\/kosmetyki-z-witamina-c-dla-pieknej-skory\/#breadcrumb\"},\"inLanguage\":\"pl-PL\",\"potentialAction\":[{\"@type\":\"ReadAction\",\"target\":[\"https:\/\/www.bandi.pl\/blog\/kosmetyki-z-witamina-c-dla-pieknej-skory\/\"]}]},{\"@type\":\"ImageObject\",\"inLanguage\":\"pl-PL\",\"@id\":\"https:\/\/www.bandi.pl\/blog\/kosmetyki-z-witamina-c-dla-pieknej-skory\/#primaryimage\",\"url\":\"https:\/\/www.bandi.pl\/blog\/wp-content\/uploads\/2021\/09\/Projekt-bez-tytulu152.png\",\"contentUrl\":\"https:\/\/www.bandi.pl\/blog\/wp-content\/uploads\/2021\/09\/Projekt-bez-tytulu152.png\",\"width\":1748,\"height\":1240,\"caption\":\"witamina c\"},{\"@type\":\"BreadcrumbList\",\"@id\":\"https:\/\/www.bandi.pl\/blog\/kosmetyki-z-witamina-c-dla-pieknej-skory\/#breadcrumb\",\"itemListElement\":[{\"@type\":\"ListItem\",\"position\":1,\"name\":\"BANDI\",\"item\":\"https:\/\/www.bandi.pl\/blog\/\"},{\"@type\":\"ListItem\",\"position\":2,\"name\":\"Kosmetyki z witamin\u0105 C dla pi\u0119knej sk\u00f3ry\"}]},{\"@type\":\"WebSite\",\"@id\":\"https:\/\/www.bandi.pl\/blog\/#website\",\"url\":\"https:\/\/www.bandi.pl\/blog\/\",\"name\":\"Blog BANDI\",\"description\":\"Czarno na bia\u0142ym o kosmetykach\",\"publisher\":{\"@id\":\"https:\/\/www.bandi.pl\/blog\/#organization\"},\"potentialAction\":[{\"@type\":\"SearchAction\",\"target\":{\"@type\":\"EntryPoint\",\"urlTemplate\":\"https:\/\/www.bandi.pl\/blog\/?s={search_term_string}\"},\"query-input\":{\"@type\":\"PropertyValueSpecification\",\"valueRequired\":true,\"valueName\":\"search_term_string\"}}],\"inLanguage\":\"pl-PL\"},{\"@type\":\"Organization\",\"@id\":\"https:\/\/www.bandi.pl\/blog\/#organization\",\"name\":\"BANDI\",\"url\":\"https:\/\/www.bandi.pl\/blog\/\",\"logo\":{\"@type\":\"ImageObject\",\"inLanguage\":\"pl-PL\",\"@id\":\"https:\/\/www.bandi.pl\/blog\/#\/schema\/logo\/image\/\",\"url\":\"https:\/\/www.bandi.pl\/blog\/wp-content\/uploads\/2019\/06\/bandi-logo.png\",\"contentUrl\":\"https:\/\/www.bandi.pl\/blog\/wp-content\/uploads\/2019\/06\/bandi-logo.png\",\"width\":264,\"height\":111,\"caption\":\"BANDI\"},\"image\":{\"@id\":\"https:\/\/www.bandi.pl\/blog\/#\/schema\/logo\/image\/\"},\"sameAs\":[\"https:\/\/web.facebook.com\/BANDIcosmetics\",\"https:\/\/x.com\/bandi_cosmetics\",\"https:\/\/www.instagram.com\/bandi_cosmetics\/\",\"https:\/\/www.pinterest.com\/bandicosmetics\/\",\"https:\/\/www.youtube.com\/user\/BandiCosmeticsPolska\"]},{\"@type\":\"Person\",\"@id\":\"https:\/\/www.bandi.pl\/blog\/#\/schema\/person\/5ba05af1a18c58f1c31d4ae051ec9499\",\"name\":\"Ilona Kiraga\"}]}<\/script>\n<!-- \/ Yoast SEO plugin. -->","yoast_head_json":{"title":"Kosmetyki z witamin\u0105 C dla pi\u0119knej sk\u00f3ry &#187; Blog BANDI","description":"Nie od dzi\u015b wiadomo jak dobroczynny wp\u0142yw ma witamina C na stan naszej sk\u00f3ry. Jej dzia\u0142anie jest wielokierunkowe i korzystne dla ka\u017cdego typu cery.","robots":{"index":"index","follow":"follow","max-snippet":"max-snippet:-1","max-image-preview":"max-image-preview:large","max-video-preview":"max-video-preview:-1"},"canonical":"https:\/\/www.bandi.pl\/blog\/kosmetyki-z-witamina-c-dla-pieknej-skory\/","og_locale":"pl_PL","og_type":"article","og_title":"Kosmetyki z witamin\u0105 C dla pi\u0119knej sk\u00f3ry &#187; Blog BANDI","og_description":"Nie od dzi\u015b wiadomo jak dobroczynny wp\u0142yw ma witamina C na stan naszej sk\u00f3ry. Jej dzia\u0142anie jest wielokierunkowe i korzystne dla ka\u017cdego typu cery.","og_url":"https:\/\/www.bandi.pl\/blog\/kosmetyki-z-witamina-c-dla-pieknej-skory\/","og_site_name":"Blog BANDI","article_publisher":"https:\/\/web.facebook.com\/BANDIcosmetics","article_published_time":"2021-09-21T09:00:00+00:00","og_image":[{"width":1748,"height":1240,"url":"https:\/\/www.bandi.pl\/blog\/wp-content\/uploads\/2021\/09\/Projekt-bez-tytulu152.png","type":"image\/png"}],"author":"Ilona Kiraga","twitter_card":"summary_large_image","twitter_creator":"@bandi_cosmetics","twitter_site":"@bandi_cosmetics","twitter_misc":{"Napisane przez":"Ilona Kiraga","Szacowany czas czytania":"3 minuty"},"schema":{"@context":"https:\/\/schema.org","@graph":[{"@type":"Article","@id":"https:\/\/www.bandi.pl\/blog\/kosmetyki-z-witamina-c-dla-pieknej-skory\/#article","isPartOf":{"@id":"https:\/\/www.bandi.pl\/blog\/kosmetyki-z-witamina-c-dla-pieknej-skory\/"},"author":{"name":"Ilona Kiraga","@id":"https:\/\/www.bandi.pl\/blog\/#\/schema\/person\/5ba05af1a18c58f1c31d4ae051ec9499"},"headline":"Kosmetyki z witamin\u0105 C dla pi\u0119knej sk\u00f3ry","datePublished":"2021-09-21T09:00:00+00:00","mainEntityOfPage":{"@id":"https:\/\/www.bandi.pl\/blog\/kosmetyki-z-witamina-c-dla-pieknej-skory\/"},"wordCount":801,"commentCount":0,"publisher":{"@id":"https:\/\/www.bandi.pl\/blog\/#organization"},"image":{"@id":"https:\/\/www.bandi.pl\/blog\/kosmetyki-z-witamina-c-dla-pieknej-skory\/#primaryimage"},"thumbnailUrl":"https:\/\/www.bandi.pl\/blog\/wp-content\/uploads\/2021\/09\/Projekt-bez-tytulu152.png","keywords":["Bandi","bandi cosmetics","krem pod oczy z witamin\u0105 C","krem z witamin\u0105 C","maska z witamin\u0105 c","odm\u0142adzanie","piel\u0119gnacja profesjonalna","serum z witamin\u0105 C","witamina C","zmarszczki"],"articleSection":["Aleksandra Kotowska","Vloger poleca"],"inLanguage":"pl-PL","potentialAction":[{"@type":"CommentAction","name":"Comment","target":["https:\/\/www.bandi.pl\/blog\/kosmetyki-z-witamina-c-dla-pieknej-skory\/#respond"]}]},{"@type":"WebPage","@id":"https:\/\/www.bandi.pl\/blog\/kosmetyki-z-witamina-c-dla-pieknej-skory\/","url":"https:\/\/www.bandi.pl\/blog\/kosmetyki-z-witamina-c-dla-pieknej-skory\/","name":"Kosmetyki z witamin\u0105 C dla pi\u0119knej sk\u00f3ry &#187; Blog BANDI","isPartOf":{"@id":"https:\/\/www.bandi.pl\/blog\/#website"},"primaryImageOfPage":{"@id":"https:\/\/www.bandi.pl\/blog\/kosmetyki-z-witamina-c-dla-pieknej-skory\/#primaryimage"},"image":{"@id":"https:\/\/www.bandi.pl\/blog\/kosmetyki-z-witamina-c-dla-pieknej-skory\/#primaryimage"},"thumbnailUrl":"https:\/\/www.bandi.pl\/blog\/wp-content\/uploads\/2021\/09\/Projekt-bez-tytulu152.png","datePublished":"2021-09-21T09:00:00+00:00","description":"Nie od dzi\u015b wiadomo jak dobroczynny wp\u0142yw ma witamina C na stan naszej sk\u00f3ry. Jej dzia\u0142anie jest wielokierunkowe i korzystne dla ka\u017cdego typu cery.","breadcrumb":{"@id":"https:\/\/www.bandi.pl\/blog\/kosmetyki-z-witamina-c-dla-pieknej-skory\/#breadcrumb"},"inLanguage":"pl-PL","potentialAction":[{"@type":"ReadAction","target":["https:\/\/www.bandi.pl\/blog\/kosmetyki-z-witamina-c-dla-pieknej-skory\/"]}]},{"@type":"ImageObject","inLanguage":"pl-PL","@id":"https:\/\/www.bandi.pl\/blog\/kosmetyki-z-witamina-c-dla-pieknej-skory\/#primaryimage","url":"https:\/\/www.bandi.pl\/blog\/wp-content\/uploads\/2021\/09\/Projekt-bez-tytulu152.png","contentUrl":"https:\/\/www.bandi.pl\/blog\/wp-content\/uploads\/2021\/09\/Projekt-bez-tytulu152.png","width":1748,"height":1240,"caption":"witamina c"},{"@type":"BreadcrumbList","@id":"https:\/\/www.bandi.pl\/blog\/kosmetyki-z-witamina-c-dla-pieknej-skory\/#breadcrumb","itemListElement":[{"@type":"ListItem","position":1,"name":"BANDI","item":"https:\/\/www.bandi.pl\/blog\/"},{"@type":"ListItem","position":2,"name":"Kosmetyki z witamin\u0105 C dla pi\u0119knej sk\u00f3ry"}]},{"@type":"WebSite","@id":"https:\/\/www.bandi.pl\/blog\/#website","url":"https:\/\/www.bandi.pl\/blog\/","name":"Blog BANDI","description":"Czarno na bia\u0142ym o kosmetykach","publisher":{"@id":"https:\/\/www.bandi.pl\/blog\/#organization"},"potentialAction":[{"@type":"SearchAction","target":{"@type":"EntryPoint","urlTemplate":"https:\/\/www.bandi.pl\/blog\/?s={search_term_string}"},"query-input":{"@type":"PropertyValueSpecification","valueRequired":true,"valueName":"search_term_string"}}],"inLanguage":"pl-PL"},{"@type":"Organization","@id":"https:\/\/www.bandi.pl\/blog\/#organization","name":"BANDI","url":"https:\/\/www.bandi.pl\/blog\/","logo":{"@type":"ImageObject","inLanguage":"pl-PL","@id":"https:\/\/www.bandi.pl\/blog\/#\/schema\/logo\/image\/","url":"https:\/\/www.bandi.pl\/blog\/wp-content\/uploads\/2019\/06\/bandi-logo.png","contentUrl":"https:\/\/www.bandi.pl\/blog\/wp-content\/uploads\/2019\/06\/bandi-logo.png","width":264,"height":111,"caption":"BANDI"},"image":{"@id":"https:\/\/www.bandi.pl\/blog\/#\/schema\/logo\/image\/"},"sameAs":["https:\/\/web.facebook.com\/BANDIcosmetics","https:\/\/x.com\/bandi_cosmetics","https:\/\/www.instagram.com\/bandi_cosmetics\/","https:\/\/www.pinterest.com\/bandicosmetics\/","https:\/\/www.youtube.com\/user\/BandiCosmeticsPolska"]},{"@type":"Person","@id":"https:\/\/www.bandi.pl\/blog\/#\/schema\/person\/5ba05af1a18c58f1c31d4ae051ec9499","name":"Ilona Kiraga"}]}},"_links":{"self":[{"href":"https:\/\/www.bandi.pl\/blog\/wp-json\/wp\/v2\/posts\/12531","targetHints":{"allow":["GET"]}}],"collection":[{"href":"https:\/\/www.bandi.pl\/blog\/wp-json\/wp\/v2\/posts"}],"about":[{"href":"https:\/\/www.bandi.pl\/blog\/wp-json\/wp\/v2\/types\/post"}],"author":[{"embeddable":true,"href":"https:\/\/www.bandi.pl\/blog\/wp-json\/wp\/v2\/users\/13"}],"replies":[{"embeddable":true,"href":"https:\/\/www.bandi.pl\/blog\/wp-json\/wp\/v2\/comments?post=12531"}],"version-history":[{"count":8,"href":"https:\/\/www.bandi.pl\/blog\/wp-json\/wp\/v2\/posts\/12531\/revisions"}],"predecessor-version":[{"id":12544,"href":"https:\/\/www.bandi.pl\/blog\/wp-json\/wp\/v2\/posts\/12531\/revisions\/12544"}],"wp:featuredmedia":[{"embeddable":true,"href":"https:\/\/www.bandi.pl\/blog\/wp-json\/wp\/v2\/media\/12533"}],"wp:attachment":[{"href":"https:\/\/www.bandi.pl\/blog\/wp-json\/wp\/v2\/media?parent=12531"}],"wp:term":[{"taxonomy":"category","embeddable":true,"href":"https:\/\/www.bandi.pl\/blog\/wp-json\/wp\/v2\/categories?post=12531"},{"taxonomy":"post_tag","embeddable":true,"href":"https:\/\/www.bandi.pl\/blog\/wp-json\/wp\/v2\/tags?post=12531"}],"curies":[{"name":"wp","href":"https:\/\/api.w.org\/{rel}","templated":true}]}}