{"id":12335,"date":"2021-08-19T09:15:10","date_gmt":"2021-08-19T07:15:10","guid":{"rendered":"https:\/\/www.bandi.pl\/blog\/?p=12335"},"modified":"2022-02-11T10:16:46","modified_gmt":"2022-02-11T09:16:46","slug":"kosmetyki-naturalne-w-codziennej-pielegnacji","status":"publish","type":"post","link":"https:\/\/www.bandi.pl\/blog\/kosmetyki-naturalne-w-codziennej-pielegnacji\/","title":{"rendered":"Kosmetyki naturalne w codziennej piel\u0119gnacji"},"content":{"rendered":"\n<p>W ostatnim czasie wiele si\u0119 m\u00f3wi o poszanowaniu\nprzyrody i trosce o \u015brodowisko. Ma to wp\u0142yw r\u00f3wnie\u017c na dokonywane przez nas\nwybory. Si\u0119gaj\u0105c po kosmetyk chcemy ju\u017c nie tylko, by efektywnie dzia\u0142a\u0142 i by\u0142\nprzyjemny w stosowaniu, ale r\u00f3wnie\u017c wa\u017cne jest dla nas to czy preparat jest\nprzyjazny \u015brodowisku. Dlatego coraz ch\u0119tniej si\u0119gamy po kosmetyki naturalne. &nbsp;<\/p>\n\n\n\n<h2 class=\"wp-block-heading\" id=\"h-kosmetyki-naturalne-co-je-wyr-nia\">Kosmetyki naturalne \u2013 co je wyr\u00f3\u017cnia?<\/h2>\n\n\n\n<p>Kosmetyki naturalne s\u0105 przyjazne naturze, a sk\u0142adniki, z kt\u00f3rych powstaj\u0105 pozyskuje si\u0119 w spos\u00f3b bezpieczny dla \u015brodowiska. R\u00f3wnie\u017c ich opakowania nie s\u0105 przypadkowe. Projektuje si\u0119 je cz\u0119sto z surowc\u00f3w pochodz\u0105cych z recyklingu, niekiedy pakowane s\u0105 w opakowania szklane lub zero waste. Jest to aktualnie bardzo wa\u017cna kwestia, poniewa\u017c odpady stanowi\u0105 ogromny problem dla naszego \u015brodowiska.&nbsp;<\/p>\n\n\n\n<p><a href=\"https:\/\/www.bandi.pl\/sklep\/sekcja\/eko\/\">Ekoceutyki <\/a>to stosunkowo nowa nazwa w \u015bwiecie kosmetyki. To po\u0142\u0105czenie bezpiecze\u0144stwa ze skuteczno\u015bci\u0105. To linia, kt\u00f3ra dba o \u015brodowisko naturalne, jest hipoalergiczna, przebadana na bardzo wymagaj\u0105cych cerach wra\u017cliwych. Prawie 100% u\u017cytych substancji jest pochodzenia naturalnego, dlatego mog\u0105 stosowa\u0107 je wszyscy, tak\u017ce kobiety w ci\u0105\u017cy i karmi\u0105ce piersi\u0105. Odkry\u0142am j\u0105 kilka lat temu i od tamtego czasu produkty te nie opuszczaj\u0105 mojej kosmetyczki.&nbsp;<\/p>\n\n\n\n<figure class=\"wp-block-embed is-type-video is-provider-youtube wp-block-embed-youtube wp-embed-aspect-16-9 wp-has-aspect-ratio\"><div class=\"wp-block-embed__wrapper\">\n<iframe loading=\"lazy\" title=\"Czas wr\u00f3ci\u0107 do natury\" width=\"1080\" height=\"608\" src=\"https:\/\/www.youtube.com\/embed\/yC7FYBi2D6g?feature=oembed\" frameborder=\"0\" allow=\"accelerometer; autoplay; clipboard-write; encrypted-media; gyroscope; picture-in-picture\" allowfullscreen><\/iframe>\n<\/div><\/figure>\n\n\n\n<h2 class=\"wp-block-heading\" id=\"h-ecofriendly-care-naturalna-troska-o-sk-r\">EcoFriendly Care \u2013 naturalna troska o sk\u00f3r\u0119<\/h2>\n\n\n\n<h4 class=\"wp-block-heading\" id=\"h-tr-jaktywny-peeling-do-twarzy\">Tr\u00f3jaktywny peeling do\ntwarzy<\/h4>\n\n\n\n<p><a href=\"https:\/\/www.bandi.pl\/sklep\/peelingi\/trojaktywny-peeling-do-twarzy-749\/\">Peeling<\/a> powinni\u015bmy wykonywa\u0107 co najmniej raz w tygodniu, a je\u015bli nasza sk\u00f3ra ma problem z \u0142ojotokiem to nawet dwa. Cz\u0119sto zapominamy o tym zabiegu jednak jest on bardzo wa\u017cny, gdy\u017c wyg\u0142adza, oczyszcza i sprawia, \u017ce nask\u00f3rek jest gotowy na przyj\u0119cie kolejnych kosmetyk\u00f3w.&nbsp;<\/p>\n\n\n\n<p>Tr\u00f3jaktywny peeling do twarzy&nbsp;powsta\u0142 na bazie naturalnych sk\u0142adnik\u00f3w aktywnych. Wyg\u0142adza, roz\u015bwietla, od\u015bwie\u017ca i wyr\u00f3wnuje koloryt sk\u00f3ry, dlatego zalecany jest dla cery zm\u0119czonej, szarej, pozbawionej blasku.  Zawiera 97% sk\u0142adnik\u00f3w pochodzenia naturalnego. W sk\u0142adzie znajdziemy mi\u0119dzy innymi: skrobi\u0119 ry\u017cow\u0105, biodegradowalne drobinki z\u0142uszczaj\u0105ce, kawior limonowy, mas\u0142o shea, bioferment z bambusa, match\u0119, bioferment z kukurydzy.&nbsp;To kosmetyk naturalny i hypoalergiczny. Nie zawiera substancji zapachowych, barwnik\u00f3w ani surowc\u00f3w potencjalnie dra\u017cni\u0105cych. Testowany dermatologicznie na sk\u00f3rze wra\u017cliwej.<\/p>\n\n\n\n<h4 class=\"wp-block-heading\" id=\"h-lekka-emulsja-nawil-aj-ca\">Lekka emulsja nawil\u017caj\u0105ca <\/h4>\n\n\n\n<p><a href=\"https:\/\/www.bandi.pl\/sklep\/emulsje\/lekka-emulsja-nawilzajaca-748\/\">Emulsja<\/a> ma naprawd\u0119 lekk\u0105 konsystencj\u0119. Bardzo dobrze rozprowadza si\u0119 na sk\u00f3rze, intensywnie nawil\u017ca, wyr\u00f3wnuje koloryt sk\u00f3ry, wzmacnia jej barier\u0119 ochronn\u0105, \u015bwietnie reguluje wydzielanie sebum, a tak\u017ce&nbsp;zapobiega powstawaniu zmarszczek. W emulsji podobnie jak w peelingu znajdziemy&nbsp;bioferment z bambusa. Pozosta\u0142e sk\u0142adniki aktywne to:&nbsp;kompleks mikrobiomowy,&nbsp;ro\u015blinny odpowiednik retinolu (bakuchiol) i trehaloza.<\/p>\n\n\n\n<h4 class=\"wp-block-heading\" id=\"h-rewitalizuj-cy-krem-pod-oczy\">Rewitalizuj\u0105cy krem pod oczy&nbsp;<\/h4>\n\n\n\n<p>Zdarza mi si\u0119 mie\u0107 problemy z cieniami pod oczami, wiec kremy tego typu to u mnie \u201emust have\u201d. <strong><a href=\"https:\/\/www.bandi.pl\/sklep\/kremy\/rewitalizujacy-krem-pod-oczy-750\/\">Krem<\/a><\/strong> jest lekki, bardzo dobrze si\u0119 wch\u0142ania, rozja\u015bnia cienie i nawil\u017ca. Tak\u017ce korzystnie wp\u0142ywa na mikrobiom i jego r\u00f3wnowag\u0119 na sk\u00f3rze. U mnie sprawdzi\u0142 si\u0119 rewelacyjnie. W sk\u0142adzie znajdziemy:&nbsp;algi fucus vesiculosus, kt\u00f3re&nbsp;rozja\u015bniaj\u0105 cienie pod oczami, dzia\u0142aj\u0105 antyoksydacyjnie, wyg\u0142adzaj\u0105 powierzchni\u0119 sk\u00f3ry i zmniejszaj\u0105 zmarszczki. Odpowiadaj\u0105 za efekt wypocz\u0119tego spojrzenia i m\u0142odszego wygl\u0105du.&nbsp;Dodatkowo krem zawiera bioferment z bambusa,&nbsp;kompleks mikrobiomowy,&nbsp;ro\u015blinny odpowiednik retinolu (bakuchiol).<\/p>\n\n\n\n<h4 class=\"wp-block-heading\" id=\"h-tonizuj-cy-el-do-mycia-twarzy\">Tonizuj\u0105cy \u017cel do mycia twarzy<\/h4>\n\n\n\n<p>Delikatnie myj\u0105cy<a href=\"https:\/\/www.bandi.pl\/sklep\/zele\/tonizujacy-zel-do-mycia-twarzy-752\/\"> \u017cel<\/a>, b\u0119dzie nadawa\u0142 si\u0119 do ka\u017cdego rodzaju cery. Produkt jest naprawd\u0119 bardzo wydajny. Korzystnie wp\u0142ywa na mikrobiom, tonizuje i nie narusza fizjologicznego pH sk\u00f3ry.<\/p>\n\n\n\n<h4 class=\"wp-block-heading\" id=\"h-koj-cy-krem-przeciwzmarszczkowy\">Koj\u0105cy krem\nprzeciwzmarszczkowy&nbsp;<\/h4>\n\n\n\n<p><a href=\"https:\/\/www.bandi.pl\/sklep\/kremy\/kojacy-krem-przeciwzmarszczkowy-751\/\">Krem<\/a> ma za zadanie nawil\u017cy\u0107 sk\u00f3r\u0119, zneutralizowa\u0107 podra\u017cnienia oraz dzia\u0142a\u0107 przeciwzmarszczkowo. Produkt wp\u0142ywa r\u00f3wnie\u017c korzystnie na nasz mikrobiom czyli r\u00f3wnowag\u0119 na sk\u00f3rze, wzmacnia barier\u0119 nask\u00f3rkow\u0105 oraz stymuluje odnow\u0119 kom\u00f3rkow\u0105.&nbsp;Krem ma bardzo lekk\u0105 i bezzapachow\u0105 konsystencj\u0119. Sprawdza si\u0119 u mnie rewelacyjnie. Doskonale nawil\u017ca i wyg\u0142adza sk\u00f3r\u0119. W tym naturalnym kosmetyku znalaz\u0142y si\u0119 nast\u0119puj\u0105ce sk\u0142adniki aktywne: bioferment z bambusa, kompleks mikrobiomowy,&nbsp;olej kokosowy,&nbsp;ro\u015blinny odpowiednik retinolu (bakuchiol)&nbsp;&#8211; otrzymywany z jadalnych nasion indyjskiej ro\u015bliny Bab\u0107i. Wykazuje on skuteczno\u015b\u0107 retinolu, ale bez efektu podra\u017cnienia: delikatnie z\u0142uszcza, uj\u0119drnia, normalizuje prac\u0119 gruczo\u0142\u00f3w \u0142ojowych sk\u00f3ry, poprawia koloryt, koi podra\u017cnienia i przyspiesza regeneracj\u0119 nask\u00f3rka.<\/p>\n\n\n\n<p>Podsumowuj\u0105c jestem zakochana w naszej rodzimej, polskiej marce Bandi i linii ekoceutyk\u00f3w. To zdecydowanie kosmetyki naturalne, kt\u00f3re najcz\u0119\u015bciej polecam moim znajomym. <a href=\"https:\/\/www.bandi.pl\/sklep\/sekcja\/eko\/\">Ekoceutyki<\/a> dzi\u0119ki swoim rewelacyjnym, naturalnym sk\u0142adom nadaj\u0105 si\u0119 do ka\u017cdego rodzaju cery, nawet do tej najbardziej wra\u017cliwej.&nbsp;<\/p>\n\n\n\n<div class=\"wp-block-divi-layout\">[et_pb_section fb_built=&#8221;1&#8243; _builder_version=&#8221;4.4.1&#8243;][\/et_pb_section][et_pb_section fb_built=&#8221;1&#8243; _builder_version=&#8221;4.4.1&#8243; top_divider_style=&#8221;arrow&#8221; top_divider_color=&#8221;rgba(255,166,168,0.75)&#8221; top_divider_height=&#8221;1px&#8221; bottom_divider_style=&#8221;arrow&#8221; bottom_divider_color=&#8221;rgba(255,166,168,0.75)&#8221; bottom_divider_height=&#8221;1px&#8221;][et_pb_row column_structure=&#8221;1_2,1_2&#8243; _builder_version=&#8221;4.4.1&#8243; width=&#8221;100%&#8221; module_alignment=&#8221;left&#8221; custom_margin=&#8221;||||false|false&#8221;][et_pb_column type=&#8221;1_2&#8243; _builder_version=&#8221;4.4.1&#8243;][et_pb_text _builder_version=&#8221;4.4.1&#8243; text_font=&#8221;Raleway Bold||||||||&#8221; text_text_color=&#8221;rgba(255,166,168,0.75)&#8221; text_font_size=&#8221;56px&#8221; text_letter_spacing=&#8221;8px&#8221; text_line_height=&#8221;1.1em&#8221; custom_margin=&#8221;40px||||false|false&#8221; link_option_url=&#8221;https:\/\/www.bandi.pl\/sklep\/sekcja\/eko\/&#8221;]<p style=\"text-align: center;\"><strong><span size=\"6\" style=\"font-size: xx-large;\">ECOFRIENDLY CARE<\/span><\/strong><\/p>\n<p style=\"text-align: center;\"><strong><span style=\"font-size: xx-large;\"><\/span><\/strong><\/p>[\/et_pb_text][et_pb_text _builder_version=&#8221;4.4.1&#8243; text_font=&#8221;Raleway Regular||||||||&#8221; text_text_color=&#8221;#b8b8b8&#8243; text_font_size=&#8221;22px&#8221; text_line_height=&#8221;1.5em&#8221; link_option_url=&#8221;https:\/\/www.bandi.pl\/sklep\/sekcja\/eko\/&#8221;]<p style=\"text-align: center\">Bezpiecze\u0144stwo, skuteczno\u015b\u0107 i troska o \u015brodowisko<\/p>[\/et_pb_text][et_pb_button button_url=&#8221;https:\/\/www.bandi.pl\/sklep\/sekcja\/eko\/&#8221; button_text=&#8221;ZOBACZ&#8221; button_alignment=&#8221;center&#8221; disabled_on=&#8221;off|off|off&#8221; _builder_version=&#8221;4.4.1&#8243; custom_button=&#8221;on&#8221; button_text_size=&#8221;20px&#8221; button_text_color=&#8221;#ffffff&#8221; button_border_radius=&#8221;25px&#8221; button_font=&#8221;Bree Serif||||||||&#8221; background_layout=&#8221;dark&#8221; custom_padding=&#8221;12px|30px|12px|30px|true|true&#8221; hover_transition_duration=&#8221;0ms&#8221; box_shadow_style=&#8221;preset3&#8243;][\/et_pb_button][\/et_pb_column][et_pb_column type=&#8221;1_2&#8243; _builder_version=&#8221;4.4.1&#8243;][et_pb_image src=&#8221;https:\/\/www.bandi.pl\/blog\/wp-content\/uploads\/2021\/08\/image4-scaled.jpeg&#8221; url=&#8221;https:\/\/www.bandi.pl\/sklep\/sekcja\/eko\/&#8221; align=&#8221;center&#8221; _builder_version=&#8221;4.4.1&#8243;][\/et_pb_image][\/et_pb_column][\/et_pb_row][\/et_pb_section]<\/div>\n","protected":false},"excerpt":{"rendered":"<p>W ostatnim czasie wiele si\u0119 m\u00f3wi o poszanowaniu przyrody i trosce o \u015brodowisko. Ma to wp\u0142yw r\u00f3wnie\u017c na dokonywane przez nas wybory. Si\u0119gaj\u0105c po kosmetyk chcemy ju\u017c nie tylko, by efektywnie dzia\u0142a\u0142 i by\u0142 przyjemny w stosowaniu, ale r\u00f3wnie\u017c wa\u017cne jest dla nas to czy preparat jest przyjazny \u015brodowisku. Dlatego coraz ch\u0119tniej si\u0119gamy po kosmetyki [&hellip;]<\/p>\n","protected":false},"author":13,"featured_media":12337,"comment_status":"open","ping_status":"closed","sticky":false,"template":"","format":"standard","meta":{"_et_pb_use_builder":"","_et_pb_old_content":"","_et_gb_content_width":"","footnotes":""},"categories":[6783,2018],"tags":[3017,4740,6779,4223,3179,4247,6780,4232,3875,4153,6781,6395,4230,6782,5246],"class_list":["post-12335","post","type-post","status-publish","format-standard","has-post-thumbnail","hentry","category-angelika-zietek","category-kategoria-vloger-poleca","tag-bakuchiol","tag-bandi-cosmetics","tag-eco","tag-ecofriendly-care","tag-ekoceutyki","tag-kompleks-mikrobiomowy","tag-kosmetyki-eco","tag-kosmetyki-profesjonalne","tag-krem-pod-oczy","tag-krem-przeciwzmarszczkowy","tag-lekka-emulsja","tag-pielegnacja-naturalna","tag-pielegnacja-profesjonalna","tag-recenzja-kosmetykow","tag-zel-do-mycia-twarzy"],"yoast_head":"<!-- This site is optimized with the Yoast SEO plugin v27.1.1 - https:\/\/yoast.com\/product\/yoast-seo-wordpress\/ -->\n<title>Kosmetyki naturalne w codziennej piel\u0119gnacji &#187; Blog BANDI<\/title>\n<meta name=\"description\" content=\"Kosmetyki naturalne s\u0105 przyjazne naturze, a sk\u0142adniki, z kt\u00f3rych powstaj\u0105 pozyskuje si\u0119 w spos\u00f3b bezpieczny dla \u015brodowiska.\" \/>\n<meta name=\"robots\" content=\"index, follow, max-snippet:-1, max-image-preview:large, max-video-preview:-1\" \/>\n<link rel=\"canonical\" href=\"https:\/\/www.bandi.pl\/blog\/kosmetyki-naturalne-w-codziennej-pielegnacji\/\" \/>\n<meta property=\"og:locale\" content=\"pl_PL\" \/>\n<meta property=\"og:type\" content=\"article\" \/>\n<meta property=\"og:title\" content=\"Kosmetyki naturalne w codziennej piel\u0119gnacji &#187; Blog BANDI\" \/>\n<meta property=\"og:description\" content=\"Kosmetyki naturalne s\u0105 przyjazne naturze, a sk\u0142adniki, z kt\u00f3rych powstaj\u0105 pozyskuje si\u0119 w spos\u00f3b bezpieczny dla \u015brodowiska.\" \/>\n<meta property=\"og:url\" content=\"https:\/\/www.bandi.pl\/blog\/kosmetyki-naturalne-w-codziennej-pielegnacji\/\" \/>\n<meta property=\"og:site_name\" content=\"Blog BANDI\" \/>\n<meta property=\"article:publisher\" content=\"https:\/\/web.facebook.com\/BANDIcosmetics\" \/>\n<meta property=\"article:published_time\" content=\"2021-08-19T07:15:10+00:00\" \/>\n<meta property=\"article:modified_time\" content=\"2022-02-11T09:16:46+00:00\" \/>\n<meta property=\"og:image\" content=\"https:\/\/www.bandi.pl\/blog\/wp-content\/uploads\/2021\/08\/Projekt-bez-tytu\u0142u139-705x500.png\" \/>\n\t<meta property=\"og:image:width\" content=\"705\" \/>\n\t<meta property=\"og:image:height\" content=\"500\" \/>\n\t<meta property=\"og:image:type\" content=\"image\/png\" \/>\n<meta name=\"author\" content=\"Ilona Kiraga\" \/>\n<meta name=\"twitter:card\" content=\"summary_large_image\" \/>\n<meta name=\"twitter:creator\" content=\"@bandi_cosmetics\" \/>\n<meta name=\"twitter:site\" content=\"@bandi_cosmetics\" \/>\n<meta name=\"twitter:label1\" content=\"Napisane przez\" \/>\n\t<meta name=\"twitter:data1\" content=\"Ilona Kiraga\" \/>\n\t<meta name=\"twitter:label2\" content=\"Szacowany czas czytania\" \/>\n\t<meta name=\"twitter:data2\" content=\"3 minuty\" \/>\n<script type=\"application\/ld+json\" class=\"yoast-schema-graph\">{\"@context\":\"https:\/\/schema.org\",\"@graph\":[{\"@type\":\"Article\",\"@id\":\"https:\/\/www.bandi.pl\/blog\/kosmetyki-naturalne-w-codziennej-pielegnacji\/#article\",\"isPartOf\":{\"@id\":\"https:\/\/www.bandi.pl\/blog\/kosmetyki-naturalne-w-codziennej-pielegnacji\/\"},\"author\":{\"name\":\"Ilona Kiraga\",\"@id\":\"https:\/\/www.bandi.pl\/blog\/#\/schema\/person\/5ba05af1a18c58f1c31d4ae051ec9499\"},\"headline\":\"Kosmetyki naturalne w codziennej piel\u0119gnacji\",\"datePublished\":\"2021-08-19T07:15:10+00:00\",\"dateModified\":\"2022-02-11T09:16:46+00:00\",\"mainEntityOfPage\":{\"@id\":\"https:\/\/www.bandi.pl\/blog\/kosmetyki-naturalne-w-codziennej-pielegnacji\/\"},\"wordCount\":1043,\"commentCount\":0,\"publisher\":{\"@id\":\"https:\/\/www.bandi.pl\/blog\/#organization\"},\"image\":{\"@id\":\"https:\/\/www.bandi.pl\/blog\/kosmetyki-naturalne-w-codziennej-pielegnacji\/#primaryimage\"},\"thumbnailUrl\":\"https:\/\/www.bandi.pl\/blog\/wp-content\/uploads\/2021\/08\/Projekt-bez-tytu\u0142u139.png\",\"keywords\":[\"bakuchiol\",\"bandi cosmetics\",\"eco\",\"EcoFriendly Care\",\"ekoceutyki\",\"kompleks mikrobiomowy\",\"kosmetyki eco\",\"kosmetyki profesjonalne\",\"krem pod oczy\",\"krem przeciwzmarszczkowy\",\"lekka emulsja\",\"piel\u0119gnacja naturalna\",\"piel\u0119gnacja profesjonalna\",\"recenzja kosmetyk\u00f3w\",\"\u017cel do mycia twarzy\"],\"articleSection\":[\"Angelika Zi\u0119tek\",\"Vloger poleca\"],\"inLanguage\":\"pl-PL\",\"potentialAction\":[{\"@type\":\"CommentAction\",\"name\":\"Comment\",\"target\":[\"https:\/\/www.bandi.pl\/blog\/kosmetyki-naturalne-w-codziennej-pielegnacji\/#respond\"]}]},{\"@type\":\"WebPage\",\"@id\":\"https:\/\/www.bandi.pl\/blog\/kosmetyki-naturalne-w-codziennej-pielegnacji\/\",\"url\":\"https:\/\/www.bandi.pl\/blog\/kosmetyki-naturalne-w-codziennej-pielegnacji\/\",\"name\":\"Kosmetyki naturalne w codziennej piel\u0119gnacji &#187; Blog BANDI\",\"isPartOf\":{\"@id\":\"https:\/\/www.bandi.pl\/blog\/#website\"},\"primaryImageOfPage\":{\"@id\":\"https:\/\/www.bandi.pl\/blog\/kosmetyki-naturalne-w-codziennej-pielegnacji\/#primaryimage\"},\"image\":{\"@id\":\"https:\/\/www.bandi.pl\/blog\/kosmetyki-naturalne-w-codziennej-pielegnacji\/#primaryimage\"},\"thumbnailUrl\":\"https:\/\/www.bandi.pl\/blog\/wp-content\/uploads\/2021\/08\/Projekt-bez-tytu\u0142u139.png\",\"datePublished\":\"2021-08-19T07:15:10+00:00\",\"dateModified\":\"2022-02-11T09:16:46+00:00\",\"description\":\"Kosmetyki naturalne s\u0105 przyjazne naturze, a sk\u0142adniki, z kt\u00f3rych powstaj\u0105 pozyskuje si\u0119 w spos\u00f3b bezpieczny dla \u015brodowiska.\",\"breadcrumb\":{\"@id\":\"https:\/\/www.bandi.pl\/blog\/kosmetyki-naturalne-w-codziennej-pielegnacji\/#breadcrumb\"},\"inLanguage\":\"pl-PL\",\"potentialAction\":[{\"@type\":\"ReadAction\",\"target\":[\"https:\/\/www.bandi.pl\/blog\/kosmetyki-naturalne-w-codziennej-pielegnacji\/\"]}]},{\"@type\":\"ImageObject\",\"inLanguage\":\"pl-PL\",\"@id\":\"https:\/\/www.bandi.pl\/blog\/kosmetyki-naturalne-w-codziennej-pielegnacji\/#primaryimage\",\"url\":\"https:\/\/www.bandi.pl\/blog\/wp-content\/uploads\/2021\/08\/Projekt-bez-tytu\u0142u139.png\",\"contentUrl\":\"https:\/\/www.bandi.pl\/blog\/wp-content\/uploads\/2021\/08\/Projekt-bez-tytu\u0142u139.png\",\"width\":1748,\"height\":1240,\"caption\":\"kosmetyki naturalne\"},{\"@type\":\"BreadcrumbList\",\"@id\":\"https:\/\/www.bandi.pl\/blog\/kosmetyki-naturalne-w-codziennej-pielegnacji\/#breadcrumb\",\"itemListElement\":[{\"@type\":\"ListItem\",\"position\":1,\"name\":\"BANDI\",\"item\":\"https:\/\/www.bandi.pl\/blog\/\"},{\"@type\":\"ListItem\",\"position\":2,\"name\":\"Kosmetyki naturalne w codziennej piel\u0119gnacji\"}]},{\"@type\":\"WebSite\",\"@id\":\"https:\/\/www.bandi.pl\/blog\/#website\",\"url\":\"https:\/\/www.bandi.pl\/blog\/\",\"name\":\"Blog BANDI\",\"description\":\"Czarno na bia\u0142ym o kosmetykach\",\"publisher\":{\"@id\":\"https:\/\/www.bandi.pl\/blog\/#organization\"},\"potentialAction\":[{\"@type\":\"SearchAction\",\"target\":{\"@type\":\"EntryPoint\",\"urlTemplate\":\"https:\/\/www.bandi.pl\/blog\/?s={search_term_string}\"},\"query-input\":{\"@type\":\"PropertyValueSpecification\",\"valueRequired\":true,\"valueName\":\"search_term_string\"}}],\"inLanguage\":\"pl-PL\"},{\"@type\":\"Organization\",\"@id\":\"https:\/\/www.bandi.pl\/blog\/#organization\",\"name\":\"BANDI\",\"url\":\"https:\/\/www.bandi.pl\/blog\/\",\"logo\":{\"@type\":\"ImageObject\",\"inLanguage\":\"pl-PL\",\"@id\":\"https:\/\/www.bandi.pl\/blog\/#\/schema\/logo\/image\/\",\"url\":\"https:\/\/www.bandi.pl\/blog\/wp-content\/uploads\/2019\/06\/bandi-logo.png\",\"contentUrl\":\"https:\/\/www.bandi.pl\/blog\/wp-content\/uploads\/2019\/06\/bandi-logo.png\",\"width\":264,\"height\":111,\"caption\":\"BANDI\"},\"image\":{\"@id\":\"https:\/\/www.bandi.pl\/blog\/#\/schema\/logo\/image\/\"},\"sameAs\":[\"https:\/\/web.facebook.com\/BANDIcosmetics\",\"https:\/\/x.com\/bandi_cosmetics\",\"https:\/\/www.instagram.com\/bandi_cosmetics\/\",\"https:\/\/www.pinterest.com\/bandicosmetics\/\",\"https:\/\/www.youtube.com\/user\/BandiCosmeticsPolska\"]},{\"@type\":\"Person\",\"@id\":\"https:\/\/www.bandi.pl\/blog\/#\/schema\/person\/5ba05af1a18c58f1c31d4ae051ec9499\",\"name\":\"Ilona Kiraga\"}]}<\/script>\n<!-- \/ Yoast SEO plugin. -->","yoast_head_json":{"title":"Kosmetyki naturalne w codziennej piel\u0119gnacji &#187; Blog BANDI","description":"Kosmetyki naturalne s\u0105 przyjazne naturze, a sk\u0142adniki, z kt\u00f3rych powstaj\u0105 pozyskuje si\u0119 w spos\u00f3b bezpieczny dla \u015brodowiska.","robots":{"index":"index","follow":"follow","max-snippet":"max-snippet:-1","max-image-preview":"max-image-preview:large","max-video-preview":"max-video-preview:-1"},"canonical":"https:\/\/www.bandi.pl\/blog\/kosmetyki-naturalne-w-codziennej-pielegnacji\/","og_locale":"pl_PL","og_type":"article","og_title":"Kosmetyki naturalne w codziennej piel\u0119gnacji &#187; Blog BANDI","og_description":"Kosmetyki naturalne s\u0105 przyjazne naturze, a sk\u0142adniki, z kt\u00f3rych powstaj\u0105 pozyskuje si\u0119 w spos\u00f3b bezpieczny dla \u015brodowiska.","og_url":"https:\/\/www.bandi.pl\/blog\/kosmetyki-naturalne-w-codziennej-pielegnacji\/","og_site_name":"Blog BANDI","article_publisher":"https:\/\/web.facebook.com\/BANDIcosmetics","article_published_time":"2021-08-19T07:15:10+00:00","article_modified_time":"2022-02-11T09:16:46+00:00","og_image":[{"width":705,"height":500,"url":"https:\/\/www.bandi.pl\/blog\/wp-content\/uploads\/2021\/08\/Projekt-bez-tytu\u0142u139-705x500.png","type":"image\/png"}],"author":"Ilona Kiraga","twitter_card":"summary_large_image","twitter_creator":"@bandi_cosmetics","twitter_site":"@bandi_cosmetics","twitter_misc":{"Napisane przez":"Ilona Kiraga","Szacowany czas czytania":"3 minuty"},"schema":{"@context":"https:\/\/schema.org","@graph":[{"@type":"Article","@id":"https:\/\/www.bandi.pl\/blog\/kosmetyki-naturalne-w-codziennej-pielegnacji\/#article","isPartOf":{"@id":"https:\/\/www.bandi.pl\/blog\/kosmetyki-naturalne-w-codziennej-pielegnacji\/"},"author":{"name":"Ilona Kiraga","@id":"https:\/\/www.bandi.pl\/blog\/#\/schema\/person\/5ba05af1a18c58f1c31d4ae051ec9499"},"headline":"Kosmetyki naturalne w codziennej piel\u0119gnacji","datePublished":"2021-08-19T07:15:10+00:00","dateModified":"2022-02-11T09:16:46+00:00","mainEntityOfPage":{"@id":"https:\/\/www.bandi.pl\/blog\/kosmetyki-naturalne-w-codziennej-pielegnacji\/"},"wordCount":1043,"commentCount":0,"publisher":{"@id":"https:\/\/www.bandi.pl\/blog\/#organization"},"image":{"@id":"https:\/\/www.bandi.pl\/blog\/kosmetyki-naturalne-w-codziennej-pielegnacji\/#primaryimage"},"thumbnailUrl":"https:\/\/www.bandi.pl\/blog\/wp-content\/uploads\/2021\/08\/Projekt-bez-tytu\u0142u139.png","keywords":["bakuchiol","bandi cosmetics","eco","EcoFriendly Care","ekoceutyki","kompleks mikrobiomowy","kosmetyki eco","kosmetyki profesjonalne","krem pod oczy","krem przeciwzmarszczkowy","lekka emulsja","piel\u0119gnacja naturalna","piel\u0119gnacja profesjonalna","recenzja kosmetyk\u00f3w","\u017cel do mycia twarzy"],"articleSection":["Angelika Zi\u0119tek","Vloger poleca"],"inLanguage":"pl-PL","potentialAction":[{"@type":"CommentAction","name":"Comment","target":["https:\/\/www.bandi.pl\/blog\/kosmetyki-naturalne-w-codziennej-pielegnacji\/#respond"]}]},{"@type":"WebPage","@id":"https:\/\/www.bandi.pl\/blog\/kosmetyki-naturalne-w-codziennej-pielegnacji\/","url":"https:\/\/www.bandi.pl\/blog\/kosmetyki-naturalne-w-codziennej-pielegnacji\/","name":"Kosmetyki naturalne w codziennej piel\u0119gnacji &#187; Blog BANDI","isPartOf":{"@id":"https:\/\/www.bandi.pl\/blog\/#website"},"primaryImageOfPage":{"@id":"https:\/\/www.bandi.pl\/blog\/kosmetyki-naturalne-w-codziennej-pielegnacji\/#primaryimage"},"image":{"@id":"https:\/\/www.bandi.pl\/blog\/kosmetyki-naturalne-w-codziennej-pielegnacji\/#primaryimage"},"thumbnailUrl":"https:\/\/www.bandi.pl\/blog\/wp-content\/uploads\/2021\/08\/Projekt-bez-tytu\u0142u139.png","datePublished":"2021-08-19T07:15:10+00:00","dateModified":"2022-02-11T09:16:46+00:00","description":"Kosmetyki naturalne s\u0105 przyjazne naturze, a sk\u0142adniki, z kt\u00f3rych powstaj\u0105 pozyskuje si\u0119 w spos\u00f3b bezpieczny dla \u015brodowiska.","breadcrumb":{"@id":"https:\/\/www.bandi.pl\/blog\/kosmetyki-naturalne-w-codziennej-pielegnacji\/#breadcrumb"},"inLanguage":"pl-PL","potentialAction":[{"@type":"ReadAction","target":["https:\/\/www.bandi.pl\/blog\/kosmetyki-naturalne-w-codziennej-pielegnacji\/"]}]},{"@type":"ImageObject","inLanguage":"pl-PL","@id":"https:\/\/www.bandi.pl\/blog\/kosmetyki-naturalne-w-codziennej-pielegnacji\/#primaryimage","url":"https:\/\/www.bandi.pl\/blog\/wp-content\/uploads\/2021\/08\/Projekt-bez-tytu\u0142u139.png","contentUrl":"https:\/\/www.bandi.pl\/blog\/wp-content\/uploads\/2021\/08\/Projekt-bez-tytu\u0142u139.png","width":1748,"height":1240,"caption":"kosmetyki naturalne"},{"@type":"BreadcrumbList","@id":"https:\/\/www.bandi.pl\/blog\/kosmetyki-naturalne-w-codziennej-pielegnacji\/#breadcrumb","itemListElement":[{"@type":"ListItem","position":1,"name":"BANDI","item":"https:\/\/www.bandi.pl\/blog\/"},{"@type":"ListItem","position":2,"name":"Kosmetyki naturalne w codziennej piel\u0119gnacji"}]},{"@type":"WebSite","@id":"https:\/\/www.bandi.pl\/blog\/#website","url":"https:\/\/www.bandi.pl\/blog\/","name":"Blog BANDI","description":"Czarno na bia\u0142ym o kosmetykach","publisher":{"@id":"https:\/\/www.bandi.pl\/blog\/#organization"},"potentialAction":[{"@type":"SearchAction","target":{"@type":"EntryPoint","urlTemplate":"https:\/\/www.bandi.pl\/blog\/?s={search_term_string}"},"query-input":{"@type":"PropertyValueSpecification","valueRequired":true,"valueName":"search_term_string"}}],"inLanguage":"pl-PL"},{"@type":"Organization","@id":"https:\/\/www.bandi.pl\/blog\/#organization","name":"BANDI","url":"https:\/\/www.bandi.pl\/blog\/","logo":{"@type":"ImageObject","inLanguage":"pl-PL","@id":"https:\/\/www.bandi.pl\/blog\/#\/schema\/logo\/image\/","url":"https:\/\/www.bandi.pl\/blog\/wp-content\/uploads\/2019\/06\/bandi-logo.png","contentUrl":"https:\/\/www.bandi.pl\/blog\/wp-content\/uploads\/2019\/06\/bandi-logo.png","width":264,"height":111,"caption":"BANDI"},"image":{"@id":"https:\/\/www.bandi.pl\/blog\/#\/schema\/logo\/image\/"},"sameAs":["https:\/\/web.facebook.com\/BANDIcosmetics","https:\/\/x.com\/bandi_cosmetics","https:\/\/www.instagram.com\/bandi_cosmetics\/","https:\/\/www.pinterest.com\/bandicosmetics\/","https:\/\/www.youtube.com\/user\/BandiCosmeticsPolska"]},{"@type":"Person","@id":"https:\/\/www.bandi.pl\/blog\/#\/schema\/person\/5ba05af1a18c58f1c31d4ae051ec9499","name":"Ilona Kiraga"}]}},"_links":{"self":[{"href":"https:\/\/www.bandi.pl\/blog\/wp-json\/wp\/v2\/posts\/12335","targetHints":{"allow":["GET"]}}],"collection":[{"href":"https:\/\/www.bandi.pl\/blog\/wp-json\/wp\/v2\/posts"}],"about":[{"href":"https:\/\/www.bandi.pl\/blog\/wp-json\/wp\/v2\/types\/post"}],"author":[{"embeddable":true,"href":"https:\/\/www.bandi.pl\/blog\/wp-json\/wp\/v2\/users\/13"}],"replies":[{"embeddable":true,"href":"https:\/\/www.bandi.pl\/blog\/wp-json\/wp\/v2\/comments?post=12335"}],"version-history":[{"count":6,"href":"https:\/\/www.bandi.pl\/blog\/wp-json\/wp\/v2\/posts\/12335\/revisions"}],"predecessor-version":[{"id":13625,"href":"https:\/\/www.bandi.pl\/blog\/wp-json\/wp\/v2\/posts\/12335\/revisions\/13625"}],"wp:featuredmedia":[{"embeddable":true,"href":"https:\/\/www.bandi.pl\/blog\/wp-json\/wp\/v2\/media\/12337"}],"wp:attachment":[{"href":"https:\/\/www.bandi.pl\/blog\/wp-json\/wp\/v2\/media?parent=12335"}],"wp:term":[{"taxonomy":"category","embeddable":true,"href":"https:\/\/www.bandi.pl\/blog\/wp-json\/wp\/v2\/categories?post=12335"},{"taxonomy":"post_tag","embeddable":true,"href":"https:\/\/www.bandi.pl\/blog\/wp-json\/wp\/v2\/tags?post=12335"}],"curies":[{"name":"wp","href":"https:\/\/api.w.org\/{rel}","templated":true}]}}