{"id":12126,"date":"2021-07-08T10:36:54","date_gmt":"2021-07-08T08:36:54","guid":{"rendered":"https:\/\/www.bandi.pl\/blog\/?p=12126"},"modified":"2021-07-08T10:36:56","modified_gmt":"2021-07-08T08:36:56","slug":"alfabet-pielegnacji-s-jak-seboregulacja","status":"publish","type":"post","link":"https:\/\/www.bandi.pl\/blog\/alfabet-pielegnacji-s-jak-seboregulacja\/","title":{"rendered":"Alfabet piel\u0119gnacji \u2013 S jak seboregulacja"},"content":{"rendered":"\n<p>Jak zmniejszy\u0107 nadmierne przet\u0142uszczanie si\u0119 cery? Wystarczy tylko kilka drobnych zmian w piel\u0119gnacji.<\/p>\n\n\n\n<p>Zacznijmy od tego co tworzy na powierzchni sk\u00f3ry ten\nniepo\u017c\u0105dany \u201eblask\u201d. Ot\u00f3\u017c jest to mieszanina sk\u0142adnik\u00f3w, kt\u00f3re wytwarza nasza\nsk\u00f3ra, a kt\u00f3re wydobywaj\u0105c si\u0119 na jej powierzchni\u0119 tworz\u0105 tzw. p\u0142aszcz\nhydrolipidowy. To naturalny mechanizm nawil\u017cania oraz ochrona przed\ndrobnoustrojami z zewn\u0105trz. Je\u015bli sk\u00f3ra produkuje sk\u0142adnik\u00f3w p\u0142aszcza\nhydrolipidowego w nadmiarze, m\u00f3wimy o cerze przet\u0142uszczaj\u0105cej si\u0119; je\u015bli\nprodukuje zbyt ma\u0142o, m\u00f3wimy o cerze suchej.<\/p>\n\n\n\n<blockquote class=\"wp-block-quote is-layout-flow wp-block-quote-is-layout-flow\"><p>Zmiany hormonalne i niew\u0142a\u015bciwa piel\u0119gnacja to g\u0142\u00f3wni winowajcy nadmiernego przet\u0142uszczania si\u0119 cery.<\/p><\/blockquote>\n\n\n\n<figure class=\"wp-block-embed-youtube wp-block-embed is-type-video is-provider-youtube wp-embed-aspect-16-9 wp-has-aspect-ratio\"><div class=\"wp-block-embed__wrapper\">\n<iframe loading=\"lazy\" title=\"Cera mieszana latem\" width=\"1080\" height=\"608\" src=\"https:\/\/www.youtube.com\/embed\/2vVcRp6it-c?start=325&#038;feature=oembed\" frameborder=\"0\" allow=\"accelerometer; autoplay; clipboard-write; encrypted-media; gyroscope; picture-in-picture\" allowfullscreen><\/iframe>\n<\/div><\/figure>\n\n\n\n<h2 class=\"wp-block-heading\">Przet\u0142uszczanie si\u0119 cery &#8211; wskaz\u00f3wki<\/h2>\n\n\n\n<h4 class=\"wp-block-heading\">Nawil\u017caj<\/h4>\n\n\n\n<p>Jest kilka krok\u00f3w, kt\u00f3re warto podj\u0105\u0107 aby zmniejszy\u0107 przet\u0142uszczanie si\u0119 cery. Przede wszystkim zadbajmy o prawid\u0142owe nawil\u017cenie. Skoro wiadomo nam ju\u017c, \u017ce wytwarzane przez sk\u00f3r\u0119 t\u0142uszcze maj\u0105 za zadanie m.in. jej nawil\u017cenie, to je\u015bli dostarczymy jej sk\u0142adniki o takim dzia\u0142aniu, cera zareaguje zmniejszeniem produkcji sebum. Pami\u0119tajmy jedynie, aby wybiera\u0107 kosmetyki nawil\u017caj\u0105ce, kt\u00f3re s\u0105 bardzo lekkie, sprawdzi si\u0119 np. <a href=\"https:\/\/www.bandi.pl\/sklep\/koncentraty\/koncentrat-nawilzajacy-z-kwasem-hialuronowym-699\/\">Koncentrat nawil\u017caj\u0105cy z kwasem hialuronowym<\/a>. Na niego warto na\u0142o\u017cy\u0107 leciutki krem i tu mamy dla wszystkich cer przet\u0142uszczaj\u0105cych si\u0119 NOWO\u015a\u0106, kt\u00f3ra ju\u017c niebawem pojawi si\u0119 w naszej ofercie \ud83d\ude42 Mo\u017cemy ju\u017c zdradzi\u0107, \u017ce b\u0119dzie to kosmetyk o w\u0142a\u015bciwo\u015bciach matuj\u0105cych, a jednocze\u015bnie nawil\u017caj\u0105cych. Obserwujcie nasze <a href=\"https:\/\/www.facebook.com\/BANDIcosmetics\">Media Spo\u0142eczno\u015bciowe<\/a> i zagl\u0105dajcie na nasz\u0105 stron\u0119 <a href=\"https:\/\/www.bandi.pl\/\">www<\/a>.<\/p>\n\n\n\n<h4 class=\"wp-block-heading\">Zadbaj o mikrobiom sk\u00f3ry<\/h4>\n\n\n\n<p>We wspomnianym p\u0142aszczu hydrolipidowym znajduj\u0105 si\u0119 m.in. bakterie, dro\u017cd\u017ce, grzyby, kt\u00f3re je\u015bli s\u0105 w odpowiedniej ilo\u015bci i r\u00f3wnowadze mi\u0119dzy sob\u0105 chroni\u0105 nas przed niekontrolowanym namna\u017caniem si\u0119 np. bakterii. Tu dochodzi tak\u017ce do rozk\u0142adu tr\u00f3jgliceryd\u00f3w zawartych w sebum, czego skutkiem jest stymulowanie gruczo\u0142\u00f3w \u0142ojowych sk\u00f3ry i przet\u0142uszczanie si\u0119 cery. Zatem dbaj\u0105c o mikrobiom zar\u00f3wno mo\u017cemy zmniejszy\u0107 problem nadmiernego wydzielania sebum jak i zredukowa\u0107 sk\u0142onno\u015b\u0107 do niedoskona\u0142o\u015bci. Jak to zrobi\u0107? Stosuj toniki oraz kosmetyki z tzw. kompleksem mikrobiomowym np. <a href=\"https:\/\/www.bandi.pl\/sklep\/toniki\/tonik-mgielka-s.o.s.-mikrobiomowy-889\/\">Tonik-mgie\u0142ka SOS mikrobiomowy<\/a>. Regularnie stosuj tak\u017ce <a href=\"https:\/\/www.bandi.pl\/sklep\/maski\/pmf-oczyszczajaca-maska-drozdzowa-634\/\">PMF Oczyszczaj\u0105c\u0105 mask\u0119 dro\u017cd\u017cow\u0105<\/a>, kt\u00f3ra korzystnie wp\u0142ywaj\u0105c na naturaln\u0105 flor\u0119 sk\u00f3ry redukuje jej nadmierne przet\u0142uszczanie si\u0119, przeciwdzia\u0142a powstawaniu niedoskona\u0142o\u015bci, a dodatkowo od\u015bwie\u017ca wygl\u0105d nask\u00f3rka i poprawia jego koloryt. <\/p>\n\n\n\n<p>Cz\u0119sto wsp\u00f3\u0142istniej\u0105cym wyzwaniem w piel\u0119gnacji cery przet\u0142uszczaj\u0105cej si\u0119 s\u0105 tak\u017ce widoczne tzw. pory sk\u00f3ry. Zmniejszysz ich widoczno\u015b\u0107 stosuj\u0105c np. <a href=\"https:\/\/www.bandi.pl\/sklep\/emulsje\/pmf-porefectionist-emulsja-zmniejszajaca-pory-632\/\">PMF POREfectionist Emulsj\u0119 zmniejszaj\u0105c\u0105 pory<\/a>.<\/p>\n\n\n\n<p>A jakie jest Twoje najwi\u0119ksze wyzwanie w piel\u0119gnacji cery mieszanej?<\/p>\n\n\n\n<div class=\"wp-block-divi-layout\">[et_pb_section fb_built=&#8221;1&#8243; _builder_version=&#8221;4.4.1&#8243;][\/et_pb_section][et_pb_section fb_built=&#8221;1&#8243; _builder_version=&#8221;4.4.1&#8243; top_divider_style=&#8221;arrow&#8221; top_divider_color=&#8221;rgba(255,166,168,0.75)&#8221; top_divider_height=&#8221;1px&#8221; bottom_divider_style=&#8221;arrow&#8221; bottom_divider_color=&#8221;rgba(255,166,168,0.75)&#8221; bottom_divider_height=&#8221;1px&#8221;][et_pb_row column_structure=&#8221;1_2,1_2&#8243; _builder_version=&#8221;4.4.1&#8243; width=&#8221;100%&#8221; module_alignment=&#8221;left&#8221; custom_margin=&#8221;||||false|false&#8221;][et_pb_column type=&#8221;1_2&#8243; _builder_version=&#8221;4.4.1&#8243;][et_pb_text _builder_version=&#8221;4.4.1&#8243; text_font=&#8221;Raleway Bold||||||||&#8221; text_text_color=&#8221;rgba(255,166,168,0.75)&#8221; text_font_size=&#8221;56px&#8221; text_letter_spacing=&#8221;8px&#8221; text_line_height=&#8221;1.1em&#8221; custom_margin=&#8221;40px||||false|false&#8221; hover_enabled=&#8221;0&#8243; link_option_url=&#8221;https:\/\/www.bandi.pl\/sklep\/katalog\/seria\/72_sebo-care\/&#8221;]<p style=\"text-align: center;\"><strong>SEBO CARE<br><\/strong><\/p>\n[\/et_pb_text][et_pb_text _builder_version=&#8221;4.4.1&#8243; text_font=&#8221;Raleway Regular||||||||&#8221; text_text_color=&#8221;#b8b8b8&#8243; text_font_size=&#8221;22px&#8221; text_line_height=&#8221;1.5em&#8221; hover_enabled=&#8221;0&#8243; link_option_url=&#8221;https:\/\/www.bandi.pl\/sklep\/katalog\/seria\/72_sebo-care\/&#8221;]<p style=\"text-align: center;\">Matowienie bez wysuszenia sk\u00f3ry<\/p>[\/et_pb_text][et_pb_button button_url=&#8221;https:\/\/www.bandi.pl\/sklep\/katalog\/seria\/72_sebo-care\/&#8221; button_text=&#8221;ZOBACZ&#8221; button_alignment=&#8221;center&#8221; disabled_on=&#8221;off|off|off&#8221; _builder_version=&#8221;4.4.1&#8243; custom_button=&#8221;on&#8221; button_text_size=&#8221;20px&#8221; button_text_color=&#8221;#ffffff&#8221; button_border_radius=&#8221;25px&#8221; button_font=&#8221;Bree Serif||||||||&#8221; background_layout=&#8221;dark&#8221; custom_padding=&#8221;12px|30px|12px|30px|true|true&#8221; hover_transition_duration=&#8221;0ms&#8221; hover_enabled=&#8221;0&#8243; box_shadow_style=&#8221;preset3&#8243;][\/et_pb_button][\/et_pb_column][et_pb_column type=&#8221;1_2&#8243; _builder_version=&#8221;4.4.1&#8243;][et_pb_image src=&#8221;https:\/\/www.bandi.pl\/blog\/wp-content\/uploads\/2021\/07\/IMG_1320-Edit-scaled.jpg&#8221; align=&#8221;center&#8221; _builder_version=&#8221;4.4.1&#8243; hover_enabled=&#8221;0&#8243; url=&#8221;https:\/\/www.bandi.pl\/sklep\/katalog\/seria\/72_sebo-care\/&#8221;][\/et_pb_image][\/et_pb_column][\/et_pb_row][\/et_pb_section]<\/div>\n","protected":false},"excerpt":{"rendered":"<p>Jak zmniejszy\u0107 nadmierne przet\u0142uszczanie si\u0119 cery? Wystarczy tylko kilka drobnych zmian w piel\u0119gnacji. Zacznijmy od tego co tworzy na powierzchni sk\u00f3ry ten niepo\u017c\u0105dany \u201eblask\u201d. Ot\u00f3\u017c jest to mieszanina sk\u0142adnik\u00f3w, kt\u00f3re wytwarza nasza sk\u00f3ra, a kt\u00f3re wydobywaj\u0105c si\u0119 na jej powierzchni\u0119 tworz\u0105 tzw. p\u0142aszcz hydrolipidowy. To naturalny mechanizm nawil\u017cania oraz ochrona przed drobnoustrojami z zewn\u0105trz. Je\u015bli [&hellip;]<\/p>\n","protected":false},"author":13,"featured_media":12132,"comment_status":"open","ping_status":"closed","sticky":false,"template":"","format":"standard","meta":{"_et_pb_use_builder":"","_et_pb_old_content":"","_et_gb_content_width":"","footnotes":""},"categories":[2806,1817],"tags":[4740,85,6576,4233,4434,6577,6579,5661,3736,6578,59,5438,4230,4190,4272,3428],"class_list":["post-12126","post","type-post","status-publish","format-standard","has-post-thumbnail","hentry","category-aneta-dziecielewska","category-kategoria-pielegnacja-i-kosmetyki","tag-bandi-cosmetics","tag-cera-mieszana","tag-cera-przetluszczajaca-sie","tag-cera-tlusta","tag-emulsja-zmniejszajaca-pory","tag-koncentrat-nawilzajacy-z-kwasem-hialuronowym","tag-kosmetyki-dla-cery-mieszanej","tag-krem-matujacy","tag-mikrobiom","tag-nadmierne-wydzielanie-sebum","tag-nawilzanie","tag-oczyszczajaca-maska-drozdzowa","tag-pielegnacja-profesjonalna","tag-rozszerzone-pory","tag-sebo-care","tag-tonik"],"yoast_head":"<!-- This site is optimized with the Yoast SEO plugin v27.1.1 - https:\/\/yoast.com\/product\/yoast-seo-wordpress\/ -->\n<title>Alfabet piel\u0119gnacji \u2013 S jak seboregulacja &#187; Blog BANDI<\/title>\n<meta name=\"description\" content=\"Jak zmniejszy\u0107 nadmierne przet\u0142uszczanie si\u0119 cery? Wystarczy tylko kilka drobnych zmian w piel\u0119gnacji, by stan sk\u00f3ry uleg\u0142 poprawie.\" \/>\n<meta name=\"robots\" content=\"index, follow, max-snippet:-1, max-image-preview:large, max-video-preview:-1\" \/>\n<link rel=\"canonical\" href=\"https:\/\/www.bandi.pl\/blog\/alfabet-pielegnacji-s-jak-seboregulacja\/\" \/>\n<meta property=\"og:locale\" content=\"pl_PL\" \/>\n<meta property=\"og:type\" content=\"article\" \/>\n<meta property=\"og:title\" content=\"Alfabet piel\u0119gnacji \u2013 S jak seboregulacja &#187; Blog BANDI\" \/>\n<meta property=\"og:description\" content=\"Jak zmniejszy\u0107 nadmierne przet\u0142uszczanie si\u0119 cery? Wystarczy tylko kilka drobnych zmian w piel\u0119gnacji, by stan sk\u00f3ry uleg\u0142 poprawie.\" \/>\n<meta property=\"og:url\" content=\"https:\/\/www.bandi.pl\/blog\/alfabet-pielegnacji-s-jak-seboregulacja\/\" \/>\n<meta property=\"og:site_name\" content=\"Blog BANDI\" \/>\n<meta property=\"article:publisher\" content=\"https:\/\/web.facebook.com\/BANDIcosmetics\" \/>\n<meta property=\"article:published_time\" content=\"2021-07-08T08:36:54+00:00\" \/>\n<meta property=\"article:modified_time\" content=\"2021-07-08T08:36:56+00:00\" \/>\n<meta property=\"og:image\" content=\"https:\/\/www.bandi.pl\/blog\/wp-content\/uploads\/2021\/07\/T.png\" \/>\n\t<meta property=\"og:image:width\" content=\"1747\" \/>\n\t<meta property=\"og:image:height\" content=\"1240\" \/>\n\t<meta property=\"og:image:type\" content=\"image\/png\" \/>\n<meta name=\"author\" content=\"Ilona Kiraga\" \/>\n<meta name=\"twitter:card\" content=\"summary_large_image\" \/>\n<meta name=\"twitter:creator\" content=\"@bandi_cosmetics\" \/>\n<meta name=\"twitter:site\" content=\"@bandi_cosmetics\" \/>\n<meta name=\"twitter:label1\" content=\"Napisane przez\" \/>\n\t<meta name=\"twitter:data1\" content=\"Ilona Kiraga\" \/>\n\t<meta name=\"twitter:label2\" content=\"Szacowany czas czytania\" \/>\n\t<meta name=\"twitter:data2\" content=\"4 minuty\" \/>\n<script type=\"application\/ld+json\" class=\"yoast-schema-graph\">{\"@context\":\"https:\/\/schema.org\",\"@graph\":[{\"@type\":\"Article\",\"@id\":\"https:\/\/www.bandi.pl\/blog\/alfabet-pielegnacji-s-jak-seboregulacja\/#article\",\"isPartOf\":{\"@id\":\"https:\/\/www.bandi.pl\/blog\/alfabet-pielegnacji-s-jak-seboregulacja\/\"},\"author\":{\"name\":\"Ilona Kiraga\",\"@id\":\"https:\/\/www.bandi.pl\/blog\/#\/schema\/person\/5ba05af1a18c58f1c31d4ae051ec9499\"},\"headline\":\"Alfabet piel\u0119gnacji \u2013 S jak seboregulacja\",\"datePublished\":\"2021-07-08T08:36:54+00:00\",\"dateModified\":\"2021-07-08T08:36:56+00:00\",\"mainEntityOfPage\":{\"@id\":\"https:\/\/www.bandi.pl\/blog\/alfabet-pielegnacji-s-jak-seboregulacja\/\"},\"wordCount\":761,\"commentCount\":0,\"publisher\":{\"@id\":\"https:\/\/www.bandi.pl\/blog\/#organization\"},\"image\":{\"@id\":\"https:\/\/www.bandi.pl\/blog\/alfabet-pielegnacji-s-jak-seboregulacja\/#primaryimage\"},\"thumbnailUrl\":\"https:\/\/www.bandi.pl\/blog\/wp-content\/uploads\/2021\/07\/T.png\",\"keywords\":[\"bandi cosmetics\",\"cera mieszana\",\"cera przet\u0142uszczaj\u0105ca si\u0119\",\"cera t\u0142usta\",\"emulsja zmniejszaj\u0105ca pory\",\"koncentrat nawil\u017caj\u0105cy z kwasem hialuronowym\",\"kosmetyki dla cery mieszanej\",\"krem matuj\u0105cy\",\"mikrobiom\",\"nadmierne wydzielanie sebum\",\"nawil\u017canie\",\"oczyszczaj\u0105ca maska dro\u017cd\u017cowa\",\"piel\u0119gnacja profesjonalna\",\"rozszerzone pory\",\"sebo care\",\"tonik\"],\"articleSection\":[\"Aneta Dzi\u0119cielewska\",\"Piel\u0119gnacja i kosmetyki\"],\"inLanguage\":\"pl-PL\",\"potentialAction\":[{\"@type\":\"CommentAction\",\"name\":\"Comment\",\"target\":[\"https:\/\/www.bandi.pl\/blog\/alfabet-pielegnacji-s-jak-seboregulacja\/#respond\"]}]},{\"@type\":\"WebPage\",\"@id\":\"https:\/\/www.bandi.pl\/blog\/alfabet-pielegnacji-s-jak-seboregulacja\/\",\"url\":\"https:\/\/www.bandi.pl\/blog\/alfabet-pielegnacji-s-jak-seboregulacja\/\",\"name\":\"Alfabet piel\u0119gnacji \u2013 S jak seboregulacja &#187; Blog BANDI\",\"isPartOf\":{\"@id\":\"https:\/\/www.bandi.pl\/blog\/#website\"},\"primaryImageOfPage\":{\"@id\":\"https:\/\/www.bandi.pl\/blog\/alfabet-pielegnacji-s-jak-seboregulacja\/#primaryimage\"},\"image\":{\"@id\":\"https:\/\/www.bandi.pl\/blog\/alfabet-pielegnacji-s-jak-seboregulacja\/#primaryimage\"},\"thumbnailUrl\":\"https:\/\/www.bandi.pl\/blog\/wp-content\/uploads\/2021\/07\/T.png\",\"datePublished\":\"2021-07-08T08:36:54+00:00\",\"dateModified\":\"2021-07-08T08:36:56+00:00\",\"description\":\"Jak zmniejszy\u0107 nadmierne przet\u0142uszczanie si\u0119 cery? Wystarczy tylko kilka drobnych zmian w piel\u0119gnacji, by stan sk\u00f3ry uleg\u0142 poprawie.\",\"breadcrumb\":{\"@id\":\"https:\/\/www.bandi.pl\/blog\/alfabet-pielegnacji-s-jak-seboregulacja\/#breadcrumb\"},\"inLanguage\":\"pl-PL\",\"potentialAction\":[{\"@type\":\"ReadAction\",\"target\":[\"https:\/\/www.bandi.pl\/blog\/alfabet-pielegnacji-s-jak-seboregulacja\/\"]}]},{\"@type\":\"ImageObject\",\"inLanguage\":\"pl-PL\",\"@id\":\"https:\/\/www.bandi.pl\/blog\/alfabet-pielegnacji-s-jak-seboregulacja\/#primaryimage\",\"url\":\"https:\/\/www.bandi.pl\/blog\/wp-content\/uploads\/2021\/07\/T.png\",\"contentUrl\":\"https:\/\/www.bandi.pl\/blog\/wp-content\/uploads\/2021\/07\/T.png\",\"width\":1747,\"height\":1240},{\"@type\":\"BreadcrumbList\",\"@id\":\"https:\/\/www.bandi.pl\/blog\/alfabet-pielegnacji-s-jak-seboregulacja\/#breadcrumb\",\"itemListElement\":[{\"@type\":\"ListItem\",\"position\":1,\"name\":\"BANDI\",\"item\":\"https:\/\/www.bandi.pl\/blog\/\"},{\"@type\":\"ListItem\",\"position\":2,\"name\":\"Alfabet piel\u0119gnacji \u2013 S jak seboregulacja\"}]},{\"@type\":\"WebSite\",\"@id\":\"https:\/\/www.bandi.pl\/blog\/#website\",\"url\":\"https:\/\/www.bandi.pl\/blog\/\",\"name\":\"Blog BANDI\",\"description\":\"Czarno na bia\u0142ym o kosmetykach\",\"publisher\":{\"@id\":\"https:\/\/www.bandi.pl\/blog\/#organization\"},\"potentialAction\":[{\"@type\":\"SearchAction\",\"target\":{\"@type\":\"EntryPoint\",\"urlTemplate\":\"https:\/\/www.bandi.pl\/blog\/?s={search_term_string}\"},\"query-input\":{\"@type\":\"PropertyValueSpecification\",\"valueRequired\":true,\"valueName\":\"search_term_string\"}}],\"inLanguage\":\"pl-PL\"},{\"@type\":\"Organization\",\"@id\":\"https:\/\/www.bandi.pl\/blog\/#organization\",\"name\":\"BANDI\",\"url\":\"https:\/\/www.bandi.pl\/blog\/\",\"logo\":{\"@type\":\"ImageObject\",\"inLanguage\":\"pl-PL\",\"@id\":\"https:\/\/www.bandi.pl\/blog\/#\/schema\/logo\/image\/\",\"url\":\"https:\/\/www.bandi.pl\/blog\/wp-content\/uploads\/2019\/06\/bandi-logo.png\",\"contentUrl\":\"https:\/\/www.bandi.pl\/blog\/wp-content\/uploads\/2019\/06\/bandi-logo.png\",\"width\":264,\"height\":111,\"caption\":\"BANDI\"},\"image\":{\"@id\":\"https:\/\/www.bandi.pl\/blog\/#\/schema\/logo\/image\/\"},\"sameAs\":[\"https:\/\/web.facebook.com\/BANDIcosmetics\",\"https:\/\/x.com\/bandi_cosmetics\",\"https:\/\/www.instagram.com\/bandi_cosmetics\/\",\"https:\/\/www.pinterest.com\/bandicosmetics\/\",\"https:\/\/www.youtube.com\/user\/BandiCosmeticsPolska\"]},{\"@type\":\"Person\",\"@id\":\"https:\/\/www.bandi.pl\/blog\/#\/schema\/person\/5ba05af1a18c58f1c31d4ae051ec9499\",\"name\":\"Ilona Kiraga\"}]}<\/script>\n<!-- \/ Yoast SEO plugin. -->","yoast_head_json":{"title":"Alfabet piel\u0119gnacji \u2013 S jak seboregulacja &#187; Blog BANDI","description":"Jak zmniejszy\u0107 nadmierne przet\u0142uszczanie si\u0119 cery? Wystarczy tylko kilka drobnych zmian w piel\u0119gnacji, by stan sk\u00f3ry uleg\u0142 poprawie.","robots":{"index":"index","follow":"follow","max-snippet":"max-snippet:-1","max-image-preview":"max-image-preview:large","max-video-preview":"max-video-preview:-1"},"canonical":"https:\/\/www.bandi.pl\/blog\/alfabet-pielegnacji-s-jak-seboregulacja\/","og_locale":"pl_PL","og_type":"article","og_title":"Alfabet piel\u0119gnacji \u2013 S jak seboregulacja &#187; Blog BANDI","og_description":"Jak zmniejszy\u0107 nadmierne przet\u0142uszczanie si\u0119 cery? Wystarczy tylko kilka drobnych zmian w piel\u0119gnacji, by stan sk\u00f3ry uleg\u0142 poprawie.","og_url":"https:\/\/www.bandi.pl\/blog\/alfabet-pielegnacji-s-jak-seboregulacja\/","og_site_name":"Blog BANDI","article_publisher":"https:\/\/web.facebook.com\/BANDIcosmetics","article_published_time":"2021-07-08T08:36:54+00:00","article_modified_time":"2021-07-08T08:36:56+00:00","og_image":[{"width":1747,"height":1240,"url":"https:\/\/www.bandi.pl\/blog\/wp-content\/uploads\/2021\/07\/T.png","type":"image\/png"}],"author":"Ilona Kiraga","twitter_card":"summary_large_image","twitter_creator":"@bandi_cosmetics","twitter_site":"@bandi_cosmetics","twitter_misc":{"Napisane przez":"Ilona Kiraga","Szacowany czas czytania":"4 minuty"},"schema":{"@context":"https:\/\/schema.org","@graph":[{"@type":"Article","@id":"https:\/\/www.bandi.pl\/blog\/alfabet-pielegnacji-s-jak-seboregulacja\/#article","isPartOf":{"@id":"https:\/\/www.bandi.pl\/blog\/alfabet-pielegnacji-s-jak-seboregulacja\/"},"author":{"name":"Ilona Kiraga","@id":"https:\/\/www.bandi.pl\/blog\/#\/schema\/person\/5ba05af1a18c58f1c31d4ae051ec9499"},"headline":"Alfabet piel\u0119gnacji \u2013 S jak seboregulacja","datePublished":"2021-07-08T08:36:54+00:00","dateModified":"2021-07-08T08:36:56+00:00","mainEntityOfPage":{"@id":"https:\/\/www.bandi.pl\/blog\/alfabet-pielegnacji-s-jak-seboregulacja\/"},"wordCount":761,"commentCount":0,"publisher":{"@id":"https:\/\/www.bandi.pl\/blog\/#organization"},"image":{"@id":"https:\/\/www.bandi.pl\/blog\/alfabet-pielegnacji-s-jak-seboregulacja\/#primaryimage"},"thumbnailUrl":"https:\/\/www.bandi.pl\/blog\/wp-content\/uploads\/2021\/07\/T.png","keywords":["bandi cosmetics","cera mieszana","cera przet\u0142uszczaj\u0105ca si\u0119","cera t\u0142usta","emulsja zmniejszaj\u0105ca pory","koncentrat nawil\u017caj\u0105cy z kwasem hialuronowym","kosmetyki dla cery mieszanej","krem matuj\u0105cy","mikrobiom","nadmierne wydzielanie sebum","nawil\u017canie","oczyszczaj\u0105ca maska dro\u017cd\u017cowa","piel\u0119gnacja profesjonalna","rozszerzone pory","sebo care","tonik"],"articleSection":["Aneta Dzi\u0119cielewska","Piel\u0119gnacja i kosmetyki"],"inLanguage":"pl-PL","potentialAction":[{"@type":"CommentAction","name":"Comment","target":["https:\/\/www.bandi.pl\/blog\/alfabet-pielegnacji-s-jak-seboregulacja\/#respond"]}]},{"@type":"WebPage","@id":"https:\/\/www.bandi.pl\/blog\/alfabet-pielegnacji-s-jak-seboregulacja\/","url":"https:\/\/www.bandi.pl\/blog\/alfabet-pielegnacji-s-jak-seboregulacja\/","name":"Alfabet piel\u0119gnacji \u2013 S jak seboregulacja &#187; Blog BANDI","isPartOf":{"@id":"https:\/\/www.bandi.pl\/blog\/#website"},"primaryImageOfPage":{"@id":"https:\/\/www.bandi.pl\/blog\/alfabet-pielegnacji-s-jak-seboregulacja\/#primaryimage"},"image":{"@id":"https:\/\/www.bandi.pl\/blog\/alfabet-pielegnacji-s-jak-seboregulacja\/#primaryimage"},"thumbnailUrl":"https:\/\/www.bandi.pl\/blog\/wp-content\/uploads\/2021\/07\/T.png","datePublished":"2021-07-08T08:36:54+00:00","dateModified":"2021-07-08T08:36:56+00:00","description":"Jak zmniejszy\u0107 nadmierne przet\u0142uszczanie si\u0119 cery? Wystarczy tylko kilka drobnych zmian w piel\u0119gnacji, by stan sk\u00f3ry uleg\u0142 poprawie.","breadcrumb":{"@id":"https:\/\/www.bandi.pl\/blog\/alfabet-pielegnacji-s-jak-seboregulacja\/#breadcrumb"},"inLanguage":"pl-PL","potentialAction":[{"@type":"ReadAction","target":["https:\/\/www.bandi.pl\/blog\/alfabet-pielegnacji-s-jak-seboregulacja\/"]}]},{"@type":"ImageObject","inLanguage":"pl-PL","@id":"https:\/\/www.bandi.pl\/blog\/alfabet-pielegnacji-s-jak-seboregulacja\/#primaryimage","url":"https:\/\/www.bandi.pl\/blog\/wp-content\/uploads\/2021\/07\/T.png","contentUrl":"https:\/\/www.bandi.pl\/blog\/wp-content\/uploads\/2021\/07\/T.png","width":1747,"height":1240},{"@type":"BreadcrumbList","@id":"https:\/\/www.bandi.pl\/blog\/alfabet-pielegnacji-s-jak-seboregulacja\/#breadcrumb","itemListElement":[{"@type":"ListItem","position":1,"name":"BANDI","item":"https:\/\/www.bandi.pl\/blog\/"},{"@type":"ListItem","position":2,"name":"Alfabet piel\u0119gnacji \u2013 S jak seboregulacja"}]},{"@type":"WebSite","@id":"https:\/\/www.bandi.pl\/blog\/#website","url":"https:\/\/www.bandi.pl\/blog\/","name":"Blog BANDI","description":"Czarno na bia\u0142ym o kosmetykach","publisher":{"@id":"https:\/\/www.bandi.pl\/blog\/#organization"},"potentialAction":[{"@type":"SearchAction","target":{"@type":"EntryPoint","urlTemplate":"https:\/\/www.bandi.pl\/blog\/?s={search_term_string}"},"query-input":{"@type":"PropertyValueSpecification","valueRequired":true,"valueName":"search_term_string"}}],"inLanguage":"pl-PL"},{"@type":"Organization","@id":"https:\/\/www.bandi.pl\/blog\/#organization","name":"BANDI","url":"https:\/\/www.bandi.pl\/blog\/","logo":{"@type":"ImageObject","inLanguage":"pl-PL","@id":"https:\/\/www.bandi.pl\/blog\/#\/schema\/logo\/image\/","url":"https:\/\/www.bandi.pl\/blog\/wp-content\/uploads\/2019\/06\/bandi-logo.png","contentUrl":"https:\/\/www.bandi.pl\/blog\/wp-content\/uploads\/2019\/06\/bandi-logo.png","width":264,"height":111,"caption":"BANDI"},"image":{"@id":"https:\/\/www.bandi.pl\/blog\/#\/schema\/logo\/image\/"},"sameAs":["https:\/\/web.facebook.com\/BANDIcosmetics","https:\/\/x.com\/bandi_cosmetics","https:\/\/www.instagram.com\/bandi_cosmetics\/","https:\/\/www.pinterest.com\/bandicosmetics\/","https:\/\/www.youtube.com\/user\/BandiCosmeticsPolska"]},{"@type":"Person","@id":"https:\/\/www.bandi.pl\/blog\/#\/schema\/person\/5ba05af1a18c58f1c31d4ae051ec9499","name":"Ilona Kiraga"}]}},"_links":{"self":[{"href":"https:\/\/www.bandi.pl\/blog\/wp-json\/wp\/v2\/posts\/12126","targetHints":{"allow":["GET"]}}],"collection":[{"href":"https:\/\/www.bandi.pl\/blog\/wp-json\/wp\/v2\/posts"}],"about":[{"href":"https:\/\/www.bandi.pl\/blog\/wp-json\/wp\/v2\/types\/post"}],"author":[{"embeddable":true,"href":"https:\/\/www.bandi.pl\/blog\/wp-json\/wp\/v2\/users\/13"}],"replies":[{"embeddable":true,"href":"https:\/\/www.bandi.pl\/blog\/wp-json\/wp\/v2\/comments?post=12126"}],"version-history":[{"count":5,"href":"https:\/\/www.bandi.pl\/blog\/wp-json\/wp\/v2\/posts\/12126\/revisions"}],"predecessor-version":[{"id":12153,"href":"https:\/\/www.bandi.pl\/blog\/wp-json\/wp\/v2\/posts\/12126\/revisions\/12153"}],"wp:featuredmedia":[{"embeddable":true,"href":"https:\/\/www.bandi.pl\/blog\/wp-json\/wp\/v2\/media\/12132"}],"wp:attachment":[{"href":"https:\/\/www.bandi.pl\/blog\/wp-json\/wp\/v2\/media?parent=12126"}],"wp:term":[{"taxonomy":"category","embeddable":true,"href":"https:\/\/www.bandi.pl\/blog\/wp-json\/wp\/v2\/categories?post=12126"},{"taxonomy":"post_tag","embeddable":true,"href":"https:\/\/www.bandi.pl\/blog\/wp-json\/wp\/v2\/tags?post=12126"}],"curies":[{"name":"wp","href":"https:\/\/api.w.org\/{rel}","templated":true}]}}