{"id":12115,"date":"2021-07-15T09:40:21","date_gmt":"2021-07-15T07:40:21","guid":{"rendered":"https:\/\/www.bandi.pl\/blog\/?p=12115"},"modified":"2021-07-15T09:40:23","modified_gmt":"2021-07-15T07:40:23","slug":"letni-demakijaz-i-oczyszczanie-o-czym-warto-pamietac","status":"publish","type":"post","link":"https:\/\/www.bandi.pl\/blog\/letni-demakijaz-i-oczyszczanie-o-czym-warto-pamietac\/","title":{"rendered":"Letni demakija\u017c i oczyszczanie &#8211; o czym warto pami\u0119ta\u0107?"},"content":{"rendered":"\n<p>Latem wszystko jest \u0142atwiejsze. Pogoda nam sprzyja, mamy lepszy nastr\u00f3j, l\u017cej si\u0119 ubieramy, nie malujemy si\u0119 mocno, nie nak\u0142adamy na twarz grubej warstwy fluidu, pudru, r\u00f3\u017cu. Mu\u015bni\u0119cie s\u0142o\u0144cem nadaje jej zdrowszy koloryt. Demakija\u017c wydaje si\u0119 r\u00f3wnie\u017c prostszy i szybszy. Je\u015bli jednak my\u015blimy, \u017ce wystarczy przemycie twarzy wod\u0105, to jeste\u015bmy w b\u0142\u0119dzie. Chocia\u017c rezygnujemy z ci\u0119\u017ckich kosmetyk\u00f3w kolorowych, to jednak na sk\u00f3rze gromadz\u0105 si\u0119 jej naturalne zanieczyszczania, pot, sebum, kurz, pozosta\u0142o\u015bci krem\u00f3w, a przede wszystkim zawartych w nich filtr\u00f3w. <\/p>\n\n\n\n<h2 class=\"wp-block-heading\">Skutki nieodpowiedniego demakija\u017cu<\/h2>\n\n\n\n<p>Pozostawienie zanieczyszcze\u0144 na sk\u00f3rze powoduje:<\/p>\n\n\n\n<ul class=\"wp-block-list\"><li>zaczerwienienia, podra\u017cnienia, a w okolicach oczu nawet stany zapalne, <\/li><li>ryzyko powstania zask\u00f3rnik\u00f3w, <\/li><li>nagromadzenie si\u0119 bakterii, wirus\u00f3w i grzyb\u00f3w,<\/li><li>przyspieszenie procesu starzenia,<\/li><li>os\u0142abienie proces\u00f3w regeneracyjnych, <\/li><li>wysuszenie sk\u00f3ry. <\/li><\/ul>\n\n\n\n<p>Dlatego staranne demakija\u017c i oczyszczanie sk\u00f3ry (to dwie odr\u0119bne czynno\u015bci, a jedna nie zast\u0105pi drugiej) najlepiej w kilku etapach, jest bardzo wa\u017cne. &nbsp;&nbsp;&nbsp;&nbsp;<\/p>\n\n\n\n<h2 class=\"wp-block-heading\">I etap &#8211;\ndemakija\u017c<\/h2>\n\n\n\n<p>Zaczynamy od demakija\u017cu, czyli zmycia ze sk\u00f3ry kosmetyk\u00f3w kolorowych, cz\u0119sto t\u0142ustej konsystencji. Musimy to zrobi\u0107 bardzo dok\u0142adnie, nie omijaj\u0105c \u017cadnej partii twarzy, zahaczaj\u0105c o szyj\u0119. Wacik z p\u0142ynem czy mleczkiem po kolejnym przetarciu powinien by\u0107 czysty.&nbsp;I delikatnie. Nie pocieramy mocno, nie spieszymy si\u0119, na sil\u0119 nie usuwamy opornego tuszu, \u017ceby nie zaszkodzi\u0107 oczom i rz\u0119som. Do demakija\u017cu mo\u017cemy u\u017cy\u0107 r\u00f3\u017cnych preparat\u00f3w. Latem zwykle wolimy lekkie, od\u015bwie\u017caj\u0105ce formu\u0142y, dlatego teraz na pewno sprawdzi si\u0119 <a href=\"https:\/\/www.bandi.pl\/sklep\/plyny\/plyn-micelarny-do-demakijazu-twarzy-oczu-i-ust-665\/\">p\u0142yn micelarny<\/a>, kt\u00f3rego kuliste micele skutecznie usuwaj\u0105 zanieczyszczenia. <\/p>\n\n\n\n<p>Dobrym rozwi\u0105zaniem na lato jest tak\u017ce <a href=\"https:\/\/www.bandi.pl\/sklep\/balsamy\/emoliencyjne-maselko-oczyszczajace-2-w-1-demakijaz-i-mycie-twarzy!-887\/\">mase\u0142ko z emolientami<\/a><strong><a href=\"https:\/\/www.bandi.pl\/sklep\/balsamy\/emoliencyjne-maselko-oczyszczajace-2-w-1-demakijaz-i-mycie-twarzy!-887\/\"> <\/a><\/strong>myj\u0105cymi i wyg\u0142adzaj\u0105cymi, wzbogacone w witamin\u0119 E. Niewielk\u0105 ilo\u015b\u0107 mase\u0142ka rozgrzewamy w d\u0142oniach, nak\u0142adamy na twarz, delikatnie rozprowadzamy, chwil\u0119 masujemy a\u017c osi\u0105gnie bardziej p\u0142ynn\u0105 konsystencj\u0119, nast\u0119pnie zmywamy letni\u0105 wod\u0105. Sk\u00f3ra po jego u\u017cyciu jest czysta, mi\u0119kka i nawil\u017cona. <\/p>\n\n\n\n<h2 class=\"wp-block-heading\">II etap &#8211; oczyszczanie<\/h2>\n\n\n\n<p>W drugim etapie oczyszczamy sk\u00f3r\u0119 preparatami to stosowania wesp\u00f3\u0142 z wod\u0105. Doskonale to zadanie spe\u0142niaj\u0105 <a href=\"https:\/\/www.bandi.pl\/sklep\/katalog.php?wyr=%BFel+do+mycia\">\u017cele oczyszczaj\u0105ce<\/a> i <a href=\"https:\/\/www.bandi.pl\/sklep\/katalog.php?wyr=pianka\">pianki<\/a>. Myj\u0105c nimi twarz pozbywamy si\u0119 resztek zanieczyszcze\u0144, z kt\u00f3rymi nie poradzi\u0142y sobie kosmetyki pierwszego etapu oraz resztki tych\u017ce preparat\u00f3w. Dodatkowo orze\u017awiamy twarz wod\u0105, co w gor\u0105ce dni lubimy.<\/p>\n\n\n\n<h2 class=\"wp-block-heading\">III etap &#8211; tonizowanie<\/h2>\n\n\n\n<p>Kiedy sk\u00f3r\u0119 mamy ju\u017c dok\u0142adnie oczyszczon\u0105 u\u017cyjmy <a href=\"https:\/\/www.bandi.pl\/sklep\/katalog.php?wyr=tonik\">toniku<\/a>, kt\u00f3ry przywr\u00f3ci jej w\u0142a\u015bciwe pH, przygotuje j\u0105 do przyj\u0119cia kolejnych kosmetyk\u00f3w, poza tym przyjemnie nawil\u017cy i ukoi. Latem og\u00f3lnie wskazane jest stosowanie toniku, nawet kilka razy dziennie, po porannej toalecie, wieczornej, ale tak\u017ce spryskiwanie cery w ci\u0105gu dnia, dla jej od\u015bwie\u017cenia. <\/p>\n\n\n\n<div class=\"wp-block-image\"><figure class=\"aligncenter size-large\"><a href=\"https:\/\/www.bandi.pl\/sklep\/katalog\/seria\/75_pure-care\/\"><img loading=\"lazy\" decoding=\"async\" width=\"750\" height=\"500\" src=\"https:\/\/www.bandi.pl\/blog\/wp-content\/uploads\/2021\/07\/IMG_1481-Edit-750x500.jpg\" alt=\"Pure Care - demakija\u017c i oczyszczanie\" class=\"wp-image-12116\"\/><\/a><\/figure><\/div>\n\n\n\n<h2 class=\"wp-block-heading\">Odpowiednie kosmetyki do demakija\u017cu<\/h2>\n\n\n\n<p>Ka\u017cdy ma zapewne swoje ulubione preparaty do demakija\u017cu i oczyszczania Jedni preferuj\u0105 lekkie p\u0142yny micelarne, inni t\u0142uste olejki, a nawet metod\u0119 OCM czyli t\u0142uszcz usuwa t\u0142uszcz. Jednym odpowiadaj\u0105 \u017cele, drugim delikatne pianki. Kluczowe przy wyborze kosmetyk\u00f3w jest dobranie produktu do rodzaju cery, prawid\u0142owe stosowanie oraz jego jako\u015b\u0107. W preparatach szukajmy sk\u0142adnik\u00f3w oczyszczaj\u0105cych jednocze\u015bnie o w\u0142a\u015bciwo\u015bciach koj\u0105cych, wyg\u0142adzaj\u0105cych i wzmacniaj\u0105cych naturalny p\u0142aszcz ochronny sk\u00f3ry, takich jak delikatne emolienty, betaina, oczar wirginijski, wzmacniajcie witaminy, oleje ro\u015blinne, \u0142agodz\u0105ce alantoina i d-panthenol, a w sezonie wakacyjnym szczeg\u00f3lnie nawil\u017caj\u0105cych ektoiny, trehalozy, alg i kwasu hialuronowego.&nbsp; <\/p>\n\n\n\n<div class=\"wp-block-divi-layout\">[et_pb_section fb_built=&#8221;1&#8243; _builder_version=&#8221;4.4.1&#8243;][\/et_pb_section][et_pb_section fb_built=&#8221;1&#8243; _builder_version=&#8221;4.4.1&#8243; top_divider_style=&#8221;arrow&#8221; top_divider_color=&#8221;rgba(255,166,168,0.75)&#8221; top_divider_height=&#8221;1px&#8221; bottom_divider_style=&#8221;arrow&#8221; bottom_divider_color=&#8221;rgba(255,166,168,0.75)&#8221; bottom_divider_height=&#8221;1px&#8221;][et_pb_row column_structure=&#8221;1_2,1_2&#8243; _builder_version=&#8221;4.4.1&#8243; width=&#8221;100%&#8221; module_alignment=&#8221;left&#8221; custom_margin=&#8221;||||false|false&#8221;][et_pb_column type=&#8221;1_2&#8243; _builder_version=&#8221;4.4.1&#8243;][et_pb_text _builder_version=&#8221;4.4.1&#8243; text_font=&#8221;Raleway Bold||||||||&#8221; text_text_color=&#8221;rgba(255,166,168,0.75)&#8221; text_font_size=&#8221;56px&#8221; text_letter_spacing=&#8221;8px&#8221; text_line_height=&#8221;1.1em&#8221; custom_margin=&#8221;40px||||false|false&#8221;]<p style=\"text-align: center;\"><strong>PURE CARE<br><\/strong><\/p>[\/et_pb_text][et_pb_text _builder_version=&#8221;4.4.1&#8243; text_font=&#8221;Raleway Regular||||||||&#8221; text_text_color=&#8221;#b8b8b8&#8243; text_font_size=&#8221;22px&#8221; text_line_height=&#8221;1.5em&#8221; hover_enabled=&#8221;0&#8243; link_option_url=&#8221;https:\/\/www.bandi.pl\/sklep\/katalog\/seria\/75_pure-care\/&#8221;]<p style=\"text-align: center;\">Skuteczny demakija\u017c<br>i oczyszczanie sk\u00f3ry<br>w czasie lata<\/p>\n[\/et_pb_text][et_pb_button button_url=&#8221;https:\/\/www.bandi.pl\/sklep\/katalog\/seria\/75_pure-care\/&#8221; button_text=&#8221;ZOBACZ&#8221; button_alignment=&#8221;center&#8221; disabled_on=&#8221;off|off|off&#8221; _builder_version=&#8221;4.4.1&#8243; custom_button=&#8221;on&#8221; button_text_size=&#8221;20px&#8221; button_text_color=&#8221;#ffffff&#8221; button_border_radius=&#8221;25px&#8221; button_font=&#8221;Bree Serif||||||||&#8221; background_layout=&#8221;dark&#8221; custom_padding=&#8221;12px|30px|12px|30px|true|true&#8221; hover_transition_duration=&#8221;0ms&#8221; hover_enabled=&#8221;0&#8243; box_shadow_style=&#8221;preset3&#8243;][\/et_pb_button][\/et_pb_column][et_pb_column type=&#8221;1_2&#8243; _builder_version=&#8221;4.4.1&#8243;][et_pb_image src=&#8221;https:\/\/www.bandi.pl\/blog\/wp-content\/uploads\/2021\/07\/1J4A1367-ost-kop-scaled.jpg&#8221; align=&#8221;center&#8221; _builder_version=&#8221;4.4.1&#8243; hover_enabled=&#8221;0&#8243; url=&#8221;https:\/\/www.bandi.pl\/sklep\/katalog\/seria\/75_pure-care\/&#8221;][\/et_pb_image][\/et_pb_column][\/et_pb_row][\/et_pb_section]<\/div>\n","protected":false},"excerpt":{"rendered":"<p>Latem wszystko jest \u0142atwiejsze. Pogoda nam sprzyja, mamy lepszy nastr\u00f3j, l\u017cej si\u0119 ubieramy, nie malujemy si\u0119 mocno, nie nak\u0142adamy na twarz grubej warstwy fluidu, pudru, r\u00f3\u017cu. Mu\u015bni\u0119cie s\u0142o\u0144cem nadaje jej zdrowszy koloryt. Demakija\u017c wydaje si\u0119 r\u00f3wnie\u017c prostszy i szybszy. Je\u015bli jednak my\u015blimy, \u017ce wystarczy przemycie twarzy wod\u0105, to jeste\u015bmy w b\u0142\u0119dzie. Chocia\u017c rezygnujemy z ci\u0119\u017ckich [&hellip;]<\/p>\n","protected":false},"author":13,"featured_media":12119,"comment_status":"open","ping_status":"closed","sticky":false,"template":"","format":"standard","meta":{"_et_pb_use_builder":"","_et_pb_old_content":"","_et_gb_content_width":"","footnotes":""},"categories":[2980,1817],"tags":[4740,95,4165,6568,4232,58,6565,6566,6567,5247,4230,1383,3707,3428,4120,6439,5246],"class_list":["post-12115","post","type-post","status-publish","format-standard","has-post-thumbnail","hentry","category-edyta-bilobran","category-kategoria-pielegnacja-i-kosmetyki","tag-bandi-cosmetics","tag-ektoina","tag-emolienty","tag-kosmetyki-na-lato","tag-kosmetyki-profesjonalne","tag-kwas-hialuronowy","tag-letni-demakijaz","tag-letnie-oczyszczanie-skoy","tag-maelko-oczyszczajace","tag-pianka-do-mycia-twarzy","tag-pielegnacja-profesjonalna","tag-plyn-micelarny","tag-pure-care","tag-tonik","tag-trehaloza","tag-wieloetapowe-oczyszczanie-skory","tag-zel-do-mycia-twarzy"],"yoast_head":"<!-- This site is optimized with the Yoast SEO plugin v27.1.1 - https:\/\/yoast.com\/product\/yoast-seo-wordpress\/ -->\n<title>Letni demakija\u017c i oczyszczanie - o czym warto pami\u0119ta\u0107? &#187; Blog BANDI<\/title>\n<meta name=\"description\" content=\"Latem stosujemy zwykle mniej kosmetyk\u00f3w do makija\u017cu. Dlatego demakija\u017c wydaje si\u0119 r\u00f3wnie\u017c prostszy i szybszy. O czym jednak warto pami\u0119ta\u0107 w tym okresie?\" \/>\n<meta name=\"robots\" content=\"index, follow, max-snippet:-1, max-image-preview:large, max-video-preview:-1\" \/>\n<link rel=\"canonical\" href=\"https:\/\/www.bandi.pl\/blog\/letni-demakijaz-i-oczyszczanie-o-czym-warto-pamietac\/\" \/>\n<meta property=\"og:locale\" content=\"pl_PL\" \/>\n<meta property=\"og:type\" content=\"article\" \/>\n<meta property=\"og:title\" content=\"Letni demakija\u017c i oczyszczanie - o czym warto pami\u0119ta\u0107? &#187; Blog BANDI\" \/>\n<meta property=\"og:description\" content=\"Latem stosujemy zwykle mniej kosmetyk\u00f3w do makija\u017cu. Dlatego demakija\u017c wydaje si\u0119 r\u00f3wnie\u017c prostszy i szybszy. O czym jednak warto pami\u0119ta\u0107 w tym okresie?\" \/>\n<meta property=\"og:url\" content=\"https:\/\/www.bandi.pl\/blog\/letni-demakijaz-i-oczyszczanie-o-czym-warto-pamietac\/\" \/>\n<meta property=\"og:site_name\" content=\"Blog BANDI\" \/>\n<meta property=\"article:publisher\" content=\"https:\/\/web.facebook.com\/BANDIcosmetics\" \/>\n<meta property=\"article:published_time\" content=\"2021-07-15T07:40:21+00:00\" \/>\n<meta property=\"article:modified_time\" content=\"2021-07-15T07:40:23+00:00\" \/>\n<meta property=\"og:image\" content=\"https:\/\/www.bandi.pl\/blog\/wp-content\/uploads\/2021\/07\/headshot-of-lovely-smiling-female-model-touches-cheeks-looks-aside-washes-face-with-soap-bubble-has-naked-body-wears-turquoise-soft-towel-on-head-poses-over-rosy-wall-copy-space-for-promotion-scaled.jpg\" \/>\n\t<meta property=\"og:image:width\" content=\"2560\" \/>\n\t<meta property=\"og:image:height\" content=\"1707\" \/>\n\t<meta property=\"og:image:type\" content=\"image\/jpeg\" \/>\n<meta name=\"author\" content=\"Ilona Kiraga\" \/>\n<meta name=\"twitter:card\" content=\"summary_large_image\" \/>\n<meta name=\"twitter:creator\" content=\"@bandi_cosmetics\" \/>\n<meta name=\"twitter:site\" content=\"@bandi_cosmetics\" \/>\n<meta name=\"twitter:label1\" content=\"Napisane przez\" \/>\n\t<meta name=\"twitter:data1\" content=\"Ilona Kiraga\" \/>\n\t<meta name=\"twitter:label2\" content=\"Szacowany czas czytania\" \/>\n\t<meta name=\"twitter:data2\" content=\"4 minuty\" \/>\n<script type=\"application\/ld+json\" class=\"yoast-schema-graph\">{\"@context\":\"https:\/\/schema.org\",\"@graph\":[{\"@type\":\"Article\",\"@id\":\"https:\/\/www.bandi.pl\/blog\/letni-demakijaz-i-oczyszczanie-o-czym-warto-pamietac\/#article\",\"isPartOf\":{\"@id\":\"https:\/\/www.bandi.pl\/blog\/letni-demakijaz-i-oczyszczanie-o-czym-warto-pamietac\/\"},\"author\":{\"name\":\"Ilona Kiraga\",\"@id\":\"https:\/\/www.bandi.pl\/blog\/#\/schema\/person\/5ba05af1a18c58f1c31d4ae051ec9499\"},\"headline\":\"Letni demakija\u017c i oczyszczanie &#8211; o czym warto pami\u0119ta\u0107?\",\"datePublished\":\"2021-07-15T07:40:21+00:00\",\"dateModified\":\"2021-07-15T07:40:23+00:00\",\"mainEntityOfPage\":{\"@id\":\"https:\/\/www.bandi.pl\/blog\/letni-demakijaz-i-oczyszczanie-o-czym-warto-pamietac\/\"},\"wordCount\":869,\"commentCount\":0,\"publisher\":{\"@id\":\"https:\/\/www.bandi.pl\/blog\/#organization\"},\"image\":{\"@id\":\"https:\/\/www.bandi.pl\/blog\/letni-demakijaz-i-oczyszczanie-o-czym-warto-pamietac\/#primaryimage\"},\"thumbnailUrl\":\"https:\/\/www.bandi.pl\/blog\/wp-content\/uploads\/2021\/07\/headshot-of-lovely-smiling-female-model-touches-cheeks-looks-aside-washes-face-with-soap-bubble-has-naked-body-wears-turquoise-soft-towel-on-head-poses-over-rosy-wall-copy-space-for-promotion-scaled.jpg\",\"keywords\":[\"bandi cosmetics\",\"ektoina\",\"emolienty\",\"kosmetyki na lato\",\"kosmetyki profesjonalne\",\"kwas hialuronowy\",\"letni demakija\u017c\",\"letnie oczyszczanie sk\u00f3y\",\"mae\u0142ko oczyszczaj\u0105ce\",\"pianka do mycia twarzy\",\"piel\u0119gnacja profesjonalna\",\"p\u0142yn micelarny\",\"pure care\",\"tonik\",\"trehaloza\",\"wieloetapowe oczyszczanie sk\u00f3ry\",\"\u017cel do mycia twarzy\"],\"articleSection\":[\"Edyta Bi\u0142obran\",\"Piel\u0119gnacja i kosmetyki\"],\"inLanguage\":\"pl-PL\",\"potentialAction\":[{\"@type\":\"CommentAction\",\"name\":\"Comment\",\"target\":[\"https:\/\/www.bandi.pl\/blog\/letni-demakijaz-i-oczyszczanie-o-czym-warto-pamietac\/#respond\"]}]},{\"@type\":\"WebPage\",\"@id\":\"https:\/\/www.bandi.pl\/blog\/letni-demakijaz-i-oczyszczanie-o-czym-warto-pamietac\/\",\"url\":\"https:\/\/www.bandi.pl\/blog\/letni-demakijaz-i-oczyszczanie-o-czym-warto-pamietac\/\",\"name\":\"Letni demakija\u017c i oczyszczanie - o czym warto pami\u0119ta\u0107? &#187; Blog BANDI\",\"isPartOf\":{\"@id\":\"https:\/\/www.bandi.pl\/blog\/#website\"},\"primaryImageOfPage\":{\"@id\":\"https:\/\/www.bandi.pl\/blog\/letni-demakijaz-i-oczyszczanie-o-czym-warto-pamietac\/#primaryimage\"},\"image\":{\"@id\":\"https:\/\/www.bandi.pl\/blog\/letni-demakijaz-i-oczyszczanie-o-czym-warto-pamietac\/#primaryimage\"},\"thumbnailUrl\":\"https:\/\/www.bandi.pl\/blog\/wp-content\/uploads\/2021\/07\/headshot-of-lovely-smiling-female-model-touches-cheeks-looks-aside-washes-face-with-soap-bubble-has-naked-body-wears-turquoise-soft-towel-on-head-poses-over-rosy-wall-copy-space-for-promotion-scaled.jpg\",\"datePublished\":\"2021-07-15T07:40:21+00:00\",\"dateModified\":\"2021-07-15T07:40:23+00:00\",\"description\":\"Latem stosujemy zwykle mniej kosmetyk\u00f3w do makija\u017cu. Dlatego demakija\u017c wydaje si\u0119 r\u00f3wnie\u017c prostszy i szybszy. O czym jednak warto pami\u0119ta\u0107 w tym okresie?\",\"breadcrumb\":{\"@id\":\"https:\/\/www.bandi.pl\/blog\/letni-demakijaz-i-oczyszczanie-o-czym-warto-pamietac\/#breadcrumb\"},\"inLanguage\":\"pl-PL\",\"potentialAction\":[{\"@type\":\"ReadAction\",\"target\":[\"https:\/\/www.bandi.pl\/blog\/letni-demakijaz-i-oczyszczanie-o-czym-warto-pamietac\/\"]}]},{\"@type\":\"ImageObject\",\"inLanguage\":\"pl-PL\",\"@id\":\"https:\/\/www.bandi.pl\/blog\/letni-demakijaz-i-oczyszczanie-o-czym-warto-pamietac\/#primaryimage\",\"url\":\"https:\/\/www.bandi.pl\/blog\/wp-content\/uploads\/2021\/07\/headshot-of-lovely-smiling-female-model-touches-cheeks-looks-aside-washes-face-with-soap-bubble-has-naked-body-wears-turquoise-soft-towel-on-head-poses-over-rosy-wall-copy-space-for-promotion-scaled.jpg\",\"contentUrl\":\"https:\/\/www.bandi.pl\/blog\/wp-content\/uploads\/2021\/07\/headshot-of-lovely-smiling-female-model-touches-cheeks-looks-aside-washes-face-with-soap-bubble-has-naked-body-wears-turquoise-soft-towel-on-head-poses-over-rosy-wall-copy-space-for-promotion-scaled.jpg\",\"width\":2560,\"height\":1707,\"caption\":\"Headshot of lovely smiling female model touches cheeks, looks aside, washes face with soap bubble, has naked body, wears turquoise soft towel on head, poses over rosy wall, copy space for promotion\"},{\"@type\":\"BreadcrumbList\",\"@id\":\"https:\/\/www.bandi.pl\/blog\/letni-demakijaz-i-oczyszczanie-o-czym-warto-pamietac\/#breadcrumb\",\"itemListElement\":[{\"@type\":\"ListItem\",\"position\":1,\"name\":\"BANDI\",\"item\":\"https:\/\/www.bandi.pl\/blog\/\"},{\"@type\":\"ListItem\",\"position\":2,\"name\":\"Letni demakija\u017c i oczyszczanie &#8211; o czym warto pami\u0119ta\u0107?\"}]},{\"@type\":\"WebSite\",\"@id\":\"https:\/\/www.bandi.pl\/blog\/#website\",\"url\":\"https:\/\/www.bandi.pl\/blog\/\",\"name\":\"Blog BANDI\",\"description\":\"Czarno na bia\u0142ym o kosmetykach\",\"publisher\":{\"@id\":\"https:\/\/www.bandi.pl\/blog\/#organization\"},\"potentialAction\":[{\"@type\":\"SearchAction\",\"target\":{\"@type\":\"EntryPoint\",\"urlTemplate\":\"https:\/\/www.bandi.pl\/blog\/?s={search_term_string}\"},\"query-input\":{\"@type\":\"PropertyValueSpecification\",\"valueRequired\":true,\"valueName\":\"search_term_string\"}}],\"inLanguage\":\"pl-PL\"},{\"@type\":\"Organization\",\"@id\":\"https:\/\/www.bandi.pl\/blog\/#organization\",\"name\":\"BANDI\",\"url\":\"https:\/\/www.bandi.pl\/blog\/\",\"logo\":{\"@type\":\"ImageObject\",\"inLanguage\":\"pl-PL\",\"@id\":\"https:\/\/www.bandi.pl\/blog\/#\/schema\/logo\/image\/\",\"url\":\"https:\/\/www.bandi.pl\/blog\/wp-content\/uploads\/2019\/06\/bandi-logo.png\",\"contentUrl\":\"https:\/\/www.bandi.pl\/blog\/wp-content\/uploads\/2019\/06\/bandi-logo.png\",\"width\":264,\"height\":111,\"caption\":\"BANDI\"},\"image\":{\"@id\":\"https:\/\/www.bandi.pl\/blog\/#\/schema\/logo\/image\/\"},\"sameAs\":[\"https:\/\/web.facebook.com\/BANDIcosmetics\",\"https:\/\/x.com\/bandi_cosmetics\",\"https:\/\/www.instagram.com\/bandi_cosmetics\/\",\"https:\/\/www.pinterest.com\/bandicosmetics\/\",\"https:\/\/www.youtube.com\/user\/BandiCosmeticsPolska\"]},{\"@type\":\"Person\",\"@id\":\"https:\/\/www.bandi.pl\/blog\/#\/schema\/person\/5ba05af1a18c58f1c31d4ae051ec9499\",\"name\":\"Ilona Kiraga\"}]}<\/script>\n<!-- \/ Yoast SEO plugin. -->","yoast_head_json":{"title":"Letni demakija\u017c i oczyszczanie - o czym warto pami\u0119ta\u0107? &#187; Blog BANDI","description":"Latem stosujemy zwykle mniej kosmetyk\u00f3w do makija\u017cu. Dlatego demakija\u017c wydaje si\u0119 r\u00f3wnie\u017c prostszy i szybszy. O czym jednak warto pami\u0119ta\u0107 w tym okresie?","robots":{"index":"index","follow":"follow","max-snippet":"max-snippet:-1","max-image-preview":"max-image-preview:large","max-video-preview":"max-video-preview:-1"},"canonical":"https:\/\/www.bandi.pl\/blog\/letni-demakijaz-i-oczyszczanie-o-czym-warto-pamietac\/","og_locale":"pl_PL","og_type":"article","og_title":"Letni demakija\u017c i oczyszczanie - o czym warto pami\u0119ta\u0107? &#187; Blog BANDI","og_description":"Latem stosujemy zwykle mniej kosmetyk\u00f3w do makija\u017cu. Dlatego demakija\u017c wydaje si\u0119 r\u00f3wnie\u017c prostszy i szybszy. O czym jednak warto pami\u0119ta\u0107 w tym okresie?","og_url":"https:\/\/www.bandi.pl\/blog\/letni-demakijaz-i-oczyszczanie-o-czym-warto-pamietac\/","og_site_name":"Blog BANDI","article_publisher":"https:\/\/web.facebook.com\/BANDIcosmetics","article_published_time":"2021-07-15T07:40:21+00:00","article_modified_time":"2021-07-15T07:40:23+00:00","og_image":[{"width":2560,"height":1707,"url":"https:\/\/www.bandi.pl\/blog\/wp-content\/uploads\/2021\/07\/headshot-of-lovely-smiling-female-model-touches-cheeks-looks-aside-washes-face-with-soap-bubble-has-naked-body-wears-turquoise-soft-towel-on-head-poses-over-rosy-wall-copy-space-for-promotion-scaled.jpg","type":"image\/jpeg"}],"author":"Ilona Kiraga","twitter_card":"summary_large_image","twitter_creator":"@bandi_cosmetics","twitter_site":"@bandi_cosmetics","twitter_misc":{"Napisane przez":"Ilona Kiraga","Szacowany czas czytania":"4 minuty"},"schema":{"@context":"https:\/\/schema.org","@graph":[{"@type":"Article","@id":"https:\/\/www.bandi.pl\/blog\/letni-demakijaz-i-oczyszczanie-o-czym-warto-pamietac\/#article","isPartOf":{"@id":"https:\/\/www.bandi.pl\/blog\/letni-demakijaz-i-oczyszczanie-o-czym-warto-pamietac\/"},"author":{"name":"Ilona Kiraga","@id":"https:\/\/www.bandi.pl\/blog\/#\/schema\/person\/5ba05af1a18c58f1c31d4ae051ec9499"},"headline":"Letni demakija\u017c i oczyszczanie &#8211; o czym warto pami\u0119ta\u0107?","datePublished":"2021-07-15T07:40:21+00:00","dateModified":"2021-07-15T07:40:23+00:00","mainEntityOfPage":{"@id":"https:\/\/www.bandi.pl\/blog\/letni-demakijaz-i-oczyszczanie-o-czym-warto-pamietac\/"},"wordCount":869,"commentCount":0,"publisher":{"@id":"https:\/\/www.bandi.pl\/blog\/#organization"},"image":{"@id":"https:\/\/www.bandi.pl\/blog\/letni-demakijaz-i-oczyszczanie-o-czym-warto-pamietac\/#primaryimage"},"thumbnailUrl":"https:\/\/www.bandi.pl\/blog\/wp-content\/uploads\/2021\/07\/headshot-of-lovely-smiling-female-model-touches-cheeks-looks-aside-washes-face-with-soap-bubble-has-naked-body-wears-turquoise-soft-towel-on-head-poses-over-rosy-wall-copy-space-for-promotion-scaled.jpg","keywords":["bandi cosmetics","ektoina","emolienty","kosmetyki na lato","kosmetyki profesjonalne","kwas hialuronowy","letni demakija\u017c","letnie oczyszczanie sk\u00f3y","mae\u0142ko oczyszczaj\u0105ce","pianka do mycia twarzy","piel\u0119gnacja profesjonalna","p\u0142yn micelarny","pure care","tonik","trehaloza","wieloetapowe oczyszczanie sk\u00f3ry","\u017cel do mycia twarzy"],"articleSection":["Edyta Bi\u0142obran","Piel\u0119gnacja i kosmetyki"],"inLanguage":"pl-PL","potentialAction":[{"@type":"CommentAction","name":"Comment","target":["https:\/\/www.bandi.pl\/blog\/letni-demakijaz-i-oczyszczanie-o-czym-warto-pamietac\/#respond"]}]},{"@type":"WebPage","@id":"https:\/\/www.bandi.pl\/blog\/letni-demakijaz-i-oczyszczanie-o-czym-warto-pamietac\/","url":"https:\/\/www.bandi.pl\/blog\/letni-demakijaz-i-oczyszczanie-o-czym-warto-pamietac\/","name":"Letni demakija\u017c i oczyszczanie - o czym warto pami\u0119ta\u0107? &#187; Blog BANDI","isPartOf":{"@id":"https:\/\/www.bandi.pl\/blog\/#website"},"primaryImageOfPage":{"@id":"https:\/\/www.bandi.pl\/blog\/letni-demakijaz-i-oczyszczanie-o-czym-warto-pamietac\/#primaryimage"},"image":{"@id":"https:\/\/www.bandi.pl\/blog\/letni-demakijaz-i-oczyszczanie-o-czym-warto-pamietac\/#primaryimage"},"thumbnailUrl":"https:\/\/www.bandi.pl\/blog\/wp-content\/uploads\/2021\/07\/headshot-of-lovely-smiling-female-model-touches-cheeks-looks-aside-washes-face-with-soap-bubble-has-naked-body-wears-turquoise-soft-towel-on-head-poses-over-rosy-wall-copy-space-for-promotion-scaled.jpg","datePublished":"2021-07-15T07:40:21+00:00","dateModified":"2021-07-15T07:40:23+00:00","description":"Latem stosujemy zwykle mniej kosmetyk\u00f3w do makija\u017cu. Dlatego demakija\u017c wydaje si\u0119 r\u00f3wnie\u017c prostszy i szybszy. O czym jednak warto pami\u0119ta\u0107 w tym okresie?","breadcrumb":{"@id":"https:\/\/www.bandi.pl\/blog\/letni-demakijaz-i-oczyszczanie-o-czym-warto-pamietac\/#breadcrumb"},"inLanguage":"pl-PL","potentialAction":[{"@type":"ReadAction","target":["https:\/\/www.bandi.pl\/blog\/letni-demakijaz-i-oczyszczanie-o-czym-warto-pamietac\/"]}]},{"@type":"ImageObject","inLanguage":"pl-PL","@id":"https:\/\/www.bandi.pl\/blog\/letni-demakijaz-i-oczyszczanie-o-czym-warto-pamietac\/#primaryimage","url":"https:\/\/www.bandi.pl\/blog\/wp-content\/uploads\/2021\/07\/headshot-of-lovely-smiling-female-model-touches-cheeks-looks-aside-washes-face-with-soap-bubble-has-naked-body-wears-turquoise-soft-towel-on-head-poses-over-rosy-wall-copy-space-for-promotion-scaled.jpg","contentUrl":"https:\/\/www.bandi.pl\/blog\/wp-content\/uploads\/2021\/07\/headshot-of-lovely-smiling-female-model-touches-cheeks-looks-aside-washes-face-with-soap-bubble-has-naked-body-wears-turquoise-soft-towel-on-head-poses-over-rosy-wall-copy-space-for-promotion-scaled.jpg","width":2560,"height":1707,"caption":"Headshot of lovely smiling female model touches cheeks, looks aside, washes face with soap bubble, has naked body, wears turquoise soft towel on head, poses over rosy wall, copy space for promotion"},{"@type":"BreadcrumbList","@id":"https:\/\/www.bandi.pl\/blog\/letni-demakijaz-i-oczyszczanie-o-czym-warto-pamietac\/#breadcrumb","itemListElement":[{"@type":"ListItem","position":1,"name":"BANDI","item":"https:\/\/www.bandi.pl\/blog\/"},{"@type":"ListItem","position":2,"name":"Letni demakija\u017c i oczyszczanie &#8211; o czym warto pami\u0119ta\u0107?"}]},{"@type":"WebSite","@id":"https:\/\/www.bandi.pl\/blog\/#website","url":"https:\/\/www.bandi.pl\/blog\/","name":"Blog BANDI","description":"Czarno na bia\u0142ym o kosmetykach","publisher":{"@id":"https:\/\/www.bandi.pl\/blog\/#organization"},"potentialAction":[{"@type":"SearchAction","target":{"@type":"EntryPoint","urlTemplate":"https:\/\/www.bandi.pl\/blog\/?s={search_term_string}"},"query-input":{"@type":"PropertyValueSpecification","valueRequired":true,"valueName":"search_term_string"}}],"inLanguage":"pl-PL"},{"@type":"Organization","@id":"https:\/\/www.bandi.pl\/blog\/#organization","name":"BANDI","url":"https:\/\/www.bandi.pl\/blog\/","logo":{"@type":"ImageObject","inLanguage":"pl-PL","@id":"https:\/\/www.bandi.pl\/blog\/#\/schema\/logo\/image\/","url":"https:\/\/www.bandi.pl\/blog\/wp-content\/uploads\/2019\/06\/bandi-logo.png","contentUrl":"https:\/\/www.bandi.pl\/blog\/wp-content\/uploads\/2019\/06\/bandi-logo.png","width":264,"height":111,"caption":"BANDI"},"image":{"@id":"https:\/\/www.bandi.pl\/blog\/#\/schema\/logo\/image\/"},"sameAs":["https:\/\/web.facebook.com\/BANDIcosmetics","https:\/\/x.com\/bandi_cosmetics","https:\/\/www.instagram.com\/bandi_cosmetics\/","https:\/\/www.pinterest.com\/bandicosmetics\/","https:\/\/www.youtube.com\/user\/BandiCosmeticsPolska"]},{"@type":"Person","@id":"https:\/\/www.bandi.pl\/blog\/#\/schema\/person\/5ba05af1a18c58f1c31d4ae051ec9499","name":"Ilona Kiraga"}]}},"_links":{"self":[{"href":"https:\/\/www.bandi.pl\/blog\/wp-json\/wp\/v2\/posts\/12115","targetHints":{"allow":["GET"]}}],"collection":[{"href":"https:\/\/www.bandi.pl\/blog\/wp-json\/wp\/v2\/posts"}],"about":[{"href":"https:\/\/www.bandi.pl\/blog\/wp-json\/wp\/v2\/types\/post"}],"author":[{"embeddable":true,"href":"https:\/\/www.bandi.pl\/blog\/wp-json\/wp\/v2\/users\/13"}],"replies":[{"embeddable":true,"href":"https:\/\/www.bandi.pl\/blog\/wp-json\/wp\/v2\/comments?post=12115"}],"version-history":[{"count":7,"href":"https:\/\/www.bandi.pl\/blog\/wp-json\/wp\/v2\/posts\/12115\/revisions"}],"predecessor-version":[{"id":12158,"href":"https:\/\/www.bandi.pl\/blog\/wp-json\/wp\/v2\/posts\/12115\/revisions\/12158"}],"wp:featuredmedia":[{"embeddable":true,"href":"https:\/\/www.bandi.pl\/blog\/wp-json\/wp\/v2\/media\/12119"}],"wp:attachment":[{"href":"https:\/\/www.bandi.pl\/blog\/wp-json\/wp\/v2\/media?parent=12115"}],"wp:term":[{"taxonomy":"category","embeddable":true,"href":"https:\/\/www.bandi.pl\/blog\/wp-json\/wp\/v2\/categories?post=12115"},{"taxonomy":"post_tag","embeddable":true,"href":"https:\/\/www.bandi.pl\/blog\/wp-json\/wp\/v2\/tags?post=12115"}],"curies":[{"name":"wp","href":"https:\/\/api.w.org\/{rel}","templated":true}]}}