{"id":12098,"date":"2021-07-06T11:00:00","date_gmt":"2021-07-06T09:00:00","guid":{"rendered":"https:\/\/www.bandi.pl\/blog\/?p=12098"},"modified":"2021-07-05T10:45:42","modified_gmt":"2021-07-05T08:45:42","slug":"jak-latem-dbac-o-cere-tradzikowa","status":"publish","type":"post","link":"https:\/\/www.bandi.pl\/blog\/jak-latem-dbac-o-cere-tradzikowa\/","title":{"rendered":"Jak latem dba\u0107 o cer\u0119 tr\u0105dzikowa?"},"content":{"rendered":"\n<p>Ka\u017cdy, kto boryka si\u0119 z problemami cery tr\u0105dzikowej ten wie, \u017ce jej piel\u0119gnacja nie nale\u017cy do \u0142atwych. Dob\u00f3r odpowiedniego kosmetyku, to cz\u0119sto metoda pr\u00f3b i b\u0142\u0119d\u00f3w, a sk\u00f3ra potrafi by\u0107 tu bardzo kapry\u015bna. Kiedy ju\u017c jednak si\u0119 uda i stan sk\u00f3ry ulega poprawie, przychodzi lato i\u2026 i okazuje si\u0119 cz\u0119sto, \u017ce kosmetyk nale\u017cy odstawi\u0107, gdy\u017c zawarte w nim sk\u0142adniki mog\u0105 uwra\u017cliwia\u0107 sk\u00f3r\u0119 na dzia\u0142anie s\u0142o\u0144ca. Jak zatem walczy\u0107 z tr\u0105dzikiem w okresie lata? Jakie kosmetyki mo\u017cna bezpiecznie stosowa\u0107?<\/p>\n\n\n\n<h2 class=\"wp-block-heading\">S\u0142o\u0144ce a tr\u0105dzik<\/h2>\n\n\n\n<p>Wiele si\u0119 m\u00f3wi o negatywnym oddzia\u0142ywaniu promieniowania s\u0142onecznego na sk\u00f3r\u0119\u00a0w kontek\u015bcie jej przyspieszonego starzenia czy powstawania przebarwie\u0144. A jak jest z tr\u0105dzikiem? Mog\u0142oby si\u0119 wydawa\u0107, \u017ce w tym przypadku jest inaczej. Cz\u0119sto bowiem po ekspozycji na s\u0142o\u0144ce, w pocz\u0105tkowej fazie, stan sk\u00f3ry ulega poprawie. Niedoskona\u0142o\u015bci znikaj\u0105, sk\u00f3ra nabiera \u0142adnego, jednolitego kolorytu, przebarwienia pozapalne staj\u0105 si\u0119 mniej widoczne. Dzieje si\u0119 tak na skutek immunosupresyjnego dzia\u0142ania promieni UV i pocz\u0105tkowego zmniejszenia wydzielania sebum. Niestety najcz\u0119\u015bciej po wst\u0119pnej fazie remisji nast\u0119puje zaostrzenie zmian tr\u0105dzikowych. Sk\u00f3ra broni\u0105c si\u0119 przed wysuszeniem produkuje zwi\u0119kszon\u0105 ilo\u015b\u0107 \u0142oju, a pogrubia\u0142a warstwa rogowa nask\u00f3rka utrudnia jego swobodny odp\u0142yw. Skutkuje to zaczopowaniem uj\u015b\u0107 gruczo\u0142\u00f3w \u0142ojowych i rozwojem beztlenowych bakterii, b\u0119d\u0105cych przyczyn\u0105 tr\u0105dziku. <\/p>\n\n\n\n<figure class=\"wp-block-embed-youtube wp-block-embed is-type-video is-provider-youtube wp-embed-aspect-16-9 wp-has-aspect-ratio\"><div class=\"wp-block-embed__wrapper\">\n<iframe loading=\"lazy\" title=\"Fakty i mity kosmetyczne - czy S\u0142o\u0144ce wyleczy tr\u0105dzik???\" width=\"1080\" height=\"608\" src=\"https:\/\/www.youtube.com\/embed\/Zh4r1cYObq8?feature=oembed\" frameborder=\"0\" allow=\"accelerometer; autoplay; clipboard-write; encrypted-media; gyroscope; picture-in-picture\" allowfullscreen><\/iframe>\n<\/div><\/figure>\n\n\n\n<h2 class=\"wp-block-heading\">Tr\u0105dzik &#8211; wa\u017cne oczyszczanie <\/h2>\n\n\n\n<p>Podstaw\u0105 piel\u0119gnacji cery obj\u0119tej tr\u0105dzikiem jest jej regularne z\u0142uszczanie i oczyszczanie uj\u015b\u0107 gruczo\u0142\u00f3w \u0142ojowych. Niezast\u0105pione s\u0105 tu kwasy. Latem jednak wi\u0119kszo\u015b\u0107 z nich jest przeciwwskazana. Jak wi\u0119c oczyszcza\u0107 sk\u00f3r\u0119 obj\u0119t\u0105 tr\u0105dzikiem w tym okresie? Wybieraj\u0105c odpowiedni peeling \u2013 najlepiej <a href=\"https:\/\/www.bandi.pl\/sklep\/peelingi\/subtelny-peeling-enzymatyczny-840\/\">enzymatyczny z zawarto\u015bci\u0105 dro\u017cd\u017cy<\/a> bogatych w witaminy z grupy B, kt\u00f3re nie tylko delikatnie z\u0142uszczaj\u0105, ale r\u00f3wnie\u017c reguluj\u0105 ilo\u015b\u0107 wydzielanego sebum. Taki peeling stosowany regularnie pozwoli podtrzyma\u0107 korzystny stan cery tr\u0105dzikowej wypracowany podczas stosowania <a href=\"https:\/\/www.bandi.pl\/sklep\/katalog\/seria\/66_medical-anti-acne\/\">kosmetyk\u00f3w z kwasami<\/a>.<\/p>\n\n\n\n<h2 class=\"wp-block-heading\">Przeciwtr\u0105dzikowe nawil\u017canie<\/h2>\n\n\n\n<p>Czy kosmetyki nawil\u017caj\u0105ce mog\u0105 dzia\u0142a\u0107 przeciwtr\u0105dzikowo? Zdecydowanie tak. Kiedy sk\u00f3ra jest przesuszona, co cz\u0119sto zdarza si\u0119 latem, aktywuj\u0105 si\u0119 jej mechanizmy obronne, polegaj\u0105ce na zwi\u0119kszonej produkcji sebum. Do tego dochodzi zaburzenie rogowacenia nask\u00f3rka i w efekcie na sk\u00f3rze pojawiaj\u0105 si\u0119 zask\u00f3rniki i zmiany tr\u0105dzikowe. Odpowiedni <a href=\"https:\/\/www.bandi.pl\/sklep\/emulsje\/lekka-emulsja-nawilzajaca-748\/\">krem nawil\u017caj\u0105cy<\/a> to zatem podstawa piel\u0119gnacji cery problematycznej. Nie b\u00f3jmy si\u0119 ich!<\/p>\n\n\n\n<h2 class=\"wp-block-heading\">Stosuj krem z filtrem<\/h2>\n\n\n\n<p>Du\u017cym problemem cery tr\u0105dzikowej w okresie letnim jest ryzyko powstawania przebarwie\u0144. Mo\u017cna powiedzie\u0107, \u017ce s\u0142o\u0144ce utrwala plamy b\u0119d\u0105ce pozosta\u0142o\u015bci\u0105 wyst\u0119puj\u0105cego miejscowo przy tr\u0105dziku stanu zapalnego. Najprostsz\u0105 i zarazem najbardziej skuteczn\u0105 metod\u0105 przeciwdzia\u0142ania im, jest stosowanie kremu z filtrem. Jaki SPF jednak wybra\u0107? W przypadku cery sk\u0142onnej do tr\u0105dziku bardzo wa\u017cna jest nie tylko wysoko\u015b\u0107 ochrony przeciws\u0142onecznej, ale r\u00f3wnie\u017c lekka, niekomedogenna formu\u0142a samego preparatu. Warto pami\u0119ta\u0107 o tym, \u017ce przy prawid\u0142owej aplikacji preparatu, r\u00f3\u017cnica w stopniu ochrony przed UV mi\u0119dzy SPF50 a <a href=\"https:\/\/www.bandi.pl\/sklep\/kremy\/pmf-ochronny-krem-nawilzajacy-spf-20-633\/\">SPF 20<\/a> to jedynie ok. 3%. Wybierajmy wi\u0119c takie preparaty ochronne, kt\u00f3rych konsystencja nie b\u0119dzie niepotrzebnie obci\u0105\u017ca\u0142a sk\u00f3ry.<\/p>\n\n\n\n<p>Lato to du\u017ce wyzwanie dla ka\u017cdego typu cery, a zw\u0142aszcza kiedy towarzyszy jej tr\u0105dzik. Warto w tym okresie postawi\u0107 na dobre oczyszczanie uj\u015b\u0107 gruczo\u0142\u00f3w \u0142ojowych, dba\u0142o\u015b\u0107 o odpowiednie nawil\u017cenie sk\u00f3ry i jej ochron\u0119 przed niekorzystnym wp\u0142ywem promieniowania UV. A kiedy lato przeminie dobrze si\u0119gn\u0105\u0107 po kosmetyki z kwasami. Jakie kwasy najbardziej lubi cera tr\u0105dzikowa? Odpowied\u017a na to pytanie znajdziecie w <a href=\"https:\/\/www.bandi.pl\/blog\/cera-tradzikowa-lubi-kwasy\/\">tym artykule<\/a>.<\/p>\n\n\n\n<div class=\"wp-block-divi-layout\">[et_pb_section fb_built=&#8221;1&#8243; _builder_version=&#8221;4.4.1&#8243;][\/et_pb_section][et_pb_section fb_built=&#8221;1&#8243; _builder_version=&#8221;4.4.1&#8243; top_divider_style=&#8221;arrow&#8221; top_divider_color=&#8221;rgba(255,166,168,0.75)&#8221; top_divider_height=&#8221;1px&#8221; bottom_divider_style=&#8221;arrow&#8221; bottom_divider_color=&#8221;rgba(255,166,168,0.75)&#8221; bottom_divider_height=&#8221;1px&#8221;][et_pb_row column_structure=&#8221;1_2,1_2&#8243; _builder_version=&#8221;4.4.1&#8243; width=&#8221;100%&#8221; module_alignment=&#8221;left&#8221; custom_margin=&#8221;||||false|false&#8221;][et_pb_column type=&#8221;1_2&#8243; _builder_version=&#8221;4.4.1&#8243;][et_pb_text _builder_version=&#8221;4.4.1&#8243; text_font=&#8221;Raleway Bold||||||||&#8221; text_text_color=&#8221;rgba(255,166,168,0.75)&#8221; text_font_size=&#8221;56px&#8221; text_letter_spacing=&#8221;8px&#8221; text_line_height=&#8221;1.1em&#8221; custom_margin=&#8221;40px||||false|false&#8221; hover_enabled=&#8221;0&#8243; link_option_url=&#8221;https:\/\/www.bandi.pl\/sklep\/katalog\/seria\/72_sebo-care\/&#8221;]<p style=\"text-align: center;\"><strong>SEBO CARE<br><\/strong><\/p>\n[\/et_pb_text][et_pb_text _builder_version=&#8221;4.4.1&#8243; text_font=&#8221;Raleway Regular||||||||&#8221; text_text_color=&#8221;#b8b8b8&#8243; text_font_size=&#8221;22px&#8221; text_line_height=&#8221;1.5em&#8221; hover_enabled=&#8221;0&#8243; link_option_url=&#8221;https:\/\/www.bandi.pl\/sklep\/katalog\/seria\/72_sebo-care\/&#8221;]<p style=\"text-align: center;\">Letnia piel\u0119gnacja cery tr\u0105dzikowej<\/p>[\/et_pb_text][et_pb_button button_url=&#8221;https:\/\/www.bandi.pl\/sklep\/katalog\/seria\/72_sebo-care\/&#8221; button_text=&#8221;ZOBACZ&#8221; button_alignment=&#8221;center&#8221; disabled_on=&#8221;off|off|off&#8221; _builder_version=&#8221;4.4.1&#8243; custom_button=&#8221;on&#8221; button_text_size=&#8221;20px&#8221; button_text_color=&#8221;#ffffff&#8221; button_border_radius=&#8221;25px&#8221; button_font=&#8221;Bree Serif||||||||&#8221; background_layout=&#8221;dark&#8221; custom_padding=&#8221;12px|30px|12px|30px|true|true&#8221; hover_transition_duration=&#8221;0ms&#8221; hover_enabled=&#8221;0&#8243; box_shadow_style=&#8221;preset3&#8243;][\/et_pb_button][\/et_pb_column][et_pb_column type=&#8221;1_2&#8243; _builder_version=&#8221;4.4.1&#8243;][et_pb_image src=&#8221;https:\/\/www.bandi.pl\/blog\/wp-content\/uploads\/2021\/06\/IMG_1320-Edit-1-scaled.jpg&#8221; align=&#8221;center&#8221; _builder_version=&#8221;4.4.1&#8243; hover_enabled=&#8221;0&#8243; url=&#8221;https:\/\/www.bandi.pl\/sklep\/katalog\/seria\/72_sebo-care\/&#8221;][\/et_pb_image][\/et_pb_column][\/et_pb_row][\/et_pb_section]<\/div>\n","protected":false},"excerpt":{"rendered":"<p>Ka\u017cdy, kto boryka si\u0119 z problemami cery tr\u0105dzikowej ten wie, \u017ce jej piel\u0119gnacja nie nale\u017cy do \u0142atwych. Dob\u00f3r odpowiedniego kosmetyku, to cz\u0119sto metoda pr\u00f3b i b\u0142\u0119d\u00f3w, a sk\u00f3ra potrafi by\u0107 tu bardzo kapry\u015bna. Kiedy ju\u017c jednak si\u0119 uda i stan sk\u00f3ry ulega poprawie, przychodzi lato i\u2026 i okazuje si\u0119 cz\u0119sto, \u017ce kosmetyk nale\u017cy odstawi\u0107, gdy\u017c [&hellip;]<\/p>\n","protected":false},"author":13,"featured_media":12102,"comment_status":"open","ping_status":"closed","sticky":false,"template":"","format":"standard","meta":{"_et_pb_use_builder":"","_et_pb_old_content":"","_et_gb_content_width":"","footnotes":""},"categories":[2775,1817],"tags":[6236,3445,6531,4273,3144,4105,6529,5370,4662,6528,4230,5868,4272,6530,3687,6532,4169],"class_list":["post-12098","post","type-post","status-publish","format-standard","has-post-thumbnail","hentry","category-ilona-kiraga","category-kategoria-pielegnacja-i-kosmetyki","tag-alternatywa-dla-kwasow","tag-bandi","tag-bezpieczne-zluszczanie","tag-cera-problematyczna","tag-cera-tradzikowa","tag-krem-z-filtrem","tag-nawilzanie-cery-tradzikowej","tag-niedoskonalosci","tag-peeling-enzymatyczny","tag-pielegnacja-cery-tradzikowej-latem","tag-pielegnacja-profesjonalna","tag-pielegnacja-twarzy","tag-sebo-care","tag-skuteczne-zluszczanie","tag-spf","tag-wplyw-slonca-na-tradzik","tag-zaskorniki"],"yoast_head":"<!-- This site is optimized with the Yoast SEO plugin v27.1.1 - https:\/\/yoast.com\/product\/yoast-seo-wordpress\/ -->\n<title>Jak latem dba\u0107 o cer\u0119 tr\u0105dzikowa? &#187; Blog BANDI<\/title>\n<meta name=\"description\" content=\"Piel\u0119gnacja cery tr\u0105dzikowej nie nale\u017cy do \u0142atwych. Jak zatem dba\u0107 o tak\u0105 sk\u00f3r\u0119 w okresie lata? Jakie kosmetyki warto stosowa\u0107?\" \/>\n<meta name=\"robots\" content=\"index, follow, max-snippet:-1, max-image-preview:large, max-video-preview:-1\" \/>\n<link rel=\"canonical\" href=\"https:\/\/www.bandi.pl\/blog\/jak-latem-dbac-o-cere-tradzikowa\/\" \/>\n<meta property=\"og:locale\" content=\"pl_PL\" \/>\n<meta property=\"og:type\" content=\"article\" \/>\n<meta property=\"og:title\" content=\"Jak latem dba\u0107 o cer\u0119 tr\u0105dzikowa? &#187; Blog BANDI\" \/>\n<meta property=\"og:description\" content=\"Piel\u0119gnacja cery tr\u0105dzikowej nie nale\u017cy do \u0142atwych. Jak zatem dba\u0107 o tak\u0105 sk\u00f3r\u0119 w okresie lata? Jakie kosmetyki warto stosowa\u0107?\" \/>\n<meta property=\"og:url\" content=\"https:\/\/www.bandi.pl\/blog\/jak-latem-dbac-o-cere-tradzikowa\/\" \/>\n<meta property=\"og:site_name\" content=\"Blog BANDI\" \/>\n<meta property=\"article:publisher\" content=\"https:\/\/web.facebook.com\/BANDIcosmetics\" \/>\n<meta property=\"article:published_time\" content=\"2021-07-06T09:00:00+00:00\" \/>\n<meta property=\"og:image\" content=\"https:\/\/www.bandi.pl\/blog\/wp-content\/uploads\/2021\/06\/Projekt-bez-tytu\u0142u124.png\" \/>\n\t<meta property=\"og:image:width\" content=\"1747\" \/>\n\t<meta property=\"og:image:height\" content=\"1240\" \/>\n\t<meta property=\"og:image:type\" content=\"image\/png\" \/>\n<meta name=\"author\" content=\"Ilona Kiraga\" \/>\n<meta name=\"twitter:card\" content=\"summary_large_image\" \/>\n<meta name=\"twitter:creator\" content=\"@bandi_cosmetics\" \/>\n<meta name=\"twitter:site\" content=\"@bandi_cosmetics\" \/>\n<meta name=\"twitter:label1\" content=\"Napisane przez\" \/>\n\t<meta name=\"twitter:data1\" content=\"Ilona Kiraga\" \/>\n\t<meta name=\"twitter:label2\" content=\"Szacowany czas czytania\" \/>\n\t<meta name=\"twitter:data2\" content=\"5 minut\" \/>\n<script type=\"application\/ld+json\" class=\"yoast-schema-graph\">{\"@context\":\"https:\/\/schema.org\",\"@graph\":[{\"@type\":\"Article\",\"@id\":\"https:\/\/www.bandi.pl\/blog\/jak-latem-dbac-o-cere-tradzikowa\/#article\",\"isPartOf\":{\"@id\":\"https:\/\/www.bandi.pl\/blog\/jak-latem-dbac-o-cere-tradzikowa\/\"},\"author\":{\"name\":\"Ilona Kiraga\",\"@id\":\"https:\/\/www.bandi.pl\/blog\/#\/schema\/person\/5ba05af1a18c58f1c31d4ae051ec9499\"},\"headline\":\"Jak latem dba\u0107 o cer\u0119 tr\u0105dzikowa?\",\"datePublished\":\"2021-07-06T09:00:00+00:00\",\"mainEntityOfPage\":{\"@id\":\"https:\/\/www.bandi.pl\/blog\/jak-latem-dbac-o-cere-tradzikowa\/\"},\"wordCount\":922,\"commentCount\":2,\"publisher\":{\"@id\":\"https:\/\/www.bandi.pl\/blog\/#organization\"},\"image\":{\"@id\":\"https:\/\/www.bandi.pl\/blog\/jak-latem-dbac-o-cere-tradzikowa\/#primaryimage\"},\"thumbnailUrl\":\"https:\/\/www.bandi.pl\/blog\/wp-content\/uploads\/2021\/06\/Projekt-bez-tytu\u0142u124.png\",\"keywords\":[\"alternatywa dla kwas\u00f3w\",\"Bandi\",\"bezpieczne z\u0142uszczanie\",\"cera problematyczna\",\"cera tr\u0105dzikowa\",\"krem z filtrem\",\"nawil\u017canie cery tr\u0105dzikowej\",\"niedoskona\u0142o\u015bci\",\"peeling enzymatyczny\",\"piel\u0119gnacja cery tr\u0105dzikowej latem\",\"piel\u0119gnacja profesjonalna\",\"piel\u0119gnacja twarzy\",\"sebo care\",\"skuteczne z\u0142uszczanie\",\"SPF\",\"wp\u0142yw s\u0142o\u0144ca na tr\u0105dzik\",\"zask\u00f3rniki\"],\"articleSection\":[\"Ilona Kiraga\",\"Piel\u0119gnacja i kosmetyki\"],\"inLanguage\":\"pl-PL\",\"potentialAction\":[{\"@type\":\"CommentAction\",\"name\":\"Comment\",\"target\":[\"https:\/\/www.bandi.pl\/blog\/jak-latem-dbac-o-cere-tradzikowa\/#respond\"]}]},{\"@type\":\"WebPage\",\"@id\":\"https:\/\/www.bandi.pl\/blog\/jak-latem-dbac-o-cere-tradzikowa\/\",\"url\":\"https:\/\/www.bandi.pl\/blog\/jak-latem-dbac-o-cere-tradzikowa\/\",\"name\":\"Jak latem dba\u0107 o cer\u0119 tr\u0105dzikowa? &#187; Blog BANDI\",\"isPartOf\":{\"@id\":\"https:\/\/www.bandi.pl\/blog\/#website\"},\"primaryImageOfPage\":{\"@id\":\"https:\/\/www.bandi.pl\/blog\/jak-latem-dbac-o-cere-tradzikowa\/#primaryimage\"},\"image\":{\"@id\":\"https:\/\/www.bandi.pl\/blog\/jak-latem-dbac-o-cere-tradzikowa\/#primaryimage\"},\"thumbnailUrl\":\"https:\/\/www.bandi.pl\/blog\/wp-content\/uploads\/2021\/06\/Projekt-bez-tytu\u0142u124.png\",\"datePublished\":\"2021-07-06T09:00:00+00:00\",\"description\":\"Piel\u0119gnacja cery tr\u0105dzikowej nie nale\u017cy do \u0142atwych. Jak zatem dba\u0107 o tak\u0105 sk\u00f3r\u0119 w okresie lata? Jakie kosmetyki warto stosowa\u0107?\",\"breadcrumb\":{\"@id\":\"https:\/\/www.bandi.pl\/blog\/jak-latem-dbac-o-cere-tradzikowa\/#breadcrumb\"},\"inLanguage\":\"pl-PL\",\"potentialAction\":[{\"@type\":\"ReadAction\",\"target\":[\"https:\/\/www.bandi.pl\/blog\/jak-latem-dbac-o-cere-tradzikowa\/\"]}]},{\"@type\":\"ImageObject\",\"inLanguage\":\"pl-PL\",\"@id\":\"https:\/\/www.bandi.pl\/blog\/jak-latem-dbac-o-cere-tradzikowa\/#primaryimage\",\"url\":\"https:\/\/www.bandi.pl\/blog\/wp-content\/uploads\/2021\/06\/Projekt-bez-tytu\u0142u124.png\",\"contentUrl\":\"https:\/\/www.bandi.pl\/blog\/wp-content\/uploads\/2021\/06\/Projekt-bez-tytu\u0142u124.png\",\"width\":1747,\"height\":1240,\"caption\":\"Tr\u0105dzik\"},{\"@type\":\"BreadcrumbList\",\"@id\":\"https:\/\/www.bandi.pl\/blog\/jak-latem-dbac-o-cere-tradzikowa\/#breadcrumb\",\"itemListElement\":[{\"@type\":\"ListItem\",\"position\":1,\"name\":\"BANDI\",\"item\":\"https:\/\/www.bandi.pl\/blog\/\"},{\"@type\":\"ListItem\",\"position\":2,\"name\":\"Jak latem dba\u0107 o cer\u0119 tr\u0105dzikowa?\"}]},{\"@type\":\"WebSite\",\"@id\":\"https:\/\/www.bandi.pl\/blog\/#website\",\"url\":\"https:\/\/www.bandi.pl\/blog\/\",\"name\":\"Blog BANDI\",\"description\":\"Czarno na bia\u0142ym o kosmetykach\",\"publisher\":{\"@id\":\"https:\/\/www.bandi.pl\/blog\/#organization\"},\"potentialAction\":[{\"@type\":\"SearchAction\",\"target\":{\"@type\":\"EntryPoint\",\"urlTemplate\":\"https:\/\/www.bandi.pl\/blog\/?s={search_term_string}\"},\"query-input\":{\"@type\":\"PropertyValueSpecification\",\"valueRequired\":true,\"valueName\":\"search_term_string\"}}],\"inLanguage\":\"pl-PL\"},{\"@type\":\"Organization\",\"@id\":\"https:\/\/www.bandi.pl\/blog\/#organization\",\"name\":\"BANDI\",\"url\":\"https:\/\/www.bandi.pl\/blog\/\",\"logo\":{\"@type\":\"ImageObject\",\"inLanguage\":\"pl-PL\",\"@id\":\"https:\/\/www.bandi.pl\/blog\/#\/schema\/logo\/image\/\",\"url\":\"https:\/\/www.bandi.pl\/blog\/wp-content\/uploads\/2019\/06\/bandi-logo.png\",\"contentUrl\":\"https:\/\/www.bandi.pl\/blog\/wp-content\/uploads\/2019\/06\/bandi-logo.png\",\"width\":264,\"height\":111,\"caption\":\"BANDI\"},\"image\":{\"@id\":\"https:\/\/www.bandi.pl\/blog\/#\/schema\/logo\/image\/\"},\"sameAs\":[\"https:\/\/web.facebook.com\/BANDIcosmetics\",\"https:\/\/x.com\/bandi_cosmetics\",\"https:\/\/www.instagram.com\/bandi_cosmetics\/\",\"https:\/\/www.pinterest.com\/bandicosmetics\/\",\"https:\/\/www.youtube.com\/user\/BandiCosmeticsPolska\"]},{\"@type\":\"Person\",\"@id\":\"https:\/\/www.bandi.pl\/blog\/#\/schema\/person\/5ba05af1a18c58f1c31d4ae051ec9499\",\"name\":\"Ilona Kiraga\"}]}<\/script>\n<!-- \/ Yoast SEO plugin. -->","yoast_head_json":{"title":"Jak latem dba\u0107 o cer\u0119 tr\u0105dzikowa? &#187; Blog BANDI","description":"Piel\u0119gnacja cery tr\u0105dzikowej nie nale\u017cy do \u0142atwych. Jak zatem dba\u0107 o tak\u0105 sk\u00f3r\u0119 w okresie lata? Jakie kosmetyki warto stosowa\u0107?","robots":{"index":"index","follow":"follow","max-snippet":"max-snippet:-1","max-image-preview":"max-image-preview:large","max-video-preview":"max-video-preview:-1"},"canonical":"https:\/\/www.bandi.pl\/blog\/jak-latem-dbac-o-cere-tradzikowa\/","og_locale":"pl_PL","og_type":"article","og_title":"Jak latem dba\u0107 o cer\u0119 tr\u0105dzikowa? &#187; Blog BANDI","og_description":"Piel\u0119gnacja cery tr\u0105dzikowej nie nale\u017cy do \u0142atwych. Jak zatem dba\u0107 o tak\u0105 sk\u00f3r\u0119 w okresie lata? Jakie kosmetyki warto stosowa\u0107?","og_url":"https:\/\/www.bandi.pl\/blog\/jak-latem-dbac-o-cere-tradzikowa\/","og_site_name":"Blog BANDI","article_publisher":"https:\/\/web.facebook.com\/BANDIcosmetics","article_published_time":"2021-07-06T09:00:00+00:00","og_image":[{"width":1747,"height":1240,"url":"https:\/\/www.bandi.pl\/blog\/wp-content\/uploads\/2021\/06\/Projekt-bez-tytu\u0142u124.png","type":"image\/png"}],"author":"Ilona Kiraga","twitter_card":"summary_large_image","twitter_creator":"@bandi_cosmetics","twitter_site":"@bandi_cosmetics","twitter_misc":{"Napisane przez":"Ilona Kiraga","Szacowany czas czytania":"5 minut"},"schema":{"@context":"https:\/\/schema.org","@graph":[{"@type":"Article","@id":"https:\/\/www.bandi.pl\/blog\/jak-latem-dbac-o-cere-tradzikowa\/#article","isPartOf":{"@id":"https:\/\/www.bandi.pl\/blog\/jak-latem-dbac-o-cere-tradzikowa\/"},"author":{"name":"Ilona Kiraga","@id":"https:\/\/www.bandi.pl\/blog\/#\/schema\/person\/5ba05af1a18c58f1c31d4ae051ec9499"},"headline":"Jak latem dba\u0107 o cer\u0119 tr\u0105dzikowa?","datePublished":"2021-07-06T09:00:00+00:00","mainEntityOfPage":{"@id":"https:\/\/www.bandi.pl\/blog\/jak-latem-dbac-o-cere-tradzikowa\/"},"wordCount":922,"commentCount":2,"publisher":{"@id":"https:\/\/www.bandi.pl\/blog\/#organization"},"image":{"@id":"https:\/\/www.bandi.pl\/blog\/jak-latem-dbac-o-cere-tradzikowa\/#primaryimage"},"thumbnailUrl":"https:\/\/www.bandi.pl\/blog\/wp-content\/uploads\/2021\/06\/Projekt-bez-tytu\u0142u124.png","keywords":["alternatywa dla kwas\u00f3w","Bandi","bezpieczne z\u0142uszczanie","cera problematyczna","cera tr\u0105dzikowa","krem z filtrem","nawil\u017canie cery tr\u0105dzikowej","niedoskona\u0142o\u015bci","peeling enzymatyczny","piel\u0119gnacja cery tr\u0105dzikowej latem","piel\u0119gnacja profesjonalna","piel\u0119gnacja twarzy","sebo care","skuteczne z\u0142uszczanie","SPF","wp\u0142yw s\u0142o\u0144ca na tr\u0105dzik","zask\u00f3rniki"],"articleSection":["Ilona Kiraga","Piel\u0119gnacja i kosmetyki"],"inLanguage":"pl-PL","potentialAction":[{"@type":"CommentAction","name":"Comment","target":["https:\/\/www.bandi.pl\/blog\/jak-latem-dbac-o-cere-tradzikowa\/#respond"]}]},{"@type":"WebPage","@id":"https:\/\/www.bandi.pl\/blog\/jak-latem-dbac-o-cere-tradzikowa\/","url":"https:\/\/www.bandi.pl\/blog\/jak-latem-dbac-o-cere-tradzikowa\/","name":"Jak latem dba\u0107 o cer\u0119 tr\u0105dzikowa? &#187; Blog BANDI","isPartOf":{"@id":"https:\/\/www.bandi.pl\/blog\/#website"},"primaryImageOfPage":{"@id":"https:\/\/www.bandi.pl\/blog\/jak-latem-dbac-o-cere-tradzikowa\/#primaryimage"},"image":{"@id":"https:\/\/www.bandi.pl\/blog\/jak-latem-dbac-o-cere-tradzikowa\/#primaryimage"},"thumbnailUrl":"https:\/\/www.bandi.pl\/blog\/wp-content\/uploads\/2021\/06\/Projekt-bez-tytu\u0142u124.png","datePublished":"2021-07-06T09:00:00+00:00","description":"Piel\u0119gnacja cery tr\u0105dzikowej nie nale\u017cy do \u0142atwych. Jak zatem dba\u0107 o tak\u0105 sk\u00f3r\u0119 w okresie lata? Jakie kosmetyki warto stosowa\u0107?","breadcrumb":{"@id":"https:\/\/www.bandi.pl\/blog\/jak-latem-dbac-o-cere-tradzikowa\/#breadcrumb"},"inLanguage":"pl-PL","potentialAction":[{"@type":"ReadAction","target":["https:\/\/www.bandi.pl\/blog\/jak-latem-dbac-o-cere-tradzikowa\/"]}]},{"@type":"ImageObject","inLanguage":"pl-PL","@id":"https:\/\/www.bandi.pl\/blog\/jak-latem-dbac-o-cere-tradzikowa\/#primaryimage","url":"https:\/\/www.bandi.pl\/blog\/wp-content\/uploads\/2021\/06\/Projekt-bez-tytu\u0142u124.png","contentUrl":"https:\/\/www.bandi.pl\/blog\/wp-content\/uploads\/2021\/06\/Projekt-bez-tytu\u0142u124.png","width":1747,"height":1240,"caption":"Tr\u0105dzik"},{"@type":"BreadcrumbList","@id":"https:\/\/www.bandi.pl\/blog\/jak-latem-dbac-o-cere-tradzikowa\/#breadcrumb","itemListElement":[{"@type":"ListItem","position":1,"name":"BANDI","item":"https:\/\/www.bandi.pl\/blog\/"},{"@type":"ListItem","position":2,"name":"Jak latem dba\u0107 o cer\u0119 tr\u0105dzikowa?"}]},{"@type":"WebSite","@id":"https:\/\/www.bandi.pl\/blog\/#website","url":"https:\/\/www.bandi.pl\/blog\/","name":"Blog BANDI","description":"Czarno na bia\u0142ym o kosmetykach","publisher":{"@id":"https:\/\/www.bandi.pl\/blog\/#organization"},"potentialAction":[{"@type":"SearchAction","target":{"@type":"EntryPoint","urlTemplate":"https:\/\/www.bandi.pl\/blog\/?s={search_term_string}"},"query-input":{"@type":"PropertyValueSpecification","valueRequired":true,"valueName":"search_term_string"}}],"inLanguage":"pl-PL"},{"@type":"Organization","@id":"https:\/\/www.bandi.pl\/blog\/#organization","name":"BANDI","url":"https:\/\/www.bandi.pl\/blog\/","logo":{"@type":"ImageObject","inLanguage":"pl-PL","@id":"https:\/\/www.bandi.pl\/blog\/#\/schema\/logo\/image\/","url":"https:\/\/www.bandi.pl\/blog\/wp-content\/uploads\/2019\/06\/bandi-logo.png","contentUrl":"https:\/\/www.bandi.pl\/blog\/wp-content\/uploads\/2019\/06\/bandi-logo.png","width":264,"height":111,"caption":"BANDI"},"image":{"@id":"https:\/\/www.bandi.pl\/blog\/#\/schema\/logo\/image\/"},"sameAs":["https:\/\/web.facebook.com\/BANDIcosmetics","https:\/\/x.com\/bandi_cosmetics","https:\/\/www.instagram.com\/bandi_cosmetics\/","https:\/\/www.pinterest.com\/bandicosmetics\/","https:\/\/www.youtube.com\/user\/BandiCosmeticsPolska"]},{"@type":"Person","@id":"https:\/\/www.bandi.pl\/blog\/#\/schema\/person\/5ba05af1a18c58f1c31d4ae051ec9499","name":"Ilona Kiraga"}]}},"_links":{"self":[{"href":"https:\/\/www.bandi.pl\/blog\/wp-json\/wp\/v2\/posts\/12098","targetHints":{"allow":["GET"]}}],"collection":[{"href":"https:\/\/www.bandi.pl\/blog\/wp-json\/wp\/v2\/posts"}],"about":[{"href":"https:\/\/www.bandi.pl\/blog\/wp-json\/wp\/v2\/types\/post"}],"author":[{"embeddable":true,"href":"https:\/\/www.bandi.pl\/blog\/wp-json\/wp\/v2\/users\/13"}],"replies":[{"embeddable":true,"href":"https:\/\/www.bandi.pl\/blog\/wp-json\/wp\/v2\/comments?post=12098"}],"version-history":[{"count":6,"href":"https:\/\/www.bandi.pl\/blog\/wp-json\/wp\/v2\/posts\/12098\/revisions"}],"predecessor-version":[{"id":12113,"href":"https:\/\/www.bandi.pl\/blog\/wp-json\/wp\/v2\/posts\/12098\/revisions\/12113"}],"wp:featuredmedia":[{"embeddable":true,"href":"https:\/\/www.bandi.pl\/blog\/wp-json\/wp\/v2\/media\/12102"}],"wp:attachment":[{"href":"https:\/\/www.bandi.pl\/blog\/wp-json\/wp\/v2\/media?parent=12098"}],"wp:term":[{"taxonomy":"category","embeddable":true,"href":"https:\/\/www.bandi.pl\/blog\/wp-json\/wp\/v2\/categories?post=12098"},{"taxonomy":"post_tag","embeddable":true,"href":"https:\/\/www.bandi.pl\/blog\/wp-json\/wp\/v2\/tags?post=12098"}],"curies":[{"name":"wp","href":"https:\/\/api.w.org\/{rel}","templated":true}]}}