{"id":11828,"date":"2021-05-25T09:51:59","date_gmt":"2021-05-25T07:51:59","guid":{"rendered":"https:\/\/www.bandi.pl\/blog\/?p=11828"},"modified":"2026-01-28T15:35:02","modified_gmt":"2026-01-28T14:35:02","slug":"skora-wiosna-pielegnacyjny-must-have","status":"publish","type":"post","link":"https:\/\/www.bandi.pl\/blog\/skora-wiosna-pielegnacyjny-must-have\/","title":{"rendered":"Sk\u00f3ra wiosn\u0105 &#8211; piel\u0119gnacyjny must have"},"content":{"rendered":"\n<p>Zanim zaczniesz wprowadza\u0107 zmiany w piel\u0119gnacji sk\u00f3ry twarzy na wiosn\u0119, zastan\u00f3w si\u0119 jak wygl\u0105da\u0142a ona w zimie oraz na jakie czynniki by\u0142a nara\u017cona. Brak ochrony przed mrozem, \u015bniegiem, wiatrem, ma\u0142a aktywno\u015b\u0107 na \u015bwie\u017cym powietrzu, suche powietrze w pomieszczeniach, dieta ubo\u017csza w warzywa i owoce oraz przekonanie, \u017ce nie musimy w zimie stosowa\u0107 krem\u00f3w z filtrem sprawia, \u017ce sk\u00f3ra staje si\u0119 szara, sucha, podra\u017cniona i wygl\u0105da na zm\u0119czon\u0105. Sk\u00f3ra przez ca\u0142y rok wymaga odpowiedniej piel\u0119gnacji dopasowanej do naszych indywidualnych potrzeb. Jednak\u017ce w okresie wiosennym potrzebuje ona szczeg\u00f3lnej uwagi, aby odzyska\u0107 sw\u00f3j blask oraz zregenerowa\u0107 si\u0119 po zimie. <\/p>\n\n\n\n<p>Prawid\u0142owa piel\u0119gnacja sk\u00f3ry, nie tylko wiosn\u0105, powinna opiera\u0107 si\u0119 na :<\/p>\n\n\n\n<ul class=\"wp-block-list\">\n<li>dok\u0142adnym i delikatnym oczyszczaniu,<\/li>\n\n\n\n<li>regularnym z\u0142uszczaniu martwych kom\u00f3rek nask\u00f3rka,<\/li>\n\n\n\n<li>nawil\u017caniu &#8211; bez wzgl\u0119du na rodzaj sk\u00f3ry i wiek,<\/li>\n\n\n\n<li>fotoprotekcji &#8211; ochronie przed promieniowaniem UV,<\/li>\n\n\n\n<li>antyoksydacji &#8211; ochronie przed dzia\u0142aniem wolnych rodnik\u00f3w. <\/li>\n<\/ul>\n\n\n\n<p>Pami\u0119tajcie, \u017ce piel\u0119gnacja przyniesie najlepsze efekty w po\u0142\u0105czeniu ze zdrowym trybem \u017cycia, piciem odpowiedniej ilo\u015bci wody, urozmaicon\u0105 diet\u0105 oraz aktywno\u015bci\u0105 fizyczn\u0105. <\/p>\n\n\n\n<p>Jeste\u015bcie ciekawi jakie s\u0105 moje must have piel\u0119gnacji wiosennej od Bandi? Oto one :<\/p>\n\n\n\n<figure class=\"wp-block-image aligncenter size-large\"><a href=\"https:\/\/www.bandi.pl\/\"><img loading=\"lazy\" decoding=\"async\" width=\"410\" height=\"500\" src=\"https:\/\/www.bandi.pl\/blog\/wp-content\/uploads\/2021\/05\/BANDI-notatki.kosmetologa-1-003-410x500.jpg\" alt=\"Sk\u00f3ra wiosn\u0105 - piel\u0119gnacja\" class=\"wp-image-11829\"\/><\/a><figcaption class=\"wp-element-caption\">Processed with VSCO with  preset<\/figcaption><\/figure>\n\n\n\n<h4 class=\"wp-block-heading\" id=\"h-bio-esencja-naprawcza\">Bio-esencja naprawcza<\/h4>\n\n\n\n<p>To pierwszy aktywny krok po oczyszczaniu. Jej lekka, wodno-\u017celowa konsystencja oraz wyselekcjonowane sk\u0142adniki aktywne sprawiaj\u0105, \u017ce jest to produkt odpowiedni dla ka\u017cdego typu cery. <a href=\"https:\/\/www.bandi.pl\/sklep\/serum\/bio-esencja-naprawcza-655\/\">Esencja<\/a> bardzo dobrze kondycjonuje sk\u00f3r\u0119, wycisza drobne niedoskona\u0142o\u015bci, sprawia, \u017ce sk\u00f3ra jest ukojona i nawil\u017cona. W sk\u0142adzie znajdziecie m.in. algi brunatne, aloes zwyczajny, bioferment z bambusa, pmf &#8211; faktor ochrony nawil\u017cenia oraz witamin\u0119 B3 (niacynamid).<\/p>\n\n\n\n<h4 class=\"wp-block-heading\" id=\"h-koncentrat-nawil-aj-cy-z-kwasem-hialuronowym\">Koncentrat nawil\u017caj\u0105cy z kwasem hialuronowym<\/h4>\n\n\n\n<p>To bezt\u0142uszczowe <a href=\"https:\/\/www.bandi.pl\/sklep\/koncentraty\/koncentrat-nawilzajacy-z-kwasem-hialuronowym-699\/\">serum<\/a> skupiaj\u0105ce si\u0119 na dzia\u0142aniu kwasu hialuronowego, o bardzo prostym i kr\u00f3tkim sk\u0142adzie. Sprawdzi si\u0119 idealnie w piel\u0119gnacji wieczornej jak r\u00f3wnie\u017c w dziennej np. pod kremy z filtrem. To dodatkowy zastrzyk nawil\u017cenia w piel\u0119gnacji cery. Wyra\u017anie poprawia nawil\u017cenie, daje efekt wyg\u0142adzenia oraz zmniejsza pierwsze, drobne zmarszczki.<\/p>\n\n\n\n<h4 class=\"wp-block-heading\" id=\"h-peeling-kwasowy-silnie-nawil-aj-cy\">Peeling kwasowy silnie nawil\u017caj\u0105cy<\/h4>\n\n\n\n<p><a href=\"https:\/\/www.bandi.pl\/sklep\/peelingi\/peeling-kwasowy-silnie-nawilzajacy-645\/\">Peeling<\/a> przeznaczony jest do ka\u017cdego typu cery zmagaj\u0105cej si\u0119 z przesuszeniem. To dlatego, \u017ce w sk\u0142adzie zawiera mocznik, kt\u00f3ry doskonale nawil\u017ca i wyg\u0142adza nask\u00f3rek oraz kwas mlekowy, kt\u00f3ry dzia\u0142a lekko z\u0142uszczaj\u0105co. Produkt mo\u017cecie zastosowa\u0107 w piel\u0119gnacji wieczornej solo 2-3 razy w tygodniu lub w po\u0142\u0105czeniu z innym produktem z linii <a href=\"https:\/\/www.bandi.pl\/sklep\/katalog\/seria\/74_medical-anti-dry\/\">anti dry<\/a> &#8211; dla uzyskania silniejszych rezultat\u00f3w.  Dzi\u0119ki zastosowaniu tego peelingu utrzymujemy wysoki poziom nawil\u017cenia sk\u00f3ry.<\/p>\n\n\n\n<h4 class=\"wp-block-heading\" id=\"h-peptydowy-krem-odm-adzaj-cy-pod-oczy\">Peptydowy krem odm\u0142adzaj\u0105cy pod oczy<\/h4>\n\n\n\n<p><a href=\"https:\/\/www.bandi.pl\/sklep\/kremy\/peptydowy-krem-odmladzajacy-pod-oczy-878\/\">Krem<\/a> dla os\u00f3b borykaj\u0105cych si\u0119 z przesuszeniem i zmarszczkami w okolicach oczu. Jego dzia\u0142anie opiera si\u0119 na peptydach, kt\u00f3re pobudzaj\u0105 produkcj\u0119 kolagenu w sk\u00f3rze. Z\u0142oto zawarte w kremie wykazuj\u0105ce silne w\u0142a\u015bciwo\u015bci rewitalizuj\u0105ce i poprawiaj\u0105ce wygl\u0105d sk\u00f3ry. Skwalan sprawia, \u017ce sk\u0142adniki maj\u0105 szans\u0119 przenikn\u0105\u0107 g\u0142\u0119biej, a olej abisy\u0144ski silnie zmi\u0119kcza i od\u017cywia sk\u00f3r\u0119. Wystarczy niewielka ilo\u015b\u0107 rano i wieczorem, a na pewno zobaczycie r\u00f3\u017cnic\u0119 w wygl\u0105dzie sk\u00f3ry.<\/p>\n\n\n\n<div class=\"wp-block-divi-layout\">[et_pb_section fb_built=&#8221;1&#8243; _builder_version=&#8221;4.4.1&#8243;][\/et_pb_section][et_pb_section fb_built=&#8221;1&#8243; _builder_version=&#8221;4.4.1&#8243; top_divider_style=&#8221;arrow&#8221; top_divider_color=&#8221;rgba(255,166,168,0.75)&#8221; top_divider_height=&#8221;1px&#8221; bottom_divider_style=&#8221;arrow&#8221; bottom_divider_color=&#8221;rgba(255,166,168,0.75)&#8221; bottom_divider_height=&#8221;1px&#8221;][et_pb_row column_structure=&#8221;1_2,1_2&#8243; _builder_version=&#8221;4.4.1&#8243; width=&#8221;100%&#8221; module_alignment=&#8221;left&#8221; custom_margin=&#8221;||||false|false&#8221;][et_pb_column type=&#8221;1_2&#8243; _builder_version=&#8221;4.4.1&#8243;][et_pb_text _builder_version=&#8221;4.4.1&#8243; text_font=&#8221;Raleway Bold||||||||&#8221; text_text_color=&#8221;rgba(255,166,168,0.75)&#8221; text_font_size=&#8221;56px&#8221; text_letter_spacing=&#8221;8px&#8221; text_line_height=&#8221;1.1em&#8221; custom_margin=&#8221;40px||||false|false&#8221;]<p style=\"text-align: center;\"><strong><span style=\"font-size: xx-large;\">BANDI COSMETICS<\/span><br><\/strong><\/p>\n<p style=\"text-align: center;\"><strong><\/strong><\/p>[\/et_pb_text][et_pb_text _builder_version=&#8221;4.4.1&#8243; text_font=&#8221;Raleway Regular||||||||&#8221; text_text_color=&#8221;#b8b8b8&#8243; text_font_size=&#8221;22px&#8221; text_line_height=&#8221;1.5em&#8221; link_option_url=&#8221;https:\/\/www.bandi.pl\/sklep\/sekcja\/polecamy\/&#8221;]<p style=\"text-align: center\">Must have wiosennej piel\u0119gnacji<\/p>[\/et_pb_text][et_pb_button button_url=&#8221;https:\/\/www.bandi.pl\/sklep\/sekcja\/polecamy\/&#8221; button_text=&#8221;ZOBACZ&#8221; button_alignment=&#8221;center&#8221; disabled_on=&#8221;off|off|off&#8221; _builder_version=&#8221;4.4.1&#8243; custom_button=&#8221;on&#8221; button_text_size=&#8221;20px&#8221; button_text_color=&#8221;#ffffff&#8221; button_border_radius=&#8221;25px&#8221; button_font=&#8221;Bree Serif||||||||&#8221; background_layout=&#8221;dark&#8221; custom_padding=&#8221;12px|30px|12px|30px|true|true&#8221; hover_transition_duration=&#8221;0ms&#8221; box_shadow_style=&#8221;preset3&#8243;][\/et_pb_button][\/et_pb_column][et_pb_column type=&#8221;1_2&#8243; _builder_version=&#8221;4.4.1&#8243;][et_pb_image src=&#8221;https:\/\/www.bandi.pl\/blog\/wp-content\/uploads\/2021\/05\/MG_0011-scaled.jpg&#8221; url=&#8221;https:\/\/www.bandi.pl\/sklep\/sekcja\/polecamy\/&#8221; align=&#8221;center&#8221; _builder_version=&#8221;4.4.1&#8243;][\/et_pb_image][\/et_pb_column][\/et_pb_row][\/et_pb_section]<\/div>\n","protected":false},"excerpt":{"rendered":"<p>Zanim zaczniesz wprowadza\u0107 zmiany w piel\u0119gnacji sk\u00f3ry twarzy na wiosn\u0119, zastan\u00f3w si\u0119 jak wygl\u0105da\u0142a ona w zimie oraz na jakie czynniki by\u0142a nara\u017cona. Brak ochrony przed mrozem, \u015bniegiem, wiatrem, ma\u0142a aktywno\u015b\u0107 na \u015bwie\u017cym powietrzu, suche powietrze w pomieszczeniach, dieta ubo\u017csza w warzywa i owoce oraz przekonanie, \u017ce nie musimy w zimie stosowa\u0107 krem\u00f3w z filtrem [&hellip;]<\/p>\n","protected":false},"author":13,"featured_media":11878,"comment_status":"open","ping_status":"closed","sticky":false,"template":"","format":"standard","meta":{"_et_pb_use_builder":"","_et_pb_old_content":"","_et_gb_content_width":"","footnotes":""},"categories":[6312,2018],"tags":[3445,6313,6032,4491,58,42,91,59,4834,4336,5968,4840,2909,6033,4230,3881,6011],"class_list":["post-11828","post","type-post","status-publish","format-standard","has-post-thumbnail","hentry","category-kinga-zabinska","category-kategoria-vloger-poleca","tag-bandi","tag-bio-esencja-naprawcza","tag-booster","tag-koncentrat-nawilzajacy","tag-kwas-hialuronowy","tag-kwas-mlekowy","tag-mocznik","tag-nawilzanie","tag-niacynamid","tag-odmladzajacy-krem-pod-oczy","tag-peeling-kwasowy","tag-peptydowy-krem-pod-oczy","tag-peptydy","tag-pielegnacja-aktywna","tag-pielegnacja-profesjonalna","tag-pielegnacja-skory","tag-wiosenna-pielegnacja"],"yoast_head":"<!-- This site is optimized with the Yoast SEO plugin v27.1.1 - https:\/\/yoast.com\/product\/yoast-seo-wordpress\/ -->\n<title>Sk\u00f3ra wiosn\u0105 - piel\u0119gnacyjny must have &#187; Blog BANDI<\/title>\n<meta name=\"description\" content=\"Jakiej piel\u0119gnacji potrzebuje sk\u00f3ra wiosn\u0105? Jakie kosmetyki to must have wiosennej piel\u0119gnacji? Podpowiada kosmetolog Kinga \u017babi\u0144ska.\" \/>\n<meta name=\"robots\" content=\"index, follow, max-snippet:-1, max-image-preview:large, max-video-preview:-1\" \/>\n<link rel=\"canonical\" href=\"https:\/\/www.bandi.pl\/blog\/skora-wiosna-pielegnacyjny-must-have\/\" \/>\n<meta property=\"og:locale\" content=\"pl_PL\" \/>\n<meta property=\"og:type\" content=\"article\" \/>\n<meta property=\"og:title\" content=\"Sk\u00f3ra wiosn\u0105 - piel\u0119gnacyjny must have &#187; Blog BANDI\" \/>\n<meta property=\"og:description\" content=\"Jakiej piel\u0119gnacji potrzebuje sk\u00f3ra wiosn\u0105? Jakie kosmetyki to must have wiosennej piel\u0119gnacji? Podpowiada kosmetolog Kinga \u017babi\u0144ska.\" \/>\n<meta property=\"og:url\" content=\"https:\/\/www.bandi.pl\/blog\/skora-wiosna-pielegnacyjny-must-have\/\" \/>\n<meta property=\"og:site_name\" content=\"Blog BANDI\" \/>\n<meta property=\"article:publisher\" content=\"https:\/\/web.facebook.com\/BANDIcosmetics\" \/>\n<meta property=\"article:published_time\" content=\"2021-05-25T07:51:59+00:00\" \/>\n<meta property=\"article:modified_time\" content=\"2026-01-28T14:35:02+00:00\" \/>\n<meta property=\"og:image\" content=\"https:\/\/www.bandi.pl\/blog\/wp-content\/uploads\/2021\/05\/Projekt-bez-tytu\u0142u98.png\" \/>\n\t<meta property=\"og:image:width\" content=\"1747\" \/>\n\t<meta property=\"og:image:height\" content=\"1240\" \/>\n\t<meta property=\"og:image:type\" content=\"image\/png\" \/>\n<meta name=\"author\" content=\"Ilona Kiraga\" \/>\n<meta name=\"twitter:card\" content=\"summary_large_image\" \/>\n<meta name=\"twitter:creator\" content=\"@bandi_cosmetics\" \/>\n<meta name=\"twitter:site\" content=\"@bandi_cosmetics\" \/>\n<meta name=\"twitter:label1\" content=\"Napisane przez\" \/>\n\t<meta name=\"twitter:data1\" content=\"Ilona Kiraga\" \/>\n\t<meta name=\"twitter:label2\" content=\"Szacowany czas czytania\" \/>\n\t<meta name=\"twitter:data2\" content=\"4 minuty\" \/>\n<script type=\"application\/ld+json\" class=\"yoast-schema-graph\">{\"@context\":\"https:\/\/schema.org\",\"@graph\":[{\"@type\":\"Article\",\"@id\":\"https:\/\/www.bandi.pl\/blog\/skora-wiosna-pielegnacyjny-must-have\/#article\",\"isPartOf\":{\"@id\":\"https:\/\/www.bandi.pl\/blog\/skora-wiosna-pielegnacyjny-must-have\/\"},\"author\":{\"name\":\"Ilona Kiraga\",\"@id\":\"https:\/\/www.bandi.pl\/blog\/#\/schema\/person\/5ba05af1a18c58f1c31d4ae051ec9499\"},\"headline\":\"Sk\u00f3ra wiosn\u0105 &#8211; piel\u0119gnacyjny must have\",\"datePublished\":\"2021-05-25T07:51:59+00:00\",\"dateModified\":\"2026-01-28T14:35:02+00:00\",\"mainEntityOfPage\":{\"@id\":\"https:\/\/www.bandi.pl\/blog\/skora-wiosna-pielegnacyjny-must-have\/\"},\"wordCount\":800,\"commentCount\":0,\"publisher\":{\"@id\":\"https:\/\/www.bandi.pl\/blog\/#organization\"},\"image\":{\"@id\":\"https:\/\/www.bandi.pl\/blog\/skora-wiosna-pielegnacyjny-must-have\/#primaryimage\"},\"thumbnailUrl\":\"https:\/\/www.bandi.pl\/blog\/wp-content\/uploads\/2021\/05\/Projekt-bez-tytu\u0142u98.png\",\"keywords\":[\"Bandi\",\"bio-esencja naprawcza\",\"booster\",\"koncentrat nawil\u017caj\u0105cy\",\"kwas hialuronowy\",\"kwas mlekowy\",\"mocznik\",\"nawil\u017canie\",\"niacynamid\",\"odm\u0142adzaj\u0105cy krem pod oczy\",\"peeling kwasowy\",\"peptydowy krem pod oczy\",\"peptydy\",\"piel\u0119gnacja aktywna\",\"piel\u0119gnacja profesjonalna\",\"piel\u0119gnacja sk\u00f3ry\",\"wiosenna piel\u0119gnacja\"],\"articleSection\":[\"Kinga \u017babi\u0144ska\",\"Vloger poleca\"],\"inLanguage\":\"pl-PL\",\"potentialAction\":[{\"@type\":\"CommentAction\",\"name\":\"Comment\",\"target\":[\"https:\/\/www.bandi.pl\/blog\/skora-wiosna-pielegnacyjny-must-have\/#respond\"]}]},{\"@type\":\"WebPage\",\"@id\":\"https:\/\/www.bandi.pl\/blog\/skora-wiosna-pielegnacyjny-must-have\/\",\"url\":\"https:\/\/www.bandi.pl\/blog\/skora-wiosna-pielegnacyjny-must-have\/\",\"name\":\"Sk\u00f3ra wiosn\u0105 - piel\u0119gnacyjny must have &#187; Blog BANDI\",\"isPartOf\":{\"@id\":\"https:\/\/www.bandi.pl\/blog\/#website\"},\"primaryImageOfPage\":{\"@id\":\"https:\/\/www.bandi.pl\/blog\/skora-wiosna-pielegnacyjny-must-have\/#primaryimage\"},\"image\":{\"@id\":\"https:\/\/www.bandi.pl\/blog\/skora-wiosna-pielegnacyjny-must-have\/#primaryimage\"},\"thumbnailUrl\":\"https:\/\/www.bandi.pl\/blog\/wp-content\/uploads\/2021\/05\/Projekt-bez-tytu\u0142u98.png\",\"datePublished\":\"2021-05-25T07:51:59+00:00\",\"dateModified\":\"2026-01-28T14:35:02+00:00\",\"description\":\"Jakiej piel\u0119gnacji potrzebuje sk\u00f3ra wiosn\u0105? Jakie kosmetyki to must have wiosennej piel\u0119gnacji? Podpowiada kosmetolog Kinga \u017babi\u0144ska.\",\"breadcrumb\":{\"@id\":\"https:\/\/www.bandi.pl\/blog\/skora-wiosna-pielegnacyjny-must-have\/#breadcrumb\"},\"inLanguage\":\"pl-PL\",\"potentialAction\":[{\"@type\":\"ReadAction\",\"target\":[\"https:\/\/www.bandi.pl\/blog\/skora-wiosna-pielegnacyjny-must-have\/\"]}]},{\"@type\":\"ImageObject\",\"inLanguage\":\"pl-PL\",\"@id\":\"https:\/\/www.bandi.pl\/blog\/skora-wiosna-pielegnacyjny-must-have\/#primaryimage\",\"url\":\"https:\/\/www.bandi.pl\/blog\/wp-content\/uploads\/2021\/05\/Projekt-bez-tytu\u0142u98.png\",\"contentUrl\":\"https:\/\/www.bandi.pl\/blog\/wp-content\/uploads\/2021\/05\/Projekt-bez-tytu\u0142u98.png\",\"width\":1747,\"height\":1240},{\"@type\":\"BreadcrumbList\",\"@id\":\"https:\/\/www.bandi.pl\/blog\/skora-wiosna-pielegnacyjny-must-have\/#breadcrumb\",\"itemListElement\":[{\"@type\":\"ListItem\",\"position\":1,\"name\":\"BANDI\",\"item\":\"https:\/\/www.bandi.pl\/blog\/\"},{\"@type\":\"ListItem\",\"position\":2,\"name\":\"Sk\u00f3ra wiosn\u0105 &#8211; piel\u0119gnacyjny must have\"}]},{\"@type\":\"WebSite\",\"@id\":\"https:\/\/www.bandi.pl\/blog\/#website\",\"url\":\"https:\/\/www.bandi.pl\/blog\/\",\"name\":\"Blog BANDI\",\"description\":\"Czarno na bia\u0142ym o kosmetykach\",\"publisher\":{\"@id\":\"https:\/\/www.bandi.pl\/blog\/#organization\"},\"potentialAction\":[{\"@type\":\"SearchAction\",\"target\":{\"@type\":\"EntryPoint\",\"urlTemplate\":\"https:\/\/www.bandi.pl\/blog\/?s={search_term_string}\"},\"query-input\":{\"@type\":\"PropertyValueSpecification\",\"valueRequired\":true,\"valueName\":\"search_term_string\"}}],\"inLanguage\":\"pl-PL\"},{\"@type\":\"Organization\",\"@id\":\"https:\/\/www.bandi.pl\/blog\/#organization\",\"name\":\"BANDI\",\"url\":\"https:\/\/www.bandi.pl\/blog\/\",\"logo\":{\"@type\":\"ImageObject\",\"inLanguage\":\"pl-PL\",\"@id\":\"https:\/\/www.bandi.pl\/blog\/#\/schema\/logo\/image\/\",\"url\":\"https:\/\/www.bandi.pl\/blog\/wp-content\/uploads\/2019\/06\/bandi-logo.png\",\"contentUrl\":\"https:\/\/www.bandi.pl\/blog\/wp-content\/uploads\/2019\/06\/bandi-logo.png\",\"width\":264,\"height\":111,\"caption\":\"BANDI\"},\"image\":{\"@id\":\"https:\/\/www.bandi.pl\/blog\/#\/schema\/logo\/image\/\"},\"sameAs\":[\"https:\/\/web.facebook.com\/BANDIcosmetics\",\"https:\/\/x.com\/bandi_cosmetics\",\"https:\/\/www.instagram.com\/bandi_cosmetics\/\",\"https:\/\/www.pinterest.com\/bandicosmetics\/\",\"https:\/\/www.youtube.com\/user\/BandiCosmeticsPolska\"]},{\"@type\":\"Person\",\"@id\":\"https:\/\/www.bandi.pl\/blog\/#\/schema\/person\/5ba05af1a18c58f1c31d4ae051ec9499\",\"name\":\"Ilona Kiraga\"}]}<\/script>\n<!-- \/ Yoast SEO plugin. -->","yoast_head_json":{"title":"Sk\u00f3ra wiosn\u0105 - piel\u0119gnacyjny must have &#187; Blog BANDI","description":"Jakiej piel\u0119gnacji potrzebuje sk\u00f3ra wiosn\u0105? Jakie kosmetyki to must have wiosennej piel\u0119gnacji? Podpowiada kosmetolog Kinga \u017babi\u0144ska.","robots":{"index":"index","follow":"follow","max-snippet":"max-snippet:-1","max-image-preview":"max-image-preview:large","max-video-preview":"max-video-preview:-1"},"canonical":"https:\/\/www.bandi.pl\/blog\/skora-wiosna-pielegnacyjny-must-have\/","og_locale":"pl_PL","og_type":"article","og_title":"Sk\u00f3ra wiosn\u0105 - piel\u0119gnacyjny must have &#187; Blog BANDI","og_description":"Jakiej piel\u0119gnacji potrzebuje sk\u00f3ra wiosn\u0105? Jakie kosmetyki to must have wiosennej piel\u0119gnacji? Podpowiada kosmetolog Kinga \u017babi\u0144ska.","og_url":"https:\/\/www.bandi.pl\/blog\/skora-wiosna-pielegnacyjny-must-have\/","og_site_name":"Blog BANDI","article_publisher":"https:\/\/web.facebook.com\/BANDIcosmetics","article_published_time":"2021-05-25T07:51:59+00:00","article_modified_time":"2026-01-28T14:35:02+00:00","og_image":[{"width":1747,"height":1240,"url":"https:\/\/www.bandi.pl\/blog\/wp-content\/uploads\/2021\/05\/Projekt-bez-tytu\u0142u98.png","type":"image\/png"}],"author":"Ilona Kiraga","twitter_card":"summary_large_image","twitter_creator":"@bandi_cosmetics","twitter_site":"@bandi_cosmetics","twitter_misc":{"Napisane przez":"Ilona Kiraga","Szacowany czas czytania":"4 minuty"},"schema":{"@context":"https:\/\/schema.org","@graph":[{"@type":"Article","@id":"https:\/\/www.bandi.pl\/blog\/skora-wiosna-pielegnacyjny-must-have\/#article","isPartOf":{"@id":"https:\/\/www.bandi.pl\/blog\/skora-wiosna-pielegnacyjny-must-have\/"},"author":{"name":"Ilona Kiraga","@id":"https:\/\/www.bandi.pl\/blog\/#\/schema\/person\/5ba05af1a18c58f1c31d4ae051ec9499"},"headline":"Sk\u00f3ra wiosn\u0105 &#8211; piel\u0119gnacyjny must have","datePublished":"2021-05-25T07:51:59+00:00","dateModified":"2026-01-28T14:35:02+00:00","mainEntityOfPage":{"@id":"https:\/\/www.bandi.pl\/blog\/skora-wiosna-pielegnacyjny-must-have\/"},"wordCount":800,"commentCount":0,"publisher":{"@id":"https:\/\/www.bandi.pl\/blog\/#organization"},"image":{"@id":"https:\/\/www.bandi.pl\/blog\/skora-wiosna-pielegnacyjny-must-have\/#primaryimage"},"thumbnailUrl":"https:\/\/www.bandi.pl\/blog\/wp-content\/uploads\/2021\/05\/Projekt-bez-tytu\u0142u98.png","keywords":["Bandi","bio-esencja naprawcza","booster","koncentrat nawil\u017caj\u0105cy","kwas hialuronowy","kwas mlekowy","mocznik","nawil\u017canie","niacynamid","odm\u0142adzaj\u0105cy krem pod oczy","peeling kwasowy","peptydowy krem pod oczy","peptydy","piel\u0119gnacja aktywna","piel\u0119gnacja profesjonalna","piel\u0119gnacja sk\u00f3ry","wiosenna piel\u0119gnacja"],"articleSection":["Kinga \u017babi\u0144ska","Vloger poleca"],"inLanguage":"pl-PL","potentialAction":[{"@type":"CommentAction","name":"Comment","target":["https:\/\/www.bandi.pl\/blog\/skora-wiosna-pielegnacyjny-must-have\/#respond"]}]},{"@type":"WebPage","@id":"https:\/\/www.bandi.pl\/blog\/skora-wiosna-pielegnacyjny-must-have\/","url":"https:\/\/www.bandi.pl\/blog\/skora-wiosna-pielegnacyjny-must-have\/","name":"Sk\u00f3ra wiosn\u0105 - piel\u0119gnacyjny must have &#187; Blog BANDI","isPartOf":{"@id":"https:\/\/www.bandi.pl\/blog\/#website"},"primaryImageOfPage":{"@id":"https:\/\/www.bandi.pl\/blog\/skora-wiosna-pielegnacyjny-must-have\/#primaryimage"},"image":{"@id":"https:\/\/www.bandi.pl\/blog\/skora-wiosna-pielegnacyjny-must-have\/#primaryimage"},"thumbnailUrl":"https:\/\/www.bandi.pl\/blog\/wp-content\/uploads\/2021\/05\/Projekt-bez-tytu\u0142u98.png","datePublished":"2021-05-25T07:51:59+00:00","dateModified":"2026-01-28T14:35:02+00:00","description":"Jakiej piel\u0119gnacji potrzebuje sk\u00f3ra wiosn\u0105? Jakie kosmetyki to must have wiosennej piel\u0119gnacji? Podpowiada kosmetolog Kinga \u017babi\u0144ska.","breadcrumb":{"@id":"https:\/\/www.bandi.pl\/blog\/skora-wiosna-pielegnacyjny-must-have\/#breadcrumb"},"inLanguage":"pl-PL","potentialAction":[{"@type":"ReadAction","target":["https:\/\/www.bandi.pl\/blog\/skora-wiosna-pielegnacyjny-must-have\/"]}]},{"@type":"ImageObject","inLanguage":"pl-PL","@id":"https:\/\/www.bandi.pl\/blog\/skora-wiosna-pielegnacyjny-must-have\/#primaryimage","url":"https:\/\/www.bandi.pl\/blog\/wp-content\/uploads\/2021\/05\/Projekt-bez-tytu\u0142u98.png","contentUrl":"https:\/\/www.bandi.pl\/blog\/wp-content\/uploads\/2021\/05\/Projekt-bez-tytu\u0142u98.png","width":1747,"height":1240},{"@type":"BreadcrumbList","@id":"https:\/\/www.bandi.pl\/blog\/skora-wiosna-pielegnacyjny-must-have\/#breadcrumb","itemListElement":[{"@type":"ListItem","position":1,"name":"BANDI","item":"https:\/\/www.bandi.pl\/blog\/"},{"@type":"ListItem","position":2,"name":"Sk\u00f3ra wiosn\u0105 &#8211; piel\u0119gnacyjny must have"}]},{"@type":"WebSite","@id":"https:\/\/www.bandi.pl\/blog\/#website","url":"https:\/\/www.bandi.pl\/blog\/","name":"Blog BANDI","description":"Czarno na bia\u0142ym o kosmetykach","publisher":{"@id":"https:\/\/www.bandi.pl\/blog\/#organization"},"potentialAction":[{"@type":"SearchAction","target":{"@type":"EntryPoint","urlTemplate":"https:\/\/www.bandi.pl\/blog\/?s={search_term_string}"},"query-input":{"@type":"PropertyValueSpecification","valueRequired":true,"valueName":"search_term_string"}}],"inLanguage":"pl-PL"},{"@type":"Organization","@id":"https:\/\/www.bandi.pl\/blog\/#organization","name":"BANDI","url":"https:\/\/www.bandi.pl\/blog\/","logo":{"@type":"ImageObject","inLanguage":"pl-PL","@id":"https:\/\/www.bandi.pl\/blog\/#\/schema\/logo\/image\/","url":"https:\/\/www.bandi.pl\/blog\/wp-content\/uploads\/2019\/06\/bandi-logo.png","contentUrl":"https:\/\/www.bandi.pl\/blog\/wp-content\/uploads\/2019\/06\/bandi-logo.png","width":264,"height":111,"caption":"BANDI"},"image":{"@id":"https:\/\/www.bandi.pl\/blog\/#\/schema\/logo\/image\/"},"sameAs":["https:\/\/web.facebook.com\/BANDIcosmetics","https:\/\/x.com\/bandi_cosmetics","https:\/\/www.instagram.com\/bandi_cosmetics\/","https:\/\/www.pinterest.com\/bandicosmetics\/","https:\/\/www.youtube.com\/user\/BandiCosmeticsPolska"]},{"@type":"Person","@id":"https:\/\/www.bandi.pl\/blog\/#\/schema\/person\/5ba05af1a18c58f1c31d4ae051ec9499","name":"Ilona Kiraga"}]}},"_links":{"self":[{"href":"https:\/\/www.bandi.pl\/blog\/wp-json\/wp\/v2\/posts\/11828","targetHints":{"allow":["GET"]}}],"collection":[{"href":"https:\/\/www.bandi.pl\/blog\/wp-json\/wp\/v2\/posts"}],"about":[{"href":"https:\/\/www.bandi.pl\/blog\/wp-json\/wp\/v2\/types\/post"}],"author":[{"embeddable":true,"href":"https:\/\/www.bandi.pl\/blog\/wp-json\/wp\/v2\/users\/13"}],"replies":[{"embeddable":true,"href":"https:\/\/www.bandi.pl\/blog\/wp-json\/wp\/v2\/comments?post=11828"}],"version-history":[{"count":5,"href":"https:\/\/www.bandi.pl\/blog\/wp-json\/wp\/v2\/posts\/11828\/revisions"}],"predecessor-version":[{"id":22435,"href":"https:\/\/www.bandi.pl\/blog\/wp-json\/wp\/v2\/posts\/11828\/revisions\/22435"}],"wp:featuredmedia":[{"embeddable":true,"href":"https:\/\/www.bandi.pl\/blog\/wp-json\/wp\/v2\/media\/11878"}],"wp:attachment":[{"href":"https:\/\/www.bandi.pl\/blog\/wp-json\/wp\/v2\/media?parent=11828"}],"wp:term":[{"taxonomy":"category","embeddable":true,"href":"https:\/\/www.bandi.pl\/blog\/wp-json\/wp\/v2\/categories?post=11828"},{"taxonomy":"post_tag","embeddable":true,"href":"https:\/\/www.bandi.pl\/blog\/wp-json\/wp\/v2\/tags?post=11828"}],"curies":[{"name":"wp","href":"https:\/\/api.w.org\/{rel}","templated":true}]}}