{"id":11818,"date":"2021-05-20T11:30:00","date_gmt":"2021-05-20T09:30:00","guid":{"rendered":"https:\/\/www.bandi.pl\/blog\/?p=11818"},"modified":"2021-05-18T13:30:44","modified_gmt":"2021-05-18T11:30:44","slug":"witaminy-w-kosmetykach-i-ich-wplyw-na-skore","status":"publish","type":"post","link":"https:\/\/www.bandi.pl\/blog\/witaminy-w-kosmetykach-i-ich-wplyw-na-skore\/","title":{"rendered":"Witaminy w kosmetykach i ich wp\u0142yw na sk\u00f3r\u0119"},"content":{"rendered":"\n<p>Witaminy, to ma\u0142e niezb\u0119dniki dla funkcjonowania naszego organizmu, a wi\u0119c tak\u017ce dla naszej sk\u00f3ry. Wi\u0119kszo\u015b\u0107 z nich musimy dostarcza\u0107 z po\u017cywieniem, a te potrzebne naszej sk\u00f3rze mo\u017cemy uzupe\u0142ni\u0107 u\u017cywaj\u0105c odpowiednich produkt\u00f3w kosmetycznych. <\/p>\n\n\n\n<p>Witaminy s\u0105 bardzo wa\u017cnym elementem kosmetyk\u00f3w. Ka\u017cda z nich\nma inne w\u0142a\u015bciwo\u015bci, a po\u0142\u0105czone ze sob\u0105 w danym kosmetyku mog\u0105 poszerzy\u0107 jego\ndzia\u0142anie i zwi\u0119kszy\u0107 potencja\u0142. W przypadku witamin nie zawsze wi\u0119cej znaczy\nlepiej, a ich st\u0119\u017cenie i posta\u0107 s\u0105 dobierane w taki spos\u00f3b, aby kosmetyk\nspe\u0142nia\u0142 swoje zadanie. <\/p>\n\n\n\n<p>W kosmetykach wykorzystywanych jest obecnie wiele witamin. Najpopularniejsze z nich to:<\/p>\n\n\n\n<h4 class=\"wp-block-heading\"> Witamina A<\/h4>\n\n\n\n<p>W kosmetykach najcz\u0119\u015bciej wykorzystywany jest <a href=\"https:\/\/www.bandi.pl\/sklep\/katalog\/seria\/64_medical-anti-aging\/\">retinol<\/a> lub <a href=\"https:\/\/www.bandi.pl\/sklep\/katalog.php?wyr=retinyl+palmitate\">palmitynian retinylu<\/a>. Witamina A zwi\u0119ksza elastyczno\u015b\u0107 sk\u00f3ry, likwiduje drobne zmarszczki. Jest niezb\u0119dna do prawid\u0142owego formowania si\u0119 i regulowania wzrostu kom\u00f3rek sk\u00f3ry. Poprawia stan cery tr\u0105dzikowej, ma dzia\u0142anie z\u0142uszczaj\u0105ce \u2013 doskonale sprawdza si\u0119 w walce z przebarwieniami. Neutralizuje wolne rodniki, poprawia ukrwienie i przyspiesza odnow\u0119 sk\u00f3ry. Nale\u017cy jednak pami\u0119ta\u0107, aby produkty z witamin\u0105 A stosowa\u0107 jednocze\u015bnie z filtrami lub na noc, poniewa\u017c witamina ta mo\u017ce uwra\u017cliwia\u0107 sk\u00f3r\u0119 na promieniowanie UV.<\/p>\n\n\n\n<h4 class=\"wp-block-heading\">Witamina B3 <\/h4>\n\n\n\n<p><a href=\"https:\/\/www.bandi.pl\/sklep\/katalog.php?wyr=niacynamid\">Witamina B3<\/a> delikatnie stymuluje syntez\u0119 kolagenu i kwasu hialuronowego, poprawiaj\u0105c tym samym uj\u0119drnienie i nawil\u017cenie sk\u00f3ry. Dzia\u0142a przeciwtr\u0105dzikowo, reguluje sebum i zw\u0119\u017ca pory. Hamuj\u0105c transport melaniny do keratynocyt\u00f3w, zapobiega tworzeniu si\u0119 przebarwie\u0144 i ujednolica koloryt sk\u00f3ry. Wzmacnia r\u00f3wnie\u017c barier\u0119 lipidow\u0105 &#8211; dzi\u0119ki temu sk\u00f3ra jest mniej sk\u0142onna do podra\u017cnie\u0144.<\/p>\n\n\n\n<h4 class=\"wp-block-heading\">Prowitamina B5 <\/h4>\n\n\n\n<p>Substancja ta dzia\u0142a na r\u00f3\u017cnych p\u0142aszczyznach. U\u017cywa si\u0119 jej w produktach do sk\u00f3ry, w\u0142os\u00f3w i paznokci. G\u0142\u00f3wne funkcje <a href=\"https:\/\/www.bandi.pl\/sklep\/katalog.php?wyr=d-pantenol\">d-panthenolu<\/a> to nawil\u017canie i \u0142agodzenie podra\u017cnie\u0144.\u00a0Wyp\u0142ywa on r\u00f3wnie\u017c na wzrost syntezy lipid\u00f3w sk\u00f3rnych, a wzmacniaj\u0105c barier\u0119 ochronn\u0105 sk\u00f3ry zmniejsza utrat\u0119 wody przez nask\u00f3rek. Sk\u00f3ra staje si\u0119 bardziej mi\u0119kka i elastyczna. D-panthenol nawil\u017ca i wyg\u0142adza w\u0142osy, nadaje im po\u0142ysk, u\u0142atwia rozczesywanie i zapobiega rozdwajaniu ko\u0144c\u00f3wek. Poprawia stan zniszczonej p\u0142ytki paznokcia, od\u017cywia j\u0105 i wzmacnia.<\/p>\n\n\n\n<h4 class=\"wp-block-heading\">Witamina C <\/h4>\n\n\n\n<p>Witamina C w kosmetykach wyst\u0119puje zar\u00f3wno w formie kwasu askorbinowego jak i jego pochodnych. W naszych kosmetykach najcz\u0119\u015bciej spotkacie <a href=\"https:\/\/www.bandi.pl\/sklep\/katalog.php?wyr=ascorbyl+tetraisopalmitate\">tetraizopalmitynian askorbylu<\/a> i s\u00f3l sodow\u0105 fosforanu askorbylu &#8211; aktywne i dobrze tolerowane przez sk\u00f3r\u0119 postacie witaminy C. Witamin\u0119 C mo\u017cemy stosowa\u0107 wielokierunkowo. Jest silnym antyoksydantem, kt\u00f3ry neutralizuje wolne rodniki. Zatrzymuje powstawanie zask\u00f3rnik\u00f3w, kondycjonuje sk\u00f3r\u0119 po zabiegach kosmetycznych. Jej zadaniem jest r\u00f3wnie\u017c redukcja przebarwie\u0144 i roz\u015bwietlenie sk\u00f3ry. Witamina C jest niezb\u0119dna do prawid\u0142owej syntezy kolagenu \u2013 poprawia elastyczno\u015b\u0107 i spr\u0119\u017cysto\u015b\u0107 sk\u00f3ry. Jest doskona\u0142ym dodatkiem do produkt\u00f3w dla cer naczykowych, poniewa\u017c wzmacnia \u015bciany naczy\u0144 krwiono\u015bnych zapobiegaj\u0105c ich rozszerzaniu.<\/p>\n\n\n\n<h4 class=\"wp-block-heading\">Prowitamina D3 <\/h4>\n\n\n\n<p>Witamina D w czystej postaci nie jest dozwolona do stosowania w kosmetykach. Jest natomiast jedn\u0105 z nielicznych witamin, kt\u00f3ra mo\u017ce by\u0107 wytwarzana przez nasz organizm. Pod wp\u0142ywem promieni s\u0142onecznych mo\u017cemy wytworzy\u0107 a\u017c 90% jej dziennego zapotrzebowania. W kosmetykach <a href=\"https:\/\/www.bandi.pl\/sklep\/katalog.php?wyr=prowitamina+d3\">prowitamina D3<\/a> wspomaga naturalny proces z\u0142uszczania nask\u00f3rka, likwiduje zm\u0119czony, szary koloryt sk\u00f3ry, nadaje jej blask. Stosuje si\u0119 j\u0105 r\u00f3wnie\u017c w preparatach wyszczuplaj\u0105cych lub produktach do w\u0142os\u00f3w, kt\u00f3re zapobiegaj\u0105 \u0142ojotokowi i \u0142ysieniu. <\/p>\n\n\n\n<h4 class=\"wp-block-heading\">Witamina E <\/h4>\n\n\n\n<p><a href=\"https:\/\/www.bandi.pl\/sklep\/katalog.php?wyr=tocopherol\">Witamina E<\/a> nazywana jest witamin\u0105 m\u0142odo\u015bci. Jest bardzo silnym przeciwutleniaczem, m\u00f3wi si\u0119 nawet, \u017ce \u201ewymiata wolne rodniki z powierzchni sk\u00f3ry\u201d. Dzi\u0119ki temu przeciwdzia\u0142a przedwczesnemu starzeniu si\u0119 sk\u00f3ry. Pomaga w sp\u0142yceniu drobnych zmarszczek, poprawia elastyczno\u015b\u0107 sk\u00f3ry. Dzia\u0142a koj\u0105co i regeneruje podra\u017cniony nask\u00f3rek. Usprawnia tak\u017ce zdolno\u015b\u0107 kom\u00f3rek sk\u00f3ry do wi\u0105zania wody, podnosz\u0105c poziom nawil\u017cenia. <\/p>\n\n\n\n<h4 class=\"wp-block-heading\">Witamina K2 <\/h4>\n\n\n\n<p><a href=\"https:\/\/www.bandi.pl\/sklep\/katalog.php?wyr=menaquinone-7\">Witamina K<\/a> jest do\u015b\u0107 nowym surowcem stosowanym w kosmetykach. Pomaga w piel\u0119gnacji cery naczyniowej. Poprawia koloryt sk\u00f3ry i dzia\u0142a wyg\u0142adzaj\u0105co. <\/p>\n\n\n\n<h4 class=\"wp-block-heading\">Witamina H <\/h4>\n\n\n\n<p><a href=\"https:\/\/www.bandi.pl\/sklep\/katalog.php?wyr=biotin\">Biotyna<\/a>, jest stosowana zar\u00f3wno w kosmetykach piel\u0119gnacyjnych do twarzy jak i w produktach do w\u0142os\u00f3w. Niweluje drobne zmarszczki oraz wspomaga funkcje bariery ochronnej sk\u00f3ry. W szamponach i od\u017cywkach dodawana jest, poniewa\u017c pomaga walczy\u0107 z \u0142upie\u017cem czy \u0142ojotokowym zapaleniem sk\u00f3ry.<\/p>\n\n\n\n<p>Witaminy to substancje niezb\u0119dne dla przebiegu wielu proces\u00f3w w sk\u00f3rze, w tym jej regeneracji i odnowy. Warto zatem dostarcza\u0107 je regularnie, stosuj\u0105c odpowiednio zbilansowan\u0105 diet\u0119 oraz skoncentrowane kosmetyki z ich zawarto\u015bci\u0105.<\/p>\n\n\n\n<div class=\"wp-block-divi-layout\">[et_pb_section fb_built=&#8221;1&#8243; _builder_version=&#8221;4.4.1&#8243;][\/et_pb_section][et_pb_section fb_built=&#8221;1&#8243; _builder_version=&#8221;4.4.1&#8243; top_divider_style=&#8221;arrow&#8221; top_divider_color=&#8221;rgba(255,166,168,0.75)&#8221; top_divider_height=&#8221;1px&#8221; bottom_divider_style=&#8221;arrow&#8221; bottom_divider_color=&#8221;rgba(255,166,168,0.75)&#8221; bottom_divider_height=&#8221;1px&#8221;][et_pb_row column_structure=&#8221;1_2,1_2&#8243; _builder_version=&#8221;4.4.1&#8243; width=&#8221;100%&#8221; module_alignment=&#8221;left&#8221; custom_margin=&#8221;||||false|false&#8221;][et_pb_column type=&#8221;1_2&#8243; _builder_version=&#8221;4.4.1&#8243;][et_pb_text _builder_version=&#8221;4.4.1&#8243; text_font=&#8221;Raleway Bold||||||||&#8221; text_text_color=&#8221;rgba(255,166,168,0.75)&#8221; text_font_size=&#8221;56px&#8221; text_letter_spacing=&#8221;8px&#8221; text_line_height=&#8221;1.1em&#8221; custom_margin=&#8221;40px||||false|false&#8221; hover_enabled=&#8221;0&#8243; link_option_url=&#8221;https:\/\/www.bandi.pl\/sklep\/katalog.php?wyr=witamina&#8221;]<p style=\"text-align: center;\"><strong><span style=\"font-size: xx-large;\">&nbsp;PIEL\u0118GNACJAAKTYWNA<\/span><br><\/strong><\/p>\n[\/et_pb_text][et_pb_text _builder_version=&#8221;4.4.1&#8243; text_font=&#8221;Raleway Regular||||||||&#8221; text_text_color=&#8221;#b8b8b8&#8243; text_font_size=&#8221;22px&#8221; text_line_height=&#8221;1.5em&#8221; hover_enabled=&#8221;0&#8243; link_option_url=&#8221;https:\/\/www.bandi.pl\/sklep\/katalog.php?wyr=witamina&#8221;]<p style=\"text-align: center;\">Si\u0119gnij po kosmetyki z witaminami<\/p>[\/et_pb_text][et_pb_button button_url=&#8221;https:\/\/www.bandi.pl\/sklep\/katalog.php?wyr=witamina&#8221; button_text=&#8221;ZOBACZ&#8221; button_alignment=&#8221;center&#8221; disabled_on=&#8221;off|off|off&#8221; _builder_version=&#8221;4.4.1&#8243; custom_button=&#8221;on&#8221; button_text_size=&#8221;20px&#8221; button_text_color=&#8221;#ffffff&#8221; button_border_radius=&#8221;25px&#8221; button_font=&#8221;Bree Serif||||||||&#8221; background_layout=&#8221;dark&#8221; custom_padding=&#8221;12px|30px|12px|30px|true|true&#8221; hover_transition_duration=&#8221;0ms&#8221; hover_enabled=&#8221;0&#8243; box_shadow_style=&#8221;preset3&#8243;][\/et_pb_button][\/et_pb_column][et_pb_column type=&#8221;1_2&#8243; _builder_version=&#8221;4.4.1&#8243;][et_pb_image src=&#8221;https:\/\/www.bandi.pl\/blog\/wp-content\/uploads\/2021\/05\/MG_9978-scaled.jpg&#8221; align=&#8221;center&#8221; _builder_version=&#8221;4.4.1&#8243; hover_enabled=&#8221;0&#8243; custom_padding=&#8221;||27px|||&#8221; min_height=&#8221;359px&#8221; url=&#8221;https:\/\/www.bandi.pl\/sklep\/katalog.php?wyr=witamina&#8221;][\/et_pb_image][\/et_pb_column][\/et_pb_row][\/et_pb_section]<\/div>\n","protected":false},"excerpt":{"rendered":"<p>Witaminy, to ma\u0142e niezb\u0119dniki dla funkcjonowania naszego organizmu, a wi\u0119c tak\u017ce dla naszej sk\u00f3ry. Wi\u0119kszo\u015b\u0107 z nich musimy dostarcza\u0107 z po\u017cywieniem, a te potrzebne naszej sk\u00f3rze mo\u017cemy uzupe\u0142ni\u0107 u\u017cywaj\u0105c odpowiednich produkt\u00f3w kosmetycznych. Witaminy s\u0105 bardzo wa\u017cnym elementem kosmetyk\u00f3w. Ka\u017cda z nich ma inne w\u0142a\u015bciwo\u015bci, a po\u0142\u0105czone ze sob\u0105 w danym kosmetyku mog\u0105 poszerzy\u0107 jego dzia\u0142anie [&hellip;]<\/p>\n","protected":false},"author":13,"featured_media":11821,"comment_status":"open","ping_status":"closed","sticky":false,"template":"","format":"standard","meta":{"_et_pb_use_builder":"","_et_pb_old_content":"","_et_gb_content_width":"","footnotes":""},"categories":[2054,1771],"tags":[3445,6295,6032,6296,6297,3874,4834,6033,4230,5868,46,5937,6292,54,6293,28,47,6294],"class_list":["post-11818","post","type-post","status-publish","format-standard","has-post-thumbnail","hentry","category-martyna-sudowska","category-kategoria-surowce-i-szczypta-chemii","tag-bandi","tag-biotyna","tag-booster","tag-d-pantenol","tag-kosmetyki-z-witaminami","tag-krem","tag-niacynamid","tag-pielegnacja-aktywna","tag-pielegnacja-profesjonalna","tag-pielegnacja-twarzy","tag-retinol","tag-serum","tag-skoncentrowane-kosmetyki","tag-witamina-a","tag-witamina-b3","tag-witamina-c","tag-witamina-e","tag-witamina-h"],"yoast_head":"<!-- This site is optimized with the Yoast SEO plugin v27.1.1 - https:\/\/yoast.com\/product\/yoast-seo-wordpress\/ -->\n<title>Witaminy w kosmetykach i ich wp\u0142yw na sk\u00f3r\u0119 &#187; Blog BANDI<\/title>\n<meta name=\"robots\" content=\"index, follow, max-snippet:-1, max-image-preview:large, max-video-preview:-1\" \/>\n<link rel=\"canonical\" href=\"https:\/\/www.bandi.pl\/blog\/witaminy-w-kosmetykach-i-ich-wplyw-na-skore\/\" \/>\n<meta property=\"og:locale\" content=\"pl_PL\" \/>\n<meta property=\"og:type\" content=\"article\" \/>\n<meta property=\"og:title\" content=\"Witaminy w kosmetykach i ich wp\u0142yw na sk\u00f3r\u0119 &#187; Blog BANDI\" \/>\n<meta property=\"og:description\" content=\"Witaminy, to ma\u0142e niezb\u0119dniki dla funkcjonowania naszego organizmu, a wi\u0119c tak\u017ce dla naszej sk\u00f3ry. Wi\u0119kszo\u015b\u0107 z nich musimy dostarcza\u0107 z po\u017cywieniem, a te potrzebne naszej sk\u00f3rze mo\u017cemy uzupe\u0142ni\u0107 u\u017cywaj\u0105c odpowiednich produkt\u00f3w kosmetycznych. Witaminy s\u0105 bardzo wa\u017cnym elementem kosmetyk\u00f3w. Ka\u017cda z nich ma inne w\u0142a\u015bciwo\u015bci, a po\u0142\u0105czone ze sob\u0105 w danym kosmetyku mog\u0105 poszerzy\u0107 jego dzia\u0142anie [&hellip;]\" \/>\n<meta property=\"og:url\" content=\"https:\/\/www.bandi.pl\/blog\/witaminy-w-kosmetykach-i-ich-wplyw-na-skore\/\" \/>\n<meta property=\"og:site_name\" content=\"Blog BANDI\" \/>\n<meta property=\"article:publisher\" content=\"https:\/\/web.facebook.com\/BANDIcosmetics\" \/>\n<meta property=\"article:published_time\" content=\"2021-05-20T09:30:00+00:00\" \/>\n<meta property=\"og:image\" content=\"https:\/\/www.bandi.pl\/blog\/wp-content\/uploads\/2021\/05\/Dodaj-nag\u0142\u00f3wek5-704x500.png\" \/>\n\t<meta property=\"og:image:width\" content=\"704\" \/>\n\t<meta property=\"og:image:height\" content=\"500\" \/>\n\t<meta property=\"og:image:type\" content=\"image\/png\" \/>\n<meta name=\"author\" content=\"Ilona Kiraga\" \/>\n<meta name=\"twitter:card\" content=\"summary_large_image\" \/>\n<meta name=\"twitter:creator\" content=\"@bandi_cosmetics\" \/>\n<meta name=\"twitter:site\" content=\"@bandi_cosmetics\" \/>\n<meta name=\"twitter:label1\" content=\"Napisane przez\" \/>\n\t<meta name=\"twitter:data1\" content=\"Ilona Kiraga\" \/>\n\t<meta name=\"twitter:label2\" content=\"Szacowany czas czytania\" \/>\n\t<meta name=\"twitter:data2\" content=\"5 minut\" \/>\n<script type=\"application\/ld+json\" class=\"yoast-schema-graph\">{\"@context\":\"https:\/\/schema.org\",\"@graph\":[{\"@type\":\"Article\",\"@id\":\"https:\/\/www.bandi.pl\/blog\/witaminy-w-kosmetykach-i-ich-wplyw-na-skore\/#article\",\"isPartOf\":{\"@id\":\"https:\/\/www.bandi.pl\/blog\/witaminy-w-kosmetykach-i-ich-wplyw-na-skore\/\"},\"author\":{\"name\":\"Ilona Kiraga\",\"@id\":\"https:\/\/www.bandi.pl\/blog\/#\/schema\/person\/5ba05af1a18c58f1c31d4ae051ec9499\"},\"headline\":\"Witaminy w kosmetykach i ich wp\u0142yw na sk\u00f3r\u0119\",\"datePublished\":\"2021-05-20T09:30:00+00:00\",\"mainEntityOfPage\":{\"@id\":\"https:\/\/www.bandi.pl\/blog\/witaminy-w-kosmetykach-i-ich-wplyw-na-skore\/\"},\"wordCount\":1062,\"commentCount\":0,\"publisher\":{\"@id\":\"https:\/\/www.bandi.pl\/blog\/#organization\"},\"image\":{\"@id\":\"https:\/\/www.bandi.pl\/blog\/witaminy-w-kosmetykach-i-ich-wplyw-na-skore\/#primaryimage\"},\"thumbnailUrl\":\"https:\/\/www.bandi.pl\/blog\/wp-content\/uploads\/2021\/05\/Dodaj-nag\u0142\u00f3wek5.png\",\"keywords\":[\"Bandi\",\"biotyna\",\"booster\",\"d-pantenol\",\"kosmetyki z witaminami\",\"krem\",\"niacynamid\",\"piel\u0119gnacja aktywna\",\"piel\u0119gnacja profesjonalna\",\"piel\u0119gnacja twarzy\",\"retinol\",\"serum\",\"skoncentrowane kosmetyki\",\"witamina A\",\"witamina B3\",\"witamina C\",\"witamina E\",\"witamina H\"],\"articleSection\":[\"Martyna Sudowska\",\"Surowce i szczypta chemii\"],\"inLanguage\":\"pl-PL\",\"potentialAction\":[{\"@type\":\"CommentAction\",\"name\":\"Comment\",\"target\":[\"https:\/\/www.bandi.pl\/blog\/witaminy-w-kosmetykach-i-ich-wplyw-na-skore\/#respond\"]}]},{\"@type\":\"WebPage\",\"@id\":\"https:\/\/www.bandi.pl\/blog\/witaminy-w-kosmetykach-i-ich-wplyw-na-skore\/\",\"url\":\"https:\/\/www.bandi.pl\/blog\/witaminy-w-kosmetykach-i-ich-wplyw-na-skore\/\",\"name\":\"Witaminy w kosmetykach i ich wp\u0142yw na sk\u00f3r\u0119 &#187; Blog BANDI\",\"isPartOf\":{\"@id\":\"https:\/\/www.bandi.pl\/blog\/#website\"},\"primaryImageOfPage\":{\"@id\":\"https:\/\/www.bandi.pl\/blog\/witaminy-w-kosmetykach-i-ich-wplyw-na-skore\/#primaryimage\"},\"image\":{\"@id\":\"https:\/\/www.bandi.pl\/blog\/witaminy-w-kosmetykach-i-ich-wplyw-na-skore\/#primaryimage\"},\"thumbnailUrl\":\"https:\/\/www.bandi.pl\/blog\/wp-content\/uploads\/2021\/05\/Dodaj-nag\u0142\u00f3wek5.png\",\"datePublished\":\"2021-05-20T09:30:00+00:00\",\"breadcrumb\":{\"@id\":\"https:\/\/www.bandi.pl\/blog\/witaminy-w-kosmetykach-i-ich-wplyw-na-skore\/#breadcrumb\"},\"inLanguage\":\"pl-PL\",\"potentialAction\":[{\"@type\":\"ReadAction\",\"target\":[\"https:\/\/www.bandi.pl\/blog\/witaminy-w-kosmetykach-i-ich-wplyw-na-skore\/\"]}]},{\"@type\":\"ImageObject\",\"inLanguage\":\"pl-PL\",\"@id\":\"https:\/\/www.bandi.pl\/blog\/witaminy-w-kosmetykach-i-ich-wplyw-na-skore\/#primaryimage\",\"url\":\"https:\/\/www.bandi.pl\/blog\/wp-content\/uploads\/2021\/05\/Dodaj-nag\u0142\u00f3wek5.png\",\"contentUrl\":\"https:\/\/www.bandi.pl\/blog\/wp-content\/uploads\/2021\/05\/Dodaj-nag\u0142\u00f3wek5.png\",\"width\":1747,\"height\":1240,\"caption\":\"Witaminy w kosmetykach\"},{\"@type\":\"BreadcrumbList\",\"@id\":\"https:\/\/www.bandi.pl\/blog\/witaminy-w-kosmetykach-i-ich-wplyw-na-skore\/#breadcrumb\",\"itemListElement\":[{\"@type\":\"ListItem\",\"position\":1,\"name\":\"BANDI\",\"item\":\"https:\/\/www.bandi.pl\/blog\/\"},{\"@type\":\"ListItem\",\"position\":2,\"name\":\"Witaminy w kosmetykach i ich wp\u0142yw na sk\u00f3r\u0119\"}]},{\"@type\":\"WebSite\",\"@id\":\"https:\/\/www.bandi.pl\/blog\/#website\",\"url\":\"https:\/\/www.bandi.pl\/blog\/\",\"name\":\"Blog BANDI\",\"description\":\"Czarno na bia\u0142ym o kosmetykach\",\"publisher\":{\"@id\":\"https:\/\/www.bandi.pl\/blog\/#organization\"},\"potentialAction\":[{\"@type\":\"SearchAction\",\"target\":{\"@type\":\"EntryPoint\",\"urlTemplate\":\"https:\/\/www.bandi.pl\/blog\/?s={search_term_string}\"},\"query-input\":{\"@type\":\"PropertyValueSpecification\",\"valueRequired\":true,\"valueName\":\"search_term_string\"}}],\"inLanguage\":\"pl-PL\"},{\"@type\":\"Organization\",\"@id\":\"https:\/\/www.bandi.pl\/blog\/#organization\",\"name\":\"BANDI\",\"url\":\"https:\/\/www.bandi.pl\/blog\/\",\"logo\":{\"@type\":\"ImageObject\",\"inLanguage\":\"pl-PL\",\"@id\":\"https:\/\/www.bandi.pl\/blog\/#\/schema\/logo\/image\/\",\"url\":\"https:\/\/www.bandi.pl\/blog\/wp-content\/uploads\/2019\/06\/bandi-logo.png\",\"contentUrl\":\"https:\/\/www.bandi.pl\/blog\/wp-content\/uploads\/2019\/06\/bandi-logo.png\",\"width\":264,\"height\":111,\"caption\":\"BANDI\"},\"image\":{\"@id\":\"https:\/\/www.bandi.pl\/blog\/#\/schema\/logo\/image\/\"},\"sameAs\":[\"https:\/\/web.facebook.com\/BANDIcosmetics\",\"https:\/\/x.com\/bandi_cosmetics\",\"https:\/\/www.instagram.com\/bandi_cosmetics\/\",\"https:\/\/www.pinterest.com\/bandicosmetics\/\",\"https:\/\/www.youtube.com\/user\/BandiCosmeticsPolska\"]},{\"@type\":\"Person\",\"@id\":\"https:\/\/www.bandi.pl\/blog\/#\/schema\/person\/5ba05af1a18c58f1c31d4ae051ec9499\",\"name\":\"Ilona Kiraga\"}]}<\/script>\n<!-- \/ Yoast SEO plugin. -->","yoast_head_json":{"title":"Witaminy w kosmetykach i ich wp\u0142yw na sk\u00f3r\u0119 &#187; Blog BANDI","robots":{"index":"index","follow":"follow","max-snippet":"max-snippet:-1","max-image-preview":"max-image-preview:large","max-video-preview":"max-video-preview:-1"},"canonical":"https:\/\/www.bandi.pl\/blog\/witaminy-w-kosmetykach-i-ich-wplyw-na-skore\/","og_locale":"pl_PL","og_type":"article","og_title":"Witaminy w kosmetykach i ich wp\u0142yw na sk\u00f3r\u0119 &#187; Blog BANDI","og_description":"Witaminy, to ma\u0142e niezb\u0119dniki dla funkcjonowania naszego organizmu, a wi\u0119c tak\u017ce dla naszej sk\u00f3ry. Wi\u0119kszo\u015b\u0107 z nich musimy dostarcza\u0107 z po\u017cywieniem, a te potrzebne naszej sk\u00f3rze mo\u017cemy uzupe\u0142ni\u0107 u\u017cywaj\u0105c odpowiednich produkt\u00f3w kosmetycznych. Witaminy s\u0105 bardzo wa\u017cnym elementem kosmetyk\u00f3w. Ka\u017cda z nich ma inne w\u0142a\u015bciwo\u015bci, a po\u0142\u0105czone ze sob\u0105 w danym kosmetyku mog\u0105 poszerzy\u0107 jego dzia\u0142anie [&hellip;]","og_url":"https:\/\/www.bandi.pl\/blog\/witaminy-w-kosmetykach-i-ich-wplyw-na-skore\/","og_site_name":"Blog BANDI","article_publisher":"https:\/\/web.facebook.com\/BANDIcosmetics","article_published_time":"2021-05-20T09:30:00+00:00","og_image":[{"width":704,"height":500,"url":"https:\/\/www.bandi.pl\/blog\/wp-content\/uploads\/2021\/05\/Dodaj-nag\u0142\u00f3wek5-704x500.png","type":"image\/png"}],"author":"Ilona Kiraga","twitter_card":"summary_large_image","twitter_creator":"@bandi_cosmetics","twitter_site":"@bandi_cosmetics","twitter_misc":{"Napisane przez":"Ilona Kiraga","Szacowany czas czytania":"5 minut"},"schema":{"@context":"https:\/\/schema.org","@graph":[{"@type":"Article","@id":"https:\/\/www.bandi.pl\/blog\/witaminy-w-kosmetykach-i-ich-wplyw-na-skore\/#article","isPartOf":{"@id":"https:\/\/www.bandi.pl\/blog\/witaminy-w-kosmetykach-i-ich-wplyw-na-skore\/"},"author":{"name":"Ilona Kiraga","@id":"https:\/\/www.bandi.pl\/blog\/#\/schema\/person\/5ba05af1a18c58f1c31d4ae051ec9499"},"headline":"Witaminy w kosmetykach i ich wp\u0142yw na sk\u00f3r\u0119","datePublished":"2021-05-20T09:30:00+00:00","mainEntityOfPage":{"@id":"https:\/\/www.bandi.pl\/blog\/witaminy-w-kosmetykach-i-ich-wplyw-na-skore\/"},"wordCount":1062,"commentCount":0,"publisher":{"@id":"https:\/\/www.bandi.pl\/blog\/#organization"},"image":{"@id":"https:\/\/www.bandi.pl\/blog\/witaminy-w-kosmetykach-i-ich-wplyw-na-skore\/#primaryimage"},"thumbnailUrl":"https:\/\/www.bandi.pl\/blog\/wp-content\/uploads\/2021\/05\/Dodaj-nag\u0142\u00f3wek5.png","keywords":["Bandi","biotyna","booster","d-pantenol","kosmetyki z witaminami","krem","niacynamid","piel\u0119gnacja aktywna","piel\u0119gnacja profesjonalna","piel\u0119gnacja twarzy","retinol","serum","skoncentrowane kosmetyki","witamina A","witamina B3","witamina C","witamina E","witamina H"],"articleSection":["Martyna Sudowska","Surowce i szczypta chemii"],"inLanguage":"pl-PL","potentialAction":[{"@type":"CommentAction","name":"Comment","target":["https:\/\/www.bandi.pl\/blog\/witaminy-w-kosmetykach-i-ich-wplyw-na-skore\/#respond"]}]},{"@type":"WebPage","@id":"https:\/\/www.bandi.pl\/blog\/witaminy-w-kosmetykach-i-ich-wplyw-na-skore\/","url":"https:\/\/www.bandi.pl\/blog\/witaminy-w-kosmetykach-i-ich-wplyw-na-skore\/","name":"Witaminy w kosmetykach i ich wp\u0142yw na sk\u00f3r\u0119 &#187; Blog BANDI","isPartOf":{"@id":"https:\/\/www.bandi.pl\/blog\/#website"},"primaryImageOfPage":{"@id":"https:\/\/www.bandi.pl\/blog\/witaminy-w-kosmetykach-i-ich-wplyw-na-skore\/#primaryimage"},"image":{"@id":"https:\/\/www.bandi.pl\/blog\/witaminy-w-kosmetykach-i-ich-wplyw-na-skore\/#primaryimage"},"thumbnailUrl":"https:\/\/www.bandi.pl\/blog\/wp-content\/uploads\/2021\/05\/Dodaj-nag\u0142\u00f3wek5.png","datePublished":"2021-05-20T09:30:00+00:00","breadcrumb":{"@id":"https:\/\/www.bandi.pl\/blog\/witaminy-w-kosmetykach-i-ich-wplyw-na-skore\/#breadcrumb"},"inLanguage":"pl-PL","potentialAction":[{"@type":"ReadAction","target":["https:\/\/www.bandi.pl\/blog\/witaminy-w-kosmetykach-i-ich-wplyw-na-skore\/"]}]},{"@type":"ImageObject","inLanguage":"pl-PL","@id":"https:\/\/www.bandi.pl\/blog\/witaminy-w-kosmetykach-i-ich-wplyw-na-skore\/#primaryimage","url":"https:\/\/www.bandi.pl\/blog\/wp-content\/uploads\/2021\/05\/Dodaj-nag\u0142\u00f3wek5.png","contentUrl":"https:\/\/www.bandi.pl\/blog\/wp-content\/uploads\/2021\/05\/Dodaj-nag\u0142\u00f3wek5.png","width":1747,"height":1240,"caption":"Witaminy w kosmetykach"},{"@type":"BreadcrumbList","@id":"https:\/\/www.bandi.pl\/blog\/witaminy-w-kosmetykach-i-ich-wplyw-na-skore\/#breadcrumb","itemListElement":[{"@type":"ListItem","position":1,"name":"BANDI","item":"https:\/\/www.bandi.pl\/blog\/"},{"@type":"ListItem","position":2,"name":"Witaminy w kosmetykach i ich wp\u0142yw na sk\u00f3r\u0119"}]},{"@type":"WebSite","@id":"https:\/\/www.bandi.pl\/blog\/#website","url":"https:\/\/www.bandi.pl\/blog\/","name":"Blog BANDI","description":"Czarno na bia\u0142ym o kosmetykach","publisher":{"@id":"https:\/\/www.bandi.pl\/blog\/#organization"},"potentialAction":[{"@type":"SearchAction","target":{"@type":"EntryPoint","urlTemplate":"https:\/\/www.bandi.pl\/blog\/?s={search_term_string}"},"query-input":{"@type":"PropertyValueSpecification","valueRequired":true,"valueName":"search_term_string"}}],"inLanguage":"pl-PL"},{"@type":"Organization","@id":"https:\/\/www.bandi.pl\/blog\/#organization","name":"BANDI","url":"https:\/\/www.bandi.pl\/blog\/","logo":{"@type":"ImageObject","inLanguage":"pl-PL","@id":"https:\/\/www.bandi.pl\/blog\/#\/schema\/logo\/image\/","url":"https:\/\/www.bandi.pl\/blog\/wp-content\/uploads\/2019\/06\/bandi-logo.png","contentUrl":"https:\/\/www.bandi.pl\/blog\/wp-content\/uploads\/2019\/06\/bandi-logo.png","width":264,"height":111,"caption":"BANDI"},"image":{"@id":"https:\/\/www.bandi.pl\/blog\/#\/schema\/logo\/image\/"},"sameAs":["https:\/\/web.facebook.com\/BANDIcosmetics","https:\/\/x.com\/bandi_cosmetics","https:\/\/www.instagram.com\/bandi_cosmetics\/","https:\/\/www.pinterest.com\/bandicosmetics\/","https:\/\/www.youtube.com\/user\/BandiCosmeticsPolska"]},{"@type":"Person","@id":"https:\/\/www.bandi.pl\/blog\/#\/schema\/person\/5ba05af1a18c58f1c31d4ae051ec9499","name":"Ilona Kiraga"}]}},"_links":{"self":[{"href":"https:\/\/www.bandi.pl\/blog\/wp-json\/wp\/v2\/posts\/11818","targetHints":{"allow":["GET"]}}],"collection":[{"href":"https:\/\/www.bandi.pl\/blog\/wp-json\/wp\/v2\/posts"}],"about":[{"href":"https:\/\/www.bandi.pl\/blog\/wp-json\/wp\/v2\/types\/post"}],"author":[{"embeddable":true,"href":"https:\/\/www.bandi.pl\/blog\/wp-json\/wp\/v2\/users\/13"}],"replies":[{"embeddable":true,"href":"https:\/\/www.bandi.pl\/blog\/wp-json\/wp\/v2\/comments?post=11818"}],"version-history":[{"count":5,"href":"https:\/\/www.bandi.pl\/blog\/wp-json\/wp\/v2\/posts\/11818\/revisions"}],"predecessor-version":[{"id":11825,"href":"https:\/\/www.bandi.pl\/blog\/wp-json\/wp\/v2\/posts\/11818\/revisions\/11825"}],"wp:featuredmedia":[{"embeddable":true,"href":"https:\/\/www.bandi.pl\/blog\/wp-json\/wp\/v2\/media\/11821"}],"wp:attachment":[{"href":"https:\/\/www.bandi.pl\/blog\/wp-json\/wp\/v2\/media?parent=11818"}],"wp:term":[{"taxonomy":"category","embeddable":true,"href":"https:\/\/www.bandi.pl\/blog\/wp-json\/wp\/v2\/categories?post=11818"},{"taxonomy":"post_tag","embeddable":true,"href":"https:\/\/www.bandi.pl\/blog\/wp-json\/wp\/v2\/tags?post=11818"}],"curies":[{"name":"wp","href":"https:\/\/api.w.org\/{rel}","templated":true}]}}