{"id":11799,"date":"2021-05-18T11:00:00","date_gmt":"2021-05-18T09:00:00","guid":{"rendered":"https:\/\/www.bandi.pl\/blog\/?p=11799"},"modified":"2026-01-28T16:05:21","modified_gmt":"2026-01-28T15:05:21","slug":"booster-serum-koncentrat-zaawansowana-pielegnacja","status":"publish","type":"post","link":"https:\/\/www.bandi.pl\/blog\/booster-serum-koncentrat-zaawansowana-pielegnacja\/","title":{"rendered":"Booster, serum, koncentrat &#8211; zaawansowana piel\u0119gnacja"},"content":{"rendered":"\n<p>Skoncentrowane preparaty, takie jak serum, koncentrat czy modny ostatnio booster, to kosmetyki do zada\u0144 specjalnych i niezb\u0119dny element zaawansowanej piel\u0119gnacji. Czym si\u0119 r\u00f3\u017cni\u0105, jak\u0105 spe\u0142niaj\u0105 rol\u0119?<\/p>\n\n\n\n<h2 class=\"wp-block-heading\">Co \u0142\u0105czy serum, koncentrat i booster?<\/h2>\n\n\n\n<p>Wszystkie te preparaty charakteryzuje wysoka zawarto\u015b\u0107 i st\u0119\u017cenie sk\u0142adnik\u00f3w aktywnych, dzi\u0119ki czemu efektywnie dzia\u0142aj\u0105. Maj\u0105 za zadanie zdecydowane i szybkie rozwi\u0105zanie danego problemu sk\u00f3ry. A jakiego? To zale\u017cy od substancji aktywnych, kt\u00f3re zawieraj\u0105. Te z <a href=\"https:\/\/www.bandi.pl\/sklep\/ampulki\/skoncentrowana-ampulka-przeciw-zmarszczkom-z-retinolem-544\/\">retinolem<\/a>, <a href=\"https:\/\/www.bandi.pl\/sklep\/ampulki\/peptydowy-booster-redukujacy-zmarszczki-880\/\">peptydami<\/a> pomagaj\u0105 w walce ze zmarszczkami, <a href=\"https:\/\/www.bandi.pl\/sklep\/koncentraty\/koncentrat-z-aktywna-witamina-c-701\/\">z witamin\u0105 C<\/a> z przebawieniami, <a href=\"https:\/\/www.bandi.pl\/sklep\/koncentraty\/koncentrat-nawilzajacy-z-kwasem-hialuronowym-699\/\">z kwasem hialuronowym<\/a> nawil\u017caj\u0105, a z kwasami AHA i <a href=\"https:\/\/www.bandi.pl\/sklep\/ampulki\/skoncentrowana-ampulka-antytradzikowa-552\/\">BHA<\/a> zwalczaj\u0105 tr\u0105dzik. Przewa\u017cnie ich sk\u0142adniki s\u0105 to\u017csame ze sk\u0142adem stosowanego kremu, intensyfikuj\u0105c jego dzia\u0142anie. Jednak przy wi\u0119kszym problemie i odpowiednio dobranej (najlepiej pod okiem profesjonalisty) piel\u0119gnacji mog\u0105 by\u0107 odmienne. Wa\u017cne, aby dzia\u0142a\u0142y synergicznie. Sera, boostery i koncentraty wyst\u0119puj\u0105 w r\u00f3\u017cnych formu\u0142ach: w postaci wodnistej, oleistej, \u017celowej, w emulsji czy mleczku. Mog\u0105 by\u0107 stosowane solo lub jako dodatek do kremu. <\/p>\n\n\n\n<h2 class=\"wp-block-heading\">Co wyr\u00f3\u017cnia serum, booster i koncentrat?<\/h2>\n\n\n\n<p>R\u00f3\u017cnice mi\u0119dzy serum, boosterem czy koncentratem s\u0105 w\u0142a\u015bciwie znikome. R\u00f3\u017cni\u0105 si\u0119 nazw\u0105, d\u0142ugo\u015bci\u0105 obecno\u015bci na rynku i paroma niuansami. <\/p>\n\n\n\n<p>Serum \u2013 to znany od lat kosmetyk z solidn\u0105 dawk\u0105 substancji aktywnych. Klasycznie ma lekk\u0105, wodnist\u0105, czasem \u017celow\u0105 konsystencj\u0119, umo\u017cliwiaj\u0105c\u0105 szybkie i dog\u0142\u0119bne wch\u0142oni\u0119cie. Nie pozostawia filmu na sk\u00f3rze. Dlatego wa\u017cne jest, aby po jego zastosowaniu u\u017cy\u0107 kremu. <\/p>\n\n\n\n<p>Booster &#8211; to stosunkowo nowa forma kosmetyku. I chocia\u017c jego nazwa pochodzi od angielskiego s\u0142owa boost czyli wzmocnienie, do\u0142adowanie, to sama idea boostera wywodzi si\u0119 z Azji i stanowi jeden z wa\u017cniejszych krok\u00f3w wieloetapowej piel\u0119gnacji korea\u0144skiej. Pocz\u0105tkowo boostery mia\u0142y by\u0107 dodatkowym wzmocnieniem dla sk\u00f3ry i chroni\u0107 jej warstw\u0119 rogow\u0105 przed szkodliwym dzia\u0142aniem czynnik\u00f3w zewn\u0119trznych, takich jak zanieczyszczenie powietrza, smog czy promienie UV. Dzi\u015b nie tylko wzmacniaj\u0105 warstw\u0119 rogow\u0105 nask\u00f3rka, ale pot\u0119guj\u0105 r\u00f3wnie\u017c dzia\u0142anie produkt\u00f3w nak\u0142adanych w kolejnych etapach piel\u0119gnacji. Mo\u017cna je aplikowa\u0107 samodzielnie na sk\u00f3r\u0119 lub doda\u0107 kilka kropel do ulubionego kremu. <\/p>\n\n\n\n<p>Kiedy nasza sk\u00f3ra potrzebuje intensywnej piel\u0119gnacji, to poza boosterem i serum mamy do wyboru jeszcze koncentrat. W\u015br\u00f3d tych preparat\u00f3w cz\u0119sto mo\u017cemy znale\u017a\u0107 kosmetyki nie tylko o wysokiej zawarto\u015bci sk\u0142adnik\u00f3w aktywnych, ale r\u00f3wnie\u017c o nieco bardziej bogatej dla sk\u00f3ry formule, dzi\u0119ki zawarto\u015bci od\u017cywczych olej\u00f3w.<\/p>\n\n\n\n<figure class=\"wp-block-image aligncenter size-large\"><a href=\"https:\/\/www.bandi.pl\/sklep\/koncentraty\/koncentrat-z-aktywna-witamina-c-701\/\"><img loading=\"lazy\" decoding=\"async\" width=\"500\" height=\"500\" src=\"https:\/\/www.bandi.pl\/blog\/wp-content\/uploads\/2021\/05\/MG_0056-500x500.jpg\" alt=\"Booster - zaawansowana piel\u0119gnacja\" class=\"wp-image-11804\"\/><\/a><\/figure>\n\n\n\n<h2 class=\"wp-block-heading\">Jaki kosmetyk wybra\u0107?<\/h2>\n\n\n\n<p>Mo\u017cna si\u0119 pogubi\u0107 w bogactwie oferty rynkowej, bo obok serum, koncentrat\u00f3w i booster\u00f3w s\u0105 jeszcze ampu\u0142ki, ekstrakty, esencje i inne formu\u0142y. Dlatego je\u015bli mamy problem z wyborem odpowiedniego dla siebie preparatu warto zg\u0142osi\u0107 si\u0119 po pomoc do profesjonalisty, kt\u00f3ry zdiagnozuje stan sk\u00f3ry i okre\u015bli jej potrzeby. A potem wytrwale trzyma\u0107 si\u0119 obranej strategii. Na pewno nie skaka\u0107 z produktu na produkt w poszukiwaniu lepszych efekt\u00f3w, bo takich w ten spos\u00f3b nie osi\u0105gniemy.<\/p>\n\n\n\n<h2 class=\"wp-block-heading\">Moja piel\u0119gnacja<\/h2>\n\n\n\n<p>Dla mojej dojrza\u0142ej, suchej cery doskona\u0142ym wyborem okaza\u0142 si\u0119 <a href=\"https:\/\/www.bandi.pl\/sklep\/ampulki\/peptydowy-booster-redukujacy-zmarszczki-880\/\">Peptydowy booster redukuj\u0105cy zmarszczki<\/a> ze z\u0142otem i proteinami ry\u017cowymi. Preparat ten wyra\u017anie uj\u0119drnia i nawil\u017ca sk\u00f3r\u0119, a tak\u017ce redukuje wszystkie typy zmarszczek. Kiedy mam wra\u017cenie, \u017ce sk\u00f3ra potrzebuje zdecydowanego od\u017cywienia stosuj\u0119 <a href=\"https:\/\/www.bandi.pl\/sklep\/ekstrakty\/odmladzajacy-fito-ekstrakt-olejowy-694\/\">Odm\u0142adzaj\u0105cy fito-ekstrakt olejowy<\/a>. Ta mieszanka fitosteroid\u00f3w sojowych i olej\u00f3w dzia\u0142a niczym odm\u0142adzaj\u0105cy zastrzyk. A jak bardzo si\u0119 postaram i po\u0142\u0105cz\u0119 jego aplikacj\u0119 z zalecanym masa\u017cem czuj\u0119 si\u0119 prawie jak po liftingu. Lato rezerwuj\u0119 na nawil\u017canie, czyli na <a href=\"https:\/\/www.bandi.pl\/sklep\/koncentraty\/koncentrat-nawilzajacy-z-kwasem-hialuronowym-699\/\">Koncentrat nawil\u017caj\u0105cy z kwasem hialuronowym<\/a>. Dzi\u0119ki lekkiej, \u017celowej formule szybko si\u0119 wch\u0142ania i zdecydowanie poprawia stan nawodnienia. Wczesn\u0105 jesieni\u0105 si\u0119gam po <a href=\"https:\/\/www.bandi.pl\/sklep\/koncentraty\/koncentrat-z-aktywna-witamina-c-701\/\">Koncentrat z aktywn\u0105 witamin\u0105 C<\/a>. Porz\u0105dna dawka witaminy C pi\u0119knie wyr\u00f3wnuje koloryt cery. Warto jeszcze wspomnie\u0107 o <a href=\"https:\/\/www.bandi.pl\/sklep\/serum\/bio-esencja-naprawcza-655\/\">Bio-esencji naprawczej<\/a>. To wyj\u0105tkowy kosmetyk, kt\u00f3ry sprawdza si\u0119 w ko\u0144cowym etapie oczyszczania cery i pierwszym piel\u0119gnacji aktywnej. Konsystencja lekka, wodnista, niepozorna, za to bardzo tre\u015bciwa. Nawil\u017ca, wyg\u0142adza i perfekcyjnie przygotowuje sk\u00f3r\u0119 do przyj\u0119cia nast\u0119pnie aplikowanych sk\u0142adnik\u00f3w aktywnych.<\/p>\n\n\n\n<p>Wiosna to idealny czas na zaawansowan\u0105 piel\u0119gnacj\u0119 sk\u00f3ry. Si\u0119gaj\u0105c po serum, booster czy koncentrat dostarczymy jej wielu cennych sk\u0142adnik\u00f3w aktywnych. Dzi\u0119ki temu zm\u0119czona i przesuszona po zimie sk\u00f3ra odzyska sw\u00f3j dawny blask i promienny wygl\u0105d.<\/p>\n\n\n\n<div class=\"wp-block-divi-layout\">[et_pb_section fb_built=&#8221;1&#8243; _builder_version=&#8221;4.4.1&#8243;][\/et_pb_section][et_pb_section fb_built=&#8221;1&#8243; _builder_version=&#8221;4.4.1&#8243; top_divider_style=&#8221;arrow&#8221; top_divider_color=&#8221;rgba(255,166,168,0.75)&#8221; top_divider_height=&#8221;1px&#8221; bottom_divider_style=&#8221;arrow&#8221; bottom_divider_color=&#8221;rgba(255,166,168,0.75)&#8221; bottom_divider_height=&#8221;1px&#8221;][et_pb_row column_structure=&#8221;1_2,1_2&#8243; _builder_version=&#8221;4.4.1&#8243; width=&#8221;100%&#8221; module_alignment=&#8221;left&#8221; custom_margin=&#8221;||||false|false&#8221;][et_pb_column type=&#8221;1_2&#8243; _builder_version=&#8221;4.4.1&#8243;][et_pb_text _builder_version=&#8221;4.4.1&#8243; text_font=&#8221;Raleway Bold||||||||&#8221; text_text_color=&#8221;rgba(255,166,168,0.75)&#8221; text_font_size=&#8221;56px&#8221; text_letter_spacing=&#8221;8px&#8221; text_line_height=&#8221;1.1em&#8221; custom_margin=&#8221;40px|-5px|||false|false&#8221; hover_enabled=&#8221;0&#8243; link_option_url=&#8221;https:\/\/www.bandi.pl\/sklep\/sekcja\/polecamy\/&#8221;]<p style=\"text-align: center;\"><strong><span style=\"font-size: xx-large;\">WIOSENNE DO\u0141ADOWANIE<\/span><br><\/strong><\/p>\n[\/et_pb_text][et_pb_text _builder_version=&#8221;4.4.1&#8243; text_font=&#8221;Raleway Regular||||||||&#8221; text_text_color=&#8221;#b8b8b8&#8243; text_font_size=&#8221;22px&#8221; text_line_height=&#8221;1.5em&#8221; hover_enabled=&#8221;0&#8243; link_option_url=&#8221;https:\/\/www.bandi.pl\/sklep\/sekcja\/polecamy\/&#8221;]<p style=\"text-align: center;\">Kt\u00f3ry kosmetyk wybierzesz?<\/p>\n[\/et_pb_text][et_pb_button button_url=&#8221;https:\/\/www.bandi.pl\/sklep\/sekcja\/polecamy\/&#8221; button_text=&#8221;ZOBACZ&#8221; button_alignment=&#8221;center&#8221; disabled_on=&#8221;off|off|off&#8221; _builder_version=&#8221;4.4.1&#8243; custom_button=&#8221;on&#8221; button_text_size=&#8221;20px&#8221; button_text_color=&#8221;#ffffff&#8221; button_border_radius=&#8221;25px&#8221; button_font=&#8221;Bree Serif||||||||&#8221; background_layout=&#8221;dark&#8221; custom_padding=&#8221;12px|30px|12px|30px|true|true&#8221; hover_transition_duration=&#8221;0ms&#8221; hover_enabled=&#8221;0&#8243; box_shadow_style=&#8221;preset3&#8243;][\/et_pb_button][\/et_pb_column][et_pb_column type=&#8221;1_2&#8243; _builder_version=&#8221;4.4.1&#8243;][et_pb_image src=&#8221;https:\/\/www.bandi.pl\/blog\/wp-content\/uploads\/2021\/05\/MG_0175-scaled.jpg&#8221; align=&#8221;center&#8221; _builder_version=&#8221;4.4.1&#8243; hover_enabled=&#8221;0&#8243; url=&#8221;https:\/\/www.bandi.pl\/sklep\/sekcja\/polecamy\/&#8221;][\/et_pb_image][\/et_pb_column][\/et_pb_row][\/et_pb_section]<\/div>\n","protected":false},"excerpt":{"rendered":"<p>Skoncentrowane preparaty, takie jak serum, koncentrat czy modny ostatnio booster, to kosmetyki do zada\u0144 specjalnych i niezb\u0119dny element zaawansowanej piel\u0119gnacji. Czym si\u0119 r\u00f3\u017cni\u0105, jak\u0105 spe\u0142niaj\u0105 rol\u0119? Co \u0142\u0105czy serum, koncentrat i booster? Wszystkie te preparaty charakteryzuje wysoka zawarto\u015b\u0107 i st\u0119\u017cenie sk\u0142adnik\u00f3w aktywnych, dzi\u0119ki czemu efektywnie dzia\u0142aj\u0105. Maj\u0105 za zadanie zdecydowane i szybkie rozwi\u0105zanie danego problemu [&hellip;]<\/p>\n","protected":false},"author":13,"featured_media":11810,"comment_status":"open","ping_status":"closed","sticky":false,"template":"","format":"standard","meta":{"_et_pb_use_builder":"","_et_pb_old_content":"","_et_gb_content_width":"","footnotes":""},"categories":[2980,1817],"tags":[6280,3445,6281,4783,6032,6279,6282,4712,3878,4232,59,2909,6033,4230,5868,6015,5261,5937,5941,6278,28],"class_list":["post-11799","post","type-post","status-publish","format-standard","has-post-thumbnail","hentry","category-edyta-bilobran","category-kategoria-pielegnacja-i-kosmetyki","tag-aha","tag-bandi","tag-bha","tag-boost-care","tag-booster","tag-esencja","tag-fito-ekstrakt-olejowy","tag-glow","tag-koncentrat","tag-kosmetyki-profesjonalne","tag-nawilzanie","tag-peptydy","tag-pielegnacja-aktywna","tag-pielegnacja-profesjonalna","tag-pielegnacja-twarzy","tag-promienna-cera","tag-rozswietlenie-cery","tag-serum","tag-skoncentrowana-pielegnacja","tag-wiosenne-doladowanie","tag-witamina-c"],"yoast_head":"<!-- This site is optimized with the Yoast SEO plugin v27.1.1 - https:\/\/yoast.com\/product\/yoast-seo-wordpress\/ -->\n<title>Booster, serum, koncentrat - zaawansowana piel\u0119gnacja &#187; Blog BANDI<\/title>\n<meta name=\"description\" content=\"Wiosna to idealny czas na zaawansowan\u0105 piel\u0119gnacj\u0119 sk\u00f3ry. Serum, koncentrat, booster? Kt\u00f3ry kosmetyk wybra\u0107 w tym okresie?\" \/>\n<meta name=\"robots\" content=\"index, follow, max-snippet:-1, max-image-preview:large, max-video-preview:-1\" \/>\n<link rel=\"canonical\" href=\"https:\/\/www.bandi.pl\/blog\/booster-serum-koncentrat-zaawansowana-pielegnacja\/\" \/>\n<meta property=\"og:locale\" content=\"pl_PL\" \/>\n<meta property=\"og:type\" content=\"article\" \/>\n<meta property=\"og:title\" content=\"Booster, serum, koncentrat - zaawansowana piel\u0119gnacja &#187; Blog BANDI\" \/>\n<meta property=\"og:description\" content=\"Wiosna to idealny czas na zaawansowan\u0105 piel\u0119gnacj\u0119 sk\u00f3ry. Serum, koncentrat, booster? Kt\u00f3ry kosmetyk wybra\u0107 w tym okresie?\" \/>\n<meta property=\"og:url\" content=\"https:\/\/www.bandi.pl\/blog\/booster-serum-koncentrat-zaawansowana-pielegnacja\/\" \/>\n<meta property=\"og:site_name\" content=\"Blog BANDI\" \/>\n<meta property=\"article:publisher\" content=\"https:\/\/web.facebook.com\/BANDIcosmetics\" \/>\n<meta property=\"article:published_time\" content=\"2021-05-18T09:00:00+00:00\" \/>\n<meta property=\"article:modified_time\" content=\"2026-01-28T15:05:21+00:00\" \/>\n<meta property=\"og:image\" content=\"https:\/\/www.bandi.pl\/blog\/wp-content\/uploads\/2021\/05\/MG_0100-scaled.jpg\" \/>\n\t<meta property=\"og:image:width\" content=\"2560\" \/>\n\t<meta property=\"og:image:height\" content=\"2560\" \/>\n\t<meta property=\"og:image:type\" content=\"image\/jpeg\" \/>\n<meta name=\"author\" content=\"Ilona Kiraga\" \/>\n<meta name=\"twitter:card\" content=\"summary_large_image\" \/>\n<meta name=\"twitter:creator\" content=\"@bandi_cosmetics\" \/>\n<meta name=\"twitter:site\" content=\"@bandi_cosmetics\" \/>\n<meta name=\"twitter:label1\" content=\"Napisane przez\" \/>\n\t<meta name=\"twitter:data1\" content=\"Ilona Kiraga\" \/>\n\t<meta name=\"twitter:label2\" content=\"Szacowany czas czytania\" \/>\n\t<meta name=\"twitter:data2\" content=\"5 minut\" \/>\n<script type=\"application\/ld+json\" class=\"yoast-schema-graph\">{\"@context\":\"https:\/\/schema.org\",\"@graph\":[{\"@type\":\"Article\",\"@id\":\"https:\/\/www.bandi.pl\/blog\/booster-serum-koncentrat-zaawansowana-pielegnacja\/#article\",\"isPartOf\":{\"@id\":\"https:\/\/www.bandi.pl\/blog\/booster-serum-koncentrat-zaawansowana-pielegnacja\/\"},\"author\":{\"name\":\"Ilona Kiraga\",\"@id\":\"https:\/\/www.bandi.pl\/blog\/#\/schema\/person\/5ba05af1a18c58f1c31d4ae051ec9499\"},\"headline\":\"Booster, serum, koncentrat &#8211; zaawansowana piel\u0119gnacja\",\"datePublished\":\"2021-05-18T09:00:00+00:00\",\"dateModified\":\"2026-01-28T15:05:21+00:00\",\"mainEntityOfPage\":{\"@id\":\"https:\/\/www.bandi.pl\/blog\/booster-serum-koncentrat-zaawansowana-pielegnacja\/\"},\"wordCount\":1038,\"commentCount\":0,\"publisher\":{\"@id\":\"https:\/\/www.bandi.pl\/blog\/#organization\"},\"image\":{\"@id\":\"https:\/\/www.bandi.pl\/blog\/booster-serum-koncentrat-zaawansowana-pielegnacja\/#primaryimage\"},\"thumbnailUrl\":\"https:\/\/www.bandi.pl\/blog\/wp-content\/uploads\/2021\/05\/MG_0100-scaled.jpg\",\"keywords\":[\"AHA\",\"Bandi\",\"BHA\",\"boost care\",\"booster\",\"esencja\",\"fito-ekstrakt olejowy\",\"glow\",\"koncentrat\",\"kosmetyki profesjonalne\",\"nawil\u017canie\",\"peptydy\",\"piel\u0119gnacja aktywna\",\"piel\u0119gnacja profesjonalna\",\"piel\u0119gnacja twarzy\",\"promienna cera\",\"roz\u015bwietlenie cery\",\"serum\",\"skoncentrowana piel\u0119gnacja\",\"wiosenne do\u0142adowanie\",\"witamina C\"],\"articleSection\":[\"Edyta Bi\u0142obran\",\"Piel\u0119gnacja i kosmetyki\"],\"inLanguage\":\"pl-PL\",\"potentialAction\":[{\"@type\":\"CommentAction\",\"name\":\"Comment\",\"target\":[\"https:\/\/www.bandi.pl\/blog\/booster-serum-koncentrat-zaawansowana-pielegnacja\/#respond\"]}]},{\"@type\":\"WebPage\",\"@id\":\"https:\/\/www.bandi.pl\/blog\/booster-serum-koncentrat-zaawansowana-pielegnacja\/\",\"url\":\"https:\/\/www.bandi.pl\/blog\/booster-serum-koncentrat-zaawansowana-pielegnacja\/\",\"name\":\"Booster, serum, koncentrat - zaawansowana piel\u0119gnacja &#187; Blog BANDI\",\"isPartOf\":{\"@id\":\"https:\/\/www.bandi.pl\/blog\/#website\"},\"primaryImageOfPage\":{\"@id\":\"https:\/\/www.bandi.pl\/blog\/booster-serum-koncentrat-zaawansowana-pielegnacja\/#primaryimage\"},\"image\":{\"@id\":\"https:\/\/www.bandi.pl\/blog\/booster-serum-koncentrat-zaawansowana-pielegnacja\/#primaryimage\"},\"thumbnailUrl\":\"https:\/\/www.bandi.pl\/blog\/wp-content\/uploads\/2021\/05\/MG_0100-scaled.jpg\",\"datePublished\":\"2021-05-18T09:00:00+00:00\",\"dateModified\":\"2026-01-28T15:05:21+00:00\",\"description\":\"Wiosna to idealny czas na zaawansowan\u0105 piel\u0119gnacj\u0119 sk\u00f3ry. Serum, koncentrat, booster? Kt\u00f3ry kosmetyk wybra\u0107 w tym okresie?\",\"breadcrumb\":{\"@id\":\"https:\/\/www.bandi.pl\/blog\/booster-serum-koncentrat-zaawansowana-pielegnacja\/#breadcrumb\"},\"inLanguage\":\"pl-PL\",\"potentialAction\":[{\"@type\":\"ReadAction\",\"target\":[\"https:\/\/www.bandi.pl\/blog\/booster-serum-koncentrat-zaawansowana-pielegnacja\/\"]}]},{\"@type\":\"ImageObject\",\"inLanguage\":\"pl-PL\",\"@id\":\"https:\/\/www.bandi.pl\/blog\/booster-serum-koncentrat-zaawansowana-pielegnacja\/#primaryimage\",\"url\":\"https:\/\/www.bandi.pl\/blog\/wp-content\/uploads\/2021\/05\/MG_0100-scaled.jpg\",\"contentUrl\":\"https:\/\/www.bandi.pl\/blog\/wp-content\/uploads\/2021\/05\/MG_0100-scaled.jpg\",\"width\":2560,\"height\":2560},{\"@type\":\"BreadcrumbList\",\"@id\":\"https:\/\/www.bandi.pl\/blog\/booster-serum-koncentrat-zaawansowana-pielegnacja\/#breadcrumb\",\"itemListElement\":[{\"@type\":\"ListItem\",\"position\":1,\"name\":\"BANDI\",\"item\":\"https:\/\/www.bandi.pl\/blog\/\"},{\"@type\":\"ListItem\",\"position\":2,\"name\":\"Booster, serum, koncentrat &#8211; zaawansowana piel\u0119gnacja\"}]},{\"@type\":\"WebSite\",\"@id\":\"https:\/\/www.bandi.pl\/blog\/#website\",\"url\":\"https:\/\/www.bandi.pl\/blog\/\",\"name\":\"Blog BANDI\",\"description\":\"Czarno na bia\u0142ym o kosmetykach\",\"publisher\":{\"@id\":\"https:\/\/www.bandi.pl\/blog\/#organization\"},\"potentialAction\":[{\"@type\":\"SearchAction\",\"target\":{\"@type\":\"EntryPoint\",\"urlTemplate\":\"https:\/\/www.bandi.pl\/blog\/?s={search_term_string}\"},\"query-input\":{\"@type\":\"PropertyValueSpecification\",\"valueRequired\":true,\"valueName\":\"search_term_string\"}}],\"inLanguage\":\"pl-PL\"},{\"@type\":\"Organization\",\"@id\":\"https:\/\/www.bandi.pl\/blog\/#organization\",\"name\":\"BANDI\",\"url\":\"https:\/\/www.bandi.pl\/blog\/\",\"logo\":{\"@type\":\"ImageObject\",\"inLanguage\":\"pl-PL\",\"@id\":\"https:\/\/www.bandi.pl\/blog\/#\/schema\/logo\/image\/\",\"url\":\"https:\/\/www.bandi.pl\/blog\/wp-content\/uploads\/2019\/06\/bandi-logo.png\",\"contentUrl\":\"https:\/\/www.bandi.pl\/blog\/wp-content\/uploads\/2019\/06\/bandi-logo.png\",\"width\":264,\"height\":111,\"caption\":\"BANDI\"},\"image\":{\"@id\":\"https:\/\/www.bandi.pl\/blog\/#\/schema\/logo\/image\/\"},\"sameAs\":[\"https:\/\/web.facebook.com\/BANDIcosmetics\",\"https:\/\/x.com\/bandi_cosmetics\",\"https:\/\/www.instagram.com\/bandi_cosmetics\/\",\"https:\/\/www.pinterest.com\/bandicosmetics\/\",\"https:\/\/www.youtube.com\/user\/BandiCosmeticsPolska\"]},{\"@type\":\"Person\",\"@id\":\"https:\/\/www.bandi.pl\/blog\/#\/schema\/person\/5ba05af1a18c58f1c31d4ae051ec9499\",\"name\":\"Ilona Kiraga\"}]}<\/script>\n<!-- \/ Yoast SEO plugin. -->","yoast_head_json":{"title":"Booster, serum, koncentrat - zaawansowana piel\u0119gnacja &#187; Blog BANDI","description":"Wiosna to idealny czas na zaawansowan\u0105 piel\u0119gnacj\u0119 sk\u00f3ry. Serum, koncentrat, booster? Kt\u00f3ry kosmetyk wybra\u0107 w tym okresie?","robots":{"index":"index","follow":"follow","max-snippet":"max-snippet:-1","max-image-preview":"max-image-preview:large","max-video-preview":"max-video-preview:-1"},"canonical":"https:\/\/www.bandi.pl\/blog\/booster-serum-koncentrat-zaawansowana-pielegnacja\/","og_locale":"pl_PL","og_type":"article","og_title":"Booster, serum, koncentrat - zaawansowana piel\u0119gnacja &#187; Blog BANDI","og_description":"Wiosna to idealny czas na zaawansowan\u0105 piel\u0119gnacj\u0119 sk\u00f3ry. Serum, koncentrat, booster? Kt\u00f3ry kosmetyk wybra\u0107 w tym okresie?","og_url":"https:\/\/www.bandi.pl\/blog\/booster-serum-koncentrat-zaawansowana-pielegnacja\/","og_site_name":"Blog BANDI","article_publisher":"https:\/\/web.facebook.com\/BANDIcosmetics","article_published_time":"2021-05-18T09:00:00+00:00","article_modified_time":"2026-01-28T15:05:21+00:00","og_image":[{"width":2560,"height":2560,"url":"https:\/\/www.bandi.pl\/blog\/wp-content\/uploads\/2021\/05\/MG_0100-scaled.jpg","type":"image\/jpeg"}],"author":"Ilona Kiraga","twitter_card":"summary_large_image","twitter_creator":"@bandi_cosmetics","twitter_site":"@bandi_cosmetics","twitter_misc":{"Napisane przez":"Ilona Kiraga","Szacowany czas czytania":"5 minut"},"schema":{"@context":"https:\/\/schema.org","@graph":[{"@type":"Article","@id":"https:\/\/www.bandi.pl\/blog\/booster-serum-koncentrat-zaawansowana-pielegnacja\/#article","isPartOf":{"@id":"https:\/\/www.bandi.pl\/blog\/booster-serum-koncentrat-zaawansowana-pielegnacja\/"},"author":{"name":"Ilona Kiraga","@id":"https:\/\/www.bandi.pl\/blog\/#\/schema\/person\/5ba05af1a18c58f1c31d4ae051ec9499"},"headline":"Booster, serum, koncentrat &#8211; zaawansowana piel\u0119gnacja","datePublished":"2021-05-18T09:00:00+00:00","dateModified":"2026-01-28T15:05:21+00:00","mainEntityOfPage":{"@id":"https:\/\/www.bandi.pl\/blog\/booster-serum-koncentrat-zaawansowana-pielegnacja\/"},"wordCount":1038,"commentCount":0,"publisher":{"@id":"https:\/\/www.bandi.pl\/blog\/#organization"},"image":{"@id":"https:\/\/www.bandi.pl\/blog\/booster-serum-koncentrat-zaawansowana-pielegnacja\/#primaryimage"},"thumbnailUrl":"https:\/\/www.bandi.pl\/blog\/wp-content\/uploads\/2021\/05\/MG_0100-scaled.jpg","keywords":["AHA","Bandi","BHA","boost care","booster","esencja","fito-ekstrakt olejowy","glow","koncentrat","kosmetyki profesjonalne","nawil\u017canie","peptydy","piel\u0119gnacja aktywna","piel\u0119gnacja profesjonalna","piel\u0119gnacja twarzy","promienna cera","roz\u015bwietlenie cery","serum","skoncentrowana piel\u0119gnacja","wiosenne do\u0142adowanie","witamina C"],"articleSection":["Edyta Bi\u0142obran","Piel\u0119gnacja i kosmetyki"],"inLanguage":"pl-PL","potentialAction":[{"@type":"CommentAction","name":"Comment","target":["https:\/\/www.bandi.pl\/blog\/booster-serum-koncentrat-zaawansowana-pielegnacja\/#respond"]}]},{"@type":"WebPage","@id":"https:\/\/www.bandi.pl\/blog\/booster-serum-koncentrat-zaawansowana-pielegnacja\/","url":"https:\/\/www.bandi.pl\/blog\/booster-serum-koncentrat-zaawansowana-pielegnacja\/","name":"Booster, serum, koncentrat - zaawansowana piel\u0119gnacja &#187; Blog BANDI","isPartOf":{"@id":"https:\/\/www.bandi.pl\/blog\/#website"},"primaryImageOfPage":{"@id":"https:\/\/www.bandi.pl\/blog\/booster-serum-koncentrat-zaawansowana-pielegnacja\/#primaryimage"},"image":{"@id":"https:\/\/www.bandi.pl\/blog\/booster-serum-koncentrat-zaawansowana-pielegnacja\/#primaryimage"},"thumbnailUrl":"https:\/\/www.bandi.pl\/blog\/wp-content\/uploads\/2021\/05\/MG_0100-scaled.jpg","datePublished":"2021-05-18T09:00:00+00:00","dateModified":"2026-01-28T15:05:21+00:00","description":"Wiosna to idealny czas na zaawansowan\u0105 piel\u0119gnacj\u0119 sk\u00f3ry. Serum, koncentrat, booster? Kt\u00f3ry kosmetyk wybra\u0107 w tym okresie?","breadcrumb":{"@id":"https:\/\/www.bandi.pl\/blog\/booster-serum-koncentrat-zaawansowana-pielegnacja\/#breadcrumb"},"inLanguage":"pl-PL","potentialAction":[{"@type":"ReadAction","target":["https:\/\/www.bandi.pl\/blog\/booster-serum-koncentrat-zaawansowana-pielegnacja\/"]}]},{"@type":"ImageObject","inLanguage":"pl-PL","@id":"https:\/\/www.bandi.pl\/blog\/booster-serum-koncentrat-zaawansowana-pielegnacja\/#primaryimage","url":"https:\/\/www.bandi.pl\/blog\/wp-content\/uploads\/2021\/05\/MG_0100-scaled.jpg","contentUrl":"https:\/\/www.bandi.pl\/blog\/wp-content\/uploads\/2021\/05\/MG_0100-scaled.jpg","width":2560,"height":2560},{"@type":"BreadcrumbList","@id":"https:\/\/www.bandi.pl\/blog\/booster-serum-koncentrat-zaawansowana-pielegnacja\/#breadcrumb","itemListElement":[{"@type":"ListItem","position":1,"name":"BANDI","item":"https:\/\/www.bandi.pl\/blog\/"},{"@type":"ListItem","position":2,"name":"Booster, serum, koncentrat &#8211; zaawansowana piel\u0119gnacja"}]},{"@type":"WebSite","@id":"https:\/\/www.bandi.pl\/blog\/#website","url":"https:\/\/www.bandi.pl\/blog\/","name":"Blog BANDI","description":"Czarno na bia\u0142ym o kosmetykach","publisher":{"@id":"https:\/\/www.bandi.pl\/blog\/#organization"},"potentialAction":[{"@type":"SearchAction","target":{"@type":"EntryPoint","urlTemplate":"https:\/\/www.bandi.pl\/blog\/?s={search_term_string}"},"query-input":{"@type":"PropertyValueSpecification","valueRequired":true,"valueName":"search_term_string"}}],"inLanguage":"pl-PL"},{"@type":"Organization","@id":"https:\/\/www.bandi.pl\/blog\/#organization","name":"BANDI","url":"https:\/\/www.bandi.pl\/blog\/","logo":{"@type":"ImageObject","inLanguage":"pl-PL","@id":"https:\/\/www.bandi.pl\/blog\/#\/schema\/logo\/image\/","url":"https:\/\/www.bandi.pl\/blog\/wp-content\/uploads\/2019\/06\/bandi-logo.png","contentUrl":"https:\/\/www.bandi.pl\/blog\/wp-content\/uploads\/2019\/06\/bandi-logo.png","width":264,"height":111,"caption":"BANDI"},"image":{"@id":"https:\/\/www.bandi.pl\/blog\/#\/schema\/logo\/image\/"},"sameAs":["https:\/\/web.facebook.com\/BANDIcosmetics","https:\/\/x.com\/bandi_cosmetics","https:\/\/www.instagram.com\/bandi_cosmetics\/","https:\/\/www.pinterest.com\/bandicosmetics\/","https:\/\/www.youtube.com\/user\/BandiCosmeticsPolska"]},{"@type":"Person","@id":"https:\/\/www.bandi.pl\/blog\/#\/schema\/person\/5ba05af1a18c58f1c31d4ae051ec9499","name":"Ilona Kiraga"}]}},"_links":{"self":[{"href":"https:\/\/www.bandi.pl\/blog\/wp-json\/wp\/v2\/posts\/11799","targetHints":{"allow":["GET"]}}],"collection":[{"href":"https:\/\/www.bandi.pl\/blog\/wp-json\/wp\/v2\/posts"}],"about":[{"href":"https:\/\/www.bandi.pl\/blog\/wp-json\/wp\/v2\/types\/post"}],"author":[{"embeddable":true,"href":"https:\/\/www.bandi.pl\/blog\/wp-json\/wp\/v2\/users\/13"}],"replies":[{"embeddable":true,"href":"https:\/\/www.bandi.pl\/blog\/wp-json\/wp\/v2\/comments?post=11799"}],"version-history":[{"count":12,"href":"https:\/\/www.bandi.pl\/blog\/wp-json\/wp\/v2\/posts\/11799\/revisions"}],"predecessor-version":[{"id":22445,"href":"https:\/\/www.bandi.pl\/blog\/wp-json\/wp\/v2\/posts\/11799\/revisions\/22445"}],"wp:featuredmedia":[{"embeddable":true,"href":"https:\/\/www.bandi.pl\/blog\/wp-json\/wp\/v2\/media\/11810"}],"wp:attachment":[{"href":"https:\/\/www.bandi.pl\/blog\/wp-json\/wp\/v2\/media?parent=11799"}],"wp:term":[{"taxonomy":"category","embeddable":true,"href":"https:\/\/www.bandi.pl\/blog\/wp-json\/wp\/v2\/categories?post=11799"},{"taxonomy":"post_tag","embeddable":true,"href":"https:\/\/www.bandi.pl\/blog\/wp-json\/wp\/v2\/tags?post=11799"}],"curies":[{"name":"wp","href":"https:\/\/api.w.org\/{rel}","templated":true}]}}