{"id":11635,"date":"2021-04-06T14:08:06","date_gmt":"2021-04-06T12:08:06","guid":{"rendered":"https:\/\/www.bandi.pl\/blog\/?p=11635"},"modified":"2021-04-06T14:08:07","modified_gmt":"2021-04-06T12:08:07","slug":"nawilzanie-skory-jakie-kosmetyki-wybrac","status":"publish","type":"post","link":"https:\/\/www.bandi.pl\/blog\/nawilzanie-skory-jakie-kosmetyki-wybrac\/","title":{"rendered":"Nawil\u017canie sk\u00f3ry &#8211; jakie kosmetyki wybra\u0107?"},"content":{"rendered":"\n<p>O tym, \u017ce nawil\u017canie jest nieod\u0142\u0105cznym i koniecznym elementem piel\u0119gnacji nikogo nie trzeba przekonywa\u0107. Potrzebne jest ka\u017cdej cerze, zar\u00f3wno suchej, jak i t\u0142ustej, delikatnej i wra\u017cliwej, m\u0142odej i dojrza\u0142ej. I to przez ca\u0142y rok. Zapewnia prawid\u0142owe funkcjonowanie sk\u00f3ry, pe\u0142ni funkcje ochronne i przeciwstarzeniowe. Powod\u00f3w, dla kt\u00f3rych warto dba\u0107 o jego w\u0142a\u015bciwy poziom jest wiele. Wystarczy spojrze\u0107 na efekty. <\/p>\n\n\n\n<h2 class=\"wp-block-heading\">Problemy cery niedostatecznie nawil\u017conej<\/h2>\n\n\n\n<p>Cera nawil\u017cona jest elastyczna, odpowiednio napi\u0119ta, g\u0142adsza, z mniej zauwa\u017calnymi zmarszczkami. Poza tym lepiej przyswaja sk\u0142adniki aktywne z kosmetyk\u00f3w i jest mniej podatna na niekorzystne dzia\u0142anie czynnik\u00f3w \u015brodowiskowych. Z kolei sk\u00f3ra sucha boryka si\u0119 z r\u00f3\u017cnymi problemami, szorstko\u015bci\u0105, nieprzyjemnym uczuciem \u015bci\u0105gni\u0119cia, przesuszeniami, zaczerwienieniem. Cienka i napi\u0119ta \u0142atwo ulega podra\u017cnieniom, mo\u017ce si\u0119 \u0142uszczy\u0107, wykazuje wi\u0119ksz\u0105 sk\u0142onno\u015b\u0107 do atopii, jest ma\u0142o elastyczna, matowa, cz\u0119sto o szarym kolorycie. Wszystkie za\u0142amania, bruzdy i zmarszczki s\u0105 na niej bardziej widoczne i szybciej si\u0119 starzeje. <\/p>\n\n\n\n<h2 class=\"wp-block-heading\">Czego unika\u0107?<\/h2>\n\n\n\n<p>Sucho\u015bci sk\u00f3ry sprzyjaj\u0105 promieniowanie UV, czynniki klimatyczne, problemy zdrowotne, nienawadniaj\u0105ca dieta, alkohol, papierosy, stres, z\u0142e nawyki piel\u0119gnacyjne i oczywi\u015bcie wiek. Im sk\u00f3ra starsza tym bardziej sucha, poniewa\u017c ubywa naturalnego kwasu hialuronowego, kolagenu, obni\u017ca si\u0119 poziom estrogen\u00f3w, odpowiedzialnych za jej g\u0119sto\u015b\u0107, j\u0119drno\u015b\u0107 i nawil\u017cenie. Na niekt\u00f3re czynniki nie mamy wp\u0142ywu, ale na pewne tak i do nich nale\u017cy piel\u0119gnacja, kt\u00f3ra ma niebagatelne znaczenie dla kondycji sk\u00f3ry. W\u0142a\u015bciwie dobrana, potrafi przywr\u00f3ci\u0107 odpowiedni poziom nawil\u017cenia poprzez odbudow\u0119 i wzmocnienie uszkodzonej bariery nask\u00f3rkowej, uzupe\u0142nienie lipid\u00f3w, odbudow\u0119 w\u0142\u00f3kien kolagenowych. Uczyni\u0107 sk\u00f3r\u0119 j\u0119drn\u0105, g\u0142adk\u0105 i elastyczn\u0105. Woln\u0105 od sucho\u015bci. <\/p>\n\n\n\n<h2 class=\"wp-block-heading\">Intensywne nawil\u017canie &#8211; jakie sk\u0142adniki wybra\u0107?<\/h2>\n\n\n\n<p>Jakich, wobec tego sk\u0142adnik\u00f3w szuka\u0107 w kosmetykach, aby zdzia\u0142a\u0142y takie cuda? Oto moje ulubione:<\/p>\n\n\n\n<ul class=\"wp-block-list\"><li>kwas hialuronowy &#8211; od lat wiedzie prym w\u015br\u00f3d nawil\u017caczy. Wi\u0105\u017ce i zatrzymuje wod\u0119 w nask\u00f3rku. Pomaga odbudowa\u0107 prawid\u0142ow\u0105 barier\u0119 hydrolipidow\u0105. \u0141agodzi, od\u015bwie\u017ca i uj\u0119drnia,<\/li><li>niacynamid &#8211; inaczej witamina B3. W ostatnim czasie robi furor\u0119 dzi\u0119ki swoim licznym w\u0142a\u015bciwo\u015bciom. Wyg\u0142adza, nawil\u017ca, wyr\u00f3wnuje koloryt, przyczynia si\u0119 do redukcji przebarwie\u0144, poprawia funkcj\u0119 bariery nask\u00f3rkowej i ogranicza nadmiern\u0105 ucieczk\u0119 wody ze sk\u00f3ry,<\/li><li>mocznik \u2013 element NMF-u i p\u0142aszcza hydrolipidowego sk\u00f3ry. Przyci\u0105ga i wi\u0105\u017ce wod\u0119, nie pozwalaj\u0105c jej odparowa\u0107. Dzi\u0119ki temu intensywnie nawil\u017ca, zmi\u0119kcza, wyg\u0142adza, redukuje p\u0119kanie i szorstko\u015b\u0107 nask\u00f3rka.,<\/li><li>ektoina &#8211; chroni przed szkodliwym wp\u0142ywem zanieczyszcze\u0144 \u015brodowiska, uszkodzeniami, wolnymi rodnikami. Intensywnie nawil\u017ca i regeneruje,<\/li><li>trehaloza<strong> <\/strong>&#8211; wzmacnia naturalne funkcje bariery ochronnej nask\u00f3rka, przeciwdzia\u0142a podra\u017cnieniom.<\/li><li>algi <strong>&#8211; <\/strong>dzia\u0142aj\u0105 nawil\u017caj\u0105co i przeciwstarzeniowo. S\u0105 bogate w kwas alginowy, bia\u0142ka, mannitol, jod, w\u0119glowodany, wolne aminokwasy oraz witaminy i minera\u0142y,<\/li><li>estry cholesterolu &#8211; wp\u0142ywaj\u0105 na lepsze nawil\u017cenie, napraw\u0119 i od\u017cywienie sk\u00f3ry,<\/li><li>kolagen &#8211; zapobiega przeznask\u00f3rkowej utracie wody co znacz\u0105co spowalnia objawy starzenia,<\/li><li>witamina E \u2013 nawil\u017ca, od\u017cywia i wymiata wolne rodniki, poprawia mi\u0119kko\u015b\u0107 i elastyczno\u015b\u0107 nask\u00f3rka. Zmniejsza wra\u017cliwo\u015b\u0107 na promieniowanie UV.<\/li><\/ul>\n\n\n\n<p>Wszystkie te sk\u0142adniki, osobno i w r\u00f3\u017cnych konfiguracjach dobroczynnie wp\u0142ywaj\u0105 na sk\u00f3r\u0119.<\/p>\n\n\n\n<div class=\"wp-block-image\"><figure class=\"aligncenter size-large\"><a href=\"https:\/\/www.bandi.pl\/sklep\/kremy\/krem-intensywnie-nawilzajacy-848\/\"><img loading=\"lazy\" decoding=\"async\" width=\"500\" height=\"500\" src=\"https:\/\/www.bandi.pl\/blog\/wp-content\/uploads\/2021\/04\/P1005816-2-500x500.jpg\" alt=\"Krem intensywne nawil\u017canie\" class=\"wp-image-11636\"\/><\/a><\/figure><\/div>\n\n\n\n<h2 class=\"wp-block-heading\">Nawil\u017canie a rodzaj cery<\/h2>\n\n\n\n<p>Ka\u017cda cera powinna by\u0107 nawil\u017cana, ale ka\u017cda w nieco inny spos\u00f3b w zale\u017cno\u015bci od jej rodzaju, wieku, kondycji. Cerze bardzo suchej przys\u0142u\u017c\u0105 si\u0119 kremy ci\u0119\u017csze, g\u0119stsze, o bogatym, od\u017cywczym sk\u0142adzie (<a href=\"https:\/\/www.bandi.pl\/sklep\/kremy\/kremowa-kuracja-nawilzajaco-naprawcza-644\/\">kremowa kuracja nawil\u017caj\u0105co-naprawcza<\/a>, <a href=\"https:\/\/www.bandi.pl\/sklep\/kremy\/krem-odzywczo-nawilzajacy-849\/\">krem od\u017cywczo-nawil\u017caj\u0105cy<\/a>). Cera normalna lubi emulsje i kremy o l\u017cejszej konsystencji (<a href=\"https:\/\/www.bandi.pl\/sklep\/emulsje\/emulsja-silnie-nawilzajaca-642\/\">emulsja silnie nawil\u017caj\u0105ca<\/a>, <a href=\"https:\/\/www.bandi.pl\/sklep\/kremy\/krem-intensywnie-nawilzajacy-848\/\">krem intensywnie nawil\u017caj\u0105cy<\/a>, <a href=\"https:\/\/www.bandi.pl\/sklep\/katalog\/seria\/15_delicate-care\/\">nawil\u017caj\u0105cy krem z algami morskimi<\/a>). Dla cery t\u0142ustej i mieszanej najlepsze b\u0119d\u0105 kosmetyki nawil\u017caj\u0105ce, kt\u00f3re zmniejszaj\u0105 wydzielanie sebum i nie s\u0105 komedogenne (<a href=\"https:\/\/www.bandi.pl\/sklep\/katalog\/seria\/72_sebo-care\/\">linia Sebo Care<\/a>). Cera wra\u017cliwa powinna by\u0107 traktowana delikatnymi preparatami wzmacniaj\u0105cymi mikrobion (<a href=\"https:\/\/www.bandi.pl\/sklep\/emulsje\/lekka-emulsja-nawilzajaca-748\/\">lekka emulsja nawil\u017caj\u0105ca<\/a>, <a href=\"https:\/\/www.bandi.pl\/sklep\/kremy\/kuracja-s.o.s.-intensywnie-kojaca-886\/\">kuracja intensywnie koj\u0105ca<\/a>). Cera dojrza\u0142a potrzebuje solidnej dawki nawil\u017caczy wzbogaconych o substancje przeciwstarzeniowe (<a href=\"https:\/\/www.bandi.pl\/sklep\/kremy\/przeciwzmarszczkowy-krem-dla-cery-suchej-i-normalnej-707\/\">przeciwzmarszczkowy krem do cery suchej i normalnej<\/a>, <a href=\"https:\/\/www.bandi.pl\/sklep\/kremy\/odmladzajacy-krem-nawilzajacy-691\/\">odm\u0142adzaj\u0105cy krem nawil\u017caj\u0105cy<\/a>). Nie zapominajmy o oczach. Im nale\u017cy si\u0119 oddzielna porcja nawil\u017cania w <a href=\"https:\/\/www.bandi.pl\/sklep\/kremy\/krem-maska-pod-oczy-nawilzajaco-naprawcza-643\/\">postaci kremu-maski pod oczy nawil\u017caj\u0105co-naprawczej<\/a> lub w l\u017cejszych przypadkach <a href=\"https:\/\/www.bandi.pl\/sklep\/kremy\/rewitalizujacy-krem-pod-oczy-750\/\">rewitalizuj\u0105cego kremu pod oczy<\/a>, czy <a href=\"https:\/\/www.bandi.pl\/sklep\/kremy-pod-oczy\/nawilzajacy-krem-zel-pod-oczy-853\/\">nawil\u017caj\u0105cego kremu-\u017celu<\/a>.<\/p>\n\n\n\n<p>Wyb\u00f3r preparat\u00f3w nawil\u017caj\u0105cych jest ogromny. Ka\u017cdy znajdzie co\u015b odpowiedniego dla siebie. A kluczem do sukcesu jak zawsze jest systematyczno\u015b\u0107.<\/p>\n\n\n\n<div class=\"wp-block-divi-layout\">[et_pb_section fb_built=&#8221;1&#8243; _builder_version=&#8221;4.4.1&#8243;][\/et_pb_section][et_pb_section fb_built=&#8221;1&#8243; _builder_version=&#8221;4.4.1&#8243; top_divider_style=&#8221;arrow&#8221; top_divider_color=&#8221;rgba(255,166,168,0.75)&#8221; top_divider_height=&#8221;1px&#8221; bottom_divider_style=&#8221;arrow&#8221; bottom_divider_color=&#8221;rgba(255,166,168,0.75)&#8221; bottom_divider_height=&#8221;1px&#8221;][et_pb_row column_structure=&#8221;1_2,1_2&#8243; _builder_version=&#8221;4.4.1&#8243; width=&#8221;100%&#8221; module_alignment=&#8221;left&#8221; custom_margin=&#8221;||||false|false&#8221;][et_pb_column type=&#8221;1_2&#8243; _builder_version=&#8221;4.4.1&#8243;][et_pb_text _builder_version=&#8221;4.4.1&#8243; text_font=&#8221;Raleway Bold||||||||&#8221; text_text_color=&#8221;rgba(255,166,168,0.75)&#8221; text_font_size=&#8221;56px&#8221; text_letter_spacing=&#8221;8px&#8221; text_line_height=&#8221;1.1em&#8221; custom_margin=&#8221;40px||||false|false&#8221; hover_enabled=&#8221;0&#8243; link_option_url=&#8221;https:\/\/www.bandi.pl\/sklep\/katalog.php?wyr=nawil%BFaj%B1cy&#8221;]<p style=\"text-align: center;\"><strong><span style=\"font-size: xx-large;\">NAWIL\u017bANIE SK\u00d3RY<\/span><br \/><\/strong><\/p>\n[\/et_pb_text][et_pb_text _builder_version=&#8221;4.4.1&#8243; text_font=&#8221;Raleway Regular||||||||&#8221; text_text_color=&#8221;#b8b8b8&#8243; text_font_size=&#8221;22px&#8221; text_line_height=&#8221;1.5em&#8221; hover_enabled=&#8221;0&#8243; link_option_url=&#8221;https:\/\/www.bandi.pl\/sklep\/katalog.php?wyr=nawil%BFaj%B1cy&#8221;]<p style=\"text-align: center;\">Tego nie mo\u017ce zabrakn\u0105\u0107 w Twojej piel\u0119gnacji!<\/p>[\/et_pb_text][et_pb_button button_url=&#8221;https:\/\/www.bandi.pl\/sklep\/katalog.php?wyr=nawil%BFaj%B1cy&#8221; button_text=&#8221;ZOBACZ&#8221; button_alignment=&#8221;center&#8221; disabled_on=&#8221;off|off|off&#8221; _builder_version=&#8221;4.4.1&#8243; custom_button=&#8221;on&#8221; button_text_size=&#8221;20px&#8221; button_text_color=&#8221;#ffffff&#8221; button_border_radius=&#8221;25px&#8221; button_font=&#8221;Bree Serif||||||||&#8221; background_layout=&#8221;dark&#8221; custom_padding=&#8221;12px|30px|12px|30px|true|true&#8221; hover_transition_duration=&#8221;0ms&#8221; hover_enabled=&#8221;0&#8243; box_shadow_style=&#8221;preset3&#8243;][\/et_pb_button][\/et_pb_column][et_pb_column type=&#8221;1_2&#8243; _builder_version=&#8221;4.4.1&#8243;][et_pb_image src=&#8221;https:\/\/www.bandi.pl\/blog\/wp-content\/uploads\/2021\/04\/P1005839.jpg&#8221; align=&#8221;center&#8221; _builder_version=&#8221;4.4.1&#8243; hover_enabled=&#8221;0&#8243; url=&#8221;https:\/\/www.bandi.pl\/sklep\/katalog.php?wyr=nawil%BFaj%B1cy&#8221;][\/et_pb_image][\/et_pb_column][\/et_pb_row][\/et_pb_section]<\/div>\n","protected":false},"excerpt":{"rendered":"<p>O tym, \u017ce nawil\u017canie jest nieod\u0142\u0105cznym i koniecznym elementem piel\u0119gnacji nikogo nie trzeba przekonywa\u0107. Potrzebne jest ka\u017cdej cerze, zar\u00f3wno suchej, jak i t\u0142ustej, delikatnej i wra\u017cliwej, m\u0142odej i dojrza\u0142ej. I to przez ca\u0142y rok. Zapewnia prawid\u0142owe funkcjonowanie sk\u00f3ry, pe\u0142ni funkcje ochronne i przeciwstarzeniowe. Powod\u00f3w, dla kt\u00f3rych warto dba\u0107 o jego w\u0142a\u015bciwy poziom jest wiele. Wystarczy [&hellip;]<\/p>\n","protected":false},"author":13,"featured_media":11638,"comment_status":"open","ping_status":"closed","sticky":false,"template":"","format":"standard","meta":{"_et_pb_use_builder":"","_et_pb_old_content":"","_et_gb_content_width":"","footnotes":""},"categories":[2980,1817],"tags":[6051,3445,95,4224,83,4219,4031,58,5724,6050,4221,4120,47],"class_list":["post-11635","post","type-post","status-publish","format-standard","has-post-thumbnail","hentry","category-edyta-bilobran","category-kategoria-pielegnacja-i-kosmetyki","tag-anti-dty","tag-bandi","tag-ektoina","tag-hydro-care","tag-kolagen","tag-kosmetyki-nawilzajace","tag-krem-nawilzajacy","tag-kwas-hialuronowy","tag-nawilzenie-skory","tag-niecynamid","tag-serum-nawilzajace","tag-trehaloza","tag-witamina-e"],"yoast_head":"<!-- This site is optimized with the Yoast SEO plugin v27.1.1 - https:\/\/yoast.com\/product\/yoast-seo-wordpress\/ -->\n<title>Nawil\u017canie sk\u00f3ry - jakie kosmetyki wybra\u0107? &#187; Blog BANDI<\/title>\n<meta name=\"description\" content=\"Nawil\u017canie to pierwszyy krok do pi\u0119knej i zdrowej sk\u00f3ry. Jakie kosmetki b\u0119d\u0105 w tym najsuteczniejsze i jakie sk\u0142adniki aktywne powinny zawiera\u0107?\" \/>\n<meta name=\"robots\" content=\"index, follow, max-snippet:-1, max-image-preview:large, max-video-preview:-1\" \/>\n<link rel=\"canonical\" href=\"https:\/\/www.bandi.pl\/blog\/nawilzanie-skory-jakie-kosmetyki-wybrac\/\" \/>\n<meta property=\"og:locale\" content=\"pl_PL\" \/>\n<meta property=\"og:type\" content=\"article\" \/>\n<meta property=\"og:title\" content=\"Nawil\u017canie sk\u00f3ry - jakie kosmetyki wybra\u0107? &#187; Blog BANDI\" \/>\n<meta property=\"og:description\" content=\"Nawil\u017canie to pierwszyy krok do pi\u0119knej i zdrowej sk\u00f3ry. Jakie kosmetki b\u0119d\u0105 w tym najsuteczniejsze i jakie sk\u0142adniki aktywne powinny zawiera\u0107?\" \/>\n<meta property=\"og:url\" content=\"https:\/\/www.bandi.pl\/blog\/nawilzanie-skory-jakie-kosmetyki-wybrac\/\" \/>\n<meta property=\"og:site_name\" content=\"Blog BANDI\" \/>\n<meta property=\"article:publisher\" content=\"https:\/\/web.facebook.com\/BANDIcosmetics\" \/>\n<meta property=\"article:published_time\" content=\"2021-04-06T12:08:06+00:00\" \/>\n<meta property=\"article:modified_time\" content=\"2021-04-06T12:08:07+00:00\" \/>\n<meta property=\"og:image\" content=\"https:\/\/www.bandi.pl\/blog\/wp-content\/uploads\/2021\/04\/Projekt-bez-tytu\u0142u81.png\" \/>\n\t<meta property=\"og:image:width\" content=\"1747\" \/>\n\t<meta property=\"og:image:height\" content=\"1240\" \/>\n\t<meta property=\"og:image:type\" content=\"image\/png\" \/>\n<meta name=\"author\" content=\"Ilona Kiraga\" \/>\n<meta name=\"twitter:card\" content=\"summary_large_image\" \/>\n<meta name=\"twitter:creator\" content=\"@bandi_cosmetics\" \/>\n<meta name=\"twitter:site\" content=\"@bandi_cosmetics\" \/>\n<meta name=\"twitter:label1\" content=\"Napisane przez\" \/>\n\t<meta name=\"twitter:data1\" content=\"Ilona Kiraga\" \/>\n\t<meta name=\"twitter:label2\" content=\"Szacowany czas czytania\" \/>\n\t<meta name=\"twitter:data2\" content=\"5 minut\" \/>\n<script type=\"application\/ld+json\" class=\"yoast-schema-graph\">{\"@context\":\"https:\/\/schema.org\",\"@graph\":[{\"@type\":\"Article\",\"@id\":\"https:\/\/www.bandi.pl\/blog\/nawilzanie-skory-jakie-kosmetyki-wybrac\/#article\",\"isPartOf\":{\"@id\":\"https:\/\/www.bandi.pl\/blog\/nawilzanie-skory-jakie-kosmetyki-wybrac\/\"},\"author\":{\"name\":\"Ilona Kiraga\",\"@id\":\"https:\/\/www.bandi.pl\/blog\/#\/schema\/person\/5ba05af1a18c58f1c31d4ae051ec9499\"},\"headline\":\"Nawil\u017canie sk\u00f3ry &#8211; jakie kosmetyki wybra\u0107?\",\"datePublished\":\"2021-04-06T12:08:06+00:00\",\"dateModified\":\"2021-04-06T12:08:07+00:00\",\"mainEntityOfPage\":{\"@id\":\"https:\/\/www.bandi.pl\/blog\/nawilzanie-skory-jakie-kosmetyki-wybrac\/\"},\"wordCount\":1084,\"commentCount\":0,\"publisher\":{\"@id\":\"https:\/\/www.bandi.pl\/blog\/#organization\"},\"image\":{\"@id\":\"https:\/\/www.bandi.pl\/blog\/nawilzanie-skory-jakie-kosmetyki-wybrac\/#primaryimage\"},\"thumbnailUrl\":\"https:\/\/www.bandi.pl\/blog\/wp-content\/uploads\/2021\/04\/Projekt-bez-tytu\u0142u81.png\",\"keywords\":[\"anti dty\",\"Bandi\",\"ektoina\",\"Hydro Care\",\"kolagen\",\"kosmetyki nawil\u017cajace\",\"krem nawil\u017cajacy\",\"kwas hialuronowy\",\"nawil\u017cenie sk\u00f3ry\",\"niecynamid\",\"serum nawil\u017caj\u0105ce\",\"trehaloza\",\"witamina E\"],\"articleSection\":[\"Edyta Bi\u0142obran\",\"Piel\u0119gnacja i kosmetyki\"],\"inLanguage\":\"pl-PL\",\"potentialAction\":[{\"@type\":\"CommentAction\",\"name\":\"Comment\",\"target\":[\"https:\/\/www.bandi.pl\/blog\/nawilzanie-skory-jakie-kosmetyki-wybrac\/#respond\"]}]},{\"@type\":\"WebPage\",\"@id\":\"https:\/\/www.bandi.pl\/blog\/nawilzanie-skory-jakie-kosmetyki-wybrac\/\",\"url\":\"https:\/\/www.bandi.pl\/blog\/nawilzanie-skory-jakie-kosmetyki-wybrac\/\",\"name\":\"Nawil\u017canie sk\u00f3ry - jakie kosmetyki wybra\u0107? &#187; Blog BANDI\",\"isPartOf\":{\"@id\":\"https:\/\/www.bandi.pl\/blog\/#website\"},\"primaryImageOfPage\":{\"@id\":\"https:\/\/www.bandi.pl\/blog\/nawilzanie-skory-jakie-kosmetyki-wybrac\/#primaryimage\"},\"image\":{\"@id\":\"https:\/\/www.bandi.pl\/blog\/nawilzanie-skory-jakie-kosmetyki-wybrac\/#primaryimage\"},\"thumbnailUrl\":\"https:\/\/www.bandi.pl\/blog\/wp-content\/uploads\/2021\/04\/Projekt-bez-tytu\u0142u81.png\",\"datePublished\":\"2021-04-06T12:08:06+00:00\",\"dateModified\":\"2021-04-06T12:08:07+00:00\",\"description\":\"Nawil\u017canie to pierwszyy krok do pi\u0119knej i zdrowej sk\u00f3ry. Jakie kosmetki b\u0119d\u0105 w tym najsuteczniejsze i jakie sk\u0142adniki aktywne powinny zawiera\u0107?\",\"breadcrumb\":{\"@id\":\"https:\/\/www.bandi.pl\/blog\/nawilzanie-skory-jakie-kosmetyki-wybrac\/#breadcrumb\"},\"inLanguage\":\"pl-PL\",\"potentialAction\":[{\"@type\":\"ReadAction\",\"target\":[\"https:\/\/www.bandi.pl\/blog\/nawilzanie-skory-jakie-kosmetyki-wybrac\/\"]}]},{\"@type\":\"ImageObject\",\"inLanguage\":\"pl-PL\",\"@id\":\"https:\/\/www.bandi.pl\/blog\/nawilzanie-skory-jakie-kosmetyki-wybrac\/#primaryimage\",\"url\":\"https:\/\/www.bandi.pl\/blog\/wp-content\/uploads\/2021\/04\/Projekt-bez-tytu\u0142u81.png\",\"contentUrl\":\"https:\/\/www.bandi.pl\/blog\/wp-content\/uploads\/2021\/04\/Projekt-bez-tytu\u0142u81.png\",\"width\":1747,\"height\":1240},{\"@type\":\"BreadcrumbList\",\"@id\":\"https:\/\/www.bandi.pl\/blog\/nawilzanie-skory-jakie-kosmetyki-wybrac\/#breadcrumb\",\"itemListElement\":[{\"@type\":\"ListItem\",\"position\":1,\"name\":\"BANDI\",\"item\":\"https:\/\/www.bandi.pl\/blog\/\"},{\"@type\":\"ListItem\",\"position\":2,\"name\":\"Nawil\u017canie sk\u00f3ry &#8211; jakie kosmetyki wybra\u0107?\"}]},{\"@type\":\"WebSite\",\"@id\":\"https:\/\/www.bandi.pl\/blog\/#website\",\"url\":\"https:\/\/www.bandi.pl\/blog\/\",\"name\":\"Blog BANDI\",\"description\":\"Czarno na bia\u0142ym o kosmetykach\",\"publisher\":{\"@id\":\"https:\/\/www.bandi.pl\/blog\/#organization\"},\"potentialAction\":[{\"@type\":\"SearchAction\",\"target\":{\"@type\":\"EntryPoint\",\"urlTemplate\":\"https:\/\/www.bandi.pl\/blog\/?s={search_term_string}\"},\"query-input\":{\"@type\":\"PropertyValueSpecification\",\"valueRequired\":true,\"valueName\":\"search_term_string\"}}],\"inLanguage\":\"pl-PL\"},{\"@type\":\"Organization\",\"@id\":\"https:\/\/www.bandi.pl\/blog\/#organization\",\"name\":\"BANDI\",\"url\":\"https:\/\/www.bandi.pl\/blog\/\",\"logo\":{\"@type\":\"ImageObject\",\"inLanguage\":\"pl-PL\",\"@id\":\"https:\/\/www.bandi.pl\/blog\/#\/schema\/logo\/image\/\",\"url\":\"https:\/\/www.bandi.pl\/blog\/wp-content\/uploads\/2019\/06\/bandi-logo.png\",\"contentUrl\":\"https:\/\/www.bandi.pl\/blog\/wp-content\/uploads\/2019\/06\/bandi-logo.png\",\"width\":264,\"height\":111,\"caption\":\"BANDI\"},\"image\":{\"@id\":\"https:\/\/www.bandi.pl\/blog\/#\/schema\/logo\/image\/\"},\"sameAs\":[\"https:\/\/web.facebook.com\/BANDIcosmetics\",\"https:\/\/x.com\/bandi_cosmetics\",\"https:\/\/www.instagram.com\/bandi_cosmetics\/\",\"https:\/\/www.pinterest.com\/bandicosmetics\/\",\"https:\/\/www.youtube.com\/user\/BandiCosmeticsPolska\"]},{\"@type\":\"Person\",\"@id\":\"https:\/\/www.bandi.pl\/blog\/#\/schema\/person\/5ba05af1a18c58f1c31d4ae051ec9499\",\"name\":\"Ilona Kiraga\"}]}<\/script>\n<!-- \/ Yoast SEO plugin. -->","yoast_head_json":{"title":"Nawil\u017canie sk\u00f3ry - jakie kosmetyki wybra\u0107? &#187; Blog BANDI","description":"Nawil\u017canie to pierwszyy krok do pi\u0119knej i zdrowej sk\u00f3ry. Jakie kosmetki b\u0119d\u0105 w tym najsuteczniejsze i jakie sk\u0142adniki aktywne powinny zawiera\u0107?","robots":{"index":"index","follow":"follow","max-snippet":"max-snippet:-1","max-image-preview":"max-image-preview:large","max-video-preview":"max-video-preview:-1"},"canonical":"https:\/\/www.bandi.pl\/blog\/nawilzanie-skory-jakie-kosmetyki-wybrac\/","og_locale":"pl_PL","og_type":"article","og_title":"Nawil\u017canie sk\u00f3ry - jakie kosmetyki wybra\u0107? &#187; Blog BANDI","og_description":"Nawil\u017canie to pierwszyy krok do pi\u0119knej i zdrowej sk\u00f3ry. Jakie kosmetki b\u0119d\u0105 w tym najsuteczniejsze i jakie sk\u0142adniki aktywne powinny zawiera\u0107?","og_url":"https:\/\/www.bandi.pl\/blog\/nawilzanie-skory-jakie-kosmetyki-wybrac\/","og_site_name":"Blog BANDI","article_publisher":"https:\/\/web.facebook.com\/BANDIcosmetics","article_published_time":"2021-04-06T12:08:06+00:00","article_modified_time":"2021-04-06T12:08:07+00:00","og_image":[{"width":1747,"height":1240,"url":"https:\/\/www.bandi.pl\/blog\/wp-content\/uploads\/2021\/04\/Projekt-bez-tytu\u0142u81.png","type":"image\/png"}],"author":"Ilona Kiraga","twitter_card":"summary_large_image","twitter_creator":"@bandi_cosmetics","twitter_site":"@bandi_cosmetics","twitter_misc":{"Napisane przez":"Ilona Kiraga","Szacowany czas czytania":"5 minut"},"schema":{"@context":"https:\/\/schema.org","@graph":[{"@type":"Article","@id":"https:\/\/www.bandi.pl\/blog\/nawilzanie-skory-jakie-kosmetyki-wybrac\/#article","isPartOf":{"@id":"https:\/\/www.bandi.pl\/blog\/nawilzanie-skory-jakie-kosmetyki-wybrac\/"},"author":{"name":"Ilona Kiraga","@id":"https:\/\/www.bandi.pl\/blog\/#\/schema\/person\/5ba05af1a18c58f1c31d4ae051ec9499"},"headline":"Nawil\u017canie sk\u00f3ry &#8211; jakie kosmetyki wybra\u0107?","datePublished":"2021-04-06T12:08:06+00:00","dateModified":"2021-04-06T12:08:07+00:00","mainEntityOfPage":{"@id":"https:\/\/www.bandi.pl\/blog\/nawilzanie-skory-jakie-kosmetyki-wybrac\/"},"wordCount":1084,"commentCount":0,"publisher":{"@id":"https:\/\/www.bandi.pl\/blog\/#organization"},"image":{"@id":"https:\/\/www.bandi.pl\/blog\/nawilzanie-skory-jakie-kosmetyki-wybrac\/#primaryimage"},"thumbnailUrl":"https:\/\/www.bandi.pl\/blog\/wp-content\/uploads\/2021\/04\/Projekt-bez-tytu\u0142u81.png","keywords":["anti dty","Bandi","ektoina","Hydro Care","kolagen","kosmetyki nawil\u017cajace","krem nawil\u017cajacy","kwas hialuronowy","nawil\u017cenie sk\u00f3ry","niecynamid","serum nawil\u017caj\u0105ce","trehaloza","witamina E"],"articleSection":["Edyta Bi\u0142obran","Piel\u0119gnacja i kosmetyki"],"inLanguage":"pl-PL","potentialAction":[{"@type":"CommentAction","name":"Comment","target":["https:\/\/www.bandi.pl\/blog\/nawilzanie-skory-jakie-kosmetyki-wybrac\/#respond"]}]},{"@type":"WebPage","@id":"https:\/\/www.bandi.pl\/blog\/nawilzanie-skory-jakie-kosmetyki-wybrac\/","url":"https:\/\/www.bandi.pl\/blog\/nawilzanie-skory-jakie-kosmetyki-wybrac\/","name":"Nawil\u017canie sk\u00f3ry - jakie kosmetyki wybra\u0107? &#187; Blog BANDI","isPartOf":{"@id":"https:\/\/www.bandi.pl\/blog\/#website"},"primaryImageOfPage":{"@id":"https:\/\/www.bandi.pl\/blog\/nawilzanie-skory-jakie-kosmetyki-wybrac\/#primaryimage"},"image":{"@id":"https:\/\/www.bandi.pl\/blog\/nawilzanie-skory-jakie-kosmetyki-wybrac\/#primaryimage"},"thumbnailUrl":"https:\/\/www.bandi.pl\/blog\/wp-content\/uploads\/2021\/04\/Projekt-bez-tytu\u0142u81.png","datePublished":"2021-04-06T12:08:06+00:00","dateModified":"2021-04-06T12:08:07+00:00","description":"Nawil\u017canie to pierwszyy krok do pi\u0119knej i zdrowej sk\u00f3ry. Jakie kosmetki b\u0119d\u0105 w tym najsuteczniejsze i jakie sk\u0142adniki aktywne powinny zawiera\u0107?","breadcrumb":{"@id":"https:\/\/www.bandi.pl\/blog\/nawilzanie-skory-jakie-kosmetyki-wybrac\/#breadcrumb"},"inLanguage":"pl-PL","potentialAction":[{"@type":"ReadAction","target":["https:\/\/www.bandi.pl\/blog\/nawilzanie-skory-jakie-kosmetyki-wybrac\/"]}]},{"@type":"ImageObject","inLanguage":"pl-PL","@id":"https:\/\/www.bandi.pl\/blog\/nawilzanie-skory-jakie-kosmetyki-wybrac\/#primaryimage","url":"https:\/\/www.bandi.pl\/blog\/wp-content\/uploads\/2021\/04\/Projekt-bez-tytu\u0142u81.png","contentUrl":"https:\/\/www.bandi.pl\/blog\/wp-content\/uploads\/2021\/04\/Projekt-bez-tytu\u0142u81.png","width":1747,"height":1240},{"@type":"BreadcrumbList","@id":"https:\/\/www.bandi.pl\/blog\/nawilzanie-skory-jakie-kosmetyki-wybrac\/#breadcrumb","itemListElement":[{"@type":"ListItem","position":1,"name":"BANDI","item":"https:\/\/www.bandi.pl\/blog\/"},{"@type":"ListItem","position":2,"name":"Nawil\u017canie sk\u00f3ry &#8211; jakie kosmetyki wybra\u0107?"}]},{"@type":"WebSite","@id":"https:\/\/www.bandi.pl\/blog\/#website","url":"https:\/\/www.bandi.pl\/blog\/","name":"Blog BANDI","description":"Czarno na bia\u0142ym o kosmetykach","publisher":{"@id":"https:\/\/www.bandi.pl\/blog\/#organization"},"potentialAction":[{"@type":"SearchAction","target":{"@type":"EntryPoint","urlTemplate":"https:\/\/www.bandi.pl\/blog\/?s={search_term_string}"},"query-input":{"@type":"PropertyValueSpecification","valueRequired":true,"valueName":"search_term_string"}}],"inLanguage":"pl-PL"},{"@type":"Organization","@id":"https:\/\/www.bandi.pl\/blog\/#organization","name":"BANDI","url":"https:\/\/www.bandi.pl\/blog\/","logo":{"@type":"ImageObject","inLanguage":"pl-PL","@id":"https:\/\/www.bandi.pl\/blog\/#\/schema\/logo\/image\/","url":"https:\/\/www.bandi.pl\/blog\/wp-content\/uploads\/2019\/06\/bandi-logo.png","contentUrl":"https:\/\/www.bandi.pl\/blog\/wp-content\/uploads\/2019\/06\/bandi-logo.png","width":264,"height":111,"caption":"BANDI"},"image":{"@id":"https:\/\/www.bandi.pl\/blog\/#\/schema\/logo\/image\/"},"sameAs":["https:\/\/web.facebook.com\/BANDIcosmetics","https:\/\/x.com\/bandi_cosmetics","https:\/\/www.instagram.com\/bandi_cosmetics\/","https:\/\/www.pinterest.com\/bandicosmetics\/","https:\/\/www.youtube.com\/user\/BandiCosmeticsPolska"]},{"@type":"Person","@id":"https:\/\/www.bandi.pl\/blog\/#\/schema\/person\/5ba05af1a18c58f1c31d4ae051ec9499","name":"Ilona Kiraga"}]}},"_links":{"self":[{"href":"https:\/\/www.bandi.pl\/blog\/wp-json\/wp\/v2\/posts\/11635","targetHints":{"allow":["GET"]}}],"collection":[{"href":"https:\/\/www.bandi.pl\/blog\/wp-json\/wp\/v2\/posts"}],"about":[{"href":"https:\/\/www.bandi.pl\/blog\/wp-json\/wp\/v2\/types\/post"}],"author":[{"embeddable":true,"href":"https:\/\/www.bandi.pl\/blog\/wp-json\/wp\/v2\/users\/13"}],"replies":[{"embeddable":true,"href":"https:\/\/www.bandi.pl\/blog\/wp-json\/wp\/v2\/comments?post=11635"}],"version-history":[{"count":1,"href":"https:\/\/www.bandi.pl\/blog\/wp-json\/wp\/v2\/posts\/11635\/revisions"}],"predecessor-version":[{"id":11639,"href":"https:\/\/www.bandi.pl\/blog\/wp-json\/wp\/v2\/posts\/11635\/revisions\/11639"}],"wp:featuredmedia":[{"embeddable":true,"href":"https:\/\/www.bandi.pl\/blog\/wp-json\/wp\/v2\/media\/11638"}],"wp:attachment":[{"href":"https:\/\/www.bandi.pl\/blog\/wp-json\/wp\/v2\/media?parent=11635"}],"wp:term":[{"taxonomy":"category","embeddable":true,"href":"https:\/\/www.bandi.pl\/blog\/wp-json\/wp\/v2\/categories?post=11635"},{"taxonomy":"post_tag","embeddable":true,"href":"https:\/\/www.bandi.pl\/blog\/wp-json\/wp\/v2\/tags?post=11635"}],"curies":[{"name":"wp","href":"https:\/\/api.w.org\/{rel}","templated":true}]}}