{"id":11621,"date":"2021-04-01T10:00:00","date_gmt":"2021-04-01T08:00:00","guid":{"rendered":"https:\/\/www.bandi.pl\/blog\/?p=11621"},"modified":"2022-02-11T11:20:12","modified_gmt":"2022-02-11T10:20:12","slug":"trzy-kosmetyki-niezbedne-w-wiosennej-kosmetyczce","status":"publish","type":"post","link":"https:\/\/www.bandi.pl\/blog\/trzy-kosmetyki-niezbedne-w-wiosennej-kosmetyczce\/","title":{"rendered":"Trzy kosmetyki, niezb\u0119dne w wiosennej kosmetyczce!"},"content":{"rendered":"\n<p>Wiosna oznacza dla nas nowy pocz\u0105tek, rozkwit, pi\u0119kno. Zima jest dla naszej sk\u00f3ry wyczerpuj\u0105ca i na wiosn\u0119 potrzebujemy odnowy i powiewu \u015bwie\u017co\u015bci. Odpowiednio dobrana piel\u0119gnacja nada sk\u00f3rze blasku i wydob\u0119dzie z niej to co najlepsze, wi\u0119c warto przejrze\u0107 swoj\u0105 kosmetyczk\u0119 i uzupe\u0142ni\u0107 braki! Szczeg\u00f3lnie w preparaty takie jak: peeling, serum i maska.<\/p>\n\n\n\n<h2 class=\"wp-block-heading\" id=\"h-jak-wygl-da-sk-ra-po-zimie\"><strong>Jak wygl\u0105da sk\u00f3ra po zimie?<\/strong><\/h2>\n\n\n\n<p>Niestety zima nie ma dobrego wp\u0142ywu na nasz\u0105 sk\u00f3r\u0119. Cz\u0119sto w tym okresie j\u0105 te\u017c zaniedbywali\u015bmy. A przez to mo\u017ce by\u0107 szorstka, gruba, szara, przesuszona i podra\u017cniona. Zima jest tak\u017ce momentem, kiedy potrafimy si\u0119 rozleniwi\u0107 w naszej piel\u0119gnacji i stosujemy minimum produkt\u00f3w. W celu zrobienia wiosennych porz\u0105dk\u00f3w z nasz\u0105 cer\u0105 nale\u017cy uzbroi\u0107 si\u0119 w cierpliwo\u015b\u0107 i zadba\u0107 o ni\u0105 krok po kroku. <\/p>\n\n\n\n<h2 class=\"wp-block-heading\" id=\"h-od-czego-zacz-peeling\"><strong>Od czego zacz\u0105\u0107? &#8211; peeling<\/strong><\/h2>\n\n\n\n<p>Ka\u017cda sk\u00f3ra musi by\u0107 odpowiednio przygotowana do wch\u0142aniania sk\u0142adnik\u00f3w aktywnych. I tu pomo\u017ce preparat z\u0142uszczaj\u0105cy, kt\u00f3ry usunie nadmiar martwych kom\u00f3rek warstwy rogowej nask\u00f3rka. Jest to produkt nr 1, kt\u00f3ry powinien znale\u017a\u0107 si\u0119 w ka\u017cdej wiosennej kosmetyczce. <a href=\"https:\/\/www.bandi.pl\/sklep\/katalog.php?wyr=peeling\">Peeling<\/a> usunie martwy nask\u00f3rek, dodatkowo wyg\u0142adzi sk\u00f3r\u0119, odblokuje uj\u015bcia gruczo\u0142\u00f3w \u0142ojowych i przygotuje j\u0105 do na\u0142o\u017cenia kolejnego obowi\u0105zkowego preparatu, kt\u00f3rym jest serum do twarzy. Dzi\u0119ki temu sk\u0142adniki aktywne lepiej b\u0119d\u0105 wnika\u0107 w sk\u00f3r\u0119 i otrzymamy lepsze efekty piel\u0119gnacji.<\/p>\n\n\n\n<h2 class=\"wp-block-heading\" id=\"h-cz-aktywna-serum\"><strong>Cz\u0119\u015b\u0107 aktywna \u2013 serum<\/strong><\/h2>\n\n\n\n<p>Serum do twarzy to \u201emust have\u201d wiosennej piel\u0119gnacji. Jest to preparat, kt\u00f3rego zadaniem jest wzmocnienie dzia\u0142ania kremu i uzupe\u0142nienie jego brak\u00f3w. Do wyboru mamy wiele rodzaj\u00f3w <a href=\"https:\/\/www.bandi.pl\/sklep\/katalog.php?wyr=serum\">serum<\/a>. W zale\u017cno\u015bci czy m\u00f3wimy o podziale ze wzgl\u0119du na konsystencj\u0119 (np. \u017celowe, olejowe) czy te\u017c dzia\u0142anie (np. nawil\u017caj\u0105ce, przeciwzmarszczkowe, rozja\u015bniaj\u0105ce). Wszystko zale\u017cy od naszych preferencji i typu cery. Jednak wiosn\u0105 warto postawi\u0107 na <a href=\"https:\/\/www.bandi.pl\/sklep\/olejki\/koktajl-olejowy-z-aktywna-witamina-c-738\/\">serum z witamin\u0105 C<\/a>, kt\u00f3re \u015bwietnie si\u0119 sprawdzi w celu od\u015bwie\u017cenia i nadania sk\u00f3rze blasku.<\/p>\n\n\n\n<div class=\"wp-block-image\"><figure class=\"aligncenter size-large\"><a href=\"https:\/\/www.bandi.pl\/sklep\/katalog.php?wyr=serum\"><img loading=\"lazy\" decoding=\"async\" width=\"465\" height=\"500\" src=\"https:\/\/www.bandi.pl\/blog\/wp-content\/uploads\/2021\/03\/zdj-3-465x500.jpg\" alt=\"Serum wa\u017cny krok w wiosennej piel\u0119gnacji sk\u00f3ry\" class=\"wp-image-11624\"\/><\/a><\/figure><\/div>\n\n\n\n<h2 class=\"wp-block-heading\" id=\"h-o-czym-pami-ta-maska\"><strong>O czym pami\u0119ta\u0107? &#8211; maska<\/strong><\/h2>\n\n\n\n<p>Poza peelingiem i serum, wiosn\u0105 warto wzbogaci\u0107 swoj\u0105 piel\u0119gnacj\u0119 o jeszcze jeden preparat. Tym kosmetykiem jest <a href=\"https:\/\/www.bandi.pl\/sklep\/katalog.php?wyr=maska\">maska<\/a>, kt\u00f3ra potrafi by\u0107 zbawienna dla naszej sk\u00f3ry. Serum, przy regularnym stosowaniu potrafi zdzia\u0142a\u0107 wiele dobrego dla naszej cery. Jednak to efekty dzia\u0142ania maski s\u0105 cz\u0119sto widoczne na sk\u00f3rze najszybciej, niekiedy ju\u017c po pierwszym zastosowaniu. Maska \u015bwietnie si\u0119 sprawdzi zar\u00f3wno w celu oczyszczenia sk\u00f3ry jak i jej nawil\u017cenia. Mo\u017ce pom\u00f3c r\u00f3wnie\u017c w \u0142agodzeniu podra\u017cnie\u0144. Opcji jest wiele, a nie ma potrzeby ich codziennego stosowania (wystarczy 2-3 razy w tygodniu). Jest to produkt uzupe\u0142niaj\u0105cy, kt\u00f3ry jednak nie powinien by\u0107 pomijany!<\/p>\n\n\n\n<div class=\"wp-block-divi-layout\">[et_pb_section fb_built=&#8221;1&#8243; _builder_version=&#8221;4.4.1&#8243;][\/et_pb_section][et_pb_section fb_built=&#8221;1&#8243; _builder_version=&#8221;4.4.1&#8243; top_divider_style=&#8221;arrow&#8221; top_divider_color=&#8221;rgba(255,166,168,0.75)&#8221; top_divider_height=&#8221;1px&#8221; bottom_divider_style=&#8221;arrow&#8221; bottom_divider_color=&#8221;rgba(255,166,168,0.75)&#8221; bottom_divider_height=&#8221;1px&#8221;][et_pb_row column_structure=&#8221;1_2,1_2&#8243; _builder_version=&#8221;4.4.1&#8243; width=&#8221;100%&#8221; module_alignment=&#8221;left&#8221; custom_margin=&#8221;||||false|false&#8221;][et_pb_column type=&#8221;1_2&#8243; _builder_version=&#8221;4.4.1&#8243;][et_pb_text _builder_version=&#8221;4.4.1&#8243; text_font=&#8221;Raleway Bold||||||||&#8221; text_text_color=&#8221;rgba(255,166,168,0.75)&#8221; text_font_size=&#8221;56px&#8221; text_letter_spacing=&#8221;8px&#8221; text_line_height=&#8221;1.1em&#8221; custom_margin=&#8221;40px||||false|false&#8221; link_option_url=&#8221;https:\/\/www.bandi.pl\/&#8221;]<p style=\"text-align: center;\"><strong><span style=\"font-size: xx-large;\">BANDI COSMETICS<\/span><br \/><\/strong><\/p>\n<p style=\"text-align: center;\"><strong><\/strong><\/p>[\/et_pb_text][et_pb_text _builder_version=&#8221;4.4.1&#8243; text_font=&#8221;Raleway Regular||||||||&#8221; text_text_color=&#8221;#b8b8b8&#8243; text_font_size=&#8221;22px&#8221; text_line_height=&#8221;1.5em&#8221; link_option_url=&#8221;https:\/\/www.bandi.pl\/&#8221;]<p style=\"text-align: center\">Obud\u017a sk\u00f3r\u0119 na wiosn\u0119!<\/p>[\/et_pb_text][et_pb_button button_url=&#8221;https:\/\/www.bandi.pl\/&#8221; button_text=&#8221;ZOBACZ&#8221; button_alignment=&#8221;center&#8221; disabled_on=&#8221;off|off|off&#8221; _builder_version=&#8221;4.4.1&#8243; custom_button=&#8221;on&#8221; button_text_size=&#8221;20px&#8221; button_text_color=&#8221;#ffffff&#8221; button_border_radius=&#8221;25px&#8221; button_font=&#8221;Bree Serif||||||||&#8221; background_layout=&#8221;dark&#8221; custom_padding=&#8221;12px|30px|12px|30px|true|true&#8221; hover_transition_duration=&#8221;0ms&#8221; box_shadow_style=&#8221;preset3&#8243;][\/et_pb_button][\/et_pb_column][et_pb_column type=&#8221;1_2&#8243; _builder_version=&#8221;4.4.1&#8243;][et_pb_image src=&#8221;https:\/\/www.bandi.pl\/blog\/wp-content\/uploads\/2021\/03\/IMG_4302.jpg&#8221; url=&#8221;https:\/\/www.bandi.pl\/&#8221; align=&#8221;center&#8221; _builder_version=&#8221;4.4.1&#8243;][\/et_pb_image][\/et_pb_column][\/et_pb_row][\/et_pb_section]<\/div>\n","protected":false},"excerpt":{"rendered":"<p>Wiosna oznacza dla nas nowy pocz\u0105tek, rozkwit, pi\u0119kno. Zima jest dla naszej sk\u00f3ry wyczerpuj\u0105ca i na wiosn\u0119 potrzebujemy odnowy i powiewu \u015bwie\u017co\u015bci. Odpowiednio dobrana piel\u0119gnacja nada sk\u00f3rze blasku i wydob\u0119dzie z niej to co najlepsze, wi\u0119c warto przejrze\u0107 swoj\u0105 kosmetyczk\u0119 i uzupe\u0142ni\u0107 braki! Szczeg\u00f3lnie w preparaty takie jak: peeling, serum i maska. Jak wygl\u0105da sk\u00f3ra [&hellip;]<\/p>\n","protected":false},"author":13,"featured_media":11627,"comment_status":"open","ping_status":"closed","sticky":false,"template":"","format":"standard","meta":{"_et_pb_use_builder":"","_et_pb_old_content":"","_et_gb_content_width":"","footnotes":""},"categories":[5220,1817],"tags":[3445,6032,5264,4712,3083,6036,6034,6038,6030,55,6033,5868,6035,6031,6037,6029,3546],"class_list":["post-11621","post","type-post","status-publish","format-standard","has-post-thumbnail","hentry","category-angelika-sapinska","category-kategoria-pielegnacja-i-kosmetyki","tag-bandi","tag-booster","tag-cera-pelna-blasku","tag-glow","tag-kosmetyki","tag-kosmetyki-do-twarzy","tag-kosmetyki-skoncentrowane","tag-kosmetykiprofesjonalne","tag-maska-do-twarzy","tag-peeling","tag-pielegnacja-aktywna","tag-pielegnacja-twarzy","tag-promienna-skora","tag-serum-do-twarzy","tag-skin-care","tag-wosenny-must-have","tag-zluszczanie"],"yoast_head":"<!-- This site is optimized with the Yoast SEO plugin v27.1.1 - https:\/\/yoast.com\/product\/yoast-seo-wordpress\/ -->\n<title>Trzy kosmetyki, niezb\u0119dne w wiosennej kosmetyczce! &#187; Blog BANDI<\/title>\n<meta name=\"description\" content=\"Serum to preparat silnie skoncentrowany, kt\u00f3rego nie moze zabrakn\u0105\u0107 w wiosennej piel\u0119gnacji sk\u00f3ry. Jakie kosmetyki s\u0105 jeszcze wskazane?\" \/>\n<meta name=\"robots\" content=\"index, follow, max-snippet:-1, max-image-preview:large, max-video-preview:-1\" \/>\n<link rel=\"canonical\" href=\"https:\/\/www.bandi.pl\/blog\/trzy-kosmetyki-niezbedne-w-wiosennej-kosmetyczce\/\" \/>\n<meta property=\"og:locale\" content=\"pl_PL\" \/>\n<meta property=\"og:type\" content=\"article\" \/>\n<meta property=\"og:title\" content=\"Trzy kosmetyki, niezb\u0119dne w wiosennej kosmetyczce! &#187; Blog BANDI\" \/>\n<meta property=\"og:description\" content=\"Serum to preparat silnie skoncentrowany, kt\u00f3rego nie moze zabrakn\u0105\u0107 w wiosennej piel\u0119gnacji sk\u00f3ry. Jakie kosmetyki s\u0105 jeszcze wskazane?\" \/>\n<meta property=\"og:url\" content=\"https:\/\/www.bandi.pl\/blog\/trzy-kosmetyki-niezbedne-w-wiosennej-kosmetyczce\/\" \/>\n<meta property=\"og:site_name\" content=\"Blog BANDI\" \/>\n<meta property=\"article:publisher\" content=\"https:\/\/web.facebook.com\/BANDIcosmetics\" \/>\n<meta property=\"article:published_time\" content=\"2021-04-01T08:00:00+00:00\" \/>\n<meta property=\"article:modified_time\" content=\"2022-02-11T10:20:12+00:00\" \/>\n<meta property=\"og:image\" content=\"https:\/\/www.bandi.pl\/blog\/wp-content\/uploads\/2021\/03\/skin-care-remedy-and-beauty-products-containers-with-cream-and-serum-tulip-scaled.jpg\" \/>\n\t<meta property=\"og:image:width\" content=\"2560\" \/>\n\t<meta property=\"og:image:height\" content=\"1707\" \/>\n\t<meta property=\"og:image:type\" content=\"image\/jpeg\" \/>\n<meta name=\"author\" content=\"Ilona Kiraga\" \/>\n<meta name=\"twitter:card\" content=\"summary_large_image\" \/>\n<meta name=\"twitter:creator\" content=\"@bandi_cosmetics\" \/>\n<meta name=\"twitter:site\" content=\"@bandi_cosmetics\" \/>\n<meta name=\"twitter:label1\" content=\"Napisane przez\" \/>\n\t<meta name=\"twitter:data1\" content=\"Ilona Kiraga\" \/>\n\t<meta name=\"twitter:label2\" content=\"Szacowany czas czytania\" \/>\n\t<meta name=\"twitter:data2\" content=\"3 minuty\" \/>\n<script type=\"application\/ld+json\" class=\"yoast-schema-graph\">{\"@context\":\"https:\/\/schema.org\",\"@graph\":[{\"@type\":\"Article\",\"@id\":\"https:\/\/www.bandi.pl\/blog\/trzy-kosmetyki-niezbedne-w-wiosennej-kosmetyczce\/#article\",\"isPartOf\":{\"@id\":\"https:\/\/www.bandi.pl\/blog\/trzy-kosmetyki-niezbedne-w-wiosennej-kosmetyczce\/\"},\"author\":{\"name\":\"Ilona Kiraga\",\"@id\":\"https:\/\/www.bandi.pl\/blog\/#\/schema\/person\/5ba05af1a18c58f1c31d4ae051ec9499\"},\"headline\":\"Trzy kosmetyki, niezb\u0119dne w wiosennej kosmetyczce!\",\"datePublished\":\"2021-04-01T08:00:00+00:00\",\"dateModified\":\"2022-02-11T10:20:12+00:00\",\"mainEntityOfPage\":{\"@id\":\"https:\/\/www.bandi.pl\/blog\/trzy-kosmetyki-niezbedne-w-wiosennej-kosmetyczce\/\"},\"wordCount\":721,\"commentCount\":0,\"publisher\":{\"@id\":\"https:\/\/www.bandi.pl\/blog\/#organization\"},\"image\":{\"@id\":\"https:\/\/www.bandi.pl\/blog\/trzy-kosmetyki-niezbedne-w-wiosennej-kosmetyczce\/#primaryimage\"},\"thumbnailUrl\":\"https:\/\/www.bandi.pl\/blog\/wp-content\/uploads\/2021\/03\/skin-care-remedy-and-beauty-products-containers-with-cream-and-serum-tulip-scaled.jpg\",\"keywords\":[\"Bandi\",\"booster\",\"cera pe\u0142na blasku\",\"glow\",\"kosmetyki\",\"kosmetyki do twarzy\",\"kosmetyki skoncentrowane\",\"kosmetykiprofesjonalne\",\"maska do twarzy\",\"peeling\",\"piel\u0119gnacja aktywna\",\"piel\u0119gnacja twarzy\",\"promienna sk\u00f3ra\",\"serum do twarzy\",\"skin care\",\"wosenny must have\",\"z\u0142uszczanie\"],\"articleSection\":[\"Angelika Sapi\u0144ska\",\"Piel\u0119gnacja i kosmetyki\"],\"inLanguage\":\"pl-PL\",\"potentialAction\":[{\"@type\":\"CommentAction\",\"name\":\"Comment\",\"target\":[\"https:\/\/www.bandi.pl\/blog\/trzy-kosmetyki-niezbedne-w-wiosennej-kosmetyczce\/#respond\"]}]},{\"@type\":\"WebPage\",\"@id\":\"https:\/\/www.bandi.pl\/blog\/trzy-kosmetyki-niezbedne-w-wiosennej-kosmetyczce\/\",\"url\":\"https:\/\/www.bandi.pl\/blog\/trzy-kosmetyki-niezbedne-w-wiosennej-kosmetyczce\/\",\"name\":\"Trzy kosmetyki, niezb\u0119dne w wiosennej kosmetyczce! &#187; Blog BANDI\",\"isPartOf\":{\"@id\":\"https:\/\/www.bandi.pl\/blog\/#website\"},\"primaryImageOfPage\":{\"@id\":\"https:\/\/www.bandi.pl\/blog\/trzy-kosmetyki-niezbedne-w-wiosennej-kosmetyczce\/#primaryimage\"},\"image\":{\"@id\":\"https:\/\/www.bandi.pl\/blog\/trzy-kosmetyki-niezbedne-w-wiosennej-kosmetyczce\/#primaryimage\"},\"thumbnailUrl\":\"https:\/\/www.bandi.pl\/blog\/wp-content\/uploads\/2021\/03\/skin-care-remedy-and-beauty-products-containers-with-cream-and-serum-tulip-scaled.jpg\",\"datePublished\":\"2021-04-01T08:00:00+00:00\",\"dateModified\":\"2022-02-11T10:20:12+00:00\",\"description\":\"Serum to preparat silnie skoncentrowany, kt\u00f3rego nie moze zabrakn\u0105\u0107 w wiosennej piel\u0119gnacji sk\u00f3ry. Jakie kosmetyki s\u0105 jeszcze wskazane?\",\"breadcrumb\":{\"@id\":\"https:\/\/www.bandi.pl\/blog\/trzy-kosmetyki-niezbedne-w-wiosennej-kosmetyczce\/#breadcrumb\"},\"inLanguage\":\"pl-PL\",\"potentialAction\":[{\"@type\":\"ReadAction\",\"target\":[\"https:\/\/www.bandi.pl\/blog\/trzy-kosmetyki-niezbedne-w-wiosennej-kosmetyczce\/\"]}]},{\"@type\":\"ImageObject\",\"inLanguage\":\"pl-PL\",\"@id\":\"https:\/\/www.bandi.pl\/blog\/trzy-kosmetyki-niezbedne-w-wiosennej-kosmetyczce\/#primaryimage\",\"url\":\"https:\/\/www.bandi.pl\/blog\/wp-content\/uploads\/2021\/03\/skin-care-remedy-and-beauty-products-containers-with-cream-and-serum-tulip-scaled.jpg\",\"contentUrl\":\"https:\/\/www.bandi.pl\/blog\/wp-content\/uploads\/2021\/03\/skin-care-remedy-and-beauty-products-containers-with-cream-and-serum-tulip-scaled.jpg\",\"width\":2560,\"height\":1707,\"caption\":\"Natural organic homemade cosmetics concept. Skin care, remedy and beauty products: containers with cream and serum among spring red tulip flowers on white background. Flat lay, copy space for text\"},{\"@type\":\"BreadcrumbList\",\"@id\":\"https:\/\/www.bandi.pl\/blog\/trzy-kosmetyki-niezbedne-w-wiosennej-kosmetyczce\/#breadcrumb\",\"itemListElement\":[{\"@type\":\"ListItem\",\"position\":1,\"name\":\"BANDI\",\"item\":\"https:\/\/www.bandi.pl\/blog\/\"},{\"@type\":\"ListItem\",\"position\":2,\"name\":\"Trzy kosmetyki, niezb\u0119dne w wiosennej kosmetyczce!\"}]},{\"@type\":\"WebSite\",\"@id\":\"https:\/\/www.bandi.pl\/blog\/#website\",\"url\":\"https:\/\/www.bandi.pl\/blog\/\",\"name\":\"Blog BANDI\",\"description\":\"Czarno na bia\u0142ym o kosmetykach\",\"publisher\":{\"@id\":\"https:\/\/www.bandi.pl\/blog\/#organization\"},\"potentialAction\":[{\"@type\":\"SearchAction\",\"target\":{\"@type\":\"EntryPoint\",\"urlTemplate\":\"https:\/\/www.bandi.pl\/blog\/?s={search_term_string}\"},\"query-input\":{\"@type\":\"PropertyValueSpecification\",\"valueRequired\":true,\"valueName\":\"search_term_string\"}}],\"inLanguage\":\"pl-PL\"},{\"@type\":\"Organization\",\"@id\":\"https:\/\/www.bandi.pl\/blog\/#organization\",\"name\":\"BANDI\",\"url\":\"https:\/\/www.bandi.pl\/blog\/\",\"logo\":{\"@type\":\"ImageObject\",\"inLanguage\":\"pl-PL\",\"@id\":\"https:\/\/www.bandi.pl\/blog\/#\/schema\/logo\/image\/\",\"url\":\"https:\/\/www.bandi.pl\/blog\/wp-content\/uploads\/2019\/06\/bandi-logo.png\",\"contentUrl\":\"https:\/\/www.bandi.pl\/blog\/wp-content\/uploads\/2019\/06\/bandi-logo.png\",\"width\":264,\"height\":111,\"caption\":\"BANDI\"},\"image\":{\"@id\":\"https:\/\/www.bandi.pl\/blog\/#\/schema\/logo\/image\/\"},\"sameAs\":[\"https:\/\/web.facebook.com\/BANDIcosmetics\",\"https:\/\/x.com\/bandi_cosmetics\",\"https:\/\/www.instagram.com\/bandi_cosmetics\/\",\"https:\/\/www.pinterest.com\/bandicosmetics\/\",\"https:\/\/www.youtube.com\/user\/BandiCosmeticsPolska\"]},{\"@type\":\"Person\",\"@id\":\"https:\/\/www.bandi.pl\/blog\/#\/schema\/person\/5ba05af1a18c58f1c31d4ae051ec9499\",\"name\":\"Ilona Kiraga\"}]}<\/script>\n<!-- \/ Yoast SEO plugin. -->","yoast_head_json":{"title":"Trzy kosmetyki, niezb\u0119dne w wiosennej kosmetyczce! &#187; Blog BANDI","description":"Serum to preparat silnie skoncentrowany, kt\u00f3rego nie moze zabrakn\u0105\u0107 w wiosennej piel\u0119gnacji sk\u00f3ry. Jakie kosmetyki s\u0105 jeszcze wskazane?","robots":{"index":"index","follow":"follow","max-snippet":"max-snippet:-1","max-image-preview":"max-image-preview:large","max-video-preview":"max-video-preview:-1"},"canonical":"https:\/\/www.bandi.pl\/blog\/trzy-kosmetyki-niezbedne-w-wiosennej-kosmetyczce\/","og_locale":"pl_PL","og_type":"article","og_title":"Trzy kosmetyki, niezb\u0119dne w wiosennej kosmetyczce! &#187; Blog BANDI","og_description":"Serum to preparat silnie skoncentrowany, kt\u00f3rego nie moze zabrakn\u0105\u0107 w wiosennej piel\u0119gnacji sk\u00f3ry. Jakie kosmetyki s\u0105 jeszcze wskazane?","og_url":"https:\/\/www.bandi.pl\/blog\/trzy-kosmetyki-niezbedne-w-wiosennej-kosmetyczce\/","og_site_name":"Blog BANDI","article_publisher":"https:\/\/web.facebook.com\/BANDIcosmetics","article_published_time":"2021-04-01T08:00:00+00:00","article_modified_time":"2022-02-11T10:20:12+00:00","og_image":[{"width":2560,"height":1707,"url":"https:\/\/www.bandi.pl\/blog\/wp-content\/uploads\/2021\/03\/skin-care-remedy-and-beauty-products-containers-with-cream-and-serum-tulip-scaled.jpg","type":"image\/jpeg"}],"author":"Ilona Kiraga","twitter_card":"summary_large_image","twitter_creator":"@bandi_cosmetics","twitter_site":"@bandi_cosmetics","twitter_misc":{"Napisane przez":"Ilona Kiraga","Szacowany czas czytania":"3 minuty"},"schema":{"@context":"https:\/\/schema.org","@graph":[{"@type":"Article","@id":"https:\/\/www.bandi.pl\/blog\/trzy-kosmetyki-niezbedne-w-wiosennej-kosmetyczce\/#article","isPartOf":{"@id":"https:\/\/www.bandi.pl\/blog\/trzy-kosmetyki-niezbedne-w-wiosennej-kosmetyczce\/"},"author":{"name":"Ilona Kiraga","@id":"https:\/\/www.bandi.pl\/blog\/#\/schema\/person\/5ba05af1a18c58f1c31d4ae051ec9499"},"headline":"Trzy kosmetyki, niezb\u0119dne w wiosennej kosmetyczce!","datePublished":"2021-04-01T08:00:00+00:00","dateModified":"2022-02-11T10:20:12+00:00","mainEntityOfPage":{"@id":"https:\/\/www.bandi.pl\/blog\/trzy-kosmetyki-niezbedne-w-wiosennej-kosmetyczce\/"},"wordCount":721,"commentCount":0,"publisher":{"@id":"https:\/\/www.bandi.pl\/blog\/#organization"},"image":{"@id":"https:\/\/www.bandi.pl\/blog\/trzy-kosmetyki-niezbedne-w-wiosennej-kosmetyczce\/#primaryimage"},"thumbnailUrl":"https:\/\/www.bandi.pl\/blog\/wp-content\/uploads\/2021\/03\/skin-care-remedy-and-beauty-products-containers-with-cream-and-serum-tulip-scaled.jpg","keywords":["Bandi","booster","cera pe\u0142na blasku","glow","kosmetyki","kosmetyki do twarzy","kosmetyki skoncentrowane","kosmetykiprofesjonalne","maska do twarzy","peeling","piel\u0119gnacja aktywna","piel\u0119gnacja twarzy","promienna sk\u00f3ra","serum do twarzy","skin care","wosenny must have","z\u0142uszczanie"],"articleSection":["Angelika Sapi\u0144ska","Piel\u0119gnacja i kosmetyki"],"inLanguage":"pl-PL","potentialAction":[{"@type":"CommentAction","name":"Comment","target":["https:\/\/www.bandi.pl\/blog\/trzy-kosmetyki-niezbedne-w-wiosennej-kosmetyczce\/#respond"]}]},{"@type":"WebPage","@id":"https:\/\/www.bandi.pl\/blog\/trzy-kosmetyki-niezbedne-w-wiosennej-kosmetyczce\/","url":"https:\/\/www.bandi.pl\/blog\/trzy-kosmetyki-niezbedne-w-wiosennej-kosmetyczce\/","name":"Trzy kosmetyki, niezb\u0119dne w wiosennej kosmetyczce! &#187; Blog BANDI","isPartOf":{"@id":"https:\/\/www.bandi.pl\/blog\/#website"},"primaryImageOfPage":{"@id":"https:\/\/www.bandi.pl\/blog\/trzy-kosmetyki-niezbedne-w-wiosennej-kosmetyczce\/#primaryimage"},"image":{"@id":"https:\/\/www.bandi.pl\/blog\/trzy-kosmetyki-niezbedne-w-wiosennej-kosmetyczce\/#primaryimage"},"thumbnailUrl":"https:\/\/www.bandi.pl\/blog\/wp-content\/uploads\/2021\/03\/skin-care-remedy-and-beauty-products-containers-with-cream-and-serum-tulip-scaled.jpg","datePublished":"2021-04-01T08:00:00+00:00","dateModified":"2022-02-11T10:20:12+00:00","description":"Serum to preparat silnie skoncentrowany, kt\u00f3rego nie moze zabrakn\u0105\u0107 w wiosennej piel\u0119gnacji sk\u00f3ry. Jakie kosmetyki s\u0105 jeszcze wskazane?","breadcrumb":{"@id":"https:\/\/www.bandi.pl\/blog\/trzy-kosmetyki-niezbedne-w-wiosennej-kosmetyczce\/#breadcrumb"},"inLanguage":"pl-PL","potentialAction":[{"@type":"ReadAction","target":["https:\/\/www.bandi.pl\/blog\/trzy-kosmetyki-niezbedne-w-wiosennej-kosmetyczce\/"]}]},{"@type":"ImageObject","inLanguage":"pl-PL","@id":"https:\/\/www.bandi.pl\/blog\/trzy-kosmetyki-niezbedne-w-wiosennej-kosmetyczce\/#primaryimage","url":"https:\/\/www.bandi.pl\/blog\/wp-content\/uploads\/2021\/03\/skin-care-remedy-and-beauty-products-containers-with-cream-and-serum-tulip-scaled.jpg","contentUrl":"https:\/\/www.bandi.pl\/blog\/wp-content\/uploads\/2021\/03\/skin-care-remedy-and-beauty-products-containers-with-cream-and-serum-tulip-scaled.jpg","width":2560,"height":1707,"caption":"Natural organic homemade cosmetics concept. Skin care, remedy and beauty products: containers with cream and serum among spring red tulip flowers on white background. Flat lay, copy space for text"},{"@type":"BreadcrumbList","@id":"https:\/\/www.bandi.pl\/blog\/trzy-kosmetyki-niezbedne-w-wiosennej-kosmetyczce\/#breadcrumb","itemListElement":[{"@type":"ListItem","position":1,"name":"BANDI","item":"https:\/\/www.bandi.pl\/blog\/"},{"@type":"ListItem","position":2,"name":"Trzy kosmetyki, niezb\u0119dne w wiosennej kosmetyczce!"}]},{"@type":"WebSite","@id":"https:\/\/www.bandi.pl\/blog\/#website","url":"https:\/\/www.bandi.pl\/blog\/","name":"Blog BANDI","description":"Czarno na bia\u0142ym o kosmetykach","publisher":{"@id":"https:\/\/www.bandi.pl\/blog\/#organization"},"potentialAction":[{"@type":"SearchAction","target":{"@type":"EntryPoint","urlTemplate":"https:\/\/www.bandi.pl\/blog\/?s={search_term_string}"},"query-input":{"@type":"PropertyValueSpecification","valueRequired":true,"valueName":"search_term_string"}}],"inLanguage":"pl-PL"},{"@type":"Organization","@id":"https:\/\/www.bandi.pl\/blog\/#organization","name":"BANDI","url":"https:\/\/www.bandi.pl\/blog\/","logo":{"@type":"ImageObject","inLanguage":"pl-PL","@id":"https:\/\/www.bandi.pl\/blog\/#\/schema\/logo\/image\/","url":"https:\/\/www.bandi.pl\/blog\/wp-content\/uploads\/2019\/06\/bandi-logo.png","contentUrl":"https:\/\/www.bandi.pl\/blog\/wp-content\/uploads\/2019\/06\/bandi-logo.png","width":264,"height":111,"caption":"BANDI"},"image":{"@id":"https:\/\/www.bandi.pl\/blog\/#\/schema\/logo\/image\/"},"sameAs":["https:\/\/web.facebook.com\/BANDIcosmetics","https:\/\/x.com\/bandi_cosmetics","https:\/\/www.instagram.com\/bandi_cosmetics\/","https:\/\/www.pinterest.com\/bandicosmetics\/","https:\/\/www.youtube.com\/user\/BandiCosmeticsPolska"]},{"@type":"Person","@id":"https:\/\/www.bandi.pl\/blog\/#\/schema\/person\/5ba05af1a18c58f1c31d4ae051ec9499","name":"Ilona Kiraga"}]}},"_links":{"self":[{"href":"https:\/\/www.bandi.pl\/blog\/wp-json\/wp\/v2\/posts\/11621","targetHints":{"allow":["GET"]}}],"collection":[{"href":"https:\/\/www.bandi.pl\/blog\/wp-json\/wp\/v2\/posts"}],"about":[{"href":"https:\/\/www.bandi.pl\/blog\/wp-json\/wp\/v2\/types\/post"}],"author":[{"embeddable":true,"href":"https:\/\/www.bandi.pl\/blog\/wp-json\/wp\/v2\/users\/13"}],"replies":[{"embeddable":true,"href":"https:\/\/www.bandi.pl\/blog\/wp-json\/wp\/v2\/comments?post=11621"}],"version-history":[{"count":5,"href":"https:\/\/www.bandi.pl\/blog\/wp-json\/wp\/v2\/posts\/11621\/revisions"}],"predecessor-version":[{"id":13648,"href":"https:\/\/www.bandi.pl\/blog\/wp-json\/wp\/v2\/posts\/11621\/revisions\/13648"}],"wp:featuredmedia":[{"embeddable":true,"href":"https:\/\/www.bandi.pl\/blog\/wp-json\/wp\/v2\/media\/11627"}],"wp:attachment":[{"href":"https:\/\/www.bandi.pl\/blog\/wp-json\/wp\/v2\/media?parent=11621"}],"wp:term":[{"taxonomy":"category","embeddable":true,"href":"https:\/\/www.bandi.pl\/blog\/wp-json\/wp\/v2\/categories?post=11621"},{"taxonomy":"post_tag","embeddable":true,"href":"https:\/\/www.bandi.pl\/blog\/wp-json\/wp\/v2\/tags?post=11621"}],"curies":[{"name":"wp","href":"https:\/\/api.w.org\/{rel}","templated":true}]}}