{"id":11360,"date":"2021-01-21T10:30:00","date_gmt":"2021-01-21T09:30:00","guid":{"rendered":"https:\/\/www.bandi.pl\/blog\/?p=11360"},"modified":"2022-02-11T10:39:58","modified_gmt":"2022-02-11T09:39:58","slug":"krem-na-naczynka-nie-tylko-dla-cery-naczynkowej","status":"publish","type":"post","link":"https:\/\/www.bandi.pl\/blog\/krem-na-naczynka-nie-tylko-dla-cery-naczynkowej\/","title":{"rendered":"Krem na naczynka \u2013 nie tylko dla cery naczynkowej"},"content":{"rendered":"\n<p>Dla wielu os\u00f3b, kt\u00f3re borykaj\u0105 si\u0119 z cer\u0105 naczyniow\u0105, sk\u0142onn\u0105 do powstawania rumienia, krem na naczynka to podstawa piel\u0119gnacji. Jest jednak taki okres w roku, kiedy ka\u017cdy rodzaj cery potrzebuje wzmocnienia i ochrony naczy\u0144. Ten czas to zima.<\/p>\n\n\n\n<h2 class=\"wp-block-heading\" id=\"h-nasza-zima-z-a\">Nasza zima z\u0142a<\/h2>\n\n\n\n<p>Posiadaczki <a href=\"https:\/\/www.bandi.pl\/blog\/trudna-w-pielegnacji-cera-naczynkowa\/\">cery naczynkowej<\/a> wiedz\u0105, \u017ce zima to wyj\u0105tkowo niesprzyjaj\u0105cy okres dla ich sk\u00f3ry. Jednak w tym czasie ka\u017cdy z nas powinien szczeg\u00f3lnie zatroszczy\u0107 si\u0119 o wyst\u0119puj\u0105ce w sk\u00f3rze naczynka. Wiatr, mr\u00f3z i cz\u0119ste zmiany temperatur mog\u0105 bowiem okresowo wp\u0142ywa\u0107 na ich poszerzenie i prowadzi\u0107 do powstawania zaczerwienienia. Kt\u00f3\u017c z nas nie mia\u0142 rumianych policzk\u00f3w po powrocie do domu w mro\u017any b\u0105d\u017a wietrzny dzie\u0144. Nie przywi\u0105zujemy jednak do tego wi\u0119kszej uwagi, kiedy po kr\u00f3tkiej chwili rumie\u0144 znika. Je\u015bli jednak sk\u00f3ra nie b\u0119dzie odpowiednio chroniona po pewnym czasie mo\u017cemy zauwa\u017cy\u0107 cieniutkie linie drobnych, trwale poszerzonych naczy\u0144. <\/p>\n\n\n\n<h2 class=\"wp-block-heading\" id=\"h-bogactwo-sk-adnik-w-w-kremie-na-naczynka\">Bogactwo sk\u0142adnik\u00f3w w kremie na naczynka<\/h2>\n\n\n\n<p>Idealny na zim\u0119 krem na naczynka powinien wykazywa\u0107 dwukierunkowe dzia\u0142anie. Z jednej strony wa\u017cne, aby wzmacnia\u0142 \u015bciany sk\u00f3rnych naczy\u0144 krwiono\u015bnych. Dzi\u0119ki temu b\u0119d\u0105 one bardziej odporne na negatywny wp\u0142yw czynnik\u00f3w zewn\u0119trznych, co ograniczy ich poszerzanie i sk\u0142onno\u015b\u0107 do powstawania rumienia. Z drugiej natomiast strony krem na naczynka powinien tak\u017ce odbudowywa\u0107, cz\u0119sto uszkodzon\u0105 zim\u0105 naturaln\u0105 barier\u0119 ochronn\u0105 nask\u00f3rka. <\/p>\n\n\n\n<div class=\"wp-block-image\"><figure class=\"aligncenter size-large\"><a href=\"https:\/\/www.bandi.pl\/sklep\/katalog\/seria\/19_veno-care\/\"><img loading=\"lazy\" decoding=\"async\" width=\"500\" height=\"500\" src=\"https:\/\/www.bandi.pl\/blog\/wp-content\/uploads\/2021\/01\/131945685_10159453937469009_7744363925450385595_o-500x500.jpg\" alt=\"Veno Care - krem na naczynka\" class=\"wp-image-11362\"\/><\/a><\/figure><\/div>\n\n\n\n<p>W\u015br\u00f3d sk\u0142adnik\u00f3w zaliczanych do tej pierwszej grupy mo\u017cemy znale\u017a\u0107 wyci\u0105gi ro\u015blinne (z arniki g\u00f3rskiej, kasztanowca zwyczajnego, per\u0142owca japo\u0144skiego), <a href=\"https:\/\/www.bandi.pl\/sklep\/katalog\/seria\/65_medical-anti-rouge\/\">witaminy<\/a> (wit. C, K, PP) oraz niekt\u00f3re kwasy (kwas laktobionowy, glukonolakton, kwas azelainowy).<\/p>\n\n\n\n<p>Barier\u0119 ochronn\u0105 nask\u00f3rka doskonale wzmacniaj\u0105 substancje, kt\u00f3re naturalnie wyst\u0119puj\u0105 w tzw. cemencie mi\u0119dzykom\u00f3rkowym warstwy rogowej. S\u0105 to np. <a href=\"https:\/\/www.bandi.pl\/sklep\/katalog\/seria\/93_medical-anti-irritate\/\">estry cholesterolu czy ceramidy<\/a>. Dzi\u0119ki nim wyst\u0119puj\u0105ce w sk\u00f3rze w\u0142a\u015bciwej naczynka, s\u0105 lepiej chronione przez negatywnym oddzia\u0142ywaniem czynnik\u00f3w \u015brodowiskowych.<\/p>\n\n\n\n<h2 class=\"wp-block-heading\" id=\"h-jaki-krem-na-naczynka-wybra\">Jaki krem na naczynka wybra\u0107?<\/h2>\n\n\n\n<p>Wbrew obiegowej opinii krem na naczynka wcale nie musi by\u0107 bogaty w sk\u0142adniki t\u0142uszczowe. Takie preparaty jak np. <a href=\"https:\/\/www.bandi.pl\/sklep\/kremy\/kremowa-kuracja-na-naczynka-547\/\">Kremowa kuracja na naczynka<\/a> czy <a href=\"https:\/\/www.bandi.pl\/sklep\/kremy\/krem-redukujacy-zaczerwienienia-762\/\">Krem redukuj\u0105cy zaczerwienienia<\/a> z pewno\u015bci\u0105 sprawdz\u0105 si\u0119 dobrze w przypadku cer suchych i wra\u017cliwych. Jednak cery mieszane nie polubi\u0105 si\u0119 z nimi. To wcale jednak nie znaczy, \u017ce w ich przypadku nie uda si\u0119 dobra\u0107 odpowiedniego kosmetyku. W celu ochrony naczynek dla cer mieszanych najlepiej sprawdz\u0105 si\u0119 preparaty o konsystencji lekkiego kremu np. <a href=\"https:\/\/www.bandi.pl\/sklep\/kremy\/cc-korektor-na-naczynka-549\/\">CC Korektor na naczynka<\/a> lub \u017celu np. <a href=\"https:\/\/www.bandi.pl\/sklep\/serum\/serum-redukujace-zaczerwienienia-772\/\">Serum redukuj\u0105ce zaczerwienienia<\/a>.<\/p>\n\n\n\n<p>Nadesz\u0142a zima, czas szczeg\u00f3lnie niesprzyjaj\u0105cy dla naszej sk\u00f3ry. Dlatego warto swoj\u0105 codzienn\u0105 piel\u0119gnacj\u0119 nieco zmodyfikowa\u0107. Niezale\u017cnie od tego jaki mamy rodzaj cery nie mo\u017ce zabrakn\u0105\u0107 w niej kosmetyku wzmacniaj\u0105cego i chroni\u0105cego naczynka.<\/p>\n\n\n\n<div class=\"wp-block-divi-layout\">[et_pb_section fb_built=&#8221;1&#8243; _builder_version=&#8221;4.4.1&#8243;][\/et_pb_section][et_pb_section fb_built=&#8221;1&#8243; _builder_version=&#8221;4.4.1&#8243; top_divider_style=&#8221;arrow&#8221; top_divider_color=&#8221;rgba(255,166,168,0.75)&#8221; top_divider_height=&#8221;1px&#8221; bottom_divider_style=&#8221;arrow&#8221; bottom_divider_color=&#8221;rgba(255,166,168,0.75)&#8221; bottom_divider_height=&#8221;1px&#8221;][et_pb_row column_structure=&#8221;1_2,1_2&#8243; _builder_version=&#8221;4.4.1&#8243; width=&#8221;100%&#8221; module_alignment=&#8221;left&#8221; custom_margin=&#8221;||||false|false&#8221;][et_pb_column type=&#8221;1_2&#8243; _builder_version=&#8221;4.4.1&#8243;][et_pb_text _builder_version=&#8221;4.4.1&#8243; text_font=&#8221;Raleway Bold||||||||&#8221; text_text_color=&#8221;rgba(255,166,168,0.75)&#8221; text_font_size=&#8221;56px&#8221; text_letter_spacing=&#8221;8px&#8221; text_line_height=&#8221;1.1em&#8221; custom_margin=&#8221;40px||||false|false&#8221; link_option_url=&#8221;https:\/\/www.bandi.pl\/sklep\/katalog\/seria\/65_medical-anti-rouge\/&#8221;]<p style=\"text-align: center;\"><strong>ANTI ROUGE<\/strong><\/p>[\/et_pb_text][et_pb_text _builder_version=&#8221;4.4.1&#8243; text_font=&#8221;Raleway Regular||||||||&#8221; text_text_color=&#8221;#b8b8b8&#8243; text_font_size=&#8221;22px&#8221; text_line_height=&#8221;1.5em&#8221; custom_padding=&#8221;||1px|||&#8221; link_option_url=&#8221;https:\/\/www.bandi.pl\/sklep\/katalog\/seria\/65_medical-anti-rouge\/&#8221;]<p style=\"text-align: center\">Wzmocnienie i ochrona naczy\u0144 dla ka\u017cdego rodzaju cery<\/p>[\/et_pb_text][et_pb_button button_url=&#8221;https:\/\/www.bandi.pl\/sklep\/katalog\/seria\/65_medical-anti-rouge\/&#8221; button_text=&#8221;ZOBACZ&#8221; button_alignment=&#8221;center&#8221; disabled_on=&#8221;off|off|off&#8221; _builder_version=&#8221;4.4.1&#8243; custom_button=&#8221;on&#8221; button_text_size=&#8221;20px&#8221; button_text_color=&#8221;#ffffff&#8221; button_border_radius=&#8221;25px&#8221; button_font=&#8221;Bree Serif||||||||&#8221; background_layout=&#8221;dark&#8221; custom_padding=&#8221;12px|30px|12px|30px|true|true&#8221; hover_transition_duration=&#8221;0ms&#8221; box_shadow_style=&#8221;preset3&#8243;][\/et_pb_button][\/et_pb_column][et_pb_column type=&#8221;1_2&#8243; _builder_version=&#8221;4.4.1&#8243;][et_pb_image src=&#8221;https:\/\/www.bandi.pl\/blog\/wp-content\/uploads\/2021\/01\/91854893_10158585228079009_5775387332601446400_o.jpg&#8221; url=&#8221;https:\/\/www.bandi.pl\/sklep\/katalog\/seria\/65_medical-anti-rouge\/&#8221; align=&#8221;center&#8221; _builder_version=&#8221;4.4.1&#8243;][\/et_pb_image][\/et_pb_column][\/et_pb_row][\/et_pb_section]<\/div>\n","protected":false},"excerpt":{"rendered":"<p>Dla wielu os\u00f3b, kt\u00f3re borykaj\u0105 si\u0119 z cer\u0105 naczyniow\u0105, sk\u0142onn\u0105 do powstawania rumienia, krem na naczynka to podstawa piel\u0119gnacji. Jest jednak taki okres w roku, kiedy ka\u017cdy rodzaj cery potrzebuje wzmocnienia i ochrony naczy\u0144. Ten czas to zima. Nasza zima z\u0142a Posiadaczki cery naczynkowej wiedz\u0105, \u017ce zima to wyj\u0105tkowo niesprzyjaj\u0105cy okres dla ich sk\u00f3ry. Jednak [&hellip;]<\/p>\n","protected":false},"author":13,"featured_media":11361,"comment_status":"open","ping_status":"closed","sticky":false,"template":"","format":"standard","meta":{"_et_pb_use_builder":"","_et_pb_old_content":"","_et_gb_content_width":"","footnotes":""},"categories":[2775,1817],"tags":[4953,4957,5479,85,103,3120,3198,89,38,4958,5477,26,40,5480,5005,28,4956,4955,5478],"class_list":["post-11360","post","type-post","status-publish","format-standard","has-post-thumbnail","hentry","category-ilona-kiraga","category-kategoria-pielegnacja-i-kosmetyki","tag-anti-rouge","tag-arnika-gorska","tag-bariera-ochronna-naskorka","tag-cera-mieszana","tag-cera-naczynkowa","tag-cera-sucha","tag-ceramidy","tag-estry-cholesterolu","tag-glukonolakton","tag-kasztanowiec-zwyczajny","tag-krem-na-naczynka","tag-kwas-azelainowy","tag-kwas-laktobionowy","tag-stop-zaczerwienieniom","tag-veno-care","tag-witamina-c","tag-witamina-k","tag-witamina-pp","tag-zimowa-pielegnacja-skory"],"yoast_head":"<!-- This site is optimized with the Yoast SEO plugin v27.1.1 - https:\/\/yoast.com\/product\/yoast-seo-wordpress\/ -->\n<title>Krem na naczynka \u2013 nie tylko dla cery naczynkowej &#187; Blog BANDI<\/title>\n<meta name=\"robots\" content=\"index, follow, max-snippet:-1, max-image-preview:large, max-video-preview:-1\" \/>\n<link rel=\"canonical\" href=\"https:\/\/www.bandi.pl\/blog\/krem-na-naczynka-nie-tylko-dla-cery-naczynkowej\/\" \/>\n<meta property=\"og:locale\" content=\"pl_PL\" \/>\n<meta property=\"og:type\" content=\"article\" \/>\n<meta property=\"og:title\" content=\"Krem na naczynka \u2013 nie tylko dla cery naczynkowej &#187; Blog BANDI\" \/>\n<meta property=\"og:description\" content=\"Dla wielu os\u00f3b, kt\u00f3re borykaj\u0105 si\u0119 z cer\u0105 naczyniow\u0105, sk\u0142onn\u0105 do powstawania rumienia, krem na naczynka to podstawa piel\u0119gnacji. Jest jednak taki okres w roku, kiedy ka\u017cdy rodzaj cery potrzebuje wzmocnienia i ochrony naczy\u0144. Ten czas to zima. Nasza zima z\u0142a Posiadaczki cery naczynkowej wiedz\u0105, \u017ce zima to wyj\u0105tkowo niesprzyjaj\u0105cy okres dla ich sk\u00f3ry. Jednak [&hellip;]\" \/>\n<meta property=\"og:url\" content=\"https:\/\/www.bandi.pl\/blog\/krem-na-naczynka-nie-tylko-dla-cery-naczynkowej\/\" \/>\n<meta property=\"og:site_name\" content=\"Blog BANDI\" \/>\n<meta property=\"article:publisher\" content=\"https:\/\/web.facebook.com\/BANDIcosmetics\" \/>\n<meta property=\"article:published_time\" content=\"2021-01-21T09:30:00+00:00\" \/>\n<meta property=\"article:modified_time\" content=\"2022-02-11T09:39:58+00:00\" \/>\n<meta property=\"og:image\" content=\"https:\/\/www.bandi.pl\/blog\/wp-content\/uploads\/2021\/01\/hands-woman-with-a-cream-jar-on-pink-moisturizer-for-clean-and-soft-skin-in-the-winter-scaled.jpg\" \/>\n\t<meta property=\"og:image:width\" content=\"2560\" \/>\n\t<meta property=\"og:image:height\" content=\"1707\" \/>\n\t<meta property=\"og:image:type\" content=\"image\/jpeg\" \/>\n<meta name=\"author\" content=\"Ilona Kiraga\" \/>\n<meta name=\"twitter:card\" content=\"summary_large_image\" \/>\n<meta name=\"twitter:creator\" content=\"@bandi_cosmetics\" \/>\n<meta name=\"twitter:site\" content=\"@bandi_cosmetics\" \/>\n<meta name=\"twitter:label1\" content=\"Napisane przez\" \/>\n\t<meta name=\"twitter:data1\" content=\"Ilona Kiraga\" \/>\n\t<meta name=\"twitter:label2\" content=\"Szacowany czas czytania\" \/>\n\t<meta name=\"twitter:data2\" content=\"3 minuty\" \/>\n<script type=\"application\/ld+json\" class=\"yoast-schema-graph\">{\"@context\":\"https:\/\/schema.org\",\"@graph\":[{\"@type\":\"Article\",\"@id\":\"https:\/\/www.bandi.pl\/blog\/krem-na-naczynka-nie-tylko-dla-cery-naczynkowej\/#article\",\"isPartOf\":{\"@id\":\"https:\/\/www.bandi.pl\/blog\/krem-na-naczynka-nie-tylko-dla-cery-naczynkowej\/\"},\"author\":{\"name\":\"Ilona Kiraga\",\"@id\":\"https:\/\/www.bandi.pl\/blog\/#\/schema\/person\/5ba05af1a18c58f1c31d4ae051ec9499\"},\"headline\":\"Krem na naczynka \u2013 nie tylko dla cery naczynkowej\",\"datePublished\":\"2021-01-21T09:30:00+00:00\",\"dateModified\":\"2022-02-11T09:39:58+00:00\",\"mainEntityOfPage\":{\"@id\":\"https:\/\/www.bandi.pl\/blog\/krem-na-naczynka-nie-tylko-dla-cery-naczynkowej\/\"},\"wordCount\":750,\"commentCount\":0,\"publisher\":{\"@id\":\"https:\/\/www.bandi.pl\/blog\/#organization\"},\"image\":{\"@id\":\"https:\/\/www.bandi.pl\/blog\/krem-na-naczynka-nie-tylko-dla-cery-naczynkowej\/#primaryimage\"},\"thumbnailUrl\":\"https:\/\/www.bandi.pl\/blog\/wp-content\/uploads\/2021\/01\/hands-woman-with-a-cream-jar-on-pink-moisturizer-for-clean-and-soft-skin-in-the-winter-scaled.jpg\",\"keywords\":[\"anti rouge\",\"arnika g\u00f3rska\",\"bariera ochronna nask\u00f3rka\",\"cera mieszana\",\"cera naczynkowa\",\"cera sucha\",\"ceramidy\",\"estry cholesterolu\",\"glukonolakton\",\"kasztanowiec zwyczajny\",\"krem na naczynka\",\"kwas azelainowy\",\"kwas laktobionowy\",\"stop zaczerwienieniom\",\"veno care\",\"witamina C\",\"witamina k\",\"witamina pp\",\"zimowa piel\u0119gnacja sk\u00f3ry\"],\"articleSection\":[\"Ilona Kiraga\",\"Piel\u0119gnacja i kosmetyki\"],\"inLanguage\":\"pl-PL\",\"potentialAction\":[{\"@type\":\"CommentAction\",\"name\":\"Comment\",\"target\":[\"https:\/\/www.bandi.pl\/blog\/krem-na-naczynka-nie-tylko-dla-cery-naczynkowej\/#respond\"]}]},{\"@type\":\"WebPage\",\"@id\":\"https:\/\/www.bandi.pl\/blog\/krem-na-naczynka-nie-tylko-dla-cery-naczynkowej\/\",\"url\":\"https:\/\/www.bandi.pl\/blog\/krem-na-naczynka-nie-tylko-dla-cery-naczynkowej\/\",\"name\":\"Krem na naczynka \u2013 nie tylko dla cery naczynkowej &#187; Blog BANDI\",\"isPartOf\":{\"@id\":\"https:\/\/www.bandi.pl\/blog\/#website\"},\"primaryImageOfPage\":{\"@id\":\"https:\/\/www.bandi.pl\/blog\/krem-na-naczynka-nie-tylko-dla-cery-naczynkowej\/#primaryimage\"},\"image\":{\"@id\":\"https:\/\/www.bandi.pl\/blog\/krem-na-naczynka-nie-tylko-dla-cery-naczynkowej\/#primaryimage\"},\"thumbnailUrl\":\"https:\/\/www.bandi.pl\/blog\/wp-content\/uploads\/2021\/01\/hands-woman-with-a-cream-jar-on-pink-moisturizer-for-clean-and-soft-skin-in-the-winter-scaled.jpg\",\"datePublished\":\"2021-01-21T09:30:00+00:00\",\"dateModified\":\"2022-02-11T09:39:58+00:00\",\"breadcrumb\":{\"@id\":\"https:\/\/www.bandi.pl\/blog\/krem-na-naczynka-nie-tylko-dla-cery-naczynkowej\/#breadcrumb\"},\"inLanguage\":\"pl-PL\",\"potentialAction\":[{\"@type\":\"ReadAction\",\"target\":[\"https:\/\/www.bandi.pl\/blog\/krem-na-naczynka-nie-tylko-dla-cery-naczynkowej\/\"]}]},{\"@type\":\"ImageObject\",\"inLanguage\":\"pl-PL\",\"@id\":\"https:\/\/www.bandi.pl\/blog\/krem-na-naczynka-nie-tylko-dla-cery-naczynkowej\/#primaryimage\",\"url\":\"https:\/\/www.bandi.pl\/blog\/wp-content\/uploads\/2021\/01\/hands-woman-with-a-cream-jar-on-pink-moisturizer-for-clean-and-soft-skin-in-the-winter-scaled.jpg\",\"contentUrl\":\"https:\/\/www.bandi.pl\/blog\/wp-content\/uploads\/2021\/01\/hands-woman-with-a-cream-jar-on-pink-moisturizer-for-clean-and-soft-skin-in-the-winter-scaled.jpg\",\"width\":2560,\"height\":1707,\"caption\":\"Hands of a beautiful well-groomed woman with a cream jar on a pink textural background. Moisturizer for clean and soft skin in the winter. The heart shape is made of cream. I love the body. Healthcare concept.\"},{\"@type\":\"BreadcrumbList\",\"@id\":\"https:\/\/www.bandi.pl\/blog\/krem-na-naczynka-nie-tylko-dla-cery-naczynkowej\/#breadcrumb\",\"itemListElement\":[{\"@type\":\"ListItem\",\"position\":1,\"name\":\"BANDI\",\"item\":\"https:\/\/www.bandi.pl\/blog\/\"},{\"@type\":\"ListItem\",\"position\":2,\"name\":\"Krem na naczynka \u2013 nie tylko dla cery naczynkowej\"}]},{\"@type\":\"WebSite\",\"@id\":\"https:\/\/www.bandi.pl\/blog\/#website\",\"url\":\"https:\/\/www.bandi.pl\/blog\/\",\"name\":\"Blog BANDI\",\"description\":\"Czarno na bia\u0142ym o kosmetykach\",\"publisher\":{\"@id\":\"https:\/\/www.bandi.pl\/blog\/#organization\"},\"potentialAction\":[{\"@type\":\"SearchAction\",\"target\":{\"@type\":\"EntryPoint\",\"urlTemplate\":\"https:\/\/www.bandi.pl\/blog\/?s={search_term_string}\"},\"query-input\":{\"@type\":\"PropertyValueSpecification\",\"valueRequired\":true,\"valueName\":\"search_term_string\"}}],\"inLanguage\":\"pl-PL\"},{\"@type\":\"Organization\",\"@id\":\"https:\/\/www.bandi.pl\/blog\/#organization\",\"name\":\"BANDI\",\"url\":\"https:\/\/www.bandi.pl\/blog\/\",\"logo\":{\"@type\":\"ImageObject\",\"inLanguage\":\"pl-PL\",\"@id\":\"https:\/\/www.bandi.pl\/blog\/#\/schema\/logo\/image\/\",\"url\":\"https:\/\/www.bandi.pl\/blog\/wp-content\/uploads\/2019\/06\/bandi-logo.png\",\"contentUrl\":\"https:\/\/www.bandi.pl\/blog\/wp-content\/uploads\/2019\/06\/bandi-logo.png\",\"width\":264,\"height\":111,\"caption\":\"BANDI\"},\"image\":{\"@id\":\"https:\/\/www.bandi.pl\/blog\/#\/schema\/logo\/image\/\"},\"sameAs\":[\"https:\/\/web.facebook.com\/BANDIcosmetics\",\"https:\/\/x.com\/bandi_cosmetics\",\"https:\/\/www.instagram.com\/bandi_cosmetics\/\",\"https:\/\/www.pinterest.com\/bandicosmetics\/\",\"https:\/\/www.youtube.com\/user\/BandiCosmeticsPolska\"]},{\"@type\":\"Person\",\"@id\":\"https:\/\/www.bandi.pl\/blog\/#\/schema\/person\/5ba05af1a18c58f1c31d4ae051ec9499\",\"name\":\"Ilona Kiraga\"}]}<\/script>\n<!-- \/ Yoast SEO plugin. -->","yoast_head_json":{"title":"Krem na naczynka \u2013 nie tylko dla cery naczynkowej &#187; Blog BANDI","robots":{"index":"index","follow":"follow","max-snippet":"max-snippet:-1","max-image-preview":"max-image-preview:large","max-video-preview":"max-video-preview:-1"},"canonical":"https:\/\/www.bandi.pl\/blog\/krem-na-naczynka-nie-tylko-dla-cery-naczynkowej\/","og_locale":"pl_PL","og_type":"article","og_title":"Krem na naczynka \u2013 nie tylko dla cery naczynkowej &#187; Blog BANDI","og_description":"Dla wielu os\u00f3b, kt\u00f3re borykaj\u0105 si\u0119 z cer\u0105 naczyniow\u0105, sk\u0142onn\u0105 do powstawania rumienia, krem na naczynka to podstawa piel\u0119gnacji. Jest jednak taki okres w roku, kiedy ka\u017cdy rodzaj cery potrzebuje wzmocnienia i ochrony naczy\u0144. Ten czas to zima. Nasza zima z\u0142a Posiadaczki cery naczynkowej wiedz\u0105, \u017ce zima to wyj\u0105tkowo niesprzyjaj\u0105cy okres dla ich sk\u00f3ry. Jednak [&hellip;]","og_url":"https:\/\/www.bandi.pl\/blog\/krem-na-naczynka-nie-tylko-dla-cery-naczynkowej\/","og_site_name":"Blog BANDI","article_publisher":"https:\/\/web.facebook.com\/BANDIcosmetics","article_published_time":"2021-01-21T09:30:00+00:00","article_modified_time":"2022-02-11T09:39:58+00:00","og_image":[{"width":2560,"height":1707,"url":"https:\/\/www.bandi.pl\/blog\/wp-content\/uploads\/2021\/01\/hands-woman-with-a-cream-jar-on-pink-moisturizer-for-clean-and-soft-skin-in-the-winter-scaled.jpg","type":"image\/jpeg"}],"author":"Ilona Kiraga","twitter_card":"summary_large_image","twitter_creator":"@bandi_cosmetics","twitter_site":"@bandi_cosmetics","twitter_misc":{"Napisane przez":"Ilona Kiraga","Szacowany czas czytania":"3 minuty"},"schema":{"@context":"https:\/\/schema.org","@graph":[{"@type":"Article","@id":"https:\/\/www.bandi.pl\/blog\/krem-na-naczynka-nie-tylko-dla-cery-naczynkowej\/#article","isPartOf":{"@id":"https:\/\/www.bandi.pl\/blog\/krem-na-naczynka-nie-tylko-dla-cery-naczynkowej\/"},"author":{"name":"Ilona Kiraga","@id":"https:\/\/www.bandi.pl\/blog\/#\/schema\/person\/5ba05af1a18c58f1c31d4ae051ec9499"},"headline":"Krem na naczynka \u2013 nie tylko dla cery naczynkowej","datePublished":"2021-01-21T09:30:00+00:00","dateModified":"2022-02-11T09:39:58+00:00","mainEntityOfPage":{"@id":"https:\/\/www.bandi.pl\/blog\/krem-na-naczynka-nie-tylko-dla-cery-naczynkowej\/"},"wordCount":750,"commentCount":0,"publisher":{"@id":"https:\/\/www.bandi.pl\/blog\/#organization"},"image":{"@id":"https:\/\/www.bandi.pl\/blog\/krem-na-naczynka-nie-tylko-dla-cery-naczynkowej\/#primaryimage"},"thumbnailUrl":"https:\/\/www.bandi.pl\/blog\/wp-content\/uploads\/2021\/01\/hands-woman-with-a-cream-jar-on-pink-moisturizer-for-clean-and-soft-skin-in-the-winter-scaled.jpg","keywords":["anti rouge","arnika g\u00f3rska","bariera ochronna nask\u00f3rka","cera mieszana","cera naczynkowa","cera sucha","ceramidy","estry cholesterolu","glukonolakton","kasztanowiec zwyczajny","krem na naczynka","kwas azelainowy","kwas laktobionowy","stop zaczerwienieniom","veno care","witamina C","witamina k","witamina pp","zimowa piel\u0119gnacja sk\u00f3ry"],"articleSection":["Ilona Kiraga","Piel\u0119gnacja i kosmetyki"],"inLanguage":"pl-PL","potentialAction":[{"@type":"CommentAction","name":"Comment","target":["https:\/\/www.bandi.pl\/blog\/krem-na-naczynka-nie-tylko-dla-cery-naczynkowej\/#respond"]}]},{"@type":"WebPage","@id":"https:\/\/www.bandi.pl\/blog\/krem-na-naczynka-nie-tylko-dla-cery-naczynkowej\/","url":"https:\/\/www.bandi.pl\/blog\/krem-na-naczynka-nie-tylko-dla-cery-naczynkowej\/","name":"Krem na naczynka \u2013 nie tylko dla cery naczynkowej &#187; Blog BANDI","isPartOf":{"@id":"https:\/\/www.bandi.pl\/blog\/#website"},"primaryImageOfPage":{"@id":"https:\/\/www.bandi.pl\/blog\/krem-na-naczynka-nie-tylko-dla-cery-naczynkowej\/#primaryimage"},"image":{"@id":"https:\/\/www.bandi.pl\/blog\/krem-na-naczynka-nie-tylko-dla-cery-naczynkowej\/#primaryimage"},"thumbnailUrl":"https:\/\/www.bandi.pl\/blog\/wp-content\/uploads\/2021\/01\/hands-woman-with-a-cream-jar-on-pink-moisturizer-for-clean-and-soft-skin-in-the-winter-scaled.jpg","datePublished":"2021-01-21T09:30:00+00:00","dateModified":"2022-02-11T09:39:58+00:00","breadcrumb":{"@id":"https:\/\/www.bandi.pl\/blog\/krem-na-naczynka-nie-tylko-dla-cery-naczynkowej\/#breadcrumb"},"inLanguage":"pl-PL","potentialAction":[{"@type":"ReadAction","target":["https:\/\/www.bandi.pl\/blog\/krem-na-naczynka-nie-tylko-dla-cery-naczynkowej\/"]}]},{"@type":"ImageObject","inLanguage":"pl-PL","@id":"https:\/\/www.bandi.pl\/blog\/krem-na-naczynka-nie-tylko-dla-cery-naczynkowej\/#primaryimage","url":"https:\/\/www.bandi.pl\/blog\/wp-content\/uploads\/2021\/01\/hands-woman-with-a-cream-jar-on-pink-moisturizer-for-clean-and-soft-skin-in-the-winter-scaled.jpg","contentUrl":"https:\/\/www.bandi.pl\/blog\/wp-content\/uploads\/2021\/01\/hands-woman-with-a-cream-jar-on-pink-moisturizer-for-clean-and-soft-skin-in-the-winter-scaled.jpg","width":2560,"height":1707,"caption":"Hands of a beautiful well-groomed woman with a cream jar on a pink textural background. Moisturizer for clean and soft skin in the winter. The heart shape is made of cream. I love the body. Healthcare concept."},{"@type":"BreadcrumbList","@id":"https:\/\/www.bandi.pl\/blog\/krem-na-naczynka-nie-tylko-dla-cery-naczynkowej\/#breadcrumb","itemListElement":[{"@type":"ListItem","position":1,"name":"BANDI","item":"https:\/\/www.bandi.pl\/blog\/"},{"@type":"ListItem","position":2,"name":"Krem na naczynka \u2013 nie tylko dla cery naczynkowej"}]},{"@type":"WebSite","@id":"https:\/\/www.bandi.pl\/blog\/#website","url":"https:\/\/www.bandi.pl\/blog\/","name":"Blog BANDI","description":"Czarno na bia\u0142ym o kosmetykach","publisher":{"@id":"https:\/\/www.bandi.pl\/blog\/#organization"},"potentialAction":[{"@type":"SearchAction","target":{"@type":"EntryPoint","urlTemplate":"https:\/\/www.bandi.pl\/blog\/?s={search_term_string}"},"query-input":{"@type":"PropertyValueSpecification","valueRequired":true,"valueName":"search_term_string"}}],"inLanguage":"pl-PL"},{"@type":"Organization","@id":"https:\/\/www.bandi.pl\/blog\/#organization","name":"BANDI","url":"https:\/\/www.bandi.pl\/blog\/","logo":{"@type":"ImageObject","inLanguage":"pl-PL","@id":"https:\/\/www.bandi.pl\/blog\/#\/schema\/logo\/image\/","url":"https:\/\/www.bandi.pl\/blog\/wp-content\/uploads\/2019\/06\/bandi-logo.png","contentUrl":"https:\/\/www.bandi.pl\/blog\/wp-content\/uploads\/2019\/06\/bandi-logo.png","width":264,"height":111,"caption":"BANDI"},"image":{"@id":"https:\/\/www.bandi.pl\/blog\/#\/schema\/logo\/image\/"},"sameAs":["https:\/\/web.facebook.com\/BANDIcosmetics","https:\/\/x.com\/bandi_cosmetics","https:\/\/www.instagram.com\/bandi_cosmetics\/","https:\/\/www.pinterest.com\/bandicosmetics\/","https:\/\/www.youtube.com\/user\/BandiCosmeticsPolska"]},{"@type":"Person","@id":"https:\/\/www.bandi.pl\/blog\/#\/schema\/person\/5ba05af1a18c58f1c31d4ae051ec9499","name":"Ilona Kiraga"}]}},"_links":{"self":[{"href":"https:\/\/www.bandi.pl\/blog\/wp-json\/wp\/v2\/posts\/11360","targetHints":{"allow":["GET"]}}],"collection":[{"href":"https:\/\/www.bandi.pl\/blog\/wp-json\/wp\/v2\/posts"}],"about":[{"href":"https:\/\/www.bandi.pl\/blog\/wp-json\/wp\/v2\/types\/post"}],"author":[{"embeddable":true,"href":"https:\/\/www.bandi.pl\/blog\/wp-json\/wp\/v2\/users\/13"}],"replies":[{"embeddable":true,"href":"https:\/\/www.bandi.pl\/blog\/wp-json\/wp\/v2\/comments?post=11360"}],"version-history":[{"count":3,"href":"https:\/\/www.bandi.pl\/blog\/wp-json\/wp\/v2\/posts\/11360\/revisions"}],"predecessor-version":[{"id":13632,"href":"https:\/\/www.bandi.pl\/blog\/wp-json\/wp\/v2\/posts\/11360\/revisions\/13632"}],"wp:featuredmedia":[{"embeddable":true,"href":"https:\/\/www.bandi.pl\/blog\/wp-json\/wp\/v2\/media\/11361"}],"wp:attachment":[{"href":"https:\/\/www.bandi.pl\/blog\/wp-json\/wp\/v2\/media?parent=11360"}],"wp:term":[{"taxonomy":"category","embeddable":true,"href":"https:\/\/www.bandi.pl\/blog\/wp-json\/wp\/v2\/categories?post=11360"},{"taxonomy":"post_tag","embeddable":true,"href":"https:\/\/www.bandi.pl\/blog\/wp-json\/wp\/v2\/tags?post=11360"}],"curies":[{"name":"wp","href":"https:\/\/api.w.org\/{rel}","templated":true}]}}