{"id":11339,"date":"2021-01-05T11:00:00","date_gmt":"2021-01-05T10:00:00","guid":{"rendered":"https:\/\/www.bandi.pl\/blog\/?p=11339"},"modified":"2021-09-03T12:21:29","modified_gmt":"2021-09-03T10:21:29","slug":"jakiej-pielegnacji-potrzebuje-cera-mieszana","status":"publish","type":"post","link":"https:\/\/www.bandi.pl\/blog\/jakiej-pielegnacji-potrzebuje-cera-mieszana\/","title":{"rendered":"Jakiej piel\u0119gnacji potrzebuje cera mieszana?"},"content":{"rendered":"\n<p>Ka\u017cdy z nas posiada pewien typ cery: such\u0105, normaln\u0105, mieszan\u0105 b\u0105d\u017a t\u0142ust\u0105. Najcz\u0119\u015bciej wyst\u0119puj\u0105cym typem sk\u00f3ry jest cera mieszana, kt\u00f3rej piel\u0119gnacja nie nale\u017cy do naj\u0142atwiejszych.&nbsp; Cz\u0119sto nawet nie zdajemy sobie sprawy z naszego typu sk\u00f3ry i nieodpowiednio o ni\u0105 dbamy.<\/p>\n\n\n\n<h2 class=\"wp-block-heading\" id=\"h-co-oznacza-cera-mieszana\"><strong>Co oznacza cera mieszana?<\/strong><\/h2>\n\n\n\n<p>Cera mieszana jest jedn\u0105 z bardziej problematycznych sk\u00f3r, poniewa\u017c \u0142\u0105czy dwa rodzaje sk\u00f3ry: such\u0105 i t\u0142ust\u0105. U wi\u0119kszo\u015bci os\u00f3b z tym typem cery mo\u017cna zauwa\u017cy\u0107 nadmierne wydzielanie sebum w strefie T, czyli w okolicach czo\u0142a, nosa i brody. Nast\u0119puje tu zwi\u0119kszona produkcja sebum przez gruczo\u0142y \u0142ojowe, a tak\u017ce bardzo cz\u0119sto mo\u017cemy zauwa\u017cy\u0107 pojawiaj\u0105ce si\u0119 wypryski i zask\u00f3rniki. Drug\u0105 cech\u0105 cery mieszanej s\u0105 przesuszone policzki i skronie, kt\u00f3re maj\u0105 tendencj\u0119 do podra\u017cnie\u0144 i \u0142uszczenia.<\/p>\n\n\n\n<h2 class=\"wp-block-heading\" id=\"h-dlaczego-strefa-t-si-przet-uszcza\"><strong>Dlaczego strefa T si\u0119 przet\u0142uszcza?<\/strong><\/h2>\n\n\n\n<p>Posiadacze cery mieszanej maj\u0105 problem z nadmiernym przet\u0142uszczaniem si\u0119 sk\u00f3ry w strefie T. Dlaczego? W tej okolicy jest du\u017co wi\u0119cej gruczo\u0142\u00f3w \u0142ojowych ni\u017c na pozosta\u0142ej cz\u0119\u015bci twarzy. Produkuj\u0105 one \u0142\u00f3j, kt\u00f3ry wchodzi w sk\u0142ad naturalnej bariery ochronnej sk\u00f3ry, zatrzymuj\u0105c wod\u0119 w nask\u00f3rku, a tak\u017ce zapobiegaj\u0105c wnikaniu bakterii. Dzi\u0119ki tej ochronie sk\u00f3ra jest mniej podatna na podra\u017cnienia. Cera mieszana cz\u0119sto boryka si\u0119 z nadprodukcj\u0105 sebum. Powodem tego mo\u017ce by\u0107 z\u0142a piel\u0119gnacja, zaburzenia gospodarki hormonalnej, stres b\u0105d\u017a nieodpowiednia dieta.<\/p>\n\n\n\n<h2 class=\"wp-block-heading\" id=\"h-jak-wygl-da-piel-gnacja-cery-mieszanej\"><strong>Jak wygl\u0105da piel\u0119gnacja cery mieszanej?<\/strong><\/h2>\n\n\n\n<p>Podstaw\u0105 piel\u0119gnacji cery mieszanej jest jej odpowiednie oczyszczanie i z\u0142uszczanie. Warto wybiera\u0107 preparaty, kt\u00f3re odblokuj\u0105 tzw. pory sk\u00f3ry, zmniejsz\u0105 nadmiern\u0105 produkcj\u0119 \u0142oju, a jednocze\u015bnie poprawi\u0105 regeneracj\u0119 nask\u00f3rka. Cera mieszana uwielbia <a href=\"https:\/\/www.bandi.pl\/sklep\/maski\/pmf-oczyszczajaca-maska-drozdzowa-634\/\">maski dro\u017cd\u017cowe<\/a>, kt\u00f3re dadz\u0105 nam takie dzia\u0142ania i dodatkowo wyr\u00f3wnaj\u0105 koloryt sk\u00f3ry. Wa\u017cnym aspektem jest te\u017c wyb\u00f3r kremu, kt\u00f3ry b\u0119dzie mia\u0142 dzia\u0142anie <a href=\"https:\/\/www.bandi.pl\/sklep\/kremy\/pmf-esencja-nawilzajaco-normalizujaca-631\/\">normalizuj\u0105ce<\/a> \u2013 dostarczy sk\u00f3rze nawil\u017cenia, ale\u00a0te\u017c zapobiegnie wytwarzaniu sebum w zbyt du\u017cej ilo\u015bci.<\/p>\n\n\n\n<div class=\"wp-block-image\"><figure class=\"aligncenter size-large\"><a href=\"https:\/\/www.bandi.pl\/sklep\/maski\/pmf-oczyszczajaca-maska-drozdzowa-634\/\"><img loading=\"lazy\" decoding=\"async\" width=\"400\" height=\"500\" src=\"https:\/\/www.bandi.pl\/blog\/wp-content\/uploads\/2020\/12\/64978880_10157624463644009_2236045525751169024_o-400x500.jpg\" alt=\"Maska dro\u017cd\u017cowa dla cery mieszanej\" class=\"wp-image-11341\"\/><\/a><\/figure><\/div>\n\n\n\n<h2 class=\"wp-block-heading\" id=\"h-b-dy-w-piel-gnacji-cery-mieszanej\"><strong>B\u0142\u0119dy <\/strong>w piel\u0119gnacji cery mieszanej<\/h2>\n\n\n\n<p>Niestety bardzo cz\u0119sto pope\u0142niamy b\u0142\u0119dy w piel\u0119gnacji cery\nmieszanej, co powoduje, \u017ce nie uzyskujemy zadowalaj\u0105cych efekt\u00f3w. Najcz\u0119stsze\nb\u0142\u0119dy to:<\/p>\n\n\n\n<ul class=\"wp-block-list\"><li>skupianie si\u0119 tylko i wy\u0142\u0105cznie na problemie przet\u0142uszczania si\u0119 sk\u00f3ry, przez co zapominamy, \u017ce cera mieszana potrzebuje te\u017c nawil\u017cenia. Je\u015bli nie b\u0119dziemy sk\u00f3ry nawil\u017ca\u0107, to b\u0119dzie ona produkowa\u0107 wi\u0119ksz\u0105 ilo\u015b\u0107 sebum chc\u0105c samodzielnie ochroni\u0107 cer\u0119,<\/li><li>z\u0142y demakija\u017c sk\u00f3ry, kt\u00f3ry prowadzi do powstawania niedoskona\u0142o\u015bci i zask\u00f3rnik\u00f3w,<\/li><li>stosowanie kosmetyk\u00f3w mocno matuj\u0105cych, kt\u00f3re jeszcze bardziej wysuszaj\u0105 i tak ju\u017c such\u0105 sk\u00f3r\u0119 na policzkach i powoduj\u0105, \u017ce jest ona bardziej podatna na uszkodzenia i podra\u017cnienia. <\/li><\/ul>\n\n\n\n<p>Prawid\u0142owa piel\u0119gnacja cery mieszanej to ograniczenie nadmiernego wydzielania sebum w miejscach jego nadprodukcji i nawil\u017canie przesuszonych partii sk\u00f3ry. Pomog\u0105 w tym preparaty z serii <a href=\"https:\/\/www.bandi.pl\/sklep\/katalog\/seria\/72_sebo-care\/\">Sebo Care<\/a>.<\/p>\n\n\n\n<div class=\"wp-block-divi-layout\">[et_pb_section fb_built=&#8221;1&#8243; _builder_version=&#8221;4.4.1&#8243;][\/et_pb_section][et_pb_section fb_built=&#8221;1&#8243; _builder_version=&#8221;4.4.1&#8243; top_divider_style=&#8221;arrow&#8221; top_divider_color=&#8221;rgba(255,166,168,0.75)&#8221; top_divider_height=&#8221;1px&#8221; bottom_divider_style=&#8221;arrow&#8221; bottom_divider_color=&#8221;rgba(255,166,168,0.75)&#8221; bottom_divider_height=&#8221;1px&#8221;][et_pb_row column_structure=&#8221;1_2,1_2&#8243; _builder_version=&#8221;4.4.1&#8243; width=&#8221;100%&#8221; module_alignment=&#8221;left&#8221; custom_margin=&#8221;||||false|false&#8221;][et_pb_column type=&#8221;1_2&#8243; _builder_version=&#8221;4.4.1&#8243;][et_pb_text _builder_version=&#8221;4.4.1&#8243; text_font=&#8221;Raleway Bold||||||||&#8221; text_text_color=&#8221;rgba(255,166,168,0.75)&#8221; text_font_size=&#8221;56px&#8221; text_letter_spacing=&#8221;8px&#8221; text_line_height=&#8221;1.1em&#8221; custom_margin=&#8221;40px||||false|false&#8221; hover_enabled=&#8221;0&#8243; link_option_url=&#8221;https:\/\/www.bandi.pl\/sklep\/katalog\/seria\/72_sebo-care\/&#8221;]<p style=\"text-align: center;\"><strong>SEBO CARE<br><\/strong><\/p>\n[\/et_pb_text][et_pb_text _builder_version=&#8221;4.4.1&#8243; text_font=&#8221;Raleway Regular||||||||&#8221; text_text_color=&#8221;#b8b8b8&#8243; text_font_size=&#8221;22px&#8221; text_line_height=&#8221;1.5em&#8221; hover_enabled=&#8221;0&#8243; link_option_url=&#8221;https:\/\/www.bandi.pl\/sklep\/katalog\/seria\/72_sebo-care\/&#8221;]<p style=\"text-align: center;\">Kompleksowa piel\u0119gnacja cery mieszanej<\/p>[\/et_pb_text][et_pb_button button_url=&#8221;https:\/\/www.bandi.pl\/sklep\/katalog\/seria\/72_sebo-care\/&#8221; button_text=&#8221;ZOBACZ&#8221; button_alignment=&#8221;center&#8221; disabled_on=&#8221;off|off|off&#8221; _builder_version=&#8221;4.4.1&#8243; custom_button=&#8221;on&#8221; button_text_size=&#8221;20px&#8221; button_text_color=&#8221;#ffffff&#8221; button_border_radius=&#8221;25px&#8221; button_font=&#8221;Bree Serif||||||||&#8221; background_layout=&#8221;dark&#8221; custom_padding=&#8221;12px|30px|12px|30px|true|true&#8221; hover_transition_duration=&#8221;0ms&#8221; hover_enabled=&#8221;0&#8243; box_shadow_style=&#8221;preset3&#8243;][\/et_pb_button][\/et_pb_column][et_pb_column type=&#8221;1_2&#8243; _builder_version=&#8221;4.4.1&#8243;][et_pb_image src=&#8221;https:\/\/www.bandi.pl\/blog\/wp-content\/uploads\/2020\/12\/68361671_10157762292449009_5330888651603705856_o.jpg&#8221; align=&#8221;center&#8221; _builder_version=&#8221;4.4.1&#8243; hover_enabled=&#8221;0&#8243; url=&#8221;https:\/\/www.bandi.pl\/sklep\/katalog\/seria\/72_sebo-care\/&#8221;][\/et_pb_image][\/et_pb_column][\/et_pb_row][\/et_pb_section]<\/div>\n","protected":false},"excerpt":{"rendered":"<p>Ka\u017cdy z nas posiada pewien typ cery: such\u0105, normaln\u0105, mieszan\u0105 b\u0105d\u017a t\u0142ust\u0105. Najcz\u0119\u015bciej wyst\u0119puj\u0105cym typem sk\u00f3ry jest cera mieszana, kt\u00f3rej piel\u0119gnacja nie nale\u017cy do naj\u0142atwiejszych.&nbsp; Cz\u0119sto nawet nie zdajemy sobie sprawy z naszego typu sk\u00f3ry i nieodpowiednio o ni\u0105 dbamy. Co oznacza cera mieszana? Cera mieszana jest jedn\u0105 z bardziej problematycznych sk\u00f3r, poniewa\u017c \u0142\u0105czy dwa [&hellip;]<\/p>\n","protected":false},"author":13,"featured_media":11340,"comment_status":"open","ping_status":"closed","sticky":false,"template":"","format":"standard","meta":{"_et_pb_use_builder":"","_et_pb_old_content":"","_et_gb_content_width":"","footnotes":""},"categories":[5220,1817],"tags":[5443,85,5436,5439,5442,5215,5444,5437,5438,5369,5263,4272,5441,5445],"class_list":["post-11339","post","type-post","status-publish","format-standard","has-post-thumbnail","hentry","category-angelika-sapinska","category-kategoria-pielegnacja-i-kosmetyki","tag-bledy-pielegnacyjne-cery-mieszanej","tag-cera-mieszana","tag-jak-pielegnowac-cere-mieszana","tag-jak-sie-pozbyc-zaskornikow","tag-krem-normalizujacy","tag-lekki-krem","tag-matowienie-cery","tag-nawilzanie-cery-mieszanej","tag-oczyszczajaca-maska-drozdzowa","tag-przetluszczanie-cery","tag-redukcja-niedoskonalosci","tag-sebo-care","tag-strefa-t","tag-zluszczaie-naskorka"],"yoast_head":"<!-- This site is optimized with the Yoast SEO plugin v27.1.1 - https:\/\/yoast.com\/product\/yoast-seo-wordpress\/ -->\n<title>Jakiej piel\u0119gnacji potrzebuje cera mieszana? &#187; Blog BANDI<\/title>\n<meta name=\"description\" content=\"Cera mieszana jest trudna w piel\u0119gnacji poniewa\u017c ma tendencje zar\u00f3wno do nadmiernego wydzielania sebum jak i przesuszania.\" \/>\n<meta name=\"robots\" content=\"index, follow, max-snippet:-1, max-image-preview:large, max-video-preview:-1\" \/>\n<link rel=\"canonical\" href=\"https:\/\/www.bandi.pl\/blog\/jakiej-pielegnacji-potrzebuje-cera-mieszana\/\" \/>\n<meta property=\"og:locale\" content=\"pl_PL\" \/>\n<meta property=\"og:type\" content=\"article\" \/>\n<meta property=\"og:title\" content=\"Jakiej piel\u0119gnacji potrzebuje cera mieszana? &#187; Blog BANDI\" \/>\n<meta property=\"og:description\" content=\"Cera mieszana jest trudna w piel\u0119gnacji poniewa\u017c ma tendencje zar\u00f3wno do nadmiernego wydzielania sebum jak i przesuszania.\" \/>\n<meta property=\"og:url\" content=\"https:\/\/www.bandi.pl\/blog\/jakiej-pielegnacji-potrzebuje-cera-mieszana\/\" \/>\n<meta property=\"og:site_name\" content=\"Blog BANDI\" \/>\n<meta property=\"article:publisher\" content=\"https:\/\/web.facebook.com\/BANDIcosmetics\" \/>\n<meta property=\"article:published_time\" content=\"2021-01-05T10:00:00+00:00\" \/>\n<meta property=\"article:modified_time\" content=\"2021-09-03T10:21:29+00:00\" \/>\n<meta property=\"og:image\" content=\"https:\/\/www.bandi.pl\/blog\/wp-content\/uploads\/2020\/12\/a-natural-woman-with-good-skin-holds-her-cheeks-and-looks-in-the-mirror-spa-cosmetology-beauty-scaled.jpg\" \/>\n\t<meta property=\"og:image:width\" content=\"2560\" \/>\n\t<meta property=\"og:image:height\" content=\"1707\" \/>\n\t<meta property=\"og:image:type\" content=\"image\/jpeg\" \/>\n<meta name=\"author\" content=\"Ilona Kiraga\" \/>\n<meta name=\"twitter:card\" content=\"summary_large_image\" \/>\n<meta name=\"twitter:creator\" content=\"@bandi_cosmetics\" \/>\n<meta name=\"twitter:site\" content=\"@bandi_cosmetics\" \/>\n<meta name=\"twitter:label1\" content=\"Napisane przez\" \/>\n\t<meta name=\"twitter:data1\" content=\"Ilona Kiraga\" \/>\n\t<meta name=\"twitter:label2\" content=\"Szacowany czas czytania\" \/>\n\t<meta name=\"twitter:data2\" content=\"3 minuty\" \/>\n<script type=\"application\/ld+json\" class=\"yoast-schema-graph\">{\"@context\":\"https:\/\/schema.org\",\"@graph\":[{\"@type\":\"Article\",\"@id\":\"https:\/\/www.bandi.pl\/blog\/jakiej-pielegnacji-potrzebuje-cera-mieszana\/#article\",\"isPartOf\":{\"@id\":\"https:\/\/www.bandi.pl\/blog\/jakiej-pielegnacji-potrzebuje-cera-mieszana\/\"},\"author\":{\"name\":\"Ilona Kiraga\",\"@id\":\"https:\/\/www.bandi.pl\/blog\/#\/schema\/person\/5ba05af1a18c58f1c31d4ae051ec9499\"},\"headline\":\"Jakiej piel\u0119gnacji potrzebuje cera mieszana?\",\"datePublished\":\"2021-01-05T10:00:00+00:00\",\"dateModified\":\"2021-09-03T10:21:29+00:00\",\"mainEntityOfPage\":{\"@id\":\"https:\/\/www.bandi.pl\/blog\/jakiej-pielegnacji-potrzebuje-cera-mieszana\/\"},\"wordCount\":786,\"commentCount\":0,\"publisher\":{\"@id\":\"https:\/\/www.bandi.pl\/blog\/#organization\"},\"image\":{\"@id\":\"https:\/\/www.bandi.pl\/blog\/jakiej-pielegnacji-potrzebuje-cera-mieszana\/#primaryimage\"},\"thumbnailUrl\":\"https:\/\/www.bandi.pl\/blog\/wp-content\/uploads\/2020\/12\/a-natural-woman-with-good-skin-holds-her-cheeks-and-looks-in-the-mirror-spa-cosmetology-beauty-scaled.jpg\",\"keywords\":[\"b\u0142\u0119dy piel\u0119gnacyjne cery mieszanej\",\"cera mieszana\",\"jak piel\u0119gnowa\u0107 cer\u0119 mieszan\u0105\",\"jak si\u0119 pozby\u0107 zask\u00f3rnik\u00f3w\",\"krem normalizuj\u0105cy\",\"lekki krem\",\"matowienie cery\",\"nawil\u017canie cery mieszanej\",\"oczyszczaj\u0105ca maska dro\u017cd\u017cowa\",\"przet\u0142uszczanie cery\",\"redukcja niedoskona\u0142o\u015bci\",\"sebo care\",\"strefa T\",\"z\u0142uszczaie nask\u00f3rka\"],\"articleSection\":[\"Angelika Sapi\u0144ska\",\"Piel\u0119gnacja i kosmetyki\"],\"inLanguage\":\"pl-PL\",\"potentialAction\":[{\"@type\":\"CommentAction\",\"name\":\"Comment\",\"target\":[\"https:\/\/www.bandi.pl\/blog\/jakiej-pielegnacji-potrzebuje-cera-mieszana\/#respond\"]}]},{\"@type\":\"WebPage\",\"@id\":\"https:\/\/www.bandi.pl\/blog\/jakiej-pielegnacji-potrzebuje-cera-mieszana\/\",\"url\":\"https:\/\/www.bandi.pl\/blog\/jakiej-pielegnacji-potrzebuje-cera-mieszana\/\",\"name\":\"Jakiej piel\u0119gnacji potrzebuje cera mieszana? &#187; Blog BANDI\",\"isPartOf\":{\"@id\":\"https:\/\/www.bandi.pl\/blog\/#website\"},\"primaryImageOfPage\":{\"@id\":\"https:\/\/www.bandi.pl\/blog\/jakiej-pielegnacji-potrzebuje-cera-mieszana\/#primaryimage\"},\"image\":{\"@id\":\"https:\/\/www.bandi.pl\/blog\/jakiej-pielegnacji-potrzebuje-cera-mieszana\/#primaryimage\"},\"thumbnailUrl\":\"https:\/\/www.bandi.pl\/blog\/wp-content\/uploads\/2020\/12\/a-natural-woman-with-good-skin-holds-her-cheeks-and-looks-in-the-mirror-spa-cosmetology-beauty-scaled.jpg\",\"datePublished\":\"2021-01-05T10:00:00+00:00\",\"dateModified\":\"2021-09-03T10:21:29+00:00\",\"description\":\"Cera mieszana jest trudna w piel\u0119gnacji poniewa\u017c ma tendencje zar\u00f3wno do nadmiernego wydzielania sebum jak i przesuszania.\",\"breadcrumb\":{\"@id\":\"https:\/\/www.bandi.pl\/blog\/jakiej-pielegnacji-potrzebuje-cera-mieszana\/#breadcrumb\"},\"inLanguage\":\"pl-PL\",\"potentialAction\":[{\"@type\":\"ReadAction\",\"target\":[\"https:\/\/www.bandi.pl\/blog\/jakiej-pielegnacji-potrzebuje-cera-mieszana\/\"]}]},{\"@type\":\"ImageObject\",\"inLanguage\":\"pl-PL\",\"@id\":\"https:\/\/www.bandi.pl\/blog\/jakiej-pielegnacji-potrzebuje-cera-mieszana\/#primaryimage\",\"url\":\"https:\/\/www.bandi.pl\/blog\/wp-content\/uploads\/2020\/12\/a-natural-woman-with-good-skin-holds-her-cheeks-and-looks-in-the-mirror-spa-cosmetology-beauty-scaled.jpg\",\"contentUrl\":\"https:\/\/www.bandi.pl\/blog\/wp-content\/uploads\/2020\/12\/a-natural-woman-with-good-skin-holds-her-cheeks-and-looks-in-the-mirror-spa-cosmetology-beauty-scaled.jpg\",\"width\":2560,\"height\":1707,\"caption\":\"A natural woman with good skin holds her cheeks and looks in the mirror. SPA, cosmetology, beauty.\"},{\"@type\":\"BreadcrumbList\",\"@id\":\"https:\/\/www.bandi.pl\/blog\/jakiej-pielegnacji-potrzebuje-cera-mieszana\/#breadcrumb\",\"itemListElement\":[{\"@type\":\"ListItem\",\"position\":1,\"name\":\"BANDI\",\"item\":\"https:\/\/www.bandi.pl\/blog\/\"},{\"@type\":\"ListItem\",\"position\":2,\"name\":\"Jakiej piel\u0119gnacji potrzebuje cera mieszana?\"}]},{\"@type\":\"WebSite\",\"@id\":\"https:\/\/www.bandi.pl\/blog\/#website\",\"url\":\"https:\/\/www.bandi.pl\/blog\/\",\"name\":\"Blog BANDI\",\"description\":\"Czarno na bia\u0142ym o kosmetykach\",\"publisher\":{\"@id\":\"https:\/\/www.bandi.pl\/blog\/#organization\"},\"potentialAction\":[{\"@type\":\"SearchAction\",\"target\":{\"@type\":\"EntryPoint\",\"urlTemplate\":\"https:\/\/www.bandi.pl\/blog\/?s={search_term_string}\"},\"query-input\":{\"@type\":\"PropertyValueSpecification\",\"valueRequired\":true,\"valueName\":\"search_term_string\"}}],\"inLanguage\":\"pl-PL\"},{\"@type\":\"Organization\",\"@id\":\"https:\/\/www.bandi.pl\/blog\/#organization\",\"name\":\"BANDI\",\"url\":\"https:\/\/www.bandi.pl\/blog\/\",\"logo\":{\"@type\":\"ImageObject\",\"inLanguage\":\"pl-PL\",\"@id\":\"https:\/\/www.bandi.pl\/blog\/#\/schema\/logo\/image\/\",\"url\":\"https:\/\/www.bandi.pl\/blog\/wp-content\/uploads\/2019\/06\/bandi-logo.png\",\"contentUrl\":\"https:\/\/www.bandi.pl\/blog\/wp-content\/uploads\/2019\/06\/bandi-logo.png\",\"width\":264,\"height\":111,\"caption\":\"BANDI\"},\"image\":{\"@id\":\"https:\/\/www.bandi.pl\/blog\/#\/schema\/logo\/image\/\"},\"sameAs\":[\"https:\/\/web.facebook.com\/BANDIcosmetics\",\"https:\/\/x.com\/bandi_cosmetics\",\"https:\/\/www.instagram.com\/bandi_cosmetics\/\",\"https:\/\/www.pinterest.com\/bandicosmetics\/\",\"https:\/\/www.youtube.com\/user\/BandiCosmeticsPolska\"]},{\"@type\":\"Person\",\"@id\":\"https:\/\/www.bandi.pl\/blog\/#\/schema\/person\/5ba05af1a18c58f1c31d4ae051ec9499\",\"name\":\"Ilona Kiraga\"}]}<\/script>\n<!-- \/ Yoast SEO plugin. -->","yoast_head_json":{"title":"Jakiej piel\u0119gnacji potrzebuje cera mieszana? &#187; Blog BANDI","description":"Cera mieszana jest trudna w piel\u0119gnacji poniewa\u017c ma tendencje zar\u00f3wno do nadmiernego wydzielania sebum jak i przesuszania.","robots":{"index":"index","follow":"follow","max-snippet":"max-snippet:-1","max-image-preview":"max-image-preview:large","max-video-preview":"max-video-preview:-1"},"canonical":"https:\/\/www.bandi.pl\/blog\/jakiej-pielegnacji-potrzebuje-cera-mieszana\/","og_locale":"pl_PL","og_type":"article","og_title":"Jakiej piel\u0119gnacji potrzebuje cera mieszana? &#187; Blog BANDI","og_description":"Cera mieszana jest trudna w piel\u0119gnacji poniewa\u017c ma tendencje zar\u00f3wno do nadmiernego wydzielania sebum jak i przesuszania.","og_url":"https:\/\/www.bandi.pl\/blog\/jakiej-pielegnacji-potrzebuje-cera-mieszana\/","og_site_name":"Blog BANDI","article_publisher":"https:\/\/web.facebook.com\/BANDIcosmetics","article_published_time":"2021-01-05T10:00:00+00:00","article_modified_time":"2021-09-03T10:21:29+00:00","og_image":[{"width":2560,"height":1707,"url":"https:\/\/www.bandi.pl\/blog\/wp-content\/uploads\/2020\/12\/a-natural-woman-with-good-skin-holds-her-cheeks-and-looks-in-the-mirror-spa-cosmetology-beauty-scaled.jpg","type":"image\/jpeg"}],"author":"Ilona Kiraga","twitter_card":"summary_large_image","twitter_creator":"@bandi_cosmetics","twitter_site":"@bandi_cosmetics","twitter_misc":{"Napisane przez":"Ilona Kiraga","Szacowany czas czytania":"3 minuty"},"schema":{"@context":"https:\/\/schema.org","@graph":[{"@type":"Article","@id":"https:\/\/www.bandi.pl\/blog\/jakiej-pielegnacji-potrzebuje-cera-mieszana\/#article","isPartOf":{"@id":"https:\/\/www.bandi.pl\/blog\/jakiej-pielegnacji-potrzebuje-cera-mieszana\/"},"author":{"name":"Ilona Kiraga","@id":"https:\/\/www.bandi.pl\/blog\/#\/schema\/person\/5ba05af1a18c58f1c31d4ae051ec9499"},"headline":"Jakiej piel\u0119gnacji potrzebuje cera mieszana?","datePublished":"2021-01-05T10:00:00+00:00","dateModified":"2021-09-03T10:21:29+00:00","mainEntityOfPage":{"@id":"https:\/\/www.bandi.pl\/blog\/jakiej-pielegnacji-potrzebuje-cera-mieszana\/"},"wordCount":786,"commentCount":0,"publisher":{"@id":"https:\/\/www.bandi.pl\/blog\/#organization"},"image":{"@id":"https:\/\/www.bandi.pl\/blog\/jakiej-pielegnacji-potrzebuje-cera-mieszana\/#primaryimage"},"thumbnailUrl":"https:\/\/www.bandi.pl\/blog\/wp-content\/uploads\/2020\/12\/a-natural-woman-with-good-skin-holds-her-cheeks-and-looks-in-the-mirror-spa-cosmetology-beauty-scaled.jpg","keywords":["b\u0142\u0119dy piel\u0119gnacyjne cery mieszanej","cera mieszana","jak piel\u0119gnowa\u0107 cer\u0119 mieszan\u0105","jak si\u0119 pozby\u0107 zask\u00f3rnik\u00f3w","krem normalizuj\u0105cy","lekki krem","matowienie cery","nawil\u017canie cery mieszanej","oczyszczaj\u0105ca maska dro\u017cd\u017cowa","przet\u0142uszczanie cery","redukcja niedoskona\u0142o\u015bci","sebo care","strefa T","z\u0142uszczaie nask\u00f3rka"],"articleSection":["Angelika Sapi\u0144ska","Piel\u0119gnacja i kosmetyki"],"inLanguage":"pl-PL","potentialAction":[{"@type":"CommentAction","name":"Comment","target":["https:\/\/www.bandi.pl\/blog\/jakiej-pielegnacji-potrzebuje-cera-mieszana\/#respond"]}]},{"@type":"WebPage","@id":"https:\/\/www.bandi.pl\/blog\/jakiej-pielegnacji-potrzebuje-cera-mieszana\/","url":"https:\/\/www.bandi.pl\/blog\/jakiej-pielegnacji-potrzebuje-cera-mieszana\/","name":"Jakiej piel\u0119gnacji potrzebuje cera mieszana? &#187; Blog BANDI","isPartOf":{"@id":"https:\/\/www.bandi.pl\/blog\/#website"},"primaryImageOfPage":{"@id":"https:\/\/www.bandi.pl\/blog\/jakiej-pielegnacji-potrzebuje-cera-mieszana\/#primaryimage"},"image":{"@id":"https:\/\/www.bandi.pl\/blog\/jakiej-pielegnacji-potrzebuje-cera-mieszana\/#primaryimage"},"thumbnailUrl":"https:\/\/www.bandi.pl\/blog\/wp-content\/uploads\/2020\/12\/a-natural-woman-with-good-skin-holds-her-cheeks-and-looks-in-the-mirror-spa-cosmetology-beauty-scaled.jpg","datePublished":"2021-01-05T10:00:00+00:00","dateModified":"2021-09-03T10:21:29+00:00","description":"Cera mieszana jest trudna w piel\u0119gnacji poniewa\u017c ma tendencje zar\u00f3wno do nadmiernego wydzielania sebum jak i przesuszania.","breadcrumb":{"@id":"https:\/\/www.bandi.pl\/blog\/jakiej-pielegnacji-potrzebuje-cera-mieszana\/#breadcrumb"},"inLanguage":"pl-PL","potentialAction":[{"@type":"ReadAction","target":["https:\/\/www.bandi.pl\/blog\/jakiej-pielegnacji-potrzebuje-cera-mieszana\/"]}]},{"@type":"ImageObject","inLanguage":"pl-PL","@id":"https:\/\/www.bandi.pl\/blog\/jakiej-pielegnacji-potrzebuje-cera-mieszana\/#primaryimage","url":"https:\/\/www.bandi.pl\/blog\/wp-content\/uploads\/2020\/12\/a-natural-woman-with-good-skin-holds-her-cheeks-and-looks-in-the-mirror-spa-cosmetology-beauty-scaled.jpg","contentUrl":"https:\/\/www.bandi.pl\/blog\/wp-content\/uploads\/2020\/12\/a-natural-woman-with-good-skin-holds-her-cheeks-and-looks-in-the-mirror-spa-cosmetology-beauty-scaled.jpg","width":2560,"height":1707,"caption":"A natural woman with good skin holds her cheeks and looks in the mirror. SPA, cosmetology, beauty."},{"@type":"BreadcrumbList","@id":"https:\/\/www.bandi.pl\/blog\/jakiej-pielegnacji-potrzebuje-cera-mieszana\/#breadcrumb","itemListElement":[{"@type":"ListItem","position":1,"name":"BANDI","item":"https:\/\/www.bandi.pl\/blog\/"},{"@type":"ListItem","position":2,"name":"Jakiej piel\u0119gnacji potrzebuje cera mieszana?"}]},{"@type":"WebSite","@id":"https:\/\/www.bandi.pl\/blog\/#website","url":"https:\/\/www.bandi.pl\/blog\/","name":"Blog BANDI","description":"Czarno na bia\u0142ym o kosmetykach","publisher":{"@id":"https:\/\/www.bandi.pl\/blog\/#organization"},"potentialAction":[{"@type":"SearchAction","target":{"@type":"EntryPoint","urlTemplate":"https:\/\/www.bandi.pl\/blog\/?s={search_term_string}"},"query-input":{"@type":"PropertyValueSpecification","valueRequired":true,"valueName":"search_term_string"}}],"inLanguage":"pl-PL"},{"@type":"Organization","@id":"https:\/\/www.bandi.pl\/blog\/#organization","name":"BANDI","url":"https:\/\/www.bandi.pl\/blog\/","logo":{"@type":"ImageObject","inLanguage":"pl-PL","@id":"https:\/\/www.bandi.pl\/blog\/#\/schema\/logo\/image\/","url":"https:\/\/www.bandi.pl\/blog\/wp-content\/uploads\/2019\/06\/bandi-logo.png","contentUrl":"https:\/\/www.bandi.pl\/blog\/wp-content\/uploads\/2019\/06\/bandi-logo.png","width":264,"height":111,"caption":"BANDI"},"image":{"@id":"https:\/\/www.bandi.pl\/blog\/#\/schema\/logo\/image\/"},"sameAs":["https:\/\/web.facebook.com\/BANDIcosmetics","https:\/\/x.com\/bandi_cosmetics","https:\/\/www.instagram.com\/bandi_cosmetics\/","https:\/\/www.pinterest.com\/bandicosmetics\/","https:\/\/www.youtube.com\/user\/BandiCosmeticsPolska"]},{"@type":"Person","@id":"https:\/\/www.bandi.pl\/blog\/#\/schema\/person\/5ba05af1a18c58f1c31d4ae051ec9499","name":"Ilona Kiraga"}]}},"_links":{"self":[{"href":"https:\/\/www.bandi.pl\/blog\/wp-json\/wp\/v2\/posts\/11339","targetHints":{"allow":["GET"]}}],"collection":[{"href":"https:\/\/www.bandi.pl\/blog\/wp-json\/wp\/v2\/posts"}],"about":[{"href":"https:\/\/www.bandi.pl\/blog\/wp-json\/wp\/v2\/types\/post"}],"author":[{"embeddable":true,"href":"https:\/\/www.bandi.pl\/blog\/wp-json\/wp\/v2\/users\/13"}],"replies":[{"embeddable":true,"href":"https:\/\/www.bandi.pl\/blog\/wp-json\/wp\/v2\/comments?post=11339"}],"version-history":[{"count":4,"href":"https:\/\/www.bandi.pl\/blog\/wp-json\/wp\/v2\/posts\/11339\/revisions"}],"predecessor-version":[{"id":12488,"href":"https:\/\/www.bandi.pl\/blog\/wp-json\/wp\/v2\/posts\/11339\/revisions\/12488"}],"wp:featuredmedia":[{"embeddable":true,"href":"https:\/\/www.bandi.pl\/blog\/wp-json\/wp\/v2\/media\/11340"}],"wp:attachment":[{"href":"https:\/\/www.bandi.pl\/blog\/wp-json\/wp\/v2\/media?parent=11339"}],"wp:term":[{"taxonomy":"category","embeddable":true,"href":"https:\/\/www.bandi.pl\/blog\/wp-json\/wp\/v2\/categories?post=11339"},{"taxonomy":"post_tag","embeddable":true,"href":"https:\/\/www.bandi.pl\/blog\/wp-json\/wp\/v2\/tags?post=11339"}],"curies":[{"name":"wp","href":"https:\/\/api.w.org\/{rel}","templated":true}]}}