{"id":11331,"date":"2020-12-29T10:30:00","date_gmt":"2020-12-29T09:30:00","guid":{"rendered":"https:\/\/www.bandi.pl\/blog\/?p=11331"},"modified":"2022-02-11T11:38:23","modified_gmt":"2022-02-11T10:38:23","slug":"alfabet-pielegnacji-l-jak-lagodne-traktowanie-cery","status":"publish","type":"post","link":"https:\/\/www.bandi.pl\/blog\/alfabet-pielegnacji-l-jak-lagodne-traktowanie-cery\/","title":{"rendered":"Alfabet piel\u0119gnacji &#8211; \u0141 jak \u0142agodne traktowanie cery"},"content":{"rendered":"\n<p>Kilka praktycznych wskaz\u00f3wek jak zatroszczy\u0107 si\u0119 o cer\u0119, zim\u0105 i nie tylko \ud83d\ude42<\/p>\n\n\n\n<h2 class=\"wp-block-heading\" id=\"h-zawsze-zgodnie-z-zaleceniami\">Zawsze zgodnie z zaleceniami<\/h2>\n\n\n\n<p>Jest wiele sposob\u00f3w na popraw\u0119 wygl\u0105du sk\u00f3ry. Jednym z najszybszych i najefektowniejszych jest peeling. To mo\u017ce tworzy\u0107 pokus\u0119 zbyt cz\u0119stego stosowania tego produktu. Dlatego zwr\u00f3\u0107 uwag\u0119 na spos\u00f3b u\u017cycia umieszczany na opakowaniach kosmetyk\u00f3w. W zale\u017cno\u015bci od rodzaju peelingu na jaki si\u0119 decydujesz, mo\u017ce by\u0107 stosowany 1-2 razy w tygodniu. Po z\u0142uszczeniu nadmiernej warstwy rogowej nask\u00f3rka jest doskona\u0142y moment na na\u0142o\u017cenie wybranego serum\/boostera oraz maseczk\u0119. <\/p>\n\n\n\n<h2 class=\"wp-block-heading\" id=\"h-delikatne-mycie-i-oczyszczanie\">Delikatne mycie i oczyszczanie <\/h2>\n\n\n\n<p>Ju\u017c na tym etapie piel\u0119gnacji wyb\u00f3r odpowiednich kosmetyk\u00f3w ma ogromne znaczenie. Dlatego zwr\u00f3\u0107 uwag\u0119 na te delikatnie oddzia\u0142uj\u0105ce na cer\u0119. Kosmetyki nie powinny ca\u0142kowicie usuwa\u0107 na powierzchni sk\u00f3ry ochronnego p\u0142aszcza hydrolipidowego, a jednocze\u015bnie musz\u0105 skutecznie usuwa\u0107 makija\u017c i zanieczyszczenia. Szczeg\u00f3lnie w okresie niskich temperatur dobrze sprawdzi si\u0119 <a href=\"https:\/\/www.bandi.pl\/sklep\/balsamy\/emoliencyjne-maselko-oczyszczajace-2-w-1-demakijaz-i-mycie-twarzy!-887\/\">Emoliencyjne mase\u0142ko oczyszczaj\u0105ce<\/a>, kt\u00f3re usunie makija\u017c i oczy\u015bci jednocze\u015bnie cer\u0119 w delikatny spos\u00f3b bez efektu przesuszenia.<\/p>\n\n\n\n<h2 class=\"wp-block-heading\" id=\"h-mikrobiom-sprzymierzeniec-ka-dej-cery\">Mikrobiom &#8211; sprzymierzeniec ka\u017cdej cery<\/h2>\n\n\n\n<p>O mikrobiomie sk\u00f3ry w ostatnim czasie jest g\u0142o\u015bno. Ogromny wp\u0142yw mikroorganizm\u00f3w bytuj\u0105cych na powierzchni naszej sk\u00f3ry jest wci\u0105\u017c tematem bada\u0144 jednak to, co wiadomo na pewno, to to, \u017ce stosuj\u0105c odpowiednie kosmetyki mo\u017cemy korzystnie na niego wp\u0142ywa\u0107. Kosmetyki wspieraj\u0105ce <a href=\"https:\/\/www.bandi.pl\/sklep\/katalog.php?wyr=mikrobiom\">mikrobiom<\/a> znajdziesz w linii <a href=\"https:\/\/www.bandi.pl\/sklep\/katalog\/seria\/84_ecofriendly-care\/\">EcoFriendly Care<\/a> oraz w <a href=\"https:\/\/www.bandi.pl\/sklep\/katalog\/seria\/93_medical-anti-irritate\/\">anti irritate<\/a>.<\/p>\n\n\n\n<figure class=\"wp-block-embed is-type-video is-provider-youtube wp-block-embed-youtube wp-embed-aspect-16-9 wp-has-aspect-ratio\"><div class=\"wp-block-embed__wrapper\">\n<iframe loading=\"lazy\" title=\"Mikrobiom sk\u00f3ry - musisz o nim to wiedzie\u0107!\" width=\"1080\" height=\"608\" src=\"https:\/\/www.youtube.com\/embed\/aUuaeLO1ddE?start=511&#038;feature=oembed\" frameborder=\"0\" allow=\"accelerometer; autoplay; clipboard-write; encrypted-media; gyroscope; picture-in-picture\" allowfullscreen><\/iframe>\n<\/div><\/figure>\n\n\n\n<h2 class=\"wp-block-heading\" id=\"h-ukojenie-cery-zim\">Ukojenie cery zim\u0105<\/h2>\n\n\n\n<p>Niezale\u017cnie od rodzaju cery pami\u0119taj, \u017ce okres zimowy mo\u017ce dodatkowo uwra\u017cliwi\u0107 sk\u00f3r\u0119. Dlatego warto, aby w Twoim kremie by\u0142y sk\u0142adniki \u0142agodz\u0105ce objawy podra\u017cnie\u0144, czyli takie, kt\u00f3re redukuj\u0105 zaczerwienienia, napi\u0119cie i uczucie sw\u0119dzenia wynikaj\u0105ce z przesuszenia oraz wyg\u0142adz\u0105 spierzchni\u0119ty nask\u00f3rek. Warto mie\u0107 pod r\u0119k\u0105 <a href=\"https:\/\/www.bandi.pl\/sklep\/maski\/calonocna-kuracja-nawilzajaco-lagodzaca-850\/\">Ca\u0142onocn\u0105 kuracj\u0105 nawil\u017caj\u0105co-koj\u0105c\u0105<\/a>. To jeden z Waszych ulubionych kosmetyk\u00f3w i to nie bez powodu! Poniewa\u017c ju\u017c po jednym u\u017cyciu na noc, nast\u0119pnego dnia cera jest wyra\u017anie g\u0142adsza i ukojona. A na dzie\u0144? Spr\u00f3buj np. <a href=\"https:\/\/www.bandi.pl\/sklep\/kremy\/kuracja-s.o.s.-intensywnie-kojaca-886\/\">Kuracj\u0119 S.O.S. intensywnie koj\u0105c\u0105<\/a>, kt\u00f3rej skuteczno\u015b\u0107 w redukcji szorstko\u015bci b\u0119dzie odczuwalna nawet przez 8 godzin.<\/p>\n\n\n\n<p>Piel\u0119gnuj cer\u0119 \u0142agodnie, a podzi\u0119kuje Ci pi\u0119knym wygl\u0105dem \ud83d\ude42<\/p>\n\n\n\n<div class=\"wp-block-divi-layout\">[et_pb_section fb_built=&#8221;1&#8243; _builder_version=&#8221;4.4.1&#8243;][\/et_pb_section][et_pb_section fb_built=&#8221;1&#8243; _builder_version=&#8221;4.4.1&#8243; top_divider_style=&#8221;arrow&#8221; top_divider_color=&#8221;rgba(255,166,168,0.75)&#8221; top_divider_height=&#8221;1px&#8221; bottom_divider_style=&#8221;arrow&#8221; bottom_divider_color=&#8221;rgba(255,166,168,0.75)&#8221; bottom_divider_height=&#8221;1px&#8221;][et_pb_row column_structure=&#8221;1_2,1_2&#8243; _builder_version=&#8221;4.4.1&#8243; width=&#8221;100%&#8221; module_alignment=&#8221;left&#8221; custom_margin=&#8221;||||false|false&#8221;][et_pb_column type=&#8221;1_2&#8243; _builder_version=&#8221;4.4.1&#8243;][et_pb_text _builder_version=&#8221;4.4.1&#8243; text_font=&#8221;Raleway Bold||||||||&#8221; text_text_color=&#8221;rgba(255,166,168,0.75)&#8221; text_font_size=&#8221;56px&#8221; text_letter_spacing=&#8221;8px&#8221; text_line_height=&#8221;1.1em&#8221; custom_margin=&#8221;40px||||false|false&#8221; link_option_url=&#8221;https:\/\/www.bandi.pl\/&#8221;]<p style=\"text-align: center;\"><strong><span style=\"font-size: xx-large;\">BANDI COSMETICS<\/span><br \/><\/strong><\/p>\n<p style=\"text-align: center;\"><strong><\/strong><\/p>[\/et_pb_text][et_pb_text _builder_version=&#8221;4.4.1&#8243; text_font=&#8221;Raleway Regular||||||||&#8221; text_text_color=&#8221;#b8b8b8&#8243; text_font_size=&#8221;22px&#8221; text_line_height=&#8221;1.5em&#8221; link_option_url=&#8221;https:\/\/www.bandi.pl\/&#8221;]<p style=\"text-align: center\">Twoja zimowa piel\u0119gnacja sk\u00f3ry<\/p>[\/et_pb_text][et_pb_button button_url=&#8221;https:\/\/www.bandi.pl\/&#8221; button_text=&#8221;ZOBACZ&#8221; button_alignment=&#8221;center&#8221; disabled_on=&#8221;off|off|off&#8221; _builder_version=&#8221;4.4.1&#8243; custom_button=&#8221;on&#8221; button_text_size=&#8221;20px&#8221; button_text_color=&#8221;#ffffff&#8221; button_border_radius=&#8221;25px&#8221; button_font=&#8221;Bree Serif||||||||&#8221; background_layout=&#8221;dark&#8221; custom_padding=&#8221;12px|30px|12px|30px|true|true&#8221; hover_transition_duration=&#8221;0ms&#8221; box_shadow_style=&#8221;preset3&#8243;][\/et_pb_button][\/et_pb_column][et_pb_column type=&#8221;1_2&#8243; _builder_version=&#8221;4.4.1&#8243;][et_pb_image src=&#8221;https:\/\/www.bandi.pl\/blog\/wp-content\/uploads\/2020\/12\/78713483_10158138778979009_1477148263659339776_o.jpg&#8221; url=&#8221;https:\/\/www.bandi.pl\/&#8221; align=&#8221;center&#8221; _builder_version=&#8221;4.4.1&#8243;][\/et_pb_image][\/et_pb_column][\/et_pb_row][\/et_pb_section]<\/div>\n","protected":false},"excerpt":{"rendered":"<p>Kilka praktycznych wskaz\u00f3wek jak zatroszczy\u0107 si\u0119 o cer\u0119, zim\u0105 i nie tylko \ud83d\ude42 Zawsze zgodnie z zaleceniami Jest wiele sposob\u00f3w na popraw\u0119 wygl\u0105du sk\u00f3ry. Jednym z najszybszych i najefektowniejszych jest peeling. To mo\u017ce tworzy\u0107 pokus\u0119 zbyt cz\u0119stego stosowania tego produktu. Dlatego zwr\u00f3\u0107 uwag\u0119 na spos\u00f3b u\u017cycia umieszczany na opakowaniach kosmetyk\u00f3w. W zale\u017cno\u015bci od rodzaju peelingu [&hellip;]<\/p>\n","protected":false},"author":13,"featured_media":11335,"comment_status":"open","ping_status":"closed","sticky":false,"template":"","format":"standard","meta":{"_et_pb_use_builder":"","_et_pb_old_content":"","_et_gb_content_width":"","footnotes":""},"categories":[2806,1817],"tags":[3412,5428,5426,4223,4418,4224,5429,5282,98,5421,3736,5423,5425,5424,5422,55,5427,5420],"class_list":["post-11331","post","type-post","status-publish","format-standard","has-post-thumbnail","hentry","category-aneta-dziecielewska","category-kategoria-pielegnacja-i-kosmetyki","tag-anti-irritate","tag-bandi-poleca-na-zime","tag-dlugotrwale-nawilzenie","tag-ecofriendly-care","tag-emoliecyjne-maselko-oczyszczajace","tag-hydro-care","tag-jakiej-pielegnacji-potrzebuje-skora-zima","tag-kosmetyki-na-zime","tag-krem-ochronny","tag-lagodny-demakijaz","tag-mikrobiom","tag-nawilzanie-skory","tag-negatywne-czynniki-zewnetrzne","tag-ochrona-skory","tag-oczyszczanie-cery","tag-peeling","tag-warstwa-hydro-lipidowa","tag-zimowa-pielegnacja-cery"],"yoast_head":"<!-- This site is optimized with the Yoast SEO plugin v27.1.1 - https:\/\/yoast.com\/product\/yoast-seo-wordpress\/ -->\n<title>Alfabet piel\u0119gnacji - \u0141 jak \u0142agodne traktowanie cery &#187; Blog BANDI<\/title>\n<meta name=\"description\" content=\"Cera potrzebuje \u0142agodnego traktowania podczas piel\u0119gnacji przez ca\u0142y rok. Jednak zim\u0105 jest to szczeg\u00f3lnie istotne, by by\u0142a odporna na wp\u0142yw czynnik\u00f3w zewn\u0119trzych.\" \/>\n<meta name=\"robots\" content=\"index, follow, max-snippet:-1, max-image-preview:large, max-video-preview:-1\" \/>\n<link rel=\"canonical\" href=\"https:\/\/www.bandi.pl\/blog\/alfabet-pielegnacji-l-jak-lagodne-traktowanie-cery\/\" \/>\n<meta property=\"og:locale\" content=\"pl_PL\" \/>\n<meta property=\"og:type\" content=\"article\" \/>\n<meta property=\"og:title\" content=\"Alfabet piel\u0119gnacji - \u0141 jak \u0142agodne traktowanie cery &#187; Blog BANDI\" \/>\n<meta property=\"og:description\" content=\"Cera potrzebuje \u0142agodnego traktowania podczas piel\u0119gnacji przez ca\u0142y rok. Jednak zim\u0105 jest to szczeg\u00f3lnie istotne, by by\u0142a odporna na wp\u0142yw czynnik\u00f3w zewn\u0119trzych.\" \/>\n<meta property=\"og:url\" content=\"https:\/\/www.bandi.pl\/blog\/alfabet-pielegnacji-l-jak-lagodne-traktowanie-cery\/\" \/>\n<meta property=\"og:site_name\" content=\"Blog BANDI\" \/>\n<meta property=\"article:publisher\" content=\"https:\/\/web.facebook.com\/BANDIcosmetics\" \/>\n<meta property=\"article:published_time\" content=\"2020-12-29T09:30:00+00:00\" \/>\n<meta property=\"article:modified_time\" content=\"2022-02-11T10:38:23+00:00\" \/>\n<meta property=\"og:image\" content=\"https:\/\/www.bandi.pl\/blog\/wp-content\/uploads\/2020\/12\/girl-playing-with-snow-in-park-scaled.jpg\" \/>\n\t<meta property=\"og:image:width\" content=\"2560\" \/>\n\t<meta property=\"og:image:height\" content=\"1703\" \/>\n\t<meta property=\"og:image:type\" content=\"image\/jpeg\" \/>\n<meta name=\"author\" content=\"Ilona Kiraga\" \/>\n<meta name=\"twitter:card\" content=\"summary_large_image\" \/>\n<meta name=\"twitter:creator\" content=\"@bandi_cosmetics\" \/>\n<meta name=\"twitter:site\" content=\"@bandi_cosmetics\" \/>\n<meta name=\"twitter:label1\" content=\"Napisane przez\" \/>\n\t<meta name=\"twitter:data1\" content=\"Ilona Kiraga\" \/>\n\t<meta name=\"twitter:label2\" content=\"Szacowany czas czytania\" \/>\n\t<meta name=\"twitter:data2\" content=\"2 minuty\" \/>\n<script type=\"application\/ld+json\" class=\"yoast-schema-graph\">{\"@context\":\"https:\/\/schema.org\",\"@graph\":[{\"@type\":\"Article\",\"@id\":\"https:\/\/www.bandi.pl\/blog\/alfabet-pielegnacji-l-jak-lagodne-traktowanie-cery\/#article\",\"isPartOf\":{\"@id\":\"https:\/\/www.bandi.pl\/blog\/alfabet-pielegnacji-l-jak-lagodne-traktowanie-cery\/\"},\"author\":{\"name\":\"Ilona Kiraga\",\"@id\":\"https:\/\/www.bandi.pl\/blog\/#\/schema\/person\/5ba05af1a18c58f1c31d4ae051ec9499\"},\"headline\":\"Alfabet piel\u0119gnacji &#8211; \u0141 jak \u0142agodne traktowanie cery\",\"datePublished\":\"2020-12-29T09:30:00+00:00\",\"dateModified\":\"2022-02-11T10:38:23+00:00\",\"mainEntityOfPage\":{\"@id\":\"https:\/\/www.bandi.pl\/blog\/alfabet-pielegnacji-l-jak-lagodne-traktowanie-cery\/\"},\"wordCount\":654,\"commentCount\":0,\"publisher\":{\"@id\":\"https:\/\/www.bandi.pl\/blog\/#organization\"},\"image\":{\"@id\":\"https:\/\/www.bandi.pl\/blog\/alfabet-pielegnacji-l-jak-lagodne-traktowanie-cery\/#primaryimage\"},\"thumbnailUrl\":\"https:\/\/www.bandi.pl\/blog\/wp-content\/uploads\/2020\/12\/girl-playing-with-snow-in-park-scaled.jpg\",\"keywords\":[\"anti irritate\",\"Bandi poleca na zim\u0119\",\"d\u0142ugotrwa\u0142e nawil\u017cenie\",\"EcoFriendly Care\",\"emoliecyjne mase\u0142ko oczyszczaj\u0105ce\",\"Hydro Care\",\"jakiej piel\u0119gnacji potrzebuje sk\u00f3ra zim\u0105\",\"kosmetyki na zim\u0119\",\"krem ochronny\",\"\u0142agodny demakija\u017c\",\"mikrobiom\",\"nawil\u017canie sk\u00f3ry\",\"negatywne czynniki zewn\u0119trzne\",\"ochrona sk\u00f3ry\",\"oczyszczanie cery\",\"peeling\",\"warstwa hydro-lipidowa\",\"zimowa piel\u0119gnacja cery\"],\"articleSection\":[\"Aneta Dzi\u0119cielewska\",\"Piel\u0119gnacja i kosmetyki\"],\"inLanguage\":\"pl-PL\",\"potentialAction\":[{\"@type\":\"CommentAction\",\"name\":\"Comment\",\"target\":[\"https:\/\/www.bandi.pl\/blog\/alfabet-pielegnacji-l-jak-lagodne-traktowanie-cery\/#respond\"]}]},{\"@type\":\"WebPage\",\"@id\":\"https:\/\/www.bandi.pl\/blog\/alfabet-pielegnacji-l-jak-lagodne-traktowanie-cery\/\",\"url\":\"https:\/\/www.bandi.pl\/blog\/alfabet-pielegnacji-l-jak-lagodne-traktowanie-cery\/\",\"name\":\"Alfabet piel\u0119gnacji - \u0141 jak \u0142agodne traktowanie cery &#187; Blog BANDI\",\"isPartOf\":{\"@id\":\"https:\/\/www.bandi.pl\/blog\/#website\"},\"primaryImageOfPage\":{\"@id\":\"https:\/\/www.bandi.pl\/blog\/alfabet-pielegnacji-l-jak-lagodne-traktowanie-cery\/#primaryimage\"},\"image\":{\"@id\":\"https:\/\/www.bandi.pl\/blog\/alfabet-pielegnacji-l-jak-lagodne-traktowanie-cery\/#primaryimage\"},\"thumbnailUrl\":\"https:\/\/www.bandi.pl\/blog\/wp-content\/uploads\/2020\/12\/girl-playing-with-snow-in-park-scaled.jpg\",\"datePublished\":\"2020-12-29T09:30:00+00:00\",\"dateModified\":\"2022-02-11T10:38:23+00:00\",\"description\":\"Cera potrzebuje \u0142agodnego traktowania podczas piel\u0119gnacji przez ca\u0142y rok. Jednak zim\u0105 jest to szczeg\u00f3lnie istotne, by by\u0142a odporna na wp\u0142yw czynnik\u00f3w zewn\u0119trzych.\",\"breadcrumb\":{\"@id\":\"https:\/\/www.bandi.pl\/blog\/alfabet-pielegnacji-l-jak-lagodne-traktowanie-cery\/#breadcrumb\"},\"inLanguage\":\"pl-PL\",\"potentialAction\":[{\"@type\":\"ReadAction\",\"target\":[\"https:\/\/www.bandi.pl\/blog\/alfabet-pielegnacji-l-jak-lagodne-traktowanie-cery\/\"]}]},{\"@type\":\"ImageObject\",\"inLanguage\":\"pl-PL\",\"@id\":\"https:\/\/www.bandi.pl\/blog\/alfabet-pielegnacji-l-jak-lagodne-traktowanie-cery\/#primaryimage\",\"url\":\"https:\/\/www.bandi.pl\/blog\/wp-content\/uploads\/2020\/12\/girl-playing-with-snow-in-park-scaled.jpg\",\"contentUrl\":\"https:\/\/www.bandi.pl\/blog\/wp-content\/uploads\/2020\/12\/girl-playing-with-snow-in-park-scaled.jpg\",\"width\":2560,\"height\":1703,\"caption\":\"Girl playing with snow in park.\"},{\"@type\":\"BreadcrumbList\",\"@id\":\"https:\/\/www.bandi.pl\/blog\/alfabet-pielegnacji-l-jak-lagodne-traktowanie-cery\/#breadcrumb\",\"itemListElement\":[{\"@type\":\"ListItem\",\"position\":1,\"name\":\"BANDI\",\"item\":\"https:\/\/www.bandi.pl\/blog\/\"},{\"@type\":\"ListItem\",\"position\":2,\"name\":\"Alfabet piel\u0119gnacji &#8211; \u0141 jak \u0142agodne traktowanie cery\"}]},{\"@type\":\"WebSite\",\"@id\":\"https:\/\/www.bandi.pl\/blog\/#website\",\"url\":\"https:\/\/www.bandi.pl\/blog\/\",\"name\":\"Blog BANDI\",\"description\":\"Czarno na bia\u0142ym o kosmetykach\",\"publisher\":{\"@id\":\"https:\/\/www.bandi.pl\/blog\/#organization\"},\"potentialAction\":[{\"@type\":\"SearchAction\",\"target\":{\"@type\":\"EntryPoint\",\"urlTemplate\":\"https:\/\/www.bandi.pl\/blog\/?s={search_term_string}\"},\"query-input\":{\"@type\":\"PropertyValueSpecification\",\"valueRequired\":true,\"valueName\":\"search_term_string\"}}],\"inLanguage\":\"pl-PL\"},{\"@type\":\"Organization\",\"@id\":\"https:\/\/www.bandi.pl\/blog\/#organization\",\"name\":\"BANDI\",\"url\":\"https:\/\/www.bandi.pl\/blog\/\",\"logo\":{\"@type\":\"ImageObject\",\"inLanguage\":\"pl-PL\",\"@id\":\"https:\/\/www.bandi.pl\/blog\/#\/schema\/logo\/image\/\",\"url\":\"https:\/\/www.bandi.pl\/blog\/wp-content\/uploads\/2019\/06\/bandi-logo.png\",\"contentUrl\":\"https:\/\/www.bandi.pl\/blog\/wp-content\/uploads\/2019\/06\/bandi-logo.png\",\"width\":264,\"height\":111,\"caption\":\"BANDI\"},\"image\":{\"@id\":\"https:\/\/www.bandi.pl\/blog\/#\/schema\/logo\/image\/\"},\"sameAs\":[\"https:\/\/web.facebook.com\/BANDIcosmetics\",\"https:\/\/x.com\/bandi_cosmetics\",\"https:\/\/www.instagram.com\/bandi_cosmetics\/\",\"https:\/\/www.pinterest.com\/bandicosmetics\/\",\"https:\/\/www.youtube.com\/user\/BandiCosmeticsPolska\"]},{\"@type\":\"Person\",\"@id\":\"https:\/\/www.bandi.pl\/blog\/#\/schema\/person\/5ba05af1a18c58f1c31d4ae051ec9499\",\"name\":\"Ilona Kiraga\"}]}<\/script>\n<!-- \/ Yoast SEO plugin. -->","yoast_head_json":{"title":"Alfabet piel\u0119gnacji - \u0141 jak \u0142agodne traktowanie cery &#187; Blog BANDI","description":"Cera potrzebuje \u0142agodnego traktowania podczas piel\u0119gnacji przez ca\u0142y rok. Jednak zim\u0105 jest to szczeg\u00f3lnie istotne, by by\u0142a odporna na wp\u0142yw czynnik\u00f3w zewn\u0119trzych.","robots":{"index":"index","follow":"follow","max-snippet":"max-snippet:-1","max-image-preview":"max-image-preview:large","max-video-preview":"max-video-preview:-1"},"canonical":"https:\/\/www.bandi.pl\/blog\/alfabet-pielegnacji-l-jak-lagodne-traktowanie-cery\/","og_locale":"pl_PL","og_type":"article","og_title":"Alfabet piel\u0119gnacji - \u0141 jak \u0142agodne traktowanie cery &#187; Blog BANDI","og_description":"Cera potrzebuje \u0142agodnego traktowania podczas piel\u0119gnacji przez ca\u0142y rok. Jednak zim\u0105 jest to szczeg\u00f3lnie istotne, by by\u0142a odporna na wp\u0142yw czynnik\u00f3w zewn\u0119trzych.","og_url":"https:\/\/www.bandi.pl\/blog\/alfabet-pielegnacji-l-jak-lagodne-traktowanie-cery\/","og_site_name":"Blog BANDI","article_publisher":"https:\/\/web.facebook.com\/BANDIcosmetics","article_published_time":"2020-12-29T09:30:00+00:00","article_modified_time":"2022-02-11T10:38:23+00:00","og_image":[{"width":2560,"height":1703,"url":"https:\/\/www.bandi.pl\/blog\/wp-content\/uploads\/2020\/12\/girl-playing-with-snow-in-park-scaled.jpg","type":"image\/jpeg"}],"author":"Ilona Kiraga","twitter_card":"summary_large_image","twitter_creator":"@bandi_cosmetics","twitter_site":"@bandi_cosmetics","twitter_misc":{"Napisane przez":"Ilona Kiraga","Szacowany czas czytania":"2 minuty"},"schema":{"@context":"https:\/\/schema.org","@graph":[{"@type":"Article","@id":"https:\/\/www.bandi.pl\/blog\/alfabet-pielegnacji-l-jak-lagodne-traktowanie-cery\/#article","isPartOf":{"@id":"https:\/\/www.bandi.pl\/blog\/alfabet-pielegnacji-l-jak-lagodne-traktowanie-cery\/"},"author":{"name":"Ilona Kiraga","@id":"https:\/\/www.bandi.pl\/blog\/#\/schema\/person\/5ba05af1a18c58f1c31d4ae051ec9499"},"headline":"Alfabet piel\u0119gnacji &#8211; \u0141 jak \u0142agodne traktowanie cery","datePublished":"2020-12-29T09:30:00+00:00","dateModified":"2022-02-11T10:38:23+00:00","mainEntityOfPage":{"@id":"https:\/\/www.bandi.pl\/blog\/alfabet-pielegnacji-l-jak-lagodne-traktowanie-cery\/"},"wordCount":654,"commentCount":0,"publisher":{"@id":"https:\/\/www.bandi.pl\/blog\/#organization"},"image":{"@id":"https:\/\/www.bandi.pl\/blog\/alfabet-pielegnacji-l-jak-lagodne-traktowanie-cery\/#primaryimage"},"thumbnailUrl":"https:\/\/www.bandi.pl\/blog\/wp-content\/uploads\/2020\/12\/girl-playing-with-snow-in-park-scaled.jpg","keywords":["anti irritate","Bandi poleca na zim\u0119","d\u0142ugotrwa\u0142e nawil\u017cenie","EcoFriendly Care","emoliecyjne mase\u0142ko oczyszczaj\u0105ce","Hydro Care","jakiej piel\u0119gnacji potrzebuje sk\u00f3ra zim\u0105","kosmetyki na zim\u0119","krem ochronny","\u0142agodny demakija\u017c","mikrobiom","nawil\u017canie sk\u00f3ry","negatywne czynniki zewn\u0119trzne","ochrona sk\u00f3ry","oczyszczanie cery","peeling","warstwa hydro-lipidowa","zimowa piel\u0119gnacja cery"],"articleSection":["Aneta Dzi\u0119cielewska","Piel\u0119gnacja i kosmetyki"],"inLanguage":"pl-PL","potentialAction":[{"@type":"CommentAction","name":"Comment","target":["https:\/\/www.bandi.pl\/blog\/alfabet-pielegnacji-l-jak-lagodne-traktowanie-cery\/#respond"]}]},{"@type":"WebPage","@id":"https:\/\/www.bandi.pl\/blog\/alfabet-pielegnacji-l-jak-lagodne-traktowanie-cery\/","url":"https:\/\/www.bandi.pl\/blog\/alfabet-pielegnacji-l-jak-lagodne-traktowanie-cery\/","name":"Alfabet piel\u0119gnacji - \u0141 jak \u0142agodne traktowanie cery &#187; Blog BANDI","isPartOf":{"@id":"https:\/\/www.bandi.pl\/blog\/#website"},"primaryImageOfPage":{"@id":"https:\/\/www.bandi.pl\/blog\/alfabet-pielegnacji-l-jak-lagodne-traktowanie-cery\/#primaryimage"},"image":{"@id":"https:\/\/www.bandi.pl\/blog\/alfabet-pielegnacji-l-jak-lagodne-traktowanie-cery\/#primaryimage"},"thumbnailUrl":"https:\/\/www.bandi.pl\/blog\/wp-content\/uploads\/2020\/12\/girl-playing-with-snow-in-park-scaled.jpg","datePublished":"2020-12-29T09:30:00+00:00","dateModified":"2022-02-11T10:38:23+00:00","description":"Cera potrzebuje \u0142agodnego traktowania podczas piel\u0119gnacji przez ca\u0142y rok. Jednak zim\u0105 jest to szczeg\u00f3lnie istotne, by by\u0142a odporna na wp\u0142yw czynnik\u00f3w zewn\u0119trzych.","breadcrumb":{"@id":"https:\/\/www.bandi.pl\/blog\/alfabet-pielegnacji-l-jak-lagodne-traktowanie-cery\/#breadcrumb"},"inLanguage":"pl-PL","potentialAction":[{"@type":"ReadAction","target":["https:\/\/www.bandi.pl\/blog\/alfabet-pielegnacji-l-jak-lagodne-traktowanie-cery\/"]}]},{"@type":"ImageObject","inLanguage":"pl-PL","@id":"https:\/\/www.bandi.pl\/blog\/alfabet-pielegnacji-l-jak-lagodne-traktowanie-cery\/#primaryimage","url":"https:\/\/www.bandi.pl\/blog\/wp-content\/uploads\/2020\/12\/girl-playing-with-snow-in-park-scaled.jpg","contentUrl":"https:\/\/www.bandi.pl\/blog\/wp-content\/uploads\/2020\/12\/girl-playing-with-snow-in-park-scaled.jpg","width":2560,"height":1703,"caption":"Girl playing with snow in park."},{"@type":"BreadcrumbList","@id":"https:\/\/www.bandi.pl\/blog\/alfabet-pielegnacji-l-jak-lagodne-traktowanie-cery\/#breadcrumb","itemListElement":[{"@type":"ListItem","position":1,"name":"BANDI","item":"https:\/\/www.bandi.pl\/blog\/"},{"@type":"ListItem","position":2,"name":"Alfabet piel\u0119gnacji &#8211; \u0141 jak \u0142agodne traktowanie cery"}]},{"@type":"WebSite","@id":"https:\/\/www.bandi.pl\/blog\/#website","url":"https:\/\/www.bandi.pl\/blog\/","name":"Blog BANDI","description":"Czarno na bia\u0142ym o kosmetykach","publisher":{"@id":"https:\/\/www.bandi.pl\/blog\/#organization"},"potentialAction":[{"@type":"SearchAction","target":{"@type":"EntryPoint","urlTemplate":"https:\/\/www.bandi.pl\/blog\/?s={search_term_string}"},"query-input":{"@type":"PropertyValueSpecification","valueRequired":true,"valueName":"search_term_string"}}],"inLanguage":"pl-PL"},{"@type":"Organization","@id":"https:\/\/www.bandi.pl\/blog\/#organization","name":"BANDI","url":"https:\/\/www.bandi.pl\/blog\/","logo":{"@type":"ImageObject","inLanguage":"pl-PL","@id":"https:\/\/www.bandi.pl\/blog\/#\/schema\/logo\/image\/","url":"https:\/\/www.bandi.pl\/blog\/wp-content\/uploads\/2019\/06\/bandi-logo.png","contentUrl":"https:\/\/www.bandi.pl\/blog\/wp-content\/uploads\/2019\/06\/bandi-logo.png","width":264,"height":111,"caption":"BANDI"},"image":{"@id":"https:\/\/www.bandi.pl\/blog\/#\/schema\/logo\/image\/"},"sameAs":["https:\/\/web.facebook.com\/BANDIcosmetics","https:\/\/x.com\/bandi_cosmetics","https:\/\/www.instagram.com\/bandi_cosmetics\/","https:\/\/www.pinterest.com\/bandicosmetics\/","https:\/\/www.youtube.com\/user\/BandiCosmeticsPolska"]},{"@type":"Person","@id":"https:\/\/www.bandi.pl\/blog\/#\/schema\/person\/5ba05af1a18c58f1c31d4ae051ec9499","name":"Ilona Kiraga"}]}},"_links":{"self":[{"href":"https:\/\/www.bandi.pl\/blog\/wp-json\/wp\/v2\/posts\/11331","targetHints":{"allow":["GET"]}}],"collection":[{"href":"https:\/\/www.bandi.pl\/blog\/wp-json\/wp\/v2\/posts"}],"about":[{"href":"https:\/\/www.bandi.pl\/blog\/wp-json\/wp\/v2\/types\/post"}],"author":[{"embeddable":true,"href":"https:\/\/www.bandi.pl\/blog\/wp-json\/wp\/v2\/users\/13"}],"replies":[{"embeddable":true,"href":"https:\/\/www.bandi.pl\/blog\/wp-json\/wp\/v2\/comments?post=11331"}],"version-history":[{"count":5,"href":"https:\/\/www.bandi.pl\/blog\/wp-json\/wp\/v2\/posts\/11331\/revisions"}],"predecessor-version":[{"id":13658,"href":"https:\/\/www.bandi.pl\/blog\/wp-json\/wp\/v2\/posts\/11331\/revisions\/13658"}],"wp:featuredmedia":[{"embeddable":true,"href":"https:\/\/www.bandi.pl\/blog\/wp-json\/wp\/v2\/media\/11335"}],"wp:attachment":[{"href":"https:\/\/www.bandi.pl\/blog\/wp-json\/wp\/v2\/media?parent=11331"}],"wp:term":[{"taxonomy":"category","embeddable":true,"href":"https:\/\/www.bandi.pl\/blog\/wp-json\/wp\/v2\/categories?post=11331"},{"taxonomy":"post_tag","embeddable":true,"href":"https:\/\/www.bandi.pl\/blog\/wp-json\/wp\/v2\/tags?post=11331"}],"curies":[{"name":"wp","href":"https:\/\/api.w.org\/{rel}","templated":true}]}}