{"id":11197,"date":"2021-01-07T10:30:00","date_gmt":"2021-01-07T09:30:00","guid":{"rendered":"https:\/\/www.bandi.pl\/blog\/?p=11197"},"modified":"2022-02-11T10:42:58","modified_gmt":"2022-02-11T09:42:58","slug":"kosmetyki-naturalne-czyli-jakie","status":"publish","type":"post","link":"https:\/\/www.bandi.pl\/blog\/kosmetyki-naturalne-czyli-jakie\/","title":{"rendered":"Kosmetyki naturalne &#8211; czyli jakie?"},"content":{"rendered":"\n<p>W ostatnich latach coraz wi\u0119ksz\u0105 popularno\u015bci\u0105 ciesz\u0105 si\u0119 kosmetyki naturalne. Konsumenci si\u0119gaj\u0105 po nie z nadziej\u0105, \u017ce sk\u0142ady s\u0105 oparte na wy\u0142\u0105cznie naturalnych surowcach sprawdzonego pochodzenia, a tego typu produkt jest delikatniejszy dla sk\u00f3ry i \u015brodowiska. Czy faktycznie tak jest?<\/p>\n\n\n\n<h2 class=\"wp-block-heading\" id=\"h-kosmetyk-wed-ug-prawa\">Kosmetyk wed\u0142ug prawa<\/h2>\n\n\n\n<p>W \u015bwietle aktu prawnego (art. 2, pkt 9, ustawy z dnia 4 pa\u017adziernika 2018 r. o produktach kosmetycznych, Dz. U. poz. 2227) oraz rozporz\u0105dzenia Parlamentu Europejskiego i Rady (WE) (nr 1223\/2009 z dnia 30 listopada 2009 r. dotycz\u0105cego produkt\u00f3w kosmetycznych, zwanego \u201erozporz\u0105dzeniem nr 1223\/2009\u201d) kosmetykiem nazwa\u0107 mo\u017cna \u201eka\u017cd\u0105 substancj\u0119 lub mieszanin\u0119 przeznaczon\u0105 do kontaktu z zewn\u0119trznymi cz\u0119\u015bciami cia\u0142a ludzkiego (nask\u00f3rkiem, ow\u0142osieniem, paznokciami, wargami oraz zewn\u0119trznymi narz\u0105dami p\u0142ciowymi) lub z z\u0119bami oraz b\u0142onami \u015bluzowymi jamy ustnej, kt\u00f3rego wy\u0142\u0105cznym lub g\u0142\u00f3wnym celem jest utrzymywanie ich w czysto\u015bci, perfumowanie, zmiana ich wygl\u0105du, ochrona, utrzymywanie w dobrej kondycji lub korygowanie zapachu cia\u0142a.<\/p>\n\n\n\n<h2 class=\"wp-block-heading\" id=\"h-kosmetyki-naturalne-ekologiczne-bio-czy-organiczne\">Kosmetyki naturalne, ekologiczne, bio czy organiczne?<\/h2>\n\n\n\n<p>Niestety, nadal brakuje solidnych regulacji prawnych, kt\u00f3re jednoznacznie okre\u015bla\u0142yby, co to s\u0105 kosmetyki naturalne, kosmetyki ekologiczne czy kosmetyki organiczne. St\u0105d tak cz\u0119ste \u017conglowanie has\u0142ami \u201eeco, bio, organic\u201d na etykietach produkt\u00f3w. Komitet Ekspert\u00f3w Produkt\u00f3w Kosmetycznych przy Komitecie Zdrowia Publicznego Rady Europy (ESCOP) opracowa\u0142 w 2000 roku zalecenia dotycz\u0105ce produkcji, marketingu oraz oznakowania naturalnych preparat\u00f3w kosmetycznych. Zalecenia te obejmuj\u0105 zar\u00f3wno naturalne pochodzenie surowc\u00f3w kosmetycznych, jak i pozyskiwanie ich metodami fizycznymi, mikrobiologicznymi lub enzymatycznymi. <\/p>\n\n\n\n<p>Zgodnie z ustaleniami Komitetu&nbsp;\u201ekosmetyk naturalny to produkt, kt\u00f3ry ma upi\u0119ksza\u0107 i piel\u0119gnowa\u0107 za pomoc\u0105 substancji naturalnych, przyjazny dla sk\u00f3ry i \u015brodowiska, sprzyjaj\u0105cy zdrowiu, wspieraj\u0105cy samoregulacj\u0119 organizmu i wspomagaj\u0105cy przez d\u0142ugi czas utrzymywanie naturalnej urody i harmonijny rozw\u00f3j cia\u0142a i ducha, a otrzymywany jest ze sk\u0142adnik\u00f3w pochodzenia naturalnego (ro\u015blinnego, zwierz\u0119cego, mineralnego), uzyskanych metodami fizycznymi (np. t\u0142oczenie, ekstrakcja, filtracja, destylacja, suszenie itp.), mikrobiologicznymi lub enzymatycznymi\u201d.&nbsp;<\/p>\n\n\n\n<div class=\"wp-block-image\"><figure class=\"aligncenter size-large\"><a href=\"https:\/\/www.bandi.pl\/blog\/ecofriendly-care-doceniona-przez-ekspertow\/\"><img loading=\"lazy\" decoding=\"async\" width=\"391\" height=\"500\" src=\"https:\/\/www.bandi.pl\/blog\/wp-content\/uploads\/2020\/12\/46769579_10157087410134009_5769338876187377664_o-391x500.jpg\" alt=\"EcoFriendly Care - kosmetyki naturalne\" class=\"wp-image-11211\"\/><\/a><\/figure><\/div>\n\n\n\n<h2 class=\"wp-block-heading\" id=\"h-jednostki-certyfikuj-ce\">Jednostki certyfikuj\u0105ce<\/h2>\n\n\n\n<p>Je\u017celi zale\u017cy nam na kosmetyku, kt\u00f3rego sk\u0142ad jest naturalny czy ekologiczny, powinni\u015bmy szuka\u0107 produkt\u00f3w z logo jednostek certyfikuj\u0105cych. Jednostki te posiadaj\u0105 okre\u015blone standardy uwzgl\u0119dniaj\u0105ce przepisy, jakie producent musi spe\u0142ni\u0107, aby zas\u0142ugiwa\u0142 na miano produktu certyfikowanego. <\/p>\n\n\n\n<h4 class=\"wp-block-heading\" id=\"h-ecocert\">ECOCERT<\/h4>\n\n\n\n<p>ECOCERT to najbardziej znana w Europie jednostka francuska certyfikuj\u0105ca kosmetyki. Zgodnie z jej wytycznymi kosmetyki naturalne to takie, kt\u00f3re zawieraj\u0105 minimum 95% sk\u0142adnik\u00f3w pochodzenia naturalnego lub pochodz\u0105cych z upraw ekologicznych. Podczas gdy zawarto\u015b\u0107 komponent\u00f3w syntetycznych nie mo\u017ce przekracza\u0107 5% ca\u0142ego sk\u0142adu. <\/p>\n\n\n\n<h4 class=\"wp-block-heading\" id=\"h-cosmebio\">COSMEBIO<\/h4>\n\n\n\n<p>Kolejn\u0105 organizacj\u0105 certyfikuj\u0105c\u0105 jest COSMEBIO. Jednostka ta wykorzystuje normy ECOCERT jako podstaw\u0119 do przyznania znaku certyfikacji dla produktu i zezwala na u\u017cycie w minimalnej ilo\u015bci substancji syntetycznych, kt\u00f3re musz\u0105 spe\u0142nia\u0107 rygorystyczne wymagania.<\/p>\n\n\n\n<h4 class=\"wp-block-heading\" id=\"h-bdih\">BDIH<\/h4>\n\n\n\n<p>Warto wspomnie\u0107 tak\u017ce o BDIH (Bundesverband Deutscher Industrie und Handelsunternehmen), czyli Federalnym Zwi\u0105zku Niemieckiego Przemys\u0142u i&nbsp;Firm Handlowych. Zgodnie z wytycznymi BDIH kosmetyki organiczne powinny zawiera\u0107 co najmniej 95% sk\u0142adnik\u00f3w pochodz\u0105cych z upraw organicznych, biodynamicznych lub z kontrolowanych zbior\u00f3w ro\u015blin dziko rosn\u0105cych.&nbsp; W zwi\u0105zku z charakterem organizacji uwa\u017ca si\u0119, \u017ce BDIH jest mniej obiektywn\u0105 jednostk\u0119 certyfikuj\u0105c\u0105 ni\u017c ECOCERT.<\/p>\n\n\n\n<h4 class=\"wp-block-heading\" id=\"h-soil-association\">SOIL ASSOCIATION<\/h4>\n\n\n\n<p>Innym przyk\u0142adem jest tak\u017ce SOIL ASSOCIATION. Jest to jednostka brytyjska, wed\u0142ug kt\u00f3rej kosmetyk organiczny to taki, kt\u00f3ry zosta\u0142 wyprodukowany w 70-95% ze sk\u0142adnik\u00f3w organicznych. <\/p>\n\n\n\n<h4 class=\"wp-block-heading\" id=\"h-cosmos\">COSMOS<\/h4>\n\n\n\n<p>COSMOS (Cosmetics Organic and Natural Standard) natomiast reprezentuje ujednolicone standardy europejskie dotycz\u0105ce poj\u0119\u0107 i zasad produkcji ekologicznych kosmetyk\u00f3w. Jednostka ta zrzesza ECOCERT, BDIH, Soil Association, ICEA i Cosmebio i jest pierwsz\u0105 wsp\u00f3ln\u0105 norm\u0105 europejsk\u0105, kt\u00f3ra umo\u017cliwia proces certyfikacji produkt\u00f3w zgodnie ze wsp\u00f3lnymi standardami panuj\u0105cymi w Europie.<\/p>\n\n\n\n<p>Inne europejskie organizacje certyfikuj\u0105ce, kt\u00f3re nie s\u0105 cz\u0119\u015bci\u0105 COSMOS, to np. NaTrue. Jest to Europejskie Ugrupowanie Interes\u00f3w Producent\u00f3w Kosmetyk\u00f3w Naturalnych i Organicznych. Ka\u017cdy produkt kosmetyczny podlega ocenie w skali liczby przyznanych gwiazdek. Dwie gwiazdki symbolizuj\u0105 70%, a trzy \u2013 95% sk\u0142adnik\u00f3w pochodzenia ro\u015blinnego w ca\u0142ej kompozycji produktu. <\/p>\n\n\n\n<p>Pozostaje wi\u0119c zada\u0107 sobie pytanie. Czy kosmetyki naturalne, kosmetyki ekologiczne maj\u0105 lepszy wp\u0142yw na sk\u00f3r\u0119 w por\u00f3wnaniu z takimi wykonanymi ze sk\u0142adnik\u00f3w syntetycznych? Niestety nie. Ka\u017cda sk\u00f3ra jest inna. Dlatego przy wyborze piel\u0119gnacji nale\u017cy kierowa\u0107 si\u0119 nie tylko pochodzeniem sk\u0142adnik\u00f3w produktu, ale przede wszystkim stanem, potrzebami, rodzajem i typem sk\u00f3ry. <\/p>\n\n\n\n<div class=\"wp-block-divi-layout\">[et_pb_section fb_built=&#8221;1&#8243; _builder_version=&#8221;4.4.1&#8243;][\/et_pb_section][et_pb_section fb_built=&#8221;1&#8243; _builder_version=&#8221;4.4.1&#8243; top_divider_style=&#8221;arrow&#8221; top_divider_color=&#8221;rgba(255,166,168,0.75)&#8221; top_divider_height=&#8221;1px&#8221; bottom_divider_style=&#8221;arrow&#8221; bottom_divider_color=&#8221;rgba(255,166,168,0.75)&#8221; bottom_divider_height=&#8221;1px&#8221;][et_pb_row column_structure=&#8221;1_2,1_2&#8243; _builder_version=&#8221;4.4.1&#8243; width=&#8221;100%&#8221; module_alignment=&#8221;left&#8221; custom_margin=&#8221;||||false|false&#8221;][et_pb_column type=&#8221;1_2&#8243; _builder_version=&#8221;4.4.1&#8243;][et_pb_text _builder_version=&#8221;4.4.1&#8243; text_font=&#8221;Raleway Bold||||||||&#8221; text_text_color=&#8221;rgba(255,166,168,0.75)&#8221; text_font_size=&#8221;56px&#8221; text_letter_spacing=&#8221;8px&#8221; text_line_height=&#8221;1.1em&#8221; custom_margin=&#8221;40px||||false|false&#8221; link_option_url=&#8221;https:\/\/www.bandi.pl\/sklep\/sekcja\/eko\/&#8221;]<p style=\"text-align: center;\"><strong><span style=\"font-size: xx-large;\">ECOFRIENDLY CARE<\/span><br \/><\/strong><\/p>[\/et_pb_text][et_pb_text _builder_version=&#8221;4.4.1&#8243; text_font=&#8221;Raleway Regular||||||||&#8221; text_text_color=&#8221;#b8b8b8&#8243; text_font_size=&#8221;22px&#8221; text_line_height=&#8221;1.5em&#8221; link_option_url=&#8221;https:\/\/www.bandi.pl\/sklep\/sekcja\/eko\/&#8221;]<p style=\"text-align: center\">Ekoceutyki &#8211; nowy wymiar piel\u0119gnacji<\/p>[\/et_pb_text][et_pb_button button_url=&#8221;https:\/\/www.bandi.pl\/sklep\/sekcja\/eko\/&#8221; button_text=&#8221;ZOBACZ&#8221; button_alignment=&#8221;center&#8221; disabled_on=&#8221;off|off|off&#8221; _builder_version=&#8221;4.4.1&#8243; custom_button=&#8221;on&#8221; button_text_size=&#8221;20px&#8221; button_text_color=&#8221;#ffffff&#8221; button_border_radius=&#8221;25px&#8221; button_font=&#8221;Bree Serif||||||||&#8221; background_layout=&#8221;dark&#8221; custom_padding=&#8221;12px|30px|12px|30px|true|true&#8221; hover_transition_duration=&#8221;0ms&#8221; box_shadow_style=&#8221;preset3&#8243;][\/et_pb_button][\/et_pb_column][et_pb_column type=&#8221;1_2&#8243; _builder_version=&#8221;4.4.1&#8243;][et_pb_image src=&#8221;https:\/\/www.bandi.pl\/blog\/wp-content\/uploads\/2020\/12\/120301485_10159225109444009_255782116934610222_o.jpg&#8221; url=&#8221;https:\/\/www.bandi.pl\/sklep\/sekcja\/eko\/&#8221; align=&#8221;center&#8221; _builder_version=&#8221;4.4.1&#8243;][\/et_pb_image][\/et_pb_column][\/et_pb_row][\/et_pb_section]<\/div>\n","protected":false},"excerpt":{"rendered":"<p>W ostatnich latach coraz wi\u0119ksz\u0105 popularno\u015bci\u0105 ciesz\u0105 si\u0119 kosmetyki naturalne. Konsumenci si\u0119gaj\u0105 po nie z nadziej\u0105, \u017ce sk\u0142ady s\u0105 oparte na wy\u0142\u0105cznie naturalnych surowcach sprawdzonego pochodzenia, a tego typu produkt jest delikatniejszy dla sk\u00f3ry i \u015brodowiska. Czy faktycznie tak jest? Kosmetyk wed\u0142ug prawa W \u015bwietle aktu prawnego (art. 2, pkt 9, ustawy z dnia 4 [&hellip;]<\/p>\n","protected":false},"author":13,"featured_media":11209,"comment_status":"open","ping_status":"closed","sticky":false,"template":"","format":"standard","meta":{"_et_pb_use_builder":"","_et_pb_old_content":"","_et_gb_content_width":"","footnotes":""},"categories":[5003,1817],"tags":[],"class_list":["post-11197","post","type-post","status-publish","format-standard","has-post-thumbnail","hentry","category-alicja-sliwowska","category-kategoria-pielegnacja-i-kosmetyki"],"yoast_head":"<!-- This site is optimized with the Yoast SEO plugin v27.1.1 - https:\/\/yoast.com\/product\/yoast-seo-wordpress\/ -->\n<title>Kosmetyki naturalne - czyli jakie? &#187; Blog BANDI<\/title>\n<meta name=\"description\" content=\"Kosmetyki naturalne, eco, bio, organiczne. Czy wsztskie te nazwy oznaczaj\u0105 to samo? Jak sprawdzi\u0107 czy kosmetyk faktycznie jest naturalny?\" \/>\n<meta name=\"robots\" content=\"index, follow, max-snippet:-1, max-image-preview:large, max-video-preview:-1\" \/>\n<link rel=\"canonical\" href=\"https:\/\/www.bandi.pl\/blog\/kosmetyki-naturalne-czyli-jakie\/\" \/>\n<meta property=\"og:locale\" content=\"pl_PL\" \/>\n<meta property=\"og:type\" content=\"article\" \/>\n<meta property=\"og:title\" content=\"Kosmetyki naturalne - czyli jakie? &#187; Blog BANDI\" \/>\n<meta property=\"og:description\" content=\"Kosmetyki naturalne, eco, bio, organiczne. Czy wsztskie te nazwy oznaczaj\u0105 to samo? Jak sprawdzi\u0107 czy kosmetyk faktycznie jest naturalny?\" \/>\n<meta property=\"og:url\" content=\"https:\/\/www.bandi.pl\/blog\/kosmetyki-naturalne-czyli-jakie\/\" \/>\n<meta property=\"og:site_name\" content=\"Blog BANDI\" \/>\n<meta property=\"article:publisher\" content=\"https:\/\/web.facebook.com\/BANDIcosmetics\" \/>\n<meta property=\"article:published_time\" content=\"2021-01-07T09:30:00+00:00\" \/>\n<meta property=\"article:modified_time\" content=\"2022-02-11T09:42:58+00:00\" \/>\n<meta property=\"og:image\" content=\"https:\/\/www.bandi.pl\/blog\/wp-content\/uploads\/2020\/12\/ECO-747x500.png\" \/>\n\t<meta property=\"og:image:width\" content=\"747\" \/>\n\t<meta property=\"og:image:height\" content=\"500\" \/>\n\t<meta property=\"og:image:type\" content=\"image\/png\" \/>\n<meta name=\"author\" content=\"Ilona Kiraga\" \/>\n<meta name=\"twitter:card\" content=\"summary_large_image\" \/>\n<meta name=\"twitter:creator\" content=\"@bandi_cosmetics\" \/>\n<meta name=\"twitter:site\" content=\"@bandi_cosmetics\" \/>\n<meta name=\"twitter:label1\" content=\"Napisane przez\" \/>\n\t<meta name=\"twitter:data1\" content=\"Ilona Kiraga\" \/>\n\t<meta name=\"twitter:label2\" content=\"Szacowany czas czytania\" \/>\n\t<meta name=\"twitter:data2\" content=\"4 minuty\" \/>\n<script type=\"application\/ld+json\" class=\"yoast-schema-graph\">{\"@context\":\"https:\/\/schema.org\",\"@graph\":[{\"@type\":\"Article\",\"@id\":\"https:\/\/www.bandi.pl\/blog\/kosmetyki-naturalne-czyli-jakie\/#article\",\"isPartOf\":{\"@id\":\"https:\/\/www.bandi.pl\/blog\/kosmetyki-naturalne-czyli-jakie\/\"},\"author\":{\"name\":\"Ilona Kiraga\",\"@id\":\"https:\/\/www.bandi.pl\/blog\/#\/schema\/person\/5ba05af1a18c58f1c31d4ae051ec9499\"},\"headline\":\"Kosmetyki naturalne &#8211; czyli jakie?\",\"datePublished\":\"2021-01-07T09:30:00+00:00\",\"dateModified\":\"2022-02-11T09:42:58+00:00\",\"mainEntityOfPage\":{\"@id\":\"https:\/\/www.bandi.pl\/blog\/kosmetyki-naturalne-czyli-jakie\/\"},\"wordCount\":1013,\"commentCount\":0,\"publisher\":{\"@id\":\"https:\/\/www.bandi.pl\/blog\/#organization\"},\"image\":{\"@id\":\"https:\/\/www.bandi.pl\/blog\/kosmetyki-naturalne-czyli-jakie\/#primaryimage\"},\"thumbnailUrl\":\"https:\/\/www.bandi.pl\/blog\/wp-content\/uploads\/2020\/12\/ECO.png\",\"articleSection\":[\"Alicja \u015aliwowska\",\"Piel\u0119gnacja i kosmetyki\"],\"inLanguage\":\"pl-PL\",\"potentialAction\":[{\"@type\":\"CommentAction\",\"name\":\"Comment\",\"target\":[\"https:\/\/www.bandi.pl\/blog\/kosmetyki-naturalne-czyli-jakie\/#respond\"]}]},{\"@type\":\"WebPage\",\"@id\":\"https:\/\/www.bandi.pl\/blog\/kosmetyki-naturalne-czyli-jakie\/\",\"url\":\"https:\/\/www.bandi.pl\/blog\/kosmetyki-naturalne-czyli-jakie\/\",\"name\":\"Kosmetyki naturalne - czyli jakie? &#187; Blog BANDI\",\"isPartOf\":{\"@id\":\"https:\/\/www.bandi.pl\/blog\/#website\"},\"primaryImageOfPage\":{\"@id\":\"https:\/\/www.bandi.pl\/blog\/kosmetyki-naturalne-czyli-jakie\/#primaryimage\"},\"image\":{\"@id\":\"https:\/\/www.bandi.pl\/blog\/kosmetyki-naturalne-czyli-jakie\/#primaryimage\"},\"thumbnailUrl\":\"https:\/\/www.bandi.pl\/blog\/wp-content\/uploads\/2020\/12\/ECO.png\",\"datePublished\":\"2021-01-07T09:30:00+00:00\",\"dateModified\":\"2022-02-11T09:42:58+00:00\",\"description\":\"Kosmetyki naturalne, eco, bio, organiczne. Czy wsztskie te nazwy oznaczaj\u0105 to samo? Jak sprawdzi\u0107 czy kosmetyk faktycznie jest naturalny?\",\"breadcrumb\":{\"@id\":\"https:\/\/www.bandi.pl\/blog\/kosmetyki-naturalne-czyli-jakie\/#breadcrumb\"},\"inLanguage\":\"pl-PL\",\"potentialAction\":[{\"@type\":\"ReadAction\",\"target\":[\"https:\/\/www.bandi.pl\/blog\/kosmetyki-naturalne-czyli-jakie\/\"]}]},{\"@type\":\"ImageObject\",\"inLanguage\":\"pl-PL\",\"@id\":\"https:\/\/www.bandi.pl\/blog\/kosmetyki-naturalne-czyli-jakie\/#primaryimage\",\"url\":\"https:\/\/www.bandi.pl\/blog\/wp-content\/uploads\/2020\/12\/ECO.png\",\"contentUrl\":\"https:\/\/www.bandi.pl\/blog\/wp-content\/uploads\/2020\/12\/ECO.png\",\"width\":1610,\"height\":1078,\"caption\":\"kosmetyki naturalne\"},{\"@type\":\"BreadcrumbList\",\"@id\":\"https:\/\/www.bandi.pl\/blog\/kosmetyki-naturalne-czyli-jakie\/#breadcrumb\",\"itemListElement\":[{\"@type\":\"ListItem\",\"position\":1,\"name\":\"BANDI\",\"item\":\"https:\/\/www.bandi.pl\/blog\/\"},{\"@type\":\"ListItem\",\"position\":2,\"name\":\"Kosmetyki naturalne &#8211; czyli jakie?\"}]},{\"@type\":\"WebSite\",\"@id\":\"https:\/\/www.bandi.pl\/blog\/#website\",\"url\":\"https:\/\/www.bandi.pl\/blog\/\",\"name\":\"Blog BANDI\",\"description\":\"Czarno na bia\u0142ym o kosmetykach\",\"publisher\":{\"@id\":\"https:\/\/www.bandi.pl\/blog\/#organization\"},\"potentialAction\":[{\"@type\":\"SearchAction\",\"target\":{\"@type\":\"EntryPoint\",\"urlTemplate\":\"https:\/\/www.bandi.pl\/blog\/?s={search_term_string}\"},\"query-input\":{\"@type\":\"PropertyValueSpecification\",\"valueRequired\":true,\"valueName\":\"search_term_string\"}}],\"inLanguage\":\"pl-PL\"},{\"@type\":\"Organization\",\"@id\":\"https:\/\/www.bandi.pl\/blog\/#organization\",\"name\":\"BANDI\",\"url\":\"https:\/\/www.bandi.pl\/blog\/\",\"logo\":{\"@type\":\"ImageObject\",\"inLanguage\":\"pl-PL\",\"@id\":\"https:\/\/www.bandi.pl\/blog\/#\/schema\/logo\/image\/\",\"url\":\"https:\/\/www.bandi.pl\/blog\/wp-content\/uploads\/2019\/06\/bandi-logo.png\",\"contentUrl\":\"https:\/\/www.bandi.pl\/blog\/wp-content\/uploads\/2019\/06\/bandi-logo.png\",\"width\":264,\"height\":111,\"caption\":\"BANDI\"},\"image\":{\"@id\":\"https:\/\/www.bandi.pl\/blog\/#\/schema\/logo\/image\/\"},\"sameAs\":[\"https:\/\/web.facebook.com\/BANDIcosmetics\",\"https:\/\/x.com\/bandi_cosmetics\",\"https:\/\/www.instagram.com\/bandi_cosmetics\/\",\"https:\/\/www.pinterest.com\/bandicosmetics\/\",\"https:\/\/www.youtube.com\/user\/BandiCosmeticsPolska\"]},{\"@type\":\"Person\",\"@id\":\"https:\/\/www.bandi.pl\/blog\/#\/schema\/person\/5ba05af1a18c58f1c31d4ae051ec9499\",\"name\":\"Ilona Kiraga\"}]}<\/script>\n<!-- \/ Yoast SEO plugin. -->","yoast_head_json":{"title":"Kosmetyki naturalne - czyli jakie? &#187; Blog BANDI","description":"Kosmetyki naturalne, eco, bio, organiczne. Czy wsztskie te nazwy oznaczaj\u0105 to samo? Jak sprawdzi\u0107 czy kosmetyk faktycznie jest naturalny?","robots":{"index":"index","follow":"follow","max-snippet":"max-snippet:-1","max-image-preview":"max-image-preview:large","max-video-preview":"max-video-preview:-1"},"canonical":"https:\/\/www.bandi.pl\/blog\/kosmetyki-naturalne-czyli-jakie\/","og_locale":"pl_PL","og_type":"article","og_title":"Kosmetyki naturalne - czyli jakie? &#187; Blog BANDI","og_description":"Kosmetyki naturalne, eco, bio, organiczne. Czy wsztskie te nazwy oznaczaj\u0105 to samo? Jak sprawdzi\u0107 czy kosmetyk faktycznie jest naturalny?","og_url":"https:\/\/www.bandi.pl\/blog\/kosmetyki-naturalne-czyli-jakie\/","og_site_name":"Blog BANDI","article_publisher":"https:\/\/web.facebook.com\/BANDIcosmetics","article_published_time":"2021-01-07T09:30:00+00:00","article_modified_time":"2022-02-11T09:42:58+00:00","og_image":[{"width":747,"height":500,"url":"https:\/\/www.bandi.pl\/blog\/wp-content\/uploads\/2020\/12\/ECO-747x500.png","type":"image\/png"}],"author":"Ilona Kiraga","twitter_card":"summary_large_image","twitter_creator":"@bandi_cosmetics","twitter_site":"@bandi_cosmetics","twitter_misc":{"Napisane przez":"Ilona Kiraga","Szacowany czas czytania":"4 minuty"},"schema":{"@context":"https:\/\/schema.org","@graph":[{"@type":"Article","@id":"https:\/\/www.bandi.pl\/blog\/kosmetyki-naturalne-czyli-jakie\/#article","isPartOf":{"@id":"https:\/\/www.bandi.pl\/blog\/kosmetyki-naturalne-czyli-jakie\/"},"author":{"name":"Ilona Kiraga","@id":"https:\/\/www.bandi.pl\/blog\/#\/schema\/person\/5ba05af1a18c58f1c31d4ae051ec9499"},"headline":"Kosmetyki naturalne &#8211; czyli jakie?","datePublished":"2021-01-07T09:30:00+00:00","dateModified":"2022-02-11T09:42:58+00:00","mainEntityOfPage":{"@id":"https:\/\/www.bandi.pl\/blog\/kosmetyki-naturalne-czyli-jakie\/"},"wordCount":1013,"commentCount":0,"publisher":{"@id":"https:\/\/www.bandi.pl\/blog\/#organization"},"image":{"@id":"https:\/\/www.bandi.pl\/blog\/kosmetyki-naturalne-czyli-jakie\/#primaryimage"},"thumbnailUrl":"https:\/\/www.bandi.pl\/blog\/wp-content\/uploads\/2020\/12\/ECO.png","articleSection":["Alicja \u015aliwowska","Piel\u0119gnacja i kosmetyki"],"inLanguage":"pl-PL","potentialAction":[{"@type":"CommentAction","name":"Comment","target":["https:\/\/www.bandi.pl\/blog\/kosmetyki-naturalne-czyli-jakie\/#respond"]}]},{"@type":"WebPage","@id":"https:\/\/www.bandi.pl\/blog\/kosmetyki-naturalne-czyli-jakie\/","url":"https:\/\/www.bandi.pl\/blog\/kosmetyki-naturalne-czyli-jakie\/","name":"Kosmetyki naturalne - czyli jakie? &#187; Blog BANDI","isPartOf":{"@id":"https:\/\/www.bandi.pl\/blog\/#website"},"primaryImageOfPage":{"@id":"https:\/\/www.bandi.pl\/blog\/kosmetyki-naturalne-czyli-jakie\/#primaryimage"},"image":{"@id":"https:\/\/www.bandi.pl\/blog\/kosmetyki-naturalne-czyli-jakie\/#primaryimage"},"thumbnailUrl":"https:\/\/www.bandi.pl\/blog\/wp-content\/uploads\/2020\/12\/ECO.png","datePublished":"2021-01-07T09:30:00+00:00","dateModified":"2022-02-11T09:42:58+00:00","description":"Kosmetyki naturalne, eco, bio, organiczne. Czy wsztskie te nazwy oznaczaj\u0105 to samo? Jak sprawdzi\u0107 czy kosmetyk faktycznie jest naturalny?","breadcrumb":{"@id":"https:\/\/www.bandi.pl\/blog\/kosmetyki-naturalne-czyli-jakie\/#breadcrumb"},"inLanguage":"pl-PL","potentialAction":[{"@type":"ReadAction","target":["https:\/\/www.bandi.pl\/blog\/kosmetyki-naturalne-czyli-jakie\/"]}]},{"@type":"ImageObject","inLanguage":"pl-PL","@id":"https:\/\/www.bandi.pl\/blog\/kosmetyki-naturalne-czyli-jakie\/#primaryimage","url":"https:\/\/www.bandi.pl\/blog\/wp-content\/uploads\/2020\/12\/ECO.png","contentUrl":"https:\/\/www.bandi.pl\/blog\/wp-content\/uploads\/2020\/12\/ECO.png","width":1610,"height":1078,"caption":"kosmetyki naturalne"},{"@type":"BreadcrumbList","@id":"https:\/\/www.bandi.pl\/blog\/kosmetyki-naturalne-czyli-jakie\/#breadcrumb","itemListElement":[{"@type":"ListItem","position":1,"name":"BANDI","item":"https:\/\/www.bandi.pl\/blog\/"},{"@type":"ListItem","position":2,"name":"Kosmetyki naturalne &#8211; czyli jakie?"}]},{"@type":"WebSite","@id":"https:\/\/www.bandi.pl\/blog\/#website","url":"https:\/\/www.bandi.pl\/blog\/","name":"Blog BANDI","description":"Czarno na bia\u0142ym o kosmetykach","publisher":{"@id":"https:\/\/www.bandi.pl\/blog\/#organization"},"potentialAction":[{"@type":"SearchAction","target":{"@type":"EntryPoint","urlTemplate":"https:\/\/www.bandi.pl\/blog\/?s={search_term_string}"},"query-input":{"@type":"PropertyValueSpecification","valueRequired":true,"valueName":"search_term_string"}}],"inLanguage":"pl-PL"},{"@type":"Organization","@id":"https:\/\/www.bandi.pl\/blog\/#organization","name":"BANDI","url":"https:\/\/www.bandi.pl\/blog\/","logo":{"@type":"ImageObject","inLanguage":"pl-PL","@id":"https:\/\/www.bandi.pl\/blog\/#\/schema\/logo\/image\/","url":"https:\/\/www.bandi.pl\/blog\/wp-content\/uploads\/2019\/06\/bandi-logo.png","contentUrl":"https:\/\/www.bandi.pl\/blog\/wp-content\/uploads\/2019\/06\/bandi-logo.png","width":264,"height":111,"caption":"BANDI"},"image":{"@id":"https:\/\/www.bandi.pl\/blog\/#\/schema\/logo\/image\/"},"sameAs":["https:\/\/web.facebook.com\/BANDIcosmetics","https:\/\/x.com\/bandi_cosmetics","https:\/\/www.instagram.com\/bandi_cosmetics\/","https:\/\/www.pinterest.com\/bandicosmetics\/","https:\/\/www.youtube.com\/user\/BandiCosmeticsPolska"]},{"@type":"Person","@id":"https:\/\/www.bandi.pl\/blog\/#\/schema\/person\/5ba05af1a18c58f1c31d4ae051ec9499","name":"Ilona Kiraga"}]}},"_links":{"self":[{"href":"https:\/\/www.bandi.pl\/blog\/wp-json\/wp\/v2\/posts\/11197","targetHints":{"allow":["GET"]}}],"collection":[{"href":"https:\/\/www.bandi.pl\/blog\/wp-json\/wp\/v2\/posts"}],"about":[{"href":"https:\/\/www.bandi.pl\/blog\/wp-json\/wp\/v2\/types\/post"}],"author":[{"embeddable":true,"href":"https:\/\/www.bandi.pl\/blog\/wp-json\/wp\/v2\/users\/13"}],"replies":[{"embeddable":true,"href":"https:\/\/www.bandi.pl\/blog\/wp-json\/wp\/v2\/comments?post=11197"}],"version-history":[{"count":9,"href":"https:\/\/www.bandi.pl\/blog\/wp-json\/wp\/v2\/posts\/11197\/revisions"}],"predecessor-version":[{"id":13634,"href":"https:\/\/www.bandi.pl\/blog\/wp-json\/wp\/v2\/posts\/11197\/revisions\/13634"}],"wp:featuredmedia":[{"embeddable":true,"href":"https:\/\/www.bandi.pl\/blog\/wp-json\/wp\/v2\/media\/11209"}],"wp:attachment":[{"href":"https:\/\/www.bandi.pl\/blog\/wp-json\/wp\/v2\/media?parent=11197"}],"wp:term":[{"taxonomy":"category","embeddable":true,"href":"https:\/\/www.bandi.pl\/blog\/wp-json\/wp\/v2\/categories?post=11197"},{"taxonomy":"post_tag","embeddable":true,"href":"https:\/\/www.bandi.pl\/blog\/wp-json\/wp\/v2\/tags?post=11197"}],"curies":[{"name":"wp","href":"https:\/\/api.w.org\/{rel}","templated":true}]}}