{"id":10587,"date":"2020-11-24T10:30:00","date_gmt":"2020-11-24T09:30:00","guid":{"rendered":"https:\/\/www.bandi.pl\/blog\/?p=10587"},"modified":"2020-11-23T13:40:08","modified_gmt":"2020-11-23T12:40:08","slug":"profesjonalne-zabiegi-kosmetyczne-na-jesien","status":"publish","type":"post","link":"https:\/\/www.bandi.pl\/blog\/profesjonalne-zabiegi-kosmetyczne-na-jesien\/","title":{"rendered":"Profesjonalne zabiegi kosmetyczne na jesie\u0144"},"content":{"rendered":"\n<p><strong>O jesiennych zabiegach kosmetycznych opowiada Sandra Biela &#8211; w\u0142a\u015bcicielka Salonu Kosmetycznego Eliksir<\/strong><\/p>\n\n\n\n<hr class=\"wp-block-separator has-text-color has-background is-style-wide\" style=\"background-color:#d86683;color:#d86683\"\/>\n\n\n\n<p><\/p>\n\n\n\n<p>Dobranie odpowiedniego zabiegu kosmetycznego do cer moich klient\u00f3w to zadanie, z kt\u00f3rym mierz\u0119 si\u0119 ka\u017cdego dnia. Dzi\u015b ju\u017c trudno m\u00f3wi\u0107 o podziale cery na t\u0142ust\u0105, mieszan\u0105 i such\u0105. Wp\u0142yw czynnik\u00f3w, zar\u00f3wno zewn\u0119trznych jak i wewn\u0119trznych, sprawi\u0142, \u017ce sk\u00f3ra moich klientek wymaga specjalistycznej, a przede wszystkim indywidualnej piel\u0119gnacji. Tak\u0105 piel\u0119gnacje mog\u0119 im zapewni\u0107 dzi\u0119ki BANDI.<\/p>\n\n\n\n<h2 class=\"wp-block-heading\">Zabiegi kosmetyczne z kwasami<\/h2>\n\n\n\n<p>Jesie\u0144 i zima to m\u00f3j ulubiony czas w gabinecie kosmetycznym. Mog\u0119 sobie wtedy pozwoli\u0107 na zabiegi kosmetyczne z u\u017cyciem kwas\u00f3w, kt\u00f3re skutecznie odnawiaj\u0105 i rewitalizuj\u0105 sk\u00f3r\u0119. <\/p>\n\n\n\n<p>Moim ulubionym produktem jest kwas cytrynowy, po\u0142\u0105czony z kwasem fitowym i ektoin\u0105. Ten preparat nak\u0142adam klientkom na twarz, szyj\u0119 i dekolt metod\u0105 tak zwan\u0105 \u201ekanapkow\u0105\u201d, czyli trzy warstwy kwasu po 2-3 minuty, gdzie pierwsz\u0105 i drug\u0105 warstw\u0119 zmywam wod\u0105, a ostatni\u0105 dopiero neutralizuj\u0119. Najcz\u0119\u015bciej u\u017cywam neutralizatora z kremie, \u017ceby zredukowa\u0107 dyskomfort zwi\u0105zany z napi\u0119ciem sk\u00f3ry po zabiegu, a tak\u017ce po to by zabieg by\u0142 pe\u0142niejszy, atrakcyjny i przyjemny. Kwas cytrynowy skuteczne rozja\u015bnia przebarwienia, roz\u015bwietla sk\u00f3r\u0119 i poprawia jej koloryt. <\/p>\n\n\n\n<p>Ca\u0142o\u015b\u0107 mojego zabiegu kosmetycznego najcz\u0119\u015bciej dope\u0142niaj\u0105 sterylizowane ampu\u0142ki rozja\u015bniaj\u0105ce, kremowa maska rozja\u015bniaj\u0105ca z witamin\u0105 C oraz algowa maska dopasowana indywidualnie do klientki. Taki zestaw sprawia, \u017ce klientki wychodz\u0105 zrelaksowane, ale r\u00f3wnie\u017c zadowolone z efektu. Ju\u017c po pierwszym zabiegu widz\u0105, \u017ce cera jest rozja\u015bniona, od\u015bwie\u017cona i uj\u0119drniona.<\/p>\n\n\n\n<figure class=\"wp-block-image size-large\"><a href=\"https:\/\/www.bandi.pl\/gdzie_kupic.php?kat=partnerskie\"><img loading=\"lazy\" decoding=\"async\" width=\"750\" height=\"500\" src=\"https:\/\/www.bandi.pl\/blog\/wp-content\/uploads\/2020\/11\/DSC02368-750x500.jpg\" alt=\"Zabiegi kosmetyczne z kwasami\" class=\"wp-image-10590\"\/><\/a><\/figure>\n\n\n\n<h2 class=\"wp-block-heading\">Profesjonalna piel\u0119gnacja domowa<\/h2>\n\n\n\n<p>A co z piel\u0119gnacj\u0105 domow\u0105 po zabiegach kosmetycznych? Oczywi\u015bcie musi by\u0107 kompleksowa! To w jaki spos\u00f3b moje klientki piel\u0119gnuj\u0105 swoj\u0105 cer\u0119 w domu jest dla mnie najwa\u017cniejsze. Etap oczyszczania jest najistotniejszy. Dlatego bardzo cz\u0119sto polecam do stosowania w domu <a href=\"https:\/\/www.bandi.pl\/sklep\/toniki\/kojaca-woda-micelarna-804\/\">Koj\u0105c\u0105 wod\u0119 micelarn\u0105<\/a> jako pierwszy etap oczyszczania oraz <a href=\"https:\/\/www.bandi.pl\/sklep\/zele\/fizjologiczny-zel-oczyszczajacy-803\/\">Fizjologiczny \u017cel oczyszczaj\u0105cy<\/a> jako drugi etap. Jesie\u0144 daje nam wi\u0119cej mo\u017cliwo\u015bci. Dlatego do codziennej piel\u0119gnacji w tym okresie w\u0142\u0105czam do stosowania na noc moim klientkom <a href=\"https:\/\/www.bandi.pl\/sklep\/toniki\/tonik-zluszczajacy-802\/\">Tonik z\u0142uszczaj\u0105cy<\/a> oraz <a href=\"https:\/\/www.bandi.pl\/sklep\/kremy\/nocna-kuracja-rewitalizujaca-795\/\">Nocn\u0105 kuracj\u0119 rewitalizuj\u0105c\u0105<\/a> z kwasem laktobionowym, migda\u0142owym i glukonolaktonem. Do stosowania na dzie\u0144 polecam dwa moje ulubione produkty. S\u0105 to: <a href=\"https:\/\/www.bandi.pl\/sklep\/toniki\/nawilzajacy-tonik-z-algami-900\/\">Nawil\u017caj\u0105cy tonik z algami<\/a>, kt\u00f3ry klientki uwielbiaj\u0105 za pi\u0119kny zapach oraz <a href=\"https:\/\/www.bandi.pl\/sklep\/emulsje\/emulsja-silnie-nawilzajaca-642\/\">Emulsj\u0119 silnie nawil\u017caj\u0105c\u0105<\/a>, kt\u00f3ra zadowoli najbardziej wymagaj\u0105c\u0105 cer\u0119. Nie zapomnijmy r\u00f3wnie\u017c o filtrach, kt\u00f3re nale\u017cy nak\u0142ada\u0107 bez wzgl\u0119du na por\u0119 roku. Tutaj idealnie sprawdza si\u0119 <a href=\"https:\/\/www.bandi.pl\/sklep\/kremy\/mineralny-krem-ochronny-spf-30-tonujacy-888\/\">Mineralny krem ochronny SPF 30 tonuj\u0105cy<\/a>, kt\u00f3ry nie bieli sk\u00f3ry i nadaje jej \u0142adny koloryt. <\/p>\n\n\n\n<p>Ja ceni\u0119 BANDI za to, \u017ce daje mi wyb\u00f3r produkt\u00f3w zabiegowych. Nie narzuca sztywnych regu\u0142 tylko pozwala na dobranie indywidualnej terapii dla ka\u017cdej cery. Moje klientki ceni\u0105 BANDI za szeroki wyb\u00f3r produkt\u00f3w, pi\u0119kne zapachy, a przede wszystkim za efekty! <\/p>\n\n\n\n<p>Zapraszam na jesienne zabiegi kosmetyczne do <a href=\"http:\/\/eliksir-bielsko.com\/\">Salonu Eliksir<\/a>.<\/p>\n\n\n\n<div class=\"wp-block-divi-layout\">[et_pb_section fb_built=&#8221;1&#8243; _builder_version=&#8221;4.4.1&#8243;][\/et_pb_section][et_pb_section fb_built=&#8221;1&#8243; _builder_version=&#8221;4.4.1&#8243; top_divider_style=&#8221;arrow&#8221; top_divider_color=&#8221;rgba(255,166,168,0.75)&#8221; top_divider_height=&#8221;1px&#8221; bottom_divider_style=&#8221;arrow&#8221; bottom_divider_color=&#8221;rgba(255,166,168,0.75)&#8221; bottom_divider_height=&#8221;1px&#8221;][et_pb_row column_structure=&#8221;1_2,1_2&#8243; _builder_version=&#8221;4.4.1&#8243; width=&#8221;100%&#8221; module_alignment=&#8221;left&#8221; custom_margin=&#8221;||||false|false&#8221;][et_pb_column type=&#8221;1_2&#8243; _builder_version=&#8221;4.4.1&#8243;][et_pb_text _builder_version=&#8221;4.4.1&#8243; text_font=&#8221;Raleway Bold||||||||&#8221; text_text_color=&#8221;rgba(255,166,168,0.75)&#8221; text_font_size=&#8221;56px&#8221; text_letter_spacing=&#8221;8px&#8221; text_line_height=&#8221;1.1em&#8221; custom_margin=&#8221;40px||||false|false&#8221; hover_enabled=&#8221;0&#8243; link_option_url=&#8221;https:\/\/www.bandi.pl\/home-expert\/&#8221;]<p style=\"text-align: center;\"><strong>HOME EXPERT<\/strong><\/p>[\/et_pb_text][et_pb_text _builder_version=&#8221;4.4.1&#8243; text_font=&#8221;Raleway Regular||||||||&#8221; text_text_color=&#8221;#b8b8b8&#8243; text_font_size=&#8221;22px&#8221; text_line_height=&#8221;1.5em&#8221; hover_enabled=&#8221;0&#8243; link_option_url=&#8221;https:\/\/www.bandi.pl\/home-expert\/&#8221;]<p style=\"text-align: center;\">Kosmetyki polecane przez profesjonalist\u00f3w<\/p>[\/et_pb_text][et_pb_button button_url=&#8221;https:\/\/www.bandi.pl\/home-expert\/&#8221; button_text=&#8221;ZOBACZ&#8221; button_alignment=&#8221;center&#8221; disabled_on=&#8221;off|off|off&#8221; _builder_version=&#8221;4.4.1&#8243; custom_button=&#8221;on&#8221; button_text_size=&#8221;20px&#8221; button_text_color=&#8221;#ffffff&#8221; button_border_radius=&#8221;25px&#8221; button_font=&#8221;Bree Serif||||||||&#8221; background_layout=&#8221;dark&#8221; custom_padding=&#8221;12px|30px|12px|30px|true|true&#8221; hover_transition_duration=&#8221;0ms&#8221; box_shadow_style=&#8221;preset3&#8243;][\/et_pb_button][\/et_pb_column][et_pb_column type=&#8221;1_2&#8243; _builder_version=&#8221;4.4.1&#8243;][et_pb_image src=&#8221;https:\/\/www.bandi.pl\/blog\/wp-content\/uploads\/2020\/11\/103078297_10158864051199009_5345403987384211861_o.jpg&#8221; align=&#8221;center&#8221; _builder_version=&#8221;4.4.1&#8243; hover_enabled=&#8221;0&#8243; url=&#8221;https:\/\/www.bandi.pl\/home-expert\/&#8221;][\/et_pb_image][\/et_pb_column][\/et_pb_row][\/et_pb_section]<\/div>\n","protected":false},"excerpt":{"rendered":"<p>O jesiennych zabiegach kosmetycznych opowiada Sandra Biela &#8211; w\u0142a\u015bcicielka Salonu Kosmetycznego Eliksir Dobranie odpowiedniego zabiegu kosmetycznego do cer moich klient\u00f3w to zadanie, z kt\u00f3rym mierz\u0119 si\u0119 ka\u017cdego dnia. Dzi\u015b ju\u017c trudno m\u00f3wi\u0107 o podziale cery na t\u0142ust\u0105, mieszan\u0105 i such\u0105. Wp\u0142yw czynnik\u00f3w, zar\u00f3wno zewn\u0119trznych jak i wewn\u0119trznych, sprawi\u0142, \u017ce sk\u00f3ra moich klientek wymaga specjalistycznej, a [&hellip;]<\/p>\n","protected":false},"author":13,"featured_media":10589,"comment_status":"open","ping_status":"closed","sticky":false,"template":"","format":"standard","meta":{"_et_pb_use_builder":"","_et_pb_old_content":"","_et_gb_content_width":"","footnotes":""},"categories":[2055,1817],"tags":[5202,95,5204,5206,3545,5205,4767,5203,5201,5043,4176,28,5200],"class_list":["post-10587","post","type-post","status-publish","format-standard","has-post-thumbnail","hentry","category-bandi","category-kategoria-pielegnacja-i-kosmetyki","tag-eksfoliacja-kwasami","tag-ektoina","tag-emulsja-silnie-nawilzajaca","tag-fizjologiczny-zel-oczyszczajacy","tag-home-expert","tag-kojaca-woda-micelarna","tag-kwas-cytrynowy","tag-kwas-fitowy","tag-salon-eliksir","tag-salon-partnerski-bandi","tag-tonik-zluszczajacy","tag-witamina-c","tag-zabiegi-kosmetyczne-na-jesien"],"yoast_head":"<!-- This site is optimized with the Yoast SEO plugin v27.1.1 - https:\/\/yoast.com\/product\/yoast-seo-wordpress\/ -->\n<title>Profesjonalne zabiegi kosmetyczne na jesie\u0144 &#187; Blog BANDI<\/title>\n<meta name=\"description\" content=\"Jakie zabiegi kosmetyczne s\u0105 szczeg\u00f3lnie korzystne dla naszej sk\u00f3ry w okresie jesieni? Podpowiada kosmetolog Sandra Biela.\" \/>\n<meta name=\"robots\" content=\"index, follow, max-snippet:-1, max-image-preview:large, max-video-preview:-1\" \/>\n<link rel=\"canonical\" href=\"https:\/\/www.bandi.pl\/blog\/profesjonalne-zabiegi-kosmetyczne-na-jesien\/\" \/>\n<meta property=\"og:locale\" content=\"pl_PL\" \/>\n<meta property=\"og:type\" content=\"article\" \/>\n<meta property=\"og:title\" content=\"Profesjonalne zabiegi kosmetyczne na jesie\u0144 &#187; Blog BANDI\" \/>\n<meta property=\"og:description\" content=\"Jakie zabiegi kosmetyczne s\u0105 szczeg\u00f3lnie korzystne dla naszej sk\u00f3ry w okresie jesieni? Podpowiada kosmetolog Sandra Biela.\" \/>\n<meta property=\"og:url\" content=\"https:\/\/www.bandi.pl\/blog\/profesjonalne-zabiegi-kosmetyczne-na-jesien\/\" \/>\n<meta property=\"og:site_name\" content=\"Blog BANDI\" \/>\n<meta property=\"article:publisher\" content=\"https:\/\/web.facebook.com\/BANDIcosmetics\" \/>\n<meta property=\"article:published_time\" content=\"2020-11-24T09:30:00+00:00\" \/>\n<meta property=\"og:image\" content=\"https:\/\/www.bandi.pl\/blog\/wp-content\/uploads\/2020\/11\/DSC02469-scaled.jpg\" \/>\n\t<meta property=\"og:image:width\" content=\"2560\" \/>\n\t<meta property=\"og:image:height\" content=\"1707\" \/>\n\t<meta property=\"og:image:type\" content=\"image\/jpeg\" \/>\n<meta name=\"author\" content=\"Ilona Kiraga\" \/>\n<meta name=\"twitter:card\" content=\"summary_large_image\" \/>\n<meta name=\"twitter:creator\" content=\"@bandi_cosmetics\" \/>\n<meta name=\"twitter:site\" content=\"@bandi_cosmetics\" \/>\n<meta name=\"twitter:label1\" content=\"Napisane przez\" \/>\n\t<meta name=\"twitter:data1\" content=\"Ilona Kiraga\" \/>\n\t<meta name=\"twitter:label2\" content=\"Szacowany czas czytania\" \/>\n\t<meta name=\"twitter:data2\" content=\"4 minuty\" \/>\n<script type=\"application\/ld+json\" class=\"yoast-schema-graph\">{\"@context\":\"https:\/\/schema.org\",\"@graph\":[{\"@type\":\"Article\",\"@id\":\"https:\/\/www.bandi.pl\/blog\/profesjonalne-zabiegi-kosmetyczne-na-jesien\/#article\",\"isPartOf\":{\"@id\":\"https:\/\/www.bandi.pl\/blog\/profesjonalne-zabiegi-kosmetyczne-na-jesien\/\"},\"author\":{\"name\":\"Ilona Kiraga\",\"@id\":\"https:\/\/www.bandi.pl\/blog\/#\/schema\/person\/5ba05af1a18c58f1c31d4ae051ec9499\"},\"headline\":\"Profesjonalne zabiegi kosmetyczne na jesie\u0144\",\"datePublished\":\"2020-11-24T09:30:00+00:00\",\"mainEntityOfPage\":{\"@id\":\"https:\/\/www.bandi.pl\/blog\/profesjonalne-zabiegi-kosmetyczne-na-jesien\/\"},\"wordCount\":765,\"commentCount\":2,\"publisher\":{\"@id\":\"https:\/\/www.bandi.pl\/blog\/#organization\"},\"image\":{\"@id\":\"https:\/\/www.bandi.pl\/blog\/profesjonalne-zabiegi-kosmetyczne-na-jesien\/#primaryimage\"},\"thumbnailUrl\":\"https:\/\/www.bandi.pl\/blog\/wp-content\/uploads\/2020\/11\/DSC02469-scaled.jpg\",\"keywords\":[\"eksfoliacja kwasami\",\"ektoina\",\"emulsja silnie nawil\u017caj\u0105ca\",\"fizjologiczny \u017cel oczyszczaj\u0105cy\",\"Home Expert\",\"koj\u0105ca woda micelarna\",\"kwas cytrynowy\",\"kwas fitowy\",\"salon Eliksir\",\"Salon Partnerski Bandi\",\"tonik z\u0142uszczaj\u0105cy\",\"witamina C\",\"zabiegi kosmetyczne na jesie\u0144\"],\"articleSection\":[\"BANDI\",\"Piel\u0119gnacja i kosmetyki\"],\"inLanguage\":\"pl-PL\",\"potentialAction\":[{\"@type\":\"CommentAction\",\"name\":\"Comment\",\"target\":[\"https:\/\/www.bandi.pl\/blog\/profesjonalne-zabiegi-kosmetyczne-na-jesien\/#respond\"]}]},{\"@type\":\"WebPage\",\"@id\":\"https:\/\/www.bandi.pl\/blog\/profesjonalne-zabiegi-kosmetyczne-na-jesien\/\",\"url\":\"https:\/\/www.bandi.pl\/blog\/profesjonalne-zabiegi-kosmetyczne-na-jesien\/\",\"name\":\"Profesjonalne zabiegi kosmetyczne na jesie\u0144 &#187; Blog BANDI\",\"isPartOf\":{\"@id\":\"https:\/\/www.bandi.pl\/blog\/#website\"},\"primaryImageOfPage\":{\"@id\":\"https:\/\/www.bandi.pl\/blog\/profesjonalne-zabiegi-kosmetyczne-na-jesien\/#primaryimage\"},\"image\":{\"@id\":\"https:\/\/www.bandi.pl\/blog\/profesjonalne-zabiegi-kosmetyczne-na-jesien\/#primaryimage\"},\"thumbnailUrl\":\"https:\/\/www.bandi.pl\/blog\/wp-content\/uploads\/2020\/11\/DSC02469-scaled.jpg\",\"datePublished\":\"2020-11-24T09:30:00+00:00\",\"description\":\"Jakie zabiegi kosmetyczne s\u0105 szczeg\u00f3lnie korzystne dla naszej sk\u00f3ry w okresie jesieni? Podpowiada kosmetolog Sandra Biela.\",\"breadcrumb\":{\"@id\":\"https:\/\/www.bandi.pl\/blog\/profesjonalne-zabiegi-kosmetyczne-na-jesien\/#breadcrumb\"},\"inLanguage\":\"pl-PL\",\"potentialAction\":[{\"@type\":\"ReadAction\",\"target\":[\"https:\/\/www.bandi.pl\/blog\/profesjonalne-zabiegi-kosmetyczne-na-jesien\/\"]}]},{\"@type\":\"ImageObject\",\"inLanguage\":\"pl-PL\",\"@id\":\"https:\/\/www.bandi.pl\/blog\/profesjonalne-zabiegi-kosmetyczne-na-jesien\/#primaryimage\",\"url\":\"https:\/\/www.bandi.pl\/blog\/wp-content\/uploads\/2020\/11\/DSC02469-scaled.jpg\",\"contentUrl\":\"https:\/\/www.bandi.pl\/blog\/wp-content\/uploads\/2020\/11\/DSC02469-scaled.jpg\",\"width\":2560,\"height\":1707,\"caption\":\"Zabiegi kosmetyczne na jesie\u0144 w salonie Eliksir\"},{\"@type\":\"BreadcrumbList\",\"@id\":\"https:\/\/www.bandi.pl\/blog\/profesjonalne-zabiegi-kosmetyczne-na-jesien\/#breadcrumb\",\"itemListElement\":[{\"@type\":\"ListItem\",\"position\":1,\"name\":\"BANDI\",\"item\":\"https:\/\/www.bandi.pl\/blog\/\"},{\"@type\":\"ListItem\",\"position\":2,\"name\":\"Profesjonalne zabiegi kosmetyczne na jesie\u0144\"}]},{\"@type\":\"WebSite\",\"@id\":\"https:\/\/www.bandi.pl\/blog\/#website\",\"url\":\"https:\/\/www.bandi.pl\/blog\/\",\"name\":\"Blog BANDI\",\"description\":\"Czarno na bia\u0142ym o kosmetykach\",\"publisher\":{\"@id\":\"https:\/\/www.bandi.pl\/blog\/#organization\"},\"potentialAction\":[{\"@type\":\"SearchAction\",\"target\":{\"@type\":\"EntryPoint\",\"urlTemplate\":\"https:\/\/www.bandi.pl\/blog\/?s={search_term_string}\"},\"query-input\":{\"@type\":\"PropertyValueSpecification\",\"valueRequired\":true,\"valueName\":\"search_term_string\"}}],\"inLanguage\":\"pl-PL\"},{\"@type\":\"Organization\",\"@id\":\"https:\/\/www.bandi.pl\/blog\/#organization\",\"name\":\"BANDI\",\"url\":\"https:\/\/www.bandi.pl\/blog\/\",\"logo\":{\"@type\":\"ImageObject\",\"inLanguage\":\"pl-PL\",\"@id\":\"https:\/\/www.bandi.pl\/blog\/#\/schema\/logo\/image\/\",\"url\":\"https:\/\/www.bandi.pl\/blog\/wp-content\/uploads\/2019\/06\/bandi-logo.png\",\"contentUrl\":\"https:\/\/www.bandi.pl\/blog\/wp-content\/uploads\/2019\/06\/bandi-logo.png\",\"width\":264,\"height\":111,\"caption\":\"BANDI\"},\"image\":{\"@id\":\"https:\/\/www.bandi.pl\/blog\/#\/schema\/logo\/image\/\"},\"sameAs\":[\"https:\/\/web.facebook.com\/BANDIcosmetics\",\"https:\/\/x.com\/bandi_cosmetics\",\"https:\/\/www.instagram.com\/bandi_cosmetics\/\",\"https:\/\/www.pinterest.com\/bandicosmetics\/\",\"https:\/\/www.youtube.com\/user\/BandiCosmeticsPolska\"]},{\"@type\":\"Person\",\"@id\":\"https:\/\/www.bandi.pl\/blog\/#\/schema\/person\/5ba05af1a18c58f1c31d4ae051ec9499\",\"name\":\"Ilona Kiraga\"}]}<\/script>\n<!-- \/ Yoast SEO plugin. -->","yoast_head_json":{"title":"Profesjonalne zabiegi kosmetyczne na jesie\u0144 &#187; Blog BANDI","description":"Jakie zabiegi kosmetyczne s\u0105 szczeg\u00f3lnie korzystne dla naszej sk\u00f3ry w okresie jesieni? Podpowiada kosmetolog Sandra Biela.","robots":{"index":"index","follow":"follow","max-snippet":"max-snippet:-1","max-image-preview":"max-image-preview:large","max-video-preview":"max-video-preview:-1"},"canonical":"https:\/\/www.bandi.pl\/blog\/profesjonalne-zabiegi-kosmetyczne-na-jesien\/","og_locale":"pl_PL","og_type":"article","og_title":"Profesjonalne zabiegi kosmetyczne na jesie\u0144 &#187; Blog BANDI","og_description":"Jakie zabiegi kosmetyczne s\u0105 szczeg\u00f3lnie korzystne dla naszej sk\u00f3ry w okresie jesieni? Podpowiada kosmetolog Sandra Biela.","og_url":"https:\/\/www.bandi.pl\/blog\/profesjonalne-zabiegi-kosmetyczne-na-jesien\/","og_site_name":"Blog BANDI","article_publisher":"https:\/\/web.facebook.com\/BANDIcosmetics","article_published_time":"2020-11-24T09:30:00+00:00","og_image":[{"width":2560,"height":1707,"url":"https:\/\/www.bandi.pl\/blog\/wp-content\/uploads\/2020\/11\/DSC02469-scaled.jpg","type":"image\/jpeg"}],"author":"Ilona Kiraga","twitter_card":"summary_large_image","twitter_creator":"@bandi_cosmetics","twitter_site":"@bandi_cosmetics","twitter_misc":{"Napisane przez":"Ilona Kiraga","Szacowany czas czytania":"4 minuty"},"schema":{"@context":"https:\/\/schema.org","@graph":[{"@type":"Article","@id":"https:\/\/www.bandi.pl\/blog\/profesjonalne-zabiegi-kosmetyczne-na-jesien\/#article","isPartOf":{"@id":"https:\/\/www.bandi.pl\/blog\/profesjonalne-zabiegi-kosmetyczne-na-jesien\/"},"author":{"name":"Ilona Kiraga","@id":"https:\/\/www.bandi.pl\/blog\/#\/schema\/person\/5ba05af1a18c58f1c31d4ae051ec9499"},"headline":"Profesjonalne zabiegi kosmetyczne na jesie\u0144","datePublished":"2020-11-24T09:30:00+00:00","mainEntityOfPage":{"@id":"https:\/\/www.bandi.pl\/blog\/profesjonalne-zabiegi-kosmetyczne-na-jesien\/"},"wordCount":765,"commentCount":2,"publisher":{"@id":"https:\/\/www.bandi.pl\/blog\/#organization"},"image":{"@id":"https:\/\/www.bandi.pl\/blog\/profesjonalne-zabiegi-kosmetyczne-na-jesien\/#primaryimage"},"thumbnailUrl":"https:\/\/www.bandi.pl\/blog\/wp-content\/uploads\/2020\/11\/DSC02469-scaled.jpg","keywords":["eksfoliacja kwasami","ektoina","emulsja silnie nawil\u017caj\u0105ca","fizjologiczny \u017cel oczyszczaj\u0105cy","Home Expert","koj\u0105ca woda micelarna","kwas cytrynowy","kwas fitowy","salon Eliksir","Salon Partnerski Bandi","tonik z\u0142uszczaj\u0105cy","witamina C","zabiegi kosmetyczne na jesie\u0144"],"articleSection":["BANDI","Piel\u0119gnacja i kosmetyki"],"inLanguage":"pl-PL","potentialAction":[{"@type":"CommentAction","name":"Comment","target":["https:\/\/www.bandi.pl\/blog\/profesjonalne-zabiegi-kosmetyczne-na-jesien\/#respond"]}]},{"@type":"WebPage","@id":"https:\/\/www.bandi.pl\/blog\/profesjonalne-zabiegi-kosmetyczne-na-jesien\/","url":"https:\/\/www.bandi.pl\/blog\/profesjonalne-zabiegi-kosmetyczne-na-jesien\/","name":"Profesjonalne zabiegi kosmetyczne na jesie\u0144 &#187; Blog BANDI","isPartOf":{"@id":"https:\/\/www.bandi.pl\/blog\/#website"},"primaryImageOfPage":{"@id":"https:\/\/www.bandi.pl\/blog\/profesjonalne-zabiegi-kosmetyczne-na-jesien\/#primaryimage"},"image":{"@id":"https:\/\/www.bandi.pl\/blog\/profesjonalne-zabiegi-kosmetyczne-na-jesien\/#primaryimage"},"thumbnailUrl":"https:\/\/www.bandi.pl\/blog\/wp-content\/uploads\/2020\/11\/DSC02469-scaled.jpg","datePublished":"2020-11-24T09:30:00+00:00","description":"Jakie zabiegi kosmetyczne s\u0105 szczeg\u00f3lnie korzystne dla naszej sk\u00f3ry w okresie jesieni? Podpowiada kosmetolog Sandra Biela.","breadcrumb":{"@id":"https:\/\/www.bandi.pl\/blog\/profesjonalne-zabiegi-kosmetyczne-na-jesien\/#breadcrumb"},"inLanguage":"pl-PL","potentialAction":[{"@type":"ReadAction","target":["https:\/\/www.bandi.pl\/blog\/profesjonalne-zabiegi-kosmetyczne-na-jesien\/"]}]},{"@type":"ImageObject","inLanguage":"pl-PL","@id":"https:\/\/www.bandi.pl\/blog\/profesjonalne-zabiegi-kosmetyczne-na-jesien\/#primaryimage","url":"https:\/\/www.bandi.pl\/blog\/wp-content\/uploads\/2020\/11\/DSC02469-scaled.jpg","contentUrl":"https:\/\/www.bandi.pl\/blog\/wp-content\/uploads\/2020\/11\/DSC02469-scaled.jpg","width":2560,"height":1707,"caption":"Zabiegi kosmetyczne na jesie\u0144 w salonie Eliksir"},{"@type":"BreadcrumbList","@id":"https:\/\/www.bandi.pl\/blog\/profesjonalne-zabiegi-kosmetyczne-na-jesien\/#breadcrumb","itemListElement":[{"@type":"ListItem","position":1,"name":"BANDI","item":"https:\/\/www.bandi.pl\/blog\/"},{"@type":"ListItem","position":2,"name":"Profesjonalne zabiegi kosmetyczne na jesie\u0144"}]},{"@type":"WebSite","@id":"https:\/\/www.bandi.pl\/blog\/#website","url":"https:\/\/www.bandi.pl\/blog\/","name":"Blog BANDI","description":"Czarno na bia\u0142ym o kosmetykach","publisher":{"@id":"https:\/\/www.bandi.pl\/blog\/#organization"},"potentialAction":[{"@type":"SearchAction","target":{"@type":"EntryPoint","urlTemplate":"https:\/\/www.bandi.pl\/blog\/?s={search_term_string}"},"query-input":{"@type":"PropertyValueSpecification","valueRequired":true,"valueName":"search_term_string"}}],"inLanguage":"pl-PL"},{"@type":"Organization","@id":"https:\/\/www.bandi.pl\/blog\/#organization","name":"BANDI","url":"https:\/\/www.bandi.pl\/blog\/","logo":{"@type":"ImageObject","inLanguage":"pl-PL","@id":"https:\/\/www.bandi.pl\/blog\/#\/schema\/logo\/image\/","url":"https:\/\/www.bandi.pl\/blog\/wp-content\/uploads\/2019\/06\/bandi-logo.png","contentUrl":"https:\/\/www.bandi.pl\/blog\/wp-content\/uploads\/2019\/06\/bandi-logo.png","width":264,"height":111,"caption":"BANDI"},"image":{"@id":"https:\/\/www.bandi.pl\/blog\/#\/schema\/logo\/image\/"},"sameAs":["https:\/\/web.facebook.com\/BANDIcosmetics","https:\/\/x.com\/bandi_cosmetics","https:\/\/www.instagram.com\/bandi_cosmetics\/","https:\/\/www.pinterest.com\/bandicosmetics\/","https:\/\/www.youtube.com\/user\/BandiCosmeticsPolska"]},{"@type":"Person","@id":"https:\/\/www.bandi.pl\/blog\/#\/schema\/person\/5ba05af1a18c58f1c31d4ae051ec9499","name":"Ilona Kiraga"}]}},"_links":{"self":[{"href":"https:\/\/www.bandi.pl\/blog\/wp-json\/wp\/v2\/posts\/10587","targetHints":{"allow":["GET"]}}],"collection":[{"href":"https:\/\/www.bandi.pl\/blog\/wp-json\/wp\/v2\/posts"}],"about":[{"href":"https:\/\/www.bandi.pl\/blog\/wp-json\/wp\/v2\/types\/post"}],"author":[{"embeddable":true,"href":"https:\/\/www.bandi.pl\/blog\/wp-json\/wp\/v2\/users\/13"}],"replies":[{"embeddable":true,"href":"https:\/\/www.bandi.pl\/blog\/wp-json\/wp\/v2\/comments?post=10587"}],"version-history":[{"count":8,"href":"https:\/\/www.bandi.pl\/blog\/wp-json\/wp\/v2\/posts\/10587\/revisions"}],"predecessor-version":[{"id":10776,"href":"https:\/\/www.bandi.pl\/blog\/wp-json\/wp\/v2\/posts\/10587\/revisions\/10776"}],"wp:featuredmedia":[{"embeddable":true,"href":"https:\/\/www.bandi.pl\/blog\/wp-json\/wp\/v2\/media\/10589"}],"wp:attachment":[{"href":"https:\/\/www.bandi.pl\/blog\/wp-json\/wp\/v2\/media?parent=10587"}],"wp:term":[{"taxonomy":"category","embeddable":true,"href":"https:\/\/www.bandi.pl\/blog\/wp-json\/wp\/v2\/categories?post=10587"},{"taxonomy":"post_tag","embeddable":true,"href":"https:\/\/www.bandi.pl\/blog\/wp-json\/wp\/v2\/tags?post=10587"}],"curies":[{"name":"wp","href":"https:\/\/api.w.org\/{rel}","templated":true}]}}