{"id":10003,"date":"2020-09-03T10:30:00","date_gmt":"2020-09-03T08:30:00","guid":{"rendered":"https:\/\/www.bandi.pl\/blog\/?p=10003"},"modified":"2022-02-11T11:46:47","modified_gmt":"2022-02-11T10:46:47","slug":"witamina-c-i-jej-formy-w-kosmetykach","status":"publish","type":"post","link":"https:\/\/www.bandi.pl\/blog\/witamina-c-i-jej-formy-w-kosmetykach\/","title":{"rendered":"Witamina C i jej formy w kosmetykach"},"content":{"rendered":"\n<p>Witamina C jest doskonale znanym sk\u0142adnikiem kosmetyk\u00f3w. Ma mn\u00f3stwo funkcji, kt\u00f3re s\u0105 bardzo wa\u017cne dla naszej sk\u00f3ry, ale nie tylko. Bierze ona udzia\u0142 w wielu procesach biochemicznych, zachodz\u0105cych w naszym organizmie, a jej niedobory mog\u0105 prowadzi\u0107 do zaburze\u0144 jego prawid\u0142owego funkcjonowania. Niestety nie jeste\u015bmy jej w stanie syntetyzowa\u0107, st\u0105d musimy j\u0105 dostarcza\u0107 z po\u017cywieniem, a w przypadku sk\u00f3ry z kosmetyk\u00f3w.<\/p>\n\n\n\n<h2 class=\"wp-block-heading\" id=\"h-witamina-c-w-kosmetykach\">Witamina C w kosmetykach<\/h2>\n\n\n\n<p>W kosmetykach witamina C dzia\u0142a wielokierunkowo:<\/p>\n\n\n\n<ul class=\"wp-block-list\"><li>wykazuje silne w\u0142a\u015bciwo\u015bci antyoksydacyjne,<\/li><li>uszczelnia naczynia krwiono\u015bne, redukuje zaczerwienienia,<\/li><li>bierze udzia\u0142 w syntezie kolagenu \u2013 wzmacnia i uj\u0119drnia nask\u00f3rek,<\/li><li>rozja\u015bnia koloryt sk\u00f3ry, hamuje nadprodukcj\u0119 melaniny, co zapobiega powstawaniu przebarwie\u0144, a rozja\u015bnia ju\u017c wyst\u0119puj\u0105ce,<\/li><li>dzia\u0142a przeciwzapalnie i przyspiesza gojenie &#8211;&nbsp; dlatego te\u017c polecana jest dla sk\u00f3ry problematycznej np. tr\u0105dzikowej,<\/li><li>redukuje skutki poparze\u0144 s\u0142onecznych, zmniejszaj\u0105c rumie\u0144 wywo\u0142any promieniowaniem UVB.<\/li><\/ul>\n\n\n\n<h2 class=\"wp-block-heading\" id=\"h-formy-witaminy-c\">Formy witaminy C<\/h2>\n\n\n\n<p>Witamina C jako surowiec kosmetyczny nie jest \u0142atwym \u201ewsp\u00f3\u0142pracownikiem\u201d. Istnieje jej kilka form&nbsp; w kosmetykach, a na wyb\u00f3r odpowiedniej wp\u0142ywa wiele czynnik\u00f3w. Ka\u017cda z nich jest w pewnym sensie inna. Wtedy gdy jedna jest stabilna w wysokich temperaturach i przy niskim pH, druga mo\u017ce mie\u0107 zupe\u0142nie inne parametry. Zdarza si\u0119 r\u00f3wnie\u017c, \u017ce pr\u00f3bki po czasie ciemniej\u0105 lub rozwarstwiaj\u0105 si\u0119. R\u00f3wnie\u017c dlatego musimy dokona\u0107 wielu pr\u00f3b na konkretnych formulacjach, aby dobra\u0107 odpowiedni\u0105 form\u0119. <\/p>\n\n\n\n<figure class=\"wp-block-image size-large\"><a href=\"https:\/\/www.bandi.pl\/sklep\/katalog\/seria\/82_c-active-care\/\"><img loading=\"lazy\" decoding=\"async\" width=\"333\" height=\"500\" src=\"https:\/\/www.bandi.pl\/blog\/wp-content\/uploads\/2020\/08\/107397050_10158970800004009_8366329592209131921_o-333x500.jpg\" alt=\"Kosmetyki z witamin\u0105 C \" class=\"wp-image-10009\"\/><\/a><\/figure>\n\n\n\n<h2 class=\"wp-block-heading\" id=\"h-okiem-technologa\">Okiem technologa<\/h2>\n\n\n\n<p>W przypadku witaminy C wa\u017cne jest opakowanie, w kt\u00f3rym znajduje si\u0119 kosmetyk. Produkt ten, powinien by\u0107 w ciemnym opakowaniu lub w takim kt\u00f3re przepuszcza jak najmniej \u015bwiat\u0142a, ze wzgl\u0119du na to, \u017ce niekt\u00f3re rodzaje witaminy C s\u0105 wra\u017cliwe na \u015bwiat\u0142o.<\/p>\n\n\n\n<p>Kolejna wa\u017cna sprawa to zakres pH. R\u00f3\u017cne formy witaminy C mog\u0105 by\u0107 aktywne w r\u00f3\u017cnych zakresach pH. Mi\u0119dzy innymi od tego parametru zale\u017cy wch\u0142anianie tego surowca, dlatego nie ka\u017cda wersja witaminy C b\u0119dzie odpowiednia dla wszystkich rodzaj\u00f3w cer. <\/p>\n\n\n\n<p>R\u00f3wnie\u017c od rodzaju witaminy C zale\u017cy jej ilo\u015b\u0107 w kosmetyku. Nie warto wi\u0119c por\u00f3wnywa\u0107 st\u0119\u017ce\u0144, poniewa\u017c pochodne mog\u0119 by\u0107 mniej lub bardziej skuteczne, ale ka\u017cda w swoim zakresie st\u0119\u017ce\u0144. Taki zakres, na podstawie szczeg\u00f3\u0142owych bada\u0144, okre\u015bla dostawca surowca. Zobowi\u0105zuje nas to do wykorzystania sk\u0142adnika w\u0142a\u015bnie w takim przedziale.<\/p>\n\n\n\n<h2 class=\"wp-block-heading\" id=\"h-kosmetyki-bandi-z-witamin-c\">Kosmetyki Bandi z witamin\u0105 C<\/h2>\n\n\n\n<p>W naszych produktach wykorzystujemy dwie czyste formy witaminy C: <\/p>\n\n\n\n<ul class=\"wp-block-list\"><li><em>Ascorbyl Tetraisopalmitate <\/em>\u2013 rozpuszczalna w olejach, dobrze wch\u0142ania si\u0119 przez nask\u00f3rek, redukuje przebarwienia, wykazuje silniejsze w\u0142a\u015bciwo\u015bci anti-aging od innych form witaminy C. Wyst\u0119puje w produktach linii <a href=\"https:\/\/www.bandi.pl\/sklep\/katalog\/seria\/82_c-active-care\/\">C-Active Care<\/a> czy <a href=\"https:\/\/www.bandi.pl\/sklep\/katalog\/seria\/64_medical-anti-aging\/\">Medical Expert<\/a>, a tak\u017ce w&nbsp; Boost Care, <a href=\"https:\/\/www.bandi.pl\/sklep\/koncentraty\/koncentrat-z-aktywna-witamina-c-701\/\">Koncentrat z aktywn\u0105 witamin\u0105 C.<\/a><\/li><li><em>Sodium Ascorbyl Phosphate<\/em> \u2013&nbsp; jest bardzo stabilna, a zarazem wysoce przyswajalna, wykazuje dzia\u0142anie antybakteryjne, dzi\u0119ki czemu polecana jest np. do piel\u0119gnacji cer tr\u0105dzikowych. <\/li><\/ul>\n\n\n\n<div class=\"wp-block-divi-layout\">[et_pb_section fb_built=&#8221;1&#8243; _builder_version=&#8221;4.4.1&#8243;][\/et_pb_section][et_pb_section fb_built=&#8221;1&#8243; _builder_version=&#8221;4.4.1&#8243; top_divider_style=&#8221;arrow&#8221; top_divider_color=&#8221;rgba(255,166,168,0.75)&#8221; top_divider_height=&#8221;1px&#8221; bottom_divider_style=&#8221;arrow&#8221; bottom_divider_color=&#8221;rgba(255,166,168,0.75)&#8221; bottom_divider_height=&#8221;1px&#8221;][et_pb_row column_structure=&#8221;1_2,1_2&#8243; _builder_version=&#8221;4.4.1&#8243; width=&#8221;100%&#8221; module_alignment=&#8221;left&#8221; custom_margin=&#8221;||||false|false&#8221;][et_pb_column type=&#8221;1_2&#8243; _builder_version=&#8221;4.4.1&#8243;][et_pb_text _builder_version=&#8221;4.4.1&#8243; text_font=&#8221;Raleway Bold||||||||&#8221; text_text_color=&#8221;rgba(255,166,168,0.75)&#8221; text_font_size=&#8221;56px&#8221; text_letter_spacing=&#8221;8px&#8221; text_line_height=&#8221;1.1em&#8221; custom_margin=&#8221;40px||||false|false&#8221; link_option_url=&#8221;https:\/\/www.bandi.pl\/sklep\/katalog\/seria\/82_c-active-care\/&#8221;]<p style=\"text-align: center;\"><strong>C-ACTIVE CARE<\/strong><\/p>\n<p style=\"text-align: center;\"><strong><\/strong><\/p>[\/et_pb_text][et_pb_text _builder_version=&#8221;4.4.1&#8243; text_font=&#8221;Raleway Regular||||||||&#8221; text_text_color=&#8221;#b8b8b8&#8243; text_font_size=&#8221;22px&#8221; text_line_height=&#8221;1.5em&#8221; link_option_url=&#8221;https:\/\/www.bandi.pl\/sklep\/katalog\/seria\/82_c-active-care\/&#8221;]<p style=\"text-align: center\">Innowacyjna i skuteczna forma witaminy C<\/p>[\/et_pb_text][et_pb_button button_url=&#8221;https:\/\/www.bandi.pl\/sklep\/katalog\/seria\/82_c-active-care\/&#8221; button_text=&#8221;ZOBACZ&#8221; button_alignment=&#8221;center&#8221; disabled_on=&#8221;off|off|off&#8221; _builder_version=&#8221;4.4.1&#8243; custom_button=&#8221;on&#8221; button_text_size=&#8221;20px&#8221; button_text_color=&#8221;#ffffff&#8221; button_border_radius=&#8221;25px&#8221; button_font=&#8221;Bree Serif||||||||&#8221; background_layout=&#8221;dark&#8221; custom_padding=&#8221;12px|30px|12px|30px|true|true&#8221; hover_transition_duration=&#8221;0ms&#8221; box_shadow_style=&#8221;preset3&#8243;][\/et_pb_button][\/et_pb_column][et_pb_column type=&#8221;1_2&#8243; _builder_version=&#8221;4.4.1&#8243;][et_pb_image src=&#8221;https:\/\/www.bandi.pl\/blog\/wp-content\/uploads\/2020\/08\/97111438_10158766599199009_5303097464419516416_o.jpg&#8221; url=&#8221;https:\/\/www.bandi.pl\/sklep\/katalog\/seria\/82_c-active-care\/&#8221; align=&#8221;center&#8221; _builder_version=&#8221;4.4.1&#8243;][\/et_pb_image][\/et_pb_column][\/et_pb_row][\/et_pb_section]<\/div>\n","protected":false},"excerpt":{"rendered":"<p>Witamina C jest doskonale znanym sk\u0142adnikiem kosmetyk\u00f3w. Ma mn\u00f3stwo funkcji, kt\u00f3re s\u0105 bardzo wa\u017cne dla naszej sk\u00f3ry, ale nie tylko. Bierze ona udzia\u0142 w wielu procesach biochemicznych, zachodz\u0105cych w naszym organizmie, a jej niedobory mog\u0105 prowadzi\u0107 do zaburze\u0144 jego prawid\u0142owego funkcjonowania. Niestety nie jeste\u015bmy jej w stanie syntetyzowa\u0107, st\u0105d musimy j\u0105 dostarcza\u0107 z po\u017cywieniem, a [&hellip;]<\/p>\n","protected":false},"author":13,"featured_media":10005,"comment_status":"open","ping_status":"closed","sticky":false,"template":"","format":"standard","meta":{"_et_pb_use_builder":"","_et_pb_old_content":"","_et_gb_content_width":"","footnotes":""},"categories":[2054,1771],"tags":[113,4783,4527,4207,27,4208,28,4781,114],"class_list":["post-10003","post","type-post","status-publish","format-standard","has-post-thumbnail","hentry","category-martyna-sudowska","category-kategoria-surowce-i-szczypta-chemii","tag-anti-aging","tag-boost-care","tag-c-active-care","tag-krem-z-witamina-c","tag-przebarwienia","tag-serum-z-witamina-c","tag-witamina-c","tag-witamina-c-w-kosmetykach","tag-zmarszczki"],"yoast_head":"<!-- This site is optimized with the Yoast SEO plugin v27.1.1 - https:\/\/yoast.com\/product\/yoast-seo-wordpress\/ -->\n<title>Witamina C i jej formy w kosmetykach &#187; Blog BANDI<\/title>\n<meta name=\"description\" content=\"Co trzeba wiedzie\u0107 przed wyborem kremu z witamin\u0105 C? Czy tylko st\u0119\u017cenie decyduje o jej skuteczno\u015bci? Wyja\u015bnia technolog z laboratorium Bandi.\" \/>\n<meta name=\"robots\" content=\"index, follow, max-snippet:-1, max-image-preview:large, max-video-preview:-1\" \/>\n<link rel=\"canonical\" href=\"https:\/\/www.bandi.pl\/blog\/witamina-c-i-jej-formy-w-kosmetykach\/\" \/>\n<meta property=\"og:locale\" content=\"pl_PL\" \/>\n<meta property=\"og:type\" content=\"article\" \/>\n<meta property=\"og:title\" content=\"Witamina C i jej formy w kosmetykach &#187; Blog BANDI\" \/>\n<meta property=\"og:description\" content=\"Co trzeba wiedzie\u0107 przed wyborem kremu z witamin\u0105 C? Czy tylko st\u0119\u017cenie decyduje o jej skuteczno\u015bci? Wyja\u015bnia technolog z laboratorium Bandi.\" \/>\n<meta property=\"og:url\" content=\"https:\/\/www.bandi.pl\/blog\/witamina-c-i-jej-formy-w-kosmetykach\/\" \/>\n<meta property=\"og:site_name\" content=\"Blog BANDI\" \/>\n<meta property=\"article:publisher\" content=\"https:\/\/web.facebook.com\/BANDIcosmetics\" \/>\n<meta property=\"article:published_time\" content=\"2020-09-03T08:30:00+00:00\" \/>\n<meta property=\"article:modified_time\" content=\"2022-02-11T10:46:47+00:00\" \/>\n<meta property=\"og:image\" content=\"https:\/\/www.bandi.pl\/blog\/wp-content\/uploads\/2020\/08\/1193-scaled.jpg\" \/>\n\t<meta property=\"og:image:width\" content=\"2560\" \/>\n\t<meta property=\"og:image:height\" content=\"1709\" \/>\n\t<meta property=\"og:image:type\" content=\"image\/jpeg\" \/>\n<meta name=\"author\" content=\"Ilona Kiraga\" \/>\n<meta name=\"twitter:card\" content=\"summary_large_image\" \/>\n<meta name=\"twitter:creator\" content=\"@bandi_cosmetics\" \/>\n<meta name=\"twitter:site\" content=\"@bandi_cosmetics\" \/>\n<meta name=\"twitter:label1\" content=\"Napisane przez\" \/>\n\t<meta name=\"twitter:data1\" content=\"Ilona Kiraga\" \/>\n\t<meta name=\"twitter:label2\" content=\"Szacowany czas czytania\" \/>\n\t<meta name=\"twitter:data2\" content=\"3 minuty\" \/>\n<script type=\"application\/ld+json\" class=\"yoast-schema-graph\">{\"@context\":\"https:\/\/schema.org\",\"@graph\":[{\"@type\":\"Article\",\"@id\":\"https:\/\/www.bandi.pl\/blog\/witamina-c-i-jej-formy-w-kosmetykach\/#article\",\"isPartOf\":{\"@id\":\"https:\/\/www.bandi.pl\/blog\/witamina-c-i-jej-formy-w-kosmetykach\/\"},\"author\":{\"name\":\"Ilona Kiraga\",\"@id\":\"https:\/\/www.bandi.pl\/blog\/#\/schema\/person\/5ba05af1a18c58f1c31d4ae051ec9499\"},\"headline\":\"Witamina C i jej formy w kosmetykach\",\"datePublished\":\"2020-09-03T08:30:00+00:00\",\"dateModified\":\"2022-02-11T10:46:47+00:00\",\"mainEntityOfPage\":{\"@id\":\"https:\/\/www.bandi.pl\/blog\/witamina-c-i-jej-formy-w-kosmetykach\/\"},\"wordCount\":764,\"commentCount\":0,\"publisher\":{\"@id\":\"https:\/\/www.bandi.pl\/blog\/#organization\"},\"image\":{\"@id\":\"https:\/\/www.bandi.pl\/blog\/witamina-c-i-jej-formy-w-kosmetykach\/#primaryimage\"},\"thumbnailUrl\":\"https:\/\/www.bandi.pl\/blog\/wp-content\/uploads\/2020\/08\/1193-scaled.jpg\",\"keywords\":[\"anti-aging\",\"boost care\",\"c-active care\",\"krem z witamin\u0105 C\",\"przebarwienia\",\"serum z witamin\u0105 C\",\"witamina C\",\"witamina c w kosmetykach\",\"zmarszczki\"],\"articleSection\":[\"Martyna Sudowska\",\"Surowce i szczypta chemii\"],\"inLanguage\":\"pl-PL\",\"potentialAction\":[{\"@type\":\"CommentAction\",\"name\":\"Comment\",\"target\":[\"https:\/\/www.bandi.pl\/blog\/witamina-c-i-jej-formy-w-kosmetykach\/#respond\"]}]},{\"@type\":\"WebPage\",\"@id\":\"https:\/\/www.bandi.pl\/blog\/witamina-c-i-jej-formy-w-kosmetykach\/\",\"url\":\"https:\/\/www.bandi.pl\/blog\/witamina-c-i-jej-formy-w-kosmetykach\/\",\"name\":\"Witamina C i jej formy w kosmetykach &#187; Blog BANDI\",\"isPartOf\":{\"@id\":\"https:\/\/www.bandi.pl\/blog\/#website\"},\"primaryImageOfPage\":{\"@id\":\"https:\/\/www.bandi.pl\/blog\/witamina-c-i-jej-formy-w-kosmetykach\/#primaryimage\"},\"image\":{\"@id\":\"https:\/\/www.bandi.pl\/blog\/witamina-c-i-jej-formy-w-kosmetykach\/#primaryimage\"},\"thumbnailUrl\":\"https:\/\/www.bandi.pl\/blog\/wp-content\/uploads\/2020\/08\/1193-scaled.jpg\",\"datePublished\":\"2020-09-03T08:30:00+00:00\",\"dateModified\":\"2022-02-11T10:46:47+00:00\",\"description\":\"Co trzeba wiedzie\u0107 przed wyborem kremu z witamin\u0105 C? Czy tylko st\u0119\u017cenie decyduje o jej skuteczno\u015bci? Wyja\u015bnia technolog z laboratorium Bandi.\",\"breadcrumb\":{\"@id\":\"https:\/\/www.bandi.pl\/blog\/witamina-c-i-jej-formy-w-kosmetykach\/#breadcrumb\"},\"inLanguage\":\"pl-PL\",\"potentialAction\":[{\"@type\":\"ReadAction\",\"target\":[\"https:\/\/www.bandi.pl\/blog\/witamina-c-i-jej-formy-w-kosmetykach\/\"]}]},{\"@type\":\"ImageObject\",\"inLanguage\":\"pl-PL\",\"@id\":\"https:\/\/www.bandi.pl\/blog\/witamina-c-i-jej-formy-w-kosmetykach\/#primaryimage\",\"url\":\"https:\/\/www.bandi.pl\/blog\/wp-content\/uploads\/2020\/08\/1193-scaled.jpg\",\"contentUrl\":\"https:\/\/www.bandi.pl\/blog\/wp-content\/uploads\/2020\/08\/1193-scaled.jpg\",\"width\":2560,\"height\":1709,\"caption\":\"Bank of white moisturizing thick cream for face and body on a background of oranges. Natural vitamin C product for anti-age effect.\"},{\"@type\":\"BreadcrumbList\",\"@id\":\"https:\/\/www.bandi.pl\/blog\/witamina-c-i-jej-formy-w-kosmetykach\/#breadcrumb\",\"itemListElement\":[{\"@type\":\"ListItem\",\"position\":1,\"name\":\"BANDI\",\"item\":\"https:\/\/www.bandi.pl\/blog\/\"},{\"@type\":\"ListItem\",\"position\":2,\"name\":\"Witamina C i jej formy w kosmetykach\"}]},{\"@type\":\"WebSite\",\"@id\":\"https:\/\/www.bandi.pl\/blog\/#website\",\"url\":\"https:\/\/www.bandi.pl\/blog\/\",\"name\":\"Blog BANDI\",\"description\":\"Czarno na bia\u0142ym o kosmetykach\",\"publisher\":{\"@id\":\"https:\/\/www.bandi.pl\/blog\/#organization\"},\"potentialAction\":[{\"@type\":\"SearchAction\",\"target\":{\"@type\":\"EntryPoint\",\"urlTemplate\":\"https:\/\/www.bandi.pl\/blog\/?s={search_term_string}\"},\"query-input\":{\"@type\":\"PropertyValueSpecification\",\"valueRequired\":true,\"valueName\":\"search_term_string\"}}],\"inLanguage\":\"pl-PL\"},{\"@type\":\"Organization\",\"@id\":\"https:\/\/www.bandi.pl\/blog\/#organization\",\"name\":\"BANDI\",\"url\":\"https:\/\/www.bandi.pl\/blog\/\",\"logo\":{\"@type\":\"ImageObject\",\"inLanguage\":\"pl-PL\",\"@id\":\"https:\/\/www.bandi.pl\/blog\/#\/schema\/logo\/image\/\",\"url\":\"https:\/\/www.bandi.pl\/blog\/wp-content\/uploads\/2019\/06\/bandi-logo.png\",\"contentUrl\":\"https:\/\/www.bandi.pl\/blog\/wp-content\/uploads\/2019\/06\/bandi-logo.png\",\"width\":264,\"height\":111,\"caption\":\"BANDI\"},\"image\":{\"@id\":\"https:\/\/www.bandi.pl\/blog\/#\/schema\/logo\/image\/\"},\"sameAs\":[\"https:\/\/web.facebook.com\/BANDIcosmetics\",\"https:\/\/x.com\/bandi_cosmetics\",\"https:\/\/www.instagram.com\/bandi_cosmetics\/\",\"https:\/\/www.pinterest.com\/bandicosmetics\/\",\"https:\/\/www.youtube.com\/user\/BandiCosmeticsPolska\"]},{\"@type\":\"Person\",\"@id\":\"https:\/\/www.bandi.pl\/blog\/#\/schema\/person\/5ba05af1a18c58f1c31d4ae051ec9499\",\"name\":\"Ilona Kiraga\"}]}<\/script>\n<!-- \/ Yoast SEO plugin. -->","yoast_head_json":{"title":"Witamina C i jej formy w kosmetykach &#187; Blog BANDI","description":"Co trzeba wiedzie\u0107 przed wyborem kremu z witamin\u0105 C? Czy tylko st\u0119\u017cenie decyduje o jej skuteczno\u015bci? Wyja\u015bnia technolog z laboratorium Bandi.","robots":{"index":"index","follow":"follow","max-snippet":"max-snippet:-1","max-image-preview":"max-image-preview:large","max-video-preview":"max-video-preview:-1"},"canonical":"https:\/\/www.bandi.pl\/blog\/witamina-c-i-jej-formy-w-kosmetykach\/","og_locale":"pl_PL","og_type":"article","og_title":"Witamina C i jej formy w kosmetykach &#187; Blog BANDI","og_description":"Co trzeba wiedzie\u0107 przed wyborem kremu z witamin\u0105 C? Czy tylko st\u0119\u017cenie decyduje o jej skuteczno\u015bci? Wyja\u015bnia technolog z laboratorium Bandi.","og_url":"https:\/\/www.bandi.pl\/blog\/witamina-c-i-jej-formy-w-kosmetykach\/","og_site_name":"Blog BANDI","article_publisher":"https:\/\/web.facebook.com\/BANDIcosmetics","article_published_time":"2020-09-03T08:30:00+00:00","article_modified_time":"2022-02-11T10:46:47+00:00","og_image":[{"width":2560,"height":1709,"url":"https:\/\/www.bandi.pl\/blog\/wp-content\/uploads\/2020\/08\/1193-scaled.jpg","type":"image\/jpeg"}],"author":"Ilona Kiraga","twitter_card":"summary_large_image","twitter_creator":"@bandi_cosmetics","twitter_site":"@bandi_cosmetics","twitter_misc":{"Napisane przez":"Ilona Kiraga","Szacowany czas czytania":"3 minuty"},"schema":{"@context":"https:\/\/schema.org","@graph":[{"@type":"Article","@id":"https:\/\/www.bandi.pl\/blog\/witamina-c-i-jej-formy-w-kosmetykach\/#article","isPartOf":{"@id":"https:\/\/www.bandi.pl\/blog\/witamina-c-i-jej-formy-w-kosmetykach\/"},"author":{"name":"Ilona Kiraga","@id":"https:\/\/www.bandi.pl\/blog\/#\/schema\/person\/5ba05af1a18c58f1c31d4ae051ec9499"},"headline":"Witamina C i jej formy w kosmetykach","datePublished":"2020-09-03T08:30:00+00:00","dateModified":"2022-02-11T10:46:47+00:00","mainEntityOfPage":{"@id":"https:\/\/www.bandi.pl\/blog\/witamina-c-i-jej-formy-w-kosmetykach\/"},"wordCount":764,"commentCount":0,"publisher":{"@id":"https:\/\/www.bandi.pl\/blog\/#organization"},"image":{"@id":"https:\/\/www.bandi.pl\/blog\/witamina-c-i-jej-formy-w-kosmetykach\/#primaryimage"},"thumbnailUrl":"https:\/\/www.bandi.pl\/blog\/wp-content\/uploads\/2020\/08\/1193-scaled.jpg","keywords":["anti-aging","boost care","c-active care","krem z witamin\u0105 C","przebarwienia","serum z witamin\u0105 C","witamina C","witamina c w kosmetykach","zmarszczki"],"articleSection":["Martyna Sudowska","Surowce i szczypta chemii"],"inLanguage":"pl-PL","potentialAction":[{"@type":"CommentAction","name":"Comment","target":["https:\/\/www.bandi.pl\/blog\/witamina-c-i-jej-formy-w-kosmetykach\/#respond"]}]},{"@type":"WebPage","@id":"https:\/\/www.bandi.pl\/blog\/witamina-c-i-jej-formy-w-kosmetykach\/","url":"https:\/\/www.bandi.pl\/blog\/witamina-c-i-jej-formy-w-kosmetykach\/","name":"Witamina C i jej formy w kosmetykach &#187; Blog BANDI","isPartOf":{"@id":"https:\/\/www.bandi.pl\/blog\/#website"},"primaryImageOfPage":{"@id":"https:\/\/www.bandi.pl\/blog\/witamina-c-i-jej-formy-w-kosmetykach\/#primaryimage"},"image":{"@id":"https:\/\/www.bandi.pl\/blog\/witamina-c-i-jej-formy-w-kosmetykach\/#primaryimage"},"thumbnailUrl":"https:\/\/www.bandi.pl\/blog\/wp-content\/uploads\/2020\/08\/1193-scaled.jpg","datePublished":"2020-09-03T08:30:00+00:00","dateModified":"2022-02-11T10:46:47+00:00","description":"Co trzeba wiedzie\u0107 przed wyborem kremu z witamin\u0105 C? Czy tylko st\u0119\u017cenie decyduje o jej skuteczno\u015bci? Wyja\u015bnia technolog z laboratorium Bandi.","breadcrumb":{"@id":"https:\/\/www.bandi.pl\/blog\/witamina-c-i-jej-formy-w-kosmetykach\/#breadcrumb"},"inLanguage":"pl-PL","potentialAction":[{"@type":"ReadAction","target":["https:\/\/www.bandi.pl\/blog\/witamina-c-i-jej-formy-w-kosmetykach\/"]}]},{"@type":"ImageObject","inLanguage":"pl-PL","@id":"https:\/\/www.bandi.pl\/blog\/witamina-c-i-jej-formy-w-kosmetykach\/#primaryimage","url":"https:\/\/www.bandi.pl\/blog\/wp-content\/uploads\/2020\/08\/1193-scaled.jpg","contentUrl":"https:\/\/www.bandi.pl\/blog\/wp-content\/uploads\/2020\/08\/1193-scaled.jpg","width":2560,"height":1709,"caption":"Bank of white moisturizing thick cream for face and body on a background of oranges. Natural vitamin C product for anti-age effect."},{"@type":"BreadcrumbList","@id":"https:\/\/www.bandi.pl\/blog\/witamina-c-i-jej-formy-w-kosmetykach\/#breadcrumb","itemListElement":[{"@type":"ListItem","position":1,"name":"BANDI","item":"https:\/\/www.bandi.pl\/blog\/"},{"@type":"ListItem","position":2,"name":"Witamina C i jej formy w kosmetykach"}]},{"@type":"WebSite","@id":"https:\/\/www.bandi.pl\/blog\/#website","url":"https:\/\/www.bandi.pl\/blog\/","name":"Blog BANDI","description":"Czarno na bia\u0142ym o kosmetykach","publisher":{"@id":"https:\/\/www.bandi.pl\/blog\/#organization"},"potentialAction":[{"@type":"SearchAction","target":{"@type":"EntryPoint","urlTemplate":"https:\/\/www.bandi.pl\/blog\/?s={search_term_string}"},"query-input":{"@type":"PropertyValueSpecification","valueRequired":true,"valueName":"search_term_string"}}],"inLanguage":"pl-PL"},{"@type":"Organization","@id":"https:\/\/www.bandi.pl\/blog\/#organization","name":"BANDI","url":"https:\/\/www.bandi.pl\/blog\/","logo":{"@type":"ImageObject","inLanguage":"pl-PL","@id":"https:\/\/www.bandi.pl\/blog\/#\/schema\/logo\/image\/","url":"https:\/\/www.bandi.pl\/blog\/wp-content\/uploads\/2019\/06\/bandi-logo.png","contentUrl":"https:\/\/www.bandi.pl\/blog\/wp-content\/uploads\/2019\/06\/bandi-logo.png","width":264,"height":111,"caption":"BANDI"},"image":{"@id":"https:\/\/www.bandi.pl\/blog\/#\/schema\/logo\/image\/"},"sameAs":["https:\/\/web.facebook.com\/BANDIcosmetics","https:\/\/x.com\/bandi_cosmetics","https:\/\/www.instagram.com\/bandi_cosmetics\/","https:\/\/www.pinterest.com\/bandicosmetics\/","https:\/\/www.youtube.com\/user\/BandiCosmeticsPolska"]},{"@type":"Person","@id":"https:\/\/www.bandi.pl\/blog\/#\/schema\/person\/5ba05af1a18c58f1c31d4ae051ec9499","name":"Ilona Kiraga"}]}},"_links":{"self":[{"href":"https:\/\/www.bandi.pl\/blog\/wp-json\/wp\/v2\/posts\/10003","targetHints":{"allow":["GET"]}}],"collection":[{"href":"https:\/\/www.bandi.pl\/blog\/wp-json\/wp\/v2\/posts"}],"about":[{"href":"https:\/\/www.bandi.pl\/blog\/wp-json\/wp\/v2\/types\/post"}],"author":[{"embeddable":true,"href":"https:\/\/www.bandi.pl\/blog\/wp-json\/wp\/v2\/users\/13"}],"replies":[{"embeddable":true,"href":"https:\/\/www.bandi.pl\/blog\/wp-json\/wp\/v2\/comments?post=10003"}],"version-history":[{"count":4,"href":"https:\/\/www.bandi.pl\/blog\/wp-json\/wp\/v2\/posts\/10003\/revisions"}],"predecessor-version":[{"id":13662,"href":"https:\/\/www.bandi.pl\/blog\/wp-json\/wp\/v2\/posts\/10003\/revisions\/13662"}],"wp:featuredmedia":[{"embeddable":true,"href":"https:\/\/www.bandi.pl\/blog\/wp-json\/wp\/v2\/media\/10005"}],"wp:attachment":[{"href":"https:\/\/www.bandi.pl\/blog\/wp-json\/wp\/v2\/media?parent=10003"}],"wp:term":[{"taxonomy":"category","embeddable":true,"href":"https:\/\/www.bandi.pl\/blog\/wp-json\/wp\/v2\/categories?post=10003"},{"taxonomy":"post_tag","embeddable":true,"href":"https:\/\/www.bandi.pl\/blog\/wp-json\/wp\/v2\/tags?post=10003"}],"curies":[{"name":"wp","href":"https:\/\/api.w.org\/{rel}","templated":true}]}}